{"id":1553,"date":"2022-09-25T18:20:02","date_gmt":"2022-09-25T21:20:02","guid":{"rendered":"https:\/\/brasilnoticias.org\/site\/?p=1553"},"modified":"2022-09-25T14:38:39","modified_gmt":"2022-09-25T17:38:39","slug":"governo-da-bahia-divulga-lista-de-professores-que-vao-receber-pagamento-de-precatorio-do-fundef-ate-final-de-setembro","status":"publish","type":"post","link":"https:\/\/brasilnoticias.org\/site\/governo-da-bahia-divulga-lista-de-professores-que-vao-receber-pagamento-de-precatorio-do-fundef-ate-final-de-setembro\/","title":{"rendered":"Governo da Bahia divulga lista de professores que v\u00e3o receber pagamento de precat\u00f3rio do Fundef at\u00e9 final de setembro"},"content":{"rendered":"<p>O Governo da Bahia publicou neste domingo (25), em edi\u00e7\u00e3o especial do Di\u00e1rio Oficial do Estado (DOE), uma lista com os nomes dos professores aptos a receberem o pagamento do precat\u00f3rio judicial do Fundo de Desenvolvimento da Educa\u00e7\u00e3o Fundamental (Fundef).\u00a0[VEJA LISTA AQUI].<\/p>\n<p>Conforme o documento, em at\u00e9 seis dias \u00fateis, profissionais do magist\u00e9rio v\u00e3o receber 90% do valor total a que t\u00eam direito. Os valores correspondentes aos 10% restantes ser\u00e3o pagos em at\u00e9 90 dias. A lista traz a rela\u00e7\u00e3o dos servidores ativos e inativos que j\u00e1 integram a folha de pagamento do Estado, e a rela\u00e7\u00e3o dos que est\u00e3o habilitados a receber os valores do precat\u00f3rio, mas que n\u00e3o integram a folha.<\/p>\n<p>Na publica\u00e7\u00e3o, h\u00e1 indica\u00e7\u00e3o do per\u00edodo de efetivo exerc\u00edcio de cada profissional, expresso em meses, e dos per\u00edodos em que esteve submetido \u00e0s jornadas de 20 ou 40 horas semanais. Informa\u00e7\u00f5es complementares podem ser acessadas atrav\u00e9s do\u00a0Portal do Servidor.<\/p>\n<p>Os que n\u00e3o est\u00e3o na folha de pagamento devem realizar, no prazo de 30 dias a partir da publica\u00e7\u00e3o da lista no Di\u00e1rio,\u00a0atendimento na Rede SAC, na capital ou no interior, para fazer o recadastramento e apresentar dados pessoais e banc\u00e1rios, a fim de viabilizar o recebimento do cr\u00e9dito. Os documentos exigidos s\u00e3o: identifica\u00e7\u00e3o com foto, comprovante de endere\u00e7o e comprovante de conta banc\u00e1ria de titularidade do requerente.<\/p>\n<p>No mesmo per\u00edodo, tamb\u00e9m \u00e9 poss\u00edvel encaminhar requerimentos para altera\u00e7\u00e3o da jornada de trabalho ou do per\u00edodo de efetivo exerc\u00edcio indicados na lista publicada.<\/p>\n<p>Para quem est\u00e1 com pend\u00eancias no recebimento do valor,, \u00e9 necess\u00e1ria apresenta\u00e7\u00e3o dos seguintes documento: identifica\u00e7\u00e3o com foto; comprovante de endere\u00e7o, comprovante de conta banc\u00e1ria de titularidade do requerente; contrato ou contracheque que comprovem o v\u00ednculo declarado, contendo a jornada de trabalho e o per\u00edodo de efetivo exerc\u00edcio.<\/p>\n<p>Logo ap\u00f3s o t\u00e9rmino do prazo de apresenta\u00e7\u00e3o dos requerimentos, ser\u00e1 realizado, no prazo de at\u00e9 60 dias, o julgamento deles. Em seguida, uma lista atualizada com o resultado dos julgamentos ser\u00e1 publicada no Di\u00e1rio Oficial, assim como ser\u00e1 efetuado o pagamento do valor residual do precat\u00f3rio (10% restantes), que corresponde a poss\u00edveis ajustes em fun\u00e7\u00e3o de eventual altera\u00e7\u00e3o na base de rateio ou de equ\u00edvoco identificado na antecipa\u00e7\u00e3o do pagamento.<\/p>\n<p>Os herdeiros dos profissionais do Magist\u00e9rio identificados na lista de benefici\u00e1rios do abono dever\u00e3o requerer, nas unidades do SAC, o recebimento do abono, mediante apresenta\u00e7\u00e3o dos seguintes documentos: identifica\u00e7\u00e3o com foto do (s) herdeiro (s), comprovante de endere\u00e7o do (s) herdeiro (s), certid\u00e3o de \u00f3bito do servidor, c\u00f3pia dos documentos pessoais do servidor falecido, alvar\u00e1 judicial, autorizando o levantamento parcial ou integral do valor, comprovante de conta banc\u00e1ria de titularidade do (s) herdeiro (s) autorizados.<\/p>\n<p>Quem tem direito<\/p>\n<p>De acordo com a\u00a0lei estadual sancionada na quarta-feira (21), os educadores v\u00e3o receber 80% do montante ressarcido pela Uni\u00e3o ao Estado da Bahia referente ao Fundef.<\/p>\n<p>A verba ser\u00e1 distribu\u00edda de acordo com o per\u00edodo de efetivo exerc\u00edcio de cada profissional do magist\u00e9rio da educa\u00e7\u00e3o b\u00e1sica habilitado a receber, expresso em meses, com identifica\u00e7\u00e3o dos per\u00edodos em que esteve submetido \u00e0s jornadas de 20 e\/ou 40 horas semanais.<\/p>\n<p>T\u00eam direito de receber os precat\u00f3rios:<\/p>\n<p>Professores, coordenadores pedag\u00f3gicos, diretores, vice-diretores e secret\u00e1rios escolares que ocuparam cargo p\u00fablico ou estavam em emprego p\u00fablico, em efetivo exerc\u00edcio na educa\u00e7\u00e3o b\u00e1sica da rede p\u00fablica de ensino do Estado, no per\u00edodo de janeiro de 1998 a dezembro de 2006.<br \/>\nTamb\u00e9m ser\u00e3o contemplados aqueles que ocupavam cargos comissionados do quadro do Magist\u00e9rio e professores contratados pelo Regime Especial de Direito Administrativo (Reda), que atuavam na educa\u00e7\u00e3o b\u00e1sica p\u00fablica, no mesmo per\u00edodo (janeiro de 1998 a dezembro de 2006).<br \/>\nEst\u00e3o inclu\u00eddos servidores que est\u00e3o na ativa, inativos, al\u00e9m de herdeiros daqueles profissionais da educa\u00e7\u00e3o b\u00e1sica que se enquadram nos mesmos crit\u00e9rios.<\/p>\n<p>G1<\/p>\n<p>Foto\u00a0 Divulga\u00e7\u00e3o<\/p>\n<p>\u00a0<\/p>\n","protected":false},"excerpt":{"rendered":"<p>O Governo da Bahia publicou neste domingo (25), em edi\u00e7\u00e3o especial do Di\u00e1rio Oficial do Estado (DOE), uma lista com<\/p>\n","protected":false},"author":1,"featured_media":1554,"comment_status":"open","ping_status":"open","sticky":false,"template":"","format":"standard","meta":{"colormag_page_container_layout":"default_layout","colormag_page_sidebar_layout":"default_layout","_FSMCFIC_featured_image_caption":"","_FSMCFIC_featured_image_nocaption":"","_FSMCFIC_featured_image_hide":"","footnotes":""},"categories":[5,1],"tags":[],"class_list":["post-1553","post","type-post","status-publish","format-standard","has-post-thumbnail","hentry","category-politica","category-ultimas"],"yoast_head":"<!-- This site is optimized with the Yoast SEO plugin v27.1.1 - https:\/\/yoast.com\/product\/yoast-seo-wordpress\/ -->\n<title>Governo da Bahia divulga lista de professores que v\u00e3o receber pagamento de precat\u00f3rio do Fundef at\u00e9 final de setembro - Brasil not\u00edcias<\/title>\n<meta name=\"robots\" content=\"index, follow, max-snippet:-1, max-image-preview:large, max-video-preview:-1\" \/>\n<link rel=\"canonical\" href=\"https:\/\/brasilnoticias.org\/site\/governo-da-bahia-divulga-lista-de-professores-que-vao-receber-pagamento-de-precatorio-do-fundef-ate-final-de-setembro\/\" \/>\n<meta property=\"og:locale\" content=\"pt_PT\" \/>\n<meta property=\"og:type\" content=\"article\" \/>\n<meta property=\"og:title\" content=\"Governo da Bahia divulga lista de professores que v\u00e3o receber pagamento de precat\u00f3rio do Fundef at\u00e9 final de setembro - Brasil not\u00edcias\" \/>\n<meta property=\"og:description\" content=\"O Governo da Bahia publicou neste domingo (25), em edi\u00e7\u00e3o especial do Di\u00e1rio Oficial do Estado (DOE), uma lista com\" \/>\n<meta property=\"og:url\" content=\"https:\/\/brasilnoticias.org\/site\/governo-da-bahia-divulga-lista-de-professores-que-vao-receber-pagamento-de-precatorio-do-fundef-ate-final-de-setembro\/\" \/>\n<meta property=\"og:site_name\" content=\"Brasil not\u00edcias\" \/>\n<meta property=\"article:published_time\" content=\"2022-09-25T21:20:02+00:00\" \/>\n<meta property=\"og:image\" content=\"https:\/\/brasilnoticias.org\/site\/wp-content\/uploads\/2022\/09\/aplb.jpg\" \/>\n\t<meta property=\"og:image:width\" content=\"640\" \/>\n\t<meta property=\"og:image:height\" content=\"351\" \/>\n\t<meta property=\"og:image:type\" content=\"image\/jpeg\" \/>\n<meta name=\"author\" content=\"Reda\u00e7\u00e3o\" \/>\n<meta name=\"twitter:card\" content=\"summary_large_image\" \/>\n<meta name=\"twitter:label1\" content=\"Escrito por\" \/>\n\t<meta name=\"twitter:data1\" content=\"Reda\u00e7\u00e3o\" \/>\n\t<meta name=\"twitter:label2\" content=\"Tempo estimado de leitura\" \/>\n\t<meta name=\"twitter:data2\" content=\"4 minutos\" \/>\n<script type=\"application\/ld+json\" class=\"yoast-schema-graph\">{\"@context\":\"https:\/\/schema.org\",\"@graph\":[{\"@type\":\"Article\",\"@id\":\"https:\/\/brasilnoticias.org\/site\/governo-da-bahia-divulga-lista-de-professores-que-vao-receber-pagamento-de-precatorio-do-fundef-ate-final-de-setembro\/#article\",\"isPartOf\":{\"@id\":\"https:\/\/brasilnoticias.org\/site\/governo-da-bahia-divulga-lista-de-professores-que-vao-receber-pagamento-de-precatorio-do-fundef-ate-final-de-setembro\/\"},\"author\":{\"name\":\"Reda\u00e7\u00e3o\",\"@id\":\"https:\/\/brasilnoticias.org\/site\/#\/schema\/person\/a0e05b973ec4d15c658d51911e53507b\"},\"headline\":\"Governo da Bahia divulga lista de professores que v\u00e3o receber pagamento de precat\u00f3rio do Fundef at\u00e9 final de setembro\",\"datePublished\":\"2022-09-25T21:20:02+00:00\",\"mainEntityOfPage\":{\"@id\":\"https:\/\/brasilnoticias.org\/site\/governo-da-bahia-divulga-lista-de-professores-que-vao-receber-pagamento-de-precatorio-do-fundef-ate-final-de-setembro\/\"},\"wordCount\":725,\"commentCount\":0,\"publisher\":{\"@id\":\"https:\/\/brasilnoticias.org\/site\/#organization\"},\"image\":{\"@id\":\"https:\/\/brasilnoticias.org\/site\/governo-da-bahia-divulga-lista-de-professores-que-vao-receber-pagamento-de-precatorio-do-fundef-ate-final-de-setembro\/#primaryimage\"},\"thumbnailUrl\":\"https:\/\/brasilnoticias.org\/site\/wp-content\/uploads\/2022\/09\/aplb.jpg\",\"articleSection\":[\"Pol\u00edtica\",\"\u00daltimas\"],\"inLanguage\":\"pt-PT\",\"potentialAction\":[{\"@type\":\"CommentAction\",\"name\":\"Comment\",\"target\":[\"https:\/\/brasilnoticias.org\/site\/governo-da-bahia-divulga-lista-de-professores-que-vao-receber-pagamento-de-precatorio-do-fundef-ate-final-de-setembro\/#respond\"]}]},{\"@type\":\"WebPage\",\"@id\":\"https:\/\/brasilnoticias.org\/site\/governo-da-bahia-divulga-lista-de-professores-que-vao-receber-pagamento-de-precatorio-do-fundef-ate-final-de-setembro\/\",\"url\":\"https:\/\/brasilnoticias.org\/site\/governo-da-bahia-divulga-lista-de-professores-que-vao-receber-pagamento-de-precatorio-do-fundef-ate-final-de-setembro\/\",\"name\":\"Governo da Bahia divulga lista de professores que v\u00e3o receber pagamento de precat\u00f3rio do Fundef at\u00e9 final de setembro - Brasil not\u00edcias\",\"isPartOf\":{\"@id\":\"https:\/\/brasilnoticias.org\/site\/#website\"},\"primaryImageOfPage\":{\"@id\":\"https:\/\/brasilnoticias.org\/site\/governo-da-bahia-divulga-lista-de-professores-que-vao-receber-pagamento-de-precatorio-do-fundef-ate-final-de-setembro\/#primaryimage\"},\"image\":{\"@id\":\"https:\/\/brasilnoticias.org\/site\/governo-da-bahia-divulga-lista-de-professores-que-vao-receber-pagamento-de-precatorio-do-fundef-ate-final-de-setembro\/#primaryimage\"},\"thumbnailUrl\":\"https:\/\/brasilnoticias.org\/site\/wp-content\/uploads\/2022\/09\/aplb.jpg\",\"datePublished\":\"2022-09-25T21:20:02+00:00\",\"breadcrumb\":{\"@id\":\"https:\/\/brasilnoticias.org\/site\/governo-da-bahia-divulga-lista-de-professores-que-vao-receber-pagamento-de-precatorio-do-fundef-ate-final-de-setembro\/#breadcrumb\"},\"inLanguage\":\"pt-PT\",\"potentialAction\":[{\"@type\":\"ReadAction\",\"target\":[\"https:\/\/brasilnoticias.org\/site\/governo-da-bahia-divulga-lista-de-professores-que-vao-receber-pagamento-de-precatorio-do-fundef-ate-final-de-setembro\/\"]}]},{\"@type\":\"ImageObject\",\"inLanguage\":\"pt-PT\",\"@id\":\"https:\/\/brasilnoticias.org\/site\/governo-da-bahia-divulga-lista-de-professores-que-vao-receber-pagamento-de-precatorio-do-fundef-ate-final-de-setembro\/#primaryimage\",\"url\":\"https:\/\/brasilnoticias.org\/site\/wp-content\/uploads\/2022\/09\/aplb.jpg\",\"contentUrl\":\"https:\/\/brasilnoticias.org\/site\/wp-content\/uploads\/2022\/09\/aplb.jpg\",\"width\":640,\"height\":351},{\"@type\":\"BreadcrumbList\",\"@id\":\"https:\/\/brasilnoticias.org\/site\/governo-da-bahia-divulga-lista-de-professores-que-vao-receber-pagamento-de-precatorio-do-fundef-ate-final-de-setembro\/#breadcrumb\",\"itemListElement\":[{\"@type\":\"ListItem\",\"position\":1,\"name\":\"In\u00edcio\",\"item\":\"https:\/\/brasilnoticias.org\/site\/\"},{\"@type\":\"ListItem\",\"position\":2,\"name\":\"Governo da Bahia divulga lista de professores que v\u00e3o receber pagamento de precat\u00f3rio do Fundef at\u00e9 final de setembro\"}]},{\"@type\":\"WebSite\",\"@id\":\"https:\/\/brasilnoticias.org\/site\/#website\",\"url\":\"https:\/\/brasilnoticias.org\/site\/\",\"name\":\"Brasil not\u00edcias\",\"description\":\"Brasil not\u00edcias\",\"publisher\":{\"@id\":\"https:\/\/brasilnoticias.org\/site\/#organization\"},\"potentialAction\":[{\"@type\":\"SearchAction\",\"target\":{\"@type\":\"EntryPoint\",\"urlTemplate\":\"https:\/\/brasilnoticias.org\/site\/?s={search_term_string}\"},\"query-input\":{\"@type\":\"PropertyValueSpecification\",\"valueRequired\":true,\"valueName\":\"search_term_string\"}}],\"inLanguage\":\"pt-PT\"},{\"@type\":\"Organization\",\"@id\":\"https:\/\/brasilnoticias.org\/site\/#organization\",\"name\":\"Brasil not\u00edcias\",\"url\":\"https:\/\/brasilnoticias.org\/site\/\",\"logo\":{\"@type\":\"ImageObject\",\"inLanguage\":\"pt-PT\",\"@id\":\"https:\/\/brasilnoticias.org\/site\/#\/schema\/logo\/image\/\",\"url\":\"https:\/\/brasilnoticias.org\/site\/wp-content\/uploads\/2022\/05\/cropped-brasilnoticias-mini.jpg\",\"contentUrl\":\"https:\/\/brasilnoticias.org\/site\/wp-content\/uploads\/2022\/05\/cropped-brasilnoticias-mini.jpg\",\"width\":314,\"height\":86,\"caption\":\"Brasil not\u00edcias\"},\"image\":{\"@id\":\"https:\/\/brasilnoticias.org\/site\/#\/schema\/logo\/image\/\"}},{\"@type\":\"Person\",\"@id\":\"https:\/\/brasilnoticias.org\/site\/#\/schema\/person\/a0e05b973ec4d15c658d51911e53507b\",\"name\":\"Reda\u00e7\u00e3o\",\"image\":{\"@type\":\"ImageObject\",\"inLanguage\":\"pt-PT\",\"@id\":\"https:\/\/brasilnoticias.org\/site\/#\/schema\/person\/image\/\",\"url\":\"https:\/\/secure.gravatar.com\/avatar\/75d8b050df2de108b08ae78dfb8e374892df24a383c67db9c46a9c604f6aee9c?s=96&d=mm&r=g\",\"contentUrl\":\"https:\/\/secure.gravatar.com\/avatar\/75d8b050df2de108b08ae78dfb8e374892df24a383c67db9c46a9c604f6aee9c?s=96&d=mm&r=g\",\"caption\":\"Reda\u00e7\u00e3o\"},\"sameAs\":[\"https:\/\/brasilnoticias.org\/site\"],\"url\":\"https:\/\/brasilnoticias.org\/site\/author\/fernandozsngmail-com\/\"}]}<\/script>\n<!-- \/ Yoast SEO plugin. -->","yoast_head_json":{"title":"Governo da Bahia divulga lista de professores que v\u00e3o receber pagamento de precat\u00f3rio do Fundef at\u00e9 final de setembro - Brasil not\u00edcias","robots":{"index":"index","follow":"follow","max-snippet":"max-snippet:-1","max-image-preview":"max-image-preview:large","max-video-preview":"max-video-preview:-1"},"canonical":"https:\/\/brasilnoticias.org\/site\/governo-da-bahia-divulga-lista-de-professores-que-vao-receber-pagamento-de-precatorio-do-fundef-ate-final-de-setembro\/","og_locale":"pt_PT","og_type":"article","og_title":"Governo da Bahia divulga lista de professores que v\u00e3o receber pagamento de precat\u00f3rio do Fundef at\u00e9 final de setembro - Brasil not\u00edcias","og_description":"O Governo da Bahia publicou neste domingo (25), em edi\u00e7\u00e3o especial do Di\u00e1rio Oficial do Estado (DOE), uma lista com","og_url":"https:\/\/brasilnoticias.org\/site\/governo-da-bahia-divulga-lista-de-professores-que-vao-receber-pagamento-de-precatorio-do-fundef-ate-final-de-setembro\/","og_site_name":"Brasil not\u00edcias","article_published_time":"2022-09-25T21:20:02+00:00","og_image":[{"width":640,"height":351,"url":"https:\/\/brasilnoticias.org\/site\/wp-content\/uploads\/2022\/09\/aplb.jpg","type":"image\/jpeg"}],"author":"Reda\u00e7\u00e3o","twitter_card":"summary_large_image","twitter_misc":{"Escrito por":"Reda\u00e7\u00e3o","Tempo estimado de leitura":"4 minutos"},"schema":{"@context":"https:\/\/schema.org","@graph":[{"@type":"Article","@id":"https:\/\/brasilnoticias.org\/site\/governo-da-bahia-divulga-lista-de-professores-que-vao-receber-pagamento-de-precatorio-do-fundef-ate-final-de-setembro\/#article","isPartOf":{"@id":"https:\/\/brasilnoticias.org\/site\/governo-da-bahia-divulga-lista-de-professores-que-vao-receber-pagamento-de-precatorio-do-fundef-ate-final-de-setembro\/"},"author":{"name":"Reda\u00e7\u00e3o","@id":"https:\/\/brasilnoticias.org\/site\/#\/schema\/person\/a0e05b973ec4d15c658d51911e53507b"},"headline":"Governo da Bahia divulga lista de professores que v\u00e3o receber pagamento de precat\u00f3rio do Fundef at\u00e9 final de setembro","datePublished":"2022-09-25T21:20:02+00:00","mainEntityOfPage":{"@id":"https:\/\/brasilnoticias.org\/site\/governo-da-bahia-divulga-lista-de-professores-que-vao-receber-pagamento-de-precatorio-do-fundef-ate-final-de-setembro\/"},"wordCount":725,"commentCount":0,"publisher":{"@id":"https:\/\/brasilnoticias.org\/site\/#organization"},"image":{"@id":"https:\/\/brasilnoticias.org\/site\/governo-da-bahia-divulga-lista-de-professores-que-vao-receber-pagamento-de-precatorio-do-fundef-ate-final-de-setembro\/#primaryimage"},"thumbnailUrl":"https:\/\/brasilnoticias.org\/site\/wp-content\/uploads\/2022\/09\/aplb.jpg","articleSection":["Pol\u00edtica","\u00daltimas"],"inLanguage":"pt-PT","potentialAction":[{"@type":"CommentAction","name":"Comment","target":["https:\/\/brasilnoticias.org\/site\/governo-da-bahia-divulga-lista-de-professores-que-vao-receber-pagamento-de-precatorio-do-fundef-ate-final-de-setembro\/#respond"]}]},{"@type":"WebPage","@id":"https:\/\/brasilnoticias.org\/site\/governo-da-bahia-divulga-lista-de-professores-que-vao-receber-pagamento-de-precatorio-do-fundef-ate-final-de-setembro\/","url":"https:\/\/brasilnoticias.org\/site\/governo-da-bahia-divulga-lista-de-professores-que-vao-receber-pagamento-de-precatorio-do-fundef-ate-final-de-setembro\/","name":"Governo da Bahia divulga lista de professores que v\u00e3o receber pagamento de precat\u00f3rio do Fundef at\u00e9 final de setembro - Brasil not\u00edcias","isPartOf":{"@id":"https:\/\/brasilnoticias.org\/site\/#website"},"primaryImageOfPage":{"@id":"https:\/\/brasilnoticias.org\/site\/governo-da-bahia-divulga-lista-de-professores-que-vao-receber-pagamento-de-precatorio-do-fundef-ate-final-de-setembro\/#primaryimage"},"image":{"@id":"https:\/\/brasilnoticias.org\/site\/governo-da-bahia-divulga-lista-de-professores-que-vao-receber-pagamento-de-precatorio-do-fundef-ate-final-de-setembro\/#primaryimage"},"thumbnailUrl":"https:\/\/brasilnoticias.org\/site\/wp-content\/uploads\/2022\/09\/aplb.jpg","datePublished":"2022-09-25T21:20:02+00:00","breadcrumb":{"@id":"https:\/\/brasilnoticias.org\/site\/governo-da-bahia-divulga-lista-de-professores-que-vao-receber-pagamento-de-precatorio-do-fundef-ate-final-de-setembro\/#breadcrumb"},"inLanguage":"pt-PT","potentialAction":[{"@type":"ReadAction","target":["https:\/\/brasilnoticias.org\/site\/governo-da-bahia-divulga-lista-de-professores-que-vao-receber-pagamento-de-precatorio-do-fundef-ate-final-de-setembro\/"]}]},{"@type":"ImageObject","inLanguage":"pt-PT","@id":"https:\/\/brasilnoticias.org\/site\/governo-da-bahia-divulga-lista-de-professores-que-vao-receber-pagamento-de-precatorio-do-fundef-ate-final-de-setembro\/#primaryimage","url":"https:\/\/brasilnoticias.org\/site\/wp-content\/uploads\/2022\/09\/aplb.jpg","contentUrl":"https:\/\/brasilnoticias.org\/site\/wp-content\/uploads\/2022\/09\/aplb.jpg","width":640,"height":351},{"@type":"BreadcrumbList","@id":"https:\/\/brasilnoticias.org\/site\/governo-da-bahia-divulga-lista-de-professores-que-vao-receber-pagamento-de-precatorio-do-fundef-ate-final-de-setembro\/#breadcrumb","itemListElement":[{"@type":"ListItem","position":1,"name":"In\u00edcio","item":"https:\/\/brasilnoticias.org\/site\/"},{"@type":"ListItem","position":2,"name":"Governo da Bahia divulga lista de professores que v\u00e3o receber pagamento de precat\u00f3rio do Fundef at\u00e9 final de setembro"}]},{"@type":"WebSite","@id":"https:\/\/brasilnoticias.org\/site\/#website","url":"https:\/\/brasilnoticias.org\/site\/","name":"Brasil not\u00edcias","description":"Brasil not\u00edcias","publisher":{"@id":"https:\/\/brasilnoticias.org\/site\/#organization"},"potentialAction":[{"@type":"SearchAction","target":{"@type":"EntryPoint","urlTemplate":"https:\/\/brasilnoticias.org\/site\/?s={search_term_string}"},"query-input":{"@type":"PropertyValueSpecification","valueRequired":true,"valueName":"search_term_string"}}],"inLanguage":"pt-PT"},{"@type":"Organization","@id":"https:\/\/brasilnoticias.org\/site\/#organization","name":"Brasil not\u00edcias","url":"https:\/\/brasilnoticias.org\/site\/","logo":{"@type":"ImageObject","inLanguage":"pt-PT","@id":"https:\/\/brasilnoticias.org\/site\/#\/schema\/logo\/image\/","url":"https:\/\/brasilnoticias.org\/site\/wp-content\/uploads\/2022\/05\/cropped-brasilnoticias-mini.jpg","contentUrl":"https:\/\/brasilnoticias.org\/site\/wp-content\/uploads\/2022\/05\/cropped-brasilnoticias-mini.jpg","width":314,"height":86,"caption":"Brasil not\u00edcias"},"image":{"@id":"https:\/\/brasilnoticias.org\/site\/#\/schema\/logo\/image\/"}},{"@type":"Person","@id":"https:\/\/brasilnoticias.org\/site\/#\/schema\/person\/a0e05b973ec4d15c658d51911e53507b","name":"Reda\u00e7\u00e3o","image":{"@type":"ImageObject","inLanguage":"pt-PT","@id":"https:\/\/brasilnoticias.org\/site\/#\/schema\/person\/image\/","url":"https:\/\/secure.gravatar.com\/avatar\/75d8b050df2de108b08ae78dfb8e374892df24a383c67db9c46a9c604f6aee9c?s=96&d=mm&r=g","contentUrl":"https:\/\/secure.gravatar.com\/avatar\/75d8b050df2de108b08ae78dfb8e374892df24a383c67db9c46a9c604f6aee9c?s=96&d=mm&r=g","caption":"Reda\u00e7\u00e3o"},"sameAs":["https:\/\/brasilnoticias.org\/site"],"url":"https:\/\/brasilnoticias.org\/site\/author\/fernandozsngmail-com\/"}]}},"_links":{"self":[{"href":"https:\/\/brasilnoticias.org\/site\/wp-json\/wp\/v2\/posts\/1553","targetHints":{"allow":["GET"]}}],"collection":[{"href":"https:\/\/brasilnoticias.org\/site\/wp-json\/wp\/v2\/posts"}],"about":[{"href":"https:\/\/brasilnoticias.org\/site\/wp-json\/wp\/v2\/types\/post"}],"author":[{"embeddable":true,"href":"https:\/\/brasilnoticias.org\/site\/wp-json\/wp\/v2\/users\/1"}],"replies":[{"embeddable":true,"href":"https:\/\/brasilnoticias.org\/site\/wp-json\/wp\/v2\/comments?post=1553"}],"version-history":[{"count":1,"href":"https:\/\/brasilnoticias.org\/site\/wp-json\/wp\/v2\/posts\/1553\/revisions"}],"predecessor-version":[{"id":1555,"href":"https:\/\/brasilnoticias.org\/site\/wp-json\/wp\/v2\/posts\/1553\/revisions\/1555"}],"wp:featuredmedia":[{"embeddable":true,"href":"https:\/\/brasilnoticias.org\/site\/wp-json\/wp\/v2\/media\/1554"}],"wp:attachment":[{"href":"https:\/\/brasilnoticias.org\/site\/wp-json\/wp\/v2\/media?parent=1553"}],"wp:term":[{"taxonomy":"category","embeddable":true,"href":"https:\/\/brasilnoticias.org\/site\/wp-json\/wp\/v2\/categories?post=1553"},{"taxonomy":"post_tag","embeddable":true,"href":"https:\/\/brasilnoticias.org\/site\/wp-json\/wp\/v2\/tags?post=1553"}],"curies":[{"name":"wp","href":"https:\/\/api.w.org\/{rel}","templated":true}]}}