{"id":15536,"date":"2024-08-16T18:33:56","date_gmt":"2024-08-16T21:33:56","guid":{"rendered":"https:\/\/brasilnoticias.org\/site\/?p=15536"},"modified":"2024-08-16T18:33:56","modified_gmt":"2024-08-16T21:33:56","slug":"parceria-inedita-programa-bnews-agora-estreia-na-programacao-da-radio-cbn-salvador","status":"publish","type":"post","link":"https:\/\/brasilnoticias.org\/site\/parceria-inedita-programa-bnews-agora-estreia-na-programacao-da-radio-cbn-salvador\/","title":{"rendered":"Parceria in\u00e9dita: Programa BNews Agora estreia na programa\u00e7\u00e3o da r\u00e1dio CBN Salvador"},"content":{"rendered":"<p>Fruto de uma parceria in\u00e9dita do BNews, o portal que mais cresce na Bahia e l\u00edder absoluto em audi\u00eancia, com a r\u00e1dio CBN Salvador, integrante do Grupo Globo, estrear\u00e1 na pr\u00f3xima segunda-feira (19), na programa\u00e7\u00e3o da emissora, o BNews Agora, a mais nova companhia de todo meio de tarde dos ouvintes baianos. <\/p>\n<p>Inscreva-se no canal do BNews no WhatsApp<\/p>\n<p>Com destaque para o jornalismo \u00e1gil, entrevistas exclusivas, pol\u00edtica, economia, presta\u00e7\u00e3o de servi\u00e7os, boletins do tr\u00e2nsito, entretenimento e esporte, o programa ir\u00e1 ao ar de segunda \u00e0 sexta-feira, das 15h \u00e0s 16h.<\/p>\n<p>Guto Alves, s\u00f3cio-diretor do Grupo A4, respons\u00e1vel pelo site BNews, comemorou e ressaltou a import\u00e2ncia da parceria.<\/p>\n<p>\u201cA uni\u00e3o entre um site e um programa de r\u00e1dio pode criar uma sinergia poderosa que beneficia muito a audi\u00eancia, os cidad\u00e3os. As formas de comunica\u00e7\u00e3o est\u00e3o em constante evolu\u00e7\u00e3o, as pessoas est\u00e3o consumindo cada vez mais informa\u00e7\u00e3o, not\u00edcias, no meio da rotina, muitas vezes sem conseguir parar para fazer apenas isso. Ent\u00e3o essa parceria de duas marcas jornal\u00edsticas s\u00e9rias, respeitadas, com credibilidade, essa integra\u00e7\u00e3o de duas estruturas robustas,  com certeza ir\u00e1 ampliar o alcance das informa\u00e7\u00f5es. S\u00e3o dois grupos experientes \u00e0 servi\u00e7o da popula\u00e7\u00e3o e da not\u00edcia&#8221;, disse.<br \/>\nAndr\u00e9 Sp\u00ednola, diretor da r\u00e1dio CBN Salvador, destacou a import\u00e2ncia da chegada do BNews Agora \u00e0 CBN:<\/p>\n<p>\u201cO programa BNews Agora, aqui na CBN, de segunda \u00e0 sexta-feira, \u00e0s 3 da tarde, \u00e9 de extrema import\u00e2ncia para fortalecer a comunica\u00e7\u00e3o no nosso estado. Eu n\u00e3o tenho d\u00favidas de que o jornalismo de qualidade do BNews, da reda\u00e7\u00e3o do BNews, com o jornalismo de qualidade da CBN, trar\u00e3o frutos important\u00edssimos para o nosso p\u00fablico ouvinte e para o leitor do portal BNews\u201d, ressaltou Andr\u00e9.<br \/>\nO apresentador Lucas Pacheco garante que o programa ser\u00e1 repleto de conte\u00fado, mas com uma linguagem leve, estabelecendo uma rela\u00e7\u00e3o direta com o ouvinte.<\/p>\n<p>\u201cO BNews Agora na CBN Salvador \u00e9 a melhor op\u00e7\u00e3o para quem quer se informar com credibilidade e leveza. Ser\u00e1 um programa completo, rico em informa\u00e7\u00e3o, an\u00e1lises, debates, coment\u00e1rios, mas com uma linguagem simples. Uma conversa franca e leve com ouvinte durante aquela pausa para o caf\u00e9, para o respiro no meio da tarde ou no decorrer da rotina mesmo\u201d, afirma Lucas.<\/p>\n<p>Foto: Arte \/ Bnews<\/p>\n","protected":false},"excerpt":{"rendered":"<p>Fruto de uma parceria in\u00e9dita do BNews, o portal que mais cresce na Bahia e l\u00edder absoluto em audi\u00eancia, com<\/p>\n","protected":false},"author":4,"featured_media":15537,"comment_status":"open","ping_status":"open","sticky":false,"template":"","format":"standard","meta":{"colormag_page_container_layout":"default_layout","colormag_page_sidebar_layout":"default_layout","_FSMCFIC_featured_image_caption":"","_FSMCFIC_featured_image_nocaption":"","_FSMCFIC_featured_image_hide":"","footnotes":""},"categories":[2,1],"tags":[],"class_list":["post-15536","post","type-post","status-publish","format-standard","has-post-thumbnail","hentry","category-noticias","category-ultimas"],"yoast_head":"<!-- This site is optimized with the Yoast SEO plugin v27.1.1 - https:\/\/yoast.com\/product\/yoast-seo-wordpress\/ -->\n<title>Parceria in\u00e9dita: Programa BNews Agora estreia na programa\u00e7\u00e3o da r\u00e1dio CBN Salvador - Brasil not\u00edcias<\/title>\n<meta name=\"robots\" content=\"index, follow, max-snippet:-1, max-image-preview:large, max-video-preview:-1\" \/>\n<link rel=\"canonical\" href=\"https:\/\/brasilnoticias.org\/site\/parceria-inedita-programa-bnews-agora-estreia-na-programacao-da-radio-cbn-salvador\/\" \/>\n<meta property=\"og:locale\" content=\"pt_PT\" \/>\n<meta property=\"og:type\" content=\"article\" \/>\n<meta property=\"og:title\" content=\"Parceria in\u00e9dita: Programa BNews Agora estreia na programa\u00e7\u00e3o da r\u00e1dio CBN Salvador - Brasil not\u00edcias\" \/>\n<meta property=\"og:description\" content=\"Fruto de uma parceria in\u00e9dita do BNews, o portal que mais cresce na Bahia e l\u00edder absoluto em audi\u00eancia, com\" \/>\n<meta property=\"og:url\" content=\"https:\/\/brasilnoticias.org\/site\/parceria-inedita-programa-bnews-agora-estreia-na-programacao-da-radio-cbn-salvador\/\" \/>\n<meta property=\"og:site_name\" content=\"Brasil not\u00edcias\" \/>\n<meta property=\"article:published_time\" content=\"2024-08-16T21:33:56+00:00\" \/>\n<meta property=\"og:image\" content=\"https:\/\/brasilnoticias.org\/site\/wp-content\/uploads\/2024\/08\/bnews_agora_radio_widelg.jpg\" \/>\n\t<meta property=\"og:image:width\" content=\"800\" \/>\n\t<meta property=\"og:image:height\" content=\"450\" \/>\n\t<meta property=\"og:image:type\" content=\"image\/jpeg\" \/>\n<meta name=\"author\" content=\"Reda\u00e7\u00e3o\" \/>\n<meta name=\"twitter:card\" content=\"summary_large_image\" \/>\n<meta name=\"twitter:label1\" content=\"Escrito por\" \/>\n\t<meta name=\"twitter:data1\" content=\"Reda\u00e7\u00e3o\" \/>\n\t<meta name=\"twitter:label2\" content=\"Tempo estimado de leitura\" \/>\n\t<meta name=\"twitter:data2\" content=\"1 minuto\" \/>\n<script type=\"application\/ld+json\" class=\"yoast-schema-graph\">{\"@context\":\"https:\/\/schema.org\",\"@graph\":[{\"@type\":\"Article\",\"@id\":\"https:\/\/brasilnoticias.org\/site\/parceria-inedita-programa-bnews-agora-estreia-na-programacao-da-radio-cbn-salvador\/#article\",\"isPartOf\":{\"@id\":\"https:\/\/brasilnoticias.org\/site\/parceria-inedita-programa-bnews-agora-estreia-na-programacao-da-radio-cbn-salvador\/\"},\"author\":{\"name\":\"Reda\u00e7\u00e3o\",\"@id\":\"https:\/\/brasilnoticias.org\/site\/#\/schema\/person\/03bbbfe6c7634ad18c26444ea39049fa\"},\"headline\":\"Parceria in\u00e9dita: Programa BNews Agora estreia na programa\u00e7\u00e3o da r\u00e1dio CBN Salvador\",\"datePublished\":\"2024-08-16T21:33:56+00:00\",\"mainEntityOfPage\":{\"@id\":\"https:\/\/brasilnoticias.org\/site\/parceria-inedita-programa-bnews-agora-estreia-na-programacao-da-radio-cbn-salvador\/\"},\"wordCount\":425,\"commentCount\":0,\"publisher\":{\"@id\":\"https:\/\/brasilnoticias.org\/site\/#organization\"},\"image\":{\"@id\":\"https:\/\/brasilnoticias.org\/site\/parceria-inedita-programa-bnews-agora-estreia-na-programacao-da-radio-cbn-salvador\/#primaryimage\"},\"thumbnailUrl\":\"https:\/\/brasilnoticias.org\/site\/wp-content\/uploads\/2024\/08\/bnews_agora_radio_widelg.jpg\",\"articleSection\":[\"Not\u00edcias\",\"\u00daltimas\"],\"inLanguage\":\"pt-PT\",\"potentialAction\":[{\"@type\":\"CommentAction\",\"name\":\"Comment\",\"target\":[\"https:\/\/brasilnoticias.org\/site\/parceria-inedita-programa-bnews-agora-estreia-na-programacao-da-radio-cbn-salvador\/#respond\"]}]},{\"@type\":\"WebPage\",\"@id\":\"https:\/\/brasilnoticias.org\/site\/parceria-inedita-programa-bnews-agora-estreia-na-programacao-da-radio-cbn-salvador\/\",\"url\":\"https:\/\/brasilnoticias.org\/site\/parceria-inedita-programa-bnews-agora-estreia-na-programacao-da-radio-cbn-salvador\/\",\"name\":\"Parceria in\u00e9dita: Programa BNews Agora estreia na programa\u00e7\u00e3o da r\u00e1dio CBN Salvador - Brasil not\u00edcias\",\"isPartOf\":{\"@id\":\"https:\/\/brasilnoticias.org\/site\/#website\"},\"primaryImageOfPage\":{\"@id\":\"https:\/\/brasilnoticias.org\/site\/parceria-inedita-programa-bnews-agora-estreia-na-programacao-da-radio-cbn-salvador\/#primaryimage\"},\"image\":{\"@id\":\"https:\/\/brasilnoticias.org\/site\/parceria-inedita-programa-bnews-agora-estreia-na-programacao-da-radio-cbn-salvador\/#primaryimage\"},\"thumbnailUrl\":\"https:\/\/brasilnoticias.org\/site\/wp-content\/uploads\/2024\/08\/bnews_agora_radio_widelg.jpg\",\"datePublished\":\"2024-08-16T21:33:56+00:00\",\"breadcrumb\":{\"@id\":\"https:\/\/brasilnoticias.org\/site\/parceria-inedita-programa-bnews-agora-estreia-na-programacao-da-radio-cbn-salvador\/#breadcrumb\"},\"inLanguage\":\"pt-PT\",\"potentialAction\":[{\"@type\":\"ReadAction\",\"target\":[\"https:\/\/brasilnoticias.org\/site\/parceria-inedita-programa-bnews-agora-estreia-na-programacao-da-radio-cbn-salvador\/\"]}]},{\"@type\":\"ImageObject\",\"inLanguage\":\"pt-PT\",\"@id\":\"https:\/\/brasilnoticias.org\/site\/parceria-inedita-programa-bnews-agora-estreia-na-programacao-da-radio-cbn-salvador\/#primaryimage\",\"url\":\"https:\/\/brasilnoticias.org\/site\/wp-content\/uploads\/2024\/08\/bnews_agora_radio_widelg.jpg\",\"contentUrl\":\"https:\/\/brasilnoticias.org\/site\/wp-content\/uploads\/2024\/08\/bnews_agora_radio_widelg.jpg\",\"width\":800,\"height\":450},{\"@type\":\"BreadcrumbList\",\"@id\":\"https:\/\/brasilnoticias.org\/site\/parceria-inedita-programa-bnews-agora-estreia-na-programacao-da-radio-cbn-salvador\/#breadcrumb\",\"itemListElement\":[{\"@type\":\"ListItem\",\"position\":1,\"name\":\"In\u00edcio\",\"item\":\"https:\/\/brasilnoticias.org\/site\/\"},{\"@type\":\"ListItem\",\"position\":2,\"name\":\"Parceria in\u00e9dita: Programa BNews Agora estreia na programa\u00e7\u00e3o da r\u00e1dio CBN Salvador\"}]},{\"@type\":\"WebSite\",\"@id\":\"https:\/\/brasilnoticias.org\/site\/#website\",\"url\":\"https:\/\/brasilnoticias.org\/site\/\",\"name\":\"Brasil not\u00edcias\",\"description\":\"Brasil not\u00edcias\",\"publisher\":{\"@id\":\"https:\/\/brasilnoticias.org\/site\/#organization\"},\"potentialAction\":[{\"@type\":\"SearchAction\",\"target\":{\"@type\":\"EntryPoint\",\"urlTemplate\":\"https:\/\/brasilnoticias.org\/site\/?s={search_term_string}\"},\"query-input\":{\"@type\":\"PropertyValueSpecification\",\"valueRequired\":true,\"valueName\":\"search_term_string\"}}],\"inLanguage\":\"pt-PT\"},{\"@type\":\"Organization\",\"@id\":\"https:\/\/brasilnoticias.org\/site\/#organization\",\"name\":\"Brasil not\u00edcias\",\"url\":\"https:\/\/brasilnoticias.org\/site\/\",\"logo\":{\"@type\":\"ImageObject\",\"inLanguage\":\"pt-PT\",\"@id\":\"https:\/\/brasilnoticias.org\/site\/#\/schema\/logo\/image\/\",\"url\":\"https:\/\/brasilnoticias.org\/site\/wp-content\/uploads\/2022\/05\/cropped-brasilnoticias-mini.jpg\",\"contentUrl\":\"https:\/\/brasilnoticias.org\/site\/wp-content\/uploads\/2022\/05\/cropped-brasilnoticias-mini.jpg\",\"width\":314,\"height\":86,\"caption\":\"Brasil not\u00edcias\"},\"image\":{\"@id\":\"https:\/\/brasilnoticias.org\/site\/#\/schema\/logo\/image\/\"}},{\"@type\":\"Person\",\"@id\":\"https:\/\/brasilnoticias.org\/site\/#\/schema\/person\/03bbbfe6c7634ad18c26444ea39049fa\",\"name\":\"Reda\u00e7\u00e3o\",\"image\":{\"@type\":\"ImageObject\",\"inLanguage\":\"pt-PT\",\"@id\":\"https:\/\/brasilnoticias.org\/site\/#\/schema\/person\/image\/\",\"url\":\"https:\/\/secure.gravatar.com\/avatar\/9ecaf7327a696cb23ad926fedded5f1f04d7049de9e445375d55b48c001a6e42?s=96&d=mm&r=g\",\"contentUrl\":\"https:\/\/secure.gravatar.com\/avatar\/9ecaf7327a696cb23ad926fedded5f1f04d7049de9e445375d55b48c001a6e42?s=96&d=mm&r=g\",\"caption\":\"Reda\u00e7\u00e3o\"},\"url\":\"https:\/\/brasilnoticias.org\/site\/author\/henrique\/\"}]}<\/script>\n<!-- \/ Yoast SEO plugin. -->","yoast_head_json":{"title":"Parceria in\u00e9dita: Programa BNews Agora estreia na programa\u00e7\u00e3o da r\u00e1dio CBN Salvador - Brasil not\u00edcias","robots":{"index":"index","follow":"follow","max-snippet":"max-snippet:-1","max-image-preview":"max-image-preview:large","max-video-preview":"max-video-preview:-1"},"canonical":"https:\/\/brasilnoticias.org\/site\/parceria-inedita-programa-bnews-agora-estreia-na-programacao-da-radio-cbn-salvador\/","og_locale":"pt_PT","og_type":"article","og_title":"Parceria in\u00e9dita: Programa BNews Agora estreia na programa\u00e7\u00e3o da r\u00e1dio CBN Salvador - Brasil not\u00edcias","og_description":"Fruto de uma parceria in\u00e9dita do BNews, o portal que mais cresce na Bahia e l\u00edder absoluto em audi\u00eancia, com","og_url":"https:\/\/brasilnoticias.org\/site\/parceria-inedita-programa-bnews-agora-estreia-na-programacao-da-radio-cbn-salvador\/","og_site_name":"Brasil not\u00edcias","article_published_time":"2024-08-16T21:33:56+00:00","og_image":[{"width":800,"height":450,"url":"https:\/\/brasilnoticias.org\/site\/wp-content\/uploads\/2024\/08\/bnews_agora_radio_widelg.jpg","type":"image\/jpeg"}],"author":"Reda\u00e7\u00e3o","twitter_card":"summary_large_image","twitter_misc":{"Escrito por":"Reda\u00e7\u00e3o","Tempo estimado de leitura":"1 minuto"},"schema":{"@context":"https:\/\/schema.org","@graph":[{"@type":"Article","@id":"https:\/\/brasilnoticias.org\/site\/parceria-inedita-programa-bnews-agora-estreia-na-programacao-da-radio-cbn-salvador\/#article","isPartOf":{"@id":"https:\/\/brasilnoticias.org\/site\/parceria-inedita-programa-bnews-agora-estreia-na-programacao-da-radio-cbn-salvador\/"},"author":{"name":"Reda\u00e7\u00e3o","@id":"https:\/\/brasilnoticias.org\/site\/#\/schema\/person\/03bbbfe6c7634ad18c26444ea39049fa"},"headline":"Parceria in\u00e9dita: Programa BNews Agora estreia na programa\u00e7\u00e3o da r\u00e1dio CBN Salvador","datePublished":"2024-08-16T21:33:56+00:00","mainEntityOfPage":{"@id":"https:\/\/brasilnoticias.org\/site\/parceria-inedita-programa-bnews-agora-estreia-na-programacao-da-radio-cbn-salvador\/"},"wordCount":425,"commentCount":0,"publisher":{"@id":"https:\/\/brasilnoticias.org\/site\/#organization"},"image":{"@id":"https:\/\/brasilnoticias.org\/site\/parceria-inedita-programa-bnews-agora-estreia-na-programacao-da-radio-cbn-salvador\/#primaryimage"},"thumbnailUrl":"https:\/\/brasilnoticias.org\/site\/wp-content\/uploads\/2024\/08\/bnews_agora_radio_widelg.jpg","articleSection":["Not\u00edcias","\u00daltimas"],"inLanguage":"pt-PT","potentialAction":[{"@type":"CommentAction","name":"Comment","target":["https:\/\/brasilnoticias.org\/site\/parceria-inedita-programa-bnews-agora-estreia-na-programacao-da-radio-cbn-salvador\/#respond"]}]},{"@type":"WebPage","@id":"https:\/\/brasilnoticias.org\/site\/parceria-inedita-programa-bnews-agora-estreia-na-programacao-da-radio-cbn-salvador\/","url":"https:\/\/brasilnoticias.org\/site\/parceria-inedita-programa-bnews-agora-estreia-na-programacao-da-radio-cbn-salvador\/","name":"Parceria in\u00e9dita: Programa BNews Agora estreia na programa\u00e7\u00e3o da r\u00e1dio CBN Salvador - Brasil not\u00edcias","isPartOf":{"@id":"https:\/\/brasilnoticias.org\/site\/#website"},"primaryImageOfPage":{"@id":"https:\/\/brasilnoticias.org\/site\/parceria-inedita-programa-bnews-agora-estreia-na-programacao-da-radio-cbn-salvador\/#primaryimage"},"image":{"@id":"https:\/\/brasilnoticias.org\/site\/parceria-inedita-programa-bnews-agora-estreia-na-programacao-da-radio-cbn-salvador\/#primaryimage"},"thumbnailUrl":"https:\/\/brasilnoticias.org\/site\/wp-content\/uploads\/2024\/08\/bnews_agora_radio_widelg.jpg","datePublished":"2024-08-16T21:33:56+00:00","breadcrumb":{"@id":"https:\/\/brasilnoticias.org\/site\/parceria-inedita-programa-bnews-agora-estreia-na-programacao-da-radio-cbn-salvador\/#breadcrumb"},"inLanguage":"pt-PT","potentialAction":[{"@type":"ReadAction","target":["https:\/\/brasilnoticias.org\/site\/parceria-inedita-programa-bnews-agora-estreia-na-programacao-da-radio-cbn-salvador\/"]}]},{"@type":"ImageObject","inLanguage":"pt-PT","@id":"https:\/\/brasilnoticias.org\/site\/parceria-inedita-programa-bnews-agora-estreia-na-programacao-da-radio-cbn-salvador\/#primaryimage","url":"https:\/\/brasilnoticias.org\/site\/wp-content\/uploads\/2024\/08\/bnews_agora_radio_widelg.jpg","contentUrl":"https:\/\/brasilnoticias.org\/site\/wp-content\/uploads\/2024\/08\/bnews_agora_radio_widelg.jpg","width":800,"height":450},{"@type":"BreadcrumbList","@id":"https:\/\/brasilnoticias.org\/site\/parceria-inedita-programa-bnews-agora-estreia-na-programacao-da-radio-cbn-salvador\/#breadcrumb","itemListElement":[{"@type":"ListItem","position":1,"name":"In\u00edcio","item":"https:\/\/brasilnoticias.org\/site\/"},{"@type":"ListItem","position":2,"name":"Parceria in\u00e9dita: Programa BNews Agora estreia na programa\u00e7\u00e3o da r\u00e1dio CBN Salvador"}]},{"@type":"WebSite","@id":"https:\/\/brasilnoticias.org\/site\/#website","url":"https:\/\/brasilnoticias.org\/site\/","name":"Brasil not\u00edcias","description":"Brasil not\u00edcias","publisher":{"@id":"https:\/\/brasilnoticias.org\/site\/#organization"},"potentialAction":[{"@type":"SearchAction","target":{"@type":"EntryPoint","urlTemplate":"https:\/\/brasilnoticias.org\/site\/?s={search_term_string}"},"query-input":{"@type":"PropertyValueSpecification","valueRequired":true,"valueName":"search_term_string"}}],"inLanguage":"pt-PT"},{"@type":"Organization","@id":"https:\/\/brasilnoticias.org\/site\/#organization","name":"Brasil not\u00edcias","url":"https:\/\/brasilnoticias.org\/site\/","logo":{"@type":"ImageObject","inLanguage":"pt-PT","@id":"https:\/\/brasilnoticias.org\/site\/#\/schema\/logo\/image\/","url":"https:\/\/brasilnoticias.org\/site\/wp-content\/uploads\/2022\/05\/cropped-brasilnoticias-mini.jpg","contentUrl":"https:\/\/brasilnoticias.org\/site\/wp-content\/uploads\/2022\/05\/cropped-brasilnoticias-mini.jpg","width":314,"height":86,"caption":"Brasil not\u00edcias"},"image":{"@id":"https:\/\/brasilnoticias.org\/site\/#\/schema\/logo\/image\/"}},{"@type":"Person","@id":"https:\/\/brasilnoticias.org\/site\/#\/schema\/person\/03bbbfe6c7634ad18c26444ea39049fa","name":"Reda\u00e7\u00e3o","image":{"@type":"ImageObject","inLanguage":"pt-PT","@id":"https:\/\/brasilnoticias.org\/site\/#\/schema\/person\/image\/","url":"https:\/\/secure.gravatar.com\/avatar\/9ecaf7327a696cb23ad926fedded5f1f04d7049de9e445375d55b48c001a6e42?s=96&d=mm&r=g","contentUrl":"https:\/\/secure.gravatar.com\/avatar\/9ecaf7327a696cb23ad926fedded5f1f04d7049de9e445375d55b48c001a6e42?s=96&d=mm&r=g","caption":"Reda\u00e7\u00e3o"},"url":"https:\/\/brasilnoticias.org\/site\/author\/henrique\/"}]}},"_links":{"self":[{"href":"https:\/\/brasilnoticias.org\/site\/wp-json\/wp\/v2\/posts\/15536","targetHints":{"allow":["GET"]}}],"collection":[{"href":"https:\/\/brasilnoticias.org\/site\/wp-json\/wp\/v2\/posts"}],"about":[{"href":"https:\/\/brasilnoticias.org\/site\/wp-json\/wp\/v2\/types\/post"}],"author":[{"embeddable":true,"href":"https:\/\/brasilnoticias.org\/site\/wp-json\/wp\/v2\/users\/4"}],"replies":[{"embeddable":true,"href":"https:\/\/brasilnoticias.org\/site\/wp-json\/wp\/v2\/comments?post=15536"}],"version-history":[{"count":1,"href":"https:\/\/brasilnoticias.org\/site\/wp-json\/wp\/v2\/posts\/15536\/revisions"}],"predecessor-version":[{"id":15538,"href":"https:\/\/brasilnoticias.org\/site\/wp-json\/wp\/v2\/posts\/15536\/revisions\/15538"}],"wp:featuredmedia":[{"embeddable":true,"href":"https:\/\/brasilnoticias.org\/site\/wp-json\/wp\/v2\/media\/15537"}],"wp:attachment":[{"href":"https:\/\/brasilnoticias.org\/site\/wp-json\/wp\/v2\/media?parent=15536"}],"wp:term":[{"taxonomy":"category","embeddable":true,"href":"https:\/\/brasilnoticias.org\/site\/wp-json\/wp\/v2\/categories?post=15536"},{"taxonomy":"post_tag","embeddable":true,"href":"https:\/\/brasilnoticias.org\/site\/wp-json\/wp\/v2\/tags?post=15536"}],"curies":[{"name":"wp","href":"https:\/\/api.w.org\/{rel}","templated":true}]}}