{"id":15545,"date":"2024-08-17T10:20:09","date_gmt":"2024-08-17T13:20:09","guid":{"rendered":"https:\/\/brasilnoticias.org\/site\/?p=15545"},"modified":"2024-08-17T10:20:09","modified_gmt":"2024-08-17T13:20:09","slug":"silvio-santos-morre-aos-93-anos-em-sao-paulo","status":"publish","type":"post","link":"https:\/\/brasilnoticias.org\/site\/silvio-santos-morre-aos-93-anos-em-sao-paulo\/","title":{"rendered":"Silvio Santos morre aos 93 anos em S\u00e3o Paulo"},"content":{"rendered":"<p>O apresentador foi um dos maiores nomes da televis\u00e3o brasileira, em especial \u00e0 frente do Programa Silvio Santos. O empres\u00e1rio estava internado desde o in\u00edcio do m\u00eas depois de um quadro de H1N1.<\/p>\n<p>O empres\u00e1rio e apresentador Silvio Santos morreu aos 93 anos neste s\u00e1bado (17). A informa\u00e7\u00e3o foi confirmada pelo SBT nas redes sociais. Silvio estava internado em um hospital particular na capital desde o in\u00edcio do m\u00eas.<\/p>\n<p>O apresentador foi um dos maiores nomes da televis\u00e3o brasileira, em especial \u00e0 frente do Programa Silvio Santos, que comandava desde 1963, e do Sistema Brasileiro de Televis\u00e3o, o SBT, que entrou no ar em 1981.<\/p>\n<p>Em 18 de julho de 2024, o comunicador foi internado no Hospital Albert Einstein, na capital paulista, para se recuperar de H1N1. Teve alta dois dias depois. Em 1\u00ba de agosto do mesmo ano, voltou a ser hospitalizado, segundo a assessoria de imprensa da emissora, para passar por exames de imagem.<\/p>\n<p>Silvio Santos nasceu com o nome de batismo Senor Abravanel, em 12 de dezembro de 1930, no bairro da Lapa, no Rio de Janeiro. Seus pais, Alberto e Rebeca, eram imigrantes de origem judia, e ele foi o mais velho de cinco irm\u00e3os.<\/p>\n<p>Estudou contabilidade e, no tempo livre, trabalhava como camel\u00f4 nas ruas do Rio de Janeiro, vendendo canetas e capas de pl\u00e1stico para t\u00edtulos de eleitor nas elei\u00e7\u00f5es de 1946. Na mesma \u00e9poca, come\u00e7ou a fazer pequenos trabalhos de locu\u00e7\u00e3o de r\u00e1dio<\/p>\n<p>Aos 18 anos, em 1948, serviu o Ex\u00e9rcito na Escola de Paraquedistas. Aos domingos, trabalhava para uma r\u00e1dio no Rio. Ap\u00f3s sair do ex\u00e9rcito, continuou como locutor, entre outros trabalhos, como a venda de an\u00fancios em caixa de som na barca Rio-Niter\u00f3i.<\/p>\n<p>Em 1954, Silvio assinou o primeiro contrato fixo como locutor, na R\u00e1dio Nacional de S\u00e3o Paulo. Depois, foi chamado pelo empres\u00e1rio Manuel de N\u00f3brega para ser animador de seu programa na R\u00e1dio Nacional.<\/p>\n<p>Ele assumiu em 1958 a empresa Ba\u00fa da Felicidade, que era antes de Manuel de N\u00f3brega. No ano seguinte, passou a fazer shows em circos para vender os carn\u00eas da empresa.<\/p>\n<p>No mesmo ano, no dia 7 de fevereiro, ele estreou seu primeiro programa televisivo, o \u201cHit Parade\u201d, na TV Paulista.<\/p>\n<p>Em 1962, passou a ser apresentador do \u201cVamos brincar de forca\u201d, na TV Paulista (canal 5, que no ano seguinte foi comprado pela TV Globo). Em seguida, come\u00e7ou a ser exibido o seu Programa Silvio Santos, na TV Globo.<\/p>\n<p>Em 1965, ele passou a ser apresentador tamb\u00e9m na TV Tupi. Os programas tiveram v\u00e1rios nomes: \u201cFesta dos Sinos&#8221;, &#8220;Sua Majestade: o Ibope&#8221;, &#8220;Cidade contra Cidade&#8221; e &#8220;Silvio Santos Diferente&#8221;.<\/p>\n<p>Em 1975 ele venceu a concorr\u00eancia para adquirir o Canal 11, do Rio de Janeiro, e no ano seguinte, inaugurou a TVS. Em 1976, ele saiu da TV Globo. Seu programa passou a ser transmitido nas TVs Tupi e TVS do Rio.<\/p>\n<p>Silvio ganhou outras concess\u00f5es e, em 1981, entrou no ar o SBT, uma das v\u00e1rias empresas do seu grupo, onde o Programa Silvio Santos viraria a principal atra\u00e7\u00e3o, com quadros inesquec\u00edveis como \u201cDomingo no parque\u201d, \u201cQual \u00e9 a m\u00fasica\u201d, \u201cShow de calouros\u201d e \u201cPorta da esperan\u00e7a\u201d.<\/p>\n<p>A capacidade de segurar o p\u00fablico no programa de variedades que chegou a durar mais de dez horas, o dom\u00ednio da plateia e da audi\u00eancia com bord\u00f5es como \u201cVem pra c\u00e1, vem pra c\u00e1\u201d e \u201cQuem quer dinheiro?\u201d atestavam o carisma do apresentador.<\/p>\n<p>Silvio tamb\u00e9m fez sucesso cantando marchinhas de carnaval, como \u201cCora\u00e7\u00e3o Corintiano\u201d e \u201cA pipa do vov\u00f4\u201d, registradas em \u00e1lbuns entre os anos 70 e 90.<\/p>\n<p>Em 1989, Silvio Santos anunciou que seria candidato a Presidente do Brasil duas semanas antes do primeiro turno da elei\u00e7\u00e3o, mas a candidatura foi indeferida pelo TSE uma semana depois.<\/p>\n<p>Em fevereiro 2001, Silvio Santos foi homenageado no Carnaval do Rio pela escola de samba Tradi\u00e7\u00e3o.<\/p>\n<p>Em agosto do mesmo ano, sua filha Patr\u00edcia foi sequestrada por sete dias. Depois que ela foi solta, o sequestrador invadiu a casa de Silvio em S\u00e3o Paulo e o fez como ref\u00e9m por sete horas. O governador de SP na \u00e9poca, Geraldo Alckmin, foi at\u00e9 o local, conversou com o sequestrador, e ele se entregou.<br \/>\nEm 2010, foi descoberto um rombo bilion\u00e1rio em uma das empresas do Grupo Silvio Santos, o Banco Panamericano &#8211; mais tarde, em 2018 sete ex-diretores foram condenados pela fraude. Em 2011, S\u00edlvio Santos vendeu o Panamericano para o BTG Pactual.<br \/>\nEm dezembro de 2020, Silvio Santos comemorou 90 anos sem celebra\u00e7\u00f5es p\u00fablicas, isolado por conta da pandemia, ao lado das filhas.<br \/>\nNo dia 1\u00ba agosto de 2021, j\u00e1 vacinado com duas doses, Silvio voltou a apresentar seu programa pela primeira vez desde 2019.<br \/>\nSemanas depois deste retorno, ele contraiu Covid-19 e foi internado. Ele se recuperou e voltou a gravar o seu programa, mas n\u00e3o no ritmo de antes.<br \/>\nAo som da m\u00fasica de abertura, \u201cS\u00edlvio Santos vem a\u00ed\u201d, ele entrou alegre e dizendo \u201cPara tudo, j\u00e1 estou aqui. J\u00e1 cheguei!&#8221;. Foi a primeira brincadeira de muitas para divertir o p\u00fablico no seu \u00faltimo programa.<\/p>\n<p>Silvio Santos deixa a vi\u00fava \u00cdris Abravanel, com quem era casado desde 1978 e teve as filhas Daniela Patr\u00edcia, Rebeca e Renata. Tamb\u00e9m deixa as filhas C\u00edntia e Silvia, do primeiro casamento, com Cidinha, que morreu em 1977.<\/p>\n<p>Foto: Lourival Ribeiro\/SBT\/Divulga\u00e7\u00e3o<br \/>\nG1<\/p>\n","protected":false},"excerpt":{"rendered":"<p>O apresentador foi um dos maiores nomes da televis\u00e3o brasileira, em especial \u00e0 frente do Programa Silvio Santos. O empres\u00e1rio<\/p>\n","protected":false},"author":4,"featured_media":15546,"comment_status":"open","ping_status":"open","sticky":false,"template":"","format":"standard","meta":{"colormag_page_container_layout":"default_layout","colormag_page_sidebar_layout":"default_layout","_FSMCFIC_featured_image_caption":"","_FSMCFIC_featured_image_nocaption":"","_FSMCFIC_featured_image_hide":"","footnotes":""},"categories":[2,1],"tags":[],"class_list":["post-15545","post","type-post","status-publish","format-standard","has-post-thumbnail","hentry","category-noticias","category-ultimas"],"yoast_head":"<!-- This site is optimized with the Yoast SEO plugin v27.1.1 - https:\/\/yoast.com\/product\/yoast-seo-wordpress\/ -->\n<title>Silvio Santos morre aos 93 anos em S\u00e3o Paulo - Brasil not\u00edcias<\/title>\n<meta name=\"robots\" content=\"index, follow, max-snippet:-1, max-image-preview:large, max-video-preview:-1\" \/>\n<link rel=\"canonical\" href=\"https:\/\/brasilnoticias.org\/site\/silvio-santos-morre-aos-93-anos-em-sao-paulo\/\" \/>\n<meta property=\"og:locale\" content=\"pt_PT\" \/>\n<meta property=\"og:type\" content=\"article\" \/>\n<meta property=\"og:title\" content=\"Silvio Santos morre aos 93 anos em S\u00e3o Paulo - Brasil not\u00edcias\" \/>\n<meta property=\"og:description\" content=\"O apresentador foi um dos maiores nomes da televis\u00e3o brasileira, em especial \u00e0 frente do Programa Silvio Santos. O empres\u00e1rio\" \/>\n<meta property=\"og:url\" content=\"https:\/\/brasilnoticias.org\/site\/silvio-santos-morre-aos-93-anos-em-sao-paulo\/\" \/>\n<meta property=\"og:site_name\" content=\"Brasil not\u00edcias\" \/>\n<meta property=\"article:published_time\" content=\"2024-08-17T13:20:09+00:00\" \/>\n<meta property=\"og:image\" content=\"https:\/\/brasilnoticias.org\/site\/wp-content\/uploads\/2024\/08\/IMG_2944.jpeg\" \/>\n\t<meta property=\"og:image:width\" content=\"600\" \/>\n\t<meta property=\"og:image:height\" content=\"276\" \/>\n\t<meta property=\"og:image:type\" content=\"image\/jpeg\" \/>\n<meta name=\"author\" content=\"Reda\u00e7\u00e3o\" \/>\n<meta name=\"twitter:card\" content=\"summary_large_image\" \/>\n<meta name=\"twitter:label1\" content=\"Escrito por\" \/>\n\t<meta name=\"twitter:data1\" content=\"Reda\u00e7\u00e3o\" \/>\n\t<meta name=\"twitter:label2\" content=\"Tempo estimado de leitura\" \/>\n\t<meta name=\"twitter:data2\" content=\"1 minuto\" \/>\n<script type=\"application\/ld+json\" class=\"yoast-schema-graph\">{\"@context\":\"https:\/\/schema.org\",\"@graph\":[{\"@type\":\"Article\",\"@id\":\"https:\/\/brasilnoticias.org\/site\/silvio-santos-morre-aos-93-anos-em-sao-paulo\/#article\",\"isPartOf\":{\"@id\":\"https:\/\/brasilnoticias.org\/site\/silvio-santos-morre-aos-93-anos-em-sao-paulo\/\"},\"author\":{\"name\":\"Reda\u00e7\u00e3o\",\"@id\":\"https:\/\/brasilnoticias.org\/site\/#\/schema\/person\/03bbbfe6c7634ad18c26444ea39049fa\"},\"headline\":\"Silvio Santos morre aos 93 anos em S\u00e3o Paulo\",\"datePublished\":\"2024-08-17T13:20:09+00:00\",\"mainEntityOfPage\":{\"@id\":\"https:\/\/brasilnoticias.org\/site\/silvio-santos-morre-aos-93-anos-em-sao-paulo\/\"},\"wordCount\":919,\"commentCount\":0,\"publisher\":{\"@id\":\"https:\/\/brasilnoticias.org\/site\/#organization\"},\"image\":{\"@id\":\"https:\/\/brasilnoticias.org\/site\/silvio-santos-morre-aos-93-anos-em-sao-paulo\/#primaryimage\"},\"thumbnailUrl\":\"https:\/\/brasilnoticias.org\/site\/wp-content\/uploads\/2024\/08\/IMG_2944.jpeg\",\"articleSection\":[\"Not\u00edcias\",\"\u00daltimas\"],\"inLanguage\":\"pt-PT\",\"potentialAction\":[{\"@type\":\"CommentAction\",\"name\":\"Comment\",\"target\":[\"https:\/\/brasilnoticias.org\/site\/silvio-santos-morre-aos-93-anos-em-sao-paulo\/#respond\"]}]},{\"@type\":\"WebPage\",\"@id\":\"https:\/\/brasilnoticias.org\/site\/silvio-santos-morre-aos-93-anos-em-sao-paulo\/\",\"url\":\"https:\/\/brasilnoticias.org\/site\/silvio-santos-morre-aos-93-anos-em-sao-paulo\/\",\"name\":\"Silvio Santos morre aos 93 anos em S\u00e3o Paulo - Brasil not\u00edcias\",\"isPartOf\":{\"@id\":\"https:\/\/brasilnoticias.org\/site\/#website\"},\"primaryImageOfPage\":{\"@id\":\"https:\/\/brasilnoticias.org\/site\/silvio-santos-morre-aos-93-anos-em-sao-paulo\/#primaryimage\"},\"image\":{\"@id\":\"https:\/\/brasilnoticias.org\/site\/silvio-santos-morre-aos-93-anos-em-sao-paulo\/#primaryimage\"},\"thumbnailUrl\":\"https:\/\/brasilnoticias.org\/site\/wp-content\/uploads\/2024\/08\/IMG_2944.jpeg\",\"datePublished\":\"2024-08-17T13:20:09+00:00\",\"breadcrumb\":{\"@id\":\"https:\/\/brasilnoticias.org\/site\/silvio-santos-morre-aos-93-anos-em-sao-paulo\/#breadcrumb\"},\"inLanguage\":\"pt-PT\",\"potentialAction\":[{\"@type\":\"ReadAction\",\"target\":[\"https:\/\/brasilnoticias.org\/site\/silvio-santos-morre-aos-93-anos-em-sao-paulo\/\"]}]},{\"@type\":\"ImageObject\",\"inLanguage\":\"pt-PT\",\"@id\":\"https:\/\/brasilnoticias.org\/site\/silvio-santos-morre-aos-93-anos-em-sao-paulo\/#primaryimage\",\"url\":\"https:\/\/brasilnoticias.org\/site\/wp-content\/uploads\/2024\/08\/IMG_2944.jpeg\",\"contentUrl\":\"https:\/\/brasilnoticias.org\/site\/wp-content\/uploads\/2024\/08\/IMG_2944.jpeg\",\"width\":600,\"height\":276},{\"@type\":\"BreadcrumbList\",\"@id\":\"https:\/\/brasilnoticias.org\/site\/silvio-santos-morre-aos-93-anos-em-sao-paulo\/#breadcrumb\",\"itemListElement\":[{\"@type\":\"ListItem\",\"position\":1,\"name\":\"In\u00edcio\",\"item\":\"https:\/\/brasilnoticias.org\/site\/\"},{\"@type\":\"ListItem\",\"position\":2,\"name\":\"Silvio Santos morre aos 93 anos em S\u00e3o Paulo\"}]},{\"@type\":\"WebSite\",\"@id\":\"https:\/\/brasilnoticias.org\/site\/#website\",\"url\":\"https:\/\/brasilnoticias.org\/site\/\",\"name\":\"Brasil not\u00edcias\",\"description\":\"Brasil not\u00edcias\",\"publisher\":{\"@id\":\"https:\/\/brasilnoticias.org\/site\/#organization\"},\"potentialAction\":[{\"@type\":\"SearchAction\",\"target\":{\"@type\":\"EntryPoint\",\"urlTemplate\":\"https:\/\/brasilnoticias.org\/site\/?s={search_term_string}\"},\"query-input\":{\"@type\":\"PropertyValueSpecification\",\"valueRequired\":true,\"valueName\":\"search_term_string\"}}],\"inLanguage\":\"pt-PT\"},{\"@type\":\"Organization\",\"@id\":\"https:\/\/brasilnoticias.org\/site\/#organization\",\"name\":\"Brasil not\u00edcias\",\"url\":\"https:\/\/brasilnoticias.org\/site\/\",\"logo\":{\"@type\":\"ImageObject\",\"inLanguage\":\"pt-PT\",\"@id\":\"https:\/\/brasilnoticias.org\/site\/#\/schema\/logo\/image\/\",\"url\":\"https:\/\/brasilnoticias.org\/site\/wp-content\/uploads\/2022\/05\/cropped-brasilnoticias-mini.jpg\",\"contentUrl\":\"https:\/\/brasilnoticias.org\/site\/wp-content\/uploads\/2022\/05\/cropped-brasilnoticias-mini.jpg\",\"width\":314,\"height\":86,\"caption\":\"Brasil not\u00edcias\"},\"image\":{\"@id\":\"https:\/\/brasilnoticias.org\/site\/#\/schema\/logo\/image\/\"}},{\"@type\":\"Person\",\"@id\":\"https:\/\/brasilnoticias.org\/site\/#\/schema\/person\/03bbbfe6c7634ad18c26444ea39049fa\",\"name\":\"Reda\u00e7\u00e3o\",\"image\":{\"@type\":\"ImageObject\",\"inLanguage\":\"pt-PT\",\"@id\":\"https:\/\/brasilnoticias.org\/site\/#\/schema\/person\/image\/\",\"url\":\"https:\/\/secure.gravatar.com\/avatar\/9ecaf7327a696cb23ad926fedded5f1f04d7049de9e445375d55b48c001a6e42?s=96&d=mm&r=g\",\"contentUrl\":\"https:\/\/secure.gravatar.com\/avatar\/9ecaf7327a696cb23ad926fedded5f1f04d7049de9e445375d55b48c001a6e42?s=96&d=mm&r=g\",\"caption\":\"Reda\u00e7\u00e3o\"},\"url\":\"https:\/\/brasilnoticias.org\/site\/author\/henrique\/\"}]}<\/script>\n<!-- \/ Yoast SEO plugin. -->","yoast_head_json":{"title":"Silvio Santos morre aos 93 anos em S\u00e3o Paulo - Brasil not\u00edcias","robots":{"index":"index","follow":"follow","max-snippet":"max-snippet:-1","max-image-preview":"max-image-preview:large","max-video-preview":"max-video-preview:-1"},"canonical":"https:\/\/brasilnoticias.org\/site\/silvio-santos-morre-aos-93-anos-em-sao-paulo\/","og_locale":"pt_PT","og_type":"article","og_title":"Silvio Santos morre aos 93 anos em S\u00e3o Paulo - Brasil not\u00edcias","og_description":"O apresentador foi um dos maiores nomes da televis\u00e3o brasileira, em especial \u00e0 frente do Programa Silvio Santos. O empres\u00e1rio","og_url":"https:\/\/brasilnoticias.org\/site\/silvio-santos-morre-aos-93-anos-em-sao-paulo\/","og_site_name":"Brasil not\u00edcias","article_published_time":"2024-08-17T13:20:09+00:00","og_image":[{"width":600,"height":276,"url":"https:\/\/brasilnoticias.org\/site\/wp-content\/uploads\/2024\/08\/IMG_2944.jpeg","type":"image\/jpeg"}],"author":"Reda\u00e7\u00e3o","twitter_card":"summary_large_image","twitter_misc":{"Escrito por":"Reda\u00e7\u00e3o","Tempo estimado de leitura":"1 minuto"},"schema":{"@context":"https:\/\/schema.org","@graph":[{"@type":"Article","@id":"https:\/\/brasilnoticias.org\/site\/silvio-santos-morre-aos-93-anos-em-sao-paulo\/#article","isPartOf":{"@id":"https:\/\/brasilnoticias.org\/site\/silvio-santos-morre-aos-93-anos-em-sao-paulo\/"},"author":{"name":"Reda\u00e7\u00e3o","@id":"https:\/\/brasilnoticias.org\/site\/#\/schema\/person\/03bbbfe6c7634ad18c26444ea39049fa"},"headline":"Silvio Santos morre aos 93 anos em S\u00e3o Paulo","datePublished":"2024-08-17T13:20:09+00:00","mainEntityOfPage":{"@id":"https:\/\/brasilnoticias.org\/site\/silvio-santos-morre-aos-93-anos-em-sao-paulo\/"},"wordCount":919,"commentCount":0,"publisher":{"@id":"https:\/\/brasilnoticias.org\/site\/#organization"},"image":{"@id":"https:\/\/brasilnoticias.org\/site\/silvio-santos-morre-aos-93-anos-em-sao-paulo\/#primaryimage"},"thumbnailUrl":"https:\/\/brasilnoticias.org\/site\/wp-content\/uploads\/2024\/08\/IMG_2944.jpeg","articleSection":["Not\u00edcias","\u00daltimas"],"inLanguage":"pt-PT","potentialAction":[{"@type":"CommentAction","name":"Comment","target":["https:\/\/brasilnoticias.org\/site\/silvio-santos-morre-aos-93-anos-em-sao-paulo\/#respond"]}]},{"@type":"WebPage","@id":"https:\/\/brasilnoticias.org\/site\/silvio-santos-morre-aos-93-anos-em-sao-paulo\/","url":"https:\/\/brasilnoticias.org\/site\/silvio-santos-morre-aos-93-anos-em-sao-paulo\/","name":"Silvio Santos morre aos 93 anos em S\u00e3o Paulo - Brasil not\u00edcias","isPartOf":{"@id":"https:\/\/brasilnoticias.org\/site\/#website"},"primaryImageOfPage":{"@id":"https:\/\/brasilnoticias.org\/site\/silvio-santos-morre-aos-93-anos-em-sao-paulo\/#primaryimage"},"image":{"@id":"https:\/\/brasilnoticias.org\/site\/silvio-santos-morre-aos-93-anos-em-sao-paulo\/#primaryimage"},"thumbnailUrl":"https:\/\/brasilnoticias.org\/site\/wp-content\/uploads\/2024\/08\/IMG_2944.jpeg","datePublished":"2024-08-17T13:20:09+00:00","breadcrumb":{"@id":"https:\/\/brasilnoticias.org\/site\/silvio-santos-morre-aos-93-anos-em-sao-paulo\/#breadcrumb"},"inLanguage":"pt-PT","potentialAction":[{"@type":"ReadAction","target":["https:\/\/brasilnoticias.org\/site\/silvio-santos-morre-aos-93-anos-em-sao-paulo\/"]}]},{"@type":"ImageObject","inLanguage":"pt-PT","@id":"https:\/\/brasilnoticias.org\/site\/silvio-santos-morre-aos-93-anos-em-sao-paulo\/#primaryimage","url":"https:\/\/brasilnoticias.org\/site\/wp-content\/uploads\/2024\/08\/IMG_2944.jpeg","contentUrl":"https:\/\/brasilnoticias.org\/site\/wp-content\/uploads\/2024\/08\/IMG_2944.jpeg","width":600,"height":276},{"@type":"BreadcrumbList","@id":"https:\/\/brasilnoticias.org\/site\/silvio-santos-morre-aos-93-anos-em-sao-paulo\/#breadcrumb","itemListElement":[{"@type":"ListItem","position":1,"name":"In\u00edcio","item":"https:\/\/brasilnoticias.org\/site\/"},{"@type":"ListItem","position":2,"name":"Silvio Santos morre aos 93 anos em S\u00e3o Paulo"}]},{"@type":"WebSite","@id":"https:\/\/brasilnoticias.org\/site\/#website","url":"https:\/\/brasilnoticias.org\/site\/","name":"Brasil not\u00edcias","description":"Brasil not\u00edcias","publisher":{"@id":"https:\/\/brasilnoticias.org\/site\/#organization"},"potentialAction":[{"@type":"SearchAction","target":{"@type":"EntryPoint","urlTemplate":"https:\/\/brasilnoticias.org\/site\/?s={search_term_string}"},"query-input":{"@type":"PropertyValueSpecification","valueRequired":true,"valueName":"search_term_string"}}],"inLanguage":"pt-PT"},{"@type":"Organization","@id":"https:\/\/brasilnoticias.org\/site\/#organization","name":"Brasil not\u00edcias","url":"https:\/\/brasilnoticias.org\/site\/","logo":{"@type":"ImageObject","inLanguage":"pt-PT","@id":"https:\/\/brasilnoticias.org\/site\/#\/schema\/logo\/image\/","url":"https:\/\/brasilnoticias.org\/site\/wp-content\/uploads\/2022\/05\/cropped-brasilnoticias-mini.jpg","contentUrl":"https:\/\/brasilnoticias.org\/site\/wp-content\/uploads\/2022\/05\/cropped-brasilnoticias-mini.jpg","width":314,"height":86,"caption":"Brasil not\u00edcias"},"image":{"@id":"https:\/\/brasilnoticias.org\/site\/#\/schema\/logo\/image\/"}},{"@type":"Person","@id":"https:\/\/brasilnoticias.org\/site\/#\/schema\/person\/03bbbfe6c7634ad18c26444ea39049fa","name":"Reda\u00e7\u00e3o","image":{"@type":"ImageObject","inLanguage":"pt-PT","@id":"https:\/\/brasilnoticias.org\/site\/#\/schema\/person\/image\/","url":"https:\/\/secure.gravatar.com\/avatar\/9ecaf7327a696cb23ad926fedded5f1f04d7049de9e445375d55b48c001a6e42?s=96&d=mm&r=g","contentUrl":"https:\/\/secure.gravatar.com\/avatar\/9ecaf7327a696cb23ad926fedded5f1f04d7049de9e445375d55b48c001a6e42?s=96&d=mm&r=g","caption":"Reda\u00e7\u00e3o"},"url":"https:\/\/brasilnoticias.org\/site\/author\/henrique\/"}]}},"_links":{"self":[{"href":"https:\/\/brasilnoticias.org\/site\/wp-json\/wp\/v2\/posts\/15545","targetHints":{"allow":["GET"]}}],"collection":[{"href":"https:\/\/brasilnoticias.org\/site\/wp-json\/wp\/v2\/posts"}],"about":[{"href":"https:\/\/brasilnoticias.org\/site\/wp-json\/wp\/v2\/types\/post"}],"author":[{"embeddable":true,"href":"https:\/\/brasilnoticias.org\/site\/wp-json\/wp\/v2\/users\/4"}],"replies":[{"embeddable":true,"href":"https:\/\/brasilnoticias.org\/site\/wp-json\/wp\/v2\/comments?post=15545"}],"version-history":[{"count":1,"href":"https:\/\/brasilnoticias.org\/site\/wp-json\/wp\/v2\/posts\/15545\/revisions"}],"predecessor-version":[{"id":15547,"href":"https:\/\/brasilnoticias.org\/site\/wp-json\/wp\/v2\/posts\/15545\/revisions\/15547"}],"wp:featuredmedia":[{"embeddable":true,"href":"https:\/\/brasilnoticias.org\/site\/wp-json\/wp\/v2\/media\/15546"}],"wp:attachment":[{"href":"https:\/\/brasilnoticias.org\/site\/wp-json\/wp\/v2\/media?parent=15545"}],"wp:term":[{"taxonomy":"category","embeddable":true,"href":"https:\/\/brasilnoticias.org\/site\/wp-json\/wp\/v2\/categories?post=15545"},{"taxonomy":"post_tag","embeddable":true,"href":"https:\/\/brasilnoticias.org\/site\/wp-json\/wp\/v2\/tags?post=15545"}],"curies":[{"name":"wp","href":"https:\/\/api.w.org\/{rel}","templated":true}]}}