{"id":15552,"date":"2024-08-17T19:39:15","date_gmt":"2024-08-17T22:39:15","guid":{"rendered":"https:\/\/brasilnoticias.org\/site\/?p=15552"},"modified":"2024-08-17T19:39:15","modified_gmt":"2024-08-17T22:39:15","slug":"mae-de-estudante-autista-denuncia-escola-por-nao-permitir-alimentacao-levada-de-casa","status":"publish","type":"post","link":"https:\/\/brasilnoticias.org\/site\/mae-de-estudante-autista-denuncia-escola-por-nao-permitir-alimentacao-levada-de-casa\/","title":{"rendered":"M\u00e3e de estudante autista denuncia escola por n\u00e3o permitir alimenta\u00e7\u00e3o levada de casa"},"content":{"rendered":"<p>Nesta sexta-feira, a pedagoga Carla Ara\u00fajo denunciou uma proibi\u00e7\u00e3o feita pelo Instituto de Educa\u00e7\u00e3o Gast\u00e3o Guimar\u00e3es ao seu filho. Em relato feito no Instagram, a m\u00e3e conta que entregou \u00e0 escola, no momento da matr\u00edcula, o relat\u00f3rio do neuropediatra comprovando que o filho possui autismo, mas para garantir a ele o direito \u00e0 alimenta\u00e7\u00e3o levada de casa, foi exigido um relat\u00f3rio espec\u00edfico informando que ele apresenta seletividade alimentar.<\/p>\n<p>No come\u00e7o do relato, ela lamenta: &#8220;talvez o dia mais dif\u00edcil desde que me tornei m\u00e3e de uma crian\u00e7a at\u00edpica.&#8221; Carla conta que faz aproximadamente uma semana e meia, desde que percebeu junto ao esposo que o filho havia parado de comer o lanche levado de casa e de beber \u00e1gua. O menino, inicialmente, dizia n\u00e3o estar com fome no caminho para casa, por\u00e9m, ao chegar na resid\u00eancia que moram &#8220;comia e bebia como se estivesse faminto&#8221;.<\/p>\n<p>No dia seguinte, o jovem teria contado que uma funcion\u00e1ria havia informado que n\u00e3o era permitido lanchar alimentos trazidos de casa. Ela afirma, ainda, que ao ir at\u00e9 a institui\u00e7\u00e3o entender o caso, foi informada pela coordenadora que existe uma lei que afirma que os estudantes s\u00f3 podem consumir alimentos disponibilizados pelo estado.<\/p>\n<p>A m\u00e3e conclui: &#8220;Este n\u00e3o \u00e9 o primeiro epis\u00f3dio problem\u00e1tico na referida escola. J\u00e1 enfrentamos diversas situa\u00e7\u00f5es, como a falta de apresenta\u00e7\u00e3o do PEI (Plano Educacional Individualizado) e a aus\u00eancia de provas adaptadas. No m\u00eas de junho, a escola realizou uma gincana para todos os alunos, exceto para meu filho, que foi o \u00fanico a n\u00e3o receber uma camisa e a n\u00e3o ser inclu\u00eddo em nenhuma das atividades.&#8221;<\/p>\n<p>A reportagem vem tentando entrar em contato com a Secretaria de Educa\u00e7\u00e3o, mas n\u00e3o obteve retorno at\u00e9 a publica\u00e7\u00e3o desta mat\u00e9ria.<\/p>\n<p>Foto: Reprodu\u00e7\u00e3o<br \/>\nPor: Metro1 <\/p>\n","protected":false},"excerpt":{"rendered":"<p>Nesta sexta-feira, a pedagoga Carla Ara\u00fajo denunciou uma proibi\u00e7\u00e3o feita pelo Instituto de Educa\u00e7\u00e3o Gast\u00e3o Guimar\u00e3es ao seu filho. Em<\/p>\n","protected":false},"author":4,"featured_media":15553,"comment_status":"open","ping_status":"open","sticky":false,"template":"","format":"standard","meta":{"colormag_page_container_layout":"default_layout","colormag_page_sidebar_layout":"default_layout","_FSMCFIC_featured_image_caption":"","_FSMCFIC_featured_image_nocaption":"","_FSMCFIC_featured_image_hide":"","footnotes":""},"categories":[2,1],"tags":[],"class_list":["post-15552","post","type-post","status-publish","format-standard","has-post-thumbnail","hentry","category-noticias","category-ultimas"],"yoast_head":"<!-- This site is optimized with the Yoast SEO plugin v27.1.1 - https:\/\/yoast.com\/product\/yoast-seo-wordpress\/ -->\n<title>M\u00e3e de estudante autista denuncia escola por n\u00e3o permitir alimenta\u00e7\u00e3o levada de casa - Brasil not\u00edcias<\/title>\n<meta name=\"robots\" content=\"index, follow, max-snippet:-1, max-image-preview:large, max-video-preview:-1\" \/>\n<link rel=\"canonical\" href=\"https:\/\/brasilnoticias.org\/site\/mae-de-estudante-autista-denuncia-escola-por-nao-permitir-alimentacao-levada-de-casa\/\" \/>\n<meta property=\"og:locale\" content=\"pt_PT\" \/>\n<meta property=\"og:type\" content=\"article\" \/>\n<meta property=\"og:title\" content=\"M\u00e3e de estudante autista denuncia escola por n\u00e3o permitir alimenta\u00e7\u00e3o levada de casa - Brasil not\u00edcias\" \/>\n<meta property=\"og:description\" content=\"Nesta sexta-feira, a pedagoga Carla Ara\u00fajo denunciou uma proibi\u00e7\u00e3o feita pelo Instituto de Educa\u00e7\u00e3o Gast\u00e3o Guimar\u00e3es ao seu filho. Em\" \/>\n<meta property=\"og:url\" content=\"https:\/\/brasilnoticias.org\/site\/mae-de-estudante-autista-denuncia-escola-por-nao-permitir-alimentacao-levada-de-casa\/\" \/>\n<meta property=\"og:site_name\" content=\"Brasil not\u00edcias\" \/>\n<meta property=\"article:published_time\" content=\"2024-08-17T22:39:15+00:00\" \/>\n<meta property=\"og:image\" content=\"https:\/\/brasilnoticias.org\/site\/wp-content\/uploads\/2024\/08\/154168mae-de-estudante-autista-denuncia-escola-por-nao-permitir-alimentacao-levada-de-casa-3.jpg\" \/>\n\t<meta property=\"og:image:width\" content=\"1600\" \/>\n\t<meta property=\"og:image:height\" content=\"752\" \/>\n\t<meta property=\"og:image:type\" content=\"image\/jpeg\" \/>\n<meta name=\"author\" content=\"Reda\u00e7\u00e3o\" \/>\n<meta name=\"twitter:card\" content=\"summary_large_image\" \/>\n<meta name=\"twitter:label1\" content=\"Escrito por\" \/>\n\t<meta name=\"twitter:data1\" content=\"Reda\u00e7\u00e3o\" \/>\n\t<meta name=\"twitter:label2\" content=\"Tempo estimado de leitura\" \/>\n\t<meta name=\"twitter:data2\" content=\"1 minuto\" \/>\n<script type=\"application\/ld+json\" class=\"yoast-schema-graph\">{\"@context\":\"https:\/\/schema.org\",\"@graph\":[{\"@type\":\"Article\",\"@id\":\"https:\/\/brasilnoticias.org\/site\/mae-de-estudante-autista-denuncia-escola-por-nao-permitir-alimentacao-levada-de-casa\/#article\",\"isPartOf\":{\"@id\":\"https:\/\/brasilnoticias.org\/site\/mae-de-estudante-autista-denuncia-escola-por-nao-permitir-alimentacao-levada-de-casa\/\"},\"author\":{\"name\":\"Reda\u00e7\u00e3o\",\"@id\":\"https:\/\/brasilnoticias.org\/site\/#\/schema\/person\/03bbbfe6c7634ad18c26444ea39049fa\"},\"headline\":\"M\u00e3e de estudante autista denuncia escola por n\u00e3o permitir alimenta\u00e7\u00e3o levada de casa\",\"datePublished\":\"2024-08-17T22:39:15+00:00\",\"mainEntityOfPage\":{\"@id\":\"https:\/\/brasilnoticias.org\/site\/mae-de-estudante-autista-denuncia-escola-por-nao-permitir-alimentacao-levada-de-casa\/\"},\"wordCount\":342,\"commentCount\":0,\"publisher\":{\"@id\":\"https:\/\/brasilnoticias.org\/site\/#organization\"},\"image\":{\"@id\":\"https:\/\/brasilnoticias.org\/site\/mae-de-estudante-autista-denuncia-escola-por-nao-permitir-alimentacao-levada-de-casa\/#primaryimage\"},\"thumbnailUrl\":\"https:\/\/brasilnoticias.org\/site\/wp-content\/uploads\/2024\/08\/154168mae-de-estudante-autista-denuncia-escola-por-nao-permitir-alimentacao-levada-de-casa-3.jpg\",\"articleSection\":[\"Not\u00edcias\",\"\u00daltimas\"],\"inLanguage\":\"pt-PT\",\"potentialAction\":[{\"@type\":\"CommentAction\",\"name\":\"Comment\",\"target\":[\"https:\/\/brasilnoticias.org\/site\/mae-de-estudante-autista-denuncia-escola-por-nao-permitir-alimentacao-levada-de-casa\/#respond\"]}]},{\"@type\":\"WebPage\",\"@id\":\"https:\/\/brasilnoticias.org\/site\/mae-de-estudante-autista-denuncia-escola-por-nao-permitir-alimentacao-levada-de-casa\/\",\"url\":\"https:\/\/brasilnoticias.org\/site\/mae-de-estudante-autista-denuncia-escola-por-nao-permitir-alimentacao-levada-de-casa\/\",\"name\":\"M\u00e3e de estudante autista denuncia escola por n\u00e3o permitir alimenta\u00e7\u00e3o levada de casa - Brasil not\u00edcias\",\"isPartOf\":{\"@id\":\"https:\/\/brasilnoticias.org\/site\/#website\"},\"primaryImageOfPage\":{\"@id\":\"https:\/\/brasilnoticias.org\/site\/mae-de-estudante-autista-denuncia-escola-por-nao-permitir-alimentacao-levada-de-casa\/#primaryimage\"},\"image\":{\"@id\":\"https:\/\/brasilnoticias.org\/site\/mae-de-estudante-autista-denuncia-escola-por-nao-permitir-alimentacao-levada-de-casa\/#primaryimage\"},\"thumbnailUrl\":\"https:\/\/brasilnoticias.org\/site\/wp-content\/uploads\/2024\/08\/154168mae-de-estudante-autista-denuncia-escola-por-nao-permitir-alimentacao-levada-de-casa-3.jpg\",\"datePublished\":\"2024-08-17T22:39:15+00:00\",\"breadcrumb\":{\"@id\":\"https:\/\/brasilnoticias.org\/site\/mae-de-estudante-autista-denuncia-escola-por-nao-permitir-alimentacao-levada-de-casa\/#breadcrumb\"},\"inLanguage\":\"pt-PT\",\"potentialAction\":[{\"@type\":\"ReadAction\",\"target\":[\"https:\/\/brasilnoticias.org\/site\/mae-de-estudante-autista-denuncia-escola-por-nao-permitir-alimentacao-levada-de-casa\/\"]}]},{\"@type\":\"ImageObject\",\"inLanguage\":\"pt-PT\",\"@id\":\"https:\/\/brasilnoticias.org\/site\/mae-de-estudante-autista-denuncia-escola-por-nao-permitir-alimentacao-levada-de-casa\/#primaryimage\",\"url\":\"https:\/\/brasilnoticias.org\/site\/wp-content\/uploads\/2024\/08\/154168mae-de-estudante-autista-denuncia-escola-por-nao-permitir-alimentacao-levada-de-casa-3.jpg\",\"contentUrl\":\"https:\/\/brasilnoticias.org\/site\/wp-content\/uploads\/2024\/08\/154168mae-de-estudante-autista-denuncia-escola-por-nao-permitir-alimentacao-levada-de-casa-3.jpg\",\"width\":1600,\"height\":752},{\"@type\":\"BreadcrumbList\",\"@id\":\"https:\/\/brasilnoticias.org\/site\/mae-de-estudante-autista-denuncia-escola-por-nao-permitir-alimentacao-levada-de-casa\/#breadcrumb\",\"itemListElement\":[{\"@type\":\"ListItem\",\"position\":1,\"name\":\"In\u00edcio\",\"item\":\"https:\/\/brasilnoticias.org\/site\/\"},{\"@type\":\"ListItem\",\"position\":2,\"name\":\"M\u00e3e de estudante autista denuncia escola por n\u00e3o permitir alimenta\u00e7\u00e3o levada de casa\"}]},{\"@type\":\"WebSite\",\"@id\":\"https:\/\/brasilnoticias.org\/site\/#website\",\"url\":\"https:\/\/brasilnoticias.org\/site\/\",\"name\":\"Brasil not\u00edcias\",\"description\":\"Brasil not\u00edcias\",\"publisher\":{\"@id\":\"https:\/\/brasilnoticias.org\/site\/#organization\"},\"potentialAction\":[{\"@type\":\"SearchAction\",\"target\":{\"@type\":\"EntryPoint\",\"urlTemplate\":\"https:\/\/brasilnoticias.org\/site\/?s={search_term_string}\"},\"query-input\":{\"@type\":\"PropertyValueSpecification\",\"valueRequired\":true,\"valueName\":\"search_term_string\"}}],\"inLanguage\":\"pt-PT\"},{\"@type\":\"Organization\",\"@id\":\"https:\/\/brasilnoticias.org\/site\/#organization\",\"name\":\"Brasil not\u00edcias\",\"url\":\"https:\/\/brasilnoticias.org\/site\/\",\"logo\":{\"@type\":\"ImageObject\",\"inLanguage\":\"pt-PT\",\"@id\":\"https:\/\/brasilnoticias.org\/site\/#\/schema\/logo\/image\/\",\"url\":\"https:\/\/brasilnoticias.org\/site\/wp-content\/uploads\/2022\/05\/cropped-brasilnoticias-mini.jpg\",\"contentUrl\":\"https:\/\/brasilnoticias.org\/site\/wp-content\/uploads\/2022\/05\/cropped-brasilnoticias-mini.jpg\",\"width\":314,\"height\":86,\"caption\":\"Brasil not\u00edcias\"},\"image\":{\"@id\":\"https:\/\/brasilnoticias.org\/site\/#\/schema\/logo\/image\/\"}},{\"@type\":\"Person\",\"@id\":\"https:\/\/brasilnoticias.org\/site\/#\/schema\/person\/03bbbfe6c7634ad18c26444ea39049fa\",\"name\":\"Reda\u00e7\u00e3o\",\"image\":{\"@type\":\"ImageObject\",\"inLanguage\":\"pt-PT\",\"@id\":\"https:\/\/brasilnoticias.org\/site\/#\/schema\/person\/image\/\",\"url\":\"https:\/\/secure.gravatar.com\/avatar\/9ecaf7327a696cb23ad926fedded5f1f04d7049de9e445375d55b48c001a6e42?s=96&d=mm&r=g\",\"contentUrl\":\"https:\/\/secure.gravatar.com\/avatar\/9ecaf7327a696cb23ad926fedded5f1f04d7049de9e445375d55b48c001a6e42?s=96&d=mm&r=g\",\"caption\":\"Reda\u00e7\u00e3o\"},\"url\":\"https:\/\/brasilnoticias.org\/site\/author\/henrique\/\"}]}<\/script>\n<!-- \/ Yoast SEO plugin. -->","yoast_head_json":{"title":"M\u00e3e de estudante autista denuncia escola por n\u00e3o permitir alimenta\u00e7\u00e3o levada de casa - Brasil not\u00edcias","robots":{"index":"index","follow":"follow","max-snippet":"max-snippet:-1","max-image-preview":"max-image-preview:large","max-video-preview":"max-video-preview:-1"},"canonical":"https:\/\/brasilnoticias.org\/site\/mae-de-estudante-autista-denuncia-escola-por-nao-permitir-alimentacao-levada-de-casa\/","og_locale":"pt_PT","og_type":"article","og_title":"M\u00e3e de estudante autista denuncia escola por n\u00e3o permitir alimenta\u00e7\u00e3o levada de casa - Brasil not\u00edcias","og_description":"Nesta sexta-feira, a pedagoga Carla Ara\u00fajo denunciou uma proibi\u00e7\u00e3o feita pelo Instituto de Educa\u00e7\u00e3o Gast\u00e3o Guimar\u00e3es ao seu filho. Em","og_url":"https:\/\/brasilnoticias.org\/site\/mae-de-estudante-autista-denuncia-escola-por-nao-permitir-alimentacao-levada-de-casa\/","og_site_name":"Brasil not\u00edcias","article_published_time":"2024-08-17T22:39:15+00:00","og_image":[{"width":1600,"height":752,"url":"https:\/\/brasilnoticias.org\/site\/wp-content\/uploads\/2024\/08\/154168mae-de-estudante-autista-denuncia-escola-por-nao-permitir-alimentacao-levada-de-casa-3.jpg","type":"image\/jpeg"}],"author":"Reda\u00e7\u00e3o","twitter_card":"summary_large_image","twitter_misc":{"Escrito por":"Reda\u00e7\u00e3o","Tempo estimado de leitura":"1 minuto"},"schema":{"@context":"https:\/\/schema.org","@graph":[{"@type":"Article","@id":"https:\/\/brasilnoticias.org\/site\/mae-de-estudante-autista-denuncia-escola-por-nao-permitir-alimentacao-levada-de-casa\/#article","isPartOf":{"@id":"https:\/\/brasilnoticias.org\/site\/mae-de-estudante-autista-denuncia-escola-por-nao-permitir-alimentacao-levada-de-casa\/"},"author":{"name":"Reda\u00e7\u00e3o","@id":"https:\/\/brasilnoticias.org\/site\/#\/schema\/person\/03bbbfe6c7634ad18c26444ea39049fa"},"headline":"M\u00e3e de estudante autista denuncia escola por n\u00e3o permitir alimenta\u00e7\u00e3o levada de casa","datePublished":"2024-08-17T22:39:15+00:00","mainEntityOfPage":{"@id":"https:\/\/brasilnoticias.org\/site\/mae-de-estudante-autista-denuncia-escola-por-nao-permitir-alimentacao-levada-de-casa\/"},"wordCount":342,"commentCount":0,"publisher":{"@id":"https:\/\/brasilnoticias.org\/site\/#organization"},"image":{"@id":"https:\/\/brasilnoticias.org\/site\/mae-de-estudante-autista-denuncia-escola-por-nao-permitir-alimentacao-levada-de-casa\/#primaryimage"},"thumbnailUrl":"https:\/\/brasilnoticias.org\/site\/wp-content\/uploads\/2024\/08\/154168mae-de-estudante-autista-denuncia-escola-por-nao-permitir-alimentacao-levada-de-casa-3.jpg","articleSection":["Not\u00edcias","\u00daltimas"],"inLanguage":"pt-PT","potentialAction":[{"@type":"CommentAction","name":"Comment","target":["https:\/\/brasilnoticias.org\/site\/mae-de-estudante-autista-denuncia-escola-por-nao-permitir-alimentacao-levada-de-casa\/#respond"]}]},{"@type":"WebPage","@id":"https:\/\/brasilnoticias.org\/site\/mae-de-estudante-autista-denuncia-escola-por-nao-permitir-alimentacao-levada-de-casa\/","url":"https:\/\/brasilnoticias.org\/site\/mae-de-estudante-autista-denuncia-escola-por-nao-permitir-alimentacao-levada-de-casa\/","name":"M\u00e3e de estudante autista denuncia escola por n\u00e3o permitir alimenta\u00e7\u00e3o levada de casa - Brasil not\u00edcias","isPartOf":{"@id":"https:\/\/brasilnoticias.org\/site\/#website"},"primaryImageOfPage":{"@id":"https:\/\/brasilnoticias.org\/site\/mae-de-estudante-autista-denuncia-escola-por-nao-permitir-alimentacao-levada-de-casa\/#primaryimage"},"image":{"@id":"https:\/\/brasilnoticias.org\/site\/mae-de-estudante-autista-denuncia-escola-por-nao-permitir-alimentacao-levada-de-casa\/#primaryimage"},"thumbnailUrl":"https:\/\/brasilnoticias.org\/site\/wp-content\/uploads\/2024\/08\/154168mae-de-estudante-autista-denuncia-escola-por-nao-permitir-alimentacao-levada-de-casa-3.jpg","datePublished":"2024-08-17T22:39:15+00:00","breadcrumb":{"@id":"https:\/\/brasilnoticias.org\/site\/mae-de-estudante-autista-denuncia-escola-por-nao-permitir-alimentacao-levada-de-casa\/#breadcrumb"},"inLanguage":"pt-PT","potentialAction":[{"@type":"ReadAction","target":["https:\/\/brasilnoticias.org\/site\/mae-de-estudante-autista-denuncia-escola-por-nao-permitir-alimentacao-levada-de-casa\/"]}]},{"@type":"ImageObject","inLanguage":"pt-PT","@id":"https:\/\/brasilnoticias.org\/site\/mae-de-estudante-autista-denuncia-escola-por-nao-permitir-alimentacao-levada-de-casa\/#primaryimage","url":"https:\/\/brasilnoticias.org\/site\/wp-content\/uploads\/2024\/08\/154168mae-de-estudante-autista-denuncia-escola-por-nao-permitir-alimentacao-levada-de-casa-3.jpg","contentUrl":"https:\/\/brasilnoticias.org\/site\/wp-content\/uploads\/2024\/08\/154168mae-de-estudante-autista-denuncia-escola-por-nao-permitir-alimentacao-levada-de-casa-3.jpg","width":1600,"height":752},{"@type":"BreadcrumbList","@id":"https:\/\/brasilnoticias.org\/site\/mae-de-estudante-autista-denuncia-escola-por-nao-permitir-alimentacao-levada-de-casa\/#breadcrumb","itemListElement":[{"@type":"ListItem","position":1,"name":"In\u00edcio","item":"https:\/\/brasilnoticias.org\/site\/"},{"@type":"ListItem","position":2,"name":"M\u00e3e de estudante autista denuncia escola por n\u00e3o permitir alimenta\u00e7\u00e3o levada de casa"}]},{"@type":"WebSite","@id":"https:\/\/brasilnoticias.org\/site\/#website","url":"https:\/\/brasilnoticias.org\/site\/","name":"Brasil not\u00edcias","description":"Brasil not\u00edcias","publisher":{"@id":"https:\/\/brasilnoticias.org\/site\/#organization"},"potentialAction":[{"@type":"SearchAction","target":{"@type":"EntryPoint","urlTemplate":"https:\/\/brasilnoticias.org\/site\/?s={search_term_string}"},"query-input":{"@type":"PropertyValueSpecification","valueRequired":true,"valueName":"search_term_string"}}],"inLanguage":"pt-PT"},{"@type":"Organization","@id":"https:\/\/brasilnoticias.org\/site\/#organization","name":"Brasil not\u00edcias","url":"https:\/\/brasilnoticias.org\/site\/","logo":{"@type":"ImageObject","inLanguage":"pt-PT","@id":"https:\/\/brasilnoticias.org\/site\/#\/schema\/logo\/image\/","url":"https:\/\/brasilnoticias.org\/site\/wp-content\/uploads\/2022\/05\/cropped-brasilnoticias-mini.jpg","contentUrl":"https:\/\/brasilnoticias.org\/site\/wp-content\/uploads\/2022\/05\/cropped-brasilnoticias-mini.jpg","width":314,"height":86,"caption":"Brasil not\u00edcias"},"image":{"@id":"https:\/\/brasilnoticias.org\/site\/#\/schema\/logo\/image\/"}},{"@type":"Person","@id":"https:\/\/brasilnoticias.org\/site\/#\/schema\/person\/03bbbfe6c7634ad18c26444ea39049fa","name":"Reda\u00e7\u00e3o","image":{"@type":"ImageObject","inLanguage":"pt-PT","@id":"https:\/\/brasilnoticias.org\/site\/#\/schema\/person\/image\/","url":"https:\/\/secure.gravatar.com\/avatar\/9ecaf7327a696cb23ad926fedded5f1f04d7049de9e445375d55b48c001a6e42?s=96&d=mm&r=g","contentUrl":"https:\/\/secure.gravatar.com\/avatar\/9ecaf7327a696cb23ad926fedded5f1f04d7049de9e445375d55b48c001a6e42?s=96&d=mm&r=g","caption":"Reda\u00e7\u00e3o"},"url":"https:\/\/brasilnoticias.org\/site\/author\/henrique\/"}]}},"_links":{"self":[{"href":"https:\/\/brasilnoticias.org\/site\/wp-json\/wp\/v2\/posts\/15552","targetHints":{"allow":["GET"]}}],"collection":[{"href":"https:\/\/brasilnoticias.org\/site\/wp-json\/wp\/v2\/posts"}],"about":[{"href":"https:\/\/brasilnoticias.org\/site\/wp-json\/wp\/v2\/types\/post"}],"author":[{"embeddable":true,"href":"https:\/\/brasilnoticias.org\/site\/wp-json\/wp\/v2\/users\/4"}],"replies":[{"embeddable":true,"href":"https:\/\/brasilnoticias.org\/site\/wp-json\/wp\/v2\/comments?post=15552"}],"version-history":[{"count":1,"href":"https:\/\/brasilnoticias.org\/site\/wp-json\/wp\/v2\/posts\/15552\/revisions"}],"predecessor-version":[{"id":15554,"href":"https:\/\/brasilnoticias.org\/site\/wp-json\/wp\/v2\/posts\/15552\/revisions\/15554"}],"wp:featuredmedia":[{"embeddable":true,"href":"https:\/\/brasilnoticias.org\/site\/wp-json\/wp\/v2\/media\/15553"}],"wp:attachment":[{"href":"https:\/\/brasilnoticias.org\/site\/wp-json\/wp\/v2\/media?parent=15552"}],"wp:term":[{"taxonomy":"category","embeddable":true,"href":"https:\/\/brasilnoticias.org\/site\/wp-json\/wp\/v2\/categories?post=15552"},{"taxonomy":"post_tag","embeddable":true,"href":"https:\/\/brasilnoticias.org\/site\/wp-json\/wp\/v2\/tags?post=15552"}],"curies":[{"name":"wp","href":"https:\/\/api.w.org\/{rel}","templated":true}]}}