{"id":15558,"date":"2024-08-19T12:11:15","date_gmt":"2024-08-19T15:11:15","guid":{"rendered":"https:\/\/brasilnoticias.org\/site\/?p=15558"},"modified":"2024-08-19T12:12:15","modified_gmt":"2024-08-19T15:12:15","slug":"fecomercio-ba-avalia-ascensao-de-emprego-na-bahia-em-2024","status":"publish","type":"post","link":"https:\/\/brasilnoticias.org\/site\/fecomercio-ba-avalia-ascensao-de-emprego-na-bahia-em-2024\/","title":{"rendered":"Fecom\u00e9rcio BA avalia ascens\u00e3o de emprego na Bahia em 2024"},"content":{"rendered":"<p>O ano de 2024 tem sido muito positivo para a economia baiana. Dados preliminares da Fecom\u00e9rcio BA apontam o Com\u00e9rcio Varejista crescendo pouco mais de 7% no primeiro semestre deste ano e 13% no setor de Turismo, o percentual mais elevado no pa\u00eds para o per\u00edodo. Mesmo os Servi\u00e7os, de maneira geral, que representam cerca de 70% da economia local, sobem 2%, n\u00e3o muito diferente dos 2,6% da Ind\u00fastria.<\/p>\n<p>\u201cSob qualquer \u00f3tica, a Bahia tem tido um horizonte bastante promissor, e quem mais se beneficia, sem d\u00favida, \u00e9 a nossa popula\u00e7\u00e3o, que consegue aproveitar o momento com as oportunidades de emprego geradas\u201d, constata o presidente do Sistema Com\u00e9rcio BA, Kelsor Fernandes.<\/p>\n<p>A taxa de desemprego no Estado \u00e9 a menor desde 2015, segundo levantamento do IBGE. Atualmente, s\u00e3o 2,1 milh\u00f5es de v\u00ednculos de trabalho formais na Bahia, de acordo com o CAGED \u2013 Cadastro Geral de Empregados e Desempregados, do Minist\u00e9rio do Trabalho. E de janeiro a maio deste ano, houve a cria\u00e7\u00e3o de 54,4 mil vagas.<\/p>\n<p>Desses, 32 mil foram no setor de Servi\u00e7os, o principal da regi\u00e3o, com destaque para a administra\u00e7\u00e3o p\u00fablica, educa\u00e7\u00e3o, sa\u00fade e servi\u00e7os adicionais, com 14,5 mil. O segundo maior saldo no semestre foi da Ind\u00fastria, de 9,8 mil novos postos de trabalho. O Com\u00e9rcio ampliou o estoque de empregados em 5,9 mil, muito mais pelo lado do Atacado (3,6 mil) do que pelo Varejo (665).<\/p>\n<p>\u201cO mercado de trabalho traz in\u00fameros benef\u00edcios para a fam\u00edlia, como o aumento da confian\u00e7a no consumo e maior acessibilidade ao mercado de cr\u00e9dito. Outro ponto importante \u00e9 o ganho real da renda dada a infla\u00e7\u00e3o mais moderada, o que traz um aumento relativo no poder de compra, ampliando a capacidade de consumo tanto no varejo quanto nos servi\u00e7os\u201d, comenta Guilherme Dietze, consultor econ\u00f4mico da Fecom\u00e9rcio BA.<\/p>\n<p>A infla\u00e7\u00e3o no primeiro semestre deste ano foi de 2,46% na Regi\u00e3o Metropolitana de Salvador, o menor percentual para o per\u00edodo desde 2020. O economista pontua ainda que \u201cembora os dados de emprego estejam positivos, \u00e9 necess\u00e1rio destacar os desafios para que haja uma melhora mais consistente. Os aspectos importantes da regi\u00e3o s\u00e3o: o alto grau de depend\u00eancia do programa Bolsa Fam\u00edlia e da baixa forma\u00e7\u00e3o escolar m\u00e9dia, ambos trazendo limita\u00e7\u00f5es na empregabilidade e de um aumento mais expressivo do rendimento m\u00e9dio\u201d.<\/p>\n<p>Na quest\u00e3o da forma\u00e7\u00e3o, o Senac, bra\u00e7o educacional do Sistema Com\u00e9rcio BA, tem tido um papel fundamental na inser\u00e7\u00e3o de muitos trabalhadores no mercado formal, seja como um entrante, seja como uma reposi\u00e7\u00e3o e atualiza\u00e7\u00e3o do curr\u00edculo, atrav\u00e9s dos diversos cursos profissionalizantes.<\/p>\n<p>Segundo o economista, a tend\u00eancia segue positiva, pois os investimentos est\u00e3o chegando de forma expressiva no estado, com destaque para a empresa BYD, de ve\u00edculos el\u00e9tricos, com produ\u00e7\u00e3o na regi\u00e3o de Cama\u00e7ari. Al\u00e9m desse, h\u00e1 investimentos na \u00e1rea de Turismo, na ind\u00fastria hoteleira, na amplia\u00e7\u00e3o de farm\u00e1cias pelo com\u00e9rcio varejista e tudo isso demanda uma carga de trabalhadores, levando a um ciclo de mais oportunidades.<\/p>\n<p>Portanto, \u00e9 o momento de aproveitar a economia com o aumento do consumo e, ao mesmo tempo, tentar consertar os problemas para torn\u00e1-la um ambiente ainda mais favor\u00e1vel para gera\u00e7\u00e3o de emprego na Bahia.<\/p>\n<p>Foto: Divulga\u00e7\u00e3o<br \/>\nFecom\u00e9rcio BA<\/p>\n","protected":false},"excerpt":{"rendered":"<p>O ano de 2024 tem sido muito positivo para a economia baiana. Dados preliminares da Fecom\u00e9rcio BA apontam o Com\u00e9rcio<\/p>\n","protected":false},"author":4,"featured_media":15559,"comment_status":"open","ping_status":"open","sticky":false,"template":"","format":"standard","meta":{"colormag_page_container_layout":"default_layout","colormag_page_sidebar_layout":"default_layout","_FSMCFIC_featured_image_caption":"","_FSMCFIC_featured_image_nocaption":"","_FSMCFIC_featured_image_hide":"","footnotes":""},"categories":[2,1],"tags":[],"class_list":["post-15558","post","type-post","status-publish","format-standard","has-post-thumbnail","hentry","category-noticias","category-ultimas"],"yoast_head":"<!-- This site is optimized with the Yoast SEO plugin v27.1.1 - https:\/\/yoast.com\/product\/yoast-seo-wordpress\/ -->\n<title>Fecom\u00e9rcio BA avalia ascens\u00e3o de emprego na Bahia em 2024 - Brasil not\u00edcias<\/title>\n<meta name=\"robots\" content=\"index, follow, max-snippet:-1, max-image-preview:large, max-video-preview:-1\" \/>\n<link rel=\"canonical\" href=\"https:\/\/brasilnoticias.org\/site\/fecomercio-ba-avalia-ascensao-de-emprego-na-bahia-em-2024\/\" \/>\n<meta property=\"og:locale\" content=\"pt_PT\" \/>\n<meta property=\"og:type\" content=\"article\" \/>\n<meta property=\"og:title\" content=\"Fecom\u00e9rcio BA avalia ascens\u00e3o de emprego na Bahia em 2024 - Brasil not\u00edcias\" \/>\n<meta property=\"og:description\" content=\"O ano de 2024 tem sido muito positivo para a economia baiana. Dados preliminares da Fecom\u00e9rcio BA apontam o Com\u00e9rcio\" \/>\n<meta property=\"og:url\" content=\"https:\/\/brasilnoticias.org\/site\/fecomercio-ba-avalia-ascensao-de-emprego-na-bahia-em-2024\/\" \/>\n<meta property=\"og:site_name\" content=\"Brasil not\u00edcias\" \/>\n<meta property=\"article:published_time\" content=\"2024-08-19T15:11:15+00:00\" \/>\n<meta property=\"article:modified_time\" content=\"2024-08-19T15:12:15+00:00\" \/>\n<meta property=\"og:image\" content=\"https:\/\/brasilnoticias.org\/site\/wp-content\/uploads\/2024\/08\/GettyImages-1636017095-1300x560-1.jpg\" \/>\n\t<meta property=\"og:image:width\" content=\"1300\" \/>\n\t<meta property=\"og:image:height\" content=\"560\" \/>\n\t<meta property=\"og:image:type\" content=\"image\/jpeg\" \/>\n<meta name=\"author\" content=\"Reda\u00e7\u00e3o\" \/>\n<meta name=\"twitter:card\" content=\"summary_large_image\" \/>\n<meta name=\"twitter:label1\" content=\"Escrito por\" \/>\n\t<meta name=\"twitter:data1\" content=\"Reda\u00e7\u00e3o\" \/>\n\t<meta name=\"twitter:label2\" content=\"Tempo estimado de leitura\" \/>\n\t<meta name=\"twitter:data2\" content=\"4 minutos\" \/>\n<script type=\"application\/ld+json\" class=\"yoast-schema-graph\">{\"@context\":\"https:\/\/schema.org\",\"@graph\":[{\"@type\":\"Article\",\"@id\":\"https:\/\/brasilnoticias.org\/site\/fecomercio-ba-avalia-ascensao-de-emprego-na-bahia-em-2024\/#article\",\"isPartOf\":{\"@id\":\"https:\/\/brasilnoticias.org\/site\/fecomercio-ba-avalia-ascensao-de-emprego-na-bahia-em-2024\/\"},\"author\":{\"name\":\"Reda\u00e7\u00e3o\",\"@id\":\"https:\/\/brasilnoticias.org\/site\/#\/schema\/person\/03bbbfe6c7634ad18c26444ea39049fa\"},\"headline\":\"Fecom\u00e9rcio BA avalia ascens\u00e3o de emprego na Bahia em 2024\",\"datePublished\":\"2024-08-19T15:11:15+00:00\",\"dateModified\":\"2024-08-19T15:12:15+00:00\",\"mainEntityOfPage\":{\"@id\":\"https:\/\/brasilnoticias.org\/site\/fecomercio-ba-avalia-ascensao-de-emprego-na-bahia-em-2024\/\"},\"wordCount\":585,\"commentCount\":0,\"publisher\":{\"@id\":\"https:\/\/brasilnoticias.org\/site\/#organization\"},\"image\":{\"@id\":\"https:\/\/brasilnoticias.org\/site\/fecomercio-ba-avalia-ascensao-de-emprego-na-bahia-em-2024\/#primaryimage\"},\"thumbnailUrl\":\"https:\/\/brasilnoticias.org\/site\/wp-content\/uploads\/2024\/08\/GettyImages-1636017095-1300x560-1.jpg\",\"articleSection\":[\"Not\u00edcias\",\"\u00daltimas\"],\"inLanguage\":\"pt-PT\",\"potentialAction\":[{\"@type\":\"CommentAction\",\"name\":\"Comment\",\"target\":[\"https:\/\/brasilnoticias.org\/site\/fecomercio-ba-avalia-ascensao-de-emprego-na-bahia-em-2024\/#respond\"]}]},{\"@type\":\"WebPage\",\"@id\":\"https:\/\/brasilnoticias.org\/site\/fecomercio-ba-avalia-ascensao-de-emprego-na-bahia-em-2024\/\",\"url\":\"https:\/\/brasilnoticias.org\/site\/fecomercio-ba-avalia-ascensao-de-emprego-na-bahia-em-2024\/\",\"name\":\"Fecom\u00e9rcio BA avalia ascens\u00e3o de emprego na Bahia em 2024 - Brasil not\u00edcias\",\"isPartOf\":{\"@id\":\"https:\/\/brasilnoticias.org\/site\/#website\"},\"primaryImageOfPage\":{\"@id\":\"https:\/\/brasilnoticias.org\/site\/fecomercio-ba-avalia-ascensao-de-emprego-na-bahia-em-2024\/#primaryimage\"},\"image\":{\"@id\":\"https:\/\/brasilnoticias.org\/site\/fecomercio-ba-avalia-ascensao-de-emprego-na-bahia-em-2024\/#primaryimage\"},\"thumbnailUrl\":\"https:\/\/brasilnoticias.org\/site\/wp-content\/uploads\/2024\/08\/GettyImages-1636017095-1300x560-1.jpg\",\"datePublished\":\"2024-08-19T15:11:15+00:00\",\"dateModified\":\"2024-08-19T15:12:15+00:00\",\"breadcrumb\":{\"@id\":\"https:\/\/brasilnoticias.org\/site\/fecomercio-ba-avalia-ascensao-de-emprego-na-bahia-em-2024\/#breadcrumb\"},\"inLanguage\":\"pt-PT\",\"potentialAction\":[{\"@type\":\"ReadAction\",\"target\":[\"https:\/\/brasilnoticias.org\/site\/fecomercio-ba-avalia-ascensao-de-emprego-na-bahia-em-2024\/\"]}]},{\"@type\":\"ImageObject\",\"inLanguage\":\"pt-PT\",\"@id\":\"https:\/\/brasilnoticias.org\/site\/fecomercio-ba-avalia-ascensao-de-emprego-na-bahia-em-2024\/#primaryimage\",\"url\":\"https:\/\/brasilnoticias.org\/site\/wp-content\/uploads\/2024\/08\/GettyImages-1636017095-1300x560-1.jpg\",\"contentUrl\":\"https:\/\/brasilnoticias.org\/site\/wp-content\/uploads\/2024\/08\/GettyImages-1636017095-1300x560-1.jpg\",\"width\":1300,\"height\":560},{\"@type\":\"BreadcrumbList\",\"@id\":\"https:\/\/brasilnoticias.org\/site\/fecomercio-ba-avalia-ascensao-de-emprego-na-bahia-em-2024\/#breadcrumb\",\"itemListElement\":[{\"@type\":\"ListItem\",\"position\":1,\"name\":\"In\u00edcio\",\"item\":\"https:\/\/brasilnoticias.org\/site\/\"},{\"@type\":\"ListItem\",\"position\":2,\"name\":\"Fecom\u00e9rcio BA avalia ascens\u00e3o de emprego na Bahia em 2024\"}]},{\"@type\":\"WebSite\",\"@id\":\"https:\/\/brasilnoticias.org\/site\/#website\",\"url\":\"https:\/\/brasilnoticias.org\/site\/\",\"name\":\"Brasil not\u00edcias\",\"description\":\"Brasil not\u00edcias\",\"publisher\":{\"@id\":\"https:\/\/brasilnoticias.org\/site\/#organization\"},\"potentialAction\":[{\"@type\":\"SearchAction\",\"target\":{\"@type\":\"EntryPoint\",\"urlTemplate\":\"https:\/\/brasilnoticias.org\/site\/?s={search_term_string}\"},\"query-input\":{\"@type\":\"PropertyValueSpecification\",\"valueRequired\":true,\"valueName\":\"search_term_string\"}}],\"inLanguage\":\"pt-PT\"},{\"@type\":\"Organization\",\"@id\":\"https:\/\/brasilnoticias.org\/site\/#organization\",\"name\":\"Brasil not\u00edcias\",\"url\":\"https:\/\/brasilnoticias.org\/site\/\",\"logo\":{\"@type\":\"ImageObject\",\"inLanguage\":\"pt-PT\",\"@id\":\"https:\/\/brasilnoticias.org\/site\/#\/schema\/logo\/image\/\",\"url\":\"https:\/\/brasilnoticias.org\/site\/wp-content\/uploads\/2022\/05\/cropped-brasilnoticias-mini.jpg\",\"contentUrl\":\"https:\/\/brasilnoticias.org\/site\/wp-content\/uploads\/2022\/05\/cropped-brasilnoticias-mini.jpg\",\"width\":314,\"height\":86,\"caption\":\"Brasil not\u00edcias\"},\"image\":{\"@id\":\"https:\/\/brasilnoticias.org\/site\/#\/schema\/logo\/image\/\"}},{\"@type\":\"Person\",\"@id\":\"https:\/\/brasilnoticias.org\/site\/#\/schema\/person\/03bbbfe6c7634ad18c26444ea39049fa\",\"name\":\"Reda\u00e7\u00e3o\",\"image\":{\"@type\":\"ImageObject\",\"inLanguage\":\"pt-PT\",\"@id\":\"https:\/\/brasilnoticias.org\/site\/#\/schema\/person\/image\/\",\"url\":\"https:\/\/secure.gravatar.com\/avatar\/9ecaf7327a696cb23ad926fedded5f1f04d7049de9e445375d55b48c001a6e42?s=96&d=mm&r=g\",\"contentUrl\":\"https:\/\/secure.gravatar.com\/avatar\/9ecaf7327a696cb23ad926fedded5f1f04d7049de9e445375d55b48c001a6e42?s=96&d=mm&r=g\",\"caption\":\"Reda\u00e7\u00e3o\"},\"url\":\"https:\/\/brasilnoticias.org\/site\/author\/henrique\/\"}]}<\/script>\n<!-- \/ Yoast SEO plugin. -->","yoast_head_json":{"title":"Fecom\u00e9rcio BA avalia ascens\u00e3o de emprego na Bahia em 2024 - Brasil not\u00edcias","robots":{"index":"index","follow":"follow","max-snippet":"max-snippet:-1","max-image-preview":"max-image-preview:large","max-video-preview":"max-video-preview:-1"},"canonical":"https:\/\/brasilnoticias.org\/site\/fecomercio-ba-avalia-ascensao-de-emprego-na-bahia-em-2024\/","og_locale":"pt_PT","og_type":"article","og_title":"Fecom\u00e9rcio BA avalia ascens\u00e3o de emprego na Bahia em 2024 - Brasil not\u00edcias","og_description":"O ano de 2024 tem sido muito positivo para a economia baiana. Dados preliminares da Fecom\u00e9rcio BA apontam o Com\u00e9rcio","og_url":"https:\/\/brasilnoticias.org\/site\/fecomercio-ba-avalia-ascensao-de-emprego-na-bahia-em-2024\/","og_site_name":"Brasil not\u00edcias","article_published_time":"2024-08-19T15:11:15+00:00","article_modified_time":"2024-08-19T15:12:15+00:00","og_image":[{"width":1300,"height":560,"url":"https:\/\/brasilnoticias.org\/site\/wp-content\/uploads\/2024\/08\/GettyImages-1636017095-1300x560-1.jpg","type":"image\/jpeg"}],"author":"Reda\u00e7\u00e3o","twitter_card":"summary_large_image","twitter_misc":{"Escrito por":"Reda\u00e7\u00e3o","Tempo estimado de leitura":"4 minutos"},"schema":{"@context":"https:\/\/schema.org","@graph":[{"@type":"Article","@id":"https:\/\/brasilnoticias.org\/site\/fecomercio-ba-avalia-ascensao-de-emprego-na-bahia-em-2024\/#article","isPartOf":{"@id":"https:\/\/brasilnoticias.org\/site\/fecomercio-ba-avalia-ascensao-de-emprego-na-bahia-em-2024\/"},"author":{"name":"Reda\u00e7\u00e3o","@id":"https:\/\/brasilnoticias.org\/site\/#\/schema\/person\/03bbbfe6c7634ad18c26444ea39049fa"},"headline":"Fecom\u00e9rcio BA avalia ascens\u00e3o de emprego na Bahia em 2024","datePublished":"2024-08-19T15:11:15+00:00","dateModified":"2024-08-19T15:12:15+00:00","mainEntityOfPage":{"@id":"https:\/\/brasilnoticias.org\/site\/fecomercio-ba-avalia-ascensao-de-emprego-na-bahia-em-2024\/"},"wordCount":585,"commentCount":0,"publisher":{"@id":"https:\/\/brasilnoticias.org\/site\/#organization"},"image":{"@id":"https:\/\/brasilnoticias.org\/site\/fecomercio-ba-avalia-ascensao-de-emprego-na-bahia-em-2024\/#primaryimage"},"thumbnailUrl":"https:\/\/brasilnoticias.org\/site\/wp-content\/uploads\/2024\/08\/GettyImages-1636017095-1300x560-1.jpg","articleSection":["Not\u00edcias","\u00daltimas"],"inLanguage":"pt-PT","potentialAction":[{"@type":"CommentAction","name":"Comment","target":["https:\/\/brasilnoticias.org\/site\/fecomercio-ba-avalia-ascensao-de-emprego-na-bahia-em-2024\/#respond"]}]},{"@type":"WebPage","@id":"https:\/\/brasilnoticias.org\/site\/fecomercio-ba-avalia-ascensao-de-emprego-na-bahia-em-2024\/","url":"https:\/\/brasilnoticias.org\/site\/fecomercio-ba-avalia-ascensao-de-emprego-na-bahia-em-2024\/","name":"Fecom\u00e9rcio BA avalia ascens\u00e3o de emprego na Bahia em 2024 - Brasil not\u00edcias","isPartOf":{"@id":"https:\/\/brasilnoticias.org\/site\/#website"},"primaryImageOfPage":{"@id":"https:\/\/brasilnoticias.org\/site\/fecomercio-ba-avalia-ascensao-de-emprego-na-bahia-em-2024\/#primaryimage"},"image":{"@id":"https:\/\/brasilnoticias.org\/site\/fecomercio-ba-avalia-ascensao-de-emprego-na-bahia-em-2024\/#primaryimage"},"thumbnailUrl":"https:\/\/brasilnoticias.org\/site\/wp-content\/uploads\/2024\/08\/GettyImages-1636017095-1300x560-1.jpg","datePublished":"2024-08-19T15:11:15+00:00","dateModified":"2024-08-19T15:12:15+00:00","breadcrumb":{"@id":"https:\/\/brasilnoticias.org\/site\/fecomercio-ba-avalia-ascensao-de-emprego-na-bahia-em-2024\/#breadcrumb"},"inLanguage":"pt-PT","potentialAction":[{"@type":"ReadAction","target":["https:\/\/brasilnoticias.org\/site\/fecomercio-ba-avalia-ascensao-de-emprego-na-bahia-em-2024\/"]}]},{"@type":"ImageObject","inLanguage":"pt-PT","@id":"https:\/\/brasilnoticias.org\/site\/fecomercio-ba-avalia-ascensao-de-emprego-na-bahia-em-2024\/#primaryimage","url":"https:\/\/brasilnoticias.org\/site\/wp-content\/uploads\/2024\/08\/GettyImages-1636017095-1300x560-1.jpg","contentUrl":"https:\/\/brasilnoticias.org\/site\/wp-content\/uploads\/2024\/08\/GettyImages-1636017095-1300x560-1.jpg","width":1300,"height":560},{"@type":"BreadcrumbList","@id":"https:\/\/brasilnoticias.org\/site\/fecomercio-ba-avalia-ascensao-de-emprego-na-bahia-em-2024\/#breadcrumb","itemListElement":[{"@type":"ListItem","position":1,"name":"In\u00edcio","item":"https:\/\/brasilnoticias.org\/site\/"},{"@type":"ListItem","position":2,"name":"Fecom\u00e9rcio BA avalia ascens\u00e3o de emprego na Bahia em 2024"}]},{"@type":"WebSite","@id":"https:\/\/brasilnoticias.org\/site\/#website","url":"https:\/\/brasilnoticias.org\/site\/","name":"Brasil not\u00edcias","description":"Brasil not\u00edcias","publisher":{"@id":"https:\/\/brasilnoticias.org\/site\/#organization"},"potentialAction":[{"@type":"SearchAction","target":{"@type":"EntryPoint","urlTemplate":"https:\/\/brasilnoticias.org\/site\/?s={search_term_string}"},"query-input":{"@type":"PropertyValueSpecification","valueRequired":true,"valueName":"search_term_string"}}],"inLanguage":"pt-PT"},{"@type":"Organization","@id":"https:\/\/brasilnoticias.org\/site\/#organization","name":"Brasil not\u00edcias","url":"https:\/\/brasilnoticias.org\/site\/","logo":{"@type":"ImageObject","inLanguage":"pt-PT","@id":"https:\/\/brasilnoticias.org\/site\/#\/schema\/logo\/image\/","url":"https:\/\/brasilnoticias.org\/site\/wp-content\/uploads\/2022\/05\/cropped-brasilnoticias-mini.jpg","contentUrl":"https:\/\/brasilnoticias.org\/site\/wp-content\/uploads\/2022\/05\/cropped-brasilnoticias-mini.jpg","width":314,"height":86,"caption":"Brasil not\u00edcias"},"image":{"@id":"https:\/\/brasilnoticias.org\/site\/#\/schema\/logo\/image\/"}},{"@type":"Person","@id":"https:\/\/brasilnoticias.org\/site\/#\/schema\/person\/03bbbfe6c7634ad18c26444ea39049fa","name":"Reda\u00e7\u00e3o","image":{"@type":"ImageObject","inLanguage":"pt-PT","@id":"https:\/\/brasilnoticias.org\/site\/#\/schema\/person\/image\/","url":"https:\/\/secure.gravatar.com\/avatar\/9ecaf7327a696cb23ad926fedded5f1f04d7049de9e445375d55b48c001a6e42?s=96&d=mm&r=g","contentUrl":"https:\/\/secure.gravatar.com\/avatar\/9ecaf7327a696cb23ad926fedded5f1f04d7049de9e445375d55b48c001a6e42?s=96&d=mm&r=g","caption":"Reda\u00e7\u00e3o"},"url":"https:\/\/brasilnoticias.org\/site\/author\/henrique\/"}]}},"_links":{"self":[{"href":"https:\/\/brasilnoticias.org\/site\/wp-json\/wp\/v2\/posts\/15558","targetHints":{"allow":["GET"]}}],"collection":[{"href":"https:\/\/brasilnoticias.org\/site\/wp-json\/wp\/v2\/posts"}],"about":[{"href":"https:\/\/brasilnoticias.org\/site\/wp-json\/wp\/v2\/types\/post"}],"author":[{"embeddable":true,"href":"https:\/\/brasilnoticias.org\/site\/wp-json\/wp\/v2\/users\/4"}],"replies":[{"embeddable":true,"href":"https:\/\/brasilnoticias.org\/site\/wp-json\/wp\/v2\/comments?post=15558"}],"version-history":[{"count":2,"href":"https:\/\/brasilnoticias.org\/site\/wp-json\/wp\/v2\/posts\/15558\/revisions"}],"predecessor-version":[{"id":15561,"href":"https:\/\/brasilnoticias.org\/site\/wp-json\/wp\/v2\/posts\/15558\/revisions\/15561"}],"wp:featuredmedia":[{"embeddable":true,"href":"https:\/\/brasilnoticias.org\/site\/wp-json\/wp\/v2\/media\/15559"}],"wp:attachment":[{"href":"https:\/\/brasilnoticias.org\/site\/wp-json\/wp\/v2\/media?parent=15558"}],"wp:term":[{"taxonomy":"category","embeddable":true,"href":"https:\/\/brasilnoticias.org\/site\/wp-json\/wp\/v2\/categories?post=15558"},{"taxonomy":"post_tag","embeddable":true,"href":"https:\/\/brasilnoticias.org\/site\/wp-json\/wp\/v2\/tags?post=15558"}],"curies":[{"name":"wp","href":"https:\/\/api.w.org\/{rel}","templated":true}]}}