{"id":15562,"date":"2024-08-19T12:14:13","date_gmt":"2024-08-19T15:14:13","guid":{"rendered":"https:\/\/brasilnoticias.org\/site\/?p=15562"},"modified":"2024-08-19T12:14:13","modified_gmt":"2024-08-19T15:14:13","slug":"programa-bnews-agora-estreia-na-cbn-salvador-nesta-segunda-19","status":"publish","type":"post","link":"https:\/\/brasilnoticias.org\/site\/programa-bnews-agora-estreia-na-cbn-salvador-nesta-segunda-19\/","title":{"rendered":"Programa BNews Agora estreia na CBN Salvador nesta segunda (19)"},"content":{"rendered":"<p>Estreia nesta segunda-feira (19), na programa\u00e7\u00e3o da r\u00e1dio CBN Salvador (100,7 FM), o  BNews Agora, que ir\u00e1 ao ar das 15h \u00e0s 16h. O programa \u00e9 fruto da parceria do portal que mais cresce na Bahia e l\u00edder absoluto em audi\u00eancia, o BNews, com a r\u00e1dio CBN Salvador, integrante do Grupo Globo.<\/p>\n<p>A mais nova companhia de todo meio de tarde dos ouvintes baianos, com apresenta\u00e7\u00e3o de Lucas Pacheco, ser\u00e1 repleta de jornalismo \u00e1gil, entrevistas exclusivas, pol\u00edtica, economia, presta\u00e7\u00e3o de servi\u00e7os, boletins do tr\u00e2nsito, entretenimento e esporte.<\/p>\n<p>O programa tamb\u00e9m ser\u00e1 transmitido ao vivo pelo perfil oficial do BNews no Instagram e tamb\u00e9m pelo canal do portal no Youtube. Por l\u00e1, nos coment\u00e1rios, os ouvintes poder\u00e3o participar, dizer o que est\u00e3o achando do programa, o que querem ouvir e o que est\u00e1 acontecendo pela cidade.  <\/p>\n<p>Foto: Arte \/ BNews<br \/>\nBNews<\/p>\n","protected":false},"excerpt":{"rendered":"<p>Estreia nesta segunda-feira (19), na programa\u00e7\u00e3o da r\u00e1dio CBN Salvador (100,7 FM), o BNews Agora, que ir\u00e1 ao ar das<\/p>\n","protected":false},"author":4,"featured_media":15563,"comment_status":"open","ping_status":"open","sticky":false,"template":"","format":"standard","meta":{"colormag_page_container_layout":"default_layout","colormag_page_sidebar_layout":"default_layout","_FSMCFIC_featured_image_caption":"","_FSMCFIC_featured_image_nocaption":"","_FSMCFIC_featured_image_hide":"","footnotes":""},"categories":[2,1],"tags":[],"class_list":["post-15562","post","type-post","status-publish","format-standard","has-post-thumbnail","hentry","category-noticias","category-ultimas"],"yoast_head":"<!-- This site is optimized with the Yoast SEO plugin v27.1.1 - https:\/\/yoast.com\/product\/yoast-seo-wordpress\/ -->\n<title>Programa BNews Agora estreia na CBN Salvador nesta segunda (19) - Brasil not\u00edcias<\/title>\n<meta name=\"robots\" content=\"index, follow, max-snippet:-1, max-image-preview:large, max-video-preview:-1\" \/>\n<link rel=\"canonical\" href=\"https:\/\/brasilnoticias.org\/site\/programa-bnews-agora-estreia-na-cbn-salvador-nesta-segunda-19\/\" \/>\n<meta property=\"og:locale\" content=\"pt_PT\" \/>\n<meta property=\"og:type\" content=\"article\" \/>\n<meta property=\"og:title\" content=\"Programa BNews Agora estreia na CBN Salvador nesta segunda (19) - Brasil not\u00edcias\" \/>\n<meta property=\"og:description\" content=\"Estreia nesta segunda-feira (19), na programa\u00e7\u00e3o da r\u00e1dio CBN Salvador (100,7 FM), o BNews Agora, que ir\u00e1 ao ar das\" \/>\n<meta property=\"og:url\" content=\"https:\/\/brasilnoticias.org\/site\/programa-bnews-agora-estreia-na-cbn-salvador-nesta-segunda-19\/\" \/>\n<meta property=\"og:site_name\" content=\"Brasil not\u00edcias\" \/>\n<meta property=\"article:published_time\" content=\"2024-08-19T15:14:13+00:00\" \/>\n<meta property=\"og:image\" content=\"https:\/\/brasilnoticias.org\/site\/wp-content\/uploads\/2024\/08\/bnews_agora_radio_widelg_widelg.jpg\" \/>\n\t<meta property=\"og:image:width\" content=\"800\" \/>\n\t<meta property=\"og:image:height\" content=\"450\" \/>\n\t<meta property=\"og:image:type\" content=\"image\/jpeg\" \/>\n<meta name=\"author\" content=\"Reda\u00e7\u00e3o\" \/>\n<meta name=\"twitter:card\" content=\"summary_large_image\" \/>\n<meta name=\"twitter:label1\" content=\"Escrito por\" \/>\n\t<meta name=\"twitter:data1\" content=\"Reda\u00e7\u00e3o\" \/>\n\t<meta name=\"twitter:label2\" content=\"Tempo estimado de leitura\" \/>\n\t<meta name=\"twitter:data2\" content=\"1 minuto\" \/>\n<script type=\"application\/ld+json\" class=\"yoast-schema-graph\">{\"@context\":\"https:\/\/schema.org\",\"@graph\":[{\"@type\":\"Article\",\"@id\":\"https:\/\/brasilnoticias.org\/site\/programa-bnews-agora-estreia-na-cbn-salvador-nesta-segunda-19\/#article\",\"isPartOf\":{\"@id\":\"https:\/\/brasilnoticias.org\/site\/programa-bnews-agora-estreia-na-cbn-salvador-nesta-segunda-19\/\"},\"author\":{\"name\":\"Reda\u00e7\u00e3o\",\"@id\":\"https:\/\/brasilnoticias.org\/site\/#\/schema\/person\/03bbbfe6c7634ad18c26444ea39049fa\"},\"headline\":\"Programa BNews Agora estreia na CBN Salvador nesta segunda (19)\",\"datePublished\":\"2024-08-19T15:14:13+00:00\",\"mainEntityOfPage\":{\"@id\":\"https:\/\/brasilnoticias.org\/site\/programa-bnews-agora-estreia-na-cbn-salvador-nesta-segunda-19\/\"},\"wordCount\":160,\"commentCount\":0,\"publisher\":{\"@id\":\"https:\/\/brasilnoticias.org\/site\/#organization\"},\"image\":{\"@id\":\"https:\/\/brasilnoticias.org\/site\/programa-bnews-agora-estreia-na-cbn-salvador-nesta-segunda-19\/#primaryimage\"},\"thumbnailUrl\":\"https:\/\/brasilnoticias.org\/site\/wp-content\/uploads\/2024\/08\/bnews_agora_radio_widelg_widelg.jpg\",\"articleSection\":[\"Not\u00edcias\",\"\u00daltimas\"],\"inLanguage\":\"pt-PT\",\"potentialAction\":[{\"@type\":\"CommentAction\",\"name\":\"Comment\",\"target\":[\"https:\/\/brasilnoticias.org\/site\/programa-bnews-agora-estreia-na-cbn-salvador-nesta-segunda-19\/#respond\"]}]},{\"@type\":\"WebPage\",\"@id\":\"https:\/\/brasilnoticias.org\/site\/programa-bnews-agora-estreia-na-cbn-salvador-nesta-segunda-19\/\",\"url\":\"https:\/\/brasilnoticias.org\/site\/programa-bnews-agora-estreia-na-cbn-salvador-nesta-segunda-19\/\",\"name\":\"Programa BNews Agora estreia na CBN Salvador nesta segunda (19) - Brasil not\u00edcias\",\"isPartOf\":{\"@id\":\"https:\/\/brasilnoticias.org\/site\/#website\"},\"primaryImageOfPage\":{\"@id\":\"https:\/\/brasilnoticias.org\/site\/programa-bnews-agora-estreia-na-cbn-salvador-nesta-segunda-19\/#primaryimage\"},\"image\":{\"@id\":\"https:\/\/brasilnoticias.org\/site\/programa-bnews-agora-estreia-na-cbn-salvador-nesta-segunda-19\/#primaryimage\"},\"thumbnailUrl\":\"https:\/\/brasilnoticias.org\/site\/wp-content\/uploads\/2024\/08\/bnews_agora_radio_widelg_widelg.jpg\",\"datePublished\":\"2024-08-19T15:14:13+00:00\",\"breadcrumb\":{\"@id\":\"https:\/\/brasilnoticias.org\/site\/programa-bnews-agora-estreia-na-cbn-salvador-nesta-segunda-19\/#breadcrumb\"},\"inLanguage\":\"pt-PT\",\"potentialAction\":[{\"@type\":\"ReadAction\",\"target\":[\"https:\/\/brasilnoticias.org\/site\/programa-bnews-agora-estreia-na-cbn-salvador-nesta-segunda-19\/\"]}]},{\"@type\":\"ImageObject\",\"inLanguage\":\"pt-PT\",\"@id\":\"https:\/\/brasilnoticias.org\/site\/programa-bnews-agora-estreia-na-cbn-salvador-nesta-segunda-19\/#primaryimage\",\"url\":\"https:\/\/brasilnoticias.org\/site\/wp-content\/uploads\/2024\/08\/bnews_agora_radio_widelg_widelg.jpg\",\"contentUrl\":\"https:\/\/brasilnoticias.org\/site\/wp-content\/uploads\/2024\/08\/bnews_agora_radio_widelg_widelg.jpg\",\"width\":800,\"height\":450},{\"@type\":\"BreadcrumbList\",\"@id\":\"https:\/\/brasilnoticias.org\/site\/programa-bnews-agora-estreia-na-cbn-salvador-nesta-segunda-19\/#breadcrumb\",\"itemListElement\":[{\"@type\":\"ListItem\",\"position\":1,\"name\":\"In\u00edcio\",\"item\":\"https:\/\/brasilnoticias.org\/site\/\"},{\"@type\":\"ListItem\",\"position\":2,\"name\":\"Programa BNews Agora estreia na CBN Salvador nesta segunda (19)\"}]},{\"@type\":\"WebSite\",\"@id\":\"https:\/\/brasilnoticias.org\/site\/#website\",\"url\":\"https:\/\/brasilnoticias.org\/site\/\",\"name\":\"Brasil not\u00edcias\",\"description\":\"Brasil not\u00edcias\",\"publisher\":{\"@id\":\"https:\/\/brasilnoticias.org\/site\/#organization\"},\"potentialAction\":[{\"@type\":\"SearchAction\",\"target\":{\"@type\":\"EntryPoint\",\"urlTemplate\":\"https:\/\/brasilnoticias.org\/site\/?s={search_term_string}\"},\"query-input\":{\"@type\":\"PropertyValueSpecification\",\"valueRequired\":true,\"valueName\":\"search_term_string\"}}],\"inLanguage\":\"pt-PT\"},{\"@type\":\"Organization\",\"@id\":\"https:\/\/brasilnoticias.org\/site\/#organization\",\"name\":\"Brasil not\u00edcias\",\"url\":\"https:\/\/brasilnoticias.org\/site\/\",\"logo\":{\"@type\":\"ImageObject\",\"inLanguage\":\"pt-PT\",\"@id\":\"https:\/\/brasilnoticias.org\/site\/#\/schema\/logo\/image\/\",\"url\":\"https:\/\/brasilnoticias.org\/site\/wp-content\/uploads\/2022\/05\/cropped-brasilnoticias-mini.jpg\",\"contentUrl\":\"https:\/\/brasilnoticias.org\/site\/wp-content\/uploads\/2022\/05\/cropped-brasilnoticias-mini.jpg\",\"width\":314,\"height\":86,\"caption\":\"Brasil not\u00edcias\"},\"image\":{\"@id\":\"https:\/\/brasilnoticias.org\/site\/#\/schema\/logo\/image\/\"}},{\"@type\":\"Person\",\"@id\":\"https:\/\/brasilnoticias.org\/site\/#\/schema\/person\/03bbbfe6c7634ad18c26444ea39049fa\",\"name\":\"Reda\u00e7\u00e3o\",\"image\":{\"@type\":\"ImageObject\",\"inLanguage\":\"pt-PT\",\"@id\":\"https:\/\/brasilnoticias.org\/site\/#\/schema\/person\/image\/\",\"url\":\"https:\/\/secure.gravatar.com\/avatar\/9ecaf7327a696cb23ad926fedded5f1f04d7049de9e445375d55b48c001a6e42?s=96&d=mm&r=g\",\"contentUrl\":\"https:\/\/secure.gravatar.com\/avatar\/9ecaf7327a696cb23ad926fedded5f1f04d7049de9e445375d55b48c001a6e42?s=96&d=mm&r=g\",\"caption\":\"Reda\u00e7\u00e3o\"},\"url\":\"https:\/\/brasilnoticias.org\/site\/author\/henrique\/\"}]}<\/script>\n<!-- \/ Yoast SEO plugin. -->","yoast_head_json":{"title":"Programa BNews Agora estreia na CBN Salvador nesta segunda (19) - Brasil not\u00edcias","robots":{"index":"index","follow":"follow","max-snippet":"max-snippet:-1","max-image-preview":"max-image-preview:large","max-video-preview":"max-video-preview:-1"},"canonical":"https:\/\/brasilnoticias.org\/site\/programa-bnews-agora-estreia-na-cbn-salvador-nesta-segunda-19\/","og_locale":"pt_PT","og_type":"article","og_title":"Programa BNews Agora estreia na CBN Salvador nesta segunda (19) - Brasil not\u00edcias","og_description":"Estreia nesta segunda-feira (19), na programa\u00e7\u00e3o da r\u00e1dio CBN Salvador (100,7 FM), o BNews Agora, que ir\u00e1 ao ar das","og_url":"https:\/\/brasilnoticias.org\/site\/programa-bnews-agora-estreia-na-cbn-salvador-nesta-segunda-19\/","og_site_name":"Brasil not\u00edcias","article_published_time":"2024-08-19T15:14:13+00:00","og_image":[{"width":800,"height":450,"url":"https:\/\/brasilnoticias.org\/site\/wp-content\/uploads\/2024\/08\/bnews_agora_radio_widelg_widelg.jpg","type":"image\/jpeg"}],"author":"Reda\u00e7\u00e3o","twitter_card":"summary_large_image","twitter_misc":{"Escrito por":"Reda\u00e7\u00e3o","Tempo estimado de leitura":"1 minuto"},"schema":{"@context":"https:\/\/schema.org","@graph":[{"@type":"Article","@id":"https:\/\/brasilnoticias.org\/site\/programa-bnews-agora-estreia-na-cbn-salvador-nesta-segunda-19\/#article","isPartOf":{"@id":"https:\/\/brasilnoticias.org\/site\/programa-bnews-agora-estreia-na-cbn-salvador-nesta-segunda-19\/"},"author":{"name":"Reda\u00e7\u00e3o","@id":"https:\/\/brasilnoticias.org\/site\/#\/schema\/person\/03bbbfe6c7634ad18c26444ea39049fa"},"headline":"Programa BNews Agora estreia na CBN Salvador nesta segunda (19)","datePublished":"2024-08-19T15:14:13+00:00","mainEntityOfPage":{"@id":"https:\/\/brasilnoticias.org\/site\/programa-bnews-agora-estreia-na-cbn-salvador-nesta-segunda-19\/"},"wordCount":160,"commentCount":0,"publisher":{"@id":"https:\/\/brasilnoticias.org\/site\/#organization"},"image":{"@id":"https:\/\/brasilnoticias.org\/site\/programa-bnews-agora-estreia-na-cbn-salvador-nesta-segunda-19\/#primaryimage"},"thumbnailUrl":"https:\/\/brasilnoticias.org\/site\/wp-content\/uploads\/2024\/08\/bnews_agora_radio_widelg_widelg.jpg","articleSection":["Not\u00edcias","\u00daltimas"],"inLanguage":"pt-PT","potentialAction":[{"@type":"CommentAction","name":"Comment","target":["https:\/\/brasilnoticias.org\/site\/programa-bnews-agora-estreia-na-cbn-salvador-nesta-segunda-19\/#respond"]}]},{"@type":"WebPage","@id":"https:\/\/brasilnoticias.org\/site\/programa-bnews-agora-estreia-na-cbn-salvador-nesta-segunda-19\/","url":"https:\/\/brasilnoticias.org\/site\/programa-bnews-agora-estreia-na-cbn-salvador-nesta-segunda-19\/","name":"Programa BNews Agora estreia na CBN Salvador nesta segunda (19) - Brasil not\u00edcias","isPartOf":{"@id":"https:\/\/brasilnoticias.org\/site\/#website"},"primaryImageOfPage":{"@id":"https:\/\/brasilnoticias.org\/site\/programa-bnews-agora-estreia-na-cbn-salvador-nesta-segunda-19\/#primaryimage"},"image":{"@id":"https:\/\/brasilnoticias.org\/site\/programa-bnews-agora-estreia-na-cbn-salvador-nesta-segunda-19\/#primaryimage"},"thumbnailUrl":"https:\/\/brasilnoticias.org\/site\/wp-content\/uploads\/2024\/08\/bnews_agora_radio_widelg_widelg.jpg","datePublished":"2024-08-19T15:14:13+00:00","breadcrumb":{"@id":"https:\/\/brasilnoticias.org\/site\/programa-bnews-agora-estreia-na-cbn-salvador-nesta-segunda-19\/#breadcrumb"},"inLanguage":"pt-PT","potentialAction":[{"@type":"ReadAction","target":["https:\/\/brasilnoticias.org\/site\/programa-bnews-agora-estreia-na-cbn-salvador-nesta-segunda-19\/"]}]},{"@type":"ImageObject","inLanguage":"pt-PT","@id":"https:\/\/brasilnoticias.org\/site\/programa-bnews-agora-estreia-na-cbn-salvador-nesta-segunda-19\/#primaryimage","url":"https:\/\/brasilnoticias.org\/site\/wp-content\/uploads\/2024\/08\/bnews_agora_radio_widelg_widelg.jpg","contentUrl":"https:\/\/brasilnoticias.org\/site\/wp-content\/uploads\/2024\/08\/bnews_agora_radio_widelg_widelg.jpg","width":800,"height":450},{"@type":"BreadcrumbList","@id":"https:\/\/brasilnoticias.org\/site\/programa-bnews-agora-estreia-na-cbn-salvador-nesta-segunda-19\/#breadcrumb","itemListElement":[{"@type":"ListItem","position":1,"name":"In\u00edcio","item":"https:\/\/brasilnoticias.org\/site\/"},{"@type":"ListItem","position":2,"name":"Programa BNews Agora estreia na CBN Salvador nesta segunda (19)"}]},{"@type":"WebSite","@id":"https:\/\/brasilnoticias.org\/site\/#website","url":"https:\/\/brasilnoticias.org\/site\/","name":"Brasil not\u00edcias","description":"Brasil not\u00edcias","publisher":{"@id":"https:\/\/brasilnoticias.org\/site\/#organization"},"potentialAction":[{"@type":"SearchAction","target":{"@type":"EntryPoint","urlTemplate":"https:\/\/brasilnoticias.org\/site\/?s={search_term_string}"},"query-input":{"@type":"PropertyValueSpecification","valueRequired":true,"valueName":"search_term_string"}}],"inLanguage":"pt-PT"},{"@type":"Organization","@id":"https:\/\/brasilnoticias.org\/site\/#organization","name":"Brasil not\u00edcias","url":"https:\/\/brasilnoticias.org\/site\/","logo":{"@type":"ImageObject","inLanguage":"pt-PT","@id":"https:\/\/brasilnoticias.org\/site\/#\/schema\/logo\/image\/","url":"https:\/\/brasilnoticias.org\/site\/wp-content\/uploads\/2022\/05\/cropped-brasilnoticias-mini.jpg","contentUrl":"https:\/\/brasilnoticias.org\/site\/wp-content\/uploads\/2022\/05\/cropped-brasilnoticias-mini.jpg","width":314,"height":86,"caption":"Brasil not\u00edcias"},"image":{"@id":"https:\/\/brasilnoticias.org\/site\/#\/schema\/logo\/image\/"}},{"@type":"Person","@id":"https:\/\/brasilnoticias.org\/site\/#\/schema\/person\/03bbbfe6c7634ad18c26444ea39049fa","name":"Reda\u00e7\u00e3o","image":{"@type":"ImageObject","inLanguage":"pt-PT","@id":"https:\/\/brasilnoticias.org\/site\/#\/schema\/person\/image\/","url":"https:\/\/secure.gravatar.com\/avatar\/9ecaf7327a696cb23ad926fedded5f1f04d7049de9e445375d55b48c001a6e42?s=96&d=mm&r=g","contentUrl":"https:\/\/secure.gravatar.com\/avatar\/9ecaf7327a696cb23ad926fedded5f1f04d7049de9e445375d55b48c001a6e42?s=96&d=mm&r=g","caption":"Reda\u00e7\u00e3o"},"url":"https:\/\/brasilnoticias.org\/site\/author\/henrique\/"}]}},"_links":{"self":[{"href":"https:\/\/brasilnoticias.org\/site\/wp-json\/wp\/v2\/posts\/15562","targetHints":{"allow":["GET"]}}],"collection":[{"href":"https:\/\/brasilnoticias.org\/site\/wp-json\/wp\/v2\/posts"}],"about":[{"href":"https:\/\/brasilnoticias.org\/site\/wp-json\/wp\/v2\/types\/post"}],"author":[{"embeddable":true,"href":"https:\/\/brasilnoticias.org\/site\/wp-json\/wp\/v2\/users\/4"}],"replies":[{"embeddable":true,"href":"https:\/\/brasilnoticias.org\/site\/wp-json\/wp\/v2\/comments?post=15562"}],"version-history":[{"count":1,"href":"https:\/\/brasilnoticias.org\/site\/wp-json\/wp\/v2\/posts\/15562\/revisions"}],"predecessor-version":[{"id":15564,"href":"https:\/\/brasilnoticias.org\/site\/wp-json\/wp\/v2\/posts\/15562\/revisions\/15564"}],"wp:featuredmedia":[{"embeddable":true,"href":"https:\/\/brasilnoticias.org\/site\/wp-json\/wp\/v2\/media\/15563"}],"wp:attachment":[{"href":"https:\/\/brasilnoticias.org\/site\/wp-json\/wp\/v2\/media?parent=15562"}],"wp:term":[{"taxonomy":"category","embeddable":true,"href":"https:\/\/brasilnoticias.org\/site\/wp-json\/wp\/v2\/categories?post=15562"},{"taxonomy":"post_tag","embeddable":true,"href":"https:\/\/brasilnoticias.org\/site\/wp-json\/wp\/v2\/tags?post=15562"}],"curies":[{"name":"wp","href":"https:\/\/api.w.org\/{rel}","templated":true}]}}