{"id":15565,"date":"2024-08-19T12:18:56","date_gmt":"2024-08-19T15:18:56","guid":{"rendered":"https:\/\/brasilnoticias.org\/site\/?p=15565"},"modified":"2024-08-19T12:18:56","modified_gmt":"2024-08-19T15:18:56","slug":"no-barradao-vitoria-encara-o-cruzeiro-para-sair-do-z-4-da-serie-a-provaveis-escalacoes","status":"publish","type":"post","link":"https:\/\/brasilnoticias.org\/site\/no-barradao-vitoria-encara-o-cruzeiro-para-sair-do-z-4-da-serie-a-provaveis-escalacoes\/","title":{"rendered":"No Barrad\u00e3o, Vit\u00f3ria encara o Cruzeiro para sair do Z-4 da S\u00e9rie A; prov\u00e1veis escala\u00e7\u00f5es"},"content":{"rendered":"<p>Com o alerta ligado, o Vit\u00f3ria encara o Cruzeiro nesta segunda-feira (19), \u00e0s 20h, com a miss\u00e3o de sair do Z-4 da S\u00e9rie A do Campeonato Brasileiro. A partida acontece no Barrad\u00e3o, v\u00e1lida pela 23\u00aa rodada da competi\u00e7\u00e3o.<\/p>\n<p>Na 17\u00aa coloca\u00e7\u00e3o com 21 pontos, o Le\u00e3o da Barra precisa de apenas um empate para sair da zona da degola e empurrar o Corinthians. A equipe paulista tem 22 pontos, mas dois triunfos a menos que o Vit\u00f3ria.<\/p>\n<p>Como vem o Le\u00e3o?<\/p>\n<p>A volta de Matheusinho \u00e9 a principal not\u00edcia do Vit\u00f3ria. O meio-campista cumpriu suspens\u00e3o contra o Bahia na \u00faltima rodada e volta a estar dispon\u00edvel. Janderson, titular no Ba-Vi, n\u00e3o foi relacionado para acompanhar o nascimento da filha.<\/p>\n<p>Prov\u00e1vel escala\u00e7\u00e3o: Lucas Arcanjo; Willean Lepo, Neris, Wagner Leonardo e Lucas Esteves; Luan, Ricardo Ryller e Machado; Matheusinho, Osvaldo e Alerrandro.<\/p>\n<p>Pendurados: Lucas Arcanjo, Muriel, Wagner Leonardo, Janderson e Alerrandro;<\/p>\n<p>Quem est\u00e1 fora: Willian Oliveira e Thiago Carpini (suspensos); Pablo (catapora); Camutanga (les\u00e3o); Janderson (motivos pessoais).<\/p>\n<p>E o Cruzeiro?<\/p>\n<p>Sem vencer h\u00e1 tr\u00eas partidas na temporada, o Cruzeiro tenta recuperar o bom momento. Mesmo precisando vencer, o t\u00e9cnico Fernando Seabra deve poupar titulares, visando as oitavas de final da Copa Sul-Americana, contra o Boca Juniors.<\/p>\n<p>Prov\u00e1vel escala\u00e7\u00e3o: C\u00e1ssio; Lucas Romero, Z\u00e9 Ivaldo (Jonathan), Villalba e Kaiki; Walace (Ramiro), Lucas Silva, Matheus Henrique e \u00c1lvaro Barreal; Lautaro D\u00edaz (Arthur Gomes) e Kaio Jorge (Juan Dinenno).<\/p>\n<p>Pendurados: Kaiki, Lucas Romero, Matheus Henrique, Matheus Pereira, Rafa Silva, Ramiro, Vitinho e William<\/p>\n<p>Quem est\u00e1 fora: William (poupado); Wesley Gasolina (op\u00e7\u00e3o); Gabriel Veron (transi\u00e7\u00e3o) e Rafa Silva (les\u00e3o)<\/p>\n<p>FICHA T\u00c9CNICA<br \/>\nVit\u00f3ria x Cruzeiro<br \/>\nCampeonato Brasileiro &#8211; 23\u00aa rodada<br \/>\nLocal: Est\u00e1dio Manoela Barradas<br \/>\nData: 19\/08\/2024<br \/>\nHor\u00e1rio: 20h<br \/>\n\u00c1rbitro: Marcelo de Lima Henrique (CE)<br \/>\nAssistentes:  Nailton Junior de Sousa Oliveira e Renan Aguiar da Costa, ambos do Cear\u00e1<br \/>\nVAR: Daniel Nobre Bins (RS)<br \/>\nTransmiss\u00e3o: Sportv e Premiere<\/p>\n<p>Foto: Divulga\u00e7\u00e3o\/ECVit\u00f3ria<br \/>\nBNews<\/p>\n","protected":false},"excerpt":{"rendered":"<p>Com o alerta ligado, o Vit\u00f3ria encara o Cruzeiro nesta segunda-feira (19), \u00e0s 20h, com a miss\u00e3o de sair do<\/p>\n","protected":false},"author":4,"featured_media":15566,"comment_status":"open","ping_status":"open","sticky":false,"template":"","format":"standard","meta":{"colormag_page_container_layout":"default_layout","colormag_page_sidebar_layout":"default_layout","_FSMCFIC_featured_image_caption":"","_FSMCFIC_featured_image_nocaption":"","_FSMCFIC_featured_image_hide":"","footnotes":""},"categories":[4,1],"tags":[],"class_list":["post-15565","post","type-post","status-publish","format-standard","has-post-thumbnail","hentry","category-esporte","category-ultimas"],"yoast_head":"<!-- This site is optimized with the Yoast SEO plugin v27.1.1 - https:\/\/yoast.com\/product\/yoast-seo-wordpress\/ -->\n<title>No Barrad\u00e3o, Vit\u00f3ria encara o Cruzeiro para sair do Z-4 da S\u00e9rie A; prov\u00e1veis escala\u00e7\u00f5es - Brasil not\u00edcias<\/title>\n<meta name=\"robots\" content=\"index, follow, max-snippet:-1, max-image-preview:large, max-video-preview:-1\" \/>\n<link rel=\"canonical\" href=\"https:\/\/brasilnoticias.org\/site\/no-barradao-vitoria-encara-o-cruzeiro-para-sair-do-z-4-da-serie-a-provaveis-escalacoes\/\" \/>\n<meta property=\"og:locale\" content=\"pt_PT\" \/>\n<meta property=\"og:type\" content=\"article\" \/>\n<meta property=\"og:title\" content=\"No Barrad\u00e3o, Vit\u00f3ria encara o Cruzeiro para sair do Z-4 da S\u00e9rie A; prov\u00e1veis escala\u00e7\u00f5es - Brasil not\u00edcias\" \/>\n<meta property=\"og:description\" content=\"Com o alerta ligado, o Vit\u00f3ria encara o Cruzeiro nesta segunda-feira (19), \u00e0s 20h, com a miss\u00e3o de sair do\" \/>\n<meta property=\"og:url\" content=\"https:\/\/brasilnoticias.org\/site\/no-barradao-vitoria-encara-o-cruzeiro-para-sair-do-z-4-da-serie-a-provaveis-escalacoes\/\" \/>\n<meta property=\"og:site_name\" content=\"Brasil not\u00edcias\" \/>\n<meta property=\"article:published_time\" content=\"2024-08-19T15:18:56+00:00\" \/>\n<meta property=\"og:image\" content=\"https:\/\/brasilnoticias.org\/site\/wp-content\/uploads\/2024\/08\/53884905336_7502dcb83d_c_widelg.jpg\" \/>\n\t<meta property=\"og:image:width\" content=\"800\" \/>\n\t<meta property=\"og:image:height\" content=\"450\" \/>\n\t<meta property=\"og:image:type\" content=\"image\/jpeg\" \/>\n<meta name=\"author\" content=\"Reda\u00e7\u00e3o\" \/>\n<meta name=\"twitter:card\" content=\"summary_large_image\" \/>\n<meta name=\"twitter:label1\" content=\"Escrito por\" \/>\n\t<meta name=\"twitter:data1\" content=\"Reda\u00e7\u00e3o\" \/>\n\t<meta name=\"twitter:label2\" content=\"Tempo estimado de leitura\" \/>\n\t<meta name=\"twitter:data2\" content=\"1 minuto\" \/>\n<script type=\"application\/ld+json\" class=\"yoast-schema-graph\">{\"@context\":\"https:\/\/schema.org\",\"@graph\":[{\"@type\":\"Article\",\"@id\":\"https:\/\/brasilnoticias.org\/site\/no-barradao-vitoria-encara-o-cruzeiro-para-sair-do-z-4-da-serie-a-provaveis-escalacoes\/#article\",\"isPartOf\":{\"@id\":\"https:\/\/brasilnoticias.org\/site\/no-barradao-vitoria-encara-o-cruzeiro-para-sair-do-z-4-da-serie-a-provaveis-escalacoes\/\"},\"author\":{\"name\":\"Reda\u00e7\u00e3o\",\"@id\":\"https:\/\/brasilnoticias.org\/site\/#\/schema\/person\/03bbbfe6c7634ad18c26444ea39049fa\"},\"headline\":\"No Barrad\u00e3o, Vit\u00f3ria encara o Cruzeiro para sair do Z-4 da S\u00e9rie A; prov\u00e1veis escala\u00e7\u00f5es\",\"datePublished\":\"2024-08-19T15:18:56+00:00\",\"mainEntityOfPage\":{\"@id\":\"https:\/\/brasilnoticias.org\/site\/no-barradao-vitoria-encara-o-cruzeiro-para-sair-do-z-4-da-serie-a-provaveis-escalacoes\/\"},\"wordCount\":359,\"commentCount\":0,\"publisher\":{\"@id\":\"https:\/\/brasilnoticias.org\/site\/#organization\"},\"image\":{\"@id\":\"https:\/\/brasilnoticias.org\/site\/no-barradao-vitoria-encara-o-cruzeiro-para-sair-do-z-4-da-serie-a-provaveis-escalacoes\/#primaryimage\"},\"thumbnailUrl\":\"https:\/\/brasilnoticias.org\/site\/wp-content\/uploads\/2024\/08\/53884905336_7502dcb83d_c_widelg.jpg\",\"articleSection\":[\"Esporte\",\"\u00daltimas\"],\"inLanguage\":\"pt-PT\",\"potentialAction\":[{\"@type\":\"CommentAction\",\"name\":\"Comment\",\"target\":[\"https:\/\/brasilnoticias.org\/site\/no-barradao-vitoria-encara-o-cruzeiro-para-sair-do-z-4-da-serie-a-provaveis-escalacoes\/#respond\"]}]},{\"@type\":\"WebPage\",\"@id\":\"https:\/\/brasilnoticias.org\/site\/no-barradao-vitoria-encara-o-cruzeiro-para-sair-do-z-4-da-serie-a-provaveis-escalacoes\/\",\"url\":\"https:\/\/brasilnoticias.org\/site\/no-barradao-vitoria-encara-o-cruzeiro-para-sair-do-z-4-da-serie-a-provaveis-escalacoes\/\",\"name\":\"No Barrad\u00e3o, Vit\u00f3ria encara o Cruzeiro para sair do Z-4 da S\u00e9rie A; prov\u00e1veis escala\u00e7\u00f5es - Brasil not\u00edcias\",\"isPartOf\":{\"@id\":\"https:\/\/brasilnoticias.org\/site\/#website\"},\"primaryImageOfPage\":{\"@id\":\"https:\/\/brasilnoticias.org\/site\/no-barradao-vitoria-encara-o-cruzeiro-para-sair-do-z-4-da-serie-a-provaveis-escalacoes\/#primaryimage\"},\"image\":{\"@id\":\"https:\/\/brasilnoticias.org\/site\/no-barradao-vitoria-encara-o-cruzeiro-para-sair-do-z-4-da-serie-a-provaveis-escalacoes\/#primaryimage\"},\"thumbnailUrl\":\"https:\/\/brasilnoticias.org\/site\/wp-content\/uploads\/2024\/08\/53884905336_7502dcb83d_c_widelg.jpg\",\"datePublished\":\"2024-08-19T15:18:56+00:00\",\"breadcrumb\":{\"@id\":\"https:\/\/brasilnoticias.org\/site\/no-barradao-vitoria-encara-o-cruzeiro-para-sair-do-z-4-da-serie-a-provaveis-escalacoes\/#breadcrumb\"},\"inLanguage\":\"pt-PT\",\"potentialAction\":[{\"@type\":\"ReadAction\",\"target\":[\"https:\/\/brasilnoticias.org\/site\/no-barradao-vitoria-encara-o-cruzeiro-para-sair-do-z-4-da-serie-a-provaveis-escalacoes\/\"]}]},{\"@type\":\"ImageObject\",\"inLanguage\":\"pt-PT\",\"@id\":\"https:\/\/brasilnoticias.org\/site\/no-barradao-vitoria-encara-o-cruzeiro-para-sair-do-z-4-da-serie-a-provaveis-escalacoes\/#primaryimage\",\"url\":\"https:\/\/brasilnoticias.org\/site\/wp-content\/uploads\/2024\/08\/53884905336_7502dcb83d_c_widelg.jpg\",\"contentUrl\":\"https:\/\/brasilnoticias.org\/site\/wp-content\/uploads\/2024\/08\/53884905336_7502dcb83d_c_widelg.jpg\",\"width\":800,\"height\":450},{\"@type\":\"BreadcrumbList\",\"@id\":\"https:\/\/brasilnoticias.org\/site\/no-barradao-vitoria-encara-o-cruzeiro-para-sair-do-z-4-da-serie-a-provaveis-escalacoes\/#breadcrumb\",\"itemListElement\":[{\"@type\":\"ListItem\",\"position\":1,\"name\":\"In\u00edcio\",\"item\":\"https:\/\/brasilnoticias.org\/site\/\"},{\"@type\":\"ListItem\",\"position\":2,\"name\":\"No Barrad\u00e3o, Vit\u00f3ria encara o Cruzeiro para sair do Z-4 da S\u00e9rie A; prov\u00e1veis escala\u00e7\u00f5es\"}]},{\"@type\":\"WebSite\",\"@id\":\"https:\/\/brasilnoticias.org\/site\/#website\",\"url\":\"https:\/\/brasilnoticias.org\/site\/\",\"name\":\"Brasil not\u00edcias\",\"description\":\"Brasil not\u00edcias\",\"publisher\":{\"@id\":\"https:\/\/brasilnoticias.org\/site\/#organization\"},\"potentialAction\":[{\"@type\":\"SearchAction\",\"target\":{\"@type\":\"EntryPoint\",\"urlTemplate\":\"https:\/\/brasilnoticias.org\/site\/?s={search_term_string}\"},\"query-input\":{\"@type\":\"PropertyValueSpecification\",\"valueRequired\":true,\"valueName\":\"search_term_string\"}}],\"inLanguage\":\"pt-PT\"},{\"@type\":\"Organization\",\"@id\":\"https:\/\/brasilnoticias.org\/site\/#organization\",\"name\":\"Brasil not\u00edcias\",\"url\":\"https:\/\/brasilnoticias.org\/site\/\",\"logo\":{\"@type\":\"ImageObject\",\"inLanguage\":\"pt-PT\",\"@id\":\"https:\/\/brasilnoticias.org\/site\/#\/schema\/logo\/image\/\",\"url\":\"https:\/\/brasilnoticias.org\/site\/wp-content\/uploads\/2022\/05\/cropped-brasilnoticias-mini.jpg\",\"contentUrl\":\"https:\/\/brasilnoticias.org\/site\/wp-content\/uploads\/2022\/05\/cropped-brasilnoticias-mini.jpg\",\"width\":314,\"height\":86,\"caption\":\"Brasil not\u00edcias\"},\"image\":{\"@id\":\"https:\/\/brasilnoticias.org\/site\/#\/schema\/logo\/image\/\"}},{\"@type\":\"Person\",\"@id\":\"https:\/\/brasilnoticias.org\/site\/#\/schema\/person\/03bbbfe6c7634ad18c26444ea39049fa\",\"name\":\"Reda\u00e7\u00e3o\",\"image\":{\"@type\":\"ImageObject\",\"inLanguage\":\"pt-PT\",\"@id\":\"https:\/\/brasilnoticias.org\/site\/#\/schema\/person\/image\/\",\"url\":\"https:\/\/secure.gravatar.com\/avatar\/9ecaf7327a696cb23ad926fedded5f1f04d7049de9e445375d55b48c001a6e42?s=96&d=mm&r=g\",\"contentUrl\":\"https:\/\/secure.gravatar.com\/avatar\/9ecaf7327a696cb23ad926fedded5f1f04d7049de9e445375d55b48c001a6e42?s=96&d=mm&r=g\",\"caption\":\"Reda\u00e7\u00e3o\"},\"url\":\"https:\/\/brasilnoticias.org\/site\/author\/henrique\/\"}]}<\/script>\n<!-- \/ Yoast SEO plugin. -->","yoast_head_json":{"title":"No Barrad\u00e3o, Vit\u00f3ria encara o Cruzeiro para sair do Z-4 da S\u00e9rie A; prov\u00e1veis escala\u00e7\u00f5es - Brasil not\u00edcias","robots":{"index":"index","follow":"follow","max-snippet":"max-snippet:-1","max-image-preview":"max-image-preview:large","max-video-preview":"max-video-preview:-1"},"canonical":"https:\/\/brasilnoticias.org\/site\/no-barradao-vitoria-encara-o-cruzeiro-para-sair-do-z-4-da-serie-a-provaveis-escalacoes\/","og_locale":"pt_PT","og_type":"article","og_title":"No Barrad\u00e3o, Vit\u00f3ria encara o Cruzeiro para sair do Z-4 da S\u00e9rie A; prov\u00e1veis escala\u00e7\u00f5es - Brasil not\u00edcias","og_description":"Com o alerta ligado, o Vit\u00f3ria encara o Cruzeiro nesta segunda-feira (19), \u00e0s 20h, com a miss\u00e3o de sair do","og_url":"https:\/\/brasilnoticias.org\/site\/no-barradao-vitoria-encara-o-cruzeiro-para-sair-do-z-4-da-serie-a-provaveis-escalacoes\/","og_site_name":"Brasil not\u00edcias","article_published_time":"2024-08-19T15:18:56+00:00","og_image":[{"width":800,"height":450,"url":"https:\/\/brasilnoticias.org\/site\/wp-content\/uploads\/2024\/08\/53884905336_7502dcb83d_c_widelg.jpg","type":"image\/jpeg"}],"author":"Reda\u00e7\u00e3o","twitter_card":"summary_large_image","twitter_misc":{"Escrito por":"Reda\u00e7\u00e3o","Tempo estimado de leitura":"1 minuto"},"schema":{"@context":"https:\/\/schema.org","@graph":[{"@type":"Article","@id":"https:\/\/brasilnoticias.org\/site\/no-barradao-vitoria-encara-o-cruzeiro-para-sair-do-z-4-da-serie-a-provaveis-escalacoes\/#article","isPartOf":{"@id":"https:\/\/brasilnoticias.org\/site\/no-barradao-vitoria-encara-o-cruzeiro-para-sair-do-z-4-da-serie-a-provaveis-escalacoes\/"},"author":{"name":"Reda\u00e7\u00e3o","@id":"https:\/\/brasilnoticias.org\/site\/#\/schema\/person\/03bbbfe6c7634ad18c26444ea39049fa"},"headline":"No Barrad\u00e3o, Vit\u00f3ria encara o Cruzeiro para sair do Z-4 da S\u00e9rie A; prov\u00e1veis escala\u00e7\u00f5es","datePublished":"2024-08-19T15:18:56+00:00","mainEntityOfPage":{"@id":"https:\/\/brasilnoticias.org\/site\/no-barradao-vitoria-encara-o-cruzeiro-para-sair-do-z-4-da-serie-a-provaveis-escalacoes\/"},"wordCount":359,"commentCount":0,"publisher":{"@id":"https:\/\/brasilnoticias.org\/site\/#organization"},"image":{"@id":"https:\/\/brasilnoticias.org\/site\/no-barradao-vitoria-encara-o-cruzeiro-para-sair-do-z-4-da-serie-a-provaveis-escalacoes\/#primaryimage"},"thumbnailUrl":"https:\/\/brasilnoticias.org\/site\/wp-content\/uploads\/2024\/08\/53884905336_7502dcb83d_c_widelg.jpg","articleSection":["Esporte","\u00daltimas"],"inLanguage":"pt-PT","potentialAction":[{"@type":"CommentAction","name":"Comment","target":["https:\/\/brasilnoticias.org\/site\/no-barradao-vitoria-encara-o-cruzeiro-para-sair-do-z-4-da-serie-a-provaveis-escalacoes\/#respond"]}]},{"@type":"WebPage","@id":"https:\/\/brasilnoticias.org\/site\/no-barradao-vitoria-encara-o-cruzeiro-para-sair-do-z-4-da-serie-a-provaveis-escalacoes\/","url":"https:\/\/brasilnoticias.org\/site\/no-barradao-vitoria-encara-o-cruzeiro-para-sair-do-z-4-da-serie-a-provaveis-escalacoes\/","name":"No Barrad\u00e3o, Vit\u00f3ria encara o Cruzeiro para sair do Z-4 da S\u00e9rie A; prov\u00e1veis escala\u00e7\u00f5es - Brasil not\u00edcias","isPartOf":{"@id":"https:\/\/brasilnoticias.org\/site\/#website"},"primaryImageOfPage":{"@id":"https:\/\/brasilnoticias.org\/site\/no-barradao-vitoria-encara-o-cruzeiro-para-sair-do-z-4-da-serie-a-provaveis-escalacoes\/#primaryimage"},"image":{"@id":"https:\/\/brasilnoticias.org\/site\/no-barradao-vitoria-encara-o-cruzeiro-para-sair-do-z-4-da-serie-a-provaveis-escalacoes\/#primaryimage"},"thumbnailUrl":"https:\/\/brasilnoticias.org\/site\/wp-content\/uploads\/2024\/08\/53884905336_7502dcb83d_c_widelg.jpg","datePublished":"2024-08-19T15:18:56+00:00","breadcrumb":{"@id":"https:\/\/brasilnoticias.org\/site\/no-barradao-vitoria-encara-o-cruzeiro-para-sair-do-z-4-da-serie-a-provaveis-escalacoes\/#breadcrumb"},"inLanguage":"pt-PT","potentialAction":[{"@type":"ReadAction","target":["https:\/\/brasilnoticias.org\/site\/no-barradao-vitoria-encara-o-cruzeiro-para-sair-do-z-4-da-serie-a-provaveis-escalacoes\/"]}]},{"@type":"ImageObject","inLanguage":"pt-PT","@id":"https:\/\/brasilnoticias.org\/site\/no-barradao-vitoria-encara-o-cruzeiro-para-sair-do-z-4-da-serie-a-provaveis-escalacoes\/#primaryimage","url":"https:\/\/brasilnoticias.org\/site\/wp-content\/uploads\/2024\/08\/53884905336_7502dcb83d_c_widelg.jpg","contentUrl":"https:\/\/brasilnoticias.org\/site\/wp-content\/uploads\/2024\/08\/53884905336_7502dcb83d_c_widelg.jpg","width":800,"height":450},{"@type":"BreadcrumbList","@id":"https:\/\/brasilnoticias.org\/site\/no-barradao-vitoria-encara-o-cruzeiro-para-sair-do-z-4-da-serie-a-provaveis-escalacoes\/#breadcrumb","itemListElement":[{"@type":"ListItem","position":1,"name":"In\u00edcio","item":"https:\/\/brasilnoticias.org\/site\/"},{"@type":"ListItem","position":2,"name":"No Barrad\u00e3o, Vit\u00f3ria encara o Cruzeiro para sair do Z-4 da S\u00e9rie A; prov\u00e1veis escala\u00e7\u00f5es"}]},{"@type":"WebSite","@id":"https:\/\/brasilnoticias.org\/site\/#website","url":"https:\/\/brasilnoticias.org\/site\/","name":"Brasil not\u00edcias","description":"Brasil not\u00edcias","publisher":{"@id":"https:\/\/brasilnoticias.org\/site\/#organization"},"potentialAction":[{"@type":"SearchAction","target":{"@type":"EntryPoint","urlTemplate":"https:\/\/brasilnoticias.org\/site\/?s={search_term_string}"},"query-input":{"@type":"PropertyValueSpecification","valueRequired":true,"valueName":"search_term_string"}}],"inLanguage":"pt-PT"},{"@type":"Organization","@id":"https:\/\/brasilnoticias.org\/site\/#organization","name":"Brasil not\u00edcias","url":"https:\/\/brasilnoticias.org\/site\/","logo":{"@type":"ImageObject","inLanguage":"pt-PT","@id":"https:\/\/brasilnoticias.org\/site\/#\/schema\/logo\/image\/","url":"https:\/\/brasilnoticias.org\/site\/wp-content\/uploads\/2022\/05\/cropped-brasilnoticias-mini.jpg","contentUrl":"https:\/\/brasilnoticias.org\/site\/wp-content\/uploads\/2022\/05\/cropped-brasilnoticias-mini.jpg","width":314,"height":86,"caption":"Brasil not\u00edcias"},"image":{"@id":"https:\/\/brasilnoticias.org\/site\/#\/schema\/logo\/image\/"}},{"@type":"Person","@id":"https:\/\/brasilnoticias.org\/site\/#\/schema\/person\/03bbbfe6c7634ad18c26444ea39049fa","name":"Reda\u00e7\u00e3o","image":{"@type":"ImageObject","inLanguage":"pt-PT","@id":"https:\/\/brasilnoticias.org\/site\/#\/schema\/person\/image\/","url":"https:\/\/secure.gravatar.com\/avatar\/9ecaf7327a696cb23ad926fedded5f1f04d7049de9e445375d55b48c001a6e42?s=96&d=mm&r=g","contentUrl":"https:\/\/secure.gravatar.com\/avatar\/9ecaf7327a696cb23ad926fedded5f1f04d7049de9e445375d55b48c001a6e42?s=96&d=mm&r=g","caption":"Reda\u00e7\u00e3o"},"url":"https:\/\/brasilnoticias.org\/site\/author\/henrique\/"}]}},"_links":{"self":[{"href":"https:\/\/brasilnoticias.org\/site\/wp-json\/wp\/v2\/posts\/15565","targetHints":{"allow":["GET"]}}],"collection":[{"href":"https:\/\/brasilnoticias.org\/site\/wp-json\/wp\/v2\/posts"}],"about":[{"href":"https:\/\/brasilnoticias.org\/site\/wp-json\/wp\/v2\/types\/post"}],"author":[{"embeddable":true,"href":"https:\/\/brasilnoticias.org\/site\/wp-json\/wp\/v2\/users\/4"}],"replies":[{"embeddable":true,"href":"https:\/\/brasilnoticias.org\/site\/wp-json\/wp\/v2\/comments?post=15565"}],"version-history":[{"count":1,"href":"https:\/\/brasilnoticias.org\/site\/wp-json\/wp\/v2\/posts\/15565\/revisions"}],"predecessor-version":[{"id":15567,"href":"https:\/\/brasilnoticias.org\/site\/wp-json\/wp\/v2\/posts\/15565\/revisions\/15567"}],"wp:featuredmedia":[{"embeddable":true,"href":"https:\/\/brasilnoticias.org\/site\/wp-json\/wp\/v2\/media\/15566"}],"wp:attachment":[{"href":"https:\/\/brasilnoticias.org\/site\/wp-json\/wp\/v2\/media?parent=15565"}],"wp:term":[{"taxonomy":"category","embeddable":true,"href":"https:\/\/brasilnoticias.org\/site\/wp-json\/wp\/v2\/categories?post=15565"},{"taxonomy":"post_tag","embeddable":true,"href":"https:\/\/brasilnoticias.org\/site\/wp-json\/wp\/v2\/tags?post=15565"}],"curies":[{"name":"wp","href":"https:\/\/api.w.org\/{rel}","templated":true}]}}