{"id":1557,"date":"2022-09-26T07:00:15","date_gmt":"2022-09-26T10:00:15","guid":{"rendered":"https:\/\/brasilnoticias.org\/site\/?p=1557"},"modified":"2022-09-25T22:30:56","modified_gmt":"2022-09-26T01:30:56","slug":"homem-morre-apos-batida-entre-carro-e-caminhao-de-lixo-no-extremo-sul-da-bahia","status":"publish","type":"post","link":"https:\/\/brasilnoticias.org\/site\/homem-morre-apos-batida-entre-carro-e-caminhao-de-lixo-no-extremo-sul-da-bahia\/","title":{"rendered":"Homem morre ap\u00f3s batida entre carro e caminh\u00e3o de lixo no extremo sul da Bahia"},"content":{"rendered":"<p>Um homem morreu ap\u00f3s uma batida entre o carro em que ele estava e um caminh\u00e3o de lixo, no final da tarde de s\u00e1bado (24), na BA-001, em trecho do distrito de Trancoso, na cidade de\u00a0Porto Seguro, no extremo sul da Bahia.<\/p>\n<p>Segundo o Centro Integrado de Comunica\u00e7\u00e3o (Cicom) da Secretaria de Seguran\u00e7a P\u00fablica da Bahia (SSP-BA), a v\u00edtima foi identificada como Jos\u00e9 Andr\u00e9 dos Santos Soares. A placa do carro dela era do Rio de Janeiro.<\/p>\n<p>De acordo com o Cicom, equipes do Servi\u00e7o de Atendimento M\u00f3vel de Urg\u00eancia (Samu) foram ao local e atestaram a morte de Jos\u00e9 Andr\u00e9. O Corpo de Bombeiros tamb\u00e9m atuou na retirada da v\u00edtima, que ficou preso \u00e0s ferragens do ve\u00edculo.<\/p>\n<p>N\u00e3o h\u00e1 informa\u00e7\u00f5es sobre o sepultamento de Jos\u00e9 Andr\u00e9 e nem da causa do acidente.<\/p>\n<p>Foto: Reprodu\u00e7\u00e3o\/Redes Sociais<\/p>\n<p>G1<\/p>\n","protected":false},"excerpt":{"rendered":"<p>Um homem morreu ap\u00f3s uma batida entre o carro em que ele estava e um caminh\u00e3o de lixo, no final<\/p>\n","protected":false},"author":1,"featured_media":1558,"comment_status":"open","ping_status":"open","sticky":false,"template":"","format":"standard","meta":{"colormag_page_container_layout":"default_layout","colormag_page_sidebar_layout":"default_layout","_FSMCFIC_featured_image_caption":"","_FSMCFIC_featured_image_nocaption":"","_FSMCFIC_featured_image_hide":"","footnotes":""},"categories":[2,1],"tags":[],"class_list":["post-1557","post","type-post","status-publish","format-standard","has-post-thumbnail","hentry","category-noticias","category-ultimas"],"yoast_head":"<!-- This site is optimized with the Yoast SEO plugin v27.1.1 - https:\/\/yoast.com\/product\/yoast-seo-wordpress\/ -->\n<title>Homem morre ap\u00f3s batida entre carro e caminh\u00e3o de lixo no extremo sul da Bahia - Brasil not\u00edcias<\/title>\n<meta name=\"robots\" content=\"index, follow, max-snippet:-1, max-image-preview:large, max-video-preview:-1\" \/>\n<link rel=\"canonical\" href=\"https:\/\/brasilnoticias.org\/site\/homem-morre-apos-batida-entre-carro-e-caminhao-de-lixo-no-extremo-sul-da-bahia\/\" \/>\n<meta property=\"og:locale\" content=\"pt_PT\" \/>\n<meta property=\"og:type\" content=\"article\" \/>\n<meta property=\"og:title\" content=\"Homem morre ap\u00f3s batida entre carro e caminh\u00e3o de lixo no extremo sul da Bahia - Brasil not\u00edcias\" \/>\n<meta property=\"og:description\" content=\"Um homem morreu ap\u00f3s uma batida entre o carro em que ele estava e um caminh\u00e3o de lixo, no final\" \/>\n<meta property=\"og:url\" content=\"https:\/\/brasilnoticias.org\/site\/homem-morre-apos-batida-entre-carro-e-caminhao-de-lixo-no-extremo-sul-da-bahia\/\" \/>\n<meta property=\"og:site_name\" content=\"Brasil not\u00edcias\" \/>\n<meta property=\"article:published_time\" content=\"2022-09-26T10:00:15+00:00\" \/>\n<meta name=\"author\" content=\"Reda\u00e7\u00e3o\" \/>\n<meta name=\"twitter:card\" content=\"summary_large_image\" \/>\n<meta name=\"twitter:label1\" content=\"Escrito por\" \/>\n\t<meta name=\"twitter:data1\" content=\"Reda\u00e7\u00e3o\" \/>\n\t<meta name=\"twitter:label2\" content=\"Tempo estimado de leitura\" \/>\n\t<meta name=\"twitter:data2\" content=\"1 minuto\" \/>\n<script type=\"application\/ld+json\" class=\"yoast-schema-graph\">{\"@context\":\"https:\/\/schema.org\",\"@graph\":[{\"@type\":\"Article\",\"@id\":\"https:\/\/brasilnoticias.org\/site\/homem-morre-apos-batida-entre-carro-e-caminhao-de-lixo-no-extremo-sul-da-bahia\/#article\",\"isPartOf\":{\"@id\":\"https:\/\/brasilnoticias.org\/site\/homem-morre-apos-batida-entre-carro-e-caminhao-de-lixo-no-extremo-sul-da-bahia\/\"},\"author\":{\"name\":\"Reda\u00e7\u00e3o\",\"@id\":\"https:\/\/brasilnoticias.org\/site\/#\/schema\/person\/a0e05b973ec4d15c658d51911e53507b\"},\"headline\":\"Homem morre ap\u00f3s batida entre carro e caminh\u00e3o de lixo no extremo sul da Bahia\",\"datePublished\":\"2022-09-26T10:00:15+00:00\",\"mainEntityOfPage\":{\"@id\":\"https:\/\/brasilnoticias.org\/site\/homem-morre-apos-batida-entre-carro-e-caminhao-de-lixo-no-extremo-sul-da-bahia\/\"},\"wordCount\":171,\"commentCount\":0,\"publisher\":{\"@id\":\"https:\/\/brasilnoticias.org\/site\/#organization\"},\"image\":{\"@id\":\"https:\/\/brasilnoticias.org\/site\/homem-morre-apos-batida-entre-carro-e-caminhao-de-lixo-no-extremo-sul-da-bahia\/#primaryimage\"},\"thumbnailUrl\":\"https:\/\/brasilnoticias.org\/site\/wp-content\/uploads\/2022\/09\/caminhao1.bmp\",\"articleSection\":[\"Not\u00edcias\",\"\u00daltimas\"],\"inLanguage\":\"pt-PT\",\"potentialAction\":[{\"@type\":\"CommentAction\",\"name\":\"Comment\",\"target\":[\"https:\/\/brasilnoticias.org\/site\/homem-morre-apos-batida-entre-carro-e-caminhao-de-lixo-no-extremo-sul-da-bahia\/#respond\"]}]},{\"@type\":\"WebPage\",\"@id\":\"https:\/\/brasilnoticias.org\/site\/homem-morre-apos-batida-entre-carro-e-caminhao-de-lixo-no-extremo-sul-da-bahia\/\",\"url\":\"https:\/\/brasilnoticias.org\/site\/homem-morre-apos-batida-entre-carro-e-caminhao-de-lixo-no-extremo-sul-da-bahia\/\",\"name\":\"Homem morre ap\u00f3s batida entre carro e caminh\u00e3o de lixo no extremo sul da Bahia - Brasil not\u00edcias\",\"isPartOf\":{\"@id\":\"https:\/\/brasilnoticias.org\/site\/#website\"},\"primaryImageOfPage\":{\"@id\":\"https:\/\/brasilnoticias.org\/site\/homem-morre-apos-batida-entre-carro-e-caminhao-de-lixo-no-extremo-sul-da-bahia\/#primaryimage\"},\"image\":{\"@id\":\"https:\/\/brasilnoticias.org\/site\/homem-morre-apos-batida-entre-carro-e-caminhao-de-lixo-no-extremo-sul-da-bahia\/#primaryimage\"},\"thumbnailUrl\":\"https:\/\/brasilnoticias.org\/site\/wp-content\/uploads\/2022\/09\/caminhao1.bmp\",\"datePublished\":\"2022-09-26T10:00:15+00:00\",\"breadcrumb\":{\"@id\":\"https:\/\/brasilnoticias.org\/site\/homem-morre-apos-batida-entre-carro-e-caminhao-de-lixo-no-extremo-sul-da-bahia\/#breadcrumb\"},\"inLanguage\":\"pt-PT\",\"potentialAction\":[{\"@type\":\"ReadAction\",\"target\":[\"https:\/\/brasilnoticias.org\/site\/homem-morre-apos-batida-entre-carro-e-caminhao-de-lixo-no-extremo-sul-da-bahia\/\"]}]},{\"@type\":\"ImageObject\",\"inLanguage\":\"pt-PT\",\"@id\":\"https:\/\/brasilnoticias.org\/site\/homem-morre-apos-batida-entre-carro-e-caminhao-de-lixo-no-extremo-sul-da-bahia\/#primaryimage\",\"url\":\"https:\/\/brasilnoticias.org\/site\/wp-content\/uploads\/2022\/09\/caminhao1.bmp\",\"contentUrl\":\"https:\/\/brasilnoticias.org\/site\/wp-content\/uploads\/2022\/09\/caminhao1.bmp\",\"width\":640,\"height\":381},{\"@type\":\"BreadcrumbList\",\"@id\":\"https:\/\/brasilnoticias.org\/site\/homem-morre-apos-batida-entre-carro-e-caminhao-de-lixo-no-extremo-sul-da-bahia\/#breadcrumb\",\"itemListElement\":[{\"@type\":\"ListItem\",\"position\":1,\"name\":\"In\u00edcio\",\"item\":\"https:\/\/brasilnoticias.org\/site\/\"},{\"@type\":\"ListItem\",\"position\":2,\"name\":\"Homem morre ap\u00f3s batida entre carro e caminh\u00e3o de lixo no extremo sul da Bahia\"}]},{\"@type\":\"WebSite\",\"@id\":\"https:\/\/brasilnoticias.org\/site\/#website\",\"url\":\"https:\/\/brasilnoticias.org\/site\/\",\"name\":\"Brasil not\u00edcias\",\"description\":\"Brasil not\u00edcias\",\"publisher\":{\"@id\":\"https:\/\/brasilnoticias.org\/site\/#organization\"},\"potentialAction\":[{\"@type\":\"SearchAction\",\"target\":{\"@type\":\"EntryPoint\",\"urlTemplate\":\"https:\/\/brasilnoticias.org\/site\/?s={search_term_string}\"},\"query-input\":{\"@type\":\"PropertyValueSpecification\",\"valueRequired\":true,\"valueName\":\"search_term_string\"}}],\"inLanguage\":\"pt-PT\"},{\"@type\":\"Organization\",\"@id\":\"https:\/\/brasilnoticias.org\/site\/#organization\",\"name\":\"Brasil not\u00edcias\",\"url\":\"https:\/\/brasilnoticias.org\/site\/\",\"logo\":{\"@type\":\"ImageObject\",\"inLanguage\":\"pt-PT\",\"@id\":\"https:\/\/brasilnoticias.org\/site\/#\/schema\/logo\/image\/\",\"url\":\"https:\/\/brasilnoticias.org\/site\/wp-content\/uploads\/2022\/05\/cropped-brasilnoticias-mini.jpg\",\"contentUrl\":\"https:\/\/brasilnoticias.org\/site\/wp-content\/uploads\/2022\/05\/cropped-brasilnoticias-mini.jpg\",\"width\":314,\"height\":86,\"caption\":\"Brasil not\u00edcias\"},\"image\":{\"@id\":\"https:\/\/brasilnoticias.org\/site\/#\/schema\/logo\/image\/\"}},{\"@type\":\"Person\",\"@id\":\"https:\/\/brasilnoticias.org\/site\/#\/schema\/person\/a0e05b973ec4d15c658d51911e53507b\",\"name\":\"Reda\u00e7\u00e3o\",\"image\":{\"@type\":\"ImageObject\",\"inLanguage\":\"pt-PT\",\"@id\":\"https:\/\/brasilnoticias.org\/site\/#\/schema\/person\/image\/\",\"url\":\"https:\/\/secure.gravatar.com\/avatar\/75d8b050df2de108b08ae78dfb8e374892df24a383c67db9c46a9c604f6aee9c?s=96&d=mm&r=g\",\"contentUrl\":\"https:\/\/secure.gravatar.com\/avatar\/75d8b050df2de108b08ae78dfb8e374892df24a383c67db9c46a9c604f6aee9c?s=96&d=mm&r=g\",\"caption\":\"Reda\u00e7\u00e3o\"},\"sameAs\":[\"https:\/\/brasilnoticias.org\/site\"],\"url\":\"https:\/\/brasilnoticias.org\/site\/author\/fernandozsngmail-com\/\"}]}<\/script>\n<!-- \/ Yoast SEO plugin. -->","yoast_head_json":{"title":"Homem morre ap\u00f3s batida entre carro e caminh\u00e3o de lixo no extremo sul da Bahia - Brasil not\u00edcias","robots":{"index":"index","follow":"follow","max-snippet":"max-snippet:-1","max-image-preview":"max-image-preview:large","max-video-preview":"max-video-preview:-1"},"canonical":"https:\/\/brasilnoticias.org\/site\/homem-morre-apos-batida-entre-carro-e-caminhao-de-lixo-no-extremo-sul-da-bahia\/","og_locale":"pt_PT","og_type":"article","og_title":"Homem morre ap\u00f3s batida entre carro e caminh\u00e3o de lixo no extremo sul da Bahia - Brasil not\u00edcias","og_description":"Um homem morreu ap\u00f3s uma batida entre o carro em que ele estava e um caminh\u00e3o de lixo, no final","og_url":"https:\/\/brasilnoticias.org\/site\/homem-morre-apos-batida-entre-carro-e-caminhao-de-lixo-no-extremo-sul-da-bahia\/","og_site_name":"Brasil not\u00edcias","article_published_time":"2022-09-26T10:00:15+00:00","author":"Reda\u00e7\u00e3o","twitter_card":"summary_large_image","twitter_misc":{"Escrito por":"Reda\u00e7\u00e3o","Tempo estimado de leitura":"1 minuto"},"schema":{"@context":"https:\/\/schema.org","@graph":[{"@type":"Article","@id":"https:\/\/brasilnoticias.org\/site\/homem-morre-apos-batida-entre-carro-e-caminhao-de-lixo-no-extremo-sul-da-bahia\/#article","isPartOf":{"@id":"https:\/\/brasilnoticias.org\/site\/homem-morre-apos-batida-entre-carro-e-caminhao-de-lixo-no-extremo-sul-da-bahia\/"},"author":{"name":"Reda\u00e7\u00e3o","@id":"https:\/\/brasilnoticias.org\/site\/#\/schema\/person\/a0e05b973ec4d15c658d51911e53507b"},"headline":"Homem morre ap\u00f3s batida entre carro e caminh\u00e3o de lixo no extremo sul da Bahia","datePublished":"2022-09-26T10:00:15+00:00","mainEntityOfPage":{"@id":"https:\/\/brasilnoticias.org\/site\/homem-morre-apos-batida-entre-carro-e-caminhao-de-lixo-no-extremo-sul-da-bahia\/"},"wordCount":171,"commentCount":0,"publisher":{"@id":"https:\/\/brasilnoticias.org\/site\/#organization"},"image":{"@id":"https:\/\/brasilnoticias.org\/site\/homem-morre-apos-batida-entre-carro-e-caminhao-de-lixo-no-extremo-sul-da-bahia\/#primaryimage"},"thumbnailUrl":"https:\/\/brasilnoticias.org\/site\/wp-content\/uploads\/2022\/09\/caminhao1.bmp","articleSection":["Not\u00edcias","\u00daltimas"],"inLanguage":"pt-PT","potentialAction":[{"@type":"CommentAction","name":"Comment","target":["https:\/\/brasilnoticias.org\/site\/homem-morre-apos-batida-entre-carro-e-caminhao-de-lixo-no-extremo-sul-da-bahia\/#respond"]}]},{"@type":"WebPage","@id":"https:\/\/brasilnoticias.org\/site\/homem-morre-apos-batida-entre-carro-e-caminhao-de-lixo-no-extremo-sul-da-bahia\/","url":"https:\/\/brasilnoticias.org\/site\/homem-morre-apos-batida-entre-carro-e-caminhao-de-lixo-no-extremo-sul-da-bahia\/","name":"Homem morre ap\u00f3s batida entre carro e caminh\u00e3o de lixo no extremo sul da Bahia - Brasil not\u00edcias","isPartOf":{"@id":"https:\/\/brasilnoticias.org\/site\/#website"},"primaryImageOfPage":{"@id":"https:\/\/brasilnoticias.org\/site\/homem-morre-apos-batida-entre-carro-e-caminhao-de-lixo-no-extremo-sul-da-bahia\/#primaryimage"},"image":{"@id":"https:\/\/brasilnoticias.org\/site\/homem-morre-apos-batida-entre-carro-e-caminhao-de-lixo-no-extremo-sul-da-bahia\/#primaryimage"},"thumbnailUrl":"https:\/\/brasilnoticias.org\/site\/wp-content\/uploads\/2022\/09\/caminhao1.bmp","datePublished":"2022-09-26T10:00:15+00:00","breadcrumb":{"@id":"https:\/\/brasilnoticias.org\/site\/homem-morre-apos-batida-entre-carro-e-caminhao-de-lixo-no-extremo-sul-da-bahia\/#breadcrumb"},"inLanguage":"pt-PT","potentialAction":[{"@type":"ReadAction","target":["https:\/\/brasilnoticias.org\/site\/homem-morre-apos-batida-entre-carro-e-caminhao-de-lixo-no-extremo-sul-da-bahia\/"]}]},{"@type":"ImageObject","inLanguage":"pt-PT","@id":"https:\/\/brasilnoticias.org\/site\/homem-morre-apos-batida-entre-carro-e-caminhao-de-lixo-no-extremo-sul-da-bahia\/#primaryimage","url":"https:\/\/brasilnoticias.org\/site\/wp-content\/uploads\/2022\/09\/caminhao1.bmp","contentUrl":"https:\/\/brasilnoticias.org\/site\/wp-content\/uploads\/2022\/09\/caminhao1.bmp","width":640,"height":381},{"@type":"BreadcrumbList","@id":"https:\/\/brasilnoticias.org\/site\/homem-morre-apos-batida-entre-carro-e-caminhao-de-lixo-no-extremo-sul-da-bahia\/#breadcrumb","itemListElement":[{"@type":"ListItem","position":1,"name":"In\u00edcio","item":"https:\/\/brasilnoticias.org\/site\/"},{"@type":"ListItem","position":2,"name":"Homem morre ap\u00f3s batida entre carro e caminh\u00e3o de lixo no extremo sul da Bahia"}]},{"@type":"WebSite","@id":"https:\/\/brasilnoticias.org\/site\/#website","url":"https:\/\/brasilnoticias.org\/site\/","name":"Brasil not\u00edcias","description":"Brasil not\u00edcias","publisher":{"@id":"https:\/\/brasilnoticias.org\/site\/#organization"},"potentialAction":[{"@type":"SearchAction","target":{"@type":"EntryPoint","urlTemplate":"https:\/\/brasilnoticias.org\/site\/?s={search_term_string}"},"query-input":{"@type":"PropertyValueSpecification","valueRequired":true,"valueName":"search_term_string"}}],"inLanguage":"pt-PT"},{"@type":"Organization","@id":"https:\/\/brasilnoticias.org\/site\/#organization","name":"Brasil not\u00edcias","url":"https:\/\/brasilnoticias.org\/site\/","logo":{"@type":"ImageObject","inLanguage":"pt-PT","@id":"https:\/\/brasilnoticias.org\/site\/#\/schema\/logo\/image\/","url":"https:\/\/brasilnoticias.org\/site\/wp-content\/uploads\/2022\/05\/cropped-brasilnoticias-mini.jpg","contentUrl":"https:\/\/brasilnoticias.org\/site\/wp-content\/uploads\/2022\/05\/cropped-brasilnoticias-mini.jpg","width":314,"height":86,"caption":"Brasil not\u00edcias"},"image":{"@id":"https:\/\/brasilnoticias.org\/site\/#\/schema\/logo\/image\/"}},{"@type":"Person","@id":"https:\/\/brasilnoticias.org\/site\/#\/schema\/person\/a0e05b973ec4d15c658d51911e53507b","name":"Reda\u00e7\u00e3o","image":{"@type":"ImageObject","inLanguage":"pt-PT","@id":"https:\/\/brasilnoticias.org\/site\/#\/schema\/person\/image\/","url":"https:\/\/secure.gravatar.com\/avatar\/75d8b050df2de108b08ae78dfb8e374892df24a383c67db9c46a9c604f6aee9c?s=96&d=mm&r=g","contentUrl":"https:\/\/secure.gravatar.com\/avatar\/75d8b050df2de108b08ae78dfb8e374892df24a383c67db9c46a9c604f6aee9c?s=96&d=mm&r=g","caption":"Reda\u00e7\u00e3o"},"sameAs":["https:\/\/brasilnoticias.org\/site"],"url":"https:\/\/brasilnoticias.org\/site\/author\/fernandozsngmail-com\/"}]}},"_links":{"self":[{"href":"https:\/\/brasilnoticias.org\/site\/wp-json\/wp\/v2\/posts\/1557","targetHints":{"allow":["GET"]}}],"collection":[{"href":"https:\/\/brasilnoticias.org\/site\/wp-json\/wp\/v2\/posts"}],"about":[{"href":"https:\/\/brasilnoticias.org\/site\/wp-json\/wp\/v2\/types\/post"}],"author":[{"embeddable":true,"href":"https:\/\/brasilnoticias.org\/site\/wp-json\/wp\/v2\/users\/1"}],"replies":[{"embeddable":true,"href":"https:\/\/brasilnoticias.org\/site\/wp-json\/wp\/v2\/comments?post=1557"}],"version-history":[{"count":1,"href":"https:\/\/brasilnoticias.org\/site\/wp-json\/wp\/v2\/posts\/1557\/revisions"}],"predecessor-version":[{"id":1559,"href":"https:\/\/brasilnoticias.org\/site\/wp-json\/wp\/v2\/posts\/1557\/revisions\/1559"}],"wp:featuredmedia":[{"embeddable":true,"href":"https:\/\/brasilnoticias.org\/site\/wp-json\/wp\/v2\/media\/1558"}],"wp:attachment":[{"href":"https:\/\/brasilnoticias.org\/site\/wp-json\/wp\/v2\/media?parent=1557"}],"wp:term":[{"taxonomy":"category","embeddable":true,"href":"https:\/\/brasilnoticias.org\/site\/wp-json\/wp\/v2\/categories?post=1557"},{"taxonomy":"post_tag","embeddable":true,"href":"https:\/\/brasilnoticias.org\/site\/wp-json\/wp\/v2\/tags?post=1557"}],"curies":[{"name":"wp","href":"https:\/\/api.w.org\/{rel}","templated":true}]}}