{"id":15577,"date":"2024-08-19T17:20:35","date_gmt":"2024-08-19T20:20:35","guid":{"rendered":"https:\/\/brasilnoticias.org\/site\/?p=15577"},"modified":"2024-08-19T17:21:59","modified_gmt":"2024-08-19T20:21:59","slug":"com-salario-de-quase-r-24-mil-vereador-de-salvador-justifica-ausencia-de-patrimonio-no-tse-nao-possuo-bens","status":"publish","type":"post","link":"https:\/\/brasilnoticias.org\/site\/com-salario-de-quase-r-24-mil-vereador-de-salvador-justifica-ausencia-de-patrimonio-no-tse-nao-possuo-bens\/","title":{"rendered":"Com sal\u00e1rio de quase R$ 24 mil, vereador de Salvador justifica aus\u00eancia de patrim\u00f4nio no TSE: &#8220;N\u00e3o possuo bens&#8221;"},"content":{"rendered":"<p>Os vereadores de Salvador possuem o segundo maior sal\u00e1rio do Brasil, cujo pagamento mensal \u00e9 de  R$ 23.428,64. A capital perde apenas para a C\u00e2mara de Recife, que paga R$ 25.306,67. Os valores mencionados s\u00e3o brutos, ainda sem os descontos de tributa\u00e7\u00e3o.<\/p>\n<p>A reportagem BNews divulgou no \u00faltimo dia 13 de agosto um levantamento dos edis mais ricos, segundo declara\u00e7\u00e3o na Justi\u00e7a Eleitoral. Contudo, chama a aten\u00e7\u00e3o que alguns deles n\u00e3o declararam possuir patrim\u00f4nio. O vereador Sandro Bahiense (PP) foi um deles.<\/p>\n<p>Questionado pelo BNews sobre a aus\u00eancia do registro, o pepista garantiu que n\u00e3o possui patrim\u00f4nio.<\/p>\n<p>&#8220;N\u00e3o possuo bens em meu nome. Estou construindo a minha vida ainda, apesar de ser vereador de primeiro mandato. Mas, logo estarei construindo meu bens e mostrando a quem \u00e9 de direito&#8221;, declarou.<br \/>\nA declara\u00e7\u00e3o de bens na Justi\u00e7a Eleitoral \u00e9 uma obriga\u00e7\u00e3o legal que garante a  transpar\u00eancia e integridade acerca da vida financeira dos candidatos e do processo eleitoral em si. Ela \u00e9 feita junto ao registro das candidaturas.<\/p>\n<p>Al\u00e9m de Bahiense, tamb\u00e9m n\u00e3o declararam patrim\u00f4nio \u00c1tila do Congo, Dr. Jos\u00e9 Ant\u00f4nio e Roberta Caires.<\/p>\n<div style=\"position:relative;padding-bottom:56.25%;height:0;overflow:hidden;\"> <iframe loading=\"lazy\" style=\"width:100%;height:100%;position:absolute;left:0px;top:0px;overflow:hidden\" frameborder=\"0\" type=\"text\/html\" src=\"https:\/\/www.dailymotion.com\/embed\/video\/x94a4h4?autoplay=1\" width=\"100%\" height=\"100%\" allowfullscreen title=\"Dailymotion Video Player\" allow=\"autoplay; web-share\"> <\/iframe> <\/div>\n","protected":false},"excerpt":{"rendered":"<p>Os vereadores de Salvador possuem o segundo maior sal\u00e1rio do Brasil, cujo pagamento mensal \u00e9 de R$ 23.428,64. A capital<\/p>\n","protected":false},"author":4,"featured_media":15578,"comment_status":"open","ping_status":"open","sticky":false,"template":"","format":"standard","meta":{"colormag_page_container_layout":"default_layout","colormag_page_sidebar_layout":"default_layout","_FSMCFIC_featured_image_caption":"","_FSMCFIC_featured_image_nocaption":"","_FSMCFIC_featured_image_hide":"","footnotes":""},"categories":[5,1],"tags":[],"class_list":["post-15577","post","type-post","status-publish","format-standard","has-post-thumbnail","hentry","category-politica","category-ultimas"],"yoast_head":"<!-- This site is optimized with the Yoast SEO plugin v27.1.1 - https:\/\/yoast.com\/product\/yoast-seo-wordpress\/ -->\n<title>Com sal\u00e1rio de quase R$ 24 mil, vereador de Salvador justifica aus\u00eancia de patrim\u00f4nio no TSE: &quot;N\u00e3o possuo bens&quot; - Brasil not\u00edcias<\/title>\n<meta name=\"robots\" content=\"index, follow, max-snippet:-1, max-image-preview:large, max-video-preview:-1\" \/>\n<link rel=\"canonical\" href=\"https:\/\/brasilnoticias.org\/site\/com-salario-de-quase-r-24-mil-vereador-de-salvador-justifica-ausencia-de-patrimonio-no-tse-nao-possuo-bens\/\" \/>\n<meta property=\"og:locale\" content=\"pt_PT\" \/>\n<meta property=\"og:type\" content=\"article\" \/>\n<meta property=\"og:title\" content=\"Com sal\u00e1rio de quase R$ 24 mil, vereador de Salvador justifica aus\u00eancia de patrim\u00f4nio no TSE: &quot;N\u00e3o possuo bens&quot; - Brasil not\u00edcias\" \/>\n<meta property=\"og:description\" content=\"Os vereadores de Salvador possuem o segundo maior sal\u00e1rio do Brasil, cujo pagamento mensal \u00e9 de R$ 23.428,64. A capital\" \/>\n<meta property=\"og:url\" content=\"https:\/\/brasilnoticias.org\/site\/com-salario-de-quase-r-24-mil-vereador-de-salvador-justifica-ausencia-de-patrimonio-no-tse-nao-possuo-bens\/\" \/>\n<meta property=\"og:site_name\" content=\"Brasil not\u00edcias\" \/>\n<meta property=\"article:published_time\" content=\"2024-08-19T20:20:35+00:00\" \/>\n<meta property=\"article:modified_time\" content=\"2024-08-19T20:21:59+00:00\" \/>\n<meta property=\"og:image\" content=\"https:\/\/brasilnoticias.org\/site\/wp-content\/uploads\/2024\/08\/whatsapp_image_2024-08-19_at_14.38.21_RHRUnjS_widelg.jpeg\" \/>\n\t<meta property=\"og:image:width\" content=\"800\" \/>\n\t<meta property=\"og:image:height\" content=\"450\" \/>\n\t<meta property=\"og:image:type\" content=\"image\/jpeg\" \/>\n<meta name=\"author\" content=\"Reda\u00e7\u00e3o\" \/>\n<meta name=\"twitter:card\" content=\"summary_large_image\" \/>\n<meta name=\"twitter:label1\" content=\"Escrito por\" \/>\n\t<meta name=\"twitter:data1\" content=\"Reda\u00e7\u00e3o\" \/>\n\t<meta name=\"twitter:label2\" content=\"Tempo estimado de leitura\" \/>\n\t<meta name=\"twitter:data2\" content=\"2 minutos\" \/>\n<script type=\"application\/ld+json\" class=\"yoast-schema-graph\">{\"@context\":\"https:\/\/schema.org\",\"@graph\":[{\"@type\":\"Article\",\"@id\":\"https:\/\/brasilnoticias.org\/site\/com-salario-de-quase-r-24-mil-vereador-de-salvador-justifica-ausencia-de-patrimonio-no-tse-nao-possuo-bens\/#article\",\"isPartOf\":{\"@id\":\"https:\/\/brasilnoticias.org\/site\/com-salario-de-quase-r-24-mil-vereador-de-salvador-justifica-ausencia-de-patrimonio-no-tse-nao-possuo-bens\/\"},\"author\":{\"name\":\"Reda\u00e7\u00e3o\",\"@id\":\"https:\/\/brasilnoticias.org\/site\/#\/schema\/person\/03bbbfe6c7634ad18c26444ea39049fa\"},\"headline\":\"Com sal\u00e1rio de quase R$ 24 mil, vereador de Salvador justifica aus\u00eancia de patrim\u00f4nio no TSE: &#8220;N\u00e3o possuo bens&#8221;\",\"datePublished\":\"2024-08-19T20:20:35+00:00\",\"dateModified\":\"2024-08-19T20:21:59+00:00\",\"mainEntityOfPage\":{\"@id\":\"https:\/\/brasilnoticias.org\/site\/com-salario-de-quase-r-24-mil-vereador-de-salvador-justifica-ausencia-de-patrimonio-no-tse-nao-possuo-bens\/\"},\"wordCount\":220,\"commentCount\":0,\"publisher\":{\"@id\":\"https:\/\/brasilnoticias.org\/site\/#organization\"},\"image\":{\"@id\":\"https:\/\/brasilnoticias.org\/site\/com-salario-de-quase-r-24-mil-vereador-de-salvador-justifica-ausencia-de-patrimonio-no-tse-nao-possuo-bens\/#primaryimage\"},\"thumbnailUrl\":\"https:\/\/brasilnoticias.org\/site\/wp-content\/uploads\/2024\/08\/whatsapp_image_2024-08-19_at_14.38.21_RHRUnjS_widelg.jpeg\",\"articleSection\":[\"Pol\u00edtica\",\"\u00daltimas\"],\"inLanguage\":\"pt-PT\",\"potentialAction\":[{\"@type\":\"CommentAction\",\"name\":\"Comment\",\"target\":[\"https:\/\/brasilnoticias.org\/site\/com-salario-de-quase-r-24-mil-vereador-de-salvador-justifica-ausencia-de-patrimonio-no-tse-nao-possuo-bens\/#respond\"]}]},{\"@type\":\"WebPage\",\"@id\":\"https:\/\/brasilnoticias.org\/site\/com-salario-de-quase-r-24-mil-vereador-de-salvador-justifica-ausencia-de-patrimonio-no-tse-nao-possuo-bens\/\",\"url\":\"https:\/\/brasilnoticias.org\/site\/com-salario-de-quase-r-24-mil-vereador-de-salvador-justifica-ausencia-de-patrimonio-no-tse-nao-possuo-bens\/\",\"name\":\"Com sal\u00e1rio de quase R$ 24 mil, vereador de Salvador justifica aus\u00eancia de patrim\u00f4nio no TSE: \\\"N\u00e3o possuo bens\\\" - Brasil not\u00edcias\",\"isPartOf\":{\"@id\":\"https:\/\/brasilnoticias.org\/site\/#website\"},\"primaryImageOfPage\":{\"@id\":\"https:\/\/brasilnoticias.org\/site\/com-salario-de-quase-r-24-mil-vereador-de-salvador-justifica-ausencia-de-patrimonio-no-tse-nao-possuo-bens\/#primaryimage\"},\"image\":{\"@id\":\"https:\/\/brasilnoticias.org\/site\/com-salario-de-quase-r-24-mil-vereador-de-salvador-justifica-ausencia-de-patrimonio-no-tse-nao-possuo-bens\/#primaryimage\"},\"thumbnailUrl\":\"https:\/\/brasilnoticias.org\/site\/wp-content\/uploads\/2024\/08\/whatsapp_image_2024-08-19_at_14.38.21_RHRUnjS_widelg.jpeg\",\"datePublished\":\"2024-08-19T20:20:35+00:00\",\"dateModified\":\"2024-08-19T20:21:59+00:00\",\"breadcrumb\":{\"@id\":\"https:\/\/brasilnoticias.org\/site\/com-salario-de-quase-r-24-mil-vereador-de-salvador-justifica-ausencia-de-patrimonio-no-tse-nao-possuo-bens\/#breadcrumb\"},\"inLanguage\":\"pt-PT\",\"potentialAction\":[{\"@type\":\"ReadAction\",\"target\":[\"https:\/\/brasilnoticias.org\/site\/com-salario-de-quase-r-24-mil-vereador-de-salvador-justifica-ausencia-de-patrimonio-no-tse-nao-possuo-bens\/\"]}]},{\"@type\":\"ImageObject\",\"inLanguage\":\"pt-PT\",\"@id\":\"https:\/\/brasilnoticias.org\/site\/com-salario-de-quase-r-24-mil-vereador-de-salvador-justifica-ausencia-de-patrimonio-no-tse-nao-possuo-bens\/#primaryimage\",\"url\":\"https:\/\/brasilnoticias.org\/site\/wp-content\/uploads\/2024\/08\/whatsapp_image_2024-08-19_at_14.38.21_RHRUnjS_widelg.jpeg\",\"contentUrl\":\"https:\/\/brasilnoticias.org\/site\/wp-content\/uploads\/2024\/08\/whatsapp_image_2024-08-19_at_14.38.21_RHRUnjS_widelg.jpeg\",\"width\":800,\"height\":450},{\"@type\":\"BreadcrumbList\",\"@id\":\"https:\/\/brasilnoticias.org\/site\/com-salario-de-quase-r-24-mil-vereador-de-salvador-justifica-ausencia-de-patrimonio-no-tse-nao-possuo-bens\/#breadcrumb\",\"itemListElement\":[{\"@type\":\"ListItem\",\"position\":1,\"name\":\"In\u00edcio\",\"item\":\"https:\/\/brasilnoticias.org\/site\/\"},{\"@type\":\"ListItem\",\"position\":2,\"name\":\"Com sal\u00e1rio de quase R$ 24 mil, vereador de Salvador justifica aus\u00eancia de patrim\u00f4nio no TSE: &#8220;N\u00e3o possuo bens&#8221;\"}]},{\"@type\":\"WebSite\",\"@id\":\"https:\/\/brasilnoticias.org\/site\/#website\",\"url\":\"https:\/\/brasilnoticias.org\/site\/\",\"name\":\"Brasil not\u00edcias\",\"description\":\"Brasil not\u00edcias\",\"publisher\":{\"@id\":\"https:\/\/brasilnoticias.org\/site\/#organization\"},\"potentialAction\":[{\"@type\":\"SearchAction\",\"target\":{\"@type\":\"EntryPoint\",\"urlTemplate\":\"https:\/\/brasilnoticias.org\/site\/?s={search_term_string}\"},\"query-input\":{\"@type\":\"PropertyValueSpecification\",\"valueRequired\":true,\"valueName\":\"search_term_string\"}}],\"inLanguage\":\"pt-PT\"},{\"@type\":\"Organization\",\"@id\":\"https:\/\/brasilnoticias.org\/site\/#organization\",\"name\":\"Brasil not\u00edcias\",\"url\":\"https:\/\/brasilnoticias.org\/site\/\",\"logo\":{\"@type\":\"ImageObject\",\"inLanguage\":\"pt-PT\",\"@id\":\"https:\/\/brasilnoticias.org\/site\/#\/schema\/logo\/image\/\",\"url\":\"https:\/\/brasilnoticias.org\/site\/wp-content\/uploads\/2022\/05\/cropped-brasilnoticias-mini.jpg\",\"contentUrl\":\"https:\/\/brasilnoticias.org\/site\/wp-content\/uploads\/2022\/05\/cropped-brasilnoticias-mini.jpg\",\"width\":314,\"height\":86,\"caption\":\"Brasil not\u00edcias\"},\"image\":{\"@id\":\"https:\/\/brasilnoticias.org\/site\/#\/schema\/logo\/image\/\"}},{\"@type\":\"Person\",\"@id\":\"https:\/\/brasilnoticias.org\/site\/#\/schema\/person\/03bbbfe6c7634ad18c26444ea39049fa\",\"name\":\"Reda\u00e7\u00e3o\",\"image\":{\"@type\":\"ImageObject\",\"inLanguage\":\"pt-PT\",\"@id\":\"https:\/\/brasilnoticias.org\/site\/#\/schema\/person\/image\/\",\"url\":\"https:\/\/secure.gravatar.com\/avatar\/9ecaf7327a696cb23ad926fedded5f1f04d7049de9e445375d55b48c001a6e42?s=96&d=mm&r=g\",\"contentUrl\":\"https:\/\/secure.gravatar.com\/avatar\/9ecaf7327a696cb23ad926fedded5f1f04d7049de9e445375d55b48c001a6e42?s=96&d=mm&r=g\",\"caption\":\"Reda\u00e7\u00e3o\"},\"url\":\"https:\/\/brasilnoticias.org\/site\/author\/henrique\/\"}]}<\/script>\n<!-- \/ Yoast SEO plugin. -->","yoast_head_json":{"title":"Com sal\u00e1rio de quase R$ 24 mil, vereador de Salvador justifica aus\u00eancia de patrim\u00f4nio no TSE: \"N\u00e3o possuo bens\" - Brasil not\u00edcias","robots":{"index":"index","follow":"follow","max-snippet":"max-snippet:-1","max-image-preview":"max-image-preview:large","max-video-preview":"max-video-preview:-1"},"canonical":"https:\/\/brasilnoticias.org\/site\/com-salario-de-quase-r-24-mil-vereador-de-salvador-justifica-ausencia-de-patrimonio-no-tse-nao-possuo-bens\/","og_locale":"pt_PT","og_type":"article","og_title":"Com sal\u00e1rio de quase R$ 24 mil, vereador de Salvador justifica aus\u00eancia de patrim\u00f4nio no TSE: \"N\u00e3o possuo bens\" - Brasil not\u00edcias","og_description":"Os vereadores de Salvador possuem o segundo maior sal\u00e1rio do Brasil, cujo pagamento mensal \u00e9 de R$ 23.428,64. A capital","og_url":"https:\/\/brasilnoticias.org\/site\/com-salario-de-quase-r-24-mil-vereador-de-salvador-justifica-ausencia-de-patrimonio-no-tse-nao-possuo-bens\/","og_site_name":"Brasil not\u00edcias","article_published_time":"2024-08-19T20:20:35+00:00","article_modified_time":"2024-08-19T20:21:59+00:00","og_image":[{"width":800,"height":450,"url":"https:\/\/brasilnoticias.org\/site\/wp-content\/uploads\/2024\/08\/whatsapp_image_2024-08-19_at_14.38.21_RHRUnjS_widelg.jpeg","type":"image\/jpeg"}],"author":"Reda\u00e7\u00e3o","twitter_card":"summary_large_image","twitter_misc":{"Escrito por":"Reda\u00e7\u00e3o","Tempo estimado de leitura":"2 minutos"},"schema":{"@context":"https:\/\/schema.org","@graph":[{"@type":"Article","@id":"https:\/\/brasilnoticias.org\/site\/com-salario-de-quase-r-24-mil-vereador-de-salvador-justifica-ausencia-de-patrimonio-no-tse-nao-possuo-bens\/#article","isPartOf":{"@id":"https:\/\/brasilnoticias.org\/site\/com-salario-de-quase-r-24-mil-vereador-de-salvador-justifica-ausencia-de-patrimonio-no-tse-nao-possuo-bens\/"},"author":{"name":"Reda\u00e7\u00e3o","@id":"https:\/\/brasilnoticias.org\/site\/#\/schema\/person\/03bbbfe6c7634ad18c26444ea39049fa"},"headline":"Com sal\u00e1rio de quase R$ 24 mil, vereador de Salvador justifica aus\u00eancia de patrim\u00f4nio no TSE: &#8220;N\u00e3o possuo bens&#8221;","datePublished":"2024-08-19T20:20:35+00:00","dateModified":"2024-08-19T20:21:59+00:00","mainEntityOfPage":{"@id":"https:\/\/brasilnoticias.org\/site\/com-salario-de-quase-r-24-mil-vereador-de-salvador-justifica-ausencia-de-patrimonio-no-tse-nao-possuo-bens\/"},"wordCount":220,"commentCount":0,"publisher":{"@id":"https:\/\/brasilnoticias.org\/site\/#organization"},"image":{"@id":"https:\/\/brasilnoticias.org\/site\/com-salario-de-quase-r-24-mil-vereador-de-salvador-justifica-ausencia-de-patrimonio-no-tse-nao-possuo-bens\/#primaryimage"},"thumbnailUrl":"https:\/\/brasilnoticias.org\/site\/wp-content\/uploads\/2024\/08\/whatsapp_image_2024-08-19_at_14.38.21_RHRUnjS_widelg.jpeg","articleSection":["Pol\u00edtica","\u00daltimas"],"inLanguage":"pt-PT","potentialAction":[{"@type":"CommentAction","name":"Comment","target":["https:\/\/brasilnoticias.org\/site\/com-salario-de-quase-r-24-mil-vereador-de-salvador-justifica-ausencia-de-patrimonio-no-tse-nao-possuo-bens\/#respond"]}]},{"@type":"WebPage","@id":"https:\/\/brasilnoticias.org\/site\/com-salario-de-quase-r-24-mil-vereador-de-salvador-justifica-ausencia-de-patrimonio-no-tse-nao-possuo-bens\/","url":"https:\/\/brasilnoticias.org\/site\/com-salario-de-quase-r-24-mil-vereador-de-salvador-justifica-ausencia-de-patrimonio-no-tse-nao-possuo-bens\/","name":"Com sal\u00e1rio de quase R$ 24 mil, vereador de Salvador justifica aus\u00eancia de patrim\u00f4nio no TSE: \"N\u00e3o possuo bens\" - Brasil not\u00edcias","isPartOf":{"@id":"https:\/\/brasilnoticias.org\/site\/#website"},"primaryImageOfPage":{"@id":"https:\/\/brasilnoticias.org\/site\/com-salario-de-quase-r-24-mil-vereador-de-salvador-justifica-ausencia-de-patrimonio-no-tse-nao-possuo-bens\/#primaryimage"},"image":{"@id":"https:\/\/brasilnoticias.org\/site\/com-salario-de-quase-r-24-mil-vereador-de-salvador-justifica-ausencia-de-patrimonio-no-tse-nao-possuo-bens\/#primaryimage"},"thumbnailUrl":"https:\/\/brasilnoticias.org\/site\/wp-content\/uploads\/2024\/08\/whatsapp_image_2024-08-19_at_14.38.21_RHRUnjS_widelg.jpeg","datePublished":"2024-08-19T20:20:35+00:00","dateModified":"2024-08-19T20:21:59+00:00","breadcrumb":{"@id":"https:\/\/brasilnoticias.org\/site\/com-salario-de-quase-r-24-mil-vereador-de-salvador-justifica-ausencia-de-patrimonio-no-tse-nao-possuo-bens\/#breadcrumb"},"inLanguage":"pt-PT","potentialAction":[{"@type":"ReadAction","target":["https:\/\/brasilnoticias.org\/site\/com-salario-de-quase-r-24-mil-vereador-de-salvador-justifica-ausencia-de-patrimonio-no-tse-nao-possuo-bens\/"]}]},{"@type":"ImageObject","inLanguage":"pt-PT","@id":"https:\/\/brasilnoticias.org\/site\/com-salario-de-quase-r-24-mil-vereador-de-salvador-justifica-ausencia-de-patrimonio-no-tse-nao-possuo-bens\/#primaryimage","url":"https:\/\/brasilnoticias.org\/site\/wp-content\/uploads\/2024\/08\/whatsapp_image_2024-08-19_at_14.38.21_RHRUnjS_widelg.jpeg","contentUrl":"https:\/\/brasilnoticias.org\/site\/wp-content\/uploads\/2024\/08\/whatsapp_image_2024-08-19_at_14.38.21_RHRUnjS_widelg.jpeg","width":800,"height":450},{"@type":"BreadcrumbList","@id":"https:\/\/brasilnoticias.org\/site\/com-salario-de-quase-r-24-mil-vereador-de-salvador-justifica-ausencia-de-patrimonio-no-tse-nao-possuo-bens\/#breadcrumb","itemListElement":[{"@type":"ListItem","position":1,"name":"In\u00edcio","item":"https:\/\/brasilnoticias.org\/site\/"},{"@type":"ListItem","position":2,"name":"Com sal\u00e1rio de quase R$ 24 mil, vereador de Salvador justifica aus\u00eancia de patrim\u00f4nio no TSE: &#8220;N\u00e3o possuo bens&#8221;"}]},{"@type":"WebSite","@id":"https:\/\/brasilnoticias.org\/site\/#website","url":"https:\/\/brasilnoticias.org\/site\/","name":"Brasil not\u00edcias","description":"Brasil not\u00edcias","publisher":{"@id":"https:\/\/brasilnoticias.org\/site\/#organization"},"potentialAction":[{"@type":"SearchAction","target":{"@type":"EntryPoint","urlTemplate":"https:\/\/brasilnoticias.org\/site\/?s={search_term_string}"},"query-input":{"@type":"PropertyValueSpecification","valueRequired":true,"valueName":"search_term_string"}}],"inLanguage":"pt-PT"},{"@type":"Organization","@id":"https:\/\/brasilnoticias.org\/site\/#organization","name":"Brasil not\u00edcias","url":"https:\/\/brasilnoticias.org\/site\/","logo":{"@type":"ImageObject","inLanguage":"pt-PT","@id":"https:\/\/brasilnoticias.org\/site\/#\/schema\/logo\/image\/","url":"https:\/\/brasilnoticias.org\/site\/wp-content\/uploads\/2022\/05\/cropped-brasilnoticias-mini.jpg","contentUrl":"https:\/\/brasilnoticias.org\/site\/wp-content\/uploads\/2022\/05\/cropped-brasilnoticias-mini.jpg","width":314,"height":86,"caption":"Brasil not\u00edcias"},"image":{"@id":"https:\/\/brasilnoticias.org\/site\/#\/schema\/logo\/image\/"}},{"@type":"Person","@id":"https:\/\/brasilnoticias.org\/site\/#\/schema\/person\/03bbbfe6c7634ad18c26444ea39049fa","name":"Reda\u00e7\u00e3o","image":{"@type":"ImageObject","inLanguage":"pt-PT","@id":"https:\/\/brasilnoticias.org\/site\/#\/schema\/person\/image\/","url":"https:\/\/secure.gravatar.com\/avatar\/9ecaf7327a696cb23ad926fedded5f1f04d7049de9e445375d55b48c001a6e42?s=96&d=mm&r=g","contentUrl":"https:\/\/secure.gravatar.com\/avatar\/9ecaf7327a696cb23ad926fedded5f1f04d7049de9e445375d55b48c001a6e42?s=96&d=mm&r=g","caption":"Reda\u00e7\u00e3o"},"url":"https:\/\/brasilnoticias.org\/site\/author\/henrique\/"}]}},"_links":{"self":[{"href":"https:\/\/brasilnoticias.org\/site\/wp-json\/wp\/v2\/posts\/15577","targetHints":{"allow":["GET"]}}],"collection":[{"href":"https:\/\/brasilnoticias.org\/site\/wp-json\/wp\/v2\/posts"}],"about":[{"href":"https:\/\/brasilnoticias.org\/site\/wp-json\/wp\/v2\/types\/post"}],"author":[{"embeddable":true,"href":"https:\/\/brasilnoticias.org\/site\/wp-json\/wp\/v2\/users\/4"}],"replies":[{"embeddable":true,"href":"https:\/\/brasilnoticias.org\/site\/wp-json\/wp\/v2\/comments?post=15577"}],"version-history":[{"count":2,"href":"https:\/\/brasilnoticias.org\/site\/wp-json\/wp\/v2\/posts\/15577\/revisions"}],"predecessor-version":[{"id":15580,"href":"https:\/\/brasilnoticias.org\/site\/wp-json\/wp\/v2\/posts\/15577\/revisions\/15580"}],"wp:featuredmedia":[{"embeddable":true,"href":"https:\/\/brasilnoticias.org\/site\/wp-json\/wp\/v2\/media\/15578"}],"wp:attachment":[{"href":"https:\/\/brasilnoticias.org\/site\/wp-json\/wp\/v2\/media?parent=15577"}],"wp:term":[{"taxonomy":"category","embeddable":true,"href":"https:\/\/brasilnoticias.org\/site\/wp-json\/wp\/v2\/categories?post=15577"},{"taxonomy":"post_tag","embeddable":true,"href":"https:\/\/brasilnoticias.org\/site\/wp-json\/wp\/v2\/tags?post=15577"}],"curies":[{"name":"wp","href":"https:\/\/api.w.org\/{rel}","templated":true}]}}