{"id":15581,"date":"2024-08-20T16:52:15","date_gmt":"2024-08-20T19:52:15","guid":{"rendered":"https:\/\/brasilnoticias.org\/site\/?p=15581"},"modified":"2024-08-20T16:52:15","modified_gmt":"2024-08-20T19:52:15","slug":"salvador-aumentou-em-150-o-numero-de-vagas-em-creches-destaca-bruno-reis","status":"publish","type":"post","link":"https:\/\/brasilnoticias.org\/site\/salvador-aumentou-em-150-o-numero-de-vagas-em-creches-destaca-bruno-reis\/","title":{"rendered":"Salvador aumentou em 150% o n\u00famero de vagas em creches, destaca Bruno Reis"},"content":{"rendered":"<p>O prefeito de Salvador e pr\u00e9-candidato \u00e0 reelei\u00e7\u00e3o Bruno Reis, (Uni\u00e3o Brasil), disse nesta ter\u00e7a-feira (20) que a gest\u00e3o municipal ampliou em 150% o n\u00famero de vagas em creches na capital baiana, de 17 mil para mais de 40 mil. \u201cEu estava nessa manh\u00e3 no CMEI [Centro Municipal de Educa\u00e7\u00e3o Infantil] Castro Alves, que atende a regi\u00e3o de Pitua\u00e7u, Boca do Rio e Imbu\u00ed. Oferecia 120 vagas e agora s\u00e3o 200. Uma manh\u00e3 emocionante, vendo o depoimento das m\u00e3es\u201d, relatou o prefeito, em entrevista \u00e0 r\u00e1dio Cardeal FM.<\/p>\n<p>O gestor municipal reiterou que, nos pr\u00f3ximos meses, Salvador alcan\u00e7ar\u00e1 a meta de cobertura de 50% para creches, estabelecida pelo Plano Nacional de Educa\u00e7\u00e3o (PNE) &#8211; atualmente a cobertura na cidade \u00e9 de 45%, acima da m\u00e9dia nacional (40%). \u201cQuando eu inaugurar as escolas que est\u00e3o sendo reconstru\u00eddas, os CMEIs, vamos passar de 50%, que \u00e9 o que estabelece o Plano\u201d, destacou. <\/p>\n<p>O candidato \u00e0 reelei\u00e7\u00e3o pontuou tamb\u00e9m outros avan\u00e7os na educa\u00e7\u00e3o infantil nos \u00faltimos anos, como a universaliza\u00e7\u00e3o do acesso \u00e0 pr\u00e9-escola (crian\u00e7as de 4 e 5 anos). \u201c\u00c9ramos a \u00faltima do Brasil no Pnad [Pesquisa Nacional por Amostra de Domic\u00edlios] e universalizamos.  Hoje temos mais vagas do que demanda para crian\u00e7as de 4 e 5 anos na rede como um todo\u201d, explicou. <\/p>\n<p>\u201cE as creches comunit\u00e1rias fazem parte da nossa rede. Est\u00e1 na LDB [Lei de Diretrizes e Bases da Educa\u00e7\u00e3o Nacional]. N\u00e3o s\u00e3o entidades auxiliares; fazem parte, recebem recursos. Inclusive, eu sou o primeiro prefeito da hist\u00f3ria que est\u00e1 repassando a 13\u00aa parcela, o mesmo material escolar, as duas fardas, os dois t\u00eanis, a mochila\u2026 Todo o material pedag\u00f3gico e escolar que entregamos na rede foi entregue nas escolas e creches comunit\u00e1rias. E ano que vem elas v\u00e3o passar a ter a mesma merenda da nossa rede\u201d, acrescentou o prefeito.  <\/p>\n<p>Bruno Reis ainda criticou advers\u00e1rios por n\u00e3o estudarem sobre o tema e aparentemente desconhecerem inclusive os dados do pr\u00f3prio governo do Estado \u201cSabe quanto tem no PPA [Plano Plurianual] do Estado para creche nos pr\u00f3ximos quatro anos? Zero. N\u00e3o vai ajudar nenhuma prefeitura do interior a construir uma creche? N\u00e3o tem um real. Que moral tem para falar de creche? Acha que o povo vai acreditar?\u201d, questionou.<\/p>\n<p>Ensino Fundamental II &#8211; O prefeito tamb\u00e9m reiterou o pedido para o governo transferir ao Munic\u00edpio escolas estaduais localizadas na capital nas quais h\u00e1 turmas do Ensino Fundamental II (do 6\u00ba ao 9\u00ba ano). De acordo com o chefe do Executivo de Salvador, essa solicita\u00e7\u00e3o j\u00e1 foi feita mais de uma vez, tanto na gest\u00e3o do ex-secret\u00e1rio municipal de Educa\u00e7\u00e3o Marcelo Oliveira, quanto na do atual, Thiago Dantas.<\/p>\n<p>\u201cQuando come\u00e7ou o processo de municipaliza\u00e7\u00e3o das escolas em toda a Bahia, dentro das atribui\u00e7\u00f5es constitucionais de cada ente federativo, o Estado nunca repassou essas escolas. Elas sempre foram do Estado. Podem passar as escolas reformadas, com a receita dos alunos, que a gente faz a gest\u00e3o. N\u00e3o tem dificuldade alguma\u201d, afirmou Bruno Reis, ao ressaltar que em Salvador o Ensino Fundamental II das escolas municipais \u00e9 melhor do que o das escolas estaduais.<\/p>\n<p>Na divulga\u00e7\u00e3o do \u00faltimo \u00cdndice de Desenvolvimento da Educa\u00e7\u00e3o B\u00e1sica (Ideb), a rede municipal teve nota 4,2 no Ensino Fundamental II, enquanto a rede estadual ficou com 3,8 na capital baiana. J\u00e1 a nota Saeb &#8211; que mede o aprendizado dos estudantes em matem\u00e1tica e l\u00edngua portuguesa &#8211; foi de 4,59 na rede municipal e 4,17 na estadual. \u201cSe eles n\u00e3o t\u00eam compet\u00eancia para fazer uma educa\u00e7\u00e3o de qualidade, passa para a gente que n\u00f3s fazemos\u201d, completou o prefeito.<\/p>\n<p>Bruno Reis refor\u00e7ou que, para transferir essas unidades de ensino para a Prefeitura, basta que o governo reforme as escolas, deixando-as no padr\u00e3o da rede municipal, e repasse tamb\u00e9m para a administra\u00e7\u00e3o soteropolitana os recursos que recebe do Fundo de Manuten\u00e7\u00e3o e Desenvolvimento da Educa\u00e7\u00e3o B\u00e1sica (Fundeb). \u201cA gente recebe do Fundeb um valor por aluno. Ent\u00e3o, o Estado est\u00e1 recebendo essa receita para fazer educa\u00e7\u00e3o; n\u00e3o est\u00e1 fazendo nenhum favor. Repassem para a gente a receita e as escolas reformadas, que a gente faz a gest\u00e3o. O que precisar completar de recursos, a gente completa\u201d, disse.<\/p>\n","protected":false},"excerpt":{"rendered":"<p>O prefeito de Salvador e pr\u00e9-candidato \u00e0 reelei\u00e7\u00e3o Bruno Reis, (Uni\u00e3o Brasil), disse nesta ter\u00e7a-feira (20) que a gest\u00e3o municipal<\/p>\n","protected":false},"author":4,"featured_media":15582,"comment_status":"open","ping_status":"open","sticky":false,"template":"","format":"standard","meta":{"colormag_page_container_layout":"default_layout","colormag_page_sidebar_layout":"default_layout","_FSMCFIC_featured_image_caption":"","_FSMCFIC_featured_image_nocaption":"","_FSMCFIC_featured_image_hide":"","footnotes":""},"categories":[5,1],"tags":[],"class_list":["post-15581","post","type-post","status-publish","format-standard","has-post-thumbnail","hentry","category-politica","category-ultimas"],"yoast_head":"<!-- This site is optimized with the Yoast SEO plugin v27.1.1 - https:\/\/yoast.com\/product\/yoast-seo-wordpress\/ -->\n<title>Salvador aumentou em 150% o n\u00famero de vagas em creches, destaca Bruno Reis - Brasil not\u00edcias<\/title>\n<meta name=\"robots\" content=\"index, follow, max-snippet:-1, max-image-preview:large, max-video-preview:-1\" \/>\n<link rel=\"canonical\" href=\"https:\/\/brasilnoticias.org\/site\/salvador-aumentou-em-150-o-numero-de-vagas-em-creches-destaca-bruno-reis\/\" \/>\n<meta property=\"og:locale\" content=\"pt_PT\" \/>\n<meta property=\"og:type\" content=\"article\" \/>\n<meta property=\"og:title\" content=\"Salvador aumentou em 150% o n\u00famero de vagas em creches, destaca Bruno Reis - Brasil not\u00edcias\" \/>\n<meta property=\"og:description\" content=\"O prefeito de Salvador e pr\u00e9-candidato \u00e0 reelei\u00e7\u00e3o Bruno Reis, (Uni\u00e3o Brasil), disse nesta ter\u00e7a-feira (20) que a gest\u00e3o municipal\" \/>\n<meta property=\"og:url\" content=\"https:\/\/brasilnoticias.org\/site\/salvador-aumentou-em-150-o-numero-de-vagas-em-creches-destaca-bruno-reis\/\" \/>\n<meta property=\"og:site_name\" content=\"Brasil not\u00edcias\" \/>\n<meta property=\"article:published_time\" content=\"2024-08-20T19:52:15+00:00\" \/>\n<meta property=\"og:image\" content=\"https:\/\/brasilnoticias.org\/site\/wp-content\/uploads\/2024\/08\/IMAGEM_NOTICIA_0-9-1.jpg\" \/>\n\t<meta property=\"og:image:width\" content=\"850\" \/>\n\t<meta property=\"og:image:height\" content=\"400\" \/>\n\t<meta property=\"og:image:type\" content=\"image\/jpeg\" \/>\n<meta name=\"author\" content=\"Reda\u00e7\u00e3o\" \/>\n<meta name=\"twitter:card\" content=\"summary_large_image\" \/>\n<meta name=\"twitter:label1\" content=\"Escrito por\" \/>\n\t<meta name=\"twitter:data1\" content=\"Reda\u00e7\u00e3o\" \/>\n\t<meta name=\"twitter:label2\" content=\"Tempo estimado de leitura\" \/>\n\t<meta name=\"twitter:data2\" content=\"1 minuto\" \/>\n<script type=\"application\/ld+json\" class=\"yoast-schema-graph\">{\"@context\":\"https:\/\/schema.org\",\"@graph\":[{\"@type\":\"Article\",\"@id\":\"https:\/\/brasilnoticias.org\/site\/salvador-aumentou-em-150-o-numero-de-vagas-em-creches-destaca-bruno-reis\/#article\",\"isPartOf\":{\"@id\":\"https:\/\/brasilnoticias.org\/site\/salvador-aumentou-em-150-o-numero-de-vagas-em-creches-destaca-bruno-reis\/\"},\"author\":{\"name\":\"Reda\u00e7\u00e3o\",\"@id\":\"https:\/\/brasilnoticias.org\/site\/#\/schema\/person\/03bbbfe6c7634ad18c26444ea39049fa\"},\"headline\":\"Salvador aumentou em 150% o n\u00famero de vagas em creches, destaca Bruno Reis\",\"datePublished\":\"2024-08-20T19:52:15+00:00\",\"mainEntityOfPage\":{\"@id\":\"https:\/\/brasilnoticias.org\/site\/salvador-aumentou-em-150-o-numero-de-vagas-em-creches-destaca-bruno-reis\/\"},\"wordCount\":745,\"commentCount\":0,\"publisher\":{\"@id\":\"https:\/\/brasilnoticias.org\/site\/#organization\"},\"image\":{\"@id\":\"https:\/\/brasilnoticias.org\/site\/salvador-aumentou-em-150-o-numero-de-vagas-em-creches-destaca-bruno-reis\/#primaryimage\"},\"thumbnailUrl\":\"https:\/\/brasilnoticias.org\/site\/wp-content\/uploads\/2024\/08\/IMAGEM_NOTICIA_0-9-1.jpg\",\"articleSection\":[\"Pol\u00edtica\",\"\u00daltimas\"],\"inLanguage\":\"pt-PT\",\"potentialAction\":[{\"@type\":\"CommentAction\",\"name\":\"Comment\",\"target\":[\"https:\/\/brasilnoticias.org\/site\/salvador-aumentou-em-150-o-numero-de-vagas-em-creches-destaca-bruno-reis\/#respond\"]}]},{\"@type\":\"WebPage\",\"@id\":\"https:\/\/brasilnoticias.org\/site\/salvador-aumentou-em-150-o-numero-de-vagas-em-creches-destaca-bruno-reis\/\",\"url\":\"https:\/\/brasilnoticias.org\/site\/salvador-aumentou-em-150-o-numero-de-vagas-em-creches-destaca-bruno-reis\/\",\"name\":\"Salvador aumentou em 150% o n\u00famero de vagas em creches, destaca Bruno Reis - Brasil not\u00edcias\",\"isPartOf\":{\"@id\":\"https:\/\/brasilnoticias.org\/site\/#website\"},\"primaryImageOfPage\":{\"@id\":\"https:\/\/brasilnoticias.org\/site\/salvador-aumentou-em-150-o-numero-de-vagas-em-creches-destaca-bruno-reis\/#primaryimage\"},\"image\":{\"@id\":\"https:\/\/brasilnoticias.org\/site\/salvador-aumentou-em-150-o-numero-de-vagas-em-creches-destaca-bruno-reis\/#primaryimage\"},\"thumbnailUrl\":\"https:\/\/brasilnoticias.org\/site\/wp-content\/uploads\/2024\/08\/IMAGEM_NOTICIA_0-9-1.jpg\",\"datePublished\":\"2024-08-20T19:52:15+00:00\",\"breadcrumb\":{\"@id\":\"https:\/\/brasilnoticias.org\/site\/salvador-aumentou-em-150-o-numero-de-vagas-em-creches-destaca-bruno-reis\/#breadcrumb\"},\"inLanguage\":\"pt-PT\",\"potentialAction\":[{\"@type\":\"ReadAction\",\"target\":[\"https:\/\/brasilnoticias.org\/site\/salvador-aumentou-em-150-o-numero-de-vagas-em-creches-destaca-bruno-reis\/\"]}]},{\"@type\":\"ImageObject\",\"inLanguage\":\"pt-PT\",\"@id\":\"https:\/\/brasilnoticias.org\/site\/salvador-aumentou-em-150-o-numero-de-vagas-em-creches-destaca-bruno-reis\/#primaryimage\",\"url\":\"https:\/\/brasilnoticias.org\/site\/wp-content\/uploads\/2024\/08\/IMAGEM_NOTICIA_0-9-1.jpg\",\"contentUrl\":\"https:\/\/brasilnoticias.org\/site\/wp-content\/uploads\/2024\/08\/IMAGEM_NOTICIA_0-9-1.jpg\",\"width\":850,\"height\":400},{\"@type\":\"BreadcrumbList\",\"@id\":\"https:\/\/brasilnoticias.org\/site\/salvador-aumentou-em-150-o-numero-de-vagas-em-creches-destaca-bruno-reis\/#breadcrumb\",\"itemListElement\":[{\"@type\":\"ListItem\",\"position\":1,\"name\":\"In\u00edcio\",\"item\":\"https:\/\/brasilnoticias.org\/site\/\"},{\"@type\":\"ListItem\",\"position\":2,\"name\":\"Salvador aumentou em 150% o n\u00famero de vagas em creches, destaca Bruno Reis\"}]},{\"@type\":\"WebSite\",\"@id\":\"https:\/\/brasilnoticias.org\/site\/#website\",\"url\":\"https:\/\/brasilnoticias.org\/site\/\",\"name\":\"Brasil not\u00edcias\",\"description\":\"Brasil not\u00edcias\",\"publisher\":{\"@id\":\"https:\/\/brasilnoticias.org\/site\/#organization\"},\"potentialAction\":[{\"@type\":\"SearchAction\",\"target\":{\"@type\":\"EntryPoint\",\"urlTemplate\":\"https:\/\/brasilnoticias.org\/site\/?s={search_term_string}\"},\"query-input\":{\"@type\":\"PropertyValueSpecification\",\"valueRequired\":true,\"valueName\":\"search_term_string\"}}],\"inLanguage\":\"pt-PT\"},{\"@type\":\"Organization\",\"@id\":\"https:\/\/brasilnoticias.org\/site\/#organization\",\"name\":\"Brasil not\u00edcias\",\"url\":\"https:\/\/brasilnoticias.org\/site\/\",\"logo\":{\"@type\":\"ImageObject\",\"inLanguage\":\"pt-PT\",\"@id\":\"https:\/\/brasilnoticias.org\/site\/#\/schema\/logo\/image\/\",\"url\":\"https:\/\/brasilnoticias.org\/site\/wp-content\/uploads\/2022\/05\/cropped-brasilnoticias-mini.jpg\",\"contentUrl\":\"https:\/\/brasilnoticias.org\/site\/wp-content\/uploads\/2022\/05\/cropped-brasilnoticias-mini.jpg\",\"width\":314,\"height\":86,\"caption\":\"Brasil not\u00edcias\"},\"image\":{\"@id\":\"https:\/\/brasilnoticias.org\/site\/#\/schema\/logo\/image\/\"}},{\"@type\":\"Person\",\"@id\":\"https:\/\/brasilnoticias.org\/site\/#\/schema\/person\/03bbbfe6c7634ad18c26444ea39049fa\",\"name\":\"Reda\u00e7\u00e3o\",\"image\":{\"@type\":\"ImageObject\",\"inLanguage\":\"pt-PT\",\"@id\":\"https:\/\/brasilnoticias.org\/site\/#\/schema\/person\/image\/\",\"url\":\"https:\/\/secure.gravatar.com\/avatar\/9ecaf7327a696cb23ad926fedded5f1f04d7049de9e445375d55b48c001a6e42?s=96&d=mm&r=g\",\"contentUrl\":\"https:\/\/secure.gravatar.com\/avatar\/9ecaf7327a696cb23ad926fedded5f1f04d7049de9e445375d55b48c001a6e42?s=96&d=mm&r=g\",\"caption\":\"Reda\u00e7\u00e3o\"},\"url\":\"https:\/\/brasilnoticias.org\/site\/author\/henrique\/\"}]}<\/script>\n<!-- \/ Yoast SEO plugin. -->","yoast_head_json":{"title":"Salvador aumentou em 150% o n\u00famero de vagas em creches, destaca Bruno Reis - Brasil not\u00edcias","robots":{"index":"index","follow":"follow","max-snippet":"max-snippet:-1","max-image-preview":"max-image-preview:large","max-video-preview":"max-video-preview:-1"},"canonical":"https:\/\/brasilnoticias.org\/site\/salvador-aumentou-em-150-o-numero-de-vagas-em-creches-destaca-bruno-reis\/","og_locale":"pt_PT","og_type":"article","og_title":"Salvador aumentou em 150% o n\u00famero de vagas em creches, destaca Bruno Reis - Brasil not\u00edcias","og_description":"O prefeito de Salvador e pr\u00e9-candidato \u00e0 reelei\u00e7\u00e3o Bruno Reis, (Uni\u00e3o Brasil), disse nesta ter\u00e7a-feira (20) que a gest\u00e3o municipal","og_url":"https:\/\/brasilnoticias.org\/site\/salvador-aumentou-em-150-o-numero-de-vagas-em-creches-destaca-bruno-reis\/","og_site_name":"Brasil not\u00edcias","article_published_time":"2024-08-20T19:52:15+00:00","og_image":[{"width":850,"height":400,"url":"https:\/\/brasilnoticias.org\/site\/wp-content\/uploads\/2024\/08\/IMAGEM_NOTICIA_0-9-1.jpg","type":"image\/jpeg"}],"author":"Reda\u00e7\u00e3o","twitter_card":"summary_large_image","twitter_misc":{"Escrito por":"Reda\u00e7\u00e3o","Tempo estimado de leitura":"1 minuto"},"schema":{"@context":"https:\/\/schema.org","@graph":[{"@type":"Article","@id":"https:\/\/brasilnoticias.org\/site\/salvador-aumentou-em-150-o-numero-de-vagas-em-creches-destaca-bruno-reis\/#article","isPartOf":{"@id":"https:\/\/brasilnoticias.org\/site\/salvador-aumentou-em-150-o-numero-de-vagas-em-creches-destaca-bruno-reis\/"},"author":{"name":"Reda\u00e7\u00e3o","@id":"https:\/\/brasilnoticias.org\/site\/#\/schema\/person\/03bbbfe6c7634ad18c26444ea39049fa"},"headline":"Salvador aumentou em 150% o n\u00famero de vagas em creches, destaca Bruno Reis","datePublished":"2024-08-20T19:52:15+00:00","mainEntityOfPage":{"@id":"https:\/\/brasilnoticias.org\/site\/salvador-aumentou-em-150-o-numero-de-vagas-em-creches-destaca-bruno-reis\/"},"wordCount":745,"commentCount":0,"publisher":{"@id":"https:\/\/brasilnoticias.org\/site\/#organization"},"image":{"@id":"https:\/\/brasilnoticias.org\/site\/salvador-aumentou-em-150-o-numero-de-vagas-em-creches-destaca-bruno-reis\/#primaryimage"},"thumbnailUrl":"https:\/\/brasilnoticias.org\/site\/wp-content\/uploads\/2024\/08\/IMAGEM_NOTICIA_0-9-1.jpg","articleSection":["Pol\u00edtica","\u00daltimas"],"inLanguage":"pt-PT","potentialAction":[{"@type":"CommentAction","name":"Comment","target":["https:\/\/brasilnoticias.org\/site\/salvador-aumentou-em-150-o-numero-de-vagas-em-creches-destaca-bruno-reis\/#respond"]}]},{"@type":"WebPage","@id":"https:\/\/brasilnoticias.org\/site\/salvador-aumentou-em-150-o-numero-de-vagas-em-creches-destaca-bruno-reis\/","url":"https:\/\/brasilnoticias.org\/site\/salvador-aumentou-em-150-o-numero-de-vagas-em-creches-destaca-bruno-reis\/","name":"Salvador aumentou em 150% o n\u00famero de vagas em creches, destaca Bruno Reis - Brasil not\u00edcias","isPartOf":{"@id":"https:\/\/brasilnoticias.org\/site\/#website"},"primaryImageOfPage":{"@id":"https:\/\/brasilnoticias.org\/site\/salvador-aumentou-em-150-o-numero-de-vagas-em-creches-destaca-bruno-reis\/#primaryimage"},"image":{"@id":"https:\/\/brasilnoticias.org\/site\/salvador-aumentou-em-150-o-numero-de-vagas-em-creches-destaca-bruno-reis\/#primaryimage"},"thumbnailUrl":"https:\/\/brasilnoticias.org\/site\/wp-content\/uploads\/2024\/08\/IMAGEM_NOTICIA_0-9-1.jpg","datePublished":"2024-08-20T19:52:15+00:00","breadcrumb":{"@id":"https:\/\/brasilnoticias.org\/site\/salvador-aumentou-em-150-o-numero-de-vagas-em-creches-destaca-bruno-reis\/#breadcrumb"},"inLanguage":"pt-PT","potentialAction":[{"@type":"ReadAction","target":["https:\/\/brasilnoticias.org\/site\/salvador-aumentou-em-150-o-numero-de-vagas-em-creches-destaca-bruno-reis\/"]}]},{"@type":"ImageObject","inLanguage":"pt-PT","@id":"https:\/\/brasilnoticias.org\/site\/salvador-aumentou-em-150-o-numero-de-vagas-em-creches-destaca-bruno-reis\/#primaryimage","url":"https:\/\/brasilnoticias.org\/site\/wp-content\/uploads\/2024\/08\/IMAGEM_NOTICIA_0-9-1.jpg","contentUrl":"https:\/\/brasilnoticias.org\/site\/wp-content\/uploads\/2024\/08\/IMAGEM_NOTICIA_0-9-1.jpg","width":850,"height":400},{"@type":"BreadcrumbList","@id":"https:\/\/brasilnoticias.org\/site\/salvador-aumentou-em-150-o-numero-de-vagas-em-creches-destaca-bruno-reis\/#breadcrumb","itemListElement":[{"@type":"ListItem","position":1,"name":"In\u00edcio","item":"https:\/\/brasilnoticias.org\/site\/"},{"@type":"ListItem","position":2,"name":"Salvador aumentou em 150% o n\u00famero de vagas em creches, destaca Bruno Reis"}]},{"@type":"WebSite","@id":"https:\/\/brasilnoticias.org\/site\/#website","url":"https:\/\/brasilnoticias.org\/site\/","name":"Brasil not\u00edcias","description":"Brasil not\u00edcias","publisher":{"@id":"https:\/\/brasilnoticias.org\/site\/#organization"},"potentialAction":[{"@type":"SearchAction","target":{"@type":"EntryPoint","urlTemplate":"https:\/\/brasilnoticias.org\/site\/?s={search_term_string}"},"query-input":{"@type":"PropertyValueSpecification","valueRequired":true,"valueName":"search_term_string"}}],"inLanguage":"pt-PT"},{"@type":"Organization","@id":"https:\/\/brasilnoticias.org\/site\/#organization","name":"Brasil not\u00edcias","url":"https:\/\/brasilnoticias.org\/site\/","logo":{"@type":"ImageObject","inLanguage":"pt-PT","@id":"https:\/\/brasilnoticias.org\/site\/#\/schema\/logo\/image\/","url":"https:\/\/brasilnoticias.org\/site\/wp-content\/uploads\/2022\/05\/cropped-brasilnoticias-mini.jpg","contentUrl":"https:\/\/brasilnoticias.org\/site\/wp-content\/uploads\/2022\/05\/cropped-brasilnoticias-mini.jpg","width":314,"height":86,"caption":"Brasil not\u00edcias"},"image":{"@id":"https:\/\/brasilnoticias.org\/site\/#\/schema\/logo\/image\/"}},{"@type":"Person","@id":"https:\/\/brasilnoticias.org\/site\/#\/schema\/person\/03bbbfe6c7634ad18c26444ea39049fa","name":"Reda\u00e7\u00e3o","image":{"@type":"ImageObject","inLanguage":"pt-PT","@id":"https:\/\/brasilnoticias.org\/site\/#\/schema\/person\/image\/","url":"https:\/\/secure.gravatar.com\/avatar\/9ecaf7327a696cb23ad926fedded5f1f04d7049de9e445375d55b48c001a6e42?s=96&d=mm&r=g","contentUrl":"https:\/\/secure.gravatar.com\/avatar\/9ecaf7327a696cb23ad926fedded5f1f04d7049de9e445375d55b48c001a6e42?s=96&d=mm&r=g","caption":"Reda\u00e7\u00e3o"},"url":"https:\/\/brasilnoticias.org\/site\/author\/henrique\/"}]}},"_links":{"self":[{"href":"https:\/\/brasilnoticias.org\/site\/wp-json\/wp\/v2\/posts\/15581","targetHints":{"allow":["GET"]}}],"collection":[{"href":"https:\/\/brasilnoticias.org\/site\/wp-json\/wp\/v2\/posts"}],"about":[{"href":"https:\/\/brasilnoticias.org\/site\/wp-json\/wp\/v2\/types\/post"}],"author":[{"embeddable":true,"href":"https:\/\/brasilnoticias.org\/site\/wp-json\/wp\/v2\/users\/4"}],"replies":[{"embeddable":true,"href":"https:\/\/brasilnoticias.org\/site\/wp-json\/wp\/v2\/comments?post=15581"}],"version-history":[{"count":1,"href":"https:\/\/brasilnoticias.org\/site\/wp-json\/wp\/v2\/posts\/15581\/revisions"}],"predecessor-version":[{"id":15583,"href":"https:\/\/brasilnoticias.org\/site\/wp-json\/wp\/v2\/posts\/15581\/revisions\/15583"}],"wp:featuredmedia":[{"embeddable":true,"href":"https:\/\/brasilnoticias.org\/site\/wp-json\/wp\/v2\/media\/15582"}],"wp:attachment":[{"href":"https:\/\/brasilnoticias.org\/site\/wp-json\/wp\/v2\/media?parent=15581"}],"wp:term":[{"taxonomy":"category","embeddable":true,"href":"https:\/\/brasilnoticias.org\/site\/wp-json\/wp\/v2\/categories?post=15581"},{"taxonomy":"post_tag","embeddable":true,"href":"https:\/\/brasilnoticias.org\/site\/wp-json\/wp\/v2\/tags?post=15581"}],"curies":[{"name":"wp","href":"https:\/\/api.w.org\/{rel}","templated":true}]}}