{"id":15584,"date":"2024-08-20T16:52:54","date_gmt":"2024-08-20T19:52:54","guid":{"rendered":"https:\/\/brasilnoticias.org\/site\/?p=15584"},"modified":"2024-08-20T16:53:07","modified_gmt":"2024-08-20T19:53:07","slug":"prefeitura-reabre-inscricoes-de-concurso-na-area-da-saude","status":"publish","type":"post","link":"https:\/\/brasilnoticias.org\/site\/prefeitura-reabre-inscricoes-de-concurso-na-area-da-saude\/","title":{"rendered":"Prefeitura reabre inscri\u00e7\u00f5es de concurso na \u00e1rea da sa\u00fade"},"content":{"rendered":"<p>A Secretaria Municipal de Gest\u00e3o (Semge) reabriu nesta ter\u00e7a-feira (20) as inscri\u00e7\u00f5es para o concurso p\u00fablico que busca preencher 593 vagas na \u00e1rea da sa\u00fade de Salvador. O p\u00fablico interessado em participar do certame tem at\u00e9 \u00e0s 23:59h do dia 12 de setembro para se inscrever atrav\u00e9s do link https:\/\/bit.ly\/3MdjLl7. A altera\u00e7\u00e3o do prazo do edital n\u00b0 01\/2024 foi publicada no Di\u00e1rio Oficial (DOM) da \u00faltima sexta-feira (16).  <\/p>\n<p>Os novos inscritos poder\u00e3o solicitar a isen\u00e7\u00e3o da taxa de participa\u00e7\u00e3o at\u00e9 o dia 24 de agosto. O benef\u00edcio contemplar\u00e1 o p\u00fablico que esteja regularmente matriculado no Cadastro \u00danico para Programas Sociais (Cad\u00danico) do Governo Federal com renda familiar mensal igual ou inferior a meio sal\u00e1rio-m\u00ednimo. <\/p>\n<p>As vagas s\u00e3o para profissional de atendimento integrado, assistente social, bi\u00f3logo, enfermeiro, farmac\u00eautico, fisioterapeuta, fonoaudi\u00f3logo, m\u00e9dico, m\u00e9dico veterin\u00e1rio, terapeuta ocupacional, nutricionista, dentista, fiscal de controle sanit\u00e1rio, fiscal de controle sanit\u00e1rio enfermeiro, fiscal de controle sanit\u00e1rio farmac\u00eautico, dentre outros. A remunera\u00e7\u00e3o dos cargos pode variar de R$2.250,00 a R$12.666,54.<\/p>\n<p>Foto: Bruno Concha\/ Secom PMS<\/p>\n","protected":false},"excerpt":{"rendered":"<p>A Secretaria Municipal de Gest\u00e3o (Semge) reabriu nesta ter\u00e7a-feira (20) as inscri\u00e7\u00f5es para o concurso p\u00fablico que busca preencher 593<\/p>\n","protected":false},"author":4,"featured_media":15585,"comment_status":"open","ping_status":"open","sticky":false,"template":"","format":"standard","meta":{"colormag_page_container_layout":"default_layout","colormag_page_sidebar_layout":"default_layout","_FSMCFIC_featured_image_caption":"","_FSMCFIC_featured_image_nocaption":"","_FSMCFIC_featured_image_hide":"","footnotes":""},"categories":[2,1],"tags":[],"class_list":["post-15584","post","type-post","status-publish","format-standard","has-post-thumbnail","hentry","category-noticias","category-ultimas"],"yoast_head":"<!-- This site is optimized with the Yoast SEO plugin v27.1.1 - https:\/\/yoast.com\/product\/yoast-seo-wordpress\/ -->\n<title>Prefeitura reabre inscri\u00e7\u00f5es de concurso na \u00e1rea da sa\u00fade - Brasil not\u00edcias<\/title>\n<meta name=\"robots\" content=\"index, follow, max-snippet:-1, max-image-preview:large, max-video-preview:-1\" \/>\n<link rel=\"canonical\" href=\"https:\/\/brasilnoticias.org\/site\/prefeitura-reabre-inscricoes-de-concurso-na-area-da-saude\/\" \/>\n<meta property=\"og:locale\" content=\"pt_PT\" \/>\n<meta property=\"og:type\" content=\"article\" \/>\n<meta property=\"og:title\" content=\"Prefeitura reabre inscri\u00e7\u00f5es de concurso na \u00e1rea da sa\u00fade - Brasil not\u00edcias\" \/>\n<meta property=\"og:description\" content=\"A Secretaria Municipal de Gest\u00e3o (Semge) reabriu nesta ter\u00e7a-feira (20) as inscri\u00e7\u00f5es para o concurso p\u00fablico que busca preencher 593\" \/>\n<meta property=\"og:url\" content=\"https:\/\/brasilnoticias.org\/site\/prefeitura-reabre-inscricoes-de-concurso-na-area-da-saude\/\" \/>\n<meta property=\"og:site_name\" content=\"Brasil not\u00edcias\" \/>\n<meta property=\"article:published_time\" content=\"2024-08-20T19:52:54+00:00\" \/>\n<meta property=\"article:modified_time\" content=\"2024-08-20T19:53:07+00:00\" \/>\n<meta property=\"og:image\" content=\"https:\/\/brasilnoticias.org\/site\/wp-content\/uploads\/2024\/08\/IMAGEM_NOTICIA_0-10-1.jpg\" \/>\n\t<meta property=\"og:image:width\" content=\"850\" \/>\n\t<meta property=\"og:image:height\" content=\"400\" \/>\n\t<meta property=\"og:image:type\" content=\"image\/jpeg\" \/>\n<meta name=\"author\" content=\"Reda\u00e7\u00e3o\" \/>\n<meta name=\"twitter:card\" content=\"summary_large_image\" \/>\n<meta name=\"twitter:label1\" content=\"Escrito por\" \/>\n\t<meta name=\"twitter:data1\" content=\"Reda\u00e7\u00e3o\" \/>\n\t<meta name=\"twitter:label2\" content=\"Tempo estimado de leitura\" \/>\n\t<meta name=\"twitter:data2\" content=\"2 minutos\" \/>\n<script type=\"application\/ld+json\" class=\"yoast-schema-graph\">{\"@context\":\"https:\/\/schema.org\",\"@graph\":[{\"@type\":\"Article\",\"@id\":\"https:\/\/brasilnoticias.org\/site\/prefeitura-reabre-inscricoes-de-concurso-na-area-da-saude\/#article\",\"isPartOf\":{\"@id\":\"https:\/\/brasilnoticias.org\/site\/prefeitura-reabre-inscricoes-de-concurso-na-area-da-saude\/\"},\"author\":{\"name\":\"Reda\u00e7\u00e3o\",\"@id\":\"https:\/\/brasilnoticias.org\/site\/#\/schema\/person\/03bbbfe6c7634ad18c26444ea39049fa\"},\"headline\":\"Prefeitura reabre inscri\u00e7\u00f5es de concurso na \u00e1rea da sa\u00fade\",\"datePublished\":\"2024-08-20T19:52:54+00:00\",\"dateModified\":\"2024-08-20T19:53:07+00:00\",\"mainEntityOfPage\":{\"@id\":\"https:\/\/brasilnoticias.org\/site\/prefeitura-reabre-inscricoes-de-concurso-na-area-da-saude\/\"},\"wordCount\":204,\"commentCount\":0,\"publisher\":{\"@id\":\"https:\/\/brasilnoticias.org\/site\/#organization\"},\"image\":{\"@id\":\"https:\/\/brasilnoticias.org\/site\/prefeitura-reabre-inscricoes-de-concurso-na-area-da-saude\/#primaryimage\"},\"thumbnailUrl\":\"https:\/\/brasilnoticias.org\/site\/wp-content\/uploads\/2024\/08\/IMAGEM_NOTICIA_0-10-1.jpg\",\"articleSection\":[\"Not\u00edcias\",\"\u00daltimas\"],\"inLanguage\":\"pt-PT\",\"potentialAction\":[{\"@type\":\"CommentAction\",\"name\":\"Comment\",\"target\":[\"https:\/\/brasilnoticias.org\/site\/prefeitura-reabre-inscricoes-de-concurso-na-area-da-saude\/#respond\"]}]},{\"@type\":\"WebPage\",\"@id\":\"https:\/\/brasilnoticias.org\/site\/prefeitura-reabre-inscricoes-de-concurso-na-area-da-saude\/\",\"url\":\"https:\/\/brasilnoticias.org\/site\/prefeitura-reabre-inscricoes-de-concurso-na-area-da-saude\/\",\"name\":\"Prefeitura reabre inscri\u00e7\u00f5es de concurso na \u00e1rea da sa\u00fade - Brasil not\u00edcias\",\"isPartOf\":{\"@id\":\"https:\/\/brasilnoticias.org\/site\/#website\"},\"primaryImageOfPage\":{\"@id\":\"https:\/\/brasilnoticias.org\/site\/prefeitura-reabre-inscricoes-de-concurso-na-area-da-saude\/#primaryimage\"},\"image\":{\"@id\":\"https:\/\/brasilnoticias.org\/site\/prefeitura-reabre-inscricoes-de-concurso-na-area-da-saude\/#primaryimage\"},\"thumbnailUrl\":\"https:\/\/brasilnoticias.org\/site\/wp-content\/uploads\/2024\/08\/IMAGEM_NOTICIA_0-10-1.jpg\",\"datePublished\":\"2024-08-20T19:52:54+00:00\",\"dateModified\":\"2024-08-20T19:53:07+00:00\",\"breadcrumb\":{\"@id\":\"https:\/\/brasilnoticias.org\/site\/prefeitura-reabre-inscricoes-de-concurso-na-area-da-saude\/#breadcrumb\"},\"inLanguage\":\"pt-PT\",\"potentialAction\":[{\"@type\":\"ReadAction\",\"target\":[\"https:\/\/brasilnoticias.org\/site\/prefeitura-reabre-inscricoes-de-concurso-na-area-da-saude\/\"]}]},{\"@type\":\"ImageObject\",\"inLanguage\":\"pt-PT\",\"@id\":\"https:\/\/brasilnoticias.org\/site\/prefeitura-reabre-inscricoes-de-concurso-na-area-da-saude\/#primaryimage\",\"url\":\"https:\/\/brasilnoticias.org\/site\/wp-content\/uploads\/2024\/08\/IMAGEM_NOTICIA_0-10-1.jpg\",\"contentUrl\":\"https:\/\/brasilnoticias.org\/site\/wp-content\/uploads\/2024\/08\/IMAGEM_NOTICIA_0-10-1.jpg\",\"width\":850,\"height\":400},{\"@type\":\"BreadcrumbList\",\"@id\":\"https:\/\/brasilnoticias.org\/site\/prefeitura-reabre-inscricoes-de-concurso-na-area-da-saude\/#breadcrumb\",\"itemListElement\":[{\"@type\":\"ListItem\",\"position\":1,\"name\":\"In\u00edcio\",\"item\":\"https:\/\/brasilnoticias.org\/site\/\"},{\"@type\":\"ListItem\",\"position\":2,\"name\":\"Prefeitura reabre inscri\u00e7\u00f5es de concurso na \u00e1rea da sa\u00fade\"}]},{\"@type\":\"WebSite\",\"@id\":\"https:\/\/brasilnoticias.org\/site\/#website\",\"url\":\"https:\/\/brasilnoticias.org\/site\/\",\"name\":\"Brasil not\u00edcias\",\"description\":\"Brasil not\u00edcias\",\"publisher\":{\"@id\":\"https:\/\/brasilnoticias.org\/site\/#organization\"},\"potentialAction\":[{\"@type\":\"SearchAction\",\"target\":{\"@type\":\"EntryPoint\",\"urlTemplate\":\"https:\/\/brasilnoticias.org\/site\/?s={search_term_string}\"},\"query-input\":{\"@type\":\"PropertyValueSpecification\",\"valueRequired\":true,\"valueName\":\"search_term_string\"}}],\"inLanguage\":\"pt-PT\"},{\"@type\":\"Organization\",\"@id\":\"https:\/\/brasilnoticias.org\/site\/#organization\",\"name\":\"Brasil not\u00edcias\",\"url\":\"https:\/\/brasilnoticias.org\/site\/\",\"logo\":{\"@type\":\"ImageObject\",\"inLanguage\":\"pt-PT\",\"@id\":\"https:\/\/brasilnoticias.org\/site\/#\/schema\/logo\/image\/\",\"url\":\"https:\/\/brasilnoticias.org\/site\/wp-content\/uploads\/2022\/05\/cropped-brasilnoticias-mini.jpg\",\"contentUrl\":\"https:\/\/brasilnoticias.org\/site\/wp-content\/uploads\/2022\/05\/cropped-brasilnoticias-mini.jpg\",\"width\":314,\"height\":86,\"caption\":\"Brasil not\u00edcias\"},\"image\":{\"@id\":\"https:\/\/brasilnoticias.org\/site\/#\/schema\/logo\/image\/\"}},{\"@type\":\"Person\",\"@id\":\"https:\/\/brasilnoticias.org\/site\/#\/schema\/person\/03bbbfe6c7634ad18c26444ea39049fa\",\"name\":\"Reda\u00e7\u00e3o\",\"image\":{\"@type\":\"ImageObject\",\"inLanguage\":\"pt-PT\",\"@id\":\"https:\/\/brasilnoticias.org\/site\/#\/schema\/person\/image\/\",\"url\":\"https:\/\/secure.gravatar.com\/avatar\/9ecaf7327a696cb23ad926fedded5f1f04d7049de9e445375d55b48c001a6e42?s=96&d=mm&r=g\",\"contentUrl\":\"https:\/\/secure.gravatar.com\/avatar\/9ecaf7327a696cb23ad926fedded5f1f04d7049de9e445375d55b48c001a6e42?s=96&d=mm&r=g\",\"caption\":\"Reda\u00e7\u00e3o\"},\"url\":\"https:\/\/brasilnoticias.org\/site\/author\/henrique\/\"}]}<\/script>\n<!-- \/ Yoast SEO plugin. -->","yoast_head_json":{"title":"Prefeitura reabre inscri\u00e7\u00f5es de concurso na \u00e1rea da sa\u00fade - Brasil not\u00edcias","robots":{"index":"index","follow":"follow","max-snippet":"max-snippet:-1","max-image-preview":"max-image-preview:large","max-video-preview":"max-video-preview:-1"},"canonical":"https:\/\/brasilnoticias.org\/site\/prefeitura-reabre-inscricoes-de-concurso-na-area-da-saude\/","og_locale":"pt_PT","og_type":"article","og_title":"Prefeitura reabre inscri\u00e7\u00f5es de concurso na \u00e1rea da sa\u00fade - Brasil not\u00edcias","og_description":"A Secretaria Municipal de Gest\u00e3o (Semge) reabriu nesta ter\u00e7a-feira (20) as inscri\u00e7\u00f5es para o concurso p\u00fablico que busca preencher 593","og_url":"https:\/\/brasilnoticias.org\/site\/prefeitura-reabre-inscricoes-de-concurso-na-area-da-saude\/","og_site_name":"Brasil not\u00edcias","article_published_time":"2024-08-20T19:52:54+00:00","article_modified_time":"2024-08-20T19:53:07+00:00","og_image":[{"width":850,"height":400,"url":"https:\/\/brasilnoticias.org\/site\/wp-content\/uploads\/2024\/08\/IMAGEM_NOTICIA_0-10-1.jpg","type":"image\/jpeg"}],"author":"Reda\u00e7\u00e3o","twitter_card":"summary_large_image","twitter_misc":{"Escrito por":"Reda\u00e7\u00e3o","Tempo estimado de leitura":"2 minutos"},"schema":{"@context":"https:\/\/schema.org","@graph":[{"@type":"Article","@id":"https:\/\/brasilnoticias.org\/site\/prefeitura-reabre-inscricoes-de-concurso-na-area-da-saude\/#article","isPartOf":{"@id":"https:\/\/brasilnoticias.org\/site\/prefeitura-reabre-inscricoes-de-concurso-na-area-da-saude\/"},"author":{"name":"Reda\u00e7\u00e3o","@id":"https:\/\/brasilnoticias.org\/site\/#\/schema\/person\/03bbbfe6c7634ad18c26444ea39049fa"},"headline":"Prefeitura reabre inscri\u00e7\u00f5es de concurso na \u00e1rea da sa\u00fade","datePublished":"2024-08-20T19:52:54+00:00","dateModified":"2024-08-20T19:53:07+00:00","mainEntityOfPage":{"@id":"https:\/\/brasilnoticias.org\/site\/prefeitura-reabre-inscricoes-de-concurso-na-area-da-saude\/"},"wordCount":204,"commentCount":0,"publisher":{"@id":"https:\/\/brasilnoticias.org\/site\/#organization"},"image":{"@id":"https:\/\/brasilnoticias.org\/site\/prefeitura-reabre-inscricoes-de-concurso-na-area-da-saude\/#primaryimage"},"thumbnailUrl":"https:\/\/brasilnoticias.org\/site\/wp-content\/uploads\/2024\/08\/IMAGEM_NOTICIA_0-10-1.jpg","articleSection":["Not\u00edcias","\u00daltimas"],"inLanguage":"pt-PT","potentialAction":[{"@type":"CommentAction","name":"Comment","target":["https:\/\/brasilnoticias.org\/site\/prefeitura-reabre-inscricoes-de-concurso-na-area-da-saude\/#respond"]}]},{"@type":"WebPage","@id":"https:\/\/brasilnoticias.org\/site\/prefeitura-reabre-inscricoes-de-concurso-na-area-da-saude\/","url":"https:\/\/brasilnoticias.org\/site\/prefeitura-reabre-inscricoes-de-concurso-na-area-da-saude\/","name":"Prefeitura reabre inscri\u00e7\u00f5es de concurso na \u00e1rea da sa\u00fade - Brasil not\u00edcias","isPartOf":{"@id":"https:\/\/brasilnoticias.org\/site\/#website"},"primaryImageOfPage":{"@id":"https:\/\/brasilnoticias.org\/site\/prefeitura-reabre-inscricoes-de-concurso-na-area-da-saude\/#primaryimage"},"image":{"@id":"https:\/\/brasilnoticias.org\/site\/prefeitura-reabre-inscricoes-de-concurso-na-area-da-saude\/#primaryimage"},"thumbnailUrl":"https:\/\/brasilnoticias.org\/site\/wp-content\/uploads\/2024\/08\/IMAGEM_NOTICIA_0-10-1.jpg","datePublished":"2024-08-20T19:52:54+00:00","dateModified":"2024-08-20T19:53:07+00:00","breadcrumb":{"@id":"https:\/\/brasilnoticias.org\/site\/prefeitura-reabre-inscricoes-de-concurso-na-area-da-saude\/#breadcrumb"},"inLanguage":"pt-PT","potentialAction":[{"@type":"ReadAction","target":["https:\/\/brasilnoticias.org\/site\/prefeitura-reabre-inscricoes-de-concurso-na-area-da-saude\/"]}]},{"@type":"ImageObject","inLanguage":"pt-PT","@id":"https:\/\/brasilnoticias.org\/site\/prefeitura-reabre-inscricoes-de-concurso-na-area-da-saude\/#primaryimage","url":"https:\/\/brasilnoticias.org\/site\/wp-content\/uploads\/2024\/08\/IMAGEM_NOTICIA_0-10-1.jpg","contentUrl":"https:\/\/brasilnoticias.org\/site\/wp-content\/uploads\/2024\/08\/IMAGEM_NOTICIA_0-10-1.jpg","width":850,"height":400},{"@type":"BreadcrumbList","@id":"https:\/\/brasilnoticias.org\/site\/prefeitura-reabre-inscricoes-de-concurso-na-area-da-saude\/#breadcrumb","itemListElement":[{"@type":"ListItem","position":1,"name":"In\u00edcio","item":"https:\/\/brasilnoticias.org\/site\/"},{"@type":"ListItem","position":2,"name":"Prefeitura reabre inscri\u00e7\u00f5es de concurso na \u00e1rea da sa\u00fade"}]},{"@type":"WebSite","@id":"https:\/\/brasilnoticias.org\/site\/#website","url":"https:\/\/brasilnoticias.org\/site\/","name":"Brasil not\u00edcias","description":"Brasil not\u00edcias","publisher":{"@id":"https:\/\/brasilnoticias.org\/site\/#organization"},"potentialAction":[{"@type":"SearchAction","target":{"@type":"EntryPoint","urlTemplate":"https:\/\/brasilnoticias.org\/site\/?s={search_term_string}"},"query-input":{"@type":"PropertyValueSpecification","valueRequired":true,"valueName":"search_term_string"}}],"inLanguage":"pt-PT"},{"@type":"Organization","@id":"https:\/\/brasilnoticias.org\/site\/#organization","name":"Brasil not\u00edcias","url":"https:\/\/brasilnoticias.org\/site\/","logo":{"@type":"ImageObject","inLanguage":"pt-PT","@id":"https:\/\/brasilnoticias.org\/site\/#\/schema\/logo\/image\/","url":"https:\/\/brasilnoticias.org\/site\/wp-content\/uploads\/2022\/05\/cropped-brasilnoticias-mini.jpg","contentUrl":"https:\/\/brasilnoticias.org\/site\/wp-content\/uploads\/2022\/05\/cropped-brasilnoticias-mini.jpg","width":314,"height":86,"caption":"Brasil not\u00edcias"},"image":{"@id":"https:\/\/brasilnoticias.org\/site\/#\/schema\/logo\/image\/"}},{"@type":"Person","@id":"https:\/\/brasilnoticias.org\/site\/#\/schema\/person\/03bbbfe6c7634ad18c26444ea39049fa","name":"Reda\u00e7\u00e3o","image":{"@type":"ImageObject","inLanguage":"pt-PT","@id":"https:\/\/brasilnoticias.org\/site\/#\/schema\/person\/image\/","url":"https:\/\/secure.gravatar.com\/avatar\/9ecaf7327a696cb23ad926fedded5f1f04d7049de9e445375d55b48c001a6e42?s=96&d=mm&r=g","contentUrl":"https:\/\/secure.gravatar.com\/avatar\/9ecaf7327a696cb23ad926fedded5f1f04d7049de9e445375d55b48c001a6e42?s=96&d=mm&r=g","caption":"Reda\u00e7\u00e3o"},"url":"https:\/\/brasilnoticias.org\/site\/author\/henrique\/"}]}},"_links":{"self":[{"href":"https:\/\/brasilnoticias.org\/site\/wp-json\/wp\/v2\/posts\/15584","targetHints":{"allow":["GET"]}}],"collection":[{"href":"https:\/\/brasilnoticias.org\/site\/wp-json\/wp\/v2\/posts"}],"about":[{"href":"https:\/\/brasilnoticias.org\/site\/wp-json\/wp\/v2\/types\/post"}],"author":[{"embeddable":true,"href":"https:\/\/brasilnoticias.org\/site\/wp-json\/wp\/v2\/users\/4"}],"replies":[{"embeddable":true,"href":"https:\/\/brasilnoticias.org\/site\/wp-json\/wp\/v2\/comments?post=15584"}],"version-history":[{"count":1,"href":"https:\/\/brasilnoticias.org\/site\/wp-json\/wp\/v2\/posts\/15584\/revisions"}],"predecessor-version":[{"id":15586,"href":"https:\/\/brasilnoticias.org\/site\/wp-json\/wp\/v2\/posts\/15584\/revisions\/15586"}],"wp:featuredmedia":[{"embeddable":true,"href":"https:\/\/brasilnoticias.org\/site\/wp-json\/wp\/v2\/media\/15585"}],"wp:attachment":[{"href":"https:\/\/brasilnoticias.org\/site\/wp-json\/wp\/v2\/media?parent=15584"}],"wp:term":[{"taxonomy":"category","embeddable":true,"href":"https:\/\/brasilnoticias.org\/site\/wp-json\/wp\/v2\/categories?post=15584"},{"taxonomy":"post_tag","embeddable":true,"href":"https:\/\/brasilnoticias.org\/site\/wp-json\/wp\/v2\/tags?post=15584"}],"curies":[{"name":"wp","href":"https:\/\/api.w.org\/{rel}","templated":true}]}}