{"id":15587,"date":"2024-08-20T16:58:36","date_gmt":"2024-08-20T19:58:36","guid":{"rendered":"https:\/\/brasilnoticias.org\/site\/?p=15587"},"modified":"2024-08-20T16:58:36","modified_gmt":"2024-08-20T19:58:36","slug":"oxe-e-jazz-celebra-mes-internacional-do-blues-no-parque-costa-azul","status":"publish","type":"post","link":"https:\/\/brasilnoticias.org\/site\/oxe-e-jazz-celebra-mes-internacional-do-blues-no-parque-costa-azul\/","title":{"rendered":"OXE \u00c9 JAZZ Celebra M\u00eas Internacional do Blues no Parque Costa Azul"},"content":{"rendered":"<p> A edi\u00e7\u00e3o de agosto do OXE \u00c9 JAZZ promete ser uma celebra\u00e7\u00e3o imperd\u00edvel da m\u00fasica, destacando a rica conex\u00e3o entre o blues e o jazz, dois g\u00eaneros musicais fundamentais na hist\u00f3ria da m\u00fasica. Realizado no Parque Costa Azul, em Salvador, o evento acontece nos dias 30 e 31 de agosto e traz uma programa\u00e7\u00e3o repleta de grandes nomes da cena musical baiana e nacional. O Oxe \u00e9 Jazz tem apoio do Governo do Estado da Bahia.<\/p>\n<p>Este m\u00eas \u00e9 especialmente significativo, pois agosto \u00e9 reconhecido internacionalmente como o M\u00eas do Blues. Em homenagem a essa data, o s\u00e1bado ser\u00e1 inteiramente dedicado ao blues, ressaltando sua import\u00e2ncia e influ\u00eancia no cen\u00e1rio musical global. O curador do evento, Eric Assmar, tamb\u00e9m far\u00e1 uma fala especial sobre a conjun\u00e7\u00e3o dos ritmos do blues com o jazz, destacando o que essa m\u00fasica representa e ajudando o p\u00fablico a entender melhor a ess\u00eancia do OXE \u00c9 JAZZ.<\/p>\n<p>Confira a programa\u00e7\u00e3o:<\/p>\n<p>30\/08 (sexta-feira):<\/p>\n<p>18:30h &#8211; Nino Bezerra convida Marco Lobo<\/p>\n<p>A abertura do evento fica por conta do renomado baixista e compositor soteropolitano Nino Bezerra. Com uma carreira marcada por pr\u00eamios e reconhecimentos em diversos festivais, Nino apresentar\u00e1 o show &#8220;Norjazztina&#8221;, uma fus\u00e3o inovadora de influ\u00eancias da cultura do Nordeste com a musicalidade do jazz. O show, inteiramente instrumental, destaca a improvisa\u00e7\u00e3o e a linguagem jazz\u00edstica como elementos centrais. Para enriquecer ainda mais a performance, Nino estar\u00e1 acompanhado de um time de m\u00fasicos de primeira linha e contar\u00e1 com a participa\u00e7\u00e3o especial do mundialmente renomado percussionista baiano Marco Lobo, prometendo um in\u00edcio de festival inesquec\u00edvel.<\/p>\n<p>20:30h &#8211; Lu\u00edza Britto<\/p>\n<p>Encerrando a noite de sexta-feira, o OXE \u00c9 JAZZ recebe a cantora e compositora baiana Lu\u00edza Britto. Natural de Salvador, Lu\u00edza \u00e9 uma jovem promessa que j\u00e1 realizou parcerias com grandes nomes da m\u00fasica popular brasileira, como Toninho Horta e Rosa Passos. Dona de uma voz afinada e cativante, Lu\u00edza trar\u00e1 ao palco um show em homenagem ao lend\u00e1rio Milton Nascimento, acompanhada por um talentoso grupo de m\u00fasicos da cena jazz soteropolitana. A apresenta\u00e7\u00e3o promete momentos de grande improvisa\u00e7\u00e3o instrumental e interpreta\u00e7\u00f5es emocionantes.<\/p>\n<p>31\/08 (s\u00e1bado):<\/p>\n<p>18:30h &#8211; D&#8217;Orrico &#038; Sato Blues Band<\/p>\n<p>O s\u00e1bado inicia com a apresenta\u00e7\u00e3o da D&#8217;Orrico &#038; Sato Blues Band, liderada pelo gaitista e cantor Diego Orrico e pelo guitarrista e cantor Ricardo Sato. Diego, com uma carreira s\u00f3lida no blues, j\u00e1 atuou ao lado de grandes nomes brasileiros como Fl\u00e1vio Guimar\u00e3es e Igor Prado. Recentemente, ele se uniu ao experiente guitarrista Ricardo Sato para formar uma banda que explora as vertentes tradicionais do blues. Acompanhados por Vitor Magalh\u00e3es no baixo e Adriano Lima na bateria, prometem um show vibrante e aut\u00eantico.<\/p>\n<p>20:30h &#8211; Salvador Blues Jam II<\/p>\n<p>Para fechar a edi\u00e7\u00e3o de agosto em grande estilo, o OXE \u00c9 JAZZ apresenta a segunda edi\u00e7\u00e3o da Salvador Blues jam. O guitarrista, cantor, compositor e curador do projeto, Eric Assmar, re\u00fane um elenco diversificado de artistas da cena de Salvador e do interior do estado para uma grande jam session em homenagem ao blues. Esta confraterniza\u00e7\u00e3o musical promete ser uma celebra\u00e7\u00e3o cheia de improvisa\u00e7\u00f5es e momentos \u00fanicos, criando uma atmosfera de comunh\u00e3o entre m\u00fasicos e p\u00fablico.<\/p>\n<p>SERVI\u00c7O:<\/p>\n<p>OXE \u00c9 JAZZ<br \/>\nLocal: Parque Costa Azul, em Salvador<br \/>\n30\/08 (sexta-feira): Nino Bezerra convida Marco Lobo e Lu\u00edza Britto<br \/>\n31\/08 (s\u00e1bado): D&#8217;Orrico &#038; Sato Blues Band e Salvador Blues Jam II<\/p>\n","protected":false},"excerpt":{"rendered":"<p>A edi\u00e7\u00e3o de agosto do OXE \u00c9 JAZZ promete ser uma celebra\u00e7\u00e3o imperd\u00edvel da m\u00fasica, destacando a rica conex\u00e3o entre<\/p>\n","protected":false},"author":4,"featured_media":15588,"comment_status":"open","ping_status":"open","sticky":false,"template":"","format":"standard","meta":{"colormag_page_container_layout":"default_layout","colormag_page_sidebar_layout":"default_layout","_FSMCFIC_featured_image_caption":"","_FSMCFIC_featured_image_nocaption":"","_FSMCFIC_featured_image_hide":"","footnotes":""},"categories":[8,1],"tags":[],"class_list":["post-15587","post","type-post","status-publish","format-standard","has-post-thumbnail","hentry","category-entretenimento","category-ultimas"],"yoast_head":"<!-- This site is optimized with the Yoast SEO plugin v27.1.1 - https:\/\/yoast.com\/product\/yoast-seo-wordpress\/ -->\n<title>OXE \u00c9 JAZZ Celebra M\u00eas Internacional do Blues no Parque Costa Azul - Brasil not\u00edcias<\/title>\n<meta name=\"robots\" content=\"index, follow, max-snippet:-1, max-image-preview:large, max-video-preview:-1\" \/>\n<link rel=\"canonical\" href=\"https:\/\/brasilnoticias.org\/site\/oxe-e-jazz-celebra-mes-internacional-do-blues-no-parque-costa-azul\/\" \/>\n<meta property=\"og:locale\" content=\"pt_PT\" \/>\n<meta property=\"og:type\" content=\"article\" \/>\n<meta property=\"og:title\" content=\"OXE \u00c9 JAZZ Celebra M\u00eas Internacional do Blues no Parque Costa Azul - Brasil not\u00edcias\" \/>\n<meta property=\"og:description\" content=\"A edi\u00e7\u00e3o de agosto do OXE \u00c9 JAZZ promete ser uma celebra\u00e7\u00e3o imperd\u00edvel da m\u00fasica, destacando a rica conex\u00e3o entre\" \/>\n<meta property=\"og:url\" content=\"https:\/\/brasilnoticias.org\/site\/oxe-e-jazz-celebra-mes-internacional-do-blues-no-parque-costa-azul\/\" \/>\n<meta property=\"og:site_name\" content=\"Brasil not\u00edcias\" \/>\n<meta property=\"article:published_time\" content=\"2024-08-20T19:58:36+00:00\" \/>\n<meta property=\"og:image\" content=\"https:\/\/brasilnoticias.org\/site\/wp-content\/uploads\/2024\/08\/IMAGEM_NOTICIA_0-11.jpg\" \/>\n\t<meta property=\"og:image:width\" content=\"850\" \/>\n\t<meta property=\"og:image:height\" content=\"400\" \/>\n\t<meta property=\"og:image:type\" content=\"image\/jpeg\" \/>\n<meta name=\"author\" content=\"Reda\u00e7\u00e3o\" \/>\n<meta name=\"twitter:card\" content=\"summary_large_image\" \/>\n<meta name=\"twitter:label1\" content=\"Escrito por\" \/>\n\t<meta name=\"twitter:data1\" content=\"Reda\u00e7\u00e3o\" \/>\n\t<meta name=\"twitter:label2\" content=\"Tempo estimado de leitura\" \/>\n\t<meta name=\"twitter:data2\" content=\"1 minuto\" \/>\n<script type=\"application\/ld+json\" class=\"yoast-schema-graph\">{\"@context\":\"https:\/\/schema.org\",\"@graph\":[{\"@type\":\"Article\",\"@id\":\"https:\/\/brasilnoticias.org\/site\/oxe-e-jazz-celebra-mes-internacional-do-blues-no-parque-costa-azul\/#article\",\"isPartOf\":{\"@id\":\"https:\/\/brasilnoticias.org\/site\/oxe-e-jazz-celebra-mes-internacional-do-blues-no-parque-costa-azul\/\"},\"author\":{\"name\":\"Reda\u00e7\u00e3o\",\"@id\":\"https:\/\/brasilnoticias.org\/site\/#\/schema\/person\/03bbbfe6c7634ad18c26444ea39049fa\"},\"headline\":\"OXE \u00c9 JAZZ Celebra M\u00eas Internacional do Blues no Parque Costa Azul\",\"datePublished\":\"2024-08-20T19:58:36+00:00\",\"mainEntityOfPage\":{\"@id\":\"https:\/\/brasilnoticias.org\/site\/oxe-e-jazz-celebra-mes-internacional-do-blues-no-parque-costa-azul\/\"},\"wordCount\":608,\"commentCount\":0,\"publisher\":{\"@id\":\"https:\/\/brasilnoticias.org\/site\/#organization\"},\"image\":{\"@id\":\"https:\/\/brasilnoticias.org\/site\/oxe-e-jazz-celebra-mes-internacional-do-blues-no-parque-costa-azul\/#primaryimage\"},\"thumbnailUrl\":\"https:\/\/brasilnoticias.org\/site\/wp-content\/uploads\/2024\/08\/IMAGEM_NOTICIA_0-11.jpg\",\"articleSection\":[\"Entretenimento\",\"\u00daltimas\"],\"inLanguage\":\"pt-PT\",\"potentialAction\":[{\"@type\":\"CommentAction\",\"name\":\"Comment\",\"target\":[\"https:\/\/brasilnoticias.org\/site\/oxe-e-jazz-celebra-mes-internacional-do-blues-no-parque-costa-azul\/#respond\"]}]},{\"@type\":\"WebPage\",\"@id\":\"https:\/\/brasilnoticias.org\/site\/oxe-e-jazz-celebra-mes-internacional-do-blues-no-parque-costa-azul\/\",\"url\":\"https:\/\/brasilnoticias.org\/site\/oxe-e-jazz-celebra-mes-internacional-do-blues-no-parque-costa-azul\/\",\"name\":\"OXE \u00c9 JAZZ Celebra M\u00eas Internacional do Blues no Parque Costa Azul - Brasil not\u00edcias\",\"isPartOf\":{\"@id\":\"https:\/\/brasilnoticias.org\/site\/#website\"},\"primaryImageOfPage\":{\"@id\":\"https:\/\/brasilnoticias.org\/site\/oxe-e-jazz-celebra-mes-internacional-do-blues-no-parque-costa-azul\/#primaryimage\"},\"image\":{\"@id\":\"https:\/\/brasilnoticias.org\/site\/oxe-e-jazz-celebra-mes-internacional-do-blues-no-parque-costa-azul\/#primaryimage\"},\"thumbnailUrl\":\"https:\/\/brasilnoticias.org\/site\/wp-content\/uploads\/2024\/08\/IMAGEM_NOTICIA_0-11.jpg\",\"datePublished\":\"2024-08-20T19:58:36+00:00\",\"breadcrumb\":{\"@id\":\"https:\/\/brasilnoticias.org\/site\/oxe-e-jazz-celebra-mes-internacional-do-blues-no-parque-costa-azul\/#breadcrumb\"},\"inLanguage\":\"pt-PT\",\"potentialAction\":[{\"@type\":\"ReadAction\",\"target\":[\"https:\/\/brasilnoticias.org\/site\/oxe-e-jazz-celebra-mes-internacional-do-blues-no-parque-costa-azul\/\"]}]},{\"@type\":\"ImageObject\",\"inLanguage\":\"pt-PT\",\"@id\":\"https:\/\/brasilnoticias.org\/site\/oxe-e-jazz-celebra-mes-internacional-do-blues-no-parque-costa-azul\/#primaryimage\",\"url\":\"https:\/\/brasilnoticias.org\/site\/wp-content\/uploads\/2024\/08\/IMAGEM_NOTICIA_0-11.jpg\",\"contentUrl\":\"https:\/\/brasilnoticias.org\/site\/wp-content\/uploads\/2024\/08\/IMAGEM_NOTICIA_0-11.jpg\",\"width\":850,\"height\":400},{\"@type\":\"BreadcrumbList\",\"@id\":\"https:\/\/brasilnoticias.org\/site\/oxe-e-jazz-celebra-mes-internacional-do-blues-no-parque-costa-azul\/#breadcrumb\",\"itemListElement\":[{\"@type\":\"ListItem\",\"position\":1,\"name\":\"In\u00edcio\",\"item\":\"https:\/\/brasilnoticias.org\/site\/\"},{\"@type\":\"ListItem\",\"position\":2,\"name\":\"OXE \u00c9 JAZZ Celebra M\u00eas Internacional do Blues no Parque Costa Azul\"}]},{\"@type\":\"WebSite\",\"@id\":\"https:\/\/brasilnoticias.org\/site\/#website\",\"url\":\"https:\/\/brasilnoticias.org\/site\/\",\"name\":\"Brasil not\u00edcias\",\"description\":\"Brasil not\u00edcias\",\"publisher\":{\"@id\":\"https:\/\/brasilnoticias.org\/site\/#organization\"},\"potentialAction\":[{\"@type\":\"SearchAction\",\"target\":{\"@type\":\"EntryPoint\",\"urlTemplate\":\"https:\/\/brasilnoticias.org\/site\/?s={search_term_string}\"},\"query-input\":{\"@type\":\"PropertyValueSpecification\",\"valueRequired\":true,\"valueName\":\"search_term_string\"}}],\"inLanguage\":\"pt-PT\"},{\"@type\":\"Organization\",\"@id\":\"https:\/\/brasilnoticias.org\/site\/#organization\",\"name\":\"Brasil not\u00edcias\",\"url\":\"https:\/\/brasilnoticias.org\/site\/\",\"logo\":{\"@type\":\"ImageObject\",\"inLanguage\":\"pt-PT\",\"@id\":\"https:\/\/brasilnoticias.org\/site\/#\/schema\/logo\/image\/\",\"url\":\"https:\/\/brasilnoticias.org\/site\/wp-content\/uploads\/2022\/05\/cropped-brasilnoticias-mini.jpg\",\"contentUrl\":\"https:\/\/brasilnoticias.org\/site\/wp-content\/uploads\/2022\/05\/cropped-brasilnoticias-mini.jpg\",\"width\":314,\"height\":86,\"caption\":\"Brasil not\u00edcias\"},\"image\":{\"@id\":\"https:\/\/brasilnoticias.org\/site\/#\/schema\/logo\/image\/\"}},{\"@type\":\"Person\",\"@id\":\"https:\/\/brasilnoticias.org\/site\/#\/schema\/person\/03bbbfe6c7634ad18c26444ea39049fa\",\"name\":\"Reda\u00e7\u00e3o\",\"image\":{\"@type\":\"ImageObject\",\"inLanguage\":\"pt-PT\",\"@id\":\"https:\/\/brasilnoticias.org\/site\/#\/schema\/person\/image\/\",\"url\":\"https:\/\/secure.gravatar.com\/avatar\/9ecaf7327a696cb23ad926fedded5f1f04d7049de9e445375d55b48c001a6e42?s=96&d=mm&r=g\",\"contentUrl\":\"https:\/\/secure.gravatar.com\/avatar\/9ecaf7327a696cb23ad926fedded5f1f04d7049de9e445375d55b48c001a6e42?s=96&d=mm&r=g\",\"caption\":\"Reda\u00e7\u00e3o\"},\"url\":\"https:\/\/brasilnoticias.org\/site\/author\/henrique\/\"}]}<\/script>\n<!-- \/ Yoast SEO plugin. -->","yoast_head_json":{"title":"OXE \u00c9 JAZZ Celebra M\u00eas Internacional do Blues no Parque Costa Azul - Brasil not\u00edcias","robots":{"index":"index","follow":"follow","max-snippet":"max-snippet:-1","max-image-preview":"max-image-preview:large","max-video-preview":"max-video-preview:-1"},"canonical":"https:\/\/brasilnoticias.org\/site\/oxe-e-jazz-celebra-mes-internacional-do-blues-no-parque-costa-azul\/","og_locale":"pt_PT","og_type":"article","og_title":"OXE \u00c9 JAZZ Celebra M\u00eas Internacional do Blues no Parque Costa Azul - Brasil not\u00edcias","og_description":"A edi\u00e7\u00e3o de agosto do OXE \u00c9 JAZZ promete ser uma celebra\u00e7\u00e3o imperd\u00edvel da m\u00fasica, destacando a rica conex\u00e3o entre","og_url":"https:\/\/brasilnoticias.org\/site\/oxe-e-jazz-celebra-mes-internacional-do-blues-no-parque-costa-azul\/","og_site_name":"Brasil not\u00edcias","article_published_time":"2024-08-20T19:58:36+00:00","og_image":[{"width":850,"height":400,"url":"https:\/\/brasilnoticias.org\/site\/wp-content\/uploads\/2024\/08\/IMAGEM_NOTICIA_0-11.jpg","type":"image\/jpeg"}],"author":"Reda\u00e7\u00e3o","twitter_card":"summary_large_image","twitter_misc":{"Escrito por":"Reda\u00e7\u00e3o","Tempo estimado de leitura":"1 minuto"},"schema":{"@context":"https:\/\/schema.org","@graph":[{"@type":"Article","@id":"https:\/\/brasilnoticias.org\/site\/oxe-e-jazz-celebra-mes-internacional-do-blues-no-parque-costa-azul\/#article","isPartOf":{"@id":"https:\/\/brasilnoticias.org\/site\/oxe-e-jazz-celebra-mes-internacional-do-blues-no-parque-costa-azul\/"},"author":{"name":"Reda\u00e7\u00e3o","@id":"https:\/\/brasilnoticias.org\/site\/#\/schema\/person\/03bbbfe6c7634ad18c26444ea39049fa"},"headline":"OXE \u00c9 JAZZ Celebra M\u00eas Internacional do Blues no Parque Costa Azul","datePublished":"2024-08-20T19:58:36+00:00","mainEntityOfPage":{"@id":"https:\/\/brasilnoticias.org\/site\/oxe-e-jazz-celebra-mes-internacional-do-blues-no-parque-costa-azul\/"},"wordCount":608,"commentCount":0,"publisher":{"@id":"https:\/\/brasilnoticias.org\/site\/#organization"},"image":{"@id":"https:\/\/brasilnoticias.org\/site\/oxe-e-jazz-celebra-mes-internacional-do-blues-no-parque-costa-azul\/#primaryimage"},"thumbnailUrl":"https:\/\/brasilnoticias.org\/site\/wp-content\/uploads\/2024\/08\/IMAGEM_NOTICIA_0-11.jpg","articleSection":["Entretenimento","\u00daltimas"],"inLanguage":"pt-PT","potentialAction":[{"@type":"CommentAction","name":"Comment","target":["https:\/\/brasilnoticias.org\/site\/oxe-e-jazz-celebra-mes-internacional-do-blues-no-parque-costa-azul\/#respond"]}]},{"@type":"WebPage","@id":"https:\/\/brasilnoticias.org\/site\/oxe-e-jazz-celebra-mes-internacional-do-blues-no-parque-costa-azul\/","url":"https:\/\/brasilnoticias.org\/site\/oxe-e-jazz-celebra-mes-internacional-do-blues-no-parque-costa-azul\/","name":"OXE \u00c9 JAZZ Celebra M\u00eas Internacional do Blues no Parque Costa Azul - Brasil not\u00edcias","isPartOf":{"@id":"https:\/\/brasilnoticias.org\/site\/#website"},"primaryImageOfPage":{"@id":"https:\/\/brasilnoticias.org\/site\/oxe-e-jazz-celebra-mes-internacional-do-blues-no-parque-costa-azul\/#primaryimage"},"image":{"@id":"https:\/\/brasilnoticias.org\/site\/oxe-e-jazz-celebra-mes-internacional-do-blues-no-parque-costa-azul\/#primaryimage"},"thumbnailUrl":"https:\/\/brasilnoticias.org\/site\/wp-content\/uploads\/2024\/08\/IMAGEM_NOTICIA_0-11.jpg","datePublished":"2024-08-20T19:58:36+00:00","breadcrumb":{"@id":"https:\/\/brasilnoticias.org\/site\/oxe-e-jazz-celebra-mes-internacional-do-blues-no-parque-costa-azul\/#breadcrumb"},"inLanguage":"pt-PT","potentialAction":[{"@type":"ReadAction","target":["https:\/\/brasilnoticias.org\/site\/oxe-e-jazz-celebra-mes-internacional-do-blues-no-parque-costa-azul\/"]}]},{"@type":"ImageObject","inLanguage":"pt-PT","@id":"https:\/\/brasilnoticias.org\/site\/oxe-e-jazz-celebra-mes-internacional-do-blues-no-parque-costa-azul\/#primaryimage","url":"https:\/\/brasilnoticias.org\/site\/wp-content\/uploads\/2024\/08\/IMAGEM_NOTICIA_0-11.jpg","contentUrl":"https:\/\/brasilnoticias.org\/site\/wp-content\/uploads\/2024\/08\/IMAGEM_NOTICIA_0-11.jpg","width":850,"height":400},{"@type":"BreadcrumbList","@id":"https:\/\/brasilnoticias.org\/site\/oxe-e-jazz-celebra-mes-internacional-do-blues-no-parque-costa-azul\/#breadcrumb","itemListElement":[{"@type":"ListItem","position":1,"name":"In\u00edcio","item":"https:\/\/brasilnoticias.org\/site\/"},{"@type":"ListItem","position":2,"name":"OXE \u00c9 JAZZ Celebra M\u00eas Internacional do Blues no Parque Costa Azul"}]},{"@type":"WebSite","@id":"https:\/\/brasilnoticias.org\/site\/#website","url":"https:\/\/brasilnoticias.org\/site\/","name":"Brasil not\u00edcias","description":"Brasil not\u00edcias","publisher":{"@id":"https:\/\/brasilnoticias.org\/site\/#organization"},"potentialAction":[{"@type":"SearchAction","target":{"@type":"EntryPoint","urlTemplate":"https:\/\/brasilnoticias.org\/site\/?s={search_term_string}"},"query-input":{"@type":"PropertyValueSpecification","valueRequired":true,"valueName":"search_term_string"}}],"inLanguage":"pt-PT"},{"@type":"Organization","@id":"https:\/\/brasilnoticias.org\/site\/#organization","name":"Brasil not\u00edcias","url":"https:\/\/brasilnoticias.org\/site\/","logo":{"@type":"ImageObject","inLanguage":"pt-PT","@id":"https:\/\/brasilnoticias.org\/site\/#\/schema\/logo\/image\/","url":"https:\/\/brasilnoticias.org\/site\/wp-content\/uploads\/2022\/05\/cropped-brasilnoticias-mini.jpg","contentUrl":"https:\/\/brasilnoticias.org\/site\/wp-content\/uploads\/2022\/05\/cropped-brasilnoticias-mini.jpg","width":314,"height":86,"caption":"Brasil not\u00edcias"},"image":{"@id":"https:\/\/brasilnoticias.org\/site\/#\/schema\/logo\/image\/"}},{"@type":"Person","@id":"https:\/\/brasilnoticias.org\/site\/#\/schema\/person\/03bbbfe6c7634ad18c26444ea39049fa","name":"Reda\u00e7\u00e3o","image":{"@type":"ImageObject","inLanguage":"pt-PT","@id":"https:\/\/brasilnoticias.org\/site\/#\/schema\/person\/image\/","url":"https:\/\/secure.gravatar.com\/avatar\/9ecaf7327a696cb23ad926fedded5f1f04d7049de9e445375d55b48c001a6e42?s=96&d=mm&r=g","contentUrl":"https:\/\/secure.gravatar.com\/avatar\/9ecaf7327a696cb23ad926fedded5f1f04d7049de9e445375d55b48c001a6e42?s=96&d=mm&r=g","caption":"Reda\u00e7\u00e3o"},"url":"https:\/\/brasilnoticias.org\/site\/author\/henrique\/"}]}},"_links":{"self":[{"href":"https:\/\/brasilnoticias.org\/site\/wp-json\/wp\/v2\/posts\/15587","targetHints":{"allow":["GET"]}}],"collection":[{"href":"https:\/\/brasilnoticias.org\/site\/wp-json\/wp\/v2\/posts"}],"about":[{"href":"https:\/\/brasilnoticias.org\/site\/wp-json\/wp\/v2\/types\/post"}],"author":[{"embeddable":true,"href":"https:\/\/brasilnoticias.org\/site\/wp-json\/wp\/v2\/users\/4"}],"replies":[{"embeddable":true,"href":"https:\/\/brasilnoticias.org\/site\/wp-json\/wp\/v2\/comments?post=15587"}],"version-history":[{"count":1,"href":"https:\/\/brasilnoticias.org\/site\/wp-json\/wp\/v2\/posts\/15587\/revisions"}],"predecessor-version":[{"id":15589,"href":"https:\/\/brasilnoticias.org\/site\/wp-json\/wp\/v2\/posts\/15587\/revisions\/15589"}],"wp:featuredmedia":[{"embeddable":true,"href":"https:\/\/brasilnoticias.org\/site\/wp-json\/wp\/v2\/media\/15588"}],"wp:attachment":[{"href":"https:\/\/brasilnoticias.org\/site\/wp-json\/wp\/v2\/media?parent=15587"}],"wp:term":[{"taxonomy":"category","embeddable":true,"href":"https:\/\/brasilnoticias.org\/site\/wp-json\/wp\/v2\/categories?post=15587"},{"taxonomy":"post_tag","embeddable":true,"href":"https:\/\/brasilnoticias.org\/site\/wp-json\/wp\/v2\/tags?post=15587"}],"curies":[{"name":"wp","href":"https:\/\/api.w.org\/{rel}","templated":true}]}}