{"id":15599,"date":"2024-08-20T23:34:46","date_gmt":"2024-08-21T02:34:46","guid":{"rendered":"https:\/\/brasilnoticias.org\/site\/?p=15599"},"modified":"2024-08-20T23:34:46","modified_gmt":"2024-08-21T02:34:46","slug":"eleicoes-2024-o-municipio-se-isenta-totalmente-dessa-responsabilidade-diz-candidata-a-prefeita-sobre-seguranca-publica-de-candeias","status":"publish","type":"post","link":"https:\/\/brasilnoticias.org\/site\/eleicoes-2024-o-municipio-se-isenta-totalmente-dessa-responsabilidade-diz-candidata-a-prefeita-sobre-seguranca-publica-de-candeias\/","title":{"rendered":"Elei\u00e7\u00f5es 2024: &#8220;O munic\u00edpio se isenta totalmente dessa responsabilidade&#8221;, diz candidata a prefeita sobre seguran\u00e7a p\u00fablica de Candeias"},"content":{"rendered":"<p>A candidata do PT \u00e0 prefeitura de Candeias, na Regi\u00e3o Metropolitana de Salvador, Marivalda da Silva, afirmou na manh\u00e3 desta ter\u00e7a-feira (20) que a atual gest\u00e3o municipal tem se isentado da responsabilidade sobre a seguran\u00e7a p\u00fablica no munic\u00edpio. A fala foi durante a entrevista da petista ao programa CBN Bahia, da r\u00e1dio CBN Salvador. <\/p>\n<p>Marivalda da Silva (PT) disse ainda que os equipamentos de monitoramento que a cidade possui hoje s\u00e3o mantidos pelo governo do estado. <\/p>\n<p>&#8220;A gente tem hoje e refor\u00e7a em muita fala de que a seguran\u00e7a \u00e9 um dever do Estado, mas a gente entende que \u00e9 um dever de todos. Tem que ser feito parceria. O munic\u00edpio, ele precisa t\u00e1, pra isso, n\u00e3o s\u00f3 fomentando pol\u00edticas p\u00fablicas que de fato afaste a possibilidade dos nossos jovens, das nossas crian\u00e7as, t\u00e1 sendo atra\u00edda pra um mundo mais violento, mas tamb\u00e9m entendendo que o espa\u00e7o urbano ele precisa oferecer essas condi\u00e7\u00f5es. N\u00e3o s\u00f3 com ilumina\u00e7\u00e3o, n\u00e3o s\u00f3 com pra\u00e7as, n\u00e3o s\u00f3 com equipamentos de lazer, mas principalmente esses equipamentos de monitoramento que hoje na cidade de Candeias quem mant\u00e9m \u00e9 o governo do estado. O munic\u00edpio tinha em governos anteriores, a exemplo do prefeito Sargento Francisco, e hoje j\u00e1 n\u00e3o tem mais. O munic\u00edpio se isenta totalmente dessa responsabilidade que deveria ser do munic\u00edpio. A guarda municipal, at\u00e9 hoje a gente tem a\u00ed uma cr\u00edtica, uma reinvindica\u00e7\u00e3o, antiga dos servidores que t\u00eam hoje a fun\u00e7\u00e3o de vigilante, de guarda, querem ter a guarda municipal e a gente vai implementar isso, porque isso tamb\u00e9m oferece seguran\u00e7a para as pessoas. E avan\u00e7ar at\u00e9 no sentido de garantir o porte das armas para esses profissionais. Ent\u00e3o, n\u00f3s temos tamb\u00e9m essas quest\u00f5es ligadas ao complexo policial de Candeias. N\u00f3s precisamos colocar ali n\u00e3o s\u00f3 uma nova delegacia, mas cuidar para que a DEAM tamb\u00e9m tenha um espa\u00e7o pr\u00f3prio dela para atender essas v\u00edtimas que tem na cidade e coibir, fazer a repress\u00e3o tamb\u00e9m a esse tipo de crime e de viol\u00eancia que acontece na cidade&#8221;.<\/p>\n<p>Veja:<\/p>\n<p><iframe loading=\"lazy\" width=\"713\" height=\"401\" src=\"https:\/\/www.youtube.com\/embed\/Zo0dDdgbWr8\" title=\"CBN BAHIA 20\/08\/2024 - PARTICIPE PELO WHATSAPP (71) 98679-2647\" frameborder=\"0\" allow=\"accelerometer; autoplay; clipboard-write; encrypted-media; gyroscope; picture-in-picture; web-share\" referrerpolicy=\"strict-origin-when-cross-origin\" allowfullscreen><\/iframe><\/p>\n<p>Foto:  Reprodu\u00e7\u00e3o<br \/>\nBNews<\/p>\n","protected":false},"excerpt":{"rendered":"<p>A candidata do PT \u00e0 prefeitura de Candeias, na Regi\u00e3o Metropolitana de Salvador, Marivalda da Silva, afirmou na manh\u00e3 desta<\/p>\n","protected":false},"author":4,"featured_media":15600,"comment_status":"open","ping_status":"open","sticky":false,"template":"","format":"standard","meta":{"colormag_page_container_layout":"default_layout","colormag_page_sidebar_layout":"default_layout","_FSMCFIC_featured_image_caption":"","_FSMCFIC_featured_image_nocaption":"","_FSMCFIC_featured_image_hide":"","footnotes":""},"categories":[5,1],"tags":[],"class_list":["post-15599","post","type-post","status-publish","format-standard","has-post-thumbnail","hentry","category-politica","category-ultimas"],"yoast_head":"<!-- This site is optimized with the Yoast SEO plugin v27.1.1 - https:\/\/yoast.com\/product\/yoast-seo-wordpress\/ -->\n<title>Elei\u00e7\u00f5es 2024: &quot;O munic\u00edpio se isenta totalmente dessa responsabilidade&quot;, diz candidata a prefeita sobre seguran\u00e7a p\u00fablica de Candeias - Brasil not\u00edcias<\/title>\n<meta name=\"robots\" content=\"index, follow, max-snippet:-1, max-image-preview:large, max-video-preview:-1\" \/>\n<link rel=\"canonical\" href=\"https:\/\/brasilnoticias.org\/site\/eleicoes-2024-o-municipio-se-isenta-totalmente-dessa-responsabilidade-diz-candidata-a-prefeita-sobre-seguranca-publica-de-candeias\/\" \/>\n<meta property=\"og:locale\" content=\"pt_PT\" \/>\n<meta property=\"og:type\" content=\"article\" \/>\n<meta property=\"og:title\" content=\"Elei\u00e7\u00f5es 2024: &quot;O munic\u00edpio se isenta totalmente dessa responsabilidade&quot;, diz candidata a prefeita sobre seguran\u00e7a p\u00fablica de Candeias - Brasil not\u00edcias\" \/>\n<meta property=\"og:description\" content=\"A candidata do PT \u00e0 prefeitura de Candeias, na Regi\u00e3o Metropolitana de Salvador, Marivalda da Silva, afirmou na manh\u00e3 desta\" \/>\n<meta property=\"og:url\" content=\"https:\/\/brasilnoticias.org\/site\/eleicoes-2024-o-municipio-se-isenta-totalmente-dessa-responsabilidade-diz-candidata-a-prefeita-sobre-seguranca-publica-de-candeias\/\" \/>\n<meta property=\"og:site_name\" content=\"Brasil not\u00edcias\" \/>\n<meta property=\"article:published_time\" content=\"2024-08-21T02:34:46+00:00\" \/>\n<meta property=\"og:image\" content=\"https:\/\/brasilnoticias.org\/site\/wp-content\/uploads\/2024\/08\/marivalda_candeias_pt_widelg.jpg\" \/>\n\t<meta property=\"og:image:width\" content=\"800\" \/>\n\t<meta property=\"og:image:height\" content=\"450\" \/>\n\t<meta property=\"og:image:type\" content=\"image\/jpeg\" \/>\n<meta name=\"author\" content=\"Reda\u00e7\u00e3o\" \/>\n<meta name=\"twitter:card\" content=\"summary_large_image\" \/>\n<meta name=\"twitter:label1\" content=\"Escrito por\" \/>\n\t<meta name=\"twitter:data1\" content=\"Reda\u00e7\u00e3o\" \/>\n\t<meta name=\"twitter:label2\" content=\"Tempo estimado de leitura\" \/>\n\t<meta name=\"twitter:data2\" content=\"1 minuto\" \/>\n<script type=\"application\/ld+json\" class=\"yoast-schema-graph\">{\"@context\":\"https:\/\/schema.org\",\"@graph\":[{\"@type\":\"Article\",\"@id\":\"https:\/\/brasilnoticias.org\/site\/eleicoes-2024-o-municipio-se-isenta-totalmente-dessa-responsabilidade-diz-candidata-a-prefeita-sobre-seguranca-publica-de-candeias\/#article\",\"isPartOf\":{\"@id\":\"https:\/\/brasilnoticias.org\/site\/eleicoes-2024-o-municipio-se-isenta-totalmente-dessa-responsabilidade-diz-candidata-a-prefeita-sobre-seguranca-publica-de-candeias\/\"},\"author\":{\"name\":\"Reda\u00e7\u00e3o\",\"@id\":\"https:\/\/brasilnoticias.org\/site\/#\/schema\/person\/03bbbfe6c7634ad18c26444ea39049fa\"},\"headline\":\"Elei\u00e7\u00f5es 2024: &#8220;O munic\u00edpio se isenta totalmente dessa responsabilidade&#8221;, diz candidata a prefeita sobre seguran\u00e7a p\u00fablica de Candeias\",\"datePublished\":\"2024-08-21T02:34:46+00:00\",\"mainEntityOfPage\":{\"@id\":\"https:\/\/brasilnoticias.org\/site\/eleicoes-2024-o-municipio-se-isenta-totalmente-dessa-responsabilidade-diz-candidata-a-prefeita-sobre-seguranca-publica-de-candeias\/\"},\"wordCount\":403,\"commentCount\":0,\"publisher\":{\"@id\":\"https:\/\/brasilnoticias.org\/site\/#organization\"},\"image\":{\"@id\":\"https:\/\/brasilnoticias.org\/site\/eleicoes-2024-o-municipio-se-isenta-totalmente-dessa-responsabilidade-diz-candidata-a-prefeita-sobre-seguranca-publica-de-candeias\/#primaryimage\"},\"thumbnailUrl\":\"https:\/\/brasilnoticias.org\/site\/wp-content\/uploads\/2024\/08\/marivalda_candeias_pt_widelg.jpg\",\"articleSection\":[\"Pol\u00edtica\",\"\u00daltimas\"],\"inLanguage\":\"pt-PT\",\"potentialAction\":[{\"@type\":\"CommentAction\",\"name\":\"Comment\",\"target\":[\"https:\/\/brasilnoticias.org\/site\/eleicoes-2024-o-municipio-se-isenta-totalmente-dessa-responsabilidade-diz-candidata-a-prefeita-sobre-seguranca-publica-de-candeias\/#respond\"]}]},{\"@type\":\"WebPage\",\"@id\":\"https:\/\/brasilnoticias.org\/site\/eleicoes-2024-o-municipio-se-isenta-totalmente-dessa-responsabilidade-diz-candidata-a-prefeita-sobre-seguranca-publica-de-candeias\/\",\"url\":\"https:\/\/brasilnoticias.org\/site\/eleicoes-2024-o-municipio-se-isenta-totalmente-dessa-responsabilidade-diz-candidata-a-prefeita-sobre-seguranca-publica-de-candeias\/\",\"name\":\"Elei\u00e7\u00f5es 2024: \\\"O munic\u00edpio se isenta totalmente dessa responsabilidade\\\", diz candidata a prefeita sobre seguran\u00e7a p\u00fablica de Candeias - Brasil not\u00edcias\",\"isPartOf\":{\"@id\":\"https:\/\/brasilnoticias.org\/site\/#website\"},\"primaryImageOfPage\":{\"@id\":\"https:\/\/brasilnoticias.org\/site\/eleicoes-2024-o-municipio-se-isenta-totalmente-dessa-responsabilidade-diz-candidata-a-prefeita-sobre-seguranca-publica-de-candeias\/#primaryimage\"},\"image\":{\"@id\":\"https:\/\/brasilnoticias.org\/site\/eleicoes-2024-o-municipio-se-isenta-totalmente-dessa-responsabilidade-diz-candidata-a-prefeita-sobre-seguranca-publica-de-candeias\/#primaryimage\"},\"thumbnailUrl\":\"https:\/\/brasilnoticias.org\/site\/wp-content\/uploads\/2024\/08\/marivalda_candeias_pt_widelg.jpg\",\"datePublished\":\"2024-08-21T02:34:46+00:00\",\"breadcrumb\":{\"@id\":\"https:\/\/brasilnoticias.org\/site\/eleicoes-2024-o-municipio-se-isenta-totalmente-dessa-responsabilidade-diz-candidata-a-prefeita-sobre-seguranca-publica-de-candeias\/#breadcrumb\"},\"inLanguage\":\"pt-PT\",\"potentialAction\":[{\"@type\":\"ReadAction\",\"target\":[\"https:\/\/brasilnoticias.org\/site\/eleicoes-2024-o-municipio-se-isenta-totalmente-dessa-responsabilidade-diz-candidata-a-prefeita-sobre-seguranca-publica-de-candeias\/\"]}]},{\"@type\":\"ImageObject\",\"inLanguage\":\"pt-PT\",\"@id\":\"https:\/\/brasilnoticias.org\/site\/eleicoes-2024-o-municipio-se-isenta-totalmente-dessa-responsabilidade-diz-candidata-a-prefeita-sobre-seguranca-publica-de-candeias\/#primaryimage\",\"url\":\"https:\/\/brasilnoticias.org\/site\/wp-content\/uploads\/2024\/08\/marivalda_candeias_pt_widelg.jpg\",\"contentUrl\":\"https:\/\/brasilnoticias.org\/site\/wp-content\/uploads\/2024\/08\/marivalda_candeias_pt_widelg.jpg\",\"width\":800,\"height\":450},{\"@type\":\"BreadcrumbList\",\"@id\":\"https:\/\/brasilnoticias.org\/site\/eleicoes-2024-o-municipio-se-isenta-totalmente-dessa-responsabilidade-diz-candidata-a-prefeita-sobre-seguranca-publica-de-candeias\/#breadcrumb\",\"itemListElement\":[{\"@type\":\"ListItem\",\"position\":1,\"name\":\"In\u00edcio\",\"item\":\"https:\/\/brasilnoticias.org\/site\/\"},{\"@type\":\"ListItem\",\"position\":2,\"name\":\"Elei\u00e7\u00f5es 2024: &#8220;O munic\u00edpio se isenta totalmente dessa responsabilidade&#8221;, diz candidata a prefeita sobre seguran\u00e7a p\u00fablica de Candeias\"}]},{\"@type\":\"WebSite\",\"@id\":\"https:\/\/brasilnoticias.org\/site\/#website\",\"url\":\"https:\/\/brasilnoticias.org\/site\/\",\"name\":\"Brasil not\u00edcias\",\"description\":\"Brasil not\u00edcias\",\"publisher\":{\"@id\":\"https:\/\/brasilnoticias.org\/site\/#organization\"},\"potentialAction\":[{\"@type\":\"SearchAction\",\"target\":{\"@type\":\"EntryPoint\",\"urlTemplate\":\"https:\/\/brasilnoticias.org\/site\/?s={search_term_string}\"},\"query-input\":{\"@type\":\"PropertyValueSpecification\",\"valueRequired\":true,\"valueName\":\"search_term_string\"}}],\"inLanguage\":\"pt-PT\"},{\"@type\":\"Organization\",\"@id\":\"https:\/\/brasilnoticias.org\/site\/#organization\",\"name\":\"Brasil not\u00edcias\",\"url\":\"https:\/\/brasilnoticias.org\/site\/\",\"logo\":{\"@type\":\"ImageObject\",\"inLanguage\":\"pt-PT\",\"@id\":\"https:\/\/brasilnoticias.org\/site\/#\/schema\/logo\/image\/\",\"url\":\"https:\/\/brasilnoticias.org\/site\/wp-content\/uploads\/2022\/05\/cropped-brasilnoticias-mini.jpg\",\"contentUrl\":\"https:\/\/brasilnoticias.org\/site\/wp-content\/uploads\/2022\/05\/cropped-brasilnoticias-mini.jpg\",\"width\":314,\"height\":86,\"caption\":\"Brasil not\u00edcias\"},\"image\":{\"@id\":\"https:\/\/brasilnoticias.org\/site\/#\/schema\/logo\/image\/\"}},{\"@type\":\"Person\",\"@id\":\"https:\/\/brasilnoticias.org\/site\/#\/schema\/person\/03bbbfe6c7634ad18c26444ea39049fa\",\"name\":\"Reda\u00e7\u00e3o\",\"image\":{\"@type\":\"ImageObject\",\"inLanguage\":\"pt-PT\",\"@id\":\"https:\/\/brasilnoticias.org\/site\/#\/schema\/person\/image\/\",\"url\":\"https:\/\/secure.gravatar.com\/avatar\/9ecaf7327a696cb23ad926fedded5f1f04d7049de9e445375d55b48c001a6e42?s=96&d=mm&r=g\",\"contentUrl\":\"https:\/\/secure.gravatar.com\/avatar\/9ecaf7327a696cb23ad926fedded5f1f04d7049de9e445375d55b48c001a6e42?s=96&d=mm&r=g\",\"caption\":\"Reda\u00e7\u00e3o\"},\"url\":\"https:\/\/brasilnoticias.org\/site\/author\/henrique\/\"}]}<\/script>\n<!-- \/ Yoast SEO plugin. -->","yoast_head_json":{"title":"Elei\u00e7\u00f5es 2024: \"O munic\u00edpio se isenta totalmente dessa responsabilidade\", diz candidata a prefeita sobre seguran\u00e7a p\u00fablica de Candeias - Brasil not\u00edcias","robots":{"index":"index","follow":"follow","max-snippet":"max-snippet:-1","max-image-preview":"max-image-preview:large","max-video-preview":"max-video-preview:-1"},"canonical":"https:\/\/brasilnoticias.org\/site\/eleicoes-2024-o-municipio-se-isenta-totalmente-dessa-responsabilidade-diz-candidata-a-prefeita-sobre-seguranca-publica-de-candeias\/","og_locale":"pt_PT","og_type":"article","og_title":"Elei\u00e7\u00f5es 2024: \"O munic\u00edpio se isenta totalmente dessa responsabilidade\", diz candidata a prefeita sobre seguran\u00e7a p\u00fablica de Candeias - Brasil not\u00edcias","og_description":"A candidata do PT \u00e0 prefeitura de Candeias, na Regi\u00e3o Metropolitana de Salvador, Marivalda da Silva, afirmou na manh\u00e3 desta","og_url":"https:\/\/brasilnoticias.org\/site\/eleicoes-2024-o-municipio-se-isenta-totalmente-dessa-responsabilidade-diz-candidata-a-prefeita-sobre-seguranca-publica-de-candeias\/","og_site_name":"Brasil not\u00edcias","article_published_time":"2024-08-21T02:34:46+00:00","og_image":[{"width":800,"height":450,"url":"https:\/\/brasilnoticias.org\/site\/wp-content\/uploads\/2024\/08\/marivalda_candeias_pt_widelg.jpg","type":"image\/jpeg"}],"author":"Reda\u00e7\u00e3o","twitter_card":"summary_large_image","twitter_misc":{"Escrito por":"Reda\u00e7\u00e3o","Tempo estimado de leitura":"1 minuto"},"schema":{"@context":"https:\/\/schema.org","@graph":[{"@type":"Article","@id":"https:\/\/brasilnoticias.org\/site\/eleicoes-2024-o-municipio-se-isenta-totalmente-dessa-responsabilidade-diz-candidata-a-prefeita-sobre-seguranca-publica-de-candeias\/#article","isPartOf":{"@id":"https:\/\/brasilnoticias.org\/site\/eleicoes-2024-o-municipio-se-isenta-totalmente-dessa-responsabilidade-diz-candidata-a-prefeita-sobre-seguranca-publica-de-candeias\/"},"author":{"name":"Reda\u00e7\u00e3o","@id":"https:\/\/brasilnoticias.org\/site\/#\/schema\/person\/03bbbfe6c7634ad18c26444ea39049fa"},"headline":"Elei\u00e7\u00f5es 2024: &#8220;O munic\u00edpio se isenta totalmente dessa responsabilidade&#8221;, diz candidata a prefeita sobre seguran\u00e7a p\u00fablica de Candeias","datePublished":"2024-08-21T02:34:46+00:00","mainEntityOfPage":{"@id":"https:\/\/brasilnoticias.org\/site\/eleicoes-2024-o-municipio-se-isenta-totalmente-dessa-responsabilidade-diz-candidata-a-prefeita-sobre-seguranca-publica-de-candeias\/"},"wordCount":403,"commentCount":0,"publisher":{"@id":"https:\/\/brasilnoticias.org\/site\/#organization"},"image":{"@id":"https:\/\/brasilnoticias.org\/site\/eleicoes-2024-o-municipio-se-isenta-totalmente-dessa-responsabilidade-diz-candidata-a-prefeita-sobre-seguranca-publica-de-candeias\/#primaryimage"},"thumbnailUrl":"https:\/\/brasilnoticias.org\/site\/wp-content\/uploads\/2024\/08\/marivalda_candeias_pt_widelg.jpg","articleSection":["Pol\u00edtica","\u00daltimas"],"inLanguage":"pt-PT","potentialAction":[{"@type":"CommentAction","name":"Comment","target":["https:\/\/brasilnoticias.org\/site\/eleicoes-2024-o-municipio-se-isenta-totalmente-dessa-responsabilidade-diz-candidata-a-prefeita-sobre-seguranca-publica-de-candeias\/#respond"]}]},{"@type":"WebPage","@id":"https:\/\/brasilnoticias.org\/site\/eleicoes-2024-o-municipio-se-isenta-totalmente-dessa-responsabilidade-diz-candidata-a-prefeita-sobre-seguranca-publica-de-candeias\/","url":"https:\/\/brasilnoticias.org\/site\/eleicoes-2024-o-municipio-se-isenta-totalmente-dessa-responsabilidade-diz-candidata-a-prefeita-sobre-seguranca-publica-de-candeias\/","name":"Elei\u00e7\u00f5es 2024: \"O munic\u00edpio se isenta totalmente dessa responsabilidade\", diz candidata a prefeita sobre seguran\u00e7a p\u00fablica de Candeias - Brasil not\u00edcias","isPartOf":{"@id":"https:\/\/brasilnoticias.org\/site\/#website"},"primaryImageOfPage":{"@id":"https:\/\/brasilnoticias.org\/site\/eleicoes-2024-o-municipio-se-isenta-totalmente-dessa-responsabilidade-diz-candidata-a-prefeita-sobre-seguranca-publica-de-candeias\/#primaryimage"},"image":{"@id":"https:\/\/brasilnoticias.org\/site\/eleicoes-2024-o-municipio-se-isenta-totalmente-dessa-responsabilidade-diz-candidata-a-prefeita-sobre-seguranca-publica-de-candeias\/#primaryimage"},"thumbnailUrl":"https:\/\/brasilnoticias.org\/site\/wp-content\/uploads\/2024\/08\/marivalda_candeias_pt_widelg.jpg","datePublished":"2024-08-21T02:34:46+00:00","breadcrumb":{"@id":"https:\/\/brasilnoticias.org\/site\/eleicoes-2024-o-municipio-se-isenta-totalmente-dessa-responsabilidade-diz-candidata-a-prefeita-sobre-seguranca-publica-de-candeias\/#breadcrumb"},"inLanguage":"pt-PT","potentialAction":[{"@type":"ReadAction","target":["https:\/\/brasilnoticias.org\/site\/eleicoes-2024-o-municipio-se-isenta-totalmente-dessa-responsabilidade-diz-candidata-a-prefeita-sobre-seguranca-publica-de-candeias\/"]}]},{"@type":"ImageObject","inLanguage":"pt-PT","@id":"https:\/\/brasilnoticias.org\/site\/eleicoes-2024-o-municipio-se-isenta-totalmente-dessa-responsabilidade-diz-candidata-a-prefeita-sobre-seguranca-publica-de-candeias\/#primaryimage","url":"https:\/\/brasilnoticias.org\/site\/wp-content\/uploads\/2024\/08\/marivalda_candeias_pt_widelg.jpg","contentUrl":"https:\/\/brasilnoticias.org\/site\/wp-content\/uploads\/2024\/08\/marivalda_candeias_pt_widelg.jpg","width":800,"height":450},{"@type":"BreadcrumbList","@id":"https:\/\/brasilnoticias.org\/site\/eleicoes-2024-o-municipio-se-isenta-totalmente-dessa-responsabilidade-diz-candidata-a-prefeita-sobre-seguranca-publica-de-candeias\/#breadcrumb","itemListElement":[{"@type":"ListItem","position":1,"name":"In\u00edcio","item":"https:\/\/brasilnoticias.org\/site\/"},{"@type":"ListItem","position":2,"name":"Elei\u00e7\u00f5es 2024: &#8220;O munic\u00edpio se isenta totalmente dessa responsabilidade&#8221;, diz candidata a prefeita sobre seguran\u00e7a p\u00fablica de Candeias"}]},{"@type":"WebSite","@id":"https:\/\/brasilnoticias.org\/site\/#website","url":"https:\/\/brasilnoticias.org\/site\/","name":"Brasil not\u00edcias","description":"Brasil not\u00edcias","publisher":{"@id":"https:\/\/brasilnoticias.org\/site\/#organization"},"potentialAction":[{"@type":"SearchAction","target":{"@type":"EntryPoint","urlTemplate":"https:\/\/brasilnoticias.org\/site\/?s={search_term_string}"},"query-input":{"@type":"PropertyValueSpecification","valueRequired":true,"valueName":"search_term_string"}}],"inLanguage":"pt-PT"},{"@type":"Organization","@id":"https:\/\/brasilnoticias.org\/site\/#organization","name":"Brasil not\u00edcias","url":"https:\/\/brasilnoticias.org\/site\/","logo":{"@type":"ImageObject","inLanguage":"pt-PT","@id":"https:\/\/brasilnoticias.org\/site\/#\/schema\/logo\/image\/","url":"https:\/\/brasilnoticias.org\/site\/wp-content\/uploads\/2022\/05\/cropped-brasilnoticias-mini.jpg","contentUrl":"https:\/\/brasilnoticias.org\/site\/wp-content\/uploads\/2022\/05\/cropped-brasilnoticias-mini.jpg","width":314,"height":86,"caption":"Brasil not\u00edcias"},"image":{"@id":"https:\/\/brasilnoticias.org\/site\/#\/schema\/logo\/image\/"}},{"@type":"Person","@id":"https:\/\/brasilnoticias.org\/site\/#\/schema\/person\/03bbbfe6c7634ad18c26444ea39049fa","name":"Reda\u00e7\u00e3o","image":{"@type":"ImageObject","inLanguage":"pt-PT","@id":"https:\/\/brasilnoticias.org\/site\/#\/schema\/person\/image\/","url":"https:\/\/secure.gravatar.com\/avatar\/9ecaf7327a696cb23ad926fedded5f1f04d7049de9e445375d55b48c001a6e42?s=96&d=mm&r=g","contentUrl":"https:\/\/secure.gravatar.com\/avatar\/9ecaf7327a696cb23ad926fedded5f1f04d7049de9e445375d55b48c001a6e42?s=96&d=mm&r=g","caption":"Reda\u00e7\u00e3o"},"url":"https:\/\/brasilnoticias.org\/site\/author\/henrique\/"}]}},"_links":{"self":[{"href":"https:\/\/brasilnoticias.org\/site\/wp-json\/wp\/v2\/posts\/15599","targetHints":{"allow":["GET"]}}],"collection":[{"href":"https:\/\/brasilnoticias.org\/site\/wp-json\/wp\/v2\/posts"}],"about":[{"href":"https:\/\/brasilnoticias.org\/site\/wp-json\/wp\/v2\/types\/post"}],"author":[{"embeddable":true,"href":"https:\/\/brasilnoticias.org\/site\/wp-json\/wp\/v2\/users\/4"}],"replies":[{"embeddable":true,"href":"https:\/\/brasilnoticias.org\/site\/wp-json\/wp\/v2\/comments?post=15599"}],"version-history":[{"count":1,"href":"https:\/\/brasilnoticias.org\/site\/wp-json\/wp\/v2\/posts\/15599\/revisions"}],"predecessor-version":[{"id":15601,"href":"https:\/\/brasilnoticias.org\/site\/wp-json\/wp\/v2\/posts\/15599\/revisions\/15601"}],"wp:featuredmedia":[{"embeddable":true,"href":"https:\/\/brasilnoticias.org\/site\/wp-json\/wp\/v2\/media\/15600"}],"wp:attachment":[{"href":"https:\/\/brasilnoticias.org\/site\/wp-json\/wp\/v2\/media?parent=15599"}],"wp:term":[{"taxonomy":"category","embeddable":true,"href":"https:\/\/brasilnoticias.org\/site\/wp-json\/wp\/v2\/categories?post=15599"},{"taxonomy":"post_tag","embeddable":true,"href":"https:\/\/brasilnoticias.org\/site\/wp-json\/wp\/v2\/tags?post=15599"}],"curies":[{"name":"wp","href":"https:\/\/api.w.org\/{rel}","templated":true}]}}