{"id":15602,"date":"2024-08-21T16:00:29","date_gmt":"2024-08-21T19:00:29","guid":{"rendered":"https:\/\/brasilnoticias.org\/site\/?p=15602"},"modified":"2024-08-21T16:00:29","modified_gmt":"2024-08-21T19:00:29","slug":"aqui-no-pdt-as-mulheres-nao-sao-candidatas-apenas-para-cumprir-cotas-diz-ana-paula-matos","status":"publish","type":"post","link":"https:\/\/brasilnoticias.org\/site\/aqui-no-pdt-as-mulheres-nao-sao-candidatas-apenas-para-cumprir-cotas-diz-ana-paula-matos\/","title":{"rendered":"&#8220;Aqui no PDT, as mulheres n\u00e3o s\u00e3o candidatas apenas para cumprir cotas&#8221;, diz Ana Paula Matos"},"content":{"rendered":"<p>Vice-prefeita de Salvador e candidata \u00e0 reelei\u00e7\u00e3o na chapa liderada pelo prefeito Bruno Reis (Uni\u00e3o), Ana Paula Matos (PDT) se reuniu nesta quarta-feira (21) com as candidatas mulheres do PDT e integrantes da A\u00e7\u00e3o Mulher Trabalhista (AMT) na sede do partido, no bairro da Mouraria, em Salvador. Na ocasi\u00e3o, a pedetista destacou a lideran\u00e7a feminina no partido e a representatividade de cada causa defendida pelas postulantes ao cargo de vereadora.<\/p>\n<p>\u201cAqui no PDT, as mulheres n\u00e3o s\u00e3o candidatas apenas para cumprir cota. Tivemos que selecionar quem seriam as candidatas, e todas s\u00e3o mulheres que tradicionalmente t\u00eam causas, prop\u00f3sito e representatividade. Temos l\u00edderes comunit\u00e1rias e de diversos segmentos, como enfermagem, confeitaria, sa\u00fade, educa\u00e7\u00e3o, causa LGBTQIAP+, trabalhismo, entre outros&#8221;, disse Ana. <\/p>\n<p>Entre as candidatas do PDT no pleito de outubro para a C\u00e2mara Municipal est\u00e3o: D\u00e9bora Santana e Roberta Caires, vereadoras de mandato que buscam a reelei\u00e7\u00e3o; Leo Kret, ex-vereadora que tenta retornar ao Legislativo; e Ana Rosa, que vem da Juventude Socialista (JS) e ficou na supl\u00eancia nas \u00faltimas elei\u00e7\u00f5es. <\/p>\n<p>Entre os estreantes nas urnas, o partido conta com Doiane Lemos, conhecida como Doiane da Vacina, ex-coordenadora de imuniza\u00e7\u00e3o de Salvador, que ganhou destaque pelo trabalho realizado durante a pandemia de coronav\u00edrus. Outros segmentos tamb\u00e9m est\u00e3o representados por Patyyscakes, Lu do Posto, Pr\u00f3 Gil, Cris da Enfermagem, Luz Marine, Rosy Silva, Dr. Fabiane Almeida, M\u00e1rcia Santos e Pr\u00f3 Dote.<\/p>\n<p>\u201cEssas s\u00e3o grandes apostas, e eu acredito nesse grupo. Tenho plena confian\u00e7a na capacidade individual de cada uma, mas tamb\u00e9m na for\u00e7a do coletivo. S\u00e3o mulheres reconhecidas, com hist\u00f3ria e compromisso com seu povo. Tenho certeza de que n\u00f3s, mulheres, seremos a for\u00e7a do PDT nesta elei\u00e7\u00e3o\u201d, concluiu Ana Paula Matos, que, al\u00e9m de ser candidata, integra a AMT nacional.<\/p>\n","protected":false},"excerpt":{"rendered":"<p>Vice-prefeita de Salvador e candidata \u00e0 reelei\u00e7\u00e3o na chapa liderada pelo prefeito Bruno Reis (Uni\u00e3o), Ana Paula Matos (PDT) se<\/p>\n","protected":false},"author":4,"featured_media":15603,"comment_status":"open","ping_status":"open","sticky":false,"template":"","format":"standard","meta":{"colormag_page_container_layout":"default_layout","colormag_page_sidebar_layout":"default_layout","_FSMCFIC_featured_image_caption":"","_FSMCFIC_featured_image_nocaption":"","_FSMCFIC_featured_image_hide":"","footnotes":""},"categories":[2,1],"tags":[],"class_list":["post-15602","post","type-post","status-publish","format-standard","has-post-thumbnail","hentry","category-noticias","category-ultimas"],"yoast_head":"<!-- This site is optimized with the Yoast SEO plugin v27.1.1 - https:\/\/yoast.com\/product\/yoast-seo-wordpress\/ -->\n<title>&quot;Aqui no PDT, as mulheres n\u00e3o s\u00e3o candidatas apenas para cumprir cotas&quot;, diz Ana Paula Matos - Brasil not\u00edcias<\/title>\n<meta name=\"robots\" content=\"index, follow, max-snippet:-1, max-image-preview:large, max-video-preview:-1\" \/>\n<link rel=\"canonical\" href=\"https:\/\/brasilnoticias.org\/site\/aqui-no-pdt-as-mulheres-nao-sao-candidatas-apenas-para-cumprir-cotas-diz-ana-paula-matos\/\" \/>\n<meta property=\"og:locale\" content=\"pt_PT\" \/>\n<meta property=\"og:type\" content=\"article\" \/>\n<meta property=\"og:title\" content=\"&quot;Aqui no PDT, as mulheres n\u00e3o s\u00e3o candidatas apenas para cumprir cotas&quot;, diz Ana Paula Matos - Brasil not\u00edcias\" \/>\n<meta property=\"og:description\" content=\"Vice-prefeita de Salvador e candidata \u00e0 reelei\u00e7\u00e3o na chapa liderada pelo prefeito Bruno Reis (Uni\u00e3o), Ana Paula Matos (PDT) se\" \/>\n<meta property=\"og:url\" content=\"https:\/\/brasilnoticias.org\/site\/aqui-no-pdt-as-mulheres-nao-sao-candidatas-apenas-para-cumprir-cotas-diz-ana-paula-matos\/\" \/>\n<meta property=\"og:site_name\" content=\"Brasil not\u00edcias\" \/>\n<meta property=\"article:published_time\" content=\"2024-08-21T19:00:29+00:00\" \/>\n<meta property=\"og:image\" content=\"https:\/\/brasilnoticias.org\/site\/wp-content\/uploads\/2024\/08\/IMAGEM_NOTICIA_0-12.jpg\" \/>\n\t<meta property=\"og:image:width\" content=\"850\" \/>\n\t<meta property=\"og:image:height\" content=\"400\" \/>\n\t<meta property=\"og:image:type\" content=\"image\/jpeg\" \/>\n<meta name=\"author\" content=\"Reda\u00e7\u00e3o\" \/>\n<meta name=\"twitter:card\" content=\"summary_large_image\" \/>\n<meta name=\"twitter:label1\" content=\"Escrito por\" \/>\n\t<meta name=\"twitter:data1\" content=\"Reda\u00e7\u00e3o\" \/>\n\t<meta name=\"twitter:label2\" content=\"Tempo estimado de leitura\" \/>\n\t<meta name=\"twitter:data2\" content=\"1 minuto\" \/>\n<script type=\"application\/ld+json\" class=\"yoast-schema-graph\">{\"@context\":\"https:\/\/schema.org\",\"@graph\":[{\"@type\":\"Article\",\"@id\":\"https:\/\/brasilnoticias.org\/site\/aqui-no-pdt-as-mulheres-nao-sao-candidatas-apenas-para-cumprir-cotas-diz-ana-paula-matos\/#article\",\"isPartOf\":{\"@id\":\"https:\/\/brasilnoticias.org\/site\/aqui-no-pdt-as-mulheres-nao-sao-candidatas-apenas-para-cumprir-cotas-diz-ana-paula-matos\/\"},\"author\":{\"name\":\"Reda\u00e7\u00e3o\",\"@id\":\"https:\/\/brasilnoticias.org\/site\/#\/schema\/person\/03bbbfe6c7634ad18c26444ea39049fa\"},\"headline\":\"&#8220;Aqui no PDT, as mulheres n\u00e3o s\u00e3o candidatas apenas para cumprir cotas&#8221;, diz Ana Paula Matos\",\"datePublished\":\"2024-08-21T19:00:29+00:00\",\"mainEntityOfPage\":{\"@id\":\"https:\/\/brasilnoticias.org\/site\/aqui-no-pdt-as-mulheres-nao-sao-candidatas-apenas-para-cumprir-cotas-diz-ana-paula-matos\/\"},\"wordCount\":339,\"commentCount\":0,\"publisher\":{\"@id\":\"https:\/\/brasilnoticias.org\/site\/#organization\"},\"image\":{\"@id\":\"https:\/\/brasilnoticias.org\/site\/aqui-no-pdt-as-mulheres-nao-sao-candidatas-apenas-para-cumprir-cotas-diz-ana-paula-matos\/#primaryimage\"},\"thumbnailUrl\":\"https:\/\/brasilnoticias.org\/site\/wp-content\/uploads\/2024\/08\/IMAGEM_NOTICIA_0-12.jpg\",\"articleSection\":[\"Not\u00edcias\",\"\u00daltimas\"],\"inLanguage\":\"pt-PT\",\"potentialAction\":[{\"@type\":\"CommentAction\",\"name\":\"Comment\",\"target\":[\"https:\/\/brasilnoticias.org\/site\/aqui-no-pdt-as-mulheres-nao-sao-candidatas-apenas-para-cumprir-cotas-diz-ana-paula-matos\/#respond\"]}]},{\"@type\":\"WebPage\",\"@id\":\"https:\/\/brasilnoticias.org\/site\/aqui-no-pdt-as-mulheres-nao-sao-candidatas-apenas-para-cumprir-cotas-diz-ana-paula-matos\/\",\"url\":\"https:\/\/brasilnoticias.org\/site\/aqui-no-pdt-as-mulheres-nao-sao-candidatas-apenas-para-cumprir-cotas-diz-ana-paula-matos\/\",\"name\":\"\\\"Aqui no PDT, as mulheres n\u00e3o s\u00e3o candidatas apenas para cumprir cotas\\\", diz Ana Paula Matos - Brasil not\u00edcias\",\"isPartOf\":{\"@id\":\"https:\/\/brasilnoticias.org\/site\/#website\"},\"primaryImageOfPage\":{\"@id\":\"https:\/\/brasilnoticias.org\/site\/aqui-no-pdt-as-mulheres-nao-sao-candidatas-apenas-para-cumprir-cotas-diz-ana-paula-matos\/#primaryimage\"},\"image\":{\"@id\":\"https:\/\/brasilnoticias.org\/site\/aqui-no-pdt-as-mulheres-nao-sao-candidatas-apenas-para-cumprir-cotas-diz-ana-paula-matos\/#primaryimage\"},\"thumbnailUrl\":\"https:\/\/brasilnoticias.org\/site\/wp-content\/uploads\/2024\/08\/IMAGEM_NOTICIA_0-12.jpg\",\"datePublished\":\"2024-08-21T19:00:29+00:00\",\"breadcrumb\":{\"@id\":\"https:\/\/brasilnoticias.org\/site\/aqui-no-pdt-as-mulheres-nao-sao-candidatas-apenas-para-cumprir-cotas-diz-ana-paula-matos\/#breadcrumb\"},\"inLanguage\":\"pt-PT\",\"potentialAction\":[{\"@type\":\"ReadAction\",\"target\":[\"https:\/\/brasilnoticias.org\/site\/aqui-no-pdt-as-mulheres-nao-sao-candidatas-apenas-para-cumprir-cotas-diz-ana-paula-matos\/\"]}]},{\"@type\":\"ImageObject\",\"inLanguage\":\"pt-PT\",\"@id\":\"https:\/\/brasilnoticias.org\/site\/aqui-no-pdt-as-mulheres-nao-sao-candidatas-apenas-para-cumprir-cotas-diz-ana-paula-matos\/#primaryimage\",\"url\":\"https:\/\/brasilnoticias.org\/site\/wp-content\/uploads\/2024\/08\/IMAGEM_NOTICIA_0-12.jpg\",\"contentUrl\":\"https:\/\/brasilnoticias.org\/site\/wp-content\/uploads\/2024\/08\/IMAGEM_NOTICIA_0-12.jpg\",\"width\":850,\"height\":400},{\"@type\":\"BreadcrumbList\",\"@id\":\"https:\/\/brasilnoticias.org\/site\/aqui-no-pdt-as-mulheres-nao-sao-candidatas-apenas-para-cumprir-cotas-diz-ana-paula-matos\/#breadcrumb\",\"itemListElement\":[{\"@type\":\"ListItem\",\"position\":1,\"name\":\"In\u00edcio\",\"item\":\"https:\/\/brasilnoticias.org\/site\/\"},{\"@type\":\"ListItem\",\"position\":2,\"name\":\"&#8220;Aqui no PDT, as mulheres n\u00e3o s\u00e3o candidatas apenas para cumprir cotas&#8221;, diz Ana Paula Matos\"}]},{\"@type\":\"WebSite\",\"@id\":\"https:\/\/brasilnoticias.org\/site\/#website\",\"url\":\"https:\/\/brasilnoticias.org\/site\/\",\"name\":\"Brasil not\u00edcias\",\"description\":\"Brasil not\u00edcias\",\"publisher\":{\"@id\":\"https:\/\/brasilnoticias.org\/site\/#organization\"},\"potentialAction\":[{\"@type\":\"SearchAction\",\"target\":{\"@type\":\"EntryPoint\",\"urlTemplate\":\"https:\/\/brasilnoticias.org\/site\/?s={search_term_string}\"},\"query-input\":{\"@type\":\"PropertyValueSpecification\",\"valueRequired\":true,\"valueName\":\"search_term_string\"}}],\"inLanguage\":\"pt-PT\"},{\"@type\":\"Organization\",\"@id\":\"https:\/\/brasilnoticias.org\/site\/#organization\",\"name\":\"Brasil not\u00edcias\",\"url\":\"https:\/\/brasilnoticias.org\/site\/\",\"logo\":{\"@type\":\"ImageObject\",\"inLanguage\":\"pt-PT\",\"@id\":\"https:\/\/brasilnoticias.org\/site\/#\/schema\/logo\/image\/\",\"url\":\"https:\/\/brasilnoticias.org\/site\/wp-content\/uploads\/2022\/05\/cropped-brasilnoticias-mini.jpg\",\"contentUrl\":\"https:\/\/brasilnoticias.org\/site\/wp-content\/uploads\/2022\/05\/cropped-brasilnoticias-mini.jpg\",\"width\":314,\"height\":86,\"caption\":\"Brasil not\u00edcias\"},\"image\":{\"@id\":\"https:\/\/brasilnoticias.org\/site\/#\/schema\/logo\/image\/\"}},{\"@type\":\"Person\",\"@id\":\"https:\/\/brasilnoticias.org\/site\/#\/schema\/person\/03bbbfe6c7634ad18c26444ea39049fa\",\"name\":\"Reda\u00e7\u00e3o\",\"image\":{\"@type\":\"ImageObject\",\"inLanguage\":\"pt-PT\",\"@id\":\"https:\/\/brasilnoticias.org\/site\/#\/schema\/person\/image\/\",\"url\":\"https:\/\/secure.gravatar.com\/avatar\/9ecaf7327a696cb23ad926fedded5f1f04d7049de9e445375d55b48c001a6e42?s=96&d=mm&r=g\",\"contentUrl\":\"https:\/\/secure.gravatar.com\/avatar\/9ecaf7327a696cb23ad926fedded5f1f04d7049de9e445375d55b48c001a6e42?s=96&d=mm&r=g\",\"caption\":\"Reda\u00e7\u00e3o\"},\"url\":\"https:\/\/brasilnoticias.org\/site\/author\/henrique\/\"}]}<\/script>\n<!-- \/ Yoast SEO plugin. -->","yoast_head_json":{"title":"\"Aqui no PDT, as mulheres n\u00e3o s\u00e3o candidatas apenas para cumprir cotas\", diz Ana Paula Matos - Brasil not\u00edcias","robots":{"index":"index","follow":"follow","max-snippet":"max-snippet:-1","max-image-preview":"max-image-preview:large","max-video-preview":"max-video-preview:-1"},"canonical":"https:\/\/brasilnoticias.org\/site\/aqui-no-pdt-as-mulheres-nao-sao-candidatas-apenas-para-cumprir-cotas-diz-ana-paula-matos\/","og_locale":"pt_PT","og_type":"article","og_title":"\"Aqui no PDT, as mulheres n\u00e3o s\u00e3o candidatas apenas para cumprir cotas\", diz Ana Paula Matos - Brasil not\u00edcias","og_description":"Vice-prefeita de Salvador e candidata \u00e0 reelei\u00e7\u00e3o na chapa liderada pelo prefeito Bruno Reis (Uni\u00e3o), Ana Paula Matos (PDT) se","og_url":"https:\/\/brasilnoticias.org\/site\/aqui-no-pdt-as-mulheres-nao-sao-candidatas-apenas-para-cumprir-cotas-diz-ana-paula-matos\/","og_site_name":"Brasil not\u00edcias","article_published_time":"2024-08-21T19:00:29+00:00","og_image":[{"width":850,"height":400,"url":"https:\/\/brasilnoticias.org\/site\/wp-content\/uploads\/2024\/08\/IMAGEM_NOTICIA_0-12.jpg","type":"image\/jpeg"}],"author":"Reda\u00e7\u00e3o","twitter_card":"summary_large_image","twitter_misc":{"Escrito por":"Reda\u00e7\u00e3o","Tempo estimado de leitura":"1 minuto"},"schema":{"@context":"https:\/\/schema.org","@graph":[{"@type":"Article","@id":"https:\/\/brasilnoticias.org\/site\/aqui-no-pdt-as-mulheres-nao-sao-candidatas-apenas-para-cumprir-cotas-diz-ana-paula-matos\/#article","isPartOf":{"@id":"https:\/\/brasilnoticias.org\/site\/aqui-no-pdt-as-mulheres-nao-sao-candidatas-apenas-para-cumprir-cotas-diz-ana-paula-matos\/"},"author":{"name":"Reda\u00e7\u00e3o","@id":"https:\/\/brasilnoticias.org\/site\/#\/schema\/person\/03bbbfe6c7634ad18c26444ea39049fa"},"headline":"&#8220;Aqui no PDT, as mulheres n\u00e3o s\u00e3o candidatas apenas para cumprir cotas&#8221;, diz Ana Paula Matos","datePublished":"2024-08-21T19:00:29+00:00","mainEntityOfPage":{"@id":"https:\/\/brasilnoticias.org\/site\/aqui-no-pdt-as-mulheres-nao-sao-candidatas-apenas-para-cumprir-cotas-diz-ana-paula-matos\/"},"wordCount":339,"commentCount":0,"publisher":{"@id":"https:\/\/brasilnoticias.org\/site\/#organization"},"image":{"@id":"https:\/\/brasilnoticias.org\/site\/aqui-no-pdt-as-mulheres-nao-sao-candidatas-apenas-para-cumprir-cotas-diz-ana-paula-matos\/#primaryimage"},"thumbnailUrl":"https:\/\/brasilnoticias.org\/site\/wp-content\/uploads\/2024\/08\/IMAGEM_NOTICIA_0-12.jpg","articleSection":["Not\u00edcias","\u00daltimas"],"inLanguage":"pt-PT","potentialAction":[{"@type":"CommentAction","name":"Comment","target":["https:\/\/brasilnoticias.org\/site\/aqui-no-pdt-as-mulheres-nao-sao-candidatas-apenas-para-cumprir-cotas-diz-ana-paula-matos\/#respond"]}]},{"@type":"WebPage","@id":"https:\/\/brasilnoticias.org\/site\/aqui-no-pdt-as-mulheres-nao-sao-candidatas-apenas-para-cumprir-cotas-diz-ana-paula-matos\/","url":"https:\/\/brasilnoticias.org\/site\/aqui-no-pdt-as-mulheres-nao-sao-candidatas-apenas-para-cumprir-cotas-diz-ana-paula-matos\/","name":"\"Aqui no PDT, as mulheres n\u00e3o s\u00e3o candidatas apenas para cumprir cotas\", diz Ana Paula Matos - Brasil not\u00edcias","isPartOf":{"@id":"https:\/\/brasilnoticias.org\/site\/#website"},"primaryImageOfPage":{"@id":"https:\/\/brasilnoticias.org\/site\/aqui-no-pdt-as-mulheres-nao-sao-candidatas-apenas-para-cumprir-cotas-diz-ana-paula-matos\/#primaryimage"},"image":{"@id":"https:\/\/brasilnoticias.org\/site\/aqui-no-pdt-as-mulheres-nao-sao-candidatas-apenas-para-cumprir-cotas-diz-ana-paula-matos\/#primaryimage"},"thumbnailUrl":"https:\/\/brasilnoticias.org\/site\/wp-content\/uploads\/2024\/08\/IMAGEM_NOTICIA_0-12.jpg","datePublished":"2024-08-21T19:00:29+00:00","breadcrumb":{"@id":"https:\/\/brasilnoticias.org\/site\/aqui-no-pdt-as-mulheres-nao-sao-candidatas-apenas-para-cumprir-cotas-diz-ana-paula-matos\/#breadcrumb"},"inLanguage":"pt-PT","potentialAction":[{"@type":"ReadAction","target":["https:\/\/brasilnoticias.org\/site\/aqui-no-pdt-as-mulheres-nao-sao-candidatas-apenas-para-cumprir-cotas-diz-ana-paula-matos\/"]}]},{"@type":"ImageObject","inLanguage":"pt-PT","@id":"https:\/\/brasilnoticias.org\/site\/aqui-no-pdt-as-mulheres-nao-sao-candidatas-apenas-para-cumprir-cotas-diz-ana-paula-matos\/#primaryimage","url":"https:\/\/brasilnoticias.org\/site\/wp-content\/uploads\/2024\/08\/IMAGEM_NOTICIA_0-12.jpg","contentUrl":"https:\/\/brasilnoticias.org\/site\/wp-content\/uploads\/2024\/08\/IMAGEM_NOTICIA_0-12.jpg","width":850,"height":400},{"@type":"BreadcrumbList","@id":"https:\/\/brasilnoticias.org\/site\/aqui-no-pdt-as-mulheres-nao-sao-candidatas-apenas-para-cumprir-cotas-diz-ana-paula-matos\/#breadcrumb","itemListElement":[{"@type":"ListItem","position":1,"name":"In\u00edcio","item":"https:\/\/brasilnoticias.org\/site\/"},{"@type":"ListItem","position":2,"name":"&#8220;Aqui no PDT, as mulheres n\u00e3o s\u00e3o candidatas apenas para cumprir cotas&#8221;, diz Ana Paula Matos"}]},{"@type":"WebSite","@id":"https:\/\/brasilnoticias.org\/site\/#website","url":"https:\/\/brasilnoticias.org\/site\/","name":"Brasil not\u00edcias","description":"Brasil not\u00edcias","publisher":{"@id":"https:\/\/brasilnoticias.org\/site\/#organization"},"potentialAction":[{"@type":"SearchAction","target":{"@type":"EntryPoint","urlTemplate":"https:\/\/brasilnoticias.org\/site\/?s={search_term_string}"},"query-input":{"@type":"PropertyValueSpecification","valueRequired":true,"valueName":"search_term_string"}}],"inLanguage":"pt-PT"},{"@type":"Organization","@id":"https:\/\/brasilnoticias.org\/site\/#organization","name":"Brasil not\u00edcias","url":"https:\/\/brasilnoticias.org\/site\/","logo":{"@type":"ImageObject","inLanguage":"pt-PT","@id":"https:\/\/brasilnoticias.org\/site\/#\/schema\/logo\/image\/","url":"https:\/\/brasilnoticias.org\/site\/wp-content\/uploads\/2022\/05\/cropped-brasilnoticias-mini.jpg","contentUrl":"https:\/\/brasilnoticias.org\/site\/wp-content\/uploads\/2022\/05\/cropped-brasilnoticias-mini.jpg","width":314,"height":86,"caption":"Brasil not\u00edcias"},"image":{"@id":"https:\/\/brasilnoticias.org\/site\/#\/schema\/logo\/image\/"}},{"@type":"Person","@id":"https:\/\/brasilnoticias.org\/site\/#\/schema\/person\/03bbbfe6c7634ad18c26444ea39049fa","name":"Reda\u00e7\u00e3o","image":{"@type":"ImageObject","inLanguage":"pt-PT","@id":"https:\/\/brasilnoticias.org\/site\/#\/schema\/person\/image\/","url":"https:\/\/secure.gravatar.com\/avatar\/9ecaf7327a696cb23ad926fedded5f1f04d7049de9e445375d55b48c001a6e42?s=96&d=mm&r=g","contentUrl":"https:\/\/secure.gravatar.com\/avatar\/9ecaf7327a696cb23ad926fedded5f1f04d7049de9e445375d55b48c001a6e42?s=96&d=mm&r=g","caption":"Reda\u00e7\u00e3o"},"url":"https:\/\/brasilnoticias.org\/site\/author\/henrique\/"}]}},"_links":{"self":[{"href":"https:\/\/brasilnoticias.org\/site\/wp-json\/wp\/v2\/posts\/15602","targetHints":{"allow":["GET"]}}],"collection":[{"href":"https:\/\/brasilnoticias.org\/site\/wp-json\/wp\/v2\/posts"}],"about":[{"href":"https:\/\/brasilnoticias.org\/site\/wp-json\/wp\/v2\/types\/post"}],"author":[{"embeddable":true,"href":"https:\/\/brasilnoticias.org\/site\/wp-json\/wp\/v2\/users\/4"}],"replies":[{"embeddable":true,"href":"https:\/\/brasilnoticias.org\/site\/wp-json\/wp\/v2\/comments?post=15602"}],"version-history":[{"count":1,"href":"https:\/\/brasilnoticias.org\/site\/wp-json\/wp\/v2\/posts\/15602\/revisions"}],"predecessor-version":[{"id":15604,"href":"https:\/\/brasilnoticias.org\/site\/wp-json\/wp\/v2\/posts\/15602\/revisions\/15604"}],"wp:featuredmedia":[{"embeddable":true,"href":"https:\/\/brasilnoticias.org\/site\/wp-json\/wp\/v2\/media\/15603"}],"wp:attachment":[{"href":"https:\/\/brasilnoticias.org\/site\/wp-json\/wp\/v2\/media?parent=15602"}],"wp:term":[{"taxonomy":"category","embeddable":true,"href":"https:\/\/brasilnoticias.org\/site\/wp-json\/wp\/v2\/categories?post=15602"},{"taxonomy":"post_tag","embeddable":true,"href":"https:\/\/brasilnoticias.org\/site\/wp-json\/wp\/v2\/tags?post=15602"}],"curies":[{"name":"wp","href":"https:\/\/api.w.org\/{rel}","templated":true}]}}