{"id":15608,"date":"2024-08-21T16:06:04","date_gmt":"2024-08-21T19:06:04","guid":{"rendered":"https:\/\/brasilnoticias.org\/site\/?p=15608"},"modified":"2024-08-21T16:06:04","modified_gmt":"2024-08-21T19:06:04","slug":"em-inauguracao-de-comite-ze-neto-defende-que-feira-precisa-voltar-a-ser-princesa-do-sertao","status":"publish","type":"post","link":"https:\/\/brasilnoticias.org\/site\/em-inauguracao-de-comite-ze-neto-defende-que-feira-precisa-voltar-a-ser-princesa-do-sertao\/","title":{"rendered":"Em inaugura\u00e7\u00e3o de comit\u00ea, Z\u00e9 Neto defende que \u2018Feira precisa voltar a ser Princesa do Sert\u00e3o\u2019"},"content":{"rendered":"<p>O candidato a prefeito da coliga\u00e7\u00e3o Pra Fazer o Futuro Acontecer, Z\u00e9 Neto, defendeu na noite desta segunda-feira (19) durante a inaugura\u00e7\u00e3o do Comit\u00ea Central da campanha majorit\u00e1ria, que \u201cFeira de Santana precisa voltar a ser bela, a ser Princesa do Sert\u00e3o que todos n\u00f3s conhecemos e temos essa responsabilidade grande com a cidade\u201d. <\/p>\n<p>Ainda, como afirmou Z\u00e9 Neto, \u201co momento da mudan\u00e7a, de comportamento chegou e Feira vai ter muito mais com essa uni\u00e3o fazendo o futuro acontecer\u201d. <\/p>\n<p>J\u00e1 o candidato a vice-prefeito, Sandro Nazireu, destacou que \u201co Brasil passar\u00e1 por uma transi\u00e7\u00e3o pol\u00edtica que come\u00e7ar\u00e1 por Feira\u201d. Ele assegurou ainda que ele e Z\u00e9 Neto \u201cv\u00e3o fazer com que a Princesa do Sert\u00e3o, que est\u00e1 triste, sofrendo e maltratada, volte a sorrir de novo\u201d. <\/p>\n<p>Al\u00e9m de centenas de militantes e apoiadores, a inaugura\u00e7\u00e3o do comit\u00ea, que passa a funcionar na Avenida Get\u00falio Vargas, n\u00b0 572 (na antiga FAT e ao lado da farm\u00e1cia Pague Menos), contou com a presen\u00e7a do coordenador geral, Felipe Freitas; do secret\u00e1rio de Desenvolvimento Econ\u00f4mico da Bahia, Angelo Almeida; dos deputados federais Elis\u00e2ngela Ara\u00fajo, M\u00e1rio Negromonte Jr. e Pastor Sargento Isid\u00f3rio; presidentes municipais dos 12 partidos da base aliada; candidatos (as) a vereador(a) e a imprensa. <\/p>\n<p>VISITAS AO MERCADO DE ARTE E EMPRESAS <\/p>\n<p>Antes de inaugurar o comit\u00ea, Z\u00e9 Neto visitou, pela manh\u00e3, o Mercado de Arte Popular (MAP), o qual, segundo ele, \u201c\u00e9 um importante vetor para o desenvolvimento tur\u00edstico, hist\u00f3rico, social e cultural de Feira, que necessita de a\u00e7\u00f5es permanentes de fomento para atrair mais pessoas\u201d. \u00c0 tarde, dialogou com mais de 200 trabalhadores(as) da Distribuidora Armaz\u00e9m Cosm\u00e9ticos, que funciona h\u00e1 oito anos no bairro Feira VI e atende aos estados da Bahia e Sergipe. No in\u00edcio da noite, se reuniu com funcion\u00e1rios(as) da maior rede de cal\u00e7ados da Bahia, com sede em Feira e filiais em Alagoinhas, Serrinha, Itaberaba, Concei\u00e7\u00e3o do Coit\u00e9, Santo Ant\u00f4nio de Jesus, Cama\u00e7ari e Itabuna. <\/p>\n<p>Foto: Paulo Amaral\/Rebeca Aroca<\/p>\n","protected":false},"excerpt":{"rendered":"<p>O candidato a prefeito da coliga\u00e7\u00e3o Pra Fazer o Futuro Acontecer, Z\u00e9 Neto, defendeu na noite desta segunda-feira (19) durante<\/p>\n","protected":false},"author":4,"featured_media":15609,"comment_status":"open","ping_status":"open","sticky":false,"template":"","format":"standard","meta":{"colormag_page_container_layout":"default_layout","colormag_page_sidebar_layout":"default_layout","_FSMCFIC_featured_image_caption":"","_FSMCFIC_featured_image_nocaption":"","_FSMCFIC_featured_image_hide":"","footnotes":""},"categories":[5,1],"tags":[],"class_list":["post-15608","post","type-post","status-publish","format-standard","has-post-thumbnail","hentry","category-politica","category-ultimas"],"yoast_head":"<!-- This site is optimized with the Yoast SEO plugin v27.1.1 - https:\/\/yoast.com\/product\/yoast-seo-wordpress\/ -->\n<title>Em inaugura\u00e7\u00e3o de comit\u00ea, Z\u00e9 Neto defende que \u2018Feira precisa voltar a ser Princesa do Sert\u00e3o\u2019 - Brasil not\u00edcias<\/title>\n<meta name=\"robots\" content=\"index, follow, max-snippet:-1, max-image-preview:large, max-video-preview:-1\" \/>\n<link rel=\"canonical\" href=\"https:\/\/brasilnoticias.org\/site\/em-inauguracao-de-comite-ze-neto-defende-que-feira-precisa-voltar-a-ser-princesa-do-sertao\/\" \/>\n<meta property=\"og:locale\" content=\"pt_PT\" \/>\n<meta property=\"og:type\" content=\"article\" \/>\n<meta property=\"og:title\" content=\"Em inaugura\u00e7\u00e3o de comit\u00ea, Z\u00e9 Neto defende que \u2018Feira precisa voltar a ser Princesa do Sert\u00e3o\u2019 - Brasil not\u00edcias\" \/>\n<meta property=\"og:description\" content=\"O candidato a prefeito da coliga\u00e7\u00e3o Pra Fazer o Futuro Acontecer, Z\u00e9 Neto, defendeu na noite desta segunda-feira (19) durante\" \/>\n<meta property=\"og:url\" content=\"https:\/\/brasilnoticias.org\/site\/em-inauguracao-de-comite-ze-neto-defende-que-feira-precisa-voltar-a-ser-princesa-do-sertao\/\" \/>\n<meta property=\"og:site_name\" content=\"Brasil not\u00edcias\" \/>\n<meta property=\"article:published_time\" content=\"2024-08-21T19:06:04+00:00\" \/>\n<meta property=\"og:image\" content=\"https:\/\/brasilnoticias.org\/site\/wp-content\/uploads\/2024\/08\/IMAGEM_NOTICIA_0-2-2.jpg\" \/>\n\t<meta property=\"og:image:width\" content=\"850\" \/>\n\t<meta property=\"og:image:height\" content=\"400\" \/>\n\t<meta property=\"og:image:type\" content=\"image\/jpeg\" \/>\n<meta name=\"author\" content=\"Reda\u00e7\u00e3o\" \/>\n<meta name=\"twitter:card\" content=\"summary_large_image\" \/>\n<meta name=\"twitter:label1\" content=\"Escrito por\" \/>\n\t<meta name=\"twitter:data1\" content=\"Reda\u00e7\u00e3o\" \/>\n\t<meta name=\"twitter:label2\" content=\"Tempo estimado de leitura\" \/>\n\t<meta name=\"twitter:data2\" content=\"1 minuto\" \/>\n<script type=\"application\/ld+json\" class=\"yoast-schema-graph\">{\"@context\":\"https:\/\/schema.org\",\"@graph\":[{\"@type\":\"Article\",\"@id\":\"https:\/\/brasilnoticias.org\/site\/em-inauguracao-de-comite-ze-neto-defende-que-feira-precisa-voltar-a-ser-princesa-do-sertao\/#article\",\"isPartOf\":{\"@id\":\"https:\/\/brasilnoticias.org\/site\/em-inauguracao-de-comite-ze-neto-defende-que-feira-precisa-voltar-a-ser-princesa-do-sertao\/\"},\"author\":{\"name\":\"Reda\u00e7\u00e3o\",\"@id\":\"https:\/\/brasilnoticias.org\/site\/#\/schema\/person\/03bbbfe6c7634ad18c26444ea39049fa\"},\"headline\":\"Em inaugura\u00e7\u00e3o de comit\u00ea, Z\u00e9 Neto defende que \u2018Feira precisa voltar a ser Princesa do Sert\u00e3o\u2019\",\"datePublished\":\"2024-08-21T19:06:04+00:00\",\"mainEntityOfPage\":{\"@id\":\"https:\/\/brasilnoticias.org\/site\/em-inauguracao-de-comite-ze-neto-defende-que-feira-precisa-voltar-a-ser-princesa-do-sertao\/\"},\"wordCount\":372,\"commentCount\":0,\"publisher\":{\"@id\":\"https:\/\/brasilnoticias.org\/site\/#organization\"},\"image\":{\"@id\":\"https:\/\/brasilnoticias.org\/site\/em-inauguracao-de-comite-ze-neto-defende-que-feira-precisa-voltar-a-ser-princesa-do-sertao\/#primaryimage\"},\"thumbnailUrl\":\"https:\/\/brasilnoticias.org\/site\/wp-content\/uploads\/2024\/08\/IMAGEM_NOTICIA_0-2-2.jpg\",\"articleSection\":[\"Pol\u00edtica\",\"\u00daltimas\"],\"inLanguage\":\"pt-PT\",\"potentialAction\":[{\"@type\":\"CommentAction\",\"name\":\"Comment\",\"target\":[\"https:\/\/brasilnoticias.org\/site\/em-inauguracao-de-comite-ze-neto-defende-que-feira-precisa-voltar-a-ser-princesa-do-sertao\/#respond\"]}]},{\"@type\":\"WebPage\",\"@id\":\"https:\/\/brasilnoticias.org\/site\/em-inauguracao-de-comite-ze-neto-defende-que-feira-precisa-voltar-a-ser-princesa-do-sertao\/\",\"url\":\"https:\/\/brasilnoticias.org\/site\/em-inauguracao-de-comite-ze-neto-defende-que-feira-precisa-voltar-a-ser-princesa-do-sertao\/\",\"name\":\"Em inaugura\u00e7\u00e3o de comit\u00ea, Z\u00e9 Neto defende que \u2018Feira precisa voltar a ser Princesa do Sert\u00e3o\u2019 - Brasil not\u00edcias\",\"isPartOf\":{\"@id\":\"https:\/\/brasilnoticias.org\/site\/#website\"},\"primaryImageOfPage\":{\"@id\":\"https:\/\/brasilnoticias.org\/site\/em-inauguracao-de-comite-ze-neto-defende-que-feira-precisa-voltar-a-ser-princesa-do-sertao\/#primaryimage\"},\"image\":{\"@id\":\"https:\/\/brasilnoticias.org\/site\/em-inauguracao-de-comite-ze-neto-defende-que-feira-precisa-voltar-a-ser-princesa-do-sertao\/#primaryimage\"},\"thumbnailUrl\":\"https:\/\/brasilnoticias.org\/site\/wp-content\/uploads\/2024\/08\/IMAGEM_NOTICIA_0-2-2.jpg\",\"datePublished\":\"2024-08-21T19:06:04+00:00\",\"breadcrumb\":{\"@id\":\"https:\/\/brasilnoticias.org\/site\/em-inauguracao-de-comite-ze-neto-defende-que-feira-precisa-voltar-a-ser-princesa-do-sertao\/#breadcrumb\"},\"inLanguage\":\"pt-PT\",\"potentialAction\":[{\"@type\":\"ReadAction\",\"target\":[\"https:\/\/brasilnoticias.org\/site\/em-inauguracao-de-comite-ze-neto-defende-que-feira-precisa-voltar-a-ser-princesa-do-sertao\/\"]}]},{\"@type\":\"ImageObject\",\"inLanguage\":\"pt-PT\",\"@id\":\"https:\/\/brasilnoticias.org\/site\/em-inauguracao-de-comite-ze-neto-defende-que-feira-precisa-voltar-a-ser-princesa-do-sertao\/#primaryimage\",\"url\":\"https:\/\/brasilnoticias.org\/site\/wp-content\/uploads\/2024\/08\/IMAGEM_NOTICIA_0-2-2.jpg\",\"contentUrl\":\"https:\/\/brasilnoticias.org\/site\/wp-content\/uploads\/2024\/08\/IMAGEM_NOTICIA_0-2-2.jpg\",\"width\":850,\"height\":400},{\"@type\":\"BreadcrumbList\",\"@id\":\"https:\/\/brasilnoticias.org\/site\/em-inauguracao-de-comite-ze-neto-defende-que-feira-precisa-voltar-a-ser-princesa-do-sertao\/#breadcrumb\",\"itemListElement\":[{\"@type\":\"ListItem\",\"position\":1,\"name\":\"In\u00edcio\",\"item\":\"https:\/\/brasilnoticias.org\/site\/\"},{\"@type\":\"ListItem\",\"position\":2,\"name\":\"Em inaugura\u00e7\u00e3o de comit\u00ea, Z\u00e9 Neto defende que \u2018Feira precisa voltar a ser Princesa do Sert\u00e3o\u2019\"}]},{\"@type\":\"WebSite\",\"@id\":\"https:\/\/brasilnoticias.org\/site\/#website\",\"url\":\"https:\/\/brasilnoticias.org\/site\/\",\"name\":\"Brasil not\u00edcias\",\"description\":\"Brasil not\u00edcias\",\"publisher\":{\"@id\":\"https:\/\/brasilnoticias.org\/site\/#organization\"},\"potentialAction\":[{\"@type\":\"SearchAction\",\"target\":{\"@type\":\"EntryPoint\",\"urlTemplate\":\"https:\/\/brasilnoticias.org\/site\/?s={search_term_string}\"},\"query-input\":{\"@type\":\"PropertyValueSpecification\",\"valueRequired\":true,\"valueName\":\"search_term_string\"}}],\"inLanguage\":\"pt-PT\"},{\"@type\":\"Organization\",\"@id\":\"https:\/\/brasilnoticias.org\/site\/#organization\",\"name\":\"Brasil not\u00edcias\",\"url\":\"https:\/\/brasilnoticias.org\/site\/\",\"logo\":{\"@type\":\"ImageObject\",\"inLanguage\":\"pt-PT\",\"@id\":\"https:\/\/brasilnoticias.org\/site\/#\/schema\/logo\/image\/\",\"url\":\"https:\/\/brasilnoticias.org\/site\/wp-content\/uploads\/2022\/05\/cropped-brasilnoticias-mini.jpg\",\"contentUrl\":\"https:\/\/brasilnoticias.org\/site\/wp-content\/uploads\/2022\/05\/cropped-brasilnoticias-mini.jpg\",\"width\":314,\"height\":86,\"caption\":\"Brasil not\u00edcias\"},\"image\":{\"@id\":\"https:\/\/brasilnoticias.org\/site\/#\/schema\/logo\/image\/\"}},{\"@type\":\"Person\",\"@id\":\"https:\/\/brasilnoticias.org\/site\/#\/schema\/person\/03bbbfe6c7634ad18c26444ea39049fa\",\"name\":\"Reda\u00e7\u00e3o\",\"image\":{\"@type\":\"ImageObject\",\"inLanguage\":\"pt-PT\",\"@id\":\"https:\/\/brasilnoticias.org\/site\/#\/schema\/person\/image\/\",\"url\":\"https:\/\/secure.gravatar.com\/avatar\/9ecaf7327a696cb23ad926fedded5f1f04d7049de9e445375d55b48c001a6e42?s=96&d=mm&r=g\",\"contentUrl\":\"https:\/\/secure.gravatar.com\/avatar\/9ecaf7327a696cb23ad926fedded5f1f04d7049de9e445375d55b48c001a6e42?s=96&d=mm&r=g\",\"caption\":\"Reda\u00e7\u00e3o\"},\"url\":\"https:\/\/brasilnoticias.org\/site\/author\/henrique\/\"}]}<\/script>\n<!-- \/ Yoast SEO plugin. -->","yoast_head_json":{"title":"Em inaugura\u00e7\u00e3o de comit\u00ea, Z\u00e9 Neto defende que \u2018Feira precisa voltar a ser Princesa do Sert\u00e3o\u2019 - Brasil not\u00edcias","robots":{"index":"index","follow":"follow","max-snippet":"max-snippet:-1","max-image-preview":"max-image-preview:large","max-video-preview":"max-video-preview:-1"},"canonical":"https:\/\/brasilnoticias.org\/site\/em-inauguracao-de-comite-ze-neto-defende-que-feira-precisa-voltar-a-ser-princesa-do-sertao\/","og_locale":"pt_PT","og_type":"article","og_title":"Em inaugura\u00e7\u00e3o de comit\u00ea, Z\u00e9 Neto defende que \u2018Feira precisa voltar a ser Princesa do Sert\u00e3o\u2019 - Brasil not\u00edcias","og_description":"O candidato a prefeito da coliga\u00e7\u00e3o Pra Fazer o Futuro Acontecer, Z\u00e9 Neto, defendeu na noite desta segunda-feira (19) durante","og_url":"https:\/\/brasilnoticias.org\/site\/em-inauguracao-de-comite-ze-neto-defende-que-feira-precisa-voltar-a-ser-princesa-do-sertao\/","og_site_name":"Brasil not\u00edcias","article_published_time":"2024-08-21T19:06:04+00:00","og_image":[{"width":850,"height":400,"url":"https:\/\/brasilnoticias.org\/site\/wp-content\/uploads\/2024\/08\/IMAGEM_NOTICIA_0-2-2.jpg","type":"image\/jpeg"}],"author":"Reda\u00e7\u00e3o","twitter_card":"summary_large_image","twitter_misc":{"Escrito por":"Reda\u00e7\u00e3o","Tempo estimado de leitura":"1 minuto"},"schema":{"@context":"https:\/\/schema.org","@graph":[{"@type":"Article","@id":"https:\/\/brasilnoticias.org\/site\/em-inauguracao-de-comite-ze-neto-defende-que-feira-precisa-voltar-a-ser-princesa-do-sertao\/#article","isPartOf":{"@id":"https:\/\/brasilnoticias.org\/site\/em-inauguracao-de-comite-ze-neto-defende-que-feira-precisa-voltar-a-ser-princesa-do-sertao\/"},"author":{"name":"Reda\u00e7\u00e3o","@id":"https:\/\/brasilnoticias.org\/site\/#\/schema\/person\/03bbbfe6c7634ad18c26444ea39049fa"},"headline":"Em inaugura\u00e7\u00e3o de comit\u00ea, Z\u00e9 Neto defende que \u2018Feira precisa voltar a ser Princesa do Sert\u00e3o\u2019","datePublished":"2024-08-21T19:06:04+00:00","mainEntityOfPage":{"@id":"https:\/\/brasilnoticias.org\/site\/em-inauguracao-de-comite-ze-neto-defende-que-feira-precisa-voltar-a-ser-princesa-do-sertao\/"},"wordCount":372,"commentCount":0,"publisher":{"@id":"https:\/\/brasilnoticias.org\/site\/#organization"},"image":{"@id":"https:\/\/brasilnoticias.org\/site\/em-inauguracao-de-comite-ze-neto-defende-que-feira-precisa-voltar-a-ser-princesa-do-sertao\/#primaryimage"},"thumbnailUrl":"https:\/\/brasilnoticias.org\/site\/wp-content\/uploads\/2024\/08\/IMAGEM_NOTICIA_0-2-2.jpg","articleSection":["Pol\u00edtica","\u00daltimas"],"inLanguage":"pt-PT","potentialAction":[{"@type":"CommentAction","name":"Comment","target":["https:\/\/brasilnoticias.org\/site\/em-inauguracao-de-comite-ze-neto-defende-que-feira-precisa-voltar-a-ser-princesa-do-sertao\/#respond"]}]},{"@type":"WebPage","@id":"https:\/\/brasilnoticias.org\/site\/em-inauguracao-de-comite-ze-neto-defende-que-feira-precisa-voltar-a-ser-princesa-do-sertao\/","url":"https:\/\/brasilnoticias.org\/site\/em-inauguracao-de-comite-ze-neto-defende-que-feira-precisa-voltar-a-ser-princesa-do-sertao\/","name":"Em inaugura\u00e7\u00e3o de comit\u00ea, Z\u00e9 Neto defende que \u2018Feira precisa voltar a ser Princesa do Sert\u00e3o\u2019 - Brasil not\u00edcias","isPartOf":{"@id":"https:\/\/brasilnoticias.org\/site\/#website"},"primaryImageOfPage":{"@id":"https:\/\/brasilnoticias.org\/site\/em-inauguracao-de-comite-ze-neto-defende-que-feira-precisa-voltar-a-ser-princesa-do-sertao\/#primaryimage"},"image":{"@id":"https:\/\/brasilnoticias.org\/site\/em-inauguracao-de-comite-ze-neto-defende-que-feira-precisa-voltar-a-ser-princesa-do-sertao\/#primaryimage"},"thumbnailUrl":"https:\/\/brasilnoticias.org\/site\/wp-content\/uploads\/2024\/08\/IMAGEM_NOTICIA_0-2-2.jpg","datePublished":"2024-08-21T19:06:04+00:00","breadcrumb":{"@id":"https:\/\/brasilnoticias.org\/site\/em-inauguracao-de-comite-ze-neto-defende-que-feira-precisa-voltar-a-ser-princesa-do-sertao\/#breadcrumb"},"inLanguage":"pt-PT","potentialAction":[{"@type":"ReadAction","target":["https:\/\/brasilnoticias.org\/site\/em-inauguracao-de-comite-ze-neto-defende-que-feira-precisa-voltar-a-ser-princesa-do-sertao\/"]}]},{"@type":"ImageObject","inLanguage":"pt-PT","@id":"https:\/\/brasilnoticias.org\/site\/em-inauguracao-de-comite-ze-neto-defende-que-feira-precisa-voltar-a-ser-princesa-do-sertao\/#primaryimage","url":"https:\/\/brasilnoticias.org\/site\/wp-content\/uploads\/2024\/08\/IMAGEM_NOTICIA_0-2-2.jpg","contentUrl":"https:\/\/brasilnoticias.org\/site\/wp-content\/uploads\/2024\/08\/IMAGEM_NOTICIA_0-2-2.jpg","width":850,"height":400},{"@type":"BreadcrumbList","@id":"https:\/\/brasilnoticias.org\/site\/em-inauguracao-de-comite-ze-neto-defende-que-feira-precisa-voltar-a-ser-princesa-do-sertao\/#breadcrumb","itemListElement":[{"@type":"ListItem","position":1,"name":"In\u00edcio","item":"https:\/\/brasilnoticias.org\/site\/"},{"@type":"ListItem","position":2,"name":"Em inaugura\u00e7\u00e3o de comit\u00ea, Z\u00e9 Neto defende que \u2018Feira precisa voltar a ser Princesa do Sert\u00e3o\u2019"}]},{"@type":"WebSite","@id":"https:\/\/brasilnoticias.org\/site\/#website","url":"https:\/\/brasilnoticias.org\/site\/","name":"Brasil not\u00edcias","description":"Brasil not\u00edcias","publisher":{"@id":"https:\/\/brasilnoticias.org\/site\/#organization"},"potentialAction":[{"@type":"SearchAction","target":{"@type":"EntryPoint","urlTemplate":"https:\/\/brasilnoticias.org\/site\/?s={search_term_string}"},"query-input":{"@type":"PropertyValueSpecification","valueRequired":true,"valueName":"search_term_string"}}],"inLanguage":"pt-PT"},{"@type":"Organization","@id":"https:\/\/brasilnoticias.org\/site\/#organization","name":"Brasil not\u00edcias","url":"https:\/\/brasilnoticias.org\/site\/","logo":{"@type":"ImageObject","inLanguage":"pt-PT","@id":"https:\/\/brasilnoticias.org\/site\/#\/schema\/logo\/image\/","url":"https:\/\/brasilnoticias.org\/site\/wp-content\/uploads\/2022\/05\/cropped-brasilnoticias-mini.jpg","contentUrl":"https:\/\/brasilnoticias.org\/site\/wp-content\/uploads\/2022\/05\/cropped-brasilnoticias-mini.jpg","width":314,"height":86,"caption":"Brasil not\u00edcias"},"image":{"@id":"https:\/\/brasilnoticias.org\/site\/#\/schema\/logo\/image\/"}},{"@type":"Person","@id":"https:\/\/brasilnoticias.org\/site\/#\/schema\/person\/03bbbfe6c7634ad18c26444ea39049fa","name":"Reda\u00e7\u00e3o","image":{"@type":"ImageObject","inLanguage":"pt-PT","@id":"https:\/\/brasilnoticias.org\/site\/#\/schema\/person\/image\/","url":"https:\/\/secure.gravatar.com\/avatar\/9ecaf7327a696cb23ad926fedded5f1f04d7049de9e445375d55b48c001a6e42?s=96&d=mm&r=g","contentUrl":"https:\/\/secure.gravatar.com\/avatar\/9ecaf7327a696cb23ad926fedded5f1f04d7049de9e445375d55b48c001a6e42?s=96&d=mm&r=g","caption":"Reda\u00e7\u00e3o"},"url":"https:\/\/brasilnoticias.org\/site\/author\/henrique\/"}]}},"_links":{"self":[{"href":"https:\/\/brasilnoticias.org\/site\/wp-json\/wp\/v2\/posts\/15608","targetHints":{"allow":["GET"]}}],"collection":[{"href":"https:\/\/brasilnoticias.org\/site\/wp-json\/wp\/v2\/posts"}],"about":[{"href":"https:\/\/brasilnoticias.org\/site\/wp-json\/wp\/v2\/types\/post"}],"author":[{"embeddable":true,"href":"https:\/\/brasilnoticias.org\/site\/wp-json\/wp\/v2\/users\/4"}],"replies":[{"embeddable":true,"href":"https:\/\/brasilnoticias.org\/site\/wp-json\/wp\/v2\/comments?post=15608"}],"version-history":[{"count":1,"href":"https:\/\/brasilnoticias.org\/site\/wp-json\/wp\/v2\/posts\/15608\/revisions"}],"predecessor-version":[{"id":15610,"href":"https:\/\/brasilnoticias.org\/site\/wp-json\/wp\/v2\/posts\/15608\/revisions\/15610"}],"wp:featuredmedia":[{"embeddable":true,"href":"https:\/\/brasilnoticias.org\/site\/wp-json\/wp\/v2\/media\/15609"}],"wp:attachment":[{"href":"https:\/\/brasilnoticias.org\/site\/wp-json\/wp\/v2\/media?parent=15608"}],"wp:term":[{"taxonomy":"category","embeddable":true,"href":"https:\/\/brasilnoticias.org\/site\/wp-json\/wp\/v2\/categories?post=15608"},{"taxonomy":"post_tag","embeddable":true,"href":"https:\/\/brasilnoticias.org\/site\/wp-json\/wp\/v2\/tags?post=15608"}],"curies":[{"name":"wp","href":"https:\/\/api.w.org\/{rel}","templated":true}]}}