{"id":15614,"date":"2024-08-21T16:11:39","date_gmt":"2024-08-21T19:11:39","guid":{"rendered":"https:\/\/brasilnoticias.org\/site\/?p=15614"},"modified":"2024-08-21T16:11:39","modified_gmt":"2024-08-21T19:11:39","slug":"sob-governo-lula-amazonia-tem-pior-temporada-de-queimadas-em-17-anos-fumaca-se-espalha-e-afeta-10-estados","status":"publish","type":"post","link":"https:\/\/brasilnoticias.org\/site\/sob-governo-lula-amazonia-tem-pior-temporada-de-queimadas-em-17-anos-fumaca-se-espalha-e-afeta-10-estados\/","title":{"rendered":"Sob Governo Lula, Amaz\u00f4nia tem pior temporada de queimadas em 17 anos; fuma\u00e7a se espalha e afeta 10 Estados"},"content":{"rendered":"<p>O c\u00e9u cinza e o ar irrespir\u00e1vel refletem as chamas que consomem a Amaz\u00f4nia, que enfrenta o maior n\u00famero de focos de inc\u00eandio dos \u00faltimos 17 anos. Essa situa\u00e7\u00e3o se agrava com os inc\u00eandios no Norte do Brasil e a seca que atinge mais de mil cidades brasileiras.<\/p>\n<p>Especialistas alertam que a fuma\u00e7a, j\u00e1 espalhada por dez estados, continuar\u00e1 pairando sobre o pa\u00eds at\u00e9 o final da semana.<\/p>\n<p>A Amaz\u00f4nia registrou 59 mil focos de inc\u00eandio de janeiro at\u00e9 agora, o maior n\u00famero desde 2008, e a tend\u00eancia \u00e9 de aumento, uma vez que agosto ainda n\u00e3o terminou. Essa fuma\u00e7a percorre milhares de quil\u00f4metros, agravando a situa\u00e7\u00e3o em outras regi\u00f5es.<\/p>\n<p>O Pantanal, Rond\u00f4nia, com as queimadas no Parque Guajar\u00e1-Mirim, e a Bol\u00edvia tamb\u00e9m contribuem para a densa camada cinza que se espalha pelo pa\u00eds, formando um \u201ccorredor de fuma\u00e7a\u201d.<\/p>\n<p>At\u00e9 o momento, h\u00e1 registros de fuma\u00e7a no Rio Grande do Sul, Santa Catarina, Mato Grosso do Sul, Mato Grosso, Acre, Rond\u00f4nia, Oeste do Paran\u00e1, partes de Minas Gerais, trechos de S\u00e3o Paulo e Amazonas. A expectativa \u00e9 que a situa\u00e7\u00e3o piore a partir desta quarta-feira (21), com a chegada de uma frente fria.<\/p>\n<p>A principal causa \u00e9 a intensidade do fogo. Somente em agosto, foram mais de 22 mil focos de inc\u00eandio na Amaz\u00f4nia Legal, quase o dobro do registrado no mesmo per\u00edodo do ano passado. Este \u00e9 o pior cen\u00e1rio para a floresta em 17 anos.<\/p>\n<p>A seca, que serve como combust\u00edvel para os inc\u00eandios, intensifica a situa\u00e7\u00e3o. Normalmente, a estiagem ocorre entre agosto e outubro, com pico em setembro, mas neste ano come\u00e7ou mais cedo, em julho, devido ao El Ni\u00f1o e ao aquecimento do Atl\u00e2ntico, que reduzem a umidade e as chuvas no pa\u00eds, agravadas pelo aquecimento global.<\/p>\n<p>De acordo com o Cemaden, mais de mil cidades enfrentam situa\u00e7\u00e3o de seca, de severa a moderada, com mais de 60% dos munic\u00edpios da Amaz\u00f4nia inclu\u00eddos nessa classifica\u00e7\u00e3o. Esse cen\u00e1rio torna o territ\u00f3rio mais suscet\u00edvel ao fogo e \u00e0 expans\u00e3o dos inc\u00eandios, antecipando o per\u00edodo cr\u00edtico de queimadas, cuja dura\u00e7\u00e3o \u00e9 incerta.<\/p>\n<p>Informa\u00e7\u00f5es da Gazeta Brasil \/ Foto: Fernando Fraz\u00e3o\/Ag\u00eancia Brasil<\/p>\n","protected":false},"excerpt":{"rendered":"<p>O c\u00e9u cinza e o ar irrespir\u00e1vel refletem as chamas que consomem a Amaz\u00f4nia, que enfrenta o maior n\u00famero de<\/p>\n","protected":false},"author":4,"featured_media":15615,"comment_status":"open","ping_status":"open","sticky":false,"template":"","format":"standard","meta":{"colormag_page_container_layout":"default_layout","colormag_page_sidebar_layout":"default_layout","_FSMCFIC_featured_image_caption":"","_FSMCFIC_featured_image_nocaption":"","_FSMCFIC_featured_image_hide":"","footnotes":""},"categories":[5,1],"tags":[],"class_list":["post-15614","post","type-post","status-publish","format-standard","has-post-thumbnail","hentry","category-politica","category-ultimas"],"yoast_head":"<!-- This site is optimized with the Yoast SEO plugin v27.1.1 - https:\/\/yoast.com\/product\/yoast-seo-wordpress\/ -->\n<title>Sob Governo Lula, Amaz\u00f4nia tem pior temporada de queimadas em 17 anos; fuma\u00e7a se espalha e afeta 10 Estados - Brasil not\u00edcias<\/title>\n<meta name=\"robots\" content=\"index, follow, max-snippet:-1, max-image-preview:large, max-video-preview:-1\" \/>\n<link rel=\"canonical\" href=\"https:\/\/brasilnoticias.org\/site\/sob-governo-lula-amazonia-tem-pior-temporada-de-queimadas-em-17-anos-fumaca-se-espalha-e-afeta-10-estados\/\" \/>\n<meta property=\"og:locale\" content=\"pt_PT\" \/>\n<meta property=\"og:type\" content=\"article\" \/>\n<meta property=\"og:title\" content=\"Sob Governo Lula, Amaz\u00f4nia tem pior temporada de queimadas em 17 anos; fuma\u00e7a se espalha e afeta 10 Estados - Brasil not\u00edcias\" \/>\n<meta property=\"og:description\" content=\"O c\u00e9u cinza e o ar irrespir\u00e1vel refletem as chamas que consomem a Amaz\u00f4nia, que enfrenta o maior n\u00famero de\" \/>\n<meta property=\"og:url\" content=\"https:\/\/brasilnoticias.org\/site\/sob-governo-lula-amazonia-tem-pior-temporada-de-queimadas-em-17-anos-fumaca-se-espalha-e-afeta-10-estados\/\" \/>\n<meta property=\"og:site_name\" content=\"Brasil not\u00edcias\" \/>\n<meta property=\"article:published_time\" content=\"2024-08-21T19:11:39+00:00\" \/>\n<meta property=\"og:image\" content=\"https:\/\/brasilnoticias.org\/site\/wp-content\/uploads\/2024\/08\/IMAGEM_NOTICIA_1-1-1.jpg\" \/>\n\t<meta property=\"og:image:width\" content=\"600\" \/>\n\t<meta property=\"og:image:height\" content=\"430\" \/>\n\t<meta property=\"og:image:type\" content=\"image\/jpeg\" \/>\n<meta name=\"author\" content=\"Reda\u00e7\u00e3o\" \/>\n<meta name=\"twitter:card\" content=\"summary_large_image\" \/>\n<meta name=\"twitter:label1\" content=\"Escrito por\" \/>\n\t<meta name=\"twitter:data1\" content=\"Reda\u00e7\u00e3o\" \/>\n\t<meta name=\"twitter:label2\" content=\"Tempo estimado de leitura\" \/>\n\t<meta name=\"twitter:data2\" content=\"1 minuto\" \/>\n<script type=\"application\/ld+json\" class=\"yoast-schema-graph\">{\"@context\":\"https:\/\/schema.org\",\"@graph\":[{\"@type\":\"Article\",\"@id\":\"https:\/\/brasilnoticias.org\/site\/sob-governo-lula-amazonia-tem-pior-temporada-de-queimadas-em-17-anos-fumaca-se-espalha-e-afeta-10-estados\/#article\",\"isPartOf\":{\"@id\":\"https:\/\/brasilnoticias.org\/site\/sob-governo-lula-amazonia-tem-pior-temporada-de-queimadas-em-17-anos-fumaca-se-espalha-e-afeta-10-estados\/\"},\"author\":{\"name\":\"Reda\u00e7\u00e3o\",\"@id\":\"https:\/\/brasilnoticias.org\/site\/#\/schema\/person\/03bbbfe6c7634ad18c26444ea39049fa\"},\"headline\":\"Sob Governo Lula, Amaz\u00f4nia tem pior temporada de queimadas em 17 anos; fuma\u00e7a se espalha e afeta 10 Estados\",\"datePublished\":\"2024-08-21T19:11:39+00:00\",\"mainEntityOfPage\":{\"@id\":\"https:\/\/brasilnoticias.org\/site\/sob-governo-lula-amazonia-tem-pior-temporada-de-queimadas-em-17-anos-fumaca-se-espalha-e-afeta-10-estados\/\"},\"wordCount\":413,\"commentCount\":0,\"publisher\":{\"@id\":\"https:\/\/brasilnoticias.org\/site\/#organization\"},\"image\":{\"@id\":\"https:\/\/brasilnoticias.org\/site\/sob-governo-lula-amazonia-tem-pior-temporada-de-queimadas-em-17-anos-fumaca-se-espalha-e-afeta-10-estados\/#primaryimage\"},\"thumbnailUrl\":\"https:\/\/brasilnoticias.org\/site\/wp-content\/uploads\/2024\/08\/IMAGEM_NOTICIA_1-1-1.jpg\",\"articleSection\":[\"Pol\u00edtica\",\"\u00daltimas\"],\"inLanguage\":\"pt-PT\",\"potentialAction\":[{\"@type\":\"CommentAction\",\"name\":\"Comment\",\"target\":[\"https:\/\/brasilnoticias.org\/site\/sob-governo-lula-amazonia-tem-pior-temporada-de-queimadas-em-17-anos-fumaca-se-espalha-e-afeta-10-estados\/#respond\"]}]},{\"@type\":\"WebPage\",\"@id\":\"https:\/\/brasilnoticias.org\/site\/sob-governo-lula-amazonia-tem-pior-temporada-de-queimadas-em-17-anos-fumaca-se-espalha-e-afeta-10-estados\/\",\"url\":\"https:\/\/brasilnoticias.org\/site\/sob-governo-lula-amazonia-tem-pior-temporada-de-queimadas-em-17-anos-fumaca-se-espalha-e-afeta-10-estados\/\",\"name\":\"Sob Governo Lula, Amaz\u00f4nia tem pior temporada de queimadas em 17 anos; fuma\u00e7a se espalha e afeta 10 Estados - Brasil not\u00edcias\",\"isPartOf\":{\"@id\":\"https:\/\/brasilnoticias.org\/site\/#website\"},\"primaryImageOfPage\":{\"@id\":\"https:\/\/brasilnoticias.org\/site\/sob-governo-lula-amazonia-tem-pior-temporada-de-queimadas-em-17-anos-fumaca-se-espalha-e-afeta-10-estados\/#primaryimage\"},\"image\":{\"@id\":\"https:\/\/brasilnoticias.org\/site\/sob-governo-lula-amazonia-tem-pior-temporada-de-queimadas-em-17-anos-fumaca-se-espalha-e-afeta-10-estados\/#primaryimage\"},\"thumbnailUrl\":\"https:\/\/brasilnoticias.org\/site\/wp-content\/uploads\/2024\/08\/IMAGEM_NOTICIA_1-1-1.jpg\",\"datePublished\":\"2024-08-21T19:11:39+00:00\",\"breadcrumb\":{\"@id\":\"https:\/\/brasilnoticias.org\/site\/sob-governo-lula-amazonia-tem-pior-temporada-de-queimadas-em-17-anos-fumaca-se-espalha-e-afeta-10-estados\/#breadcrumb\"},\"inLanguage\":\"pt-PT\",\"potentialAction\":[{\"@type\":\"ReadAction\",\"target\":[\"https:\/\/brasilnoticias.org\/site\/sob-governo-lula-amazonia-tem-pior-temporada-de-queimadas-em-17-anos-fumaca-se-espalha-e-afeta-10-estados\/\"]}]},{\"@type\":\"ImageObject\",\"inLanguage\":\"pt-PT\",\"@id\":\"https:\/\/brasilnoticias.org\/site\/sob-governo-lula-amazonia-tem-pior-temporada-de-queimadas-em-17-anos-fumaca-se-espalha-e-afeta-10-estados\/#primaryimage\",\"url\":\"https:\/\/brasilnoticias.org\/site\/wp-content\/uploads\/2024\/08\/IMAGEM_NOTICIA_1-1-1.jpg\",\"contentUrl\":\"https:\/\/brasilnoticias.org\/site\/wp-content\/uploads\/2024\/08\/IMAGEM_NOTICIA_1-1-1.jpg\",\"width\":600,\"height\":430},{\"@type\":\"BreadcrumbList\",\"@id\":\"https:\/\/brasilnoticias.org\/site\/sob-governo-lula-amazonia-tem-pior-temporada-de-queimadas-em-17-anos-fumaca-se-espalha-e-afeta-10-estados\/#breadcrumb\",\"itemListElement\":[{\"@type\":\"ListItem\",\"position\":1,\"name\":\"In\u00edcio\",\"item\":\"https:\/\/brasilnoticias.org\/site\/\"},{\"@type\":\"ListItem\",\"position\":2,\"name\":\"Sob Governo Lula, Amaz\u00f4nia tem pior temporada de queimadas em 17 anos; fuma\u00e7a se espalha e afeta 10 Estados\"}]},{\"@type\":\"WebSite\",\"@id\":\"https:\/\/brasilnoticias.org\/site\/#website\",\"url\":\"https:\/\/brasilnoticias.org\/site\/\",\"name\":\"Brasil not\u00edcias\",\"description\":\"Brasil not\u00edcias\",\"publisher\":{\"@id\":\"https:\/\/brasilnoticias.org\/site\/#organization\"},\"potentialAction\":[{\"@type\":\"SearchAction\",\"target\":{\"@type\":\"EntryPoint\",\"urlTemplate\":\"https:\/\/brasilnoticias.org\/site\/?s={search_term_string}\"},\"query-input\":{\"@type\":\"PropertyValueSpecification\",\"valueRequired\":true,\"valueName\":\"search_term_string\"}}],\"inLanguage\":\"pt-PT\"},{\"@type\":\"Organization\",\"@id\":\"https:\/\/brasilnoticias.org\/site\/#organization\",\"name\":\"Brasil not\u00edcias\",\"url\":\"https:\/\/brasilnoticias.org\/site\/\",\"logo\":{\"@type\":\"ImageObject\",\"inLanguage\":\"pt-PT\",\"@id\":\"https:\/\/brasilnoticias.org\/site\/#\/schema\/logo\/image\/\",\"url\":\"https:\/\/brasilnoticias.org\/site\/wp-content\/uploads\/2022\/05\/cropped-brasilnoticias-mini.jpg\",\"contentUrl\":\"https:\/\/brasilnoticias.org\/site\/wp-content\/uploads\/2022\/05\/cropped-brasilnoticias-mini.jpg\",\"width\":314,\"height\":86,\"caption\":\"Brasil not\u00edcias\"},\"image\":{\"@id\":\"https:\/\/brasilnoticias.org\/site\/#\/schema\/logo\/image\/\"}},{\"@type\":\"Person\",\"@id\":\"https:\/\/brasilnoticias.org\/site\/#\/schema\/person\/03bbbfe6c7634ad18c26444ea39049fa\",\"name\":\"Reda\u00e7\u00e3o\",\"image\":{\"@type\":\"ImageObject\",\"inLanguage\":\"pt-PT\",\"@id\":\"https:\/\/brasilnoticias.org\/site\/#\/schema\/person\/image\/\",\"url\":\"https:\/\/secure.gravatar.com\/avatar\/9ecaf7327a696cb23ad926fedded5f1f04d7049de9e445375d55b48c001a6e42?s=96&d=mm&r=g\",\"contentUrl\":\"https:\/\/secure.gravatar.com\/avatar\/9ecaf7327a696cb23ad926fedded5f1f04d7049de9e445375d55b48c001a6e42?s=96&d=mm&r=g\",\"caption\":\"Reda\u00e7\u00e3o\"},\"url\":\"https:\/\/brasilnoticias.org\/site\/author\/henrique\/\"}]}<\/script>\n<!-- \/ Yoast SEO plugin. -->","yoast_head_json":{"title":"Sob Governo Lula, Amaz\u00f4nia tem pior temporada de queimadas em 17 anos; fuma\u00e7a se espalha e afeta 10 Estados - Brasil not\u00edcias","robots":{"index":"index","follow":"follow","max-snippet":"max-snippet:-1","max-image-preview":"max-image-preview:large","max-video-preview":"max-video-preview:-1"},"canonical":"https:\/\/brasilnoticias.org\/site\/sob-governo-lula-amazonia-tem-pior-temporada-de-queimadas-em-17-anos-fumaca-se-espalha-e-afeta-10-estados\/","og_locale":"pt_PT","og_type":"article","og_title":"Sob Governo Lula, Amaz\u00f4nia tem pior temporada de queimadas em 17 anos; fuma\u00e7a se espalha e afeta 10 Estados - Brasil not\u00edcias","og_description":"O c\u00e9u cinza e o ar irrespir\u00e1vel refletem as chamas que consomem a Amaz\u00f4nia, que enfrenta o maior n\u00famero de","og_url":"https:\/\/brasilnoticias.org\/site\/sob-governo-lula-amazonia-tem-pior-temporada-de-queimadas-em-17-anos-fumaca-se-espalha-e-afeta-10-estados\/","og_site_name":"Brasil not\u00edcias","article_published_time":"2024-08-21T19:11:39+00:00","og_image":[{"width":600,"height":430,"url":"https:\/\/brasilnoticias.org\/site\/wp-content\/uploads\/2024\/08\/IMAGEM_NOTICIA_1-1-1.jpg","type":"image\/jpeg"}],"author":"Reda\u00e7\u00e3o","twitter_card":"summary_large_image","twitter_misc":{"Escrito por":"Reda\u00e7\u00e3o","Tempo estimado de leitura":"1 minuto"},"schema":{"@context":"https:\/\/schema.org","@graph":[{"@type":"Article","@id":"https:\/\/brasilnoticias.org\/site\/sob-governo-lula-amazonia-tem-pior-temporada-de-queimadas-em-17-anos-fumaca-se-espalha-e-afeta-10-estados\/#article","isPartOf":{"@id":"https:\/\/brasilnoticias.org\/site\/sob-governo-lula-amazonia-tem-pior-temporada-de-queimadas-em-17-anos-fumaca-se-espalha-e-afeta-10-estados\/"},"author":{"name":"Reda\u00e7\u00e3o","@id":"https:\/\/brasilnoticias.org\/site\/#\/schema\/person\/03bbbfe6c7634ad18c26444ea39049fa"},"headline":"Sob Governo Lula, Amaz\u00f4nia tem pior temporada de queimadas em 17 anos; fuma\u00e7a se espalha e afeta 10 Estados","datePublished":"2024-08-21T19:11:39+00:00","mainEntityOfPage":{"@id":"https:\/\/brasilnoticias.org\/site\/sob-governo-lula-amazonia-tem-pior-temporada-de-queimadas-em-17-anos-fumaca-se-espalha-e-afeta-10-estados\/"},"wordCount":413,"commentCount":0,"publisher":{"@id":"https:\/\/brasilnoticias.org\/site\/#organization"},"image":{"@id":"https:\/\/brasilnoticias.org\/site\/sob-governo-lula-amazonia-tem-pior-temporada-de-queimadas-em-17-anos-fumaca-se-espalha-e-afeta-10-estados\/#primaryimage"},"thumbnailUrl":"https:\/\/brasilnoticias.org\/site\/wp-content\/uploads\/2024\/08\/IMAGEM_NOTICIA_1-1-1.jpg","articleSection":["Pol\u00edtica","\u00daltimas"],"inLanguage":"pt-PT","potentialAction":[{"@type":"CommentAction","name":"Comment","target":["https:\/\/brasilnoticias.org\/site\/sob-governo-lula-amazonia-tem-pior-temporada-de-queimadas-em-17-anos-fumaca-se-espalha-e-afeta-10-estados\/#respond"]}]},{"@type":"WebPage","@id":"https:\/\/brasilnoticias.org\/site\/sob-governo-lula-amazonia-tem-pior-temporada-de-queimadas-em-17-anos-fumaca-se-espalha-e-afeta-10-estados\/","url":"https:\/\/brasilnoticias.org\/site\/sob-governo-lula-amazonia-tem-pior-temporada-de-queimadas-em-17-anos-fumaca-se-espalha-e-afeta-10-estados\/","name":"Sob Governo Lula, Amaz\u00f4nia tem pior temporada de queimadas em 17 anos; fuma\u00e7a se espalha e afeta 10 Estados - Brasil not\u00edcias","isPartOf":{"@id":"https:\/\/brasilnoticias.org\/site\/#website"},"primaryImageOfPage":{"@id":"https:\/\/brasilnoticias.org\/site\/sob-governo-lula-amazonia-tem-pior-temporada-de-queimadas-em-17-anos-fumaca-se-espalha-e-afeta-10-estados\/#primaryimage"},"image":{"@id":"https:\/\/brasilnoticias.org\/site\/sob-governo-lula-amazonia-tem-pior-temporada-de-queimadas-em-17-anos-fumaca-se-espalha-e-afeta-10-estados\/#primaryimage"},"thumbnailUrl":"https:\/\/brasilnoticias.org\/site\/wp-content\/uploads\/2024\/08\/IMAGEM_NOTICIA_1-1-1.jpg","datePublished":"2024-08-21T19:11:39+00:00","breadcrumb":{"@id":"https:\/\/brasilnoticias.org\/site\/sob-governo-lula-amazonia-tem-pior-temporada-de-queimadas-em-17-anos-fumaca-se-espalha-e-afeta-10-estados\/#breadcrumb"},"inLanguage":"pt-PT","potentialAction":[{"@type":"ReadAction","target":["https:\/\/brasilnoticias.org\/site\/sob-governo-lula-amazonia-tem-pior-temporada-de-queimadas-em-17-anos-fumaca-se-espalha-e-afeta-10-estados\/"]}]},{"@type":"ImageObject","inLanguage":"pt-PT","@id":"https:\/\/brasilnoticias.org\/site\/sob-governo-lula-amazonia-tem-pior-temporada-de-queimadas-em-17-anos-fumaca-se-espalha-e-afeta-10-estados\/#primaryimage","url":"https:\/\/brasilnoticias.org\/site\/wp-content\/uploads\/2024\/08\/IMAGEM_NOTICIA_1-1-1.jpg","contentUrl":"https:\/\/brasilnoticias.org\/site\/wp-content\/uploads\/2024\/08\/IMAGEM_NOTICIA_1-1-1.jpg","width":600,"height":430},{"@type":"BreadcrumbList","@id":"https:\/\/brasilnoticias.org\/site\/sob-governo-lula-amazonia-tem-pior-temporada-de-queimadas-em-17-anos-fumaca-se-espalha-e-afeta-10-estados\/#breadcrumb","itemListElement":[{"@type":"ListItem","position":1,"name":"In\u00edcio","item":"https:\/\/brasilnoticias.org\/site\/"},{"@type":"ListItem","position":2,"name":"Sob Governo Lula, Amaz\u00f4nia tem pior temporada de queimadas em 17 anos; fuma\u00e7a se espalha e afeta 10 Estados"}]},{"@type":"WebSite","@id":"https:\/\/brasilnoticias.org\/site\/#website","url":"https:\/\/brasilnoticias.org\/site\/","name":"Brasil not\u00edcias","description":"Brasil not\u00edcias","publisher":{"@id":"https:\/\/brasilnoticias.org\/site\/#organization"},"potentialAction":[{"@type":"SearchAction","target":{"@type":"EntryPoint","urlTemplate":"https:\/\/brasilnoticias.org\/site\/?s={search_term_string}"},"query-input":{"@type":"PropertyValueSpecification","valueRequired":true,"valueName":"search_term_string"}}],"inLanguage":"pt-PT"},{"@type":"Organization","@id":"https:\/\/brasilnoticias.org\/site\/#organization","name":"Brasil not\u00edcias","url":"https:\/\/brasilnoticias.org\/site\/","logo":{"@type":"ImageObject","inLanguage":"pt-PT","@id":"https:\/\/brasilnoticias.org\/site\/#\/schema\/logo\/image\/","url":"https:\/\/brasilnoticias.org\/site\/wp-content\/uploads\/2022\/05\/cropped-brasilnoticias-mini.jpg","contentUrl":"https:\/\/brasilnoticias.org\/site\/wp-content\/uploads\/2022\/05\/cropped-brasilnoticias-mini.jpg","width":314,"height":86,"caption":"Brasil not\u00edcias"},"image":{"@id":"https:\/\/brasilnoticias.org\/site\/#\/schema\/logo\/image\/"}},{"@type":"Person","@id":"https:\/\/brasilnoticias.org\/site\/#\/schema\/person\/03bbbfe6c7634ad18c26444ea39049fa","name":"Reda\u00e7\u00e3o","image":{"@type":"ImageObject","inLanguage":"pt-PT","@id":"https:\/\/brasilnoticias.org\/site\/#\/schema\/person\/image\/","url":"https:\/\/secure.gravatar.com\/avatar\/9ecaf7327a696cb23ad926fedded5f1f04d7049de9e445375d55b48c001a6e42?s=96&d=mm&r=g","contentUrl":"https:\/\/secure.gravatar.com\/avatar\/9ecaf7327a696cb23ad926fedded5f1f04d7049de9e445375d55b48c001a6e42?s=96&d=mm&r=g","caption":"Reda\u00e7\u00e3o"},"url":"https:\/\/brasilnoticias.org\/site\/author\/henrique\/"}]}},"_links":{"self":[{"href":"https:\/\/brasilnoticias.org\/site\/wp-json\/wp\/v2\/posts\/15614","targetHints":{"allow":["GET"]}}],"collection":[{"href":"https:\/\/brasilnoticias.org\/site\/wp-json\/wp\/v2\/posts"}],"about":[{"href":"https:\/\/brasilnoticias.org\/site\/wp-json\/wp\/v2\/types\/post"}],"author":[{"embeddable":true,"href":"https:\/\/brasilnoticias.org\/site\/wp-json\/wp\/v2\/users\/4"}],"replies":[{"embeddable":true,"href":"https:\/\/brasilnoticias.org\/site\/wp-json\/wp\/v2\/comments?post=15614"}],"version-history":[{"count":1,"href":"https:\/\/brasilnoticias.org\/site\/wp-json\/wp\/v2\/posts\/15614\/revisions"}],"predecessor-version":[{"id":15616,"href":"https:\/\/brasilnoticias.org\/site\/wp-json\/wp\/v2\/posts\/15614\/revisions\/15616"}],"wp:featuredmedia":[{"embeddable":true,"href":"https:\/\/brasilnoticias.org\/site\/wp-json\/wp\/v2\/media\/15615"}],"wp:attachment":[{"href":"https:\/\/brasilnoticias.org\/site\/wp-json\/wp\/v2\/media?parent=15614"}],"wp:term":[{"taxonomy":"category","embeddable":true,"href":"https:\/\/brasilnoticias.org\/site\/wp-json\/wp\/v2\/categories?post=15614"},{"taxonomy":"post_tag","embeddable":true,"href":"https:\/\/brasilnoticias.org\/site\/wp-json\/wp\/v2\/tags?post=15614"}],"curies":[{"name":"wp","href":"https:\/\/api.w.org\/{rel}","templated":true}]}}