{"id":15630,"date":"2024-08-23T18:53:34","date_gmt":"2024-08-23T21:53:34","guid":{"rendered":"https:\/\/brasilnoticias.org\/site\/?p=15630"},"modified":"2024-08-23T18:53:34","modified_gmt":"2024-08-23T21:53:34","slug":"salvador-bate-recorde-de-unidades-habitacionais-licenciadas-e-grandes-empreendimentos-comerciais-diz-bruno-reis","status":"publish","type":"post","link":"https:\/\/brasilnoticias.org\/site\/salvador-bate-recorde-de-unidades-habitacionais-licenciadas-e-grandes-empreendimentos-comerciais-diz-bruno-reis\/","title":{"rendered":"Salvador bate recorde de unidades habitacionais licenciadas e grandes empreendimentos comerciais, diz Bruno Reis"},"content":{"rendered":"<p>O prefeito de Salvador, Bruno Reis, afirmou nesta sexta-feira (23) que a capital baiana bateu o recorde de unidades habitacionais licenciadas e grandes empreendimentos comerciais, gra\u00e7as a uma s\u00e9rie de a\u00e7\u00f5es adotadas pela gest\u00e3o municipal nos \u00faltimos anos para dinamizar a economia local. <\/p>\n<p>\u201cEsse conjunto de medidas fez com que o setor privado acreditasse em nossa cidade. Mesmo com a pandemia, conseguimos bater nos \u00faltimos quatro anos o recorde de 39.032 unidades habitacionais licenciadas. Vamos passar da casa de 40 mil at\u00e9 o final do ano, al\u00e9m de 246 grandes empreendimentos comerciais, como a nova Ferreira Costa e a Leroy Merlin\u201d, disse o chefe do Executivo municipal, ao participar da abertura da 15\u00aa edi\u00e7\u00e3o do Agenda Bahia. <\/p>\n<p>O evento, realizado pelo jornal Correio com o apoio institucional da Federa\u00e7\u00e3o das Ind\u00fastrias do Estado da Bahia (Fieb), re\u00fane empres\u00e1rios e representantes do poder p\u00fablico para debater o desenvolvimento do estado.<\/p>\n<p>O crescimento econ\u00f4mico observado colocou Salvador na lideran\u00e7a da gera\u00e7\u00e3o de emprego e renda no Nordeste. Conforme dados do Cadastro Geral de Empregados e Desempregados (Caged), no primeiro semestre de 2024 houve uma alta de 164% na assinatura de carteiras de trabalho na capital baiana, em compara\u00e7\u00e3o com o mesmo per\u00edodo no ano passado. Enquanto isso, a t\u00edtulo de compara\u00e7\u00e3o, o aumento foi de 9% na Bahia e de 25% no Brasil. Apesar de ter 18% da popula\u00e7\u00e3o baiana, Salvador \u00e9 respons\u00e1vel por 44% dos empregos gerados no estado.<\/p>\n<p>\u201cEu digo sempre que o maior programa de governo na \u00e1rea social \u00e9 a gera\u00e7\u00e3o de emprego e renda. Ent\u00e3o, \u00e9 muito importante reunir aqui hoje o setor produtivo do estado e da nossa cidade para discutir as tend\u00eancias e novos nichos para o crescimento econ\u00f4mico. Debater o que est\u00e1 acontecendo no Brasil e no mundo e, com isso, tentar identificar novos potenciais e melhorar os neg\u00f3cios existentes\u201d, afirmou o prefeito. Segundo o gestor, o Agenda Bahia \u00e9 tamb\u00e9m uma oportunidade para a administra\u00e7\u00e3o municipal prestar conta das a\u00e7\u00f5es implementadas.<\/p>\n<p>Transforma\u00e7\u00e3o \u2013 Bruno Reis citou medidas legais e administrativas adotadas para estimular o desenvolvimento econ\u00f4mico na cidade, como a desburocratiza\u00e7\u00e3o \u2013 que reduziu para apenas quatro horas o tempo m\u00e9dio para a abertura de uma empresa em Salvador. Para isso, uma s\u00e9rie de atividades foram reclassificadas como de baixo risco, o que desobriga a posse de alvar\u00e1 para funcionamento. Atualmente, 869 atividades s\u00e3o consideradas de baixo risco em Salvador, o que deixa a cidade atr\u00e1s apenas de Boa Vista (RR) entre as capitais brasileiras nesse quesito.<br \/>\nO prefeito mencionou tamb\u00e9m o Invista Salvador, o Programa de Est\u00edmulo \u00e0 Atividade Imobili\u00e1ria, o Programa de Incentivo ao Desenvolvimento Sustent\u00e1vel e Inova\u00e7\u00e3o (Pidi) e o Renova Centro, este \u00faltimo voltado para a revitaliza\u00e7\u00e3o do Centro Hist\u00f3rico. <\/p>\n<p>O Renova Centro inclui remiss\u00e3o de todos os d\u00e9bitos do im\u00f3vel adquirido, isen\u00e7\u00e3o do Imposto sobre a Transmiss\u00e3o Inter Vivos (ITIV) para quem for empreender, isen\u00e7\u00e3o do Imposto Sobre Servi\u00e7os (ISS) da obra e do Imposto sobre a Propriedade Predial e Territorial Urbana (IPTU) por 10 anos para quem comprar alguma unidade, al\u00e9m da devolu\u00e7\u00e3o de 50% do valor investido na aquisi\u00e7\u00e3o do im\u00f3vel. <\/p>\n<p>Se, por exemplo, um im\u00f3vel no Centro foi adquirido por R$20 milh\u00f5es e foram investidos mais R$10 milh\u00f5es, s\u00e3o gerados pelo Munic\u00edpio R$15 milh\u00f5es em cr\u00e9ditos tribut\u00e1rios, que podem ser usados no pr\u00f3prio neg\u00f3cio ou cedidos para terceiros em qualquer \u00e1rea da cidade. \u201c\u00c9 um dos programas mais arrojados de incentivos fiscais que conhe\u00e7o. N\u00e3o tem nenhuma cidade no Brasil que tenha; e n\u00e3o sei se alguma cidade do mundo tem\u201d, disse o prefeito.<\/p>\n<p>Na qualifica\u00e7\u00e3o profissional, de acordo com o gestor, foram mais de 60 mil pessoas formadas em diversas \u00e1reas pela Prefeitura. \u201cNovos empregos est\u00e3o surgindo, principalmente em fun\u00e7\u00e3o dos avan\u00e7os da tecnologia e da chegada desses empreendimentos. Para o primeiro emprego, a gente sempre negocia com a iniciativa privada para trocar horas de experi\u00eancia por horas de curso ou forma\u00e7\u00e3o\u201d, apontou.<\/p>\n","protected":false},"excerpt":{"rendered":"<p>O prefeito de Salvador, Bruno Reis, afirmou nesta sexta-feira (23) que a capital baiana bateu o recorde de unidades habitacionais<\/p>\n","protected":false},"author":4,"featured_media":15631,"comment_status":"open","ping_status":"open","sticky":false,"template":"","format":"standard","meta":{"colormag_page_container_layout":"default_layout","colormag_page_sidebar_layout":"default_layout","_FSMCFIC_featured_image_caption":"","_FSMCFIC_featured_image_nocaption":"","_FSMCFIC_featured_image_hide":"","footnotes":""},"categories":[5,1],"tags":[],"class_list":["post-15630","post","type-post","status-publish","format-standard","has-post-thumbnail","hentry","category-politica","category-ultimas"],"yoast_head":"<!-- This site is optimized with the Yoast SEO plugin v27.1.1 - https:\/\/yoast.com\/product\/yoast-seo-wordpress\/ -->\n<title>Salvador bate recorde de unidades habitacionais licenciadas e grandes empreendimentos comerciais, diz Bruno Reis - Brasil not\u00edcias<\/title>\n<meta name=\"robots\" content=\"index, follow, max-snippet:-1, max-image-preview:large, max-video-preview:-1\" \/>\n<link rel=\"canonical\" href=\"https:\/\/brasilnoticias.org\/site\/salvador-bate-recorde-de-unidades-habitacionais-licenciadas-e-grandes-empreendimentos-comerciais-diz-bruno-reis\/\" \/>\n<meta property=\"og:locale\" content=\"pt_PT\" \/>\n<meta property=\"og:type\" content=\"article\" \/>\n<meta property=\"og:title\" content=\"Salvador bate recorde de unidades habitacionais licenciadas e grandes empreendimentos comerciais, diz Bruno Reis - Brasil not\u00edcias\" \/>\n<meta property=\"og:description\" content=\"O prefeito de Salvador, Bruno Reis, afirmou nesta sexta-feira (23) que a capital baiana bateu o recorde de unidades habitacionais\" \/>\n<meta property=\"og:url\" content=\"https:\/\/brasilnoticias.org\/site\/salvador-bate-recorde-de-unidades-habitacionais-licenciadas-e-grandes-empreendimentos-comerciais-diz-bruno-reis\/\" \/>\n<meta property=\"og:site_name\" content=\"Brasil not\u00edcias\" \/>\n<meta property=\"article:published_time\" content=\"2024-08-23T21:53:34+00:00\" \/>\n<meta property=\"og:image\" content=\"https:\/\/brasilnoticias.org\/site\/wp-content\/uploads\/2024\/08\/IMAGEM_NOTICIA_0-2-3.jpg\" \/>\n\t<meta property=\"og:image:width\" content=\"850\" \/>\n\t<meta property=\"og:image:height\" content=\"400\" \/>\n\t<meta property=\"og:image:type\" content=\"image\/jpeg\" \/>\n<meta name=\"author\" content=\"Reda\u00e7\u00e3o\" \/>\n<meta name=\"twitter:card\" content=\"summary_large_image\" \/>\n<meta name=\"twitter:label1\" content=\"Escrito por\" \/>\n\t<meta name=\"twitter:data1\" content=\"Reda\u00e7\u00e3o\" \/>\n\t<meta name=\"twitter:label2\" content=\"Tempo estimado de leitura\" \/>\n\t<meta name=\"twitter:data2\" content=\"1 minuto\" \/>\n<script type=\"application\/ld+json\" class=\"yoast-schema-graph\">{\"@context\":\"https:\/\/schema.org\",\"@graph\":[{\"@type\":\"Article\",\"@id\":\"https:\/\/brasilnoticias.org\/site\/salvador-bate-recorde-de-unidades-habitacionais-licenciadas-e-grandes-empreendimentos-comerciais-diz-bruno-reis\/#article\",\"isPartOf\":{\"@id\":\"https:\/\/brasilnoticias.org\/site\/salvador-bate-recorde-de-unidades-habitacionais-licenciadas-e-grandes-empreendimentos-comerciais-diz-bruno-reis\/\"},\"author\":{\"name\":\"Reda\u00e7\u00e3o\",\"@id\":\"https:\/\/brasilnoticias.org\/site\/#\/schema\/person\/03bbbfe6c7634ad18c26444ea39049fa\"},\"headline\":\"Salvador bate recorde de unidades habitacionais licenciadas e grandes empreendimentos comerciais, diz Bruno Reis\",\"datePublished\":\"2024-08-23T21:53:34+00:00\",\"mainEntityOfPage\":{\"@id\":\"https:\/\/brasilnoticias.org\/site\/salvador-bate-recorde-de-unidades-habitacionais-licenciadas-e-grandes-empreendimentos-comerciais-diz-bruno-reis\/\"},\"wordCount\":712,\"commentCount\":0,\"publisher\":{\"@id\":\"https:\/\/brasilnoticias.org\/site\/#organization\"},\"image\":{\"@id\":\"https:\/\/brasilnoticias.org\/site\/salvador-bate-recorde-de-unidades-habitacionais-licenciadas-e-grandes-empreendimentos-comerciais-diz-bruno-reis\/#primaryimage\"},\"thumbnailUrl\":\"https:\/\/brasilnoticias.org\/site\/wp-content\/uploads\/2024\/08\/IMAGEM_NOTICIA_0-2-3.jpg\",\"articleSection\":[\"Pol\u00edtica\",\"\u00daltimas\"],\"inLanguage\":\"pt-PT\",\"potentialAction\":[{\"@type\":\"CommentAction\",\"name\":\"Comment\",\"target\":[\"https:\/\/brasilnoticias.org\/site\/salvador-bate-recorde-de-unidades-habitacionais-licenciadas-e-grandes-empreendimentos-comerciais-diz-bruno-reis\/#respond\"]}]},{\"@type\":\"WebPage\",\"@id\":\"https:\/\/brasilnoticias.org\/site\/salvador-bate-recorde-de-unidades-habitacionais-licenciadas-e-grandes-empreendimentos-comerciais-diz-bruno-reis\/\",\"url\":\"https:\/\/brasilnoticias.org\/site\/salvador-bate-recorde-de-unidades-habitacionais-licenciadas-e-grandes-empreendimentos-comerciais-diz-bruno-reis\/\",\"name\":\"Salvador bate recorde de unidades habitacionais licenciadas e grandes empreendimentos comerciais, diz Bruno Reis - Brasil not\u00edcias\",\"isPartOf\":{\"@id\":\"https:\/\/brasilnoticias.org\/site\/#website\"},\"primaryImageOfPage\":{\"@id\":\"https:\/\/brasilnoticias.org\/site\/salvador-bate-recorde-de-unidades-habitacionais-licenciadas-e-grandes-empreendimentos-comerciais-diz-bruno-reis\/#primaryimage\"},\"image\":{\"@id\":\"https:\/\/brasilnoticias.org\/site\/salvador-bate-recorde-de-unidades-habitacionais-licenciadas-e-grandes-empreendimentos-comerciais-diz-bruno-reis\/#primaryimage\"},\"thumbnailUrl\":\"https:\/\/brasilnoticias.org\/site\/wp-content\/uploads\/2024\/08\/IMAGEM_NOTICIA_0-2-3.jpg\",\"datePublished\":\"2024-08-23T21:53:34+00:00\",\"breadcrumb\":{\"@id\":\"https:\/\/brasilnoticias.org\/site\/salvador-bate-recorde-de-unidades-habitacionais-licenciadas-e-grandes-empreendimentos-comerciais-diz-bruno-reis\/#breadcrumb\"},\"inLanguage\":\"pt-PT\",\"potentialAction\":[{\"@type\":\"ReadAction\",\"target\":[\"https:\/\/brasilnoticias.org\/site\/salvador-bate-recorde-de-unidades-habitacionais-licenciadas-e-grandes-empreendimentos-comerciais-diz-bruno-reis\/\"]}]},{\"@type\":\"ImageObject\",\"inLanguage\":\"pt-PT\",\"@id\":\"https:\/\/brasilnoticias.org\/site\/salvador-bate-recorde-de-unidades-habitacionais-licenciadas-e-grandes-empreendimentos-comerciais-diz-bruno-reis\/#primaryimage\",\"url\":\"https:\/\/brasilnoticias.org\/site\/wp-content\/uploads\/2024\/08\/IMAGEM_NOTICIA_0-2-3.jpg\",\"contentUrl\":\"https:\/\/brasilnoticias.org\/site\/wp-content\/uploads\/2024\/08\/IMAGEM_NOTICIA_0-2-3.jpg\",\"width\":850,\"height\":400},{\"@type\":\"BreadcrumbList\",\"@id\":\"https:\/\/brasilnoticias.org\/site\/salvador-bate-recorde-de-unidades-habitacionais-licenciadas-e-grandes-empreendimentos-comerciais-diz-bruno-reis\/#breadcrumb\",\"itemListElement\":[{\"@type\":\"ListItem\",\"position\":1,\"name\":\"In\u00edcio\",\"item\":\"https:\/\/brasilnoticias.org\/site\/\"},{\"@type\":\"ListItem\",\"position\":2,\"name\":\"Salvador bate recorde de unidades habitacionais licenciadas e grandes empreendimentos comerciais, diz Bruno Reis\"}]},{\"@type\":\"WebSite\",\"@id\":\"https:\/\/brasilnoticias.org\/site\/#website\",\"url\":\"https:\/\/brasilnoticias.org\/site\/\",\"name\":\"Brasil not\u00edcias\",\"description\":\"Brasil not\u00edcias\",\"publisher\":{\"@id\":\"https:\/\/brasilnoticias.org\/site\/#organization\"},\"potentialAction\":[{\"@type\":\"SearchAction\",\"target\":{\"@type\":\"EntryPoint\",\"urlTemplate\":\"https:\/\/brasilnoticias.org\/site\/?s={search_term_string}\"},\"query-input\":{\"@type\":\"PropertyValueSpecification\",\"valueRequired\":true,\"valueName\":\"search_term_string\"}}],\"inLanguage\":\"pt-PT\"},{\"@type\":\"Organization\",\"@id\":\"https:\/\/brasilnoticias.org\/site\/#organization\",\"name\":\"Brasil not\u00edcias\",\"url\":\"https:\/\/brasilnoticias.org\/site\/\",\"logo\":{\"@type\":\"ImageObject\",\"inLanguage\":\"pt-PT\",\"@id\":\"https:\/\/brasilnoticias.org\/site\/#\/schema\/logo\/image\/\",\"url\":\"https:\/\/brasilnoticias.org\/site\/wp-content\/uploads\/2022\/05\/cropped-brasilnoticias-mini.jpg\",\"contentUrl\":\"https:\/\/brasilnoticias.org\/site\/wp-content\/uploads\/2022\/05\/cropped-brasilnoticias-mini.jpg\",\"width\":314,\"height\":86,\"caption\":\"Brasil not\u00edcias\"},\"image\":{\"@id\":\"https:\/\/brasilnoticias.org\/site\/#\/schema\/logo\/image\/\"}},{\"@type\":\"Person\",\"@id\":\"https:\/\/brasilnoticias.org\/site\/#\/schema\/person\/03bbbfe6c7634ad18c26444ea39049fa\",\"name\":\"Reda\u00e7\u00e3o\",\"image\":{\"@type\":\"ImageObject\",\"inLanguage\":\"pt-PT\",\"@id\":\"https:\/\/brasilnoticias.org\/site\/#\/schema\/person\/image\/\",\"url\":\"https:\/\/secure.gravatar.com\/avatar\/9ecaf7327a696cb23ad926fedded5f1f04d7049de9e445375d55b48c001a6e42?s=96&d=mm&r=g\",\"contentUrl\":\"https:\/\/secure.gravatar.com\/avatar\/9ecaf7327a696cb23ad926fedded5f1f04d7049de9e445375d55b48c001a6e42?s=96&d=mm&r=g\",\"caption\":\"Reda\u00e7\u00e3o\"},\"url\":\"https:\/\/brasilnoticias.org\/site\/author\/henrique\/\"}]}<\/script>\n<!-- \/ Yoast SEO plugin. -->","yoast_head_json":{"title":"Salvador bate recorde de unidades habitacionais licenciadas e grandes empreendimentos comerciais, diz Bruno Reis - Brasil not\u00edcias","robots":{"index":"index","follow":"follow","max-snippet":"max-snippet:-1","max-image-preview":"max-image-preview:large","max-video-preview":"max-video-preview:-1"},"canonical":"https:\/\/brasilnoticias.org\/site\/salvador-bate-recorde-de-unidades-habitacionais-licenciadas-e-grandes-empreendimentos-comerciais-diz-bruno-reis\/","og_locale":"pt_PT","og_type":"article","og_title":"Salvador bate recorde de unidades habitacionais licenciadas e grandes empreendimentos comerciais, diz Bruno Reis - Brasil not\u00edcias","og_description":"O prefeito de Salvador, Bruno Reis, afirmou nesta sexta-feira (23) que a capital baiana bateu o recorde de unidades habitacionais","og_url":"https:\/\/brasilnoticias.org\/site\/salvador-bate-recorde-de-unidades-habitacionais-licenciadas-e-grandes-empreendimentos-comerciais-diz-bruno-reis\/","og_site_name":"Brasil not\u00edcias","article_published_time":"2024-08-23T21:53:34+00:00","og_image":[{"width":850,"height":400,"url":"https:\/\/brasilnoticias.org\/site\/wp-content\/uploads\/2024\/08\/IMAGEM_NOTICIA_0-2-3.jpg","type":"image\/jpeg"}],"author":"Reda\u00e7\u00e3o","twitter_card":"summary_large_image","twitter_misc":{"Escrito por":"Reda\u00e7\u00e3o","Tempo estimado de leitura":"1 minuto"},"schema":{"@context":"https:\/\/schema.org","@graph":[{"@type":"Article","@id":"https:\/\/brasilnoticias.org\/site\/salvador-bate-recorde-de-unidades-habitacionais-licenciadas-e-grandes-empreendimentos-comerciais-diz-bruno-reis\/#article","isPartOf":{"@id":"https:\/\/brasilnoticias.org\/site\/salvador-bate-recorde-de-unidades-habitacionais-licenciadas-e-grandes-empreendimentos-comerciais-diz-bruno-reis\/"},"author":{"name":"Reda\u00e7\u00e3o","@id":"https:\/\/brasilnoticias.org\/site\/#\/schema\/person\/03bbbfe6c7634ad18c26444ea39049fa"},"headline":"Salvador bate recorde de unidades habitacionais licenciadas e grandes empreendimentos comerciais, diz Bruno Reis","datePublished":"2024-08-23T21:53:34+00:00","mainEntityOfPage":{"@id":"https:\/\/brasilnoticias.org\/site\/salvador-bate-recorde-de-unidades-habitacionais-licenciadas-e-grandes-empreendimentos-comerciais-diz-bruno-reis\/"},"wordCount":712,"commentCount":0,"publisher":{"@id":"https:\/\/brasilnoticias.org\/site\/#organization"},"image":{"@id":"https:\/\/brasilnoticias.org\/site\/salvador-bate-recorde-de-unidades-habitacionais-licenciadas-e-grandes-empreendimentos-comerciais-diz-bruno-reis\/#primaryimage"},"thumbnailUrl":"https:\/\/brasilnoticias.org\/site\/wp-content\/uploads\/2024\/08\/IMAGEM_NOTICIA_0-2-3.jpg","articleSection":["Pol\u00edtica","\u00daltimas"],"inLanguage":"pt-PT","potentialAction":[{"@type":"CommentAction","name":"Comment","target":["https:\/\/brasilnoticias.org\/site\/salvador-bate-recorde-de-unidades-habitacionais-licenciadas-e-grandes-empreendimentos-comerciais-diz-bruno-reis\/#respond"]}]},{"@type":"WebPage","@id":"https:\/\/brasilnoticias.org\/site\/salvador-bate-recorde-de-unidades-habitacionais-licenciadas-e-grandes-empreendimentos-comerciais-diz-bruno-reis\/","url":"https:\/\/brasilnoticias.org\/site\/salvador-bate-recorde-de-unidades-habitacionais-licenciadas-e-grandes-empreendimentos-comerciais-diz-bruno-reis\/","name":"Salvador bate recorde de unidades habitacionais licenciadas e grandes empreendimentos comerciais, diz Bruno Reis - Brasil not\u00edcias","isPartOf":{"@id":"https:\/\/brasilnoticias.org\/site\/#website"},"primaryImageOfPage":{"@id":"https:\/\/brasilnoticias.org\/site\/salvador-bate-recorde-de-unidades-habitacionais-licenciadas-e-grandes-empreendimentos-comerciais-diz-bruno-reis\/#primaryimage"},"image":{"@id":"https:\/\/brasilnoticias.org\/site\/salvador-bate-recorde-de-unidades-habitacionais-licenciadas-e-grandes-empreendimentos-comerciais-diz-bruno-reis\/#primaryimage"},"thumbnailUrl":"https:\/\/brasilnoticias.org\/site\/wp-content\/uploads\/2024\/08\/IMAGEM_NOTICIA_0-2-3.jpg","datePublished":"2024-08-23T21:53:34+00:00","breadcrumb":{"@id":"https:\/\/brasilnoticias.org\/site\/salvador-bate-recorde-de-unidades-habitacionais-licenciadas-e-grandes-empreendimentos-comerciais-diz-bruno-reis\/#breadcrumb"},"inLanguage":"pt-PT","potentialAction":[{"@type":"ReadAction","target":["https:\/\/brasilnoticias.org\/site\/salvador-bate-recorde-de-unidades-habitacionais-licenciadas-e-grandes-empreendimentos-comerciais-diz-bruno-reis\/"]}]},{"@type":"ImageObject","inLanguage":"pt-PT","@id":"https:\/\/brasilnoticias.org\/site\/salvador-bate-recorde-de-unidades-habitacionais-licenciadas-e-grandes-empreendimentos-comerciais-diz-bruno-reis\/#primaryimage","url":"https:\/\/brasilnoticias.org\/site\/wp-content\/uploads\/2024\/08\/IMAGEM_NOTICIA_0-2-3.jpg","contentUrl":"https:\/\/brasilnoticias.org\/site\/wp-content\/uploads\/2024\/08\/IMAGEM_NOTICIA_0-2-3.jpg","width":850,"height":400},{"@type":"BreadcrumbList","@id":"https:\/\/brasilnoticias.org\/site\/salvador-bate-recorde-de-unidades-habitacionais-licenciadas-e-grandes-empreendimentos-comerciais-diz-bruno-reis\/#breadcrumb","itemListElement":[{"@type":"ListItem","position":1,"name":"In\u00edcio","item":"https:\/\/brasilnoticias.org\/site\/"},{"@type":"ListItem","position":2,"name":"Salvador bate recorde de unidades habitacionais licenciadas e grandes empreendimentos comerciais, diz Bruno Reis"}]},{"@type":"WebSite","@id":"https:\/\/brasilnoticias.org\/site\/#website","url":"https:\/\/brasilnoticias.org\/site\/","name":"Brasil not\u00edcias","description":"Brasil not\u00edcias","publisher":{"@id":"https:\/\/brasilnoticias.org\/site\/#organization"},"potentialAction":[{"@type":"SearchAction","target":{"@type":"EntryPoint","urlTemplate":"https:\/\/brasilnoticias.org\/site\/?s={search_term_string}"},"query-input":{"@type":"PropertyValueSpecification","valueRequired":true,"valueName":"search_term_string"}}],"inLanguage":"pt-PT"},{"@type":"Organization","@id":"https:\/\/brasilnoticias.org\/site\/#organization","name":"Brasil not\u00edcias","url":"https:\/\/brasilnoticias.org\/site\/","logo":{"@type":"ImageObject","inLanguage":"pt-PT","@id":"https:\/\/brasilnoticias.org\/site\/#\/schema\/logo\/image\/","url":"https:\/\/brasilnoticias.org\/site\/wp-content\/uploads\/2022\/05\/cropped-brasilnoticias-mini.jpg","contentUrl":"https:\/\/brasilnoticias.org\/site\/wp-content\/uploads\/2022\/05\/cropped-brasilnoticias-mini.jpg","width":314,"height":86,"caption":"Brasil not\u00edcias"},"image":{"@id":"https:\/\/brasilnoticias.org\/site\/#\/schema\/logo\/image\/"}},{"@type":"Person","@id":"https:\/\/brasilnoticias.org\/site\/#\/schema\/person\/03bbbfe6c7634ad18c26444ea39049fa","name":"Reda\u00e7\u00e3o","image":{"@type":"ImageObject","inLanguage":"pt-PT","@id":"https:\/\/brasilnoticias.org\/site\/#\/schema\/person\/image\/","url":"https:\/\/secure.gravatar.com\/avatar\/9ecaf7327a696cb23ad926fedded5f1f04d7049de9e445375d55b48c001a6e42?s=96&d=mm&r=g","contentUrl":"https:\/\/secure.gravatar.com\/avatar\/9ecaf7327a696cb23ad926fedded5f1f04d7049de9e445375d55b48c001a6e42?s=96&d=mm&r=g","caption":"Reda\u00e7\u00e3o"},"url":"https:\/\/brasilnoticias.org\/site\/author\/henrique\/"}]}},"_links":{"self":[{"href":"https:\/\/brasilnoticias.org\/site\/wp-json\/wp\/v2\/posts\/15630","targetHints":{"allow":["GET"]}}],"collection":[{"href":"https:\/\/brasilnoticias.org\/site\/wp-json\/wp\/v2\/posts"}],"about":[{"href":"https:\/\/brasilnoticias.org\/site\/wp-json\/wp\/v2\/types\/post"}],"author":[{"embeddable":true,"href":"https:\/\/brasilnoticias.org\/site\/wp-json\/wp\/v2\/users\/4"}],"replies":[{"embeddable":true,"href":"https:\/\/brasilnoticias.org\/site\/wp-json\/wp\/v2\/comments?post=15630"}],"version-history":[{"count":1,"href":"https:\/\/brasilnoticias.org\/site\/wp-json\/wp\/v2\/posts\/15630\/revisions"}],"predecessor-version":[{"id":15632,"href":"https:\/\/brasilnoticias.org\/site\/wp-json\/wp\/v2\/posts\/15630\/revisions\/15632"}],"wp:featuredmedia":[{"embeddable":true,"href":"https:\/\/brasilnoticias.org\/site\/wp-json\/wp\/v2\/media\/15631"}],"wp:attachment":[{"href":"https:\/\/brasilnoticias.org\/site\/wp-json\/wp\/v2\/media?parent=15630"}],"wp:term":[{"taxonomy":"category","embeddable":true,"href":"https:\/\/brasilnoticias.org\/site\/wp-json\/wp\/v2\/categories?post=15630"},{"taxonomy":"post_tag","embeddable":true,"href":"https:\/\/brasilnoticias.org\/site\/wp-json\/wp\/v2\/tags?post=15630"}],"curies":[{"name":"wp","href":"https:\/\/api.w.org\/{rel}","templated":true}]}}