{"id":15633,"date":"2024-08-23T18:54:58","date_gmt":"2024-08-23T21:54:58","guid":{"rendered":"https:\/\/brasilnoticias.org\/site\/?p=15633"},"modified":"2024-08-23T18:54:58","modified_gmt":"2024-08-23T21:54:58","slug":"prefeitura-de-feira-de-santana-ignora-obrigacoes-e-coloca-saude-publica-em-risco-diz-sesab","status":"publish","type":"post","link":"https:\/\/brasilnoticias.org\/site\/prefeitura-de-feira-de-santana-ignora-obrigacoes-e-coloca-saude-publica-em-risco-diz-sesab\/","title":{"rendered":"Prefeitura de Feira de Santana ignora obriga\u00e7\u00f5es e coloca sa\u00fade p\u00fablica em risco, diz Sesab"},"content":{"rendered":"<p>De acordo com Karlos Figueiredo, 100% dos pacientes que necessitam de interna\u00e7\u00e3o hospitalar de m\u00e9dia e alta complexidade em Feira de Santana s\u00e3o acolhidos pelo Estado<\/p>\n<p>Sob o comando de Colbert Martins, a prefeitura de Feira de Santana vem sendo alvo de duras cr\u00edticas sobre o sistema de sa\u00fade municipal. O m\u00e9dico e superintendente da rede estadual, Karlos Figueiredo, afirmou que a gest\u00e3o municipal tem falhado de maneira grave ao n\u00e3o cumprir suas obriga\u00e7\u00f5es financeiras, deixando os profissionais de sa\u00fade sem receber e provocando uma verdadeira crise no atendimento m\u00e9dico.<\/p>\n<p>\u201cEssa falta de compromisso e responsabilidade da prefeitura \u00e9 inadmiss\u00edvel, pois coloca em risco a sa\u00fade e a vida dos cidad\u00e3os, sendo essa postura j\u00e1 denunciada ao Minist\u00e9rio P\u00fablico, pois a restri\u00e7\u00e3o nos servi\u00e7os municipais sobrecarrega as estruturas estaduais\u201d, afirma o superintendente.<\/p>\n<p>O superintendente afirmou ainda ainda que o prefeito precisa, ao inv\u00e9s de criticar o Governo do Estado, reconhecer que a administra\u00e7\u00e3o estadual tem sido uma salvaguarda da sa\u00fade p\u00fablica na regi\u00e3o. De acordo com ele, 100% dos pacientes que necessitam de interna\u00e7\u00e3o hospitalar de m\u00e9dia e alta complexidade em Feira de Santana s\u00e3o acolhidos pelo Estado, j\u00e1 que o munic\u00edpio n\u00e3o disp\u00f5e de um hospital municipal. \u201cPior: mais de 60% dos casos pedi\u00e1tricos e 85% dos adultos poderiam ser solucionados nos postos de sa\u00fade, mas se agravam e v\u00e3o para as emerg\u00eancias por falta de m\u00e9dicos nos postos\u201d, indica Karlos Figueiredo.<\/p>\n<p>Foto: Sesab\/Leonardo Rattes<br \/>\nPor: Metro1<\/p>\n","protected":false},"excerpt":{"rendered":"<p>De acordo com Karlos Figueiredo, 100% dos pacientes que necessitam de interna\u00e7\u00e3o hospitalar de m\u00e9dia e alta complexidade em Feira<\/p>\n","protected":false},"author":4,"featured_media":15634,"comment_status":"open","ping_status":"open","sticky":false,"template":"","format":"standard","meta":{"colormag_page_container_layout":"default_layout","colormag_page_sidebar_layout":"default_layout","_FSMCFIC_featured_image_caption":"","_FSMCFIC_featured_image_nocaption":"","_FSMCFIC_featured_image_hide":"","footnotes":""},"categories":[5,1],"tags":[],"class_list":["post-15633","post","type-post","status-publish","format-standard","has-post-thumbnail","hentry","category-politica","category-ultimas"],"yoast_head":"<!-- This site is optimized with the Yoast SEO plugin v27.1.1 - https:\/\/yoast.com\/product\/yoast-seo-wordpress\/ -->\n<title>Prefeitura de Feira de Santana ignora obriga\u00e7\u00f5es e coloca sa\u00fade p\u00fablica em risco, diz Sesab - Brasil not\u00edcias<\/title>\n<meta name=\"robots\" content=\"index, follow, max-snippet:-1, max-image-preview:large, max-video-preview:-1\" \/>\n<link rel=\"canonical\" href=\"https:\/\/brasilnoticias.org\/site\/prefeitura-de-feira-de-santana-ignora-obrigacoes-e-coloca-saude-publica-em-risco-diz-sesab\/\" \/>\n<meta property=\"og:locale\" content=\"pt_PT\" \/>\n<meta property=\"og:type\" content=\"article\" \/>\n<meta property=\"og:title\" content=\"Prefeitura de Feira de Santana ignora obriga\u00e7\u00f5es e coloca sa\u00fade p\u00fablica em risco, diz Sesab - Brasil not\u00edcias\" \/>\n<meta property=\"og:description\" content=\"De acordo com Karlos Figueiredo, 100% dos pacientes que necessitam de interna\u00e7\u00e3o hospitalar de m\u00e9dia e alta complexidade em Feira\" \/>\n<meta property=\"og:url\" content=\"https:\/\/brasilnoticias.org\/site\/prefeitura-de-feira-de-santana-ignora-obrigacoes-e-coloca-saude-publica-em-risco-diz-sesab\/\" \/>\n<meta property=\"og:site_name\" content=\"Brasil not\u00edcias\" \/>\n<meta property=\"article:published_time\" content=\"2024-08-23T21:54:58+00:00\" \/>\n<meta property=\"og:image\" content=\"https:\/\/brasilnoticias.org\/site\/wp-content\/uploads\/2024\/08\/154387prefeitura-de-feira-de-santana-ignora-obrigacoes-e-coloca-saude-publica-em-risco-diz-sesab-3.jpg\" \/>\n\t<meta property=\"og:image:width\" content=\"1600\" \/>\n\t<meta property=\"og:image:height\" content=\"752\" \/>\n\t<meta property=\"og:image:type\" content=\"image\/jpeg\" \/>\n<meta name=\"author\" content=\"Reda\u00e7\u00e3o\" \/>\n<meta name=\"twitter:card\" content=\"summary_large_image\" \/>\n<meta name=\"twitter:label1\" content=\"Escrito por\" \/>\n\t<meta name=\"twitter:data1\" content=\"Reda\u00e7\u00e3o\" \/>\n\t<meta name=\"twitter:label2\" content=\"Tempo estimado de leitura\" \/>\n\t<meta name=\"twitter:data2\" content=\"1 minuto\" \/>\n<script type=\"application\/ld+json\" class=\"yoast-schema-graph\">{\"@context\":\"https:\/\/schema.org\",\"@graph\":[{\"@type\":\"Article\",\"@id\":\"https:\/\/brasilnoticias.org\/site\/prefeitura-de-feira-de-santana-ignora-obrigacoes-e-coloca-saude-publica-em-risco-diz-sesab\/#article\",\"isPartOf\":{\"@id\":\"https:\/\/brasilnoticias.org\/site\/prefeitura-de-feira-de-santana-ignora-obrigacoes-e-coloca-saude-publica-em-risco-diz-sesab\/\"},\"author\":{\"name\":\"Reda\u00e7\u00e3o\",\"@id\":\"https:\/\/brasilnoticias.org\/site\/#\/schema\/person\/03bbbfe6c7634ad18c26444ea39049fa\"},\"headline\":\"Prefeitura de Feira de Santana ignora obriga\u00e7\u00f5es e coloca sa\u00fade p\u00fablica em risco, diz Sesab\",\"datePublished\":\"2024-08-23T21:54:58+00:00\",\"mainEntityOfPage\":{\"@id\":\"https:\/\/brasilnoticias.org\/site\/prefeitura-de-feira-de-santana-ignora-obrigacoes-e-coloca-saude-publica-em-risco-diz-sesab\/\"},\"wordCount\":286,\"commentCount\":0,\"publisher\":{\"@id\":\"https:\/\/brasilnoticias.org\/site\/#organization\"},\"image\":{\"@id\":\"https:\/\/brasilnoticias.org\/site\/prefeitura-de-feira-de-santana-ignora-obrigacoes-e-coloca-saude-publica-em-risco-diz-sesab\/#primaryimage\"},\"thumbnailUrl\":\"https:\/\/brasilnoticias.org\/site\/wp-content\/uploads\/2024\/08\/154387prefeitura-de-feira-de-santana-ignora-obrigacoes-e-coloca-saude-publica-em-risco-diz-sesab-3.jpg\",\"articleSection\":[\"Pol\u00edtica\",\"\u00daltimas\"],\"inLanguage\":\"pt-PT\",\"potentialAction\":[{\"@type\":\"CommentAction\",\"name\":\"Comment\",\"target\":[\"https:\/\/brasilnoticias.org\/site\/prefeitura-de-feira-de-santana-ignora-obrigacoes-e-coloca-saude-publica-em-risco-diz-sesab\/#respond\"]}]},{\"@type\":\"WebPage\",\"@id\":\"https:\/\/brasilnoticias.org\/site\/prefeitura-de-feira-de-santana-ignora-obrigacoes-e-coloca-saude-publica-em-risco-diz-sesab\/\",\"url\":\"https:\/\/brasilnoticias.org\/site\/prefeitura-de-feira-de-santana-ignora-obrigacoes-e-coloca-saude-publica-em-risco-diz-sesab\/\",\"name\":\"Prefeitura de Feira de Santana ignora obriga\u00e7\u00f5es e coloca sa\u00fade p\u00fablica em risco, diz Sesab - Brasil not\u00edcias\",\"isPartOf\":{\"@id\":\"https:\/\/brasilnoticias.org\/site\/#website\"},\"primaryImageOfPage\":{\"@id\":\"https:\/\/brasilnoticias.org\/site\/prefeitura-de-feira-de-santana-ignora-obrigacoes-e-coloca-saude-publica-em-risco-diz-sesab\/#primaryimage\"},\"image\":{\"@id\":\"https:\/\/brasilnoticias.org\/site\/prefeitura-de-feira-de-santana-ignora-obrigacoes-e-coloca-saude-publica-em-risco-diz-sesab\/#primaryimage\"},\"thumbnailUrl\":\"https:\/\/brasilnoticias.org\/site\/wp-content\/uploads\/2024\/08\/154387prefeitura-de-feira-de-santana-ignora-obrigacoes-e-coloca-saude-publica-em-risco-diz-sesab-3.jpg\",\"datePublished\":\"2024-08-23T21:54:58+00:00\",\"breadcrumb\":{\"@id\":\"https:\/\/brasilnoticias.org\/site\/prefeitura-de-feira-de-santana-ignora-obrigacoes-e-coloca-saude-publica-em-risco-diz-sesab\/#breadcrumb\"},\"inLanguage\":\"pt-PT\",\"potentialAction\":[{\"@type\":\"ReadAction\",\"target\":[\"https:\/\/brasilnoticias.org\/site\/prefeitura-de-feira-de-santana-ignora-obrigacoes-e-coloca-saude-publica-em-risco-diz-sesab\/\"]}]},{\"@type\":\"ImageObject\",\"inLanguage\":\"pt-PT\",\"@id\":\"https:\/\/brasilnoticias.org\/site\/prefeitura-de-feira-de-santana-ignora-obrigacoes-e-coloca-saude-publica-em-risco-diz-sesab\/#primaryimage\",\"url\":\"https:\/\/brasilnoticias.org\/site\/wp-content\/uploads\/2024\/08\/154387prefeitura-de-feira-de-santana-ignora-obrigacoes-e-coloca-saude-publica-em-risco-diz-sesab-3.jpg\",\"contentUrl\":\"https:\/\/brasilnoticias.org\/site\/wp-content\/uploads\/2024\/08\/154387prefeitura-de-feira-de-santana-ignora-obrigacoes-e-coloca-saude-publica-em-risco-diz-sesab-3.jpg\",\"width\":1600,\"height\":752},{\"@type\":\"BreadcrumbList\",\"@id\":\"https:\/\/brasilnoticias.org\/site\/prefeitura-de-feira-de-santana-ignora-obrigacoes-e-coloca-saude-publica-em-risco-diz-sesab\/#breadcrumb\",\"itemListElement\":[{\"@type\":\"ListItem\",\"position\":1,\"name\":\"In\u00edcio\",\"item\":\"https:\/\/brasilnoticias.org\/site\/\"},{\"@type\":\"ListItem\",\"position\":2,\"name\":\"Prefeitura de Feira de Santana ignora obriga\u00e7\u00f5es e coloca sa\u00fade p\u00fablica em risco, diz Sesab\"}]},{\"@type\":\"WebSite\",\"@id\":\"https:\/\/brasilnoticias.org\/site\/#website\",\"url\":\"https:\/\/brasilnoticias.org\/site\/\",\"name\":\"Brasil not\u00edcias\",\"description\":\"Brasil not\u00edcias\",\"publisher\":{\"@id\":\"https:\/\/brasilnoticias.org\/site\/#organization\"},\"potentialAction\":[{\"@type\":\"SearchAction\",\"target\":{\"@type\":\"EntryPoint\",\"urlTemplate\":\"https:\/\/brasilnoticias.org\/site\/?s={search_term_string}\"},\"query-input\":{\"@type\":\"PropertyValueSpecification\",\"valueRequired\":true,\"valueName\":\"search_term_string\"}}],\"inLanguage\":\"pt-PT\"},{\"@type\":\"Organization\",\"@id\":\"https:\/\/brasilnoticias.org\/site\/#organization\",\"name\":\"Brasil not\u00edcias\",\"url\":\"https:\/\/brasilnoticias.org\/site\/\",\"logo\":{\"@type\":\"ImageObject\",\"inLanguage\":\"pt-PT\",\"@id\":\"https:\/\/brasilnoticias.org\/site\/#\/schema\/logo\/image\/\",\"url\":\"https:\/\/brasilnoticias.org\/site\/wp-content\/uploads\/2022\/05\/cropped-brasilnoticias-mini.jpg\",\"contentUrl\":\"https:\/\/brasilnoticias.org\/site\/wp-content\/uploads\/2022\/05\/cropped-brasilnoticias-mini.jpg\",\"width\":314,\"height\":86,\"caption\":\"Brasil not\u00edcias\"},\"image\":{\"@id\":\"https:\/\/brasilnoticias.org\/site\/#\/schema\/logo\/image\/\"}},{\"@type\":\"Person\",\"@id\":\"https:\/\/brasilnoticias.org\/site\/#\/schema\/person\/03bbbfe6c7634ad18c26444ea39049fa\",\"name\":\"Reda\u00e7\u00e3o\",\"image\":{\"@type\":\"ImageObject\",\"inLanguage\":\"pt-PT\",\"@id\":\"https:\/\/brasilnoticias.org\/site\/#\/schema\/person\/image\/\",\"url\":\"https:\/\/secure.gravatar.com\/avatar\/9ecaf7327a696cb23ad926fedded5f1f04d7049de9e445375d55b48c001a6e42?s=96&d=mm&r=g\",\"contentUrl\":\"https:\/\/secure.gravatar.com\/avatar\/9ecaf7327a696cb23ad926fedded5f1f04d7049de9e445375d55b48c001a6e42?s=96&d=mm&r=g\",\"caption\":\"Reda\u00e7\u00e3o\"},\"url\":\"https:\/\/brasilnoticias.org\/site\/author\/henrique\/\"}]}<\/script>\n<!-- \/ Yoast SEO plugin. -->","yoast_head_json":{"title":"Prefeitura de Feira de Santana ignora obriga\u00e7\u00f5es e coloca sa\u00fade p\u00fablica em risco, diz Sesab - Brasil not\u00edcias","robots":{"index":"index","follow":"follow","max-snippet":"max-snippet:-1","max-image-preview":"max-image-preview:large","max-video-preview":"max-video-preview:-1"},"canonical":"https:\/\/brasilnoticias.org\/site\/prefeitura-de-feira-de-santana-ignora-obrigacoes-e-coloca-saude-publica-em-risco-diz-sesab\/","og_locale":"pt_PT","og_type":"article","og_title":"Prefeitura de Feira de Santana ignora obriga\u00e7\u00f5es e coloca sa\u00fade p\u00fablica em risco, diz Sesab - Brasil not\u00edcias","og_description":"De acordo com Karlos Figueiredo, 100% dos pacientes que necessitam de interna\u00e7\u00e3o hospitalar de m\u00e9dia e alta complexidade em Feira","og_url":"https:\/\/brasilnoticias.org\/site\/prefeitura-de-feira-de-santana-ignora-obrigacoes-e-coloca-saude-publica-em-risco-diz-sesab\/","og_site_name":"Brasil not\u00edcias","article_published_time":"2024-08-23T21:54:58+00:00","og_image":[{"width":1600,"height":752,"url":"https:\/\/brasilnoticias.org\/site\/wp-content\/uploads\/2024\/08\/154387prefeitura-de-feira-de-santana-ignora-obrigacoes-e-coloca-saude-publica-em-risco-diz-sesab-3.jpg","type":"image\/jpeg"}],"author":"Reda\u00e7\u00e3o","twitter_card":"summary_large_image","twitter_misc":{"Escrito por":"Reda\u00e7\u00e3o","Tempo estimado de leitura":"1 minuto"},"schema":{"@context":"https:\/\/schema.org","@graph":[{"@type":"Article","@id":"https:\/\/brasilnoticias.org\/site\/prefeitura-de-feira-de-santana-ignora-obrigacoes-e-coloca-saude-publica-em-risco-diz-sesab\/#article","isPartOf":{"@id":"https:\/\/brasilnoticias.org\/site\/prefeitura-de-feira-de-santana-ignora-obrigacoes-e-coloca-saude-publica-em-risco-diz-sesab\/"},"author":{"name":"Reda\u00e7\u00e3o","@id":"https:\/\/brasilnoticias.org\/site\/#\/schema\/person\/03bbbfe6c7634ad18c26444ea39049fa"},"headline":"Prefeitura de Feira de Santana ignora obriga\u00e7\u00f5es e coloca sa\u00fade p\u00fablica em risco, diz Sesab","datePublished":"2024-08-23T21:54:58+00:00","mainEntityOfPage":{"@id":"https:\/\/brasilnoticias.org\/site\/prefeitura-de-feira-de-santana-ignora-obrigacoes-e-coloca-saude-publica-em-risco-diz-sesab\/"},"wordCount":286,"commentCount":0,"publisher":{"@id":"https:\/\/brasilnoticias.org\/site\/#organization"},"image":{"@id":"https:\/\/brasilnoticias.org\/site\/prefeitura-de-feira-de-santana-ignora-obrigacoes-e-coloca-saude-publica-em-risco-diz-sesab\/#primaryimage"},"thumbnailUrl":"https:\/\/brasilnoticias.org\/site\/wp-content\/uploads\/2024\/08\/154387prefeitura-de-feira-de-santana-ignora-obrigacoes-e-coloca-saude-publica-em-risco-diz-sesab-3.jpg","articleSection":["Pol\u00edtica","\u00daltimas"],"inLanguage":"pt-PT","potentialAction":[{"@type":"CommentAction","name":"Comment","target":["https:\/\/brasilnoticias.org\/site\/prefeitura-de-feira-de-santana-ignora-obrigacoes-e-coloca-saude-publica-em-risco-diz-sesab\/#respond"]}]},{"@type":"WebPage","@id":"https:\/\/brasilnoticias.org\/site\/prefeitura-de-feira-de-santana-ignora-obrigacoes-e-coloca-saude-publica-em-risco-diz-sesab\/","url":"https:\/\/brasilnoticias.org\/site\/prefeitura-de-feira-de-santana-ignora-obrigacoes-e-coloca-saude-publica-em-risco-diz-sesab\/","name":"Prefeitura de Feira de Santana ignora obriga\u00e7\u00f5es e coloca sa\u00fade p\u00fablica em risco, diz Sesab - Brasil not\u00edcias","isPartOf":{"@id":"https:\/\/brasilnoticias.org\/site\/#website"},"primaryImageOfPage":{"@id":"https:\/\/brasilnoticias.org\/site\/prefeitura-de-feira-de-santana-ignora-obrigacoes-e-coloca-saude-publica-em-risco-diz-sesab\/#primaryimage"},"image":{"@id":"https:\/\/brasilnoticias.org\/site\/prefeitura-de-feira-de-santana-ignora-obrigacoes-e-coloca-saude-publica-em-risco-diz-sesab\/#primaryimage"},"thumbnailUrl":"https:\/\/brasilnoticias.org\/site\/wp-content\/uploads\/2024\/08\/154387prefeitura-de-feira-de-santana-ignora-obrigacoes-e-coloca-saude-publica-em-risco-diz-sesab-3.jpg","datePublished":"2024-08-23T21:54:58+00:00","breadcrumb":{"@id":"https:\/\/brasilnoticias.org\/site\/prefeitura-de-feira-de-santana-ignora-obrigacoes-e-coloca-saude-publica-em-risco-diz-sesab\/#breadcrumb"},"inLanguage":"pt-PT","potentialAction":[{"@type":"ReadAction","target":["https:\/\/brasilnoticias.org\/site\/prefeitura-de-feira-de-santana-ignora-obrigacoes-e-coloca-saude-publica-em-risco-diz-sesab\/"]}]},{"@type":"ImageObject","inLanguage":"pt-PT","@id":"https:\/\/brasilnoticias.org\/site\/prefeitura-de-feira-de-santana-ignora-obrigacoes-e-coloca-saude-publica-em-risco-diz-sesab\/#primaryimage","url":"https:\/\/brasilnoticias.org\/site\/wp-content\/uploads\/2024\/08\/154387prefeitura-de-feira-de-santana-ignora-obrigacoes-e-coloca-saude-publica-em-risco-diz-sesab-3.jpg","contentUrl":"https:\/\/brasilnoticias.org\/site\/wp-content\/uploads\/2024\/08\/154387prefeitura-de-feira-de-santana-ignora-obrigacoes-e-coloca-saude-publica-em-risco-diz-sesab-3.jpg","width":1600,"height":752},{"@type":"BreadcrumbList","@id":"https:\/\/brasilnoticias.org\/site\/prefeitura-de-feira-de-santana-ignora-obrigacoes-e-coloca-saude-publica-em-risco-diz-sesab\/#breadcrumb","itemListElement":[{"@type":"ListItem","position":1,"name":"In\u00edcio","item":"https:\/\/brasilnoticias.org\/site\/"},{"@type":"ListItem","position":2,"name":"Prefeitura de Feira de Santana ignora obriga\u00e7\u00f5es e coloca sa\u00fade p\u00fablica em risco, diz Sesab"}]},{"@type":"WebSite","@id":"https:\/\/brasilnoticias.org\/site\/#website","url":"https:\/\/brasilnoticias.org\/site\/","name":"Brasil not\u00edcias","description":"Brasil not\u00edcias","publisher":{"@id":"https:\/\/brasilnoticias.org\/site\/#organization"},"potentialAction":[{"@type":"SearchAction","target":{"@type":"EntryPoint","urlTemplate":"https:\/\/brasilnoticias.org\/site\/?s={search_term_string}"},"query-input":{"@type":"PropertyValueSpecification","valueRequired":true,"valueName":"search_term_string"}}],"inLanguage":"pt-PT"},{"@type":"Organization","@id":"https:\/\/brasilnoticias.org\/site\/#organization","name":"Brasil not\u00edcias","url":"https:\/\/brasilnoticias.org\/site\/","logo":{"@type":"ImageObject","inLanguage":"pt-PT","@id":"https:\/\/brasilnoticias.org\/site\/#\/schema\/logo\/image\/","url":"https:\/\/brasilnoticias.org\/site\/wp-content\/uploads\/2022\/05\/cropped-brasilnoticias-mini.jpg","contentUrl":"https:\/\/brasilnoticias.org\/site\/wp-content\/uploads\/2022\/05\/cropped-brasilnoticias-mini.jpg","width":314,"height":86,"caption":"Brasil not\u00edcias"},"image":{"@id":"https:\/\/brasilnoticias.org\/site\/#\/schema\/logo\/image\/"}},{"@type":"Person","@id":"https:\/\/brasilnoticias.org\/site\/#\/schema\/person\/03bbbfe6c7634ad18c26444ea39049fa","name":"Reda\u00e7\u00e3o","image":{"@type":"ImageObject","inLanguage":"pt-PT","@id":"https:\/\/brasilnoticias.org\/site\/#\/schema\/person\/image\/","url":"https:\/\/secure.gravatar.com\/avatar\/9ecaf7327a696cb23ad926fedded5f1f04d7049de9e445375d55b48c001a6e42?s=96&d=mm&r=g","contentUrl":"https:\/\/secure.gravatar.com\/avatar\/9ecaf7327a696cb23ad926fedded5f1f04d7049de9e445375d55b48c001a6e42?s=96&d=mm&r=g","caption":"Reda\u00e7\u00e3o"},"url":"https:\/\/brasilnoticias.org\/site\/author\/henrique\/"}]}},"_links":{"self":[{"href":"https:\/\/brasilnoticias.org\/site\/wp-json\/wp\/v2\/posts\/15633","targetHints":{"allow":["GET"]}}],"collection":[{"href":"https:\/\/brasilnoticias.org\/site\/wp-json\/wp\/v2\/posts"}],"about":[{"href":"https:\/\/brasilnoticias.org\/site\/wp-json\/wp\/v2\/types\/post"}],"author":[{"embeddable":true,"href":"https:\/\/brasilnoticias.org\/site\/wp-json\/wp\/v2\/users\/4"}],"replies":[{"embeddable":true,"href":"https:\/\/brasilnoticias.org\/site\/wp-json\/wp\/v2\/comments?post=15633"}],"version-history":[{"count":1,"href":"https:\/\/brasilnoticias.org\/site\/wp-json\/wp\/v2\/posts\/15633\/revisions"}],"predecessor-version":[{"id":15635,"href":"https:\/\/brasilnoticias.org\/site\/wp-json\/wp\/v2\/posts\/15633\/revisions\/15635"}],"wp:featuredmedia":[{"embeddable":true,"href":"https:\/\/brasilnoticias.org\/site\/wp-json\/wp\/v2\/media\/15634"}],"wp:attachment":[{"href":"https:\/\/brasilnoticias.org\/site\/wp-json\/wp\/v2\/media?parent=15633"}],"wp:term":[{"taxonomy":"category","embeddable":true,"href":"https:\/\/brasilnoticias.org\/site\/wp-json\/wp\/v2\/categories?post=15633"},{"taxonomy":"post_tag","embeddable":true,"href":"https:\/\/brasilnoticias.org\/site\/wp-json\/wp\/v2\/tags?post=15633"}],"curies":[{"name":"wp","href":"https:\/\/api.w.org\/{rel}","templated":true}]}}