{"id":15642,"date":"2024-08-23T18:59:29","date_gmt":"2024-08-23T21:59:29","guid":{"rendered":"https:\/\/brasilnoticias.org\/site\/?p=15642"},"modified":"2024-08-23T18:59:29","modified_gmt":"2024-08-23T21:59:29","slug":"rua-no-rio-vermelho-sera-interditada-para-onibus-e-caminhoes-a-partir-deste-sabado-24","status":"publish","type":"post","link":"https:\/\/brasilnoticias.org\/site\/rua-no-rio-vermelho-sera-interditada-para-onibus-e-caminhoes-a-partir-deste-sabado-24\/","title":{"rendered":"Rua no Rio Vermelho ser\u00e1 interditada para \u00f4nibus e caminh\u00f5es a partir deste s\u00e1bado (24)"},"content":{"rendered":"<p>Restri\u00e7\u00e3o vai at\u00e9 segunda-feira (26)<\/p>\n<p>A partir deste s\u00e1bado (24\/8), at\u00e9 segunda-feira (26\/8), o trecho da Rua Conselheiro Pedro Luiz, no Rio Vermelho, entre a Selfit e a Rua Vieira Lopes, ser\u00e1 interditado somente para \u00f4nibus e caminh\u00f5es. A restri\u00e7\u00e3o ser\u00e1 para requalifica\u00e7\u00e3o do pavimento, entre 7h deste s\u00e1bado e 5h de segunda-feira (26). Outros ve\u00edculos n\u00e3o sofrer\u00e3o restri\u00e7\u00e3o.<\/p>\n<p>De acordo com a Superintend\u00eancia de Tr\u00e2nsito de Salvador (Transalvador), a opera\u00e7\u00e3o dever\u00e1 ser repetida no fim de semana seguinte, dias 30 e 31 de agosto.<\/p>\n<p>OP\u00c7\u00d5ES DE TR\u00c1FEGO<\/p>\n<p>Os \u00f4nibus origin\u00e1rios da Rua Oswaldo Cruz ser\u00e3o orientados a seguir pela Rua Jo\u00e3o Gomes por prepostos da Secretaria Municipal de Mobilidade (Semob). Os caminh\u00f5es dever\u00e3o acessar a Rua do Canal (Av. Juracy Magalh\u00e3es Junior), depois seguir \u00e0 esquerda, pelo pontilh\u00e3o da Rua Potiguares, acessando a Rua Vieira Lopes (Cl\u00ednica AMO) at\u00e9 chegar ao trecho aberto da Rua Conselheiro Pedro Luiz.<\/p>\n<p><img loading=\"lazy\" decoding=\"async\" src=\"http:\/\/massanoticias.com.br\/wp-content\/uploads\/2024\/08\/WhatsApp-Image-2024-08-23-at-17.51.12-1-768x768-1-300x300.jpeg\" alt=\"\" width=\"300\" height=\"300\" class=\"alignnone size-medium wp-image-15141\" \/><br \/>\nMapa da \u00e1rea interditada\/ Transalvador<\/p>\n<p>Foto: Ot\u00e1vio Santos \/ Secom PMS<br \/>\nAratu On<\/p>\n","protected":false},"excerpt":{"rendered":"<p>Restri\u00e7\u00e3o vai at\u00e9 segunda-feira (26) A partir deste s\u00e1bado (24\/8), at\u00e9 segunda-feira (26\/8), o trecho da Rua Conselheiro Pedro Luiz,<\/p>\n","protected":false},"author":4,"featured_media":15643,"comment_status":"open","ping_status":"open","sticky":false,"template":"","format":"standard","meta":{"colormag_page_container_layout":"default_layout","colormag_page_sidebar_layout":"default_layout","_FSMCFIC_featured_image_caption":"","_FSMCFIC_featured_image_nocaption":"","_FSMCFIC_featured_image_hide":"","footnotes":""},"categories":[2,1],"tags":[],"class_list":["post-15642","post","type-post","status-publish","format-standard","has-post-thumbnail","hentry","category-noticias","category-ultimas"],"yoast_head":"<!-- This site is optimized with the Yoast SEO plugin v27.1.1 - https:\/\/yoast.com\/product\/yoast-seo-wordpress\/ -->\n<title>Rua no Rio Vermelho ser\u00e1 interditada para \u00f4nibus e caminh\u00f5es a partir deste s\u00e1bado (24) - Brasil not\u00edcias<\/title>\n<meta name=\"robots\" content=\"index, follow, max-snippet:-1, max-image-preview:large, max-video-preview:-1\" \/>\n<link rel=\"canonical\" href=\"https:\/\/brasilnoticias.org\/site\/rua-no-rio-vermelho-sera-interditada-para-onibus-e-caminhoes-a-partir-deste-sabado-24\/\" \/>\n<meta property=\"og:locale\" content=\"pt_PT\" \/>\n<meta property=\"og:type\" content=\"article\" \/>\n<meta property=\"og:title\" content=\"Rua no Rio Vermelho ser\u00e1 interditada para \u00f4nibus e caminh\u00f5es a partir deste s\u00e1bado (24) - Brasil not\u00edcias\" \/>\n<meta property=\"og:description\" content=\"Restri\u00e7\u00e3o vai at\u00e9 segunda-feira (26) A partir deste s\u00e1bado (24\/8), at\u00e9 segunda-feira (26\/8), o trecho da Rua Conselheiro Pedro Luiz,\" \/>\n<meta property=\"og:url\" content=\"https:\/\/brasilnoticias.org\/site\/rua-no-rio-vermelho-sera-interditada-para-onibus-e-caminhoes-a-partir-deste-sabado-24\/\" \/>\n<meta property=\"og:site_name\" content=\"Brasil not\u00edcias\" \/>\n<meta property=\"article:published_time\" content=\"2024-08-23T21:59:29+00:00\" \/>\n<meta property=\"og:image\" content=\"https:\/\/brasilnoticias.org\/site\/wp-content\/uploads\/2024\/08\/WhatsApp-Image-2024-08-23-at-17.51.12-1-768x768-1.jpeg\" \/>\n\t<meta property=\"og:image:width\" content=\"768\" \/>\n\t<meta property=\"og:image:height\" content=\"768\" \/>\n\t<meta property=\"og:image:type\" content=\"image\/jpeg\" \/>\n<meta name=\"author\" content=\"Reda\u00e7\u00e3o\" \/>\n<meta name=\"twitter:card\" content=\"summary_large_image\" \/>\n<meta name=\"twitter:label1\" content=\"Escrito por\" \/>\n\t<meta name=\"twitter:data1\" content=\"Reda\u00e7\u00e3o\" \/>\n\t<meta name=\"twitter:label2\" content=\"Tempo estimado de leitura\" \/>\n\t<meta name=\"twitter:data2\" content=\"1 minuto\" \/>\n<script type=\"application\/ld+json\" class=\"yoast-schema-graph\">{\"@context\":\"https:\/\/schema.org\",\"@graph\":[{\"@type\":\"Article\",\"@id\":\"https:\/\/brasilnoticias.org\/site\/rua-no-rio-vermelho-sera-interditada-para-onibus-e-caminhoes-a-partir-deste-sabado-24\/#article\",\"isPartOf\":{\"@id\":\"https:\/\/brasilnoticias.org\/site\/rua-no-rio-vermelho-sera-interditada-para-onibus-e-caminhoes-a-partir-deste-sabado-24\/\"},\"author\":{\"name\":\"Reda\u00e7\u00e3o\",\"@id\":\"https:\/\/brasilnoticias.org\/site\/#\/schema\/person\/03bbbfe6c7634ad18c26444ea39049fa\"},\"headline\":\"Rua no Rio Vermelho ser\u00e1 interditada para \u00f4nibus e caminh\u00f5es a partir deste s\u00e1bado (24)\",\"datePublished\":\"2024-08-23T21:59:29+00:00\",\"mainEntityOfPage\":{\"@id\":\"https:\/\/brasilnoticias.org\/site\/rua-no-rio-vermelho-sera-interditada-para-onibus-e-caminhoes-a-partir-deste-sabado-24\/\"},\"wordCount\":194,\"commentCount\":0,\"publisher\":{\"@id\":\"https:\/\/brasilnoticias.org\/site\/#organization\"},\"image\":{\"@id\":\"https:\/\/brasilnoticias.org\/site\/rua-no-rio-vermelho-sera-interditada-para-onibus-e-caminhoes-a-partir-deste-sabado-24\/#primaryimage\"},\"thumbnailUrl\":\"https:\/\/brasilnoticias.org\/site\/wp-content\/uploads\/2024\/08\/WhatsApp-Image-2024-08-23-at-17.51.12-1-768x768-1.jpeg\",\"articleSection\":[\"Not\u00edcias\",\"\u00daltimas\"],\"inLanguage\":\"pt-PT\",\"potentialAction\":[{\"@type\":\"CommentAction\",\"name\":\"Comment\",\"target\":[\"https:\/\/brasilnoticias.org\/site\/rua-no-rio-vermelho-sera-interditada-para-onibus-e-caminhoes-a-partir-deste-sabado-24\/#respond\"]}]},{\"@type\":\"WebPage\",\"@id\":\"https:\/\/brasilnoticias.org\/site\/rua-no-rio-vermelho-sera-interditada-para-onibus-e-caminhoes-a-partir-deste-sabado-24\/\",\"url\":\"https:\/\/brasilnoticias.org\/site\/rua-no-rio-vermelho-sera-interditada-para-onibus-e-caminhoes-a-partir-deste-sabado-24\/\",\"name\":\"Rua no Rio Vermelho ser\u00e1 interditada para \u00f4nibus e caminh\u00f5es a partir deste s\u00e1bado (24) - Brasil not\u00edcias\",\"isPartOf\":{\"@id\":\"https:\/\/brasilnoticias.org\/site\/#website\"},\"primaryImageOfPage\":{\"@id\":\"https:\/\/brasilnoticias.org\/site\/rua-no-rio-vermelho-sera-interditada-para-onibus-e-caminhoes-a-partir-deste-sabado-24\/#primaryimage\"},\"image\":{\"@id\":\"https:\/\/brasilnoticias.org\/site\/rua-no-rio-vermelho-sera-interditada-para-onibus-e-caminhoes-a-partir-deste-sabado-24\/#primaryimage\"},\"thumbnailUrl\":\"https:\/\/brasilnoticias.org\/site\/wp-content\/uploads\/2024\/08\/WhatsApp-Image-2024-08-23-at-17.51.12-1-768x768-1.jpeg\",\"datePublished\":\"2024-08-23T21:59:29+00:00\",\"breadcrumb\":{\"@id\":\"https:\/\/brasilnoticias.org\/site\/rua-no-rio-vermelho-sera-interditada-para-onibus-e-caminhoes-a-partir-deste-sabado-24\/#breadcrumb\"},\"inLanguage\":\"pt-PT\",\"potentialAction\":[{\"@type\":\"ReadAction\",\"target\":[\"https:\/\/brasilnoticias.org\/site\/rua-no-rio-vermelho-sera-interditada-para-onibus-e-caminhoes-a-partir-deste-sabado-24\/\"]}]},{\"@type\":\"ImageObject\",\"inLanguage\":\"pt-PT\",\"@id\":\"https:\/\/brasilnoticias.org\/site\/rua-no-rio-vermelho-sera-interditada-para-onibus-e-caminhoes-a-partir-deste-sabado-24\/#primaryimage\",\"url\":\"https:\/\/brasilnoticias.org\/site\/wp-content\/uploads\/2024\/08\/WhatsApp-Image-2024-08-23-at-17.51.12-1-768x768-1.jpeg\",\"contentUrl\":\"https:\/\/brasilnoticias.org\/site\/wp-content\/uploads\/2024\/08\/WhatsApp-Image-2024-08-23-at-17.51.12-1-768x768-1.jpeg\",\"width\":768,\"height\":768},{\"@type\":\"BreadcrumbList\",\"@id\":\"https:\/\/brasilnoticias.org\/site\/rua-no-rio-vermelho-sera-interditada-para-onibus-e-caminhoes-a-partir-deste-sabado-24\/#breadcrumb\",\"itemListElement\":[{\"@type\":\"ListItem\",\"position\":1,\"name\":\"In\u00edcio\",\"item\":\"https:\/\/brasilnoticias.org\/site\/\"},{\"@type\":\"ListItem\",\"position\":2,\"name\":\"Rua no Rio Vermelho ser\u00e1 interditada para \u00f4nibus e caminh\u00f5es a partir deste s\u00e1bado (24)\"}]},{\"@type\":\"WebSite\",\"@id\":\"https:\/\/brasilnoticias.org\/site\/#website\",\"url\":\"https:\/\/brasilnoticias.org\/site\/\",\"name\":\"Brasil not\u00edcias\",\"description\":\"Brasil not\u00edcias\",\"publisher\":{\"@id\":\"https:\/\/brasilnoticias.org\/site\/#organization\"},\"potentialAction\":[{\"@type\":\"SearchAction\",\"target\":{\"@type\":\"EntryPoint\",\"urlTemplate\":\"https:\/\/brasilnoticias.org\/site\/?s={search_term_string}\"},\"query-input\":{\"@type\":\"PropertyValueSpecification\",\"valueRequired\":true,\"valueName\":\"search_term_string\"}}],\"inLanguage\":\"pt-PT\"},{\"@type\":\"Organization\",\"@id\":\"https:\/\/brasilnoticias.org\/site\/#organization\",\"name\":\"Brasil not\u00edcias\",\"url\":\"https:\/\/brasilnoticias.org\/site\/\",\"logo\":{\"@type\":\"ImageObject\",\"inLanguage\":\"pt-PT\",\"@id\":\"https:\/\/brasilnoticias.org\/site\/#\/schema\/logo\/image\/\",\"url\":\"https:\/\/brasilnoticias.org\/site\/wp-content\/uploads\/2022\/05\/cropped-brasilnoticias-mini.jpg\",\"contentUrl\":\"https:\/\/brasilnoticias.org\/site\/wp-content\/uploads\/2022\/05\/cropped-brasilnoticias-mini.jpg\",\"width\":314,\"height\":86,\"caption\":\"Brasil not\u00edcias\"},\"image\":{\"@id\":\"https:\/\/brasilnoticias.org\/site\/#\/schema\/logo\/image\/\"}},{\"@type\":\"Person\",\"@id\":\"https:\/\/brasilnoticias.org\/site\/#\/schema\/person\/03bbbfe6c7634ad18c26444ea39049fa\",\"name\":\"Reda\u00e7\u00e3o\",\"image\":{\"@type\":\"ImageObject\",\"inLanguage\":\"pt-PT\",\"@id\":\"https:\/\/brasilnoticias.org\/site\/#\/schema\/person\/image\/\",\"url\":\"https:\/\/secure.gravatar.com\/avatar\/9ecaf7327a696cb23ad926fedded5f1f04d7049de9e445375d55b48c001a6e42?s=96&d=mm&r=g\",\"contentUrl\":\"https:\/\/secure.gravatar.com\/avatar\/9ecaf7327a696cb23ad926fedded5f1f04d7049de9e445375d55b48c001a6e42?s=96&d=mm&r=g\",\"caption\":\"Reda\u00e7\u00e3o\"},\"url\":\"https:\/\/brasilnoticias.org\/site\/author\/henrique\/\"}]}<\/script>\n<!-- \/ Yoast SEO plugin. -->","yoast_head_json":{"title":"Rua no Rio Vermelho ser\u00e1 interditada para \u00f4nibus e caminh\u00f5es a partir deste s\u00e1bado (24) - Brasil not\u00edcias","robots":{"index":"index","follow":"follow","max-snippet":"max-snippet:-1","max-image-preview":"max-image-preview:large","max-video-preview":"max-video-preview:-1"},"canonical":"https:\/\/brasilnoticias.org\/site\/rua-no-rio-vermelho-sera-interditada-para-onibus-e-caminhoes-a-partir-deste-sabado-24\/","og_locale":"pt_PT","og_type":"article","og_title":"Rua no Rio Vermelho ser\u00e1 interditada para \u00f4nibus e caminh\u00f5es a partir deste s\u00e1bado (24) - Brasil not\u00edcias","og_description":"Restri\u00e7\u00e3o vai at\u00e9 segunda-feira (26) A partir deste s\u00e1bado (24\/8), at\u00e9 segunda-feira (26\/8), o trecho da Rua Conselheiro Pedro Luiz,","og_url":"https:\/\/brasilnoticias.org\/site\/rua-no-rio-vermelho-sera-interditada-para-onibus-e-caminhoes-a-partir-deste-sabado-24\/","og_site_name":"Brasil not\u00edcias","article_published_time":"2024-08-23T21:59:29+00:00","og_image":[{"width":768,"height":768,"url":"https:\/\/brasilnoticias.org\/site\/wp-content\/uploads\/2024\/08\/WhatsApp-Image-2024-08-23-at-17.51.12-1-768x768-1.jpeg","type":"image\/jpeg"}],"author":"Reda\u00e7\u00e3o","twitter_card":"summary_large_image","twitter_misc":{"Escrito por":"Reda\u00e7\u00e3o","Tempo estimado de leitura":"1 minuto"},"schema":{"@context":"https:\/\/schema.org","@graph":[{"@type":"Article","@id":"https:\/\/brasilnoticias.org\/site\/rua-no-rio-vermelho-sera-interditada-para-onibus-e-caminhoes-a-partir-deste-sabado-24\/#article","isPartOf":{"@id":"https:\/\/brasilnoticias.org\/site\/rua-no-rio-vermelho-sera-interditada-para-onibus-e-caminhoes-a-partir-deste-sabado-24\/"},"author":{"name":"Reda\u00e7\u00e3o","@id":"https:\/\/brasilnoticias.org\/site\/#\/schema\/person\/03bbbfe6c7634ad18c26444ea39049fa"},"headline":"Rua no Rio Vermelho ser\u00e1 interditada para \u00f4nibus e caminh\u00f5es a partir deste s\u00e1bado (24)","datePublished":"2024-08-23T21:59:29+00:00","mainEntityOfPage":{"@id":"https:\/\/brasilnoticias.org\/site\/rua-no-rio-vermelho-sera-interditada-para-onibus-e-caminhoes-a-partir-deste-sabado-24\/"},"wordCount":194,"commentCount":0,"publisher":{"@id":"https:\/\/brasilnoticias.org\/site\/#organization"},"image":{"@id":"https:\/\/brasilnoticias.org\/site\/rua-no-rio-vermelho-sera-interditada-para-onibus-e-caminhoes-a-partir-deste-sabado-24\/#primaryimage"},"thumbnailUrl":"https:\/\/brasilnoticias.org\/site\/wp-content\/uploads\/2024\/08\/WhatsApp-Image-2024-08-23-at-17.51.12-1-768x768-1.jpeg","articleSection":["Not\u00edcias","\u00daltimas"],"inLanguage":"pt-PT","potentialAction":[{"@type":"CommentAction","name":"Comment","target":["https:\/\/brasilnoticias.org\/site\/rua-no-rio-vermelho-sera-interditada-para-onibus-e-caminhoes-a-partir-deste-sabado-24\/#respond"]}]},{"@type":"WebPage","@id":"https:\/\/brasilnoticias.org\/site\/rua-no-rio-vermelho-sera-interditada-para-onibus-e-caminhoes-a-partir-deste-sabado-24\/","url":"https:\/\/brasilnoticias.org\/site\/rua-no-rio-vermelho-sera-interditada-para-onibus-e-caminhoes-a-partir-deste-sabado-24\/","name":"Rua no Rio Vermelho ser\u00e1 interditada para \u00f4nibus e caminh\u00f5es a partir deste s\u00e1bado (24) - Brasil not\u00edcias","isPartOf":{"@id":"https:\/\/brasilnoticias.org\/site\/#website"},"primaryImageOfPage":{"@id":"https:\/\/brasilnoticias.org\/site\/rua-no-rio-vermelho-sera-interditada-para-onibus-e-caminhoes-a-partir-deste-sabado-24\/#primaryimage"},"image":{"@id":"https:\/\/brasilnoticias.org\/site\/rua-no-rio-vermelho-sera-interditada-para-onibus-e-caminhoes-a-partir-deste-sabado-24\/#primaryimage"},"thumbnailUrl":"https:\/\/brasilnoticias.org\/site\/wp-content\/uploads\/2024\/08\/WhatsApp-Image-2024-08-23-at-17.51.12-1-768x768-1.jpeg","datePublished":"2024-08-23T21:59:29+00:00","breadcrumb":{"@id":"https:\/\/brasilnoticias.org\/site\/rua-no-rio-vermelho-sera-interditada-para-onibus-e-caminhoes-a-partir-deste-sabado-24\/#breadcrumb"},"inLanguage":"pt-PT","potentialAction":[{"@type":"ReadAction","target":["https:\/\/brasilnoticias.org\/site\/rua-no-rio-vermelho-sera-interditada-para-onibus-e-caminhoes-a-partir-deste-sabado-24\/"]}]},{"@type":"ImageObject","inLanguage":"pt-PT","@id":"https:\/\/brasilnoticias.org\/site\/rua-no-rio-vermelho-sera-interditada-para-onibus-e-caminhoes-a-partir-deste-sabado-24\/#primaryimage","url":"https:\/\/brasilnoticias.org\/site\/wp-content\/uploads\/2024\/08\/WhatsApp-Image-2024-08-23-at-17.51.12-1-768x768-1.jpeg","contentUrl":"https:\/\/brasilnoticias.org\/site\/wp-content\/uploads\/2024\/08\/WhatsApp-Image-2024-08-23-at-17.51.12-1-768x768-1.jpeg","width":768,"height":768},{"@type":"BreadcrumbList","@id":"https:\/\/brasilnoticias.org\/site\/rua-no-rio-vermelho-sera-interditada-para-onibus-e-caminhoes-a-partir-deste-sabado-24\/#breadcrumb","itemListElement":[{"@type":"ListItem","position":1,"name":"In\u00edcio","item":"https:\/\/brasilnoticias.org\/site\/"},{"@type":"ListItem","position":2,"name":"Rua no Rio Vermelho ser\u00e1 interditada para \u00f4nibus e caminh\u00f5es a partir deste s\u00e1bado (24)"}]},{"@type":"WebSite","@id":"https:\/\/brasilnoticias.org\/site\/#website","url":"https:\/\/brasilnoticias.org\/site\/","name":"Brasil not\u00edcias","description":"Brasil not\u00edcias","publisher":{"@id":"https:\/\/brasilnoticias.org\/site\/#organization"},"potentialAction":[{"@type":"SearchAction","target":{"@type":"EntryPoint","urlTemplate":"https:\/\/brasilnoticias.org\/site\/?s={search_term_string}"},"query-input":{"@type":"PropertyValueSpecification","valueRequired":true,"valueName":"search_term_string"}}],"inLanguage":"pt-PT"},{"@type":"Organization","@id":"https:\/\/brasilnoticias.org\/site\/#organization","name":"Brasil not\u00edcias","url":"https:\/\/brasilnoticias.org\/site\/","logo":{"@type":"ImageObject","inLanguage":"pt-PT","@id":"https:\/\/brasilnoticias.org\/site\/#\/schema\/logo\/image\/","url":"https:\/\/brasilnoticias.org\/site\/wp-content\/uploads\/2022\/05\/cropped-brasilnoticias-mini.jpg","contentUrl":"https:\/\/brasilnoticias.org\/site\/wp-content\/uploads\/2022\/05\/cropped-brasilnoticias-mini.jpg","width":314,"height":86,"caption":"Brasil not\u00edcias"},"image":{"@id":"https:\/\/brasilnoticias.org\/site\/#\/schema\/logo\/image\/"}},{"@type":"Person","@id":"https:\/\/brasilnoticias.org\/site\/#\/schema\/person\/03bbbfe6c7634ad18c26444ea39049fa","name":"Reda\u00e7\u00e3o","image":{"@type":"ImageObject","inLanguage":"pt-PT","@id":"https:\/\/brasilnoticias.org\/site\/#\/schema\/person\/image\/","url":"https:\/\/secure.gravatar.com\/avatar\/9ecaf7327a696cb23ad926fedded5f1f04d7049de9e445375d55b48c001a6e42?s=96&d=mm&r=g","contentUrl":"https:\/\/secure.gravatar.com\/avatar\/9ecaf7327a696cb23ad926fedded5f1f04d7049de9e445375d55b48c001a6e42?s=96&d=mm&r=g","caption":"Reda\u00e7\u00e3o"},"url":"https:\/\/brasilnoticias.org\/site\/author\/henrique\/"}]}},"_links":{"self":[{"href":"https:\/\/brasilnoticias.org\/site\/wp-json\/wp\/v2\/posts\/15642","targetHints":{"allow":["GET"]}}],"collection":[{"href":"https:\/\/brasilnoticias.org\/site\/wp-json\/wp\/v2\/posts"}],"about":[{"href":"https:\/\/brasilnoticias.org\/site\/wp-json\/wp\/v2\/types\/post"}],"author":[{"embeddable":true,"href":"https:\/\/brasilnoticias.org\/site\/wp-json\/wp\/v2\/users\/4"}],"replies":[{"embeddable":true,"href":"https:\/\/brasilnoticias.org\/site\/wp-json\/wp\/v2\/comments?post=15642"}],"version-history":[{"count":1,"href":"https:\/\/brasilnoticias.org\/site\/wp-json\/wp\/v2\/posts\/15642\/revisions"}],"predecessor-version":[{"id":15644,"href":"https:\/\/brasilnoticias.org\/site\/wp-json\/wp\/v2\/posts\/15642\/revisions\/15644"}],"wp:featuredmedia":[{"embeddable":true,"href":"https:\/\/brasilnoticias.org\/site\/wp-json\/wp\/v2\/media\/15643"}],"wp:attachment":[{"href":"https:\/\/brasilnoticias.org\/site\/wp-json\/wp\/v2\/media?parent=15642"}],"wp:term":[{"taxonomy":"category","embeddable":true,"href":"https:\/\/brasilnoticias.org\/site\/wp-json\/wp\/v2\/categories?post=15642"},{"taxonomy":"post_tag","embeddable":true,"href":"https:\/\/brasilnoticias.org\/site\/wp-json\/wp\/v2\/tags?post=15642"}],"curies":[{"name":"wp","href":"https:\/\/api.w.org\/{rel}","templated":true}]}}