{"id":15665,"date":"2024-08-24T11:18:27","date_gmt":"2024-08-24T14:18:27","guid":{"rendered":"https:\/\/brasilnoticias.org\/site\/?p=15665"},"modified":"2024-08-24T11:18:27","modified_gmt":"2024-08-24T14:18:27","slug":"justica-concede-liminar-pedida-por-psb-e-manda-tirar-perfis-de-marcal-do-ar","status":"publish","type":"post","link":"https:\/\/brasilnoticias.org\/site\/justica-concede-liminar-pedida-por-psb-e-manda-tirar-perfis-de-marcal-do-ar\/","title":{"rendered":"Justi\u00e7a concede liminar pedida por PSB e manda tirar perfis de Mar\u00e7al do ar"},"content":{"rendered":"<p>A liminar foi deferida pelo juiz Antonio Maria Pati\u00f1o Zorz e determina a suspens\u00e3o das contas nas redes sociais do candidato \u00e0 prefeitura de S\u00e3o Paulo pelo PRTB, Pablo Mar\u00e7al.<\/p>\n<p>Uma liminar solicitada pelo PSB foi deferida pelo juiz Antonio Maria Pati\u00f1o Zorz e determina a suspens\u00e3o das contas nas redes sociais do candidato \u00e0 prefeitura de S\u00e3o Paulo pelo PRTB, Pablo Mar\u00e7al. O perfil dele no Instagram, no entanto, ainda est\u00e1 no ar.<\/p>\n<p>&#8220;Para coibir flagrante desequil\u00edbrio na disputa eleitoral e estancar dano decorrente da perpetua\u00e7\u00e3o do &#8220;campeonato&#8221;, defiro o pedido de liminar, sob pena de imposi\u00e7\u00e3o de multa di\u00e1ria no valor de R$ 10 mil&#8221;, detalhou o documento.<\/p>\n<p>De acordo com a coluna de Raquel Landim, do UOL, com a liminar, est\u00e3o suspensos os perfis no Instagram, YouTube, TikTok e o site da campanha, al\u00e9m de ficar proibido que ele remunere os &#8220;cortadores&#8221; dos seus conte\u00fados com a vincula\u00e7\u00e3o de Pablo Mar\u00e7al como candidato a prefeito de S\u00e3o Paulo.<\/p>\n<p>A liminar atende um pedido feito pela campanha da candidata \u00e0 Prefeitura de S\u00e3o Paulo Tabata Amaral (PSB-SP), que alega que Mar\u00e7al comete abuso de poder econ\u00f4mico, ao remunerar indevidamente seus seguidores para promover sua campanha nas redes sociais. Ainda segundo a coluna, Mar\u00e7al nega e diz que eles fazem isso espontaneamente porque lucram com sua imagem.<\/p>\n<p>A decis\u00e3o \u00e9 liminar e ainda n\u00e3o foi julgado o m\u00e9rito do assunto. &#8220;Com essa decis\u00e3o, o que a Justi\u00e7a Eleitoral est\u00e1 apontando \u00e9 que h\u00e1 suspeitas concretas de que Mar\u00e7al fez uso de recursos ilegais par se promover nessas elei\u00e7\u00f5es. \u00c9 uma decis\u00e3o liminar. Basicamente, Pablo caiu no antidoping&#8221;, informou a campanha de Tabata \u00e0 colunista do UOL. A reportagem apurou que Mar\u00e7al vai recorrer.<\/p>\n<p>Foto: Renato Pizzutto\/Band<br \/>\nPor: Metro1<\/p>\n","protected":false},"excerpt":{"rendered":"<p>A liminar foi deferida pelo juiz Antonio Maria Pati\u00f1o Zorz e determina a suspens\u00e3o das contas nas redes sociais do<\/p>\n","protected":false},"author":4,"featured_media":15666,"comment_status":"open","ping_status":"open","sticky":false,"template":"","format":"standard","meta":{"colormag_page_container_layout":"default_layout","colormag_page_sidebar_layout":"default_layout","_FSMCFIC_featured_image_caption":"","_FSMCFIC_featured_image_nocaption":"","_FSMCFIC_featured_image_hide":"","footnotes":""},"categories":[7,1],"tags":[],"class_list":["post-15665","post","type-post","status-publish","format-standard","has-post-thumbnail","hentry","category-justica","category-ultimas"],"yoast_head":"<!-- This site is optimized with the Yoast SEO plugin v27.1.1 - https:\/\/yoast.com\/product\/yoast-seo-wordpress\/ -->\n<title>Justi\u00e7a concede liminar pedida por PSB e manda tirar perfis de Mar\u00e7al do ar - Brasil not\u00edcias<\/title>\n<meta name=\"robots\" content=\"index, follow, max-snippet:-1, max-image-preview:large, max-video-preview:-1\" \/>\n<link rel=\"canonical\" href=\"https:\/\/brasilnoticias.org\/site\/justica-concede-liminar-pedida-por-psb-e-manda-tirar-perfis-de-marcal-do-ar\/\" \/>\n<meta property=\"og:locale\" content=\"pt_PT\" \/>\n<meta property=\"og:type\" content=\"article\" \/>\n<meta property=\"og:title\" content=\"Justi\u00e7a concede liminar pedida por PSB e manda tirar perfis de Mar\u00e7al do ar - Brasil not\u00edcias\" \/>\n<meta property=\"og:description\" content=\"A liminar foi deferida pelo juiz Antonio Maria Pati\u00f1o Zorz e determina a suspens\u00e3o das contas nas redes sociais do\" \/>\n<meta property=\"og:url\" content=\"https:\/\/brasilnoticias.org\/site\/justica-concede-liminar-pedida-por-psb-e-manda-tirar-perfis-de-marcal-do-ar\/\" \/>\n<meta property=\"og:site_name\" content=\"Brasil not\u00edcias\" \/>\n<meta property=\"article:published_time\" content=\"2024-08-24T14:18:27+00:00\" \/>\n<meta property=\"og:image\" content=\"https:\/\/brasilnoticias.org\/site\/wp-content\/uploads\/2024\/08\/154397justica-concede-liminar-pedida-por-psb-e-manda-tirar-perfis-de-marcal-do-ar-3.jpg\" \/>\n\t<meta property=\"og:image:width\" content=\"1600\" \/>\n\t<meta property=\"og:image:height\" content=\"752\" \/>\n\t<meta property=\"og:image:type\" content=\"image\/jpeg\" \/>\n<meta name=\"author\" content=\"Reda\u00e7\u00e3o\" \/>\n<meta name=\"twitter:card\" content=\"summary_large_image\" \/>\n<meta name=\"twitter:label1\" content=\"Escrito por\" \/>\n\t<meta name=\"twitter:data1\" content=\"Reda\u00e7\u00e3o\" \/>\n\t<meta name=\"twitter:label2\" content=\"Tempo estimado de leitura\" \/>\n\t<meta name=\"twitter:data2\" content=\"1 minuto\" \/>\n<script type=\"application\/ld+json\" class=\"yoast-schema-graph\">{\"@context\":\"https:\/\/schema.org\",\"@graph\":[{\"@type\":\"Article\",\"@id\":\"https:\/\/brasilnoticias.org\/site\/justica-concede-liminar-pedida-por-psb-e-manda-tirar-perfis-de-marcal-do-ar\/#article\",\"isPartOf\":{\"@id\":\"https:\/\/brasilnoticias.org\/site\/justica-concede-liminar-pedida-por-psb-e-manda-tirar-perfis-de-marcal-do-ar\/\"},\"author\":{\"name\":\"Reda\u00e7\u00e3o\",\"@id\":\"https:\/\/brasilnoticias.org\/site\/#\/schema\/person\/03bbbfe6c7634ad18c26444ea39049fa\"},\"headline\":\"Justi\u00e7a concede liminar pedida por PSB e manda tirar perfis de Mar\u00e7al do ar\",\"datePublished\":\"2024-08-24T14:18:27+00:00\",\"mainEntityOfPage\":{\"@id\":\"https:\/\/brasilnoticias.org\/site\/justica-concede-liminar-pedida-por-psb-e-manda-tirar-perfis-de-marcal-do-ar\/\"},\"wordCount\":329,\"commentCount\":0,\"publisher\":{\"@id\":\"https:\/\/brasilnoticias.org\/site\/#organization\"},\"image\":{\"@id\":\"https:\/\/brasilnoticias.org\/site\/justica-concede-liminar-pedida-por-psb-e-manda-tirar-perfis-de-marcal-do-ar\/#primaryimage\"},\"thumbnailUrl\":\"https:\/\/brasilnoticias.org\/site\/wp-content\/uploads\/2024\/08\/154397justica-concede-liminar-pedida-por-psb-e-manda-tirar-perfis-de-marcal-do-ar-3.jpg\",\"articleSection\":[\"Justi\u00e7a\",\"\u00daltimas\"],\"inLanguage\":\"pt-PT\",\"potentialAction\":[{\"@type\":\"CommentAction\",\"name\":\"Comment\",\"target\":[\"https:\/\/brasilnoticias.org\/site\/justica-concede-liminar-pedida-por-psb-e-manda-tirar-perfis-de-marcal-do-ar\/#respond\"]}]},{\"@type\":\"WebPage\",\"@id\":\"https:\/\/brasilnoticias.org\/site\/justica-concede-liminar-pedida-por-psb-e-manda-tirar-perfis-de-marcal-do-ar\/\",\"url\":\"https:\/\/brasilnoticias.org\/site\/justica-concede-liminar-pedida-por-psb-e-manda-tirar-perfis-de-marcal-do-ar\/\",\"name\":\"Justi\u00e7a concede liminar pedida por PSB e manda tirar perfis de Mar\u00e7al do ar - Brasil not\u00edcias\",\"isPartOf\":{\"@id\":\"https:\/\/brasilnoticias.org\/site\/#website\"},\"primaryImageOfPage\":{\"@id\":\"https:\/\/brasilnoticias.org\/site\/justica-concede-liminar-pedida-por-psb-e-manda-tirar-perfis-de-marcal-do-ar\/#primaryimage\"},\"image\":{\"@id\":\"https:\/\/brasilnoticias.org\/site\/justica-concede-liminar-pedida-por-psb-e-manda-tirar-perfis-de-marcal-do-ar\/#primaryimage\"},\"thumbnailUrl\":\"https:\/\/brasilnoticias.org\/site\/wp-content\/uploads\/2024\/08\/154397justica-concede-liminar-pedida-por-psb-e-manda-tirar-perfis-de-marcal-do-ar-3.jpg\",\"datePublished\":\"2024-08-24T14:18:27+00:00\",\"breadcrumb\":{\"@id\":\"https:\/\/brasilnoticias.org\/site\/justica-concede-liminar-pedida-por-psb-e-manda-tirar-perfis-de-marcal-do-ar\/#breadcrumb\"},\"inLanguage\":\"pt-PT\",\"potentialAction\":[{\"@type\":\"ReadAction\",\"target\":[\"https:\/\/brasilnoticias.org\/site\/justica-concede-liminar-pedida-por-psb-e-manda-tirar-perfis-de-marcal-do-ar\/\"]}]},{\"@type\":\"ImageObject\",\"inLanguage\":\"pt-PT\",\"@id\":\"https:\/\/brasilnoticias.org\/site\/justica-concede-liminar-pedida-por-psb-e-manda-tirar-perfis-de-marcal-do-ar\/#primaryimage\",\"url\":\"https:\/\/brasilnoticias.org\/site\/wp-content\/uploads\/2024\/08\/154397justica-concede-liminar-pedida-por-psb-e-manda-tirar-perfis-de-marcal-do-ar-3.jpg\",\"contentUrl\":\"https:\/\/brasilnoticias.org\/site\/wp-content\/uploads\/2024\/08\/154397justica-concede-liminar-pedida-por-psb-e-manda-tirar-perfis-de-marcal-do-ar-3.jpg\",\"width\":1600,\"height\":752},{\"@type\":\"BreadcrumbList\",\"@id\":\"https:\/\/brasilnoticias.org\/site\/justica-concede-liminar-pedida-por-psb-e-manda-tirar-perfis-de-marcal-do-ar\/#breadcrumb\",\"itemListElement\":[{\"@type\":\"ListItem\",\"position\":1,\"name\":\"In\u00edcio\",\"item\":\"https:\/\/brasilnoticias.org\/site\/\"},{\"@type\":\"ListItem\",\"position\":2,\"name\":\"Justi\u00e7a concede liminar pedida por PSB e manda tirar perfis de Mar\u00e7al do ar\"}]},{\"@type\":\"WebSite\",\"@id\":\"https:\/\/brasilnoticias.org\/site\/#website\",\"url\":\"https:\/\/brasilnoticias.org\/site\/\",\"name\":\"Brasil not\u00edcias\",\"description\":\"Brasil not\u00edcias\",\"publisher\":{\"@id\":\"https:\/\/brasilnoticias.org\/site\/#organization\"},\"potentialAction\":[{\"@type\":\"SearchAction\",\"target\":{\"@type\":\"EntryPoint\",\"urlTemplate\":\"https:\/\/brasilnoticias.org\/site\/?s={search_term_string}\"},\"query-input\":{\"@type\":\"PropertyValueSpecification\",\"valueRequired\":true,\"valueName\":\"search_term_string\"}}],\"inLanguage\":\"pt-PT\"},{\"@type\":\"Organization\",\"@id\":\"https:\/\/brasilnoticias.org\/site\/#organization\",\"name\":\"Brasil not\u00edcias\",\"url\":\"https:\/\/brasilnoticias.org\/site\/\",\"logo\":{\"@type\":\"ImageObject\",\"inLanguage\":\"pt-PT\",\"@id\":\"https:\/\/brasilnoticias.org\/site\/#\/schema\/logo\/image\/\",\"url\":\"https:\/\/brasilnoticias.org\/site\/wp-content\/uploads\/2022\/05\/cropped-brasilnoticias-mini.jpg\",\"contentUrl\":\"https:\/\/brasilnoticias.org\/site\/wp-content\/uploads\/2022\/05\/cropped-brasilnoticias-mini.jpg\",\"width\":314,\"height\":86,\"caption\":\"Brasil not\u00edcias\"},\"image\":{\"@id\":\"https:\/\/brasilnoticias.org\/site\/#\/schema\/logo\/image\/\"}},{\"@type\":\"Person\",\"@id\":\"https:\/\/brasilnoticias.org\/site\/#\/schema\/person\/03bbbfe6c7634ad18c26444ea39049fa\",\"name\":\"Reda\u00e7\u00e3o\",\"image\":{\"@type\":\"ImageObject\",\"inLanguage\":\"pt-PT\",\"@id\":\"https:\/\/brasilnoticias.org\/site\/#\/schema\/person\/image\/\",\"url\":\"https:\/\/secure.gravatar.com\/avatar\/9ecaf7327a696cb23ad926fedded5f1f04d7049de9e445375d55b48c001a6e42?s=96&d=mm&r=g\",\"contentUrl\":\"https:\/\/secure.gravatar.com\/avatar\/9ecaf7327a696cb23ad926fedded5f1f04d7049de9e445375d55b48c001a6e42?s=96&d=mm&r=g\",\"caption\":\"Reda\u00e7\u00e3o\"},\"url\":\"https:\/\/brasilnoticias.org\/site\/author\/henrique\/\"}]}<\/script>\n<!-- \/ Yoast SEO plugin. -->","yoast_head_json":{"title":"Justi\u00e7a concede liminar pedida por PSB e manda tirar perfis de Mar\u00e7al do ar - Brasil not\u00edcias","robots":{"index":"index","follow":"follow","max-snippet":"max-snippet:-1","max-image-preview":"max-image-preview:large","max-video-preview":"max-video-preview:-1"},"canonical":"https:\/\/brasilnoticias.org\/site\/justica-concede-liminar-pedida-por-psb-e-manda-tirar-perfis-de-marcal-do-ar\/","og_locale":"pt_PT","og_type":"article","og_title":"Justi\u00e7a concede liminar pedida por PSB e manda tirar perfis de Mar\u00e7al do ar - Brasil not\u00edcias","og_description":"A liminar foi deferida pelo juiz Antonio Maria Pati\u00f1o Zorz e determina a suspens\u00e3o das contas nas redes sociais do","og_url":"https:\/\/brasilnoticias.org\/site\/justica-concede-liminar-pedida-por-psb-e-manda-tirar-perfis-de-marcal-do-ar\/","og_site_name":"Brasil not\u00edcias","article_published_time":"2024-08-24T14:18:27+00:00","og_image":[{"width":1600,"height":752,"url":"https:\/\/brasilnoticias.org\/site\/wp-content\/uploads\/2024\/08\/154397justica-concede-liminar-pedida-por-psb-e-manda-tirar-perfis-de-marcal-do-ar-3.jpg","type":"image\/jpeg"}],"author":"Reda\u00e7\u00e3o","twitter_card":"summary_large_image","twitter_misc":{"Escrito por":"Reda\u00e7\u00e3o","Tempo estimado de leitura":"1 minuto"},"schema":{"@context":"https:\/\/schema.org","@graph":[{"@type":"Article","@id":"https:\/\/brasilnoticias.org\/site\/justica-concede-liminar-pedida-por-psb-e-manda-tirar-perfis-de-marcal-do-ar\/#article","isPartOf":{"@id":"https:\/\/brasilnoticias.org\/site\/justica-concede-liminar-pedida-por-psb-e-manda-tirar-perfis-de-marcal-do-ar\/"},"author":{"name":"Reda\u00e7\u00e3o","@id":"https:\/\/brasilnoticias.org\/site\/#\/schema\/person\/03bbbfe6c7634ad18c26444ea39049fa"},"headline":"Justi\u00e7a concede liminar pedida por PSB e manda tirar perfis de Mar\u00e7al do ar","datePublished":"2024-08-24T14:18:27+00:00","mainEntityOfPage":{"@id":"https:\/\/brasilnoticias.org\/site\/justica-concede-liminar-pedida-por-psb-e-manda-tirar-perfis-de-marcal-do-ar\/"},"wordCount":329,"commentCount":0,"publisher":{"@id":"https:\/\/brasilnoticias.org\/site\/#organization"},"image":{"@id":"https:\/\/brasilnoticias.org\/site\/justica-concede-liminar-pedida-por-psb-e-manda-tirar-perfis-de-marcal-do-ar\/#primaryimage"},"thumbnailUrl":"https:\/\/brasilnoticias.org\/site\/wp-content\/uploads\/2024\/08\/154397justica-concede-liminar-pedida-por-psb-e-manda-tirar-perfis-de-marcal-do-ar-3.jpg","articleSection":["Justi\u00e7a","\u00daltimas"],"inLanguage":"pt-PT","potentialAction":[{"@type":"CommentAction","name":"Comment","target":["https:\/\/brasilnoticias.org\/site\/justica-concede-liminar-pedida-por-psb-e-manda-tirar-perfis-de-marcal-do-ar\/#respond"]}]},{"@type":"WebPage","@id":"https:\/\/brasilnoticias.org\/site\/justica-concede-liminar-pedida-por-psb-e-manda-tirar-perfis-de-marcal-do-ar\/","url":"https:\/\/brasilnoticias.org\/site\/justica-concede-liminar-pedida-por-psb-e-manda-tirar-perfis-de-marcal-do-ar\/","name":"Justi\u00e7a concede liminar pedida por PSB e manda tirar perfis de Mar\u00e7al do ar - Brasil not\u00edcias","isPartOf":{"@id":"https:\/\/brasilnoticias.org\/site\/#website"},"primaryImageOfPage":{"@id":"https:\/\/brasilnoticias.org\/site\/justica-concede-liminar-pedida-por-psb-e-manda-tirar-perfis-de-marcal-do-ar\/#primaryimage"},"image":{"@id":"https:\/\/brasilnoticias.org\/site\/justica-concede-liminar-pedida-por-psb-e-manda-tirar-perfis-de-marcal-do-ar\/#primaryimage"},"thumbnailUrl":"https:\/\/brasilnoticias.org\/site\/wp-content\/uploads\/2024\/08\/154397justica-concede-liminar-pedida-por-psb-e-manda-tirar-perfis-de-marcal-do-ar-3.jpg","datePublished":"2024-08-24T14:18:27+00:00","breadcrumb":{"@id":"https:\/\/brasilnoticias.org\/site\/justica-concede-liminar-pedida-por-psb-e-manda-tirar-perfis-de-marcal-do-ar\/#breadcrumb"},"inLanguage":"pt-PT","potentialAction":[{"@type":"ReadAction","target":["https:\/\/brasilnoticias.org\/site\/justica-concede-liminar-pedida-por-psb-e-manda-tirar-perfis-de-marcal-do-ar\/"]}]},{"@type":"ImageObject","inLanguage":"pt-PT","@id":"https:\/\/brasilnoticias.org\/site\/justica-concede-liminar-pedida-por-psb-e-manda-tirar-perfis-de-marcal-do-ar\/#primaryimage","url":"https:\/\/brasilnoticias.org\/site\/wp-content\/uploads\/2024\/08\/154397justica-concede-liminar-pedida-por-psb-e-manda-tirar-perfis-de-marcal-do-ar-3.jpg","contentUrl":"https:\/\/brasilnoticias.org\/site\/wp-content\/uploads\/2024\/08\/154397justica-concede-liminar-pedida-por-psb-e-manda-tirar-perfis-de-marcal-do-ar-3.jpg","width":1600,"height":752},{"@type":"BreadcrumbList","@id":"https:\/\/brasilnoticias.org\/site\/justica-concede-liminar-pedida-por-psb-e-manda-tirar-perfis-de-marcal-do-ar\/#breadcrumb","itemListElement":[{"@type":"ListItem","position":1,"name":"In\u00edcio","item":"https:\/\/brasilnoticias.org\/site\/"},{"@type":"ListItem","position":2,"name":"Justi\u00e7a concede liminar pedida por PSB e manda tirar perfis de Mar\u00e7al do ar"}]},{"@type":"WebSite","@id":"https:\/\/brasilnoticias.org\/site\/#website","url":"https:\/\/brasilnoticias.org\/site\/","name":"Brasil not\u00edcias","description":"Brasil not\u00edcias","publisher":{"@id":"https:\/\/brasilnoticias.org\/site\/#organization"},"potentialAction":[{"@type":"SearchAction","target":{"@type":"EntryPoint","urlTemplate":"https:\/\/brasilnoticias.org\/site\/?s={search_term_string}"},"query-input":{"@type":"PropertyValueSpecification","valueRequired":true,"valueName":"search_term_string"}}],"inLanguage":"pt-PT"},{"@type":"Organization","@id":"https:\/\/brasilnoticias.org\/site\/#organization","name":"Brasil not\u00edcias","url":"https:\/\/brasilnoticias.org\/site\/","logo":{"@type":"ImageObject","inLanguage":"pt-PT","@id":"https:\/\/brasilnoticias.org\/site\/#\/schema\/logo\/image\/","url":"https:\/\/brasilnoticias.org\/site\/wp-content\/uploads\/2022\/05\/cropped-brasilnoticias-mini.jpg","contentUrl":"https:\/\/brasilnoticias.org\/site\/wp-content\/uploads\/2022\/05\/cropped-brasilnoticias-mini.jpg","width":314,"height":86,"caption":"Brasil not\u00edcias"},"image":{"@id":"https:\/\/brasilnoticias.org\/site\/#\/schema\/logo\/image\/"}},{"@type":"Person","@id":"https:\/\/brasilnoticias.org\/site\/#\/schema\/person\/03bbbfe6c7634ad18c26444ea39049fa","name":"Reda\u00e7\u00e3o","image":{"@type":"ImageObject","inLanguage":"pt-PT","@id":"https:\/\/brasilnoticias.org\/site\/#\/schema\/person\/image\/","url":"https:\/\/secure.gravatar.com\/avatar\/9ecaf7327a696cb23ad926fedded5f1f04d7049de9e445375d55b48c001a6e42?s=96&d=mm&r=g","contentUrl":"https:\/\/secure.gravatar.com\/avatar\/9ecaf7327a696cb23ad926fedded5f1f04d7049de9e445375d55b48c001a6e42?s=96&d=mm&r=g","caption":"Reda\u00e7\u00e3o"},"url":"https:\/\/brasilnoticias.org\/site\/author\/henrique\/"}]}},"_links":{"self":[{"href":"https:\/\/brasilnoticias.org\/site\/wp-json\/wp\/v2\/posts\/15665","targetHints":{"allow":["GET"]}}],"collection":[{"href":"https:\/\/brasilnoticias.org\/site\/wp-json\/wp\/v2\/posts"}],"about":[{"href":"https:\/\/brasilnoticias.org\/site\/wp-json\/wp\/v2\/types\/post"}],"author":[{"embeddable":true,"href":"https:\/\/brasilnoticias.org\/site\/wp-json\/wp\/v2\/users\/4"}],"replies":[{"embeddable":true,"href":"https:\/\/brasilnoticias.org\/site\/wp-json\/wp\/v2\/comments?post=15665"}],"version-history":[{"count":1,"href":"https:\/\/brasilnoticias.org\/site\/wp-json\/wp\/v2\/posts\/15665\/revisions"}],"predecessor-version":[{"id":15667,"href":"https:\/\/brasilnoticias.org\/site\/wp-json\/wp\/v2\/posts\/15665\/revisions\/15667"}],"wp:featuredmedia":[{"embeddable":true,"href":"https:\/\/brasilnoticias.org\/site\/wp-json\/wp\/v2\/media\/15666"}],"wp:attachment":[{"href":"https:\/\/brasilnoticias.org\/site\/wp-json\/wp\/v2\/media?parent=15665"}],"wp:term":[{"taxonomy":"category","embeddable":true,"href":"https:\/\/brasilnoticias.org\/site\/wp-json\/wp\/v2\/categories?post=15665"},{"taxonomy":"post_tag","embeddable":true,"href":"https:\/\/brasilnoticias.org\/site\/wp-json\/wp\/v2\/tags?post=15665"}],"curies":[{"name":"wp","href":"https:\/\/api.w.org\/{rel}","templated":true}]}}