{"id":15668,"date":"2024-08-24T11:20:30","date_gmt":"2024-08-24T14:20:30","guid":{"rendered":"https:\/\/brasilnoticias.org\/site\/?p=15668"},"modified":"2024-08-24T11:20:30","modified_gmt":"2024-08-24T14:20:30","slug":"stf-pode-julgar-em-novembro-acoes-sobre-retirada-de-conteudo-digital","status":"publish","type":"post","link":"https:\/\/brasilnoticias.org\/site\/stf-pode-julgar-em-novembro-acoes-sobre-retirada-de-conteudo-digital\/","title":{"rendered":"STF pode julgar em novembro a\u00e7\u00f5es sobre retirada de conte\u00fado digital"},"content":{"rendered":"<p>Nesta sexta-feira (23), os ministros Luiz Fux, Edson Fachin e Dias Toffoli liberaram para julgamento os processos que relatam e solicitaram ao presidente do STF<\/p>\n<p>O Supremo Tribunal Federal (STF) deve julgar, em novembro, tr\u00eas a\u00e7\u00f5es que tratam da responsabilidade de provedores na remo\u00e7\u00e3o de conte\u00fados com desinforma\u00e7\u00e3o, dissemina\u00e7\u00e3o de discurso de \u00f3dio, de forma extrajudicial, sem determina\u00e7\u00e3o expressa pela Justi\u00e7a.<\/p>\n<p>Nesta sexta-feira (23), os ministros Luiz Fux, Edson Fachin e Dias Toffoli liberaram para julgamento os processos que relatam e solicitaram ao presidente do STF, Lu\u00eds Roberto Barroso, que os casos sejam analisados pela Corte em novembro. Caber\u00e1 ao presidente definir a data do julgamento.<\/p>\n<p>A a\u00e7\u00e3o relatada por Dias Toffoli \u00e9 um caso em que o Tribunal vai julgar a constitucionalidade da regra do Marco Civil da Internet (Lei 12.965\/2014) que exige ordem judicial pr\u00e9via para responsabiliza\u00e7\u00e3o dos provedores por atos il\u00edcitos.<\/p>\n<p>J\u00e1 Luiz Fux vai conduzir o processo que vai discutir se uma empresa que hospeda site na internet deve fiscalizar conte\u00fados ofensivos e retir\u00e1-los do ar sem interven\u00e7\u00e3o judicial.<\/p>\n<p>A terceira  a\u00e7\u00e3o \u00e9 a relatada por Fachin, com o objetivo de discutir a legalidade do bloqueio do aplicativo de mensagens WhatsApp por decis\u00f5es judiciais.<\/p>\n<p>Foto: Arquivo\/Ag\u00eancia Brasil<br \/>\nPor: Metro1<\/p>\n","protected":false},"excerpt":{"rendered":"<p>Nesta sexta-feira (23), os ministros Luiz Fux, Edson Fachin e Dias Toffoli liberaram para julgamento os processos que relatam e<\/p>\n","protected":false},"author":4,"featured_media":15669,"comment_status":"open","ping_status":"open","sticky":false,"template":"","format":"standard","meta":{"colormag_page_container_layout":"default_layout","colormag_page_sidebar_layout":"default_layout","_FSMCFIC_featured_image_caption":"","_FSMCFIC_featured_image_nocaption":"","_FSMCFIC_featured_image_hide":"","footnotes":""},"categories":[5,1],"tags":[],"class_list":["post-15668","post","type-post","status-publish","format-standard","has-post-thumbnail","hentry","category-politica","category-ultimas"],"yoast_head":"<!-- This site is optimized with the Yoast SEO plugin v27.1.1 - https:\/\/yoast.com\/product\/yoast-seo-wordpress\/ -->\n<title>STF pode julgar em novembro a\u00e7\u00f5es sobre retirada de conte\u00fado digital - Brasil not\u00edcias<\/title>\n<meta name=\"robots\" content=\"index, follow, max-snippet:-1, max-image-preview:large, max-video-preview:-1\" \/>\n<link rel=\"canonical\" href=\"https:\/\/brasilnoticias.org\/site\/stf-pode-julgar-em-novembro-acoes-sobre-retirada-de-conteudo-digital\/\" \/>\n<meta property=\"og:locale\" content=\"pt_PT\" \/>\n<meta property=\"og:type\" content=\"article\" \/>\n<meta property=\"og:title\" content=\"STF pode julgar em novembro a\u00e7\u00f5es sobre retirada de conte\u00fado digital - Brasil not\u00edcias\" \/>\n<meta property=\"og:description\" content=\"Nesta sexta-feira (23), os ministros Luiz Fux, Edson Fachin e Dias Toffoli liberaram para julgamento os processos que relatam e\" \/>\n<meta property=\"og:url\" content=\"https:\/\/brasilnoticias.org\/site\/stf-pode-julgar-em-novembro-acoes-sobre-retirada-de-conteudo-digital\/\" \/>\n<meta property=\"og:site_name\" content=\"Brasil not\u00edcias\" \/>\n<meta property=\"article:published_time\" content=\"2024-08-24T14:20:30+00:00\" \/>\n<meta property=\"og:image\" content=\"https:\/\/brasilnoticias.org\/site\/wp-content\/uploads\/2024\/08\/154393stf-pode-julgar-em-novembro-acoes-sobre-retirada-de-conteudo-digital-3.jpg\" \/>\n\t<meta property=\"og:image:width\" content=\"1600\" \/>\n\t<meta property=\"og:image:height\" content=\"752\" \/>\n\t<meta property=\"og:image:type\" content=\"image\/jpeg\" \/>\n<meta name=\"author\" content=\"Reda\u00e7\u00e3o\" \/>\n<meta name=\"twitter:card\" content=\"summary_large_image\" \/>\n<meta name=\"twitter:label1\" content=\"Escrito por\" \/>\n\t<meta name=\"twitter:data1\" content=\"Reda\u00e7\u00e3o\" \/>\n\t<meta name=\"twitter:label2\" content=\"Tempo estimado de leitura\" \/>\n\t<meta name=\"twitter:data2\" content=\"1 minuto\" \/>\n<script type=\"application\/ld+json\" class=\"yoast-schema-graph\">{\"@context\":\"https:\/\/schema.org\",\"@graph\":[{\"@type\":\"Article\",\"@id\":\"https:\/\/brasilnoticias.org\/site\/stf-pode-julgar-em-novembro-acoes-sobre-retirada-de-conteudo-digital\/#article\",\"isPartOf\":{\"@id\":\"https:\/\/brasilnoticias.org\/site\/stf-pode-julgar-em-novembro-acoes-sobre-retirada-de-conteudo-digital\/\"},\"author\":{\"name\":\"Reda\u00e7\u00e3o\",\"@id\":\"https:\/\/brasilnoticias.org\/site\/#\/schema\/person\/03bbbfe6c7634ad18c26444ea39049fa\"},\"headline\":\"STF pode julgar em novembro a\u00e7\u00f5es sobre retirada de conte\u00fado digital\",\"datePublished\":\"2024-08-24T14:20:30+00:00\",\"mainEntityOfPage\":{\"@id\":\"https:\/\/brasilnoticias.org\/site\/stf-pode-julgar-em-novembro-acoes-sobre-retirada-de-conteudo-digital\/\"},\"wordCount\":231,\"commentCount\":0,\"publisher\":{\"@id\":\"https:\/\/brasilnoticias.org\/site\/#organization\"},\"image\":{\"@id\":\"https:\/\/brasilnoticias.org\/site\/stf-pode-julgar-em-novembro-acoes-sobre-retirada-de-conteudo-digital\/#primaryimage\"},\"thumbnailUrl\":\"https:\/\/brasilnoticias.org\/site\/wp-content\/uploads\/2024\/08\/154393stf-pode-julgar-em-novembro-acoes-sobre-retirada-de-conteudo-digital-3.jpg\",\"articleSection\":[\"Pol\u00edtica\",\"\u00daltimas\"],\"inLanguage\":\"pt-PT\",\"potentialAction\":[{\"@type\":\"CommentAction\",\"name\":\"Comment\",\"target\":[\"https:\/\/brasilnoticias.org\/site\/stf-pode-julgar-em-novembro-acoes-sobre-retirada-de-conteudo-digital\/#respond\"]}]},{\"@type\":\"WebPage\",\"@id\":\"https:\/\/brasilnoticias.org\/site\/stf-pode-julgar-em-novembro-acoes-sobre-retirada-de-conteudo-digital\/\",\"url\":\"https:\/\/brasilnoticias.org\/site\/stf-pode-julgar-em-novembro-acoes-sobre-retirada-de-conteudo-digital\/\",\"name\":\"STF pode julgar em novembro a\u00e7\u00f5es sobre retirada de conte\u00fado digital - Brasil not\u00edcias\",\"isPartOf\":{\"@id\":\"https:\/\/brasilnoticias.org\/site\/#website\"},\"primaryImageOfPage\":{\"@id\":\"https:\/\/brasilnoticias.org\/site\/stf-pode-julgar-em-novembro-acoes-sobre-retirada-de-conteudo-digital\/#primaryimage\"},\"image\":{\"@id\":\"https:\/\/brasilnoticias.org\/site\/stf-pode-julgar-em-novembro-acoes-sobre-retirada-de-conteudo-digital\/#primaryimage\"},\"thumbnailUrl\":\"https:\/\/brasilnoticias.org\/site\/wp-content\/uploads\/2024\/08\/154393stf-pode-julgar-em-novembro-acoes-sobre-retirada-de-conteudo-digital-3.jpg\",\"datePublished\":\"2024-08-24T14:20:30+00:00\",\"breadcrumb\":{\"@id\":\"https:\/\/brasilnoticias.org\/site\/stf-pode-julgar-em-novembro-acoes-sobre-retirada-de-conteudo-digital\/#breadcrumb\"},\"inLanguage\":\"pt-PT\",\"potentialAction\":[{\"@type\":\"ReadAction\",\"target\":[\"https:\/\/brasilnoticias.org\/site\/stf-pode-julgar-em-novembro-acoes-sobre-retirada-de-conteudo-digital\/\"]}]},{\"@type\":\"ImageObject\",\"inLanguage\":\"pt-PT\",\"@id\":\"https:\/\/brasilnoticias.org\/site\/stf-pode-julgar-em-novembro-acoes-sobre-retirada-de-conteudo-digital\/#primaryimage\",\"url\":\"https:\/\/brasilnoticias.org\/site\/wp-content\/uploads\/2024\/08\/154393stf-pode-julgar-em-novembro-acoes-sobre-retirada-de-conteudo-digital-3.jpg\",\"contentUrl\":\"https:\/\/brasilnoticias.org\/site\/wp-content\/uploads\/2024\/08\/154393stf-pode-julgar-em-novembro-acoes-sobre-retirada-de-conteudo-digital-3.jpg\",\"width\":1600,\"height\":752},{\"@type\":\"BreadcrumbList\",\"@id\":\"https:\/\/brasilnoticias.org\/site\/stf-pode-julgar-em-novembro-acoes-sobre-retirada-de-conteudo-digital\/#breadcrumb\",\"itemListElement\":[{\"@type\":\"ListItem\",\"position\":1,\"name\":\"In\u00edcio\",\"item\":\"https:\/\/brasilnoticias.org\/site\/\"},{\"@type\":\"ListItem\",\"position\":2,\"name\":\"STF pode julgar em novembro a\u00e7\u00f5es sobre retirada de conte\u00fado digital\"}]},{\"@type\":\"WebSite\",\"@id\":\"https:\/\/brasilnoticias.org\/site\/#website\",\"url\":\"https:\/\/brasilnoticias.org\/site\/\",\"name\":\"Brasil not\u00edcias\",\"description\":\"Brasil not\u00edcias\",\"publisher\":{\"@id\":\"https:\/\/brasilnoticias.org\/site\/#organization\"},\"potentialAction\":[{\"@type\":\"SearchAction\",\"target\":{\"@type\":\"EntryPoint\",\"urlTemplate\":\"https:\/\/brasilnoticias.org\/site\/?s={search_term_string}\"},\"query-input\":{\"@type\":\"PropertyValueSpecification\",\"valueRequired\":true,\"valueName\":\"search_term_string\"}}],\"inLanguage\":\"pt-PT\"},{\"@type\":\"Organization\",\"@id\":\"https:\/\/brasilnoticias.org\/site\/#organization\",\"name\":\"Brasil not\u00edcias\",\"url\":\"https:\/\/brasilnoticias.org\/site\/\",\"logo\":{\"@type\":\"ImageObject\",\"inLanguage\":\"pt-PT\",\"@id\":\"https:\/\/brasilnoticias.org\/site\/#\/schema\/logo\/image\/\",\"url\":\"https:\/\/brasilnoticias.org\/site\/wp-content\/uploads\/2022\/05\/cropped-brasilnoticias-mini.jpg\",\"contentUrl\":\"https:\/\/brasilnoticias.org\/site\/wp-content\/uploads\/2022\/05\/cropped-brasilnoticias-mini.jpg\",\"width\":314,\"height\":86,\"caption\":\"Brasil not\u00edcias\"},\"image\":{\"@id\":\"https:\/\/brasilnoticias.org\/site\/#\/schema\/logo\/image\/\"}},{\"@type\":\"Person\",\"@id\":\"https:\/\/brasilnoticias.org\/site\/#\/schema\/person\/03bbbfe6c7634ad18c26444ea39049fa\",\"name\":\"Reda\u00e7\u00e3o\",\"image\":{\"@type\":\"ImageObject\",\"inLanguage\":\"pt-PT\",\"@id\":\"https:\/\/brasilnoticias.org\/site\/#\/schema\/person\/image\/\",\"url\":\"https:\/\/secure.gravatar.com\/avatar\/9ecaf7327a696cb23ad926fedded5f1f04d7049de9e445375d55b48c001a6e42?s=96&d=mm&r=g\",\"contentUrl\":\"https:\/\/secure.gravatar.com\/avatar\/9ecaf7327a696cb23ad926fedded5f1f04d7049de9e445375d55b48c001a6e42?s=96&d=mm&r=g\",\"caption\":\"Reda\u00e7\u00e3o\"},\"url\":\"https:\/\/brasilnoticias.org\/site\/author\/henrique\/\"}]}<\/script>\n<!-- \/ Yoast SEO plugin. -->","yoast_head_json":{"title":"STF pode julgar em novembro a\u00e7\u00f5es sobre retirada de conte\u00fado digital - Brasil not\u00edcias","robots":{"index":"index","follow":"follow","max-snippet":"max-snippet:-1","max-image-preview":"max-image-preview:large","max-video-preview":"max-video-preview:-1"},"canonical":"https:\/\/brasilnoticias.org\/site\/stf-pode-julgar-em-novembro-acoes-sobre-retirada-de-conteudo-digital\/","og_locale":"pt_PT","og_type":"article","og_title":"STF pode julgar em novembro a\u00e7\u00f5es sobre retirada de conte\u00fado digital - Brasil not\u00edcias","og_description":"Nesta sexta-feira (23), os ministros Luiz Fux, Edson Fachin e Dias Toffoli liberaram para julgamento os processos que relatam e","og_url":"https:\/\/brasilnoticias.org\/site\/stf-pode-julgar-em-novembro-acoes-sobre-retirada-de-conteudo-digital\/","og_site_name":"Brasil not\u00edcias","article_published_time":"2024-08-24T14:20:30+00:00","og_image":[{"width":1600,"height":752,"url":"https:\/\/brasilnoticias.org\/site\/wp-content\/uploads\/2024\/08\/154393stf-pode-julgar-em-novembro-acoes-sobre-retirada-de-conteudo-digital-3.jpg","type":"image\/jpeg"}],"author":"Reda\u00e7\u00e3o","twitter_card":"summary_large_image","twitter_misc":{"Escrito por":"Reda\u00e7\u00e3o","Tempo estimado de leitura":"1 minuto"},"schema":{"@context":"https:\/\/schema.org","@graph":[{"@type":"Article","@id":"https:\/\/brasilnoticias.org\/site\/stf-pode-julgar-em-novembro-acoes-sobre-retirada-de-conteudo-digital\/#article","isPartOf":{"@id":"https:\/\/brasilnoticias.org\/site\/stf-pode-julgar-em-novembro-acoes-sobre-retirada-de-conteudo-digital\/"},"author":{"name":"Reda\u00e7\u00e3o","@id":"https:\/\/brasilnoticias.org\/site\/#\/schema\/person\/03bbbfe6c7634ad18c26444ea39049fa"},"headline":"STF pode julgar em novembro a\u00e7\u00f5es sobre retirada de conte\u00fado digital","datePublished":"2024-08-24T14:20:30+00:00","mainEntityOfPage":{"@id":"https:\/\/brasilnoticias.org\/site\/stf-pode-julgar-em-novembro-acoes-sobre-retirada-de-conteudo-digital\/"},"wordCount":231,"commentCount":0,"publisher":{"@id":"https:\/\/brasilnoticias.org\/site\/#organization"},"image":{"@id":"https:\/\/brasilnoticias.org\/site\/stf-pode-julgar-em-novembro-acoes-sobre-retirada-de-conteudo-digital\/#primaryimage"},"thumbnailUrl":"https:\/\/brasilnoticias.org\/site\/wp-content\/uploads\/2024\/08\/154393stf-pode-julgar-em-novembro-acoes-sobre-retirada-de-conteudo-digital-3.jpg","articleSection":["Pol\u00edtica","\u00daltimas"],"inLanguage":"pt-PT","potentialAction":[{"@type":"CommentAction","name":"Comment","target":["https:\/\/brasilnoticias.org\/site\/stf-pode-julgar-em-novembro-acoes-sobre-retirada-de-conteudo-digital\/#respond"]}]},{"@type":"WebPage","@id":"https:\/\/brasilnoticias.org\/site\/stf-pode-julgar-em-novembro-acoes-sobre-retirada-de-conteudo-digital\/","url":"https:\/\/brasilnoticias.org\/site\/stf-pode-julgar-em-novembro-acoes-sobre-retirada-de-conteudo-digital\/","name":"STF pode julgar em novembro a\u00e7\u00f5es sobre retirada de conte\u00fado digital - Brasil not\u00edcias","isPartOf":{"@id":"https:\/\/brasilnoticias.org\/site\/#website"},"primaryImageOfPage":{"@id":"https:\/\/brasilnoticias.org\/site\/stf-pode-julgar-em-novembro-acoes-sobre-retirada-de-conteudo-digital\/#primaryimage"},"image":{"@id":"https:\/\/brasilnoticias.org\/site\/stf-pode-julgar-em-novembro-acoes-sobre-retirada-de-conteudo-digital\/#primaryimage"},"thumbnailUrl":"https:\/\/brasilnoticias.org\/site\/wp-content\/uploads\/2024\/08\/154393stf-pode-julgar-em-novembro-acoes-sobre-retirada-de-conteudo-digital-3.jpg","datePublished":"2024-08-24T14:20:30+00:00","breadcrumb":{"@id":"https:\/\/brasilnoticias.org\/site\/stf-pode-julgar-em-novembro-acoes-sobre-retirada-de-conteudo-digital\/#breadcrumb"},"inLanguage":"pt-PT","potentialAction":[{"@type":"ReadAction","target":["https:\/\/brasilnoticias.org\/site\/stf-pode-julgar-em-novembro-acoes-sobre-retirada-de-conteudo-digital\/"]}]},{"@type":"ImageObject","inLanguage":"pt-PT","@id":"https:\/\/brasilnoticias.org\/site\/stf-pode-julgar-em-novembro-acoes-sobre-retirada-de-conteudo-digital\/#primaryimage","url":"https:\/\/brasilnoticias.org\/site\/wp-content\/uploads\/2024\/08\/154393stf-pode-julgar-em-novembro-acoes-sobre-retirada-de-conteudo-digital-3.jpg","contentUrl":"https:\/\/brasilnoticias.org\/site\/wp-content\/uploads\/2024\/08\/154393stf-pode-julgar-em-novembro-acoes-sobre-retirada-de-conteudo-digital-3.jpg","width":1600,"height":752},{"@type":"BreadcrumbList","@id":"https:\/\/brasilnoticias.org\/site\/stf-pode-julgar-em-novembro-acoes-sobre-retirada-de-conteudo-digital\/#breadcrumb","itemListElement":[{"@type":"ListItem","position":1,"name":"In\u00edcio","item":"https:\/\/brasilnoticias.org\/site\/"},{"@type":"ListItem","position":2,"name":"STF pode julgar em novembro a\u00e7\u00f5es sobre retirada de conte\u00fado digital"}]},{"@type":"WebSite","@id":"https:\/\/brasilnoticias.org\/site\/#website","url":"https:\/\/brasilnoticias.org\/site\/","name":"Brasil not\u00edcias","description":"Brasil not\u00edcias","publisher":{"@id":"https:\/\/brasilnoticias.org\/site\/#organization"},"potentialAction":[{"@type":"SearchAction","target":{"@type":"EntryPoint","urlTemplate":"https:\/\/brasilnoticias.org\/site\/?s={search_term_string}"},"query-input":{"@type":"PropertyValueSpecification","valueRequired":true,"valueName":"search_term_string"}}],"inLanguage":"pt-PT"},{"@type":"Organization","@id":"https:\/\/brasilnoticias.org\/site\/#organization","name":"Brasil not\u00edcias","url":"https:\/\/brasilnoticias.org\/site\/","logo":{"@type":"ImageObject","inLanguage":"pt-PT","@id":"https:\/\/brasilnoticias.org\/site\/#\/schema\/logo\/image\/","url":"https:\/\/brasilnoticias.org\/site\/wp-content\/uploads\/2022\/05\/cropped-brasilnoticias-mini.jpg","contentUrl":"https:\/\/brasilnoticias.org\/site\/wp-content\/uploads\/2022\/05\/cropped-brasilnoticias-mini.jpg","width":314,"height":86,"caption":"Brasil not\u00edcias"},"image":{"@id":"https:\/\/brasilnoticias.org\/site\/#\/schema\/logo\/image\/"}},{"@type":"Person","@id":"https:\/\/brasilnoticias.org\/site\/#\/schema\/person\/03bbbfe6c7634ad18c26444ea39049fa","name":"Reda\u00e7\u00e3o","image":{"@type":"ImageObject","inLanguage":"pt-PT","@id":"https:\/\/brasilnoticias.org\/site\/#\/schema\/person\/image\/","url":"https:\/\/secure.gravatar.com\/avatar\/9ecaf7327a696cb23ad926fedded5f1f04d7049de9e445375d55b48c001a6e42?s=96&d=mm&r=g","contentUrl":"https:\/\/secure.gravatar.com\/avatar\/9ecaf7327a696cb23ad926fedded5f1f04d7049de9e445375d55b48c001a6e42?s=96&d=mm&r=g","caption":"Reda\u00e7\u00e3o"},"url":"https:\/\/brasilnoticias.org\/site\/author\/henrique\/"}]}},"_links":{"self":[{"href":"https:\/\/brasilnoticias.org\/site\/wp-json\/wp\/v2\/posts\/15668","targetHints":{"allow":["GET"]}}],"collection":[{"href":"https:\/\/brasilnoticias.org\/site\/wp-json\/wp\/v2\/posts"}],"about":[{"href":"https:\/\/brasilnoticias.org\/site\/wp-json\/wp\/v2\/types\/post"}],"author":[{"embeddable":true,"href":"https:\/\/brasilnoticias.org\/site\/wp-json\/wp\/v2\/users\/4"}],"replies":[{"embeddable":true,"href":"https:\/\/brasilnoticias.org\/site\/wp-json\/wp\/v2\/comments?post=15668"}],"version-history":[{"count":1,"href":"https:\/\/brasilnoticias.org\/site\/wp-json\/wp\/v2\/posts\/15668\/revisions"}],"predecessor-version":[{"id":15670,"href":"https:\/\/brasilnoticias.org\/site\/wp-json\/wp\/v2\/posts\/15668\/revisions\/15670"}],"wp:featuredmedia":[{"embeddable":true,"href":"https:\/\/brasilnoticias.org\/site\/wp-json\/wp\/v2\/media\/15669"}],"wp:attachment":[{"href":"https:\/\/brasilnoticias.org\/site\/wp-json\/wp\/v2\/media?parent=15668"}],"wp:term":[{"taxonomy":"category","embeddable":true,"href":"https:\/\/brasilnoticias.org\/site\/wp-json\/wp\/v2\/categories?post=15668"},{"taxonomy":"post_tag","embeddable":true,"href":"https:\/\/brasilnoticias.org\/site\/wp-json\/wp\/v2\/tags?post=15668"}],"curies":[{"name":"wp","href":"https:\/\/api.w.org\/{rel}","templated":true}]}}