{"id":1567,"date":"2022-09-26T07:10:13","date_gmt":"2022-09-26T10:10:13","guid":{"rendered":"https:\/\/brasilnoticias.org\/site\/?p=1567"},"modified":"2022-09-25T23:05:47","modified_gmt":"2022-09-26T02:05:47","slug":"ex-vereador-de-dario-meira-morre-apos-ter-parada-cardiaca-enquanto-dirigia-carro","status":"publish","type":"post","link":"https:\/\/brasilnoticias.org\/site\/ex-vereador-de-dario-meira-morre-apos-ter-parada-cardiaca-enquanto-dirigia-carro\/","title":{"rendered":"Ex-vereador de D\u00e1rio Meira morre ap\u00f3s ter parada card\u00edaca enquanto dirigia carro"},"content":{"rendered":"<div class=\"mc-column content-text active-extra-styles \" data-block-type=\"unstyled\" data-block-weight=\"27\" data-block-id=\"3\">\n<p class=\"content-text__container \" data-track-category=\"Link no Texto\" data-track-links=\"\">O ex-vereador de\u00a0D\u00e1rio Meira, Alan da Silva Gomes, de 52 anos, morreu, na madrugada deste domingo (25), ap\u00f3s ter uma parada card\u00edaca enquanto dirigia um carro.<\/p>\n<\/div>\n<div class=\"wall protected-content\">\n<div class=\"mc-column content-text active-extra-styles \" data-block-type=\"unstyled\" data-block-weight=\"22\" data-block-id=\"4\">\n<p class=\"content-text__container \" data-track-category=\"Link no Texto\" data-track-links=\"\">O caso aconteceu na rodovia que liga a cidade de D\u00e1rio Meira a\u00a0Itagib\u00e1\u00a0e foi registrado na delegacia de Jequi\u00e9.<\/p>\n<\/div>\n<div class=\"mc-column content-text active-extra-styles \" data-block-type=\"unstyled\" data-block-weight=\"45\" data-block-id=\"5\">\n<p class=\"content-text__container \" data-track-category=\"Link no Texto\" data-track-links=\"\">De acordo com a Prefeitura D\u00e1rio Meira, Alan Gomes, popularmente conhecido como Alan Mania, chegou a ser encaminhado para o Hospital Geral de Ipia\u00fa, l\u00facido. No entanto, reclamava de dores abdominal e tor\u00e1cica. Na unidade hospitalar, ele sofreu uma parada card\u00edaca e n\u00e3o resistiu.<\/p>\n<\/div>\n<div class=\"mc-column content-text active-extra-styles \" data-block-type=\"unstyled\" data-block-weight=\"33\" data-block-id=\"6\">\n<p class=\"content-text__container \" data-track-category=\"Link no Texto\" data-track-links=\"\">Alan Mania se elegeu vereador de D\u00e1rio Meira nas elei\u00e7\u00f5es de 2012, exercendo o cargo no per\u00edodo de 2013 a 2016. Ele tamb\u00e9m chegou a presidir a C\u00e2mara Municipal no bi\u00eanio 2015-2016.<\/p>\n<\/div>\n<div class=\"content-ads content-ads--reveal\" data-block-type=\"ads\" data-block-id=\"7\">\n<div id=\"banner_materia2\" class=\"tag-manager-publicidade-container mc-has-reveal mc-has-ad-lazyload tag-manager-publicidade-banner_materia2 tag-manager-publicidade-container--carregado tag-manager-publicidade-container--visivel\" data-id=\"banner_materia2\" data-req=\"true\" data-google-query-id=\"COWG6sWssfoCFYa8lQIdJAAC3w\" data-cid=\"138405124404\" data-lid=\"6094301517\">\n<div class=\"mc-column content-text active-extra-styles \" data-block-type=\"unstyled\" data-block-weight=\"21\" data-block-id=\"8\">\n<p class=\"content-text__container \" data-track-category=\"Link no Texto\" data-track-links=\"\">O vel\u00f3rio aconteceu neste domingo, na C\u00e2mara Municipal de D\u00e1rio Meira. O sepultamento do ex-vereador ser\u00e1 na segunda-feira (26), em Ibitup\u00e3.<\/p>\n<\/div>\n<div class=\"row medium-uncollapsed content-media content-photo\" data-block-type=\"backstage-photo\" data-block-id=\"9\">\n<div class=\"mc-column content-media__container\">\n<div class=\"content-media-container glb-skeleton-box\"><img decoding=\"async\" src=\"https:\/\/s2.glbimg.com\/M6zpvqS_CnRlrUo8UB1DHCkSebc=\/0x0:720x650\/984x0\/smart\/filters:strip_icc()\/i.s3.glbimg.com\/v1\/AUTH_59edd422c0c84a879bd37670ae4f538a\/internal_photos\/bs\/2022\/o\/M\/z1ZC6RSnW209CgRjOHgg\/whatsapp-image-2022-09-25-at-18.16.24.jpg\" alt=\"Ex-vereador de D\u00e1rio Meira morre ap\u00f3s ter parada card\u00edaca enquanto dirigia carro \u2014 Foto: Reprodu\u00e7\u00e3o\/Redes Sociais\" \/><\/div>\n<\/div>\n<\/div>\n<div>\n<div class=\"row medium-uncollapsed content-media content-photo\" data-block-type=\"backstage-photo\" data-block-id=\"9\">\n<div class=\"mc-column content-media__container\">\n<p class=\"content-media__description \">Ex-vereador de D\u00e1rio Meira morre ap\u00f3s ter parada card\u00edaca enquanto dirigia carro \u2014 Foto: Reprodu\u00e7\u00e3o\/Redes Sociais<\/p>\n<\/div>\n<\/div>\n<div class=\"row medium-uncollapsed content-media content-photo\" data-block-type=\"backstage-photo\" data-block-id=\"10\">\n<div class=\"content-media-container glb-skeleton-box\"><\/div>\n<\/div>\n<\/div>\n<div><img decoding=\"async\" src=\"https:\/\/s2.glbimg.com\/QdCDWEJqAuMjSzZ_sDv1lWmBWvk=\/0x0:908x1280\/984x0\/smart\/filters:strip_icc()\/i.s3.glbimg.com\/v1\/AUTH_59edd422c0c84a879bd37670ae4f538a\/internal_photos\/bs\/2022\/a\/K\/BAcFZuQaajS2GzN06lrw\/whatsapp-image-2022-09-25-at-18.16.25.jpeg\" alt=\"Ex-vereador de D\u00e1rio Meira morre ap\u00f3s ter parada card\u00edaca enquanto dirigia carro \u2014 Foto: Reprodu\u00e7\u00e3o\/Redes Sociais\" \/><\/div>\n<div>\n<div class=\"row medium-uncollapsed content-media content-photo\" data-block-type=\"backstage-photo\" data-block-id=\"10\">\n<div class=\"mc-column content-media__container\">\n<p class=\"content-media__description \">Ex-vereador de D\u00e1rio Meira morre ap\u00f3s ter parada card\u00edaca enquanto dirigia carro \u2014 Foto: Reprodu\u00e7\u00e3o\/Redes Sociais<\/p>\n<\/div>\n<p>G1<\/p>\n<p>Foto Reprodu\u00e7\u00e3o\/Redes Sociais<\/p>\n<\/div>\n<div class=\"content-ads content-ads--reveal\" data-block-type=\"ads\" data-block-id=\"11\">\n<div id=\"banner_materia__d20666dd-97aa-406f-bac3-f7076a3d1633\" class=\"tag-manager-publicidade-container mc-has-reveal mc-has-ad-lazyload tag-manager-publicidade-banner_materia__d20666dd-97aa-406f-bac3-f7076a3d1633 tag-manager-publicidade-container--carregado tag-manager-publicidade-container--visivel\" data-id=\"banner_materia__d20666dd-97aa-406f-bac3-f7076a3d1633\" data-req=\"true\" data-google-query-id=\"CKCDhtCssfoCFctHuAQdjCMJqA\" data-cid=\"138391303715\" data-lid=\"6055437536\"><\/div>\n<\/div>\n<\/div>\n<\/div>\n<\/div>\n<\/div>\n","protected":false},"excerpt":{"rendered":"<p>O ex-vereador de\u00a0D\u00e1rio Meira, Alan da Silva Gomes, de 52 anos, morreu, na madrugada deste domingo (25), ap\u00f3s ter uma<\/p>\n","protected":false},"author":1,"featured_media":1568,"comment_status":"open","ping_status":"open","sticky":false,"template":"","format":"standard","meta":{"colormag_page_container_layout":"default_layout","colormag_page_sidebar_layout":"default_layout","_FSMCFIC_featured_image_caption":"","_FSMCFIC_featured_image_nocaption":"","_FSMCFIC_featured_image_hide":"","footnotes":""},"categories":[2,1],"tags":[],"class_list":["post-1567","post","type-post","status-publish","format-standard","has-post-thumbnail","hentry","category-noticias","category-ultimas"],"yoast_head":"<!-- This site is optimized with the Yoast SEO plugin v27.1.1 - https:\/\/yoast.com\/product\/yoast-seo-wordpress\/ -->\n<title>Ex-vereador de D\u00e1rio Meira morre ap\u00f3s ter parada card\u00edaca enquanto dirigia carro - Brasil not\u00edcias<\/title>\n<meta name=\"robots\" content=\"index, follow, max-snippet:-1, max-image-preview:large, max-video-preview:-1\" \/>\n<link rel=\"canonical\" href=\"https:\/\/brasilnoticias.org\/site\/ex-vereador-de-dario-meira-morre-apos-ter-parada-cardiaca-enquanto-dirigia-carro\/\" \/>\n<meta property=\"og:locale\" content=\"pt_PT\" \/>\n<meta property=\"og:type\" content=\"article\" \/>\n<meta property=\"og:title\" content=\"Ex-vereador de D\u00e1rio Meira morre ap\u00f3s ter parada card\u00edaca enquanto dirigia carro - Brasil not\u00edcias\" \/>\n<meta property=\"og:description\" content=\"O ex-vereador de\u00a0D\u00e1rio Meira, Alan da Silva Gomes, de 52 anos, morreu, na madrugada deste domingo (25), ap\u00f3s ter uma\" \/>\n<meta property=\"og:url\" content=\"https:\/\/brasilnoticias.org\/site\/ex-vereador-de-dario-meira-morre-apos-ter-parada-cardiaca-enquanto-dirigia-carro\/\" \/>\n<meta property=\"og:site_name\" content=\"Brasil not\u00edcias\" \/>\n<meta property=\"article:published_time\" content=\"2022-09-26T10:10:13+00:00\" \/>\n<meta name=\"author\" content=\"Reda\u00e7\u00e3o\" \/>\n<meta name=\"twitter:card\" content=\"summary_large_image\" \/>\n<meta name=\"twitter:label1\" content=\"Escrito por\" \/>\n\t<meta name=\"twitter:data1\" content=\"Reda\u00e7\u00e3o\" \/>\n\t<meta name=\"twitter:label2\" content=\"Tempo estimado de leitura\" \/>\n\t<meta name=\"twitter:data2\" content=\"1 minuto\" \/>\n<script type=\"application\/ld+json\" class=\"yoast-schema-graph\">{\"@context\":\"https:\/\/schema.org\",\"@graph\":[{\"@type\":\"Article\",\"@id\":\"https:\/\/brasilnoticias.org\/site\/ex-vereador-de-dario-meira-morre-apos-ter-parada-cardiaca-enquanto-dirigia-carro\/#article\",\"isPartOf\":{\"@id\":\"https:\/\/brasilnoticias.org\/site\/ex-vereador-de-dario-meira-morre-apos-ter-parada-cardiaca-enquanto-dirigia-carro\/\"},\"author\":{\"name\":\"Reda\u00e7\u00e3o\",\"@id\":\"https:\/\/brasilnoticias.org\/site\/#\/schema\/person\/a0e05b973ec4d15c658d51911e53507b\"},\"headline\":\"Ex-vereador de D\u00e1rio Meira morre ap\u00f3s ter parada card\u00edaca enquanto dirigia carro\",\"datePublished\":\"2022-09-26T10:10:13+00:00\",\"mainEntityOfPage\":{\"@id\":\"https:\/\/brasilnoticias.org\/site\/ex-vereador-de-dario-meira-morre-apos-ter-parada-cardiaca-enquanto-dirigia-carro\/\"},\"wordCount\":218,\"commentCount\":0,\"publisher\":{\"@id\":\"https:\/\/brasilnoticias.org\/site\/#organization\"},\"image\":{\"@id\":\"https:\/\/brasilnoticias.org\/site\/ex-vereador-de-dario-meira-morre-apos-ter-parada-cardiaca-enquanto-dirigia-carro\/#primaryimage\"},\"thumbnailUrl\":\"https:\/\/brasilnoticias.org\/site\/wp-content\/uploads\/2022\/09\/verea.bmp\",\"articleSection\":[\"Not\u00edcias\",\"\u00daltimas\"],\"inLanguage\":\"pt-PT\",\"potentialAction\":[{\"@type\":\"CommentAction\",\"name\":\"Comment\",\"target\":[\"https:\/\/brasilnoticias.org\/site\/ex-vereador-de-dario-meira-morre-apos-ter-parada-cardiaca-enquanto-dirigia-carro\/#respond\"]}]},{\"@type\":\"WebPage\",\"@id\":\"https:\/\/brasilnoticias.org\/site\/ex-vereador-de-dario-meira-morre-apos-ter-parada-cardiaca-enquanto-dirigia-carro\/\",\"url\":\"https:\/\/brasilnoticias.org\/site\/ex-vereador-de-dario-meira-morre-apos-ter-parada-cardiaca-enquanto-dirigia-carro\/\",\"name\":\"Ex-vereador de D\u00e1rio Meira morre ap\u00f3s ter parada card\u00edaca enquanto dirigia carro - Brasil not\u00edcias\",\"isPartOf\":{\"@id\":\"https:\/\/brasilnoticias.org\/site\/#website\"},\"primaryImageOfPage\":{\"@id\":\"https:\/\/brasilnoticias.org\/site\/ex-vereador-de-dario-meira-morre-apos-ter-parada-cardiaca-enquanto-dirigia-carro\/#primaryimage\"},\"image\":{\"@id\":\"https:\/\/brasilnoticias.org\/site\/ex-vereador-de-dario-meira-morre-apos-ter-parada-cardiaca-enquanto-dirigia-carro\/#primaryimage\"},\"thumbnailUrl\":\"https:\/\/brasilnoticias.org\/site\/wp-content\/uploads\/2022\/09\/verea.bmp\",\"datePublished\":\"2022-09-26T10:10:13+00:00\",\"breadcrumb\":{\"@id\":\"https:\/\/brasilnoticias.org\/site\/ex-vereador-de-dario-meira-morre-apos-ter-parada-cardiaca-enquanto-dirigia-carro\/#breadcrumb\"},\"inLanguage\":\"pt-PT\",\"potentialAction\":[{\"@type\":\"ReadAction\",\"target\":[\"https:\/\/brasilnoticias.org\/site\/ex-vereador-de-dario-meira-morre-apos-ter-parada-cardiaca-enquanto-dirigia-carro\/\"]}]},{\"@type\":\"ImageObject\",\"inLanguage\":\"pt-PT\",\"@id\":\"https:\/\/brasilnoticias.org\/site\/ex-vereador-de-dario-meira-morre-apos-ter-parada-cardiaca-enquanto-dirigia-carro\/#primaryimage\",\"url\":\"https:\/\/brasilnoticias.org\/site\/wp-content\/uploads\/2022\/09\/verea.bmp\",\"contentUrl\":\"https:\/\/brasilnoticias.org\/site\/wp-content\/uploads\/2022\/09\/verea.bmp\",\"width\":640,\"height\":480},{\"@type\":\"BreadcrumbList\",\"@id\":\"https:\/\/brasilnoticias.org\/site\/ex-vereador-de-dario-meira-morre-apos-ter-parada-cardiaca-enquanto-dirigia-carro\/#breadcrumb\",\"itemListElement\":[{\"@type\":\"ListItem\",\"position\":1,\"name\":\"In\u00edcio\",\"item\":\"https:\/\/brasilnoticias.org\/site\/\"},{\"@type\":\"ListItem\",\"position\":2,\"name\":\"Ex-vereador de D\u00e1rio Meira morre ap\u00f3s ter parada card\u00edaca enquanto dirigia carro\"}]},{\"@type\":\"WebSite\",\"@id\":\"https:\/\/brasilnoticias.org\/site\/#website\",\"url\":\"https:\/\/brasilnoticias.org\/site\/\",\"name\":\"Brasil not\u00edcias\",\"description\":\"Brasil not\u00edcias\",\"publisher\":{\"@id\":\"https:\/\/brasilnoticias.org\/site\/#organization\"},\"potentialAction\":[{\"@type\":\"SearchAction\",\"target\":{\"@type\":\"EntryPoint\",\"urlTemplate\":\"https:\/\/brasilnoticias.org\/site\/?s={search_term_string}\"},\"query-input\":{\"@type\":\"PropertyValueSpecification\",\"valueRequired\":true,\"valueName\":\"search_term_string\"}}],\"inLanguage\":\"pt-PT\"},{\"@type\":\"Organization\",\"@id\":\"https:\/\/brasilnoticias.org\/site\/#organization\",\"name\":\"Brasil not\u00edcias\",\"url\":\"https:\/\/brasilnoticias.org\/site\/\",\"logo\":{\"@type\":\"ImageObject\",\"inLanguage\":\"pt-PT\",\"@id\":\"https:\/\/brasilnoticias.org\/site\/#\/schema\/logo\/image\/\",\"url\":\"https:\/\/brasilnoticias.org\/site\/wp-content\/uploads\/2022\/05\/cropped-brasilnoticias-mini.jpg\",\"contentUrl\":\"https:\/\/brasilnoticias.org\/site\/wp-content\/uploads\/2022\/05\/cropped-brasilnoticias-mini.jpg\",\"width\":314,\"height\":86,\"caption\":\"Brasil not\u00edcias\"},\"image\":{\"@id\":\"https:\/\/brasilnoticias.org\/site\/#\/schema\/logo\/image\/\"}},{\"@type\":\"Person\",\"@id\":\"https:\/\/brasilnoticias.org\/site\/#\/schema\/person\/a0e05b973ec4d15c658d51911e53507b\",\"name\":\"Reda\u00e7\u00e3o\",\"image\":{\"@type\":\"ImageObject\",\"inLanguage\":\"pt-PT\",\"@id\":\"https:\/\/brasilnoticias.org\/site\/#\/schema\/person\/image\/\",\"url\":\"https:\/\/secure.gravatar.com\/avatar\/75d8b050df2de108b08ae78dfb8e374892df24a383c67db9c46a9c604f6aee9c?s=96&d=mm&r=g\",\"contentUrl\":\"https:\/\/secure.gravatar.com\/avatar\/75d8b050df2de108b08ae78dfb8e374892df24a383c67db9c46a9c604f6aee9c?s=96&d=mm&r=g\",\"caption\":\"Reda\u00e7\u00e3o\"},\"sameAs\":[\"https:\/\/brasilnoticias.org\/site\"],\"url\":\"https:\/\/brasilnoticias.org\/site\/author\/fernandozsngmail-com\/\"}]}<\/script>\n<!-- \/ Yoast SEO plugin. -->","yoast_head_json":{"title":"Ex-vereador de D\u00e1rio Meira morre ap\u00f3s ter parada card\u00edaca enquanto dirigia carro - Brasil not\u00edcias","robots":{"index":"index","follow":"follow","max-snippet":"max-snippet:-1","max-image-preview":"max-image-preview:large","max-video-preview":"max-video-preview:-1"},"canonical":"https:\/\/brasilnoticias.org\/site\/ex-vereador-de-dario-meira-morre-apos-ter-parada-cardiaca-enquanto-dirigia-carro\/","og_locale":"pt_PT","og_type":"article","og_title":"Ex-vereador de D\u00e1rio Meira morre ap\u00f3s ter parada card\u00edaca enquanto dirigia carro - Brasil not\u00edcias","og_description":"O ex-vereador de\u00a0D\u00e1rio Meira, Alan da Silva Gomes, de 52 anos, morreu, na madrugada deste domingo (25), ap\u00f3s ter uma","og_url":"https:\/\/brasilnoticias.org\/site\/ex-vereador-de-dario-meira-morre-apos-ter-parada-cardiaca-enquanto-dirigia-carro\/","og_site_name":"Brasil not\u00edcias","article_published_time":"2022-09-26T10:10:13+00:00","author":"Reda\u00e7\u00e3o","twitter_card":"summary_large_image","twitter_misc":{"Escrito por":"Reda\u00e7\u00e3o","Tempo estimado de leitura":"1 minuto"},"schema":{"@context":"https:\/\/schema.org","@graph":[{"@type":"Article","@id":"https:\/\/brasilnoticias.org\/site\/ex-vereador-de-dario-meira-morre-apos-ter-parada-cardiaca-enquanto-dirigia-carro\/#article","isPartOf":{"@id":"https:\/\/brasilnoticias.org\/site\/ex-vereador-de-dario-meira-morre-apos-ter-parada-cardiaca-enquanto-dirigia-carro\/"},"author":{"name":"Reda\u00e7\u00e3o","@id":"https:\/\/brasilnoticias.org\/site\/#\/schema\/person\/a0e05b973ec4d15c658d51911e53507b"},"headline":"Ex-vereador de D\u00e1rio Meira morre ap\u00f3s ter parada card\u00edaca enquanto dirigia carro","datePublished":"2022-09-26T10:10:13+00:00","mainEntityOfPage":{"@id":"https:\/\/brasilnoticias.org\/site\/ex-vereador-de-dario-meira-morre-apos-ter-parada-cardiaca-enquanto-dirigia-carro\/"},"wordCount":218,"commentCount":0,"publisher":{"@id":"https:\/\/brasilnoticias.org\/site\/#organization"},"image":{"@id":"https:\/\/brasilnoticias.org\/site\/ex-vereador-de-dario-meira-morre-apos-ter-parada-cardiaca-enquanto-dirigia-carro\/#primaryimage"},"thumbnailUrl":"https:\/\/brasilnoticias.org\/site\/wp-content\/uploads\/2022\/09\/verea.bmp","articleSection":["Not\u00edcias","\u00daltimas"],"inLanguage":"pt-PT","potentialAction":[{"@type":"CommentAction","name":"Comment","target":["https:\/\/brasilnoticias.org\/site\/ex-vereador-de-dario-meira-morre-apos-ter-parada-cardiaca-enquanto-dirigia-carro\/#respond"]}]},{"@type":"WebPage","@id":"https:\/\/brasilnoticias.org\/site\/ex-vereador-de-dario-meira-morre-apos-ter-parada-cardiaca-enquanto-dirigia-carro\/","url":"https:\/\/brasilnoticias.org\/site\/ex-vereador-de-dario-meira-morre-apos-ter-parada-cardiaca-enquanto-dirigia-carro\/","name":"Ex-vereador de D\u00e1rio Meira morre ap\u00f3s ter parada card\u00edaca enquanto dirigia carro - Brasil not\u00edcias","isPartOf":{"@id":"https:\/\/brasilnoticias.org\/site\/#website"},"primaryImageOfPage":{"@id":"https:\/\/brasilnoticias.org\/site\/ex-vereador-de-dario-meira-morre-apos-ter-parada-cardiaca-enquanto-dirigia-carro\/#primaryimage"},"image":{"@id":"https:\/\/brasilnoticias.org\/site\/ex-vereador-de-dario-meira-morre-apos-ter-parada-cardiaca-enquanto-dirigia-carro\/#primaryimage"},"thumbnailUrl":"https:\/\/brasilnoticias.org\/site\/wp-content\/uploads\/2022\/09\/verea.bmp","datePublished":"2022-09-26T10:10:13+00:00","breadcrumb":{"@id":"https:\/\/brasilnoticias.org\/site\/ex-vereador-de-dario-meira-morre-apos-ter-parada-cardiaca-enquanto-dirigia-carro\/#breadcrumb"},"inLanguage":"pt-PT","potentialAction":[{"@type":"ReadAction","target":["https:\/\/brasilnoticias.org\/site\/ex-vereador-de-dario-meira-morre-apos-ter-parada-cardiaca-enquanto-dirigia-carro\/"]}]},{"@type":"ImageObject","inLanguage":"pt-PT","@id":"https:\/\/brasilnoticias.org\/site\/ex-vereador-de-dario-meira-morre-apos-ter-parada-cardiaca-enquanto-dirigia-carro\/#primaryimage","url":"https:\/\/brasilnoticias.org\/site\/wp-content\/uploads\/2022\/09\/verea.bmp","contentUrl":"https:\/\/brasilnoticias.org\/site\/wp-content\/uploads\/2022\/09\/verea.bmp","width":640,"height":480},{"@type":"BreadcrumbList","@id":"https:\/\/brasilnoticias.org\/site\/ex-vereador-de-dario-meira-morre-apos-ter-parada-cardiaca-enquanto-dirigia-carro\/#breadcrumb","itemListElement":[{"@type":"ListItem","position":1,"name":"In\u00edcio","item":"https:\/\/brasilnoticias.org\/site\/"},{"@type":"ListItem","position":2,"name":"Ex-vereador de D\u00e1rio Meira morre ap\u00f3s ter parada card\u00edaca enquanto dirigia carro"}]},{"@type":"WebSite","@id":"https:\/\/brasilnoticias.org\/site\/#website","url":"https:\/\/brasilnoticias.org\/site\/","name":"Brasil not\u00edcias","description":"Brasil not\u00edcias","publisher":{"@id":"https:\/\/brasilnoticias.org\/site\/#organization"},"potentialAction":[{"@type":"SearchAction","target":{"@type":"EntryPoint","urlTemplate":"https:\/\/brasilnoticias.org\/site\/?s={search_term_string}"},"query-input":{"@type":"PropertyValueSpecification","valueRequired":true,"valueName":"search_term_string"}}],"inLanguage":"pt-PT"},{"@type":"Organization","@id":"https:\/\/brasilnoticias.org\/site\/#organization","name":"Brasil not\u00edcias","url":"https:\/\/brasilnoticias.org\/site\/","logo":{"@type":"ImageObject","inLanguage":"pt-PT","@id":"https:\/\/brasilnoticias.org\/site\/#\/schema\/logo\/image\/","url":"https:\/\/brasilnoticias.org\/site\/wp-content\/uploads\/2022\/05\/cropped-brasilnoticias-mini.jpg","contentUrl":"https:\/\/brasilnoticias.org\/site\/wp-content\/uploads\/2022\/05\/cropped-brasilnoticias-mini.jpg","width":314,"height":86,"caption":"Brasil not\u00edcias"},"image":{"@id":"https:\/\/brasilnoticias.org\/site\/#\/schema\/logo\/image\/"}},{"@type":"Person","@id":"https:\/\/brasilnoticias.org\/site\/#\/schema\/person\/a0e05b973ec4d15c658d51911e53507b","name":"Reda\u00e7\u00e3o","image":{"@type":"ImageObject","inLanguage":"pt-PT","@id":"https:\/\/brasilnoticias.org\/site\/#\/schema\/person\/image\/","url":"https:\/\/secure.gravatar.com\/avatar\/75d8b050df2de108b08ae78dfb8e374892df24a383c67db9c46a9c604f6aee9c?s=96&d=mm&r=g","contentUrl":"https:\/\/secure.gravatar.com\/avatar\/75d8b050df2de108b08ae78dfb8e374892df24a383c67db9c46a9c604f6aee9c?s=96&d=mm&r=g","caption":"Reda\u00e7\u00e3o"},"sameAs":["https:\/\/brasilnoticias.org\/site"],"url":"https:\/\/brasilnoticias.org\/site\/author\/fernandozsngmail-com\/"}]}},"_links":{"self":[{"href":"https:\/\/brasilnoticias.org\/site\/wp-json\/wp\/v2\/posts\/1567","targetHints":{"allow":["GET"]}}],"collection":[{"href":"https:\/\/brasilnoticias.org\/site\/wp-json\/wp\/v2\/posts"}],"about":[{"href":"https:\/\/brasilnoticias.org\/site\/wp-json\/wp\/v2\/types\/post"}],"author":[{"embeddable":true,"href":"https:\/\/brasilnoticias.org\/site\/wp-json\/wp\/v2\/users\/1"}],"replies":[{"embeddable":true,"href":"https:\/\/brasilnoticias.org\/site\/wp-json\/wp\/v2\/comments?post=1567"}],"version-history":[{"count":1,"href":"https:\/\/brasilnoticias.org\/site\/wp-json\/wp\/v2\/posts\/1567\/revisions"}],"predecessor-version":[{"id":1569,"href":"https:\/\/brasilnoticias.org\/site\/wp-json\/wp\/v2\/posts\/1567\/revisions\/1569"}],"wp:featuredmedia":[{"embeddable":true,"href":"https:\/\/brasilnoticias.org\/site\/wp-json\/wp\/v2\/media\/1568"}],"wp:attachment":[{"href":"https:\/\/brasilnoticias.org\/site\/wp-json\/wp\/v2\/media?parent=1567"}],"wp:term":[{"taxonomy":"category","embeddable":true,"href":"https:\/\/brasilnoticias.org\/site\/wp-json\/wp\/v2\/categories?post=1567"},{"taxonomy":"post_tag","embeddable":true,"href":"https:\/\/brasilnoticias.org\/site\/wp-json\/wp\/v2\/tags?post=1567"}],"curies":[{"name":"wp","href":"https:\/\/api.w.org\/{rel}","templated":true}]}}