{"id":15671,"date":"2024-08-24T11:22:32","date_gmt":"2024-08-24T14:22:32","guid":{"rendered":"https:\/\/brasilnoticias.org\/site\/?p=15671"},"modified":"2024-08-24T11:22:32","modified_gmt":"2024-08-24T14:22:32","slug":"video-com-direito-a-capoeira-carlinhos-brown-se-apresenta-direto-de-manchester-durante-bahia-day","status":"publish","type":"post","link":"https:\/\/brasilnoticias.org\/site\/video-com-direito-a-capoeira-carlinhos-brown-se-apresenta-direto-de-manchester-durante-bahia-day\/","title":{"rendered":"V\u00cdDEO: Com direito \u00e0 capoeira, Carlinhos Brown se apresenta direto de Manchester durante Bahia Day"},"content":{"rendered":"<p>O cantor, compositor e percussionista Carlinhos Brown \u00e9 mais uma atra\u00e7\u00e3o a se apresentar no Bahia Day, diretamente de Manchester, na Inglaterra. O artista, juntamente com o Olodum e uma s\u00e9rie de capoeiristas, est\u00e1 se apresentando na cidade inglesa a convite do Esporte Clube Bahia. <\/p>\n<p>Confira o v\u00eddeo:<\/p>\n<div style=\"position:relative;padding-bottom:56.25%;height:0;overflow:hidden;\"> <iframe loading=\"lazy\" style=\"width:100%;height:100%;position:absolute;left:0px;top:0px;overflow:hidden\" frameborder=\"0\" type=\"text\/html\" src=\"https:\/\/geo.dailymotion.com\/player.html?video=x94jhz2\" width=\"100%\" height=\"100%\" allowfullscreen title=\"Dailymotion Video Player\" allow=\"web-share\" <\/iframe> <\/div>\n<p>Foto:Reprodu\u00e7\u00e3o \/ V\u00eddeo<br \/>\nBNews<\/p>\n","protected":false},"excerpt":{"rendered":"<p>O cantor, compositor e percussionista Carlinhos Brown \u00e9 mais uma atra\u00e7\u00e3o a se apresentar no Bahia Day, diretamente de Manchester,<\/p>\n","protected":false},"author":4,"featured_media":15672,"comment_status":"open","ping_status":"open","sticky":false,"template":"","format":"standard","meta":{"colormag_page_container_layout":"default_layout","colormag_page_sidebar_layout":"default_layout","_FSMCFIC_featured_image_caption":"","_FSMCFIC_featured_image_nocaption":"","_FSMCFIC_featured_image_hide":"","footnotes":""},"categories":[8,1],"tags":[],"class_list":["post-15671","post","type-post","status-publish","format-standard","has-post-thumbnail","hentry","category-entretenimento","category-ultimas"],"yoast_head":"<!-- This site is optimized with the Yoast SEO plugin v27.1.1 - https:\/\/yoast.com\/product\/yoast-seo-wordpress\/ -->\n<title>V\u00cdDEO: Com direito \u00e0 capoeira, Carlinhos Brown se apresenta direto de Manchester durante Bahia Day - Brasil not\u00edcias<\/title>\n<meta name=\"robots\" content=\"index, follow, max-snippet:-1, max-image-preview:large, max-video-preview:-1\" \/>\n<link rel=\"canonical\" href=\"https:\/\/brasilnoticias.org\/site\/video-com-direito-a-capoeira-carlinhos-brown-se-apresenta-direto-de-manchester-durante-bahia-day\/\" \/>\n<meta property=\"og:locale\" content=\"pt_PT\" \/>\n<meta property=\"og:type\" content=\"article\" \/>\n<meta property=\"og:title\" content=\"V\u00cdDEO: Com direito \u00e0 capoeira, Carlinhos Brown se apresenta direto de Manchester durante Bahia Day - Brasil not\u00edcias\" \/>\n<meta property=\"og:description\" content=\"O cantor, compositor e percussionista Carlinhos Brown \u00e9 mais uma atra\u00e7\u00e3o a se apresentar no Bahia Day, diretamente de Manchester,\" \/>\n<meta property=\"og:url\" content=\"https:\/\/brasilnoticias.org\/site\/video-com-direito-a-capoeira-carlinhos-brown-se-apresenta-direto-de-manchester-durante-bahia-day\/\" \/>\n<meta property=\"og:site_name\" content=\"Brasil not\u00edcias\" \/>\n<meta property=\"article:published_time\" content=\"2024-08-24T14:22:32+00:00\" \/>\n<meta property=\"og:image\" content=\"https:\/\/brasilnoticias.org\/site\/wp-content\/uploads\/2024\/08\/design_sem_nome_2_neGj0Be_widelg.webp\" \/>\n\t<meta property=\"og:image:width\" content=\"800\" \/>\n\t<meta property=\"og:image:height\" content=\"450\" \/>\n\t<meta property=\"og:image:type\" content=\"image\/webp\" \/>\n<meta name=\"author\" content=\"Reda\u00e7\u00e3o\" \/>\n<meta name=\"twitter:card\" content=\"summary_large_image\" \/>\n<meta name=\"twitter:label1\" content=\"Escrito por\" \/>\n\t<meta name=\"twitter:data1\" content=\"Reda\u00e7\u00e3o\" \/>\n\t<meta name=\"twitter:label2\" content=\"Tempo estimado de leitura\" \/>\n\t<meta name=\"twitter:data2\" content=\"1 minuto\" \/>\n<script type=\"application\/ld+json\" class=\"yoast-schema-graph\">{\"@context\":\"https:\/\/schema.org\",\"@graph\":[{\"@type\":\"Article\",\"@id\":\"https:\/\/brasilnoticias.org\/site\/video-com-direito-a-capoeira-carlinhos-brown-se-apresenta-direto-de-manchester-durante-bahia-day\/#article\",\"isPartOf\":{\"@id\":\"https:\/\/brasilnoticias.org\/site\/video-com-direito-a-capoeira-carlinhos-brown-se-apresenta-direto-de-manchester-durante-bahia-day\/\"},\"author\":{\"name\":\"Reda\u00e7\u00e3o\",\"@id\":\"https:\/\/brasilnoticias.org\/site\/#\/schema\/person\/03bbbfe6c7634ad18c26444ea39049fa\"},\"headline\":\"V\u00cdDEO: Com direito \u00e0 capoeira, Carlinhos Brown se apresenta direto de Manchester durante Bahia Day\",\"datePublished\":\"2024-08-24T14:22:32+00:00\",\"mainEntityOfPage\":{\"@id\":\"https:\/\/brasilnoticias.org\/site\/video-com-direito-a-capoeira-carlinhos-brown-se-apresenta-direto-de-manchester-durante-bahia-day\/\"},\"wordCount\":65,\"commentCount\":0,\"publisher\":{\"@id\":\"https:\/\/brasilnoticias.org\/site\/#organization\"},\"image\":{\"@id\":\"https:\/\/brasilnoticias.org\/site\/video-com-direito-a-capoeira-carlinhos-brown-se-apresenta-direto-de-manchester-durante-bahia-day\/#primaryimage\"},\"thumbnailUrl\":\"https:\/\/brasilnoticias.org\/site\/wp-content\/uploads\/2024\/08\/design_sem_nome_2_neGj0Be_widelg.webp\",\"articleSection\":[\"Entretenimento\",\"\u00daltimas\"],\"inLanguage\":\"pt-PT\",\"potentialAction\":[{\"@type\":\"CommentAction\",\"name\":\"Comment\",\"target\":[\"https:\/\/brasilnoticias.org\/site\/video-com-direito-a-capoeira-carlinhos-brown-se-apresenta-direto-de-manchester-durante-bahia-day\/#respond\"]}]},{\"@type\":\"WebPage\",\"@id\":\"https:\/\/brasilnoticias.org\/site\/video-com-direito-a-capoeira-carlinhos-brown-se-apresenta-direto-de-manchester-durante-bahia-day\/\",\"url\":\"https:\/\/brasilnoticias.org\/site\/video-com-direito-a-capoeira-carlinhos-brown-se-apresenta-direto-de-manchester-durante-bahia-day\/\",\"name\":\"V\u00cdDEO: Com direito \u00e0 capoeira, Carlinhos Brown se apresenta direto de Manchester durante Bahia Day - Brasil not\u00edcias\",\"isPartOf\":{\"@id\":\"https:\/\/brasilnoticias.org\/site\/#website\"},\"primaryImageOfPage\":{\"@id\":\"https:\/\/brasilnoticias.org\/site\/video-com-direito-a-capoeira-carlinhos-brown-se-apresenta-direto-de-manchester-durante-bahia-day\/#primaryimage\"},\"image\":{\"@id\":\"https:\/\/brasilnoticias.org\/site\/video-com-direito-a-capoeira-carlinhos-brown-se-apresenta-direto-de-manchester-durante-bahia-day\/#primaryimage\"},\"thumbnailUrl\":\"https:\/\/brasilnoticias.org\/site\/wp-content\/uploads\/2024\/08\/design_sem_nome_2_neGj0Be_widelg.webp\",\"datePublished\":\"2024-08-24T14:22:32+00:00\",\"breadcrumb\":{\"@id\":\"https:\/\/brasilnoticias.org\/site\/video-com-direito-a-capoeira-carlinhos-brown-se-apresenta-direto-de-manchester-durante-bahia-day\/#breadcrumb\"},\"inLanguage\":\"pt-PT\",\"potentialAction\":[{\"@type\":\"ReadAction\",\"target\":[\"https:\/\/brasilnoticias.org\/site\/video-com-direito-a-capoeira-carlinhos-brown-se-apresenta-direto-de-manchester-durante-bahia-day\/\"]}]},{\"@type\":\"ImageObject\",\"inLanguage\":\"pt-PT\",\"@id\":\"https:\/\/brasilnoticias.org\/site\/video-com-direito-a-capoeira-carlinhos-brown-se-apresenta-direto-de-manchester-durante-bahia-day\/#primaryimage\",\"url\":\"https:\/\/brasilnoticias.org\/site\/wp-content\/uploads\/2024\/08\/design_sem_nome_2_neGj0Be_widelg.webp\",\"contentUrl\":\"https:\/\/brasilnoticias.org\/site\/wp-content\/uploads\/2024\/08\/design_sem_nome_2_neGj0Be_widelg.webp\",\"width\":800,\"height\":450},{\"@type\":\"BreadcrumbList\",\"@id\":\"https:\/\/brasilnoticias.org\/site\/video-com-direito-a-capoeira-carlinhos-brown-se-apresenta-direto-de-manchester-durante-bahia-day\/#breadcrumb\",\"itemListElement\":[{\"@type\":\"ListItem\",\"position\":1,\"name\":\"In\u00edcio\",\"item\":\"https:\/\/brasilnoticias.org\/site\/\"},{\"@type\":\"ListItem\",\"position\":2,\"name\":\"V\u00cdDEO: Com direito \u00e0 capoeira, Carlinhos Brown se apresenta direto de Manchester durante Bahia Day\"}]},{\"@type\":\"WebSite\",\"@id\":\"https:\/\/brasilnoticias.org\/site\/#website\",\"url\":\"https:\/\/brasilnoticias.org\/site\/\",\"name\":\"Brasil not\u00edcias\",\"description\":\"Brasil not\u00edcias\",\"publisher\":{\"@id\":\"https:\/\/brasilnoticias.org\/site\/#organization\"},\"potentialAction\":[{\"@type\":\"SearchAction\",\"target\":{\"@type\":\"EntryPoint\",\"urlTemplate\":\"https:\/\/brasilnoticias.org\/site\/?s={search_term_string}\"},\"query-input\":{\"@type\":\"PropertyValueSpecification\",\"valueRequired\":true,\"valueName\":\"search_term_string\"}}],\"inLanguage\":\"pt-PT\"},{\"@type\":\"Organization\",\"@id\":\"https:\/\/brasilnoticias.org\/site\/#organization\",\"name\":\"Brasil not\u00edcias\",\"url\":\"https:\/\/brasilnoticias.org\/site\/\",\"logo\":{\"@type\":\"ImageObject\",\"inLanguage\":\"pt-PT\",\"@id\":\"https:\/\/brasilnoticias.org\/site\/#\/schema\/logo\/image\/\",\"url\":\"https:\/\/brasilnoticias.org\/site\/wp-content\/uploads\/2022\/05\/cropped-brasilnoticias-mini.jpg\",\"contentUrl\":\"https:\/\/brasilnoticias.org\/site\/wp-content\/uploads\/2022\/05\/cropped-brasilnoticias-mini.jpg\",\"width\":314,\"height\":86,\"caption\":\"Brasil not\u00edcias\"},\"image\":{\"@id\":\"https:\/\/brasilnoticias.org\/site\/#\/schema\/logo\/image\/\"}},{\"@type\":\"Person\",\"@id\":\"https:\/\/brasilnoticias.org\/site\/#\/schema\/person\/03bbbfe6c7634ad18c26444ea39049fa\",\"name\":\"Reda\u00e7\u00e3o\",\"image\":{\"@type\":\"ImageObject\",\"inLanguage\":\"pt-PT\",\"@id\":\"https:\/\/brasilnoticias.org\/site\/#\/schema\/person\/image\/\",\"url\":\"https:\/\/secure.gravatar.com\/avatar\/9ecaf7327a696cb23ad926fedded5f1f04d7049de9e445375d55b48c001a6e42?s=96&d=mm&r=g\",\"contentUrl\":\"https:\/\/secure.gravatar.com\/avatar\/9ecaf7327a696cb23ad926fedded5f1f04d7049de9e445375d55b48c001a6e42?s=96&d=mm&r=g\",\"caption\":\"Reda\u00e7\u00e3o\"},\"url\":\"https:\/\/brasilnoticias.org\/site\/author\/henrique\/\"}]}<\/script>\n<!-- \/ Yoast SEO plugin. -->","yoast_head_json":{"title":"V\u00cdDEO: Com direito \u00e0 capoeira, Carlinhos Brown se apresenta direto de Manchester durante Bahia Day - Brasil not\u00edcias","robots":{"index":"index","follow":"follow","max-snippet":"max-snippet:-1","max-image-preview":"max-image-preview:large","max-video-preview":"max-video-preview:-1"},"canonical":"https:\/\/brasilnoticias.org\/site\/video-com-direito-a-capoeira-carlinhos-brown-se-apresenta-direto-de-manchester-durante-bahia-day\/","og_locale":"pt_PT","og_type":"article","og_title":"V\u00cdDEO: Com direito \u00e0 capoeira, Carlinhos Brown se apresenta direto de Manchester durante Bahia Day - Brasil not\u00edcias","og_description":"O cantor, compositor e percussionista Carlinhos Brown \u00e9 mais uma atra\u00e7\u00e3o a se apresentar no Bahia Day, diretamente de Manchester,","og_url":"https:\/\/brasilnoticias.org\/site\/video-com-direito-a-capoeira-carlinhos-brown-se-apresenta-direto-de-manchester-durante-bahia-day\/","og_site_name":"Brasil not\u00edcias","article_published_time":"2024-08-24T14:22:32+00:00","og_image":[{"width":800,"height":450,"url":"https:\/\/brasilnoticias.org\/site\/wp-content\/uploads\/2024\/08\/design_sem_nome_2_neGj0Be_widelg.webp","type":"image\/webp"}],"author":"Reda\u00e7\u00e3o","twitter_card":"summary_large_image","twitter_misc":{"Escrito por":"Reda\u00e7\u00e3o","Tempo estimado de leitura":"1 minuto"},"schema":{"@context":"https:\/\/schema.org","@graph":[{"@type":"Article","@id":"https:\/\/brasilnoticias.org\/site\/video-com-direito-a-capoeira-carlinhos-brown-se-apresenta-direto-de-manchester-durante-bahia-day\/#article","isPartOf":{"@id":"https:\/\/brasilnoticias.org\/site\/video-com-direito-a-capoeira-carlinhos-brown-se-apresenta-direto-de-manchester-durante-bahia-day\/"},"author":{"name":"Reda\u00e7\u00e3o","@id":"https:\/\/brasilnoticias.org\/site\/#\/schema\/person\/03bbbfe6c7634ad18c26444ea39049fa"},"headline":"V\u00cdDEO: Com direito \u00e0 capoeira, Carlinhos Brown se apresenta direto de Manchester durante Bahia Day","datePublished":"2024-08-24T14:22:32+00:00","mainEntityOfPage":{"@id":"https:\/\/brasilnoticias.org\/site\/video-com-direito-a-capoeira-carlinhos-brown-se-apresenta-direto-de-manchester-durante-bahia-day\/"},"wordCount":65,"commentCount":0,"publisher":{"@id":"https:\/\/brasilnoticias.org\/site\/#organization"},"image":{"@id":"https:\/\/brasilnoticias.org\/site\/video-com-direito-a-capoeira-carlinhos-brown-se-apresenta-direto-de-manchester-durante-bahia-day\/#primaryimage"},"thumbnailUrl":"https:\/\/brasilnoticias.org\/site\/wp-content\/uploads\/2024\/08\/design_sem_nome_2_neGj0Be_widelg.webp","articleSection":["Entretenimento","\u00daltimas"],"inLanguage":"pt-PT","potentialAction":[{"@type":"CommentAction","name":"Comment","target":["https:\/\/brasilnoticias.org\/site\/video-com-direito-a-capoeira-carlinhos-brown-se-apresenta-direto-de-manchester-durante-bahia-day\/#respond"]}]},{"@type":"WebPage","@id":"https:\/\/brasilnoticias.org\/site\/video-com-direito-a-capoeira-carlinhos-brown-se-apresenta-direto-de-manchester-durante-bahia-day\/","url":"https:\/\/brasilnoticias.org\/site\/video-com-direito-a-capoeira-carlinhos-brown-se-apresenta-direto-de-manchester-durante-bahia-day\/","name":"V\u00cdDEO: Com direito \u00e0 capoeira, Carlinhos Brown se apresenta direto de Manchester durante Bahia Day - Brasil not\u00edcias","isPartOf":{"@id":"https:\/\/brasilnoticias.org\/site\/#website"},"primaryImageOfPage":{"@id":"https:\/\/brasilnoticias.org\/site\/video-com-direito-a-capoeira-carlinhos-brown-se-apresenta-direto-de-manchester-durante-bahia-day\/#primaryimage"},"image":{"@id":"https:\/\/brasilnoticias.org\/site\/video-com-direito-a-capoeira-carlinhos-brown-se-apresenta-direto-de-manchester-durante-bahia-day\/#primaryimage"},"thumbnailUrl":"https:\/\/brasilnoticias.org\/site\/wp-content\/uploads\/2024\/08\/design_sem_nome_2_neGj0Be_widelg.webp","datePublished":"2024-08-24T14:22:32+00:00","breadcrumb":{"@id":"https:\/\/brasilnoticias.org\/site\/video-com-direito-a-capoeira-carlinhos-brown-se-apresenta-direto-de-manchester-durante-bahia-day\/#breadcrumb"},"inLanguage":"pt-PT","potentialAction":[{"@type":"ReadAction","target":["https:\/\/brasilnoticias.org\/site\/video-com-direito-a-capoeira-carlinhos-brown-se-apresenta-direto-de-manchester-durante-bahia-day\/"]}]},{"@type":"ImageObject","inLanguage":"pt-PT","@id":"https:\/\/brasilnoticias.org\/site\/video-com-direito-a-capoeira-carlinhos-brown-se-apresenta-direto-de-manchester-durante-bahia-day\/#primaryimage","url":"https:\/\/brasilnoticias.org\/site\/wp-content\/uploads\/2024\/08\/design_sem_nome_2_neGj0Be_widelg.webp","contentUrl":"https:\/\/brasilnoticias.org\/site\/wp-content\/uploads\/2024\/08\/design_sem_nome_2_neGj0Be_widelg.webp","width":800,"height":450},{"@type":"BreadcrumbList","@id":"https:\/\/brasilnoticias.org\/site\/video-com-direito-a-capoeira-carlinhos-brown-se-apresenta-direto-de-manchester-durante-bahia-day\/#breadcrumb","itemListElement":[{"@type":"ListItem","position":1,"name":"In\u00edcio","item":"https:\/\/brasilnoticias.org\/site\/"},{"@type":"ListItem","position":2,"name":"V\u00cdDEO: Com direito \u00e0 capoeira, Carlinhos Brown se apresenta direto de Manchester durante Bahia Day"}]},{"@type":"WebSite","@id":"https:\/\/brasilnoticias.org\/site\/#website","url":"https:\/\/brasilnoticias.org\/site\/","name":"Brasil not\u00edcias","description":"Brasil not\u00edcias","publisher":{"@id":"https:\/\/brasilnoticias.org\/site\/#organization"},"potentialAction":[{"@type":"SearchAction","target":{"@type":"EntryPoint","urlTemplate":"https:\/\/brasilnoticias.org\/site\/?s={search_term_string}"},"query-input":{"@type":"PropertyValueSpecification","valueRequired":true,"valueName":"search_term_string"}}],"inLanguage":"pt-PT"},{"@type":"Organization","@id":"https:\/\/brasilnoticias.org\/site\/#organization","name":"Brasil not\u00edcias","url":"https:\/\/brasilnoticias.org\/site\/","logo":{"@type":"ImageObject","inLanguage":"pt-PT","@id":"https:\/\/brasilnoticias.org\/site\/#\/schema\/logo\/image\/","url":"https:\/\/brasilnoticias.org\/site\/wp-content\/uploads\/2022\/05\/cropped-brasilnoticias-mini.jpg","contentUrl":"https:\/\/brasilnoticias.org\/site\/wp-content\/uploads\/2022\/05\/cropped-brasilnoticias-mini.jpg","width":314,"height":86,"caption":"Brasil not\u00edcias"},"image":{"@id":"https:\/\/brasilnoticias.org\/site\/#\/schema\/logo\/image\/"}},{"@type":"Person","@id":"https:\/\/brasilnoticias.org\/site\/#\/schema\/person\/03bbbfe6c7634ad18c26444ea39049fa","name":"Reda\u00e7\u00e3o","image":{"@type":"ImageObject","inLanguage":"pt-PT","@id":"https:\/\/brasilnoticias.org\/site\/#\/schema\/person\/image\/","url":"https:\/\/secure.gravatar.com\/avatar\/9ecaf7327a696cb23ad926fedded5f1f04d7049de9e445375d55b48c001a6e42?s=96&d=mm&r=g","contentUrl":"https:\/\/secure.gravatar.com\/avatar\/9ecaf7327a696cb23ad926fedded5f1f04d7049de9e445375d55b48c001a6e42?s=96&d=mm&r=g","caption":"Reda\u00e7\u00e3o"},"url":"https:\/\/brasilnoticias.org\/site\/author\/henrique\/"}]}},"_links":{"self":[{"href":"https:\/\/brasilnoticias.org\/site\/wp-json\/wp\/v2\/posts\/15671","targetHints":{"allow":["GET"]}}],"collection":[{"href":"https:\/\/brasilnoticias.org\/site\/wp-json\/wp\/v2\/posts"}],"about":[{"href":"https:\/\/brasilnoticias.org\/site\/wp-json\/wp\/v2\/types\/post"}],"author":[{"embeddable":true,"href":"https:\/\/brasilnoticias.org\/site\/wp-json\/wp\/v2\/users\/4"}],"replies":[{"embeddable":true,"href":"https:\/\/brasilnoticias.org\/site\/wp-json\/wp\/v2\/comments?post=15671"}],"version-history":[{"count":1,"href":"https:\/\/brasilnoticias.org\/site\/wp-json\/wp\/v2\/posts\/15671\/revisions"}],"predecessor-version":[{"id":15673,"href":"https:\/\/brasilnoticias.org\/site\/wp-json\/wp\/v2\/posts\/15671\/revisions\/15673"}],"wp:featuredmedia":[{"embeddable":true,"href":"https:\/\/brasilnoticias.org\/site\/wp-json\/wp\/v2\/media\/15672"}],"wp:attachment":[{"href":"https:\/\/brasilnoticias.org\/site\/wp-json\/wp\/v2\/media?parent=15671"}],"wp:term":[{"taxonomy":"category","embeddable":true,"href":"https:\/\/brasilnoticias.org\/site\/wp-json\/wp\/v2\/categories?post=15671"},{"taxonomy":"post_tag","embeddable":true,"href":"https:\/\/brasilnoticias.org\/site\/wp-json\/wp\/v2\/tags?post=15671"}],"curies":[{"name":"wp","href":"https:\/\/api.w.org\/{rel}","templated":true}]}}