{"id":15697,"date":"2024-08-26T21:22:28","date_gmt":"2024-08-27T00:22:28","guid":{"rendered":"https:\/\/brasilnoticias.org\/site\/?p=15697"},"modified":"2024-08-26T21:22:28","modified_gmt":"2024-08-27T00:22:28","slug":"carmen-lucia-destrava-processo-que-pode-implodir-candidatura-de-marcal","status":"publish","type":"post","link":"https:\/\/brasilnoticias.org\/site\/carmen-lucia-destrava-processo-que-pode-implodir-candidatura-de-marcal\/","title":{"rendered":"C\u00e1rmen L\u00facia destrava processo que pode implodir candidatura de Mar\u00e7al"},"content":{"rendered":"<p>Processo envolve guerra interna no PRTB, partido pelo qual o ex-coach disputa a prefeitura de S\u00e3o Paula<\/p>\n<p>Um processo que pode prejudicar a candidatura do ex-coach Pablo Mar\u00e7al \u00e0 prefeitura de S\u00e3o Paulo foi destravado no Tribunal Superior Eleitoral. A presidente da Corte, C\u00e1rmen L\u00facia, pediu a manifesta\u00e7\u00e3o do presidente do PRTB e do Minist\u00e9rio P\u00fablico Eleitoral sobre um caso que exp\u00f5e uma guerra interna no partido do candidato.<\/p>\n<p>O processo envolve uma disputa familiar pelo comando da sigla fundada por Levy Fidelix na d\u00e9cada de 1990. A vi\u00fava dele, Aldineia Fidelix, alega na a\u00e7\u00e3o que o atual presidente nacional do PRTB, Leonardo Avalanche, n\u00e3o respeitou um acordo fechado no in\u00edcio deste ano com o objetivo de pacificar o partido. Na negocia\u00e7\u00e3o, ficou definido que ficariam com a v\u00edvida a  vice-presid\u00eancia nacional da sigla, seis cargos na comiss\u00e3o executiva nacional e outros 20 cargos do diret\u00f3rio nacional, al\u00e9m do comando de diret\u00f3rios em cinco estados &#8211; S\u00e3o Paulo, Rio de Janeiro, Esp\u00edrito Santo, Roraima e Rio Grande do Norte.<\/p>\n<p>Al\u00e9m de pedir a manifesta\u00e7\u00e3o do MPE, Carm\u00e9m L\u00facia publicou, neste domingo (25), um despacho pedindo informa\u00e7\u00f5es ao atual presidente da sigla. Aldineia  o acusa de \u201cagir ao arrepio do estatuto\u201d do PRTB e violar \u201ca democracia interna do partido\u201d.<\/p>\n<p>A candidatura de Mar\u00e7al n\u00e3o \u00e9 mencionada na a\u00e7\u00e3o, mas ela ser\u00e1 diretamente afetada caso Aldineia  ganhe o processo. Isso porque foi uma comiss\u00e3o provis\u00f3ria do PRTB em S\u00e3o Paulo, que era alinhada a Avalanche, que chancelou a candidatura do ex-coach. Segundo as alega\u00e7\u00f5es de Aldineia, ela \u00e9 quem deveria ter comandado o diret\u00f3rio. A Levy Fidelix pede, inclusive, a anula\u00e7\u00e3o dos atos de Avalanche que desrespeitaram o acordo, o que desqualificar a comiss\u00e3o provis\u00f3ria respons\u00e1vel por validar a candidatura de Mar\u00e7al.<\/p>\n<p>Foto: Renato Pizzutto\/Band<br \/>\nPor: Metro1<\/p>\n","protected":false},"excerpt":{"rendered":"<p>Processo envolve guerra interna no PRTB, partido pelo qual o ex-coach disputa a prefeitura de S\u00e3o Paula Um processo que<\/p>\n","protected":false},"author":4,"featured_media":15698,"comment_status":"open","ping_status":"open","sticky":false,"template":"","format":"standard","meta":{"colormag_page_container_layout":"default_layout","colormag_page_sidebar_layout":"default_layout","_FSMCFIC_featured_image_caption":"","_FSMCFIC_featured_image_nocaption":"","_FSMCFIC_featured_image_hide":"","footnotes":""},"categories":[5,1],"tags":[],"class_list":["post-15697","post","type-post","status-publish","format-standard","has-post-thumbnail","hentry","category-politica","category-ultimas"],"yoast_head":"<!-- This site is optimized with the Yoast SEO plugin v27.1.1 - https:\/\/yoast.com\/product\/yoast-seo-wordpress\/ -->\n<title>C\u00e1rmen L\u00facia destrava processo que pode implodir candidatura de Mar\u00e7al - Brasil not\u00edcias<\/title>\n<meta name=\"robots\" content=\"index, follow, max-snippet:-1, max-image-preview:large, max-video-preview:-1\" \/>\n<link rel=\"canonical\" href=\"https:\/\/brasilnoticias.org\/site\/carmen-lucia-destrava-processo-que-pode-implodir-candidatura-de-marcal\/\" \/>\n<meta property=\"og:locale\" content=\"pt_PT\" \/>\n<meta property=\"og:type\" content=\"article\" \/>\n<meta property=\"og:title\" content=\"C\u00e1rmen L\u00facia destrava processo que pode implodir candidatura de Mar\u00e7al - Brasil not\u00edcias\" \/>\n<meta property=\"og:description\" content=\"Processo envolve guerra interna no PRTB, partido pelo qual o ex-coach disputa a prefeitura de S\u00e3o Paula Um processo que\" \/>\n<meta property=\"og:url\" content=\"https:\/\/brasilnoticias.org\/site\/carmen-lucia-destrava-processo-que-pode-implodir-candidatura-de-marcal\/\" \/>\n<meta property=\"og:site_name\" content=\"Brasil not\u00edcias\" \/>\n<meta property=\"article:published_time\" content=\"2024-08-27T00:22:28+00:00\" \/>\n<meta property=\"og:image\" content=\"https:\/\/brasilnoticias.org\/site\/wp-content\/uploads\/2024\/08\/154484carmen-lucia-destrava-processo-que-pode-implodir-candidatura-de-marcal-3.jpg\" \/>\n\t<meta property=\"og:image:width\" content=\"1600\" \/>\n\t<meta property=\"og:image:height\" content=\"752\" \/>\n\t<meta property=\"og:image:type\" content=\"image\/jpeg\" \/>\n<meta name=\"author\" content=\"Reda\u00e7\u00e3o\" \/>\n<meta name=\"twitter:card\" content=\"summary_large_image\" \/>\n<meta name=\"twitter:label1\" content=\"Escrito por\" \/>\n\t<meta name=\"twitter:data1\" content=\"Reda\u00e7\u00e3o\" \/>\n<script type=\"application\/ld+json\" class=\"yoast-schema-graph\">{\"@context\":\"https:\/\/schema.org\",\"@graph\":[{\"@type\":\"Article\",\"@id\":\"https:\/\/brasilnoticias.org\/site\/carmen-lucia-destrava-processo-que-pode-implodir-candidatura-de-marcal\/#article\",\"isPartOf\":{\"@id\":\"https:\/\/brasilnoticias.org\/site\/carmen-lucia-destrava-processo-que-pode-implodir-candidatura-de-marcal\/\"},\"author\":{\"name\":\"Reda\u00e7\u00e3o\",\"@id\":\"https:\/\/brasilnoticias.org\/site\/#\/schema\/person\/03bbbfe6c7634ad18c26444ea39049fa\"},\"headline\":\"C\u00e1rmen L\u00facia destrava processo que pode implodir candidatura de Mar\u00e7al\",\"datePublished\":\"2024-08-27T00:22:28+00:00\",\"mainEntityOfPage\":{\"@id\":\"https:\/\/brasilnoticias.org\/site\/carmen-lucia-destrava-processo-que-pode-implodir-candidatura-de-marcal\/\"},\"wordCount\":345,\"commentCount\":0,\"publisher\":{\"@id\":\"https:\/\/brasilnoticias.org\/site\/#organization\"},\"image\":{\"@id\":\"https:\/\/brasilnoticias.org\/site\/carmen-lucia-destrava-processo-que-pode-implodir-candidatura-de-marcal\/#primaryimage\"},\"thumbnailUrl\":\"https:\/\/brasilnoticias.org\/site\/wp-content\/uploads\/2024\/08\/154484carmen-lucia-destrava-processo-que-pode-implodir-candidatura-de-marcal-3.jpg\",\"articleSection\":[\"Pol\u00edtica\",\"\u00daltimas\"],\"inLanguage\":\"pt-PT\",\"potentialAction\":[{\"@type\":\"CommentAction\",\"name\":\"Comment\",\"target\":[\"https:\/\/brasilnoticias.org\/site\/carmen-lucia-destrava-processo-que-pode-implodir-candidatura-de-marcal\/#respond\"]}]},{\"@type\":\"WebPage\",\"@id\":\"https:\/\/brasilnoticias.org\/site\/carmen-lucia-destrava-processo-que-pode-implodir-candidatura-de-marcal\/\",\"url\":\"https:\/\/brasilnoticias.org\/site\/carmen-lucia-destrava-processo-que-pode-implodir-candidatura-de-marcal\/\",\"name\":\"C\u00e1rmen L\u00facia destrava processo que pode implodir candidatura de Mar\u00e7al - Brasil not\u00edcias\",\"isPartOf\":{\"@id\":\"https:\/\/brasilnoticias.org\/site\/#website\"},\"primaryImageOfPage\":{\"@id\":\"https:\/\/brasilnoticias.org\/site\/carmen-lucia-destrava-processo-que-pode-implodir-candidatura-de-marcal\/#primaryimage\"},\"image\":{\"@id\":\"https:\/\/brasilnoticias.org\/site\/carmen-lucia-destrava-processo-que-pode-implodir-candidatura-de-marcal\/#primaryimage\"},\"thumbnailUrl\":\"https:\/\/brasilnoticias.org\/site\/wp-content\/uploads\/2024\/08\/154484carmen-lucia-destrava-processo-que-pode-implodir-candidatura-de-marcal-3.jpg\",\"datePublished\":\"2024-08-27T00:22:28+00:00\",\"breadcrumb\":{\"@id\":\"https:\/\/brasilnoticias.org\/site\/carmen-lucia-destrava-processo-que-pode-implodir-candidatura-de-marcal\/#breadcrumb\"},\"inLanguage\":\"pt-PT\",\"potentialAction\":[{\"@type\":\"ReadAction\",\"target\":[\"https:\/\/brasilnoticias.org\/site\/carmen-lucia-destrava-processo-que-pode-implodir-candidatura-de-marcal\/\"]}]},{\"@type\":\"ImageObject\",\"inLanguage\":\"pt-PT\",\"@id\":\"https:\/\/brasilnoticias.org\/site\/carmen-lucia-destrava-processo-que-pode-implodir-candidatura-de-marcal\/#primaryimage\",\"url\":\"https:\/\/brasilnoticias.org\/site\/wp-content\/uploads\/2024\/08\/154484carmen-lucia-destrava-processo-que-pode-implodir-candidatura-de-marcal-3.jpg\",\"contentUrl\":\"https:\/\/brasilnoticias.org\/site\/wp-content\/uploads\/2024\/08\/154484carmen-lucia-destrava-processo-que-pode-implodir-candidatura-de-marcal-3.jpg\",\"width\":1600,\"height\":752},{\"@type\":\"BreadcrumbList\",\"@id\":\"https:\/\/brasilnoticias.org\/site\/carmen-lucia-destrava-processo-que-pode-implodir-candidatura-de-marcal\/#breadcrumb\",\"itemListElement\":[{\"@type\":\"ListItem\",\"position\":1,\"name\":\"In\u00edcio\",\"item\":\"https:\/\/brasilnoticias.org\/site\/\"},{\"@type\":\"ListItem\",\"position\":2,\"name\":\"C\u00e1rmen L\u00facia destrava processo que pode implodir candidatura de Mar\u00e7al\"}]},{\"@type\":\"WebSite\",\"@id\":\"https:\/\/brasilnoticias.org\/site\/#website\",\"url\":\"https:\/\/brasilnoticias.org\/site\/\",\"name\":\"Brasil not\u00edcias\",\"description\":\"Brasil not\u00edcias\",\"publisher\":{\"@id\":\"https:\/\/brasilnoticias.org\/site\/#organization\"},\"potentialAction\":[{\"@type\":\"SearchAction\",\"target\":{\"@type\":\"EntryPoint\",\"urlTemplate\":\"https:\/\/brasilnoticias.org\/site\/?s={search_term_string}\"},\"query-input\":{\"@type\":\"PropertyValueSpecification\",\"valueRequired\":true,\"valueName\":\"search_term_string\"}}],\"inLanguage\":\"pt-PT\"},{\"@type\":\"Organization\",\"@id\":\"https:\/\/brasilnoticias.org\/site\/#organization\",\"name\":\"Brasil not\u00edcias\",\"url\":\"https:\/\/brasilnoticias.org\/site\/\",\"logo\":{\"@type\":\"ImageObject\",\"inLanguage\":\"pt-PT\",\"@id\":\"https:\/\/brasilnoticias.org\/site\/#\/schema\/logo\/image\/\",\"url\":\"https:\/\/brasilnoticias.org\/site\/wp-content\/uploads\/2022\/05\/cropped-brasilnoticias-mini.jpg\",\"contentUrl\":\"https:\/\/brasilnoticias.org\/site\/wp-content\/uploads\/2022\/05\/cropped-brasilnoticias-mini.jpg\",\"width\":314,\"height\":86,\"caption\":\"Brasil not\u00edcias\"},\"image\":{\"@id\":\"https:\/\/brasilnoticias.org\/site\/#\/schema\/logo\/image\/\"}},{\"@type\":\"Person\",\"@id\":\"https:\/\/brasilnoticias.org\/site\/#\/schema\/person\/03bbbfe6c7634ad18c26444ea39049fa\",\"name\":\"Reda\u00e7\u00e3o\",\"image\":{\"@type\":\"ImageObject\",\"inLanguage\":\"pt-PT\",\"@id\":\"https:\/\/brasilnoticias.org\/site\/#\/schema\/person\/image\/\",\"url\":\"https:\/\/secure.gravatar.com\/avatar\/9ecaf7327a696cb23ad926fedded5f1f04d7049de9e445375d55b48c001a6e42?s=96&d=mm&r=g\",\"contentUrl\":\"https:\/\/secure.gravatar.com\/avatar\/9ecaf7327a696cb23ad926fedded5f1f04d7049de9e445375d55b48c001a6e42?s=96&d=mm&r=g\",\"caption\":\"Reda\u00e7\u00e3o\"},\"url\":\"https:\/\/brasilnoticias.org\/site\/author\/henrique\/\"}]}<\/script>\n<!-- \/ Yoast SEO plugin. -->","yoast_head_json":{"title":"C\u00e1rmen L\u00facia destrava processo que pode implodir candidatura de Mar\u00e7al - Brasil not\u00edcias","robots":{"index":"index","follow":"follow","max-snippet":"max-snippet:-1","max-image-preview":"max-image-preview:large","max-video-preview":"max-video-preview:-1"},"canonical":"https:\/\/brasilnoticias.org\/site\/carmen-lucia-destrava-processo-que-pode-implodir-candidatura-de-marcal\/","og_locale":"pt_PT","og_type":"article","og_title":"C\u00e1rmen L\u00facia destrava processo que pode implodir candidatura de Mar\u00e7al - Brasil not\u00edcias","og_description":"Processo envolve guerra interna no PRTB, partido pelo qual o ex-coach disputa a prefeitura de S\u00e3o Paula Um processo que","og_url":"https:\/\/brasilnoticias.org\/site\/carmen-lucia-destrava-processo-que-pode-implodir-candidatura-de-marcal\/","og_site_name":"Brasil not\u00edcias","article_published_time":"2024-08-27T00:22:28+00:00","og_image":[{"width":1600,"height":752,"url":"https:\/\/brasilnoticias.org\/site\/wp-content\/uploads\/2024\/08\/154484carmen-lucia-destrava-processo-que-pode-implodir-candidatura-de-marcal-3.jpg","type":"image\/jpeg"}],"author":"Reda\u00e7\u00e3o","twitter_card":"summary_large_image","twitter_misc":{"Escrito por":"Reda\u00e7\u00e3o"},"schema":{"@context":"https:\/\/schema.org","@graph":[{"@type":"Article","@id":"https:\/\/brasilnoticias.org\/site\/carmen-lucia-destrava-processo-que-pode-implodir-candidatura-de-marcal\/#article","isPartOf":{"@id":"https:\/\/brasilnoticias.org\/site\/carmen-lucia-destrava-processo-que-pode-implodir-candidatura-de-marcal\/"},"author":{"name":"Reda\u00e7\u00e3o","@id":"https:\/\/brasilnoticias.org\/site\/#\/schema\/person\/03bbbfe6c7634ad18c26444ea39049fa"},"headline":"C\u00e1rmen L\u00facia destrava processo que pode implodir candidatura de Mar\u00e7al","datePublished":"2024-08-27T00:22:28+00:00","mainEntityOfPage":{"@id":"https:\/\/brasilnoticias.org\/site\/carmen-lucia-destrava-processo-que-pode-implodir-candidatura-de-marcal\/"},"wordCount":345,"commentCount":0,"publisher":{"@id":"https:\/\/brasilnoticias.org\/site\/#organization"},"image":{"@id":"https:\/\/brasilnoticias.org\/site\/carmen-lucia-destrava-processo-que-pode-implodir-candidatura-de-marcal\/#primaryimage"},"thumbnailUrl":"https:\/\/brasilnoticias.org\/site\/wp-content\/uploads\/2024\/08\/154484carmen-lucia-destrava-processo-que-pode-implodir-candidatura-de-marcal-3.jpg","articleSection":["Pol\u00edtica","\u00daltimas"],"inLanguage":"pt-PT","potentialAction":[{"@type":"CommentAction","name":"Comment","target":["https:\/\/brasilnoticias.org\/site\/carmen-lucia-destrava-processo-que-pode-implodir-candidatura-de-marcal\/#respond"]}]},{"@type":"WebPage","@id":"https:\/\/brasilnoticias.org\/site\/carmen-lucia-destrava-processo-que-pode-implodir-candidatura-de-marcal\/","url":"https:\/\/brasilnoticias.org\/site\/carmen-lucia-destrava-processo-que-pode-implodir-candidatura-de-marcal\/","name":"C\u00e1rmen L\u00facia destrava processo que pode implodir candidatura de Mar\u00e7al - Brasil not\u00edcias","isPartOf":{"@id":"https:\/\/brasilnoticias.org\/site\/#website"},"primaryImageOfPage":{"@id":"https:\/\/brasilnoticias.org\/site\/carmen-lucia-destrava-processo-que-pode-implodir-candidatura-de-marcal\/#primaryimage"},"image":{"@id":"https:\/\/brasilnoticias.org\/site\/carmen-lucia-destrava-processo-que-pode-implodir-candidatura-de-marcal\/#primaryimage"},"thumbnailUrl":"https:\/\/brasilnoticias.org\/site\/wp-content\/uploads\/2024\/08\/154484carmen-lucia-destrava-processo-que-pode-implodir-candidatura-de-marcal-3.jpg","datePublished":"2024-08-27T00:22:28+00:00","breadcrumb":{"@id":"https:\/\/brasilnoticias.org\/site\/carmen-lucia-destrava-processo-que-pode-implodir-candidatura-de-marcal\/#breadcrumb"},"inLanguage":"pt-PT","potentialAction":[{"@type":"ReadAction","target":["https:\/\/brasilnoticias.org\/site\/carmen-lucia-destrava-processo-que-pode-implodir-candidatura-de-marcal\/"]}]},{"@type":"ImageObject","inLanguage":"pt-PT","@id":"https:\/\/brasilnoticias.org\/site\/carmen-lucia-destrava-processo-que-pode-implodir-candidatura-de-marcal\/#primaryimage","url":"https:\/\/brasilnoticias.org\/site\/wp-content\/uploads\/2024\/08\/154484carmen-lucia-destrava-processo-que-pode-implodir-candidatura-de-marcal-3.jpg","contentUrl":"https:\/\/brasilnoticias.org\/site\/wp-content\/uploads\/2024\/08\/154484carmen-lucia-destrava-processo-que-pode-implodir-candidatura-de-marcal-3.jpg","width":1600,"height":752},{"@type":"BreadcrumbList","@id":"https:\/\/brasilnoticias.org\/site\/carmen-lucia-destrava-processo-que-pode-implodir-candidatura-de-marcal\/#breadcrumb","itemListElement":[{"@type":"ListItem","position":1,"name":"In\u00edcio","item":"https:\/\/brasilnoticias.org\/site\/"},{"@type":"ListItem","position":2,"name":"C\u00e1rmen L\u00facia destrava processo que pode implodir candidatura de Mar\u00e7al"}]},{"@type":"WebSite","@id":"https:\/\/brasilnoticias.org\/site\/#website","url":"https:\/\/brasilnoticias.org\/site\/","name":"Brasil not\u00edcias","description":"Brasil not\u00edcias","publisher":{"@id":"https:\/\/brasilnoticias.org\/site\/#organization"},"potentialAction":[{"@type":"SearchAction","target":{"@type":"EntryPoint","urlTemplate":"https:\/\/brasilnoticias.org\/site\/?s={search_term_string}"},"query-input":{"@type":"PropertyValueSpecification","valueRequired":true,"valueName":"search_term_string"}}],"inLanguage":"pt-PT"},{"@type":"Organization","@id":"https:\/\/brasilnoticias.org\/site\/#organization","name":"Brasil not\u00edcias","url":"https:\/\/brasilnoticias.org\/site\/","logo":{"@type":"ImageObject","inLanguage":"pt-PT","@id":"https:\/\/brasilnoticias.org\/site\/#\/schema\/logo\/image\/","url":"https:\/\/brasilnoticias.org\/site\/wp-content\/uploads\/2022\/05\/cropped-brasilnoticias-mini.jpg","contentUrl":"https:\/\/brasilnoticias.org\/site\/wp-content\/uploads\/2022\/05\/cropped-brasilnoticias-mini.jpg","width":314,"height":86,"caption":"Brasil not\u00edcias"},"image":{"@id":"https:\/\/brasilnoticias.org\/site\/#\/schema\/logo\/image\/"}},{"@type":"Person","@id":"https:\/\/brasilnoticias.org\/site\/#\/schema\/person\/03bbbfe6c7634ad18c26444ea39049fa","name":"Reda\u00e7\u00e3o","image":{"@type":"ImageObject","inLanguage":"pt-PT","@id":"https:\/\/brasilnoticias.org\/site\/#\/schema\/person\/image\/","url":"https:\/\/secure.gravatar.com\/avatar\/9ecaf7327a696cb23ad926fedded5f1f04d7049de9e445375d55b48c001a6e42?s=96&d=mm&r=g","contentUrl":"https:\/\/secure.gravatar.com\/avatar\/9ecaf7327a696cb23ad926fedded5f1f04d7049de9e445375d55b48c001a6e42?s=96&d=mm&r=g","caption":"Reda\u00e7\u00e3o"},"url":"https:\/\/brasilnoticias.org\/site\/author\/henrique\/"}]}},"_links":{"self":[{"href":"https:\/\/brasilnoticias.org\/site\/wp-json\/wp\/v2\/posts\/15697","targetHints":{"allow":["GET"]}}],"collection":[{"href":"https:\/\/brasilnoticias.org\/site\/wp-json\/wp\/v2\/posts"}],"about":[{"href":"https:\/\/brasilnoticias.org\/site\/wp-json\/wp\/v2\/types\/post"}],"author":[{"embeddable":true,"href":"https:\/\/brasilnoticias.org\/site\/wp-json\/wp\/v2\/users\/4"}],"replies":[{"embeddable":true,"href":"https:\/\/brasilnoticias.org\/site\/wp-json\/wp\/v2\/comments?post=15697"}],"version-history":[{"count":1,"href":"https:\/\/brasilnoticias.org\/site\/wp-json\/wp\/v2\/posts\/15697\/revisions"}],"predecessor-version":[{"id":15699,"href":"https:\/\/brasilnoticias.org\/site\/wp-json\/wp\/v2\/posts\/15697\/revisions\/15699"}],"wp:featuredmedia":[{"embeddable":true,"href":"https:\/\/brasilnoticias.org\/site\/wp-json\/wp\/v2\/media\/15698"}],"wp:attachment":[{"href":"https:\/\/brasilnoticias.org\/site\/wp-json\/wp\/v2\/media?parent=15697"}],"wp:term":[{"taxonomy":"category","embeddable":true,"href":"https:\/\/brasilnoticias.org\/site\/wp-json\/wp\/v2\/categories?post=15697"},{"taxonomy":"post_tag","embeddable":true,"href":"https:\/\/brasilnoticias.org\/site\/wp-json\/wp\/v2\/tags?post=15697"}],"curies":[{"name":"wp","href":"https:\/\/api.w.org\/{rel}","templated":true}]}}