{"id":1570,"date":"2022-09-30T13:15:04","date_gmt":"2022-09-30T16:15:04","guid":{"rendered":"https:\/\/brasilnoticias.org\/site\/?p=1570"},"modified":"2022-09-30T13:15:04","modified_gmt":"2022-09-30T16:15:04","slug":"salvador-tera-passagem-de-onibus-gratuita-para-os-eleitores-no-proximo-domingo-veja-horarios","status":"publish","type":"post","link":"https:\/\/brasilnoticias.org\/site\/salvador-tera-passagem-de-onibus-gratuita-para-os-eleitores-no-proximo-domingo-veja-horarios\/","title":{"rendered":"Salvador ter\u00e1 passagem de \u00f4nibus gratuita para os eleitores no pr\u00f3ximo domingo; veja hor\u00e1rios"},"content":{"rendered":"<p>Para garantir a mobilidade dos eleitores de Salvador no pr\u00f3ximo domingo (2), a passagem de \u00f4nibus ser\u00e1 gratuita no hor\u00e1rio das 6h \u00e0s 20h.<\/p>\n<p>O an\u00fancio foi realizado pelo prefeito\u00a0<a href=\"https:\/\/www.bnews.com.br\/personalidades\/bruno-reis.html\">Bruno Reis (Uni\u00e3o Brasil)<\/a>\u00a0nesta sexta-feira (30), durante entrevista coletiva de apresenta\u00e7\u00e3o do in\u00edcio da opera\u00e7\u00e3o teste do BRT, ocorrida na Esta\u00e7\u00e3o Parque da Cidade, no Itaigara.<\/p>\n<p>At\u00e9 porque ocorreu mudan\u00e7as em v\u00e1rios col\u00e9gios eleitorais e as pessoas podem ainda n\u00e3o ter conhecimento dessa mudan\u00e7a, tomamos a decis\u00e3o de colocar 100% da frota convencional e o BRT totalmente gratuitos, das 6h \u00e0s 20h, rodando na cidade, neste dia de festa da democracia\u201d, afirmou Bruno Reis.<\/p>\n<p>Uma medida semelhante foi tomada pelo prefeito do Rio de Janeiro, Eduardo Paes (PSD),\u00a0<a href=\"https:\/\/www.bnews.com.br\/noticias\/eleicoes-2022\/prefeitura-do-rio-chama-atencao-apos-medida-para-o-transporte-publico-no-dia-da-eleicao.html\">que anunciou gratuidade no BRT e \u00f4nibus da capital fluminense durante o dia de elei\u00e7\u00e3o<\/a>.<\/p>\n<p>&nbsp;<\/p>\n<p>&nbsp;<\/p>\n<p>&nbsp;<\/p>\n<p>&nbsp;<\/p>\n<p>Bnews<\/p>\n","protected":false},"excerpt":{"rendered":"<p>Para garantir a mobilidade dos eleitores de Salvador no pr\u00f3ximo domingo (2), a passagem de \u00f4nibus ser\u00e1 gratuita no hor\u00e1rio<\/p>\n","protected":false},"author":2,"featured_media":1571,"comment_status":"open","ping_status":"open","sticky":false,"template":"","format":"standard","meta":{"colormag_page_container_layout":"default_layout","colormag_page_sidebar_layout":"default_layout","_FSMCFIC_featured_image_caption":"","_FSMCFIC_featured_image_nocaption":"","_FSMCFIC_featured_image_hide":"","footnotes":""},"categories":[2,1],"tags":[],"class_list":["post-1570","post","type-post","status-publish","format-standard","has-post-thumbnail","hentry","category-noticias","category-ultimas"],"yoast_head":"<!-- This site is optimized with the Yoast SEO plugin v27.1.1 - https:\/\/yoast.com\/product\/yoast-seo-wordpress\/ -->\n<title>Salvador ter\u00e1 passagem de \u00f4nibus gratuita para os eleitores no pr\u00f3ximo domingo; veja hor\u00e1rios - Brasil not\u00edcias<\/title>\n<meta name=\"robots\" content=\"index, follow, max-snippet:-1, max-image-preview:large, max-video-preview:-1\" \/>\n<link rel=\"canonical\" href=\"https:\/\/brasilnoticias.org\/site\/salvador-tera-passagem-de-onibus-gratuita-para-os-eleitores-no-proximo-domingo-veja-horarios\/\" \/>\n<meta property=\"og:locale\" content=\"pt_PT\" \/>\n<meta property=\"og:type\" content=\"article\" \/>\n<meta property=\"og:title\" content=\"Salvador ter\u00e1 passagem de \u00f4nibus gratuita para os eleitores no pr\u00f3ximo domingo; veja hor\u00e1rios - Brasil not\u00edcias\" \/>\n<meta property=\"og:description\" content=\"Para garantir a mobilidade dos eleitores de Salvador no pr\u00f3ximo domingo (2), a passagem de \u00f4nibus ser\u00e1 gratuita no hor\u00e1rio\" \/>\n<meta property=\"og:url\" content=\"https:\/\/brasilnoticias.org\/site\/salvador-tera-passagem-de-onibus-gratuita-para-os-eleitores-no-proximo-domingo-veja-horarios\/\" \/>\n<meta property=\"og:site_name\" content=\"Brasil not\u00edcias\" \/>\n<meta property=\"article:published_time\" content=\"2022-09-30T16:15:04+00:00\" \/>\n<meta property=\"og:image\" content=\"https:\/\/brasilnoticias.org\/site\/wp-content\/uploads\/2022\/09\/andar-de-onibus-em-salvador-esta-mais-caro-do-que-em-sao-paulo-entenda_widelg_widelg.jpeg\" \/>\n\t<meta property=\"og:image:width\" content=\"800\" \/>\n\t<meta property=\"og:image:height\" content=\"450\" \/>\n\t<meta property=\"og:image:type\" content=\"image\/jpeg\" \/>\n<meta name=\"author\" content=\"Reda\u00e7\u00e3o\" \/>\n<meta name=\"twitter:card\" content=\"summary_large_image\" \/>\n<meta name=\"twitter:label1\" content=\"Escrito por\" \/>\n\t<meta name=\"twitter:data1\" content=\"Reda\u00e7\u00e3o\" \/>\n\t<meta name=\"twitter:label2\" content=\"Tempo estimado de leitura\" \/>\n\t<meta name=\"twitter:data2\" content=\"1 minuto\" \/>\n<script type=\"application\/ld+json\" class=\"yoast-schema-graph\">{\"@context\":\"https:\/\/schema.org\",\"@graph\":[{\"@type\":\"Article\",\"@id\":\"https:\/\/brasilnoticias.org\/site\/salvador-tera-passagem-de-onibus-gratuita-para-os-eleitores-no-proximo-domingo-veja-horarios\/#article\",\"isPartOf\":{\"@id\":\"https:\/\/brasilnoticias.org\/site\/salvador-tera-passagem-de-onibus-gratuita-para-os-eleitores-no-proximo-domingo-veja-horarios\/\"},\"author\":{\"name\":\"Reda\u00e7\u00e3o\",\"@id\":\"https:\/\/brasilnoticias.org\/site\/#\/schema\/person\/f609fa847b5314f1c8b983342f34c798\"},\"headline\":\"Salvador ter\u00e1 passagem de \u00f4nibus gratuita para os eleitores no pr\u00f3ximo domingo; veja hor\u00e1rios\",\"datePublished\":\"2022-09-30T16:15:04+00:00\",\"mainEntityOfPage\":{\"@id\":\"https:\/\/brasilnoticias.org\/site\/salvador-tera-passagem-de-onibus-gratuita-para-os-eleitores-no-proximo-domingo-veja-horarios\/\"},\"wordCount\":167,\"commentCount\":0,\"publisher\":{\"@id\":\"https:\/\/brasilnoticias.org\/site\/#organization\"},\"image\":{\"@id\":\"https:\/\/brasilnoticias.org\/site\/salvador-tera-passagem-de-onibus-gratuita-para-os-eleitores-no-proximo-domingo-veja-horarios\/#primaryimage\"},\"thumbnailUrl\":\"https:\/\/brasilnoticias.org\/site\/wp-content\/uploads\/2022\/09\/andar-de-onibus-em-salvador-esta-mais-caro-do-que-em-sao-paulo-entenda_widelg_widelg.jpeg\",\"articleSection\":[\"Not\u00edcias\",\"\u00daltimas\"],\"inLanguage\":\"pt-PT\",\"potentialAction\":[{\"@type\":\"CommentAction\",\"name\":\"Comment\",\"target\":[\"https:\/\/brasilnoticias.org\/site\/salvador-tera-passagem-de-onibus-gratuita-para-os-eleitores-no-proximo-domingo-veja-horarios\/#respond\"]}]},{\"@type\":\"WebPage\",\"@id\":\"https:\/\/brasilnoticias.org\/site\/salvador-tera-passagem-de-onibus-gratuita-para-os-eleitores-no-proximo-domingo-veja-horarios\/\",\"url\":\"https:\/\/brasilnoticias.org\/site\/salvador-tera-passagem-de-onibus-gratuita-para-os-eleitores-no-proximo-domingo-veja-horarios\/\",\"name\":\"Salvador ter\u00e1 passagem de \u00f4nibus gratuita para os eleitores no pr\u00f3ximo domingo; veja hor\u00e1rios - Brasil not\u00edcias\",\"isPartOf\":{\"@id\":\"https:\/\/brasilnoticias.org\/site\/#website\"},\"primaryImageOfPage\":{\"@id\":\"https:\/\/brasilnoticias.org\/site\/salvador-tera-passagem-de-onibus-gratuita-para-os-eleitores-no-proximo-domingo-veja-horarios\/#primaryimage\"},\"image\":{\"@id\":\"https:\/\/brasilnoticias.org\/site\/salvador-tera-passagem-de-onibus-gratuita-para-os-eleitores-no-proximo-domingo-veja-horarios\/#primaryimage\"},\"thumbnailUrl\":\"https:\/\/brasilnoticias.org\/site\/wp-content\/uploads\/2022\/09\/andar-de-onibus-em-salvador-esta-mais-caro-do-que-em-sao-paulo-entenda_widelg_widelg.jpeg\",\"datePublished\":\"2022-09-30T16:15:04+00:00\",\"breadcrumb\":{\"@id\":\"https:\/\/brasilnoticias.org\/site\/salvador-tera-passagem-de-onibus-gratuita-para-os-eleitores-no-proximo-domingo-veja-horarios\/#breadcrumb\"},\"inLanguage\":\"pt-PT\",\"potentialAction\":[{\"@type\":\"ReadAction\",\"target\":[\"https:\/\/brasilnoticias.org\/site\/salvador-tera-passagem-de-onibus-gratuita-para-os-eleitores-no-proximo-domingo-veja-horarios\/\"]}]},{\"@type\":\"ImageObject\",\"inLanguage\":\"pt-PT\",\"@id\":\"https:\/\/brasilnoticias.org\/site\/salvador-tera-passagem-de-onibus-gratuita-para-os-eleitores-no-proximo-domingo-veja-horarios\/#primaryimage\",\"url\":\"https:\/\/brasilnoticias.org\/site\/wp-content\/uploads\/2022\/09\/andar-de-onibus-em-salvador-esta-mais-caro-do-que-em-sao-paulo-entenda_widelg_widelg.jpeg\",\"contentUrl\":\"https:\/\/brasilnoticias.org\/site\/wp-content\/uploads\/2022\/09\/andar-de-onibus-em-salvador-esta-mais-caro-do-que-em-sao-paulo-entenda_widelg_widelg.jpeg\",\"width\":800,\"height\":450},{\"@type\":\"BreadcrumbList\",\"@id\":\"https:\/\/brasilnoticias.org\/site\/salvador-tera-passagem-de-onibus-gratuita-para-os-eleitores-no-proximo-domingo-veja-horarios\/#breadcrumb\",\"itemListElement\":[{\"@type\":\"ListItem\",\"position\":1,\"name\":\"In\u00edcio\",\"item\":\"https:\/\/brasilnoticias.org\/site\/\"},{\"@type\":\"ListItem\",\"position\":2,\"name\":\"Salvador ter\u00e1 passagem de \u00f4nibus gratuita para os eleitores no pr\u00f3ximo domingo; veja hor\u00e1rios\"}]},{\"@type\":\"WebSite\",\"@id\":\"https:\/\/brasilnoticias.org\/site\/#website\",\"url\":\"https:\/\/brasilnoticias.org\/site\/\",\"name\":\"Brasil not\u00edcias\",\"description\":\"Brasil not\u00edcias\",\"publisher\":{\"@id\":\"https:\/\/brasilnoticias.org\/site\/#organization\"},\"potentialAction\":[{\"@type\":\"SearchAction\",\"target\":{\"@type\":\"EntryPoint\",\"urlTemplate\":\"https:\/\/brasilnoticias.org\/site\/?s={search_term_string}\"},\"query-input\":{\"@type\":\"PropertyValueSpecification\",\"valueRequired\":true,\"valueName\":\"search_term_string\"}}],\"inLanguage\":\"pt-PT\"},{\"@type\":\"Organization\",\"@id\":\"https:\/\/brasilnoticias.org\/site\/#organization\",\"name\":\"Brasil not\u00edcias\",\"url\":\"https:\/\/brasilnoticias.org\/site\/\",\"logo\":{\"@type\":\"ImageObject\",\"inLanguage\":\"pt-PT\",\"@id\":\"https:\/\/brasilnoticias.org\/site\/#\/schema\/logo\/image\/\",\"url\":\"https:\/\/brasilnoticias.org\/site\/wp-content\/uploads\/2022\/05\/cropped-brasilnoticias-mini.jpg\",\"contentUrl\":\"https:\/\/brasilnoticias.org\/site\/wp-content\/uploads\/2022\/05\/cropped-brasilnoticias-mini.jpg\",\"width\":314,\"height\":86,\"caption\":\"Brasil not\u00edcias\"},\"image\":{\"@id\":\"https:\/\/brasilnoticias.org\/site\/#\/schema\/logo\/image\/\"}},{\"@type\":\"Person\",\"@id\":\"https:\/\/brasilnoticias.org\/site\/#\/schema\/person\/f609fa847b5314f1c8b983342f34c798\",\"name\":\"Reda\u00e7\u00e3o\",\"image\":{\"@type\":\"ImageObject\",\"inLanguage\":\"pt-PT\",\"@id\":\"https:\/\/brasilnoticias.org\/site\/#\/schema\/person\/image\/\",\"url\":\"https:\/\/secure.gravatar.com\/avatar\/447284c06c1ad8b46465a36de9cd0d8326b73387a22799b8b1ffb1fbcff2ed0c?s=96&d=mm&r=g\",\"contentUrl\":\"https:\/\/secure.gravatar.com\/avatar\/447284c06c1ad8b46465a36de9cd0d8326b73387a22799b8b1ffb1fbcff2ed0c?s=96&d=mm&r=g\",\"caption\":\"Reda\u00e7\u00e3o\"},\"url\":\"https:\/\/brasilnoticias.org\/site\/author\/redacao\/\"}]}<\/script>\n<!-- \/ Yoast SEO plugin. -->","yoast_head_json":{"title":"Salvador ter\u00e1 passagem de \u00f4nibus gratuita para os eleitores no pr\u00f3ximo domingo; veja hor\u00e1rios - Brasil not\u00edcias","robots":{"index":"index","follow":"follow","max-snippet":"max-snippet:-1","max-image-preview":"max-image-preview:large","max-video-preview":"max-video-preview:-1"},"canonical":"https:\/\/brasilnoticias.org\/site\/salvador-tera-passagem-de-onibus-gratuita-para-os-eleitores-no-proximo-domingo-veja-horarios\/","og_locale":"pt_PT","og_type":"article","og_title":"Salvador ter\u00e1 passagem de \u00f4nibus gratuita para os eleitores no pr\u00f3ximo domingo; veja hor\u00e1rios - Brasil not\u00edcias","og_description":"Para garantir a mobilidade dos eleitores de Salvador no pr\u00f3ximo domingo (2), a passagem de \u00f4nibus ser\u00e1 gratuita no hor\u00e1rio","og_url":"https:\/\/brasilnoticias.org\/site\/salvador-tera-passagem-de-onibus-gratuita-para-os-eleitores-no-proximo-domingo-veja-horarios\/","og_site_name":"Brasil not\u00edcias","article_published_time":"2022-09-30T16:15:04+00:00","og_image":[{"width":800,"height":450,"url":"https:\/\/brasilnoticias.org\/site\/wp-content\/uploads\/2022\/09\/andar-de-onibus-em-salvador-esta-mais-caro-do-que-em-sao-paulo-entenda_widelg_widelg.jpeg","type":"image\/jpeg"}],"author":"Reda\u00e7\u00e3o","twitter_card":"summary_large_image","twitter_misc":{"Escrito por":"Reda\u00e7\u00e3o","Tempo estimado de leitura":"1 minuto"},"schema":{"@context":"https:\/\/schema.org","@graph":[{"@type":"Article","@id":"https:\/\/brasilnoticias.org\/site\/salvador-tera-passagem-de-onibus-gratuita-para-os-eleitores-no-proximo-domingo-veja-horarios\/#article","isPartOf":{"@id":"https:\/\/brasilnoticias.org\/site\/salvador-tera-passagem-de-onibus-gratuita-para-os-eleitores-no-proximo-domingo-veja-horarios\/"},"author":{"name":"Reda\u00e7\u00e3o","@id":"https:\/\/brasilnoticias.org\/site\/#\/schema\/person\/f609fa847b5314f1c8b983342f34c798"},"headline":"Salvador ter\u00e1 passagem de \u00f4nibus gratuita para os eleitores no pr\u00f3ximo domingo; veja hor\u00e1rios","datePublished":"2022-09-30T16:15:04+00:00","mainEntityOfPage":{"@id":"https:\/\/brasilnoticias.org\/site\/salvador-tera-passagem-de-onibus-gratuita-para-os-eleitores-no-proximo-domingo-veja-horarios\/"},"wordCount":167,"commentCount":0,"publisher":{"@id":"https:\/\/brasilnoticias.org\/site\/#organization"},"image":{"@id":"https:\/\/brasilnoticias.org\/site\/salvador-tera-passagem-de-onibus-gratuita-para-os-eleitores-no-proximo-domingo-veja-horarios\/#primaryimage"},"thumbnailUrl":"https:\/\/brasilnoticias.org\/site\/wp-content\/uploads\/2022\/09\/andar-de-onibus-em-salvador-esta-mais-caro-do-que-em-sao-paulo-entenda_widelg_widelg.jpeg","articleSection":["Not\u00edcias","\u00daltimas"],"inLanguage":"pt-PT","potentialAction":[{"@type":"CommentAction","name":"Comment","target":["https:\/\/brasilnoticias.org\/site\/salvador-tera-passagem-de-onibus-gratuita-para-os-eleitores-no-proximo-domingo-veja-horarios\/#respond"]}]},{"@type":"WebPage","@id":"https:\/\/brasilnoticias.org\/site\/salvador-tera-passagem-de-onibus-gratuita-para-os-eleitores-no-proximo-domingo-veja-horarios\/","url":"https:\/\/brasilnoticias.org\/site\/salvador-tera-passagem-de-onibus-gratuita-para-os-eleitores-no-proximo-domingo-veja-horarios\/","name":"Salvador ter\u00e1 passagem de \u00f4nibus gratuita para os eleitores no pr\u00f3ximo domingo; veja hor\u00e1rios - Brasil not\u00edcias","isPartOf":{"@id":"https:\/\/brasilnoticias.org\/site\/#website"},"primaryImageOfPage":{"@id":"https:\/\/brasilnoticias.org\/site\/salvador-tera-passagem-de-onibus-gratuita-para-os-eleitores-no-proximo-domingo-veja-horarios\/#primaryimage"},"image":{"@id":"https:\/\/brasilnoticias.org\/site\/salvador-tera-passagem-de-onibus-gratuita-para-os-eleitores-no-proximo-domingo-veja-horarios\/#primaryimage"},"thumbnailUrl":"https:\/\/brasilnoticias.org\/site\/wp-content\/uploads\/2022\/09\/andar-de-onibus-em-salvador-esta-mais-caro-do-que-em-sao-paulo-entenda_widelg_widelg.jpeg","datePublished":"2022-09-30T16:15:04+00:00","breadcrumb":{"@id":"https:\/\/brasilnoticias.org\/site\/salvador-tera-passagem-de-onibus-gratuita-para-os-eleitores-no-proximo-domingo-veja-horarios\/#breadcrumb"},"inLanguage":"pt-PT","potentialAction":[{"@type":"ReadAction","target":["https:\/\/brasilnoticias.org\/site\/salvador-tera-passagem-de-onibus-gratuita-para-os-eleitores-no-proximo-domingo-veja-horarios\/"]}]},{"@type":"ImageObject","inLanguage":"pt-PT","@id":"https:\/\/brasilnoticias.org\/site\/salvador-tera-passagem-de-onibus-gratuita-para-os-eleitores-no-proximo-domingo-veja-horarios\/#primaryimage","url":"https:\/\/brasilnoticias.org\/site\/wp-content\/uploads\/2022\/09\/andar-de-onibus-em-salvador-esta-mais-caro-do-que-em-sao-paulo-entenda_widelg_widelg.jpeg","contentUrl":"https:\/\/brasilnoticias.org\/site\/wp-content\/uploads\/2022\/09\/andar-de-onibus-em-salvador-esta-mais-caro-do-que-em-sao-paulo-entenda_widelg_widelg.jpeg","width":800,"height":450},{"@type":"BreadcrumbList","@id":"https:\/\/brasilnoticias.org\/site\/salvador-tera-passagem-de-onibus-gratuita-para-os-eleitores-no-proximo-domingo-veja-horarios\/#breadcrumb","itemListElement":[{"@type":"ListItem","position":1,"name":"In\u00edcio","item":"https:\/\/brasilnoticias.org\/site\/"},{"@type":"ListItem","position":2,"name":"Salvador ter\u00e1 passagem de \u00f4nibus gratuita para os eleitores no pr\u00f3ximo domingo; veja hor\u00e1rios"}]},{"@type":"WebSite","@id":"https:\/\/brasilnoticias.org\/site\/#website","url":"https:\/\/brasilnoticias.org\/site\/","name":"Brasil not\u00edcias","description":"Brasil not\u00edcias","publisher":{"@id":"https:\/\/brasilnoticias.org\/site\/#organization"},"potentialAction":[{"@type":"SearchAction","target":{"@type":"EntryPoint","urlTemplate":"https:\/\/brasilnoticias.org\/site\/?s={search_term_string}"},"query-input":{"@type":"PropertyValueSpecification","valueRequired":true,"valueName":"search_term_string"}}],"inLanguage":"pt-PT"},{"@type":"Organization","@id":"https:\/\/brasilnoticias.org\/site\/#organization","name":"Brasil not\u00edcias","url":"https:\/\/brasilnoticias.org\/site\/","logo":{"@type":"ImageObject","inLanguage":"pt-PT","@id":"https:\/\/brasilnoticias.org\/site\/#\/schema\/logo\/image\/","url":"https:\/\/brasilnoticias.org\/site\/wp-content\/uploads\/2022\/05\/cropped-brasilnoticias-mini.jpg","contentUrl":"https:\/\/brasilnoticias.org\/site\/wp-content\/uploads\/2022\/05\/cropped-brasilnoticias-mini.jpg","width":314,"height":86,"caption":"Brasil not\u00edcias"},"image":{"@id":"https:\/\/brasilnoticias.org\/site\/#\/schema\/logo\/image\/"}},{"@type":"Person","@id":"https:\/\/brasilnoticias.org\/site\/#\/schema\/person\/f609fa847b5314f1c8b983342f34c798","name":"Reda\u00e7\u00e3o","image":{"@type":"ImageObject","inLanguage":"pt-PT","@id":"https:\/\/brasilnoticias.org\/site\/#\/schema\/person\/image\/","url":"https:\/\/secure.gravatar.com\/avatar\/447284c06c1ad8b46465a36de9cd0d8326b73387a22799b8b1ffb1fbcff2ed0c?s=96&d=mm&r=g","contentUrl":"https:\/\/secure.gravatar.com\/avatar\/447284c06c1ad8b46465a36de9cd0d8326b73387a22799b8b1ffb1fbcff2ed0c?s=96&d=mm&r=g","caption":"Reda\u00e7\u00e3o"},"url":"https:\/\/brasilnoticias.org\/site\/author\/redacao\/"}]}},"_links":{"self":[{"href":"https:\/\/brasilnoticias.org\/site\/wp-json\/wp\/v2\/posts\/1570","targetHints":{"allow":["GET"]}}],"collection":[{"href":"https:\/\/brasilnoticias.org\/site\/wp-json\/wp\/v2\/posts"}],"about":[{"href":"https:\/\/brasilnoticias.org\/site\/wp-json\/wp\/v2\/types\/post"}],"author":[{"embeddable":true,"href":"https:\/\/brasilnoticias.org\/site\/wp-json\/wp\/v2\/users\/2"}],"replies":[{"embeddable":true,"href":"https:\/\/brasilnoticias.org\/site\/wp-json\/wp\/v2\/comments?post=1570"}],"version-history":[{"count":1,"href":"https:\/\/brasilnoticias.org\/site\/wp-json\/wp\/v2\/posts\/1570\/revisions"}],"predecessor-version":[{"id":1572,"href":"https:\/\/brasilnoticias.org\/site\/wp-json\/wp\/v2\/posts\/1570\/revisions\/1572"}],"wp:featuredmedia":[{"embeddable":true,"href":"https:\/\/brasilnoticias.org\/site\/wp-json\/wp\/v2\/media\/1571"}],"wp:attachment":[{"href":"https:\/\/brasilnoticias.org\/site\/wp-json\/wp\/v2\/media?parent=1570"}],"wp:term":[{"taxonomy":"category","embeddable":true,"href":"https:\/\/brasilnoticias.org\/site\/wp-json\/wp\/v2\/categories?post=1570"},{"taxonomy":"post_tag","embeddable":true,"href":"https:\/\/brasilnoticias.org\/site\/wp-json\/wp\/v2\/tags?post=1570"}],"curies":[{"name":"wp","href":"https:\/\/api.w.org\/{rel}","templated":true}]}}