{"id":15703,"date":"2024-08-26T21:24:09","date_gmt":"2024-08-27T00:24:09","guid":{"rendered":"https:\/\/brasilnoticias.org\/site\/?p=15703"},"modified":"2024-08-26T21:24:09","modified_gmt":"2024-08-27T00:24:09","slug":"conservadores-de-salvador-organizam-manifestacao-em-defesa-da-liberdade-no-7-de-setembro","status":"publish","type":"post","link":"https:\/\/brasilnoticias.org\/site\/conservadores-de-salvador-organizam-manifestacao-em-defesa-da-liberdade-no-7-de-setembro\/","title":{"rendered":"Conservadores de Salvador organizam manifesta\u00e7\u00e3o \u2018em defesa da liberdade\u2019 no 7 de Setembro"},"content":{"rendered":"<p>No pr\u00f3ximo 7 de setembro, a partir das 9h, conservadores de Salvador se reunir\u00e3o no Jardim de Alah para uma manifesta\u00e7\u00e3o em defesa da liberdade. O evento, parte de uma mobiliza\u00e7\u00e3o nacional, foi convocado por Alexandre Moreira, presidente do Bahia Direita e candidato a vereador de Salvador.<\/p>\n<p>O Jardim de Alah foi escolhido como local do ato ap\u00f3s o Farol da Barra, tradicional ponto das manifesta\u00e7\u00f5es da direita na capital baiana, ser reservado para a Marcha LGBT, protocolada com anteced\u00eancia. O Parque dos Ventos, outra op\u00e7\u00e3o considerada, est\u00e1 em reforma, conforme informa\u00e7\u00f5es da prefeitura.<\/p>\n<p>Durante o evento, de acordo com Alexandre Moreira, presidente do grupo Bahia Direita e candidato a vereador de Salvador, os participantes defender\u00e3o \u201ca liberdade de express\u00e3o e o restabelecimento da plena democracia\u201d, em sintonia com mobiliza\u00e7\u00f5es em todo o Brasil. Com bandeiras, discursos e palavras de ordem, espera-se uma grande ades\u00e3o no Jardim de Alah, refor\u00e7ando a for\u00e7a do movimento conservador na cidade.<\/p>\n<p>&#8220;Neste 7 de setembro, mais do que nunca, \u00e9 fundamental reafirmarmos nosso compromisso com a liberdade e com a defesa daqueles que est\u00e3o injustamente encarcerados por lutarem por esses valores. A data n\u00e3o \u00e9 apenas um marco da nossa independ\u00eancia, mas tamb\u00e9m um momento para nos unirmos em prol da anistia dos presos pol\u00edticos, que sofrem persegui\u00e7\u00f5es por exercerem seu direito de opini\u00e3o\u201d, declarou Alexandre Moreira.<\/p>\n<p>\u201cEstamos juntos para mostrar que a liberdade \u00e9 inegoci\u00e1vel e que n\u00e3o recuaremos na luta por um Brasil verdadeiramente livre&#8221;, acrescentou.<\/p>\n<p>Ainda segundo Moreira, a manifesta\u00e7\u00e3o ser\u00e1 \u201cuma celebra\u00e7\u00e3o c\u00edvica e uma oportunidade para que os conservadores de Salvador reafirmem seu compromisso com a liberdade de express\u00e3o e os valores democr\u00e1ticos que consideram essenciais para a sociedade\u201d.<\/p>\n","protected":false},"excerpt":{"rendered":"<p>No pr\u00f3ximo 7 de setembro, a partir das 9h, conservadores de Salvador se reunir\u00e3o no Jardim de Alah para uma<\/p>\n","protected":false},"author":4,"featured_media":15704,"comment_status":"open","ping_status":"open","sticky":false,"template":"","format":"standard","meta":{"colormag_page_container_layout":"default_layout","colormag_page_sidebar_layout":"default_layout","_FSMCFIC_featured_image_caption":"","_FSMCFIC_featured_image_nocaption":"","_FSMCFIC_featured_image_hide":"","footnotes":""},"categories":[5,1],"tags":[],"class_list":["post-15703","post","type-post","status-publish","format-standard","has-post-thumbnail","hentry","category-politica","category-ultimas"],"yoast_head":"<!-- This site is optimized with the Yoast SEO plugin v27.1.1 - https:\/\/yoast.com\/product\/yoast-seo-wordpress\/ -->\n<title>Conservadores de Salvador organizam manifesta\u00e7\u00e3o \u2018em defesa da liberdade\u2019 no 7 de Setembro - Brasil not\u00edcias<\/title>\n<meta name=\"robots\" content=\"index, follow, max-snippet:-1, max-image-preview:large, max-video-preview:-1\" \/>\n<link rel=\"canonical\" href=\"https:\/\/brasilnoticias.org\/site\/conservadores-de-salvador-organizam-manifestacao-em-defesa-da-liberdade-no-7-de-setembro\/\" \/>\n<meta property=\"og:locale\" content=\"pt_PT\" \/>\n<meta property=\"og:type\" content=\"article\" \/>\n<meta property=\"og:title\" content=\"Conservadores de Salvador organizam manifesta\u00e7\u00e3o \u2018em defesa da liberdade\u2019 no 7 de Setembro - Brasil not\u00edcias\" \/>\n<meta property=\"og:description\" content=\"No pr\u00f3ximo 7 de setembro, a partir das 9h, conservadores de Salvador se reunir\u00e3o no Jardim de Alah para uma\" \/>\n<meta property=\"og:url\" content=\"https:\/\/brasilnoticias.org\/site\/conservadores-de-salvador-organizam-manifestacao-em-defesa-da-liberdade-no-7-de-setembro\/\" \/>\n<meta property=\"og:site_name\" content=\"Brasil not\u00edcias\" \/>\n<meta property=\"article:published_time\" content=\"2024-08-27T00:24:09+00:00\" \/>\n<meta property=\"og:image\" content=\"https:\/\/brasilnoticias.org\/site\/wp-content\/uploads\/2024\/08\/IMAGEM_NOTICIA_0-16.jpg\" \/>\n\t<meta property=\"og:image:width\" content=\"850\" \/>\n\t<meta property=\"og:image:height\" content=\"400\" \/>\n\t<meta property=\"og:image:type\" content=\"image\/jpeg\" \/>\n<meta name=\"author\" content=\"Reda\u00e7\u00e3o\" \/>\n<meta name=\"twitter:card\" content=\"summary_large_image\" \/>\n<meta name=\"twitter:label1\" content=\"Escrito por\" \/>\n\t<meta name=\"twitter:data1\" content=\"Reda\u00e7\u00e3o\" \/>\n\t<meta name=\"twitter:label2\" content=\"Tempo estimado de leitura\" \/>\n\t<meta name=\"twitter:data2\" content=\"1 minuto\" \/>\n<script type=\"application\/ld+json\" class=\"yoast-schema-graph\">{\"@context\":\"https:\/\/schema.org\",\"@graph\":[{\"@type\":\"Article\",\"@id\":\"https:\/\/brasilnoticias.org\/site\/conservadores-de-salvador-organizam-manifestacao-em-defesa-da-liberdade-no-7-de-setembro\/#article\",\"isPartOf\":{\"@id\":\"https:\/\/brasilnoticias.org\/site\/conservadores-de-salvador-organizam-manifestacao-em-defesa-da-liberdade-no-7-de-setembro\/\"},\"author\":{\"name\":\"Reda\u00e7\u00e3o\",\"@id\":\"https:\/\/brasilnoticias.org\/site\/#\/schema\/person\/03bbbfe6c7634ad18c26444ea39049fa\"},\"headline\":\"Conservadores de Salvador organizam manifesta\u00e7\u00e3o \u2018em defesa da liberdade\u2019 no 7 de Setembro\",\"datePublished\":\"2024-08-27T00:24:09+00:00\",\"mainEntityOfPage\":{\"@id\":\"https:\/\/brasilnoticias.org\/site\/conservadores-de-salvador-organizam-manifestacao-em-defesa-da-liberdade-no-7-de-setembro\/\"},\"wordCount\":317,\"commentCount\":0,\"publisher\":{\"@id\":\"https:\/\/brasilnoticias.org\/site\/#organization\"},\"image\":{\"@id\":\"https:\/\/brasilnoticias.org\/site\/conservadores-de-salvador-organizam-manifestacao-em-defesa-da-liberdade-no-7-de-setembro\/#primaryimage\"},\"thumbnailUrl\":\"https:\/\/brasilnoticias.org\/site\/wp-content\/uploads\/2024\/08\/IMAGEM_NOTICIA_0-16.jpg\",\"articleSection\":[\"Pol\u00edtica\",\"\u00daltimas\"],\"inLanguage\":\"pt-PT\",\"potentialAction\":[{\"@type\":\"CommentAction\",\"name\":\"Comment\",\"target\":[\"https:\/\/brasilnoticias.org\/site\/conservadores-de-salvador-organizam-manifestacao-em-defesa-da-liberdade-no-7-de-setembro\/#respond\"]}]},{\"@type\":\"WebPage\",\"@id\":\"https:\/\/brasilnoticias.org\/site\/conservadores-de-salvador-organizam-manifestacao-em-defesa-da-liberdade-no-7-de-setembro\/\",\"url\":\"https:\/\/brasilnoticias.org\/site\/conservadores-de-salvador-organizam-manifestacao-em-defesa-da-liberdade-no-7-de-setembro\/\",\"name\":\"Conservadores de Salvador organizam manifesta\u00e7\u00e3o \u2018em defesa da liberdade\u2019 no 7 de Setembro - Brasil not\u00edcias\",\"isPartOf\":{\"@id\":\"https:\/\/brasilnoticias.org\/site\/#website\"},\"primaryImageOfPage\":{\"@id\":\"https:\/\/brasilnoticias.org\/site\/conservadores-de-salvador-organizam-manifestacao-em-defesa-da-liberdade-no-7-de-setembro\/#primaryimage\"},\"image\":{\"@id\":\"https:\/\/brasilnoticias.org\/site\/conservadores-de-salvador-organizam-manifestacao-em-defesa-da-liberdade-no-7-de-setembro\/#primaryimage\"},\"thumbnailUrl\":\"https:\/\/brasilnoticias.org\/site\/wp-content\/uploads\/2024\/08\/IMAGEM_NOTICIA_0-16.jpg\",\"datePublished\":\"2024-08-27T00:24:09+00:00\",\"breadcrumb\":{\"@id\":\"https:\/\/brasilnoticias.org\/site\/conservadores-de-salvador-organizam-manifestacao-em-defesa-da-liberdade-no-7-de-setembro\/#breadcrumb\"},\"inLanguage\":\"pt-PT\",\"potentialAction\":[{\"@type\":\"ReadAction\",\"target\":[\"https:\/\/brasilnoticias.org\/site\/conservadores-de-salvador-organizam-manifestacao-em-defesa-da-liberdade-no-7-de-setembro\/\"]}]},{\"@type\":\"ImageObject\",\"inLanguage\":\"pt-PT\",\"@id\":\"https:\/\/brasilnoticias.org\/site\/conservadores-de-salvador-organizam-manifestacao-em-defesa-da-liberdade-no-7-de-setembro\/#primaryimage\",\"url\":\"https:\/\/brasilnoticias.org\/site\/wp-content\/uploads\/2024\/08\/IMAGEM_NOTICIA_0-16.jpg\",\"contentUrl\":\"https:\/\/brasilnoticias.org\/site\/wp-content\/uploads\/2024\/08\/IMAGEM_NOTICIA_0-16.jpg\",\"width\":850,\"height\":400},{\"@type\":\"BreadcrumbList\",\"@id\":\"https:\/\/brasilnoticias.org\/site\/conservadores-de-salvador-organizam-manifestacao-em-defesa-da-liberdade-no-7-de-setembro\/#breadcrumb\",\"itemListElement\":[{\"@type\":\"ListItem\",\"position\":1,\"name\":\"In\u00edcio\",\"item\":\"https:\/\/brasilnoticias.org\/site\/\"},{\"@type\":\"ListItem\",\"position\":2,\"name\":\"Conservadores de Salvador organizam manifesta\u00e7\u00e3o \u2018em defesa da liberdade\u2019 no 7 de Setembro\"}]},{\"@type\":\"WebSite\",\"@id\":\"https:\/\/brasilnoticias.org\/site\/#website\",\"url\":\"https:\/\/brasilnoticias.org\/site\/\",\"name\":\"Brasil not\u00edcias\",\"description\":\"Brasil not\u00edcias\",\"publisher\":{\"@id\":\"https:\/\/brasilnoticias.org\/site\/#organization\"},\"potentialAction\":[{\"@type\":\"SearchAction\",\"target\":{\"@type\":\"EntryPoint\",\"urlTemplate\":\"https:\/\/brasilnoticias.org\/site\/?s={search_term_string}\"},\"query-input\":{\"@type\":\"PropertyValueSpecification\",\"valueRequired\":true,\"valueName\":\"search_term_string\"}}],\"inLanguage\":\"pt-PT\"},{\"@type\":\"Organization\",\"@id\":\"https:\/\/brasilnoticias.org\/site\/#organization\",\"name\":\"Brasil not\u00edcias\",\"url\":\"https:\/\/brasilnoticias.org\/site\/\",\"logo\":{\"@type\":\"ImageObject\",\"inLanguage\":\"pt-PT\",\"@id\":\"https:\/\/brasilnoticias.org\/site\/#\/schema\/logo\/image\/\",\"url\":\"https:\/\/brasilnoticias.org\/site\/wp-content\/uploads\/2022\/05\/cropped-brasilnoticias-mini.jpg\",\"contentUrl\":\"https:\/\/brasilnoticias.org\/site\/wp-content\/uploads\/2022\/05\/cropped-brasilnoticias-mini.jpg\",\"width\":314,\"height\":86,\"caption\":\"Brasil not\u00edcias\"},\"image\":{\"@id\":\"https:\/\/brasilnoticias.org\/site\/#\/schema\/logo\/image\/\"}},{\"@type\":\"Person\",\"@id\":\"https:\/\/brasilnoticias.org\/site\/#\/schema\/person\/03bbbfe6c7634ad18c26444ea39049fa\",\"name\":\"Reda\u00e7\u00e3o\",\"image\":{\"@type\":\"ImageObject\",\"inLanguage\":\"pt-PT\",\"@id\":\"https:\/\/brasilnoticias.org\/site\/#\/schema\/person\/image\/\",\"url\":\"https:\/\/secure.gravatar.com\/avatar\/9ecaf7327a696cb23ad926fedded5f1f04d7049de9e445375d55b48c001a6e42?s=96&d=mm&r=g\",\"contentUrl\":\"https:\/\/secure.gravatar.com\/avatar\/9ecaf7327a696cb23ad926fedded5f1f04d7049de9e445375d55b48c001a6e42?s=96&d=mm&r=g\",\"caption\":\"Reda\u00e7\u00e3o\"},\"url\":\"https:\/\/brasilnoticias.org\/site\/author\/henrique\/\"}]}<\/script>\n<!-- \/ Yoast SEO plugin. -->","yoast_head_json":{"title":"Conservadores de Salvador organizam manifesta\u00e7\u00e3o \u2018em defesa da liberdade\u2019 no 7 de Setembro - Brasil not\u00edcias","robots":{"index":"index","follow":"follow","max-snippet":"max-snippet:-1","max-image-preview":"max-image-preview:large","max-video-preview":"max-video-preview:-1"},"canonical":"https:\/\/brasilnoticias.org\/site\/conservadores-de-salvador-organizam-manifestacao-em-defesa-da-liberdade-no-7-de-setembro\/","og_locale":"pt_PT","og_type":"article","og_title":"Conservadores de Salvador organizam manifesta\u00e7\u00e3o \u2018em defesa da liberdade\u2019 no 7 de Setembro - Brasil not\u00edcias","og_description":"No pr\u00f3ximo 7 de setembro, a partir das 9h, conservadores de Salvador se reunir\u00e3o no Jardim de Alah para uma","og_url":"https:\/\/brasilnoticias.org\/site\/conservadores-de-salvador-organizam-manifestacao-em-defesa-da-liberdade-no-7-de-setembro\/","og_site_name":"Brasil not\u00edcias","article_published_time":"2024-08-27T00:24:09+00:00","og_image":[{"width":850,"height":400,"url":"https:\/\/brasilnoticias.org\/site\/wp-content\/uploads\/2024\/08\/IMAGEM_NOTICIA_0-16.jpg","type":"image\/jpeg"}],"author":"Reda\u00e7\u00e3o","twitter_card":"summary_large_image","twitter_misc":{"Escrito por":"Reda\u00e7\u00e3o","Tempo estimado de leitura":"1 minuto"},"schema":{"@context":"https:\/\/schema.org","@graph":[{"@type":"Article","@id":"https:\/\/brasilnoticias.org\/site\/conservadores-de-salvador-organizam-manifestacao-em-defesa-da-liberdade-no-7-de-setembro\/#article","isPartOf":{"@id":"https:\/\/brasilnoticias.org\/site\/conservadores-de-salvador-organizam-manifestacao-em-defesa-da-liberdade-no-7-de-setembro\/"},"author":{"name":"Reda\u00e7\u00e3o","@id":"https:\/\/brasilnoticias.org\/site\/#\/schema\/person\/03bbbfe6c7634ad18c26444ea39049fa"},"headline":"Conservadores de Salvador organizam manifesta\u00e7\u00e3o \u2018em defesa da liberdade\u2019 no 7 de Setembro","datePublished":"2024-08-27T00:24:09+00:00","mainEntityOfPage":{"@id":"https:\/\/brasilnoticias.org\/site\/conservadores-de-salvador-organizam-manifestacao-em-defesa-da-liberdade-no-7-de-setembro\/"},"wordCount":317,"commentCount":0,"publisher":{"@id":"https:\/\/brasilnoticias.org\/site\/#organization"},"image":{"@id":"https:\/\/brasilnoticias.org\/site\/conservadores-de-salvador-organizam-manifestacao-em-defesa-da-liberdade-no-7-de-setembro\/#primaryimage"},"thumbnailUrl":"https:\/\/brasilnoticias.org\/site\/wp-content\/uploads\/2024\/08\/IMAGEM_NOTICIA_0-16.jpg","articleSection":["Pol\u00edtica","\u00daltimas"],"inLanguage":"pt-PT","potentialAction":[{"@type":"CommentAction","name":"Comment","target":["https:\/\/brasilnoticias.org\/site\/conservadores-de-salvador-organizam-manifestacao-em-defesa-da-liberdade-no-7-de-setembro\/#respond"]}]},{"@type":"WebPage","@id":"https:\/\/brasilnoticias.org\/site\/conservadores-de-salvador-organizam-manifestacao-em-defesa-da-liberdade-no-7-de-setembro\/","url":"https:\/\/brasilnoticias.org\/site\/conservadores-de-salvador-organizam-manifestacao-em-defesa-da-liberdade-no-7-de-setembro\/","name":"Conservadores de Salvador organizam manifesta\u00e7\u00e3o \u2018em defesa da liberdade\u2019 no 7 de Setembro - Brasil not\u00edcias","isPartOf":{"@id":"https:\/\/brasilnoticias.org\/site\/#website"},"primaryImageOfPage":{"@id":"https:\/\/brasilnoticias.org\/site\/conservadores-de-salvador-organizam-manifestacao-em-defesa-da-liberdade-no-7-de-setembro\/#primaryimage"},"image":{"@id":"https:\/\/brasilnoticias.org\/site\/conservadores-de-salvador-organizam-manifestacao-em-defesa-da-liberdade-no-7-de-setembro\/#primaryimage"},"thumbnailUrl":"https:\/\/brasilnoticias.org\/site\/wp-content\/uploads\/2024\/08\/IMAGEM_NOTICIA_0-16.jpg","datePublished":"2024-08-27T00:24:09+00:00","breadcrumb":{"@id":"https:\/\/brasilnoticias.org\/site\/conservadores-de-salvador-organizam-manifestacao-em-defesa-da-liberdade-no-7-de-setembro\/#breadcrumb"},"inLanguage":"pt-PT","potentialAction":[{"@type":"ReadAction","target":["https:\/\/brasilnoticias.org\/site\/conservadores-de-salvador-organizam-manifestacao-em-defesa-da-liberdade-no-7-de-setembro\/"]}]},{"@type":"ImageObject","inLanguage":"pt-PT","@id":"https:\/\/brasilnoticias.org\/site\/conservadores-de-salvador-organizam-manifestacao-em-defesa-da-liberdade-no-7-de-setembro\/#primaryimage","url":"https:\/\/brasilnoticias.org\/site\/wp-content\/uploads\/2024\/08\/IMAGEM_NOTICIA_0-16.jpg","contentUrl":"https:\/\/brasilnoticias.org\/site\/wp-content\/uploads\/2024\/08\/IMAGEM_NOTICIA_0-16.jpg","width":850,"height":400},{"@type":"BreadcrumbList","@id":"https:\/\/brasilnoticias.org\/site\/conservadores-de-salvador-organizam-manifestacao-em-defesa-da-liberdade-no-7-de-setembro\/#breadcrumb","itemListElement":[{"@type":"ListItem","position":1,"name":"In\u00edcio","item":"https:\/\/brasilnoticias.org\/site\/"},{"@type":"ListItem","position":2,"name":"Conservadores de Salvador organizam manifesta\u00e7\u00e3o \u2018em defesa da liberdade\u2019 no 7 de Setembro"}]},{"@type":"WebSite","@id":"https:\/\/brasilnoticias.org\/site\/#website","url":"https:\/\/brasilnoticias.org\/site\/","name":"Brasil not\u00edcias","description":"Brasil not\u00edcias","publisher":{"@id":"https:\/\/brasilnoticias.org\/site\/#organization"},"potentialAction":[{"@type":"SearchAction","target":{"@type":"EntryPoint","urlTemplate":"https:\/\/brasilnoticias.org\/site\/?s={search_term_string}"},"query-input":{"@type":"PropertyValueSpecification","valueRequired":true,"valueName":"search_term_string"}}],"inLanguage":"pt-PT"},{"@type":"Organization","@id":"https:\/\/brasilnoticias.org\/site\/#organization","name":"Brasil not\u00edcias","url":"https:\/\/brasilnoticias.org\/site\/","logo":{"@type":"ImageObject","inLanguage":"pt-PT","@id":"https:\/\/brasilnoticias.org\/site\/#\/schema\/logo\/image\/","url":"https:\/\/brasilnoticias.org\/site\/wp-content\/uploads\/2022\/05\/cropped-brasilnoticias-mini.jpg","contentUrl":"https:\/\/brasilnoticias.org\/site\/wp-content\/uploads\/2022\/05\/cropped-brasilnoticias-mini.jpg","width":314,"height":86,"caption":"Brasil not\u00edcias"},"image":{"@id":"https:\/\/brasilnoticias.org\/site\/#\/schema\/logo\/image\/"}},{"@type":"Person","@id":"https:\/\/brasilnoticias.org\/site\/#\/schema\/person\/03bbbfe6c7634ad18c26444ea39049fa","name":"Reda\u00e7\u00e3o","image":{"@type":"ImageObject","inLanguage":"pt-PT","@id":"https:\/\/brasilnoticias.org\/site\/#\/schema\/person\/image\/","url":"https:\/\/secure.gravatar.com\/avatar\/9ecaf7327a696cb23ad926fedded5f1f04d7049de9e445375d55b48c001a6e42?s=96&d=mm&r=g","contentUrl":"https:\/\/secure.gravatar.com\/avatar\/9ecaf7327a696cb23ad926fedded5f1f04d7049de9e445375d55b48c001a6e42?s=96&d=mm&r=g","caption":"Reda\u00e7\u00e3o"},"url":"https:\/\/brasilnoticias.org\/site\/author\/henrique\/"}]}},"_links":{"self":[{"href":"https:\/\/brasilnoticias.org\/site\/wp-json\/wp\/v2\/posts\/15703","targetHints":{"allow":["GET"]}}],"collection":[{"href":"https:\/\/brasilnoticias.org\/site\/wp-json\/wp\/v2\/posts"}],"about":[{"href":"https:\/\/brasilnoticias.org\/site\/wp-json\/wp\/v2\/types\/post"}],"author":[{"embeddable":true,"href":"https:\/\/brasilnoticias.org\/site\/wp-json\/wp\/v2\/users\/4"}],"replies":[{"embeddable":true,"href":"https:\/\/brasilnoticias.org\/site\/wp-json\/wp\/v2\/comments?post=15703"}],"version-history":[{"count":1,"href":"https:\/\/brasilnoticias.org\/site\/wp-json\/wp\/v2\/posts\/15703\/revisions"}],"predecessor-version":[{"id":15705,"href":"https:\/\/brasilnoticias.org\/site\/wp-json\/wp\/v2\/posts\/15703\/revisions\/15705"}],"wp:featuredmedia":[{"embeddable":true,"href":"https:\/\/brasilnoticias.org\/site\/wp-json\/wp\/v2\/media\/15704"}],"wp:attachment":[{"href":"https:\/\/brasilnoticias.org\/site\/wp-json\/wp\/v2\/media?parent=15703"}],"wp:term":[{"taxonomy":"category","embeddable":true,"href":"https:\/\/brasilnoticias.org\/site\/wp-json\/wp\/v2\/categories?post=15703"},{"taxonomy":"post_tag","embeddable":true,"href":"https:\/\/brasilnoticias.org\/site\/wp-json\/wp\/v2\/tags?post=15703"}],"curies":[{"name":"wp","href":"https:\/\/api.w.org\/{rel}","templated":true}]}}