{"id":15709,"date":"2024-08-26T21:26:32","date_gmt":"2024-08-27T00:26:32","guid":{"rendered":"https:\/\/brasilnoticias.org\/site\/?p=15709"},"modified":"2024-08-26T21:26:32","modified_gmt":"2024-08-27T00:26:32","slug":"geraldo-participa-das-comemoracoes-pelos-50-anos-do-monte-tabor","status":"publish","type":"post","link":"https:\/\/brasilnoticias.org\/site\/geraldo-participa-das-comemoracoes-pelos-50-anos-do-monte-tabor\/","title":{"rendered":"Geraldo participa das comemora\u00e7\u00f5es pelos 50 anos do Monte Tabor"},"content":{"rendered":"<p>O Monte Tabor, Centro \u00cdtalo-Brasileiro de Promo\u00e7\u00e3o Sanit\u00e1ria, que \u00e9 uma das maiores institui\u00e7\u00f5es de presta\u00e7\u00e3o de servi\u00e7os de sa\u00fade e educa\u00e7\u00e3o da Bahia, comemorou 50 anos de presta\u00e7\u00e3o de servi\u00e7o para a comunidade brasileira e baiana neste domingo (25). O candidato \u00e0 Prefeitura de Salvador, Geraldo J\u00fanior (MDB), participou do evento e reconheceu a import\u00e2ncia da institui\u00e7\u00e3o na realiza\u00e7\u00e3o de a\u00e7\u00f5es que t\u00eam transformado a realidade de diversas pessoas.<\/p>\n<p>\u201cO Monte Tabor \u00e9 uma refer\u00eancia na capital e na Bahia, s\u00e3o 50 anos de hist\u00f3ria na educa\u00e7\u00e3o e na sa\u00fade transformando a vida das pessoas. Institui\u00e7\u00e3o iniciada por Dom Luigi, acertou h\u00e1 50 anos, e hoje com a presidente Laura Ziller que leva com maestria a hist\u00f3ria de transforma\u00e7\u00e3o social, educacional\u201d, afirmou Geraldo, que na oportunidade destacou que \u201cas a\u00e7\u00f5es realizadas pelo Monte Tabor s\u00e3o transversais com os governos federal, estadual e municipal, mas, acima de tudo, com a participa\u00e7\u00e3o da sociedade civil\u201d.<\/p>\n<p>O evento comemorativo pelo cinquenten\u00e1rio do Monte Tabor aconteceu no Convento Santa Clara do Desterro, no bairro de Nazar\u00e9, onde foi celebrada uma missa em homenagem \u00e0 institui\u00e7\u00e3o pelo Arcebispo primaz do Brasil, Dom S\u00e9rgio da Rocha. O Monte Tabor tem trabalho reconhecido na administra\u00e7\u00e3o de hospitais p\u00fablicos, na constru\u00e7\u00e3o e administra\u00e7\u00e3o do Hospital S\u00e3o Rafael por mais de 30 anos. Atualmente est\u00e1 presente em Salvador no bairro de Pau da Lima com um ambulat\u00f3rio social, com a participa\u00e7\u00e3o de 100% dos m\u00e9dicos volunt\u00e1rios, que prestam servi\u00e7os \u00e0 comunidade gratuitamente.<\/p>\n","protected":false},"excerpt":{"rendered":"<p>O Monte Tabor, Centro \u00cdtalo-Brasileiro de Promo\u00e7\u00e3o Sanit\u00e1ria, que \u00e9 uma das maiores institui\u00e7\u00f5es de presta\u00e7\u00e3o de servi\u00e7os de sa\u00fade<\/p>\n","protected":false},"author":4,"featured_media":15710,"comment_status":"open","ping_status":"open","sticky":false,"template":"","format":"standard","meta":{"colormag_page_container_layout":"default_layout","colormag_page_sidebar_layout":"default_layout","_FSMCFIC_featured_image_caption":"","_FSMCFIC_featured_image_nocaption":"","_FSMCFIC_featured_image_hide":"","footnotes":""},"categories":[5,1],"tags":[],"class_list":["post-15709","post","type-post","status-publish","format-standard","has-post-thumbnail","hentry","category-politica","category-ultimas"],"yoast_head":"<!-- This site is optimized with the Yoast SEO plugin v27.1.1 - https:\/\/yoast.com\/product\/yoast-seo-wordpress\/ -->\n<title>Geraldo participa das comemora\u00e7\u00f5es pelos 50 anos do Monte Tabor - Brasil not\u00edcias<\/title>\n<meta name=\"robots\" content=\"index, follow, max-snippet:-1, max-image-preview:large, max-video-preview:-1\" \/>\n<link rel=\"canonical\" href=\"https:\/\/brasilnoticias.org\/site\/geraldo-participa-das-comemoracoes-pelos-50-anos-do-monte-tabor\/\" \/>\n<meta property=\"og:locale\" content=\"pt_PT\" \/>\n<meta property=\"og:type\" content=\"article\" \/>\n<meta property=\"og:title\" content=\"Geraldo participa das comemora\u00e7\u00f5es pelos 50 anos do Monte Tabor - Brasil not\u00edcias\" \/>\n<meta property=\"og:description\" content=\"O Monte Tabor, Centro \u00cdtalo-Brasileiro de Promo\u00e7\u00e3o Sanit\u00e1ria, que \u00e9 uma das maiores institui\u00e7\u00f5es de presta\u00e7\u00e3o de servi\u00e7os de sa\u00fade\" \/>\n<meta property=\"og:url\" content=\"https:\/\/brasilnoticias.org\/site\/geraldo-participa-das-comemoracoes-pelos-50-anos-do-monte-tabor\/\" \/>\n<meta property=\"og:site_name\" content=\"Brasil not\u00edcias\" \/>\n<meta property=\"article:published_time\" content=\"2024-08-27T00:26:32+00:00\" \/>\n<meta property=\"og:image\" content=\"https:\/\/brasilnoticias.org\/site\/wp-content\/uploads\/2024\/08\/IMAGEM_NOTICIA_0-2-5.jpg\" \/>\n\t<meta property=\"og:image:width\" content=\"850\" \/>\n\t<meta property=\"og:image:height\" content=\"400\" \/>\n\t<meta property=\"og:image:type\" content=\"image\/jpeg\" \/>\n<meta name=\"author\" content=\"Reda\u00e7\u00e3o\" \/>\n<meta name=\"twitter:card\" content=\"summary_large_image\" \/>\n<meta name=\"twitter:label1\" content=\"Escrito por\" \/>\n\t<meta name=\"twitter:data1\" content=\"Reda\u00e7\u00e3o\" \/>\n<script type=\"application\/ld+json\" class=\"yoast-schema-graph\">{\"@context\":\"https:\/\/schema.org\",\"@graph\":[{\"@type\":\"Article\",\"@id\":\"https:\/\/brasilnoticias.org\/site\/geraldo-participa-das-comemoracoes-pelos-50-anos-do-monte-tabor\/#article\",\"isPartOf\":{\"@id\":\"https:\/\/brasilnoticias.org\/site\/geraldo-participa-das-comemoracoes-pelos-50-anos-do-monte-tabor\/\"},\"author\":{\"name\":\"Reda\u00e7\u00e3o\",\"@id\":\"https:\/\/brasilnoticias.org\/site\/#\/schema\/person\/03bbbfe6c7634ad18c26444ea39049fa\"},\"headline\":\"Geraldo participa das comemora\u00e7\u00f5es pelos 50 anos do Monte Tabor\",\"datePublished\":\"2024-08-27T00:26:32+00:00\",\"mainEntityOfPage\":{\"@id\":\"https:\/\/brasilnoticias.org\/site\/geraldo-participa-das-comemoracoes-pelos-50-anos-do-monte-tabor\/\"},\"wordCount\":282,\"commentCount\":0,\"publisher\":{\"@id\":\"https:\/\/brasilnoticias.org\/site\/#organization\"},\"image\":{\"@id\":\"https:\/\/brasilnoticias.org\/site\/geraldo-participa-das-comemoracoes-pelos-50-anos-do-monte-tabor\/#primaryimage\"},\"thumbnailUrl\":\"https:\/\/brasilnoticias.org\/site\/wp-content\/uploads\/2024\/08\/IMAGEM_NOTICIA_0-2-5.jpg\",\"articleSection\":[\"Pol\u00edtica\",\"\u00daltimas\"],\"inLanguage\":\"pt-PT\",\"potentialAction\":[{\"@type\":\"CommentAction\",\"name\":\"Comment\",\"target\":[\"https:\/\/brasilnoticias.org\/site\/geraldo-participa-das-comemoracoes-pelos-50-anos-do-monte-tabor\/#respond\"]}]},{\"@type\":\"WebPage\",\"@id\":\"https:\/\/brasilnoticias.org\/site\/geraldo-participa-das-comemoracoes-pelos-50-anos-do-monte-tabor\/\",\"url\":\"https:\/\/brasilnoticias.org\/site\/geraldo-participa-das-comemoracoes-pelos-50-anos-do-monte-tabor\/\",\"name\":\"Geraldo participa das comemora\u00e7\u00f5es pelos 50 anos do Monte Tabor - Brasil not\u00edcias\",\"isPartOf\":{\"@id\":\"https:\/\/brasilnoticias.org\/site\/#website\"},\"primaryImageOfPage\":{\"@id\":\"https:\/\/brasilnoticias.org\/site\/geraldo-participa-das-comemoracoes-pelos-50-anos-do-monte-tabor\/#primaryimage\"},\"image\":{\"@id\":\"https:\/\/brasilnoticias.org\/site\/geraldo-participa-das-comemoracoes-pelos-50-anos-do-monte-tabor\/#primaryimage\"},\"thumbnailUrl\":\"https:\/\/brasilnoticias.org\/site\/wp-content\/uploads\/2024\/08\/IMAGEM_NOTICIA_0-2-5.jpg\",\"datePublished\":\"2024-08-27T00:26:32+00:00\",\"breadcrumb\":{\"@id\":\"https:\/\/brasilnoticias.org\/site\/geraldo-participa-das-comemoracoes-pelos-50-anos-do-monte-tabor\/#breadcrumb\"},\"inLanguage\":\"pt-PT\",\"potentialAction\":[{\"@type\":\"ReadAction\",\"target\":[\"https:\/\/brasilnoticias.org\/site\/geraldo-participa-das-comemoracoes-pelos-50-anos-do-monte-tabor\/\"]}]},{\"@type\":\"ImageObject\",\"inLanguage\":\"pt-PT\",\"@id\":\"https:\/\/brasilnoticias.org\/site\/geraldo-participa-das-comemoracoes-pelos-50-anos-do-monte-tabor\/#primaryimage\",\"url\":\"https:\/\/brasilnoticias.org\/site\/wp-content\/uploads\/2024\/08\/IMAGEM_NOTICIA_0-2-5.jpg\",\"contentUrl\":\"https:\/\/brasilnoticias.org\/site\/wp-content\/uploads\/2024\/08\/IMAGEM_NOTICIA_0-2-5.jpg\",\"width\":850,\"height\":400},{\"@type\":\"BreadcrumbList\",\"@id\":\"https:\/\/brasilnoticias.org\/site\/geraldo-participa-das-comemoracoes-pelos-50-anos-do-monte-tabor\/#breadcrumb\",\"itemListElement\":[{\"@type\":\"ListItem\",\"position\":1,\"name\":\"In\u00edcio\",\"item\":\"https:\/\/brasilnoticias.org\/site\/\"},{\"@type\":\"ListItem\",\"position\":2,\"name\":\"Geraldo participa das comemora\u00e7\u00f5es pelos 50 anos do Monte Tabor\"}]},{\"@type\":\"WebSite\",\"@id\":\"https:\/\/brasilnoticias.org\/site\/#website\",\"url\":\"https:\/\/brasilnoticias.org\/site\/\",\"name\":\"Brasil not\u00edcias\",\"description\":\"Brasil not\u00edcias\",\"publisher\":{\"@id\":\"https:\/\/brasilnoticias.org\/site\/#organization\"},\"potentialAction\":[{\"@type\":\"SearchAction\",\"target\":{\"@type\":\"EntryPoint\",\"urlTemplate\":\"https:\/\/brasilnoticias.org\/site\/?s={search_term_string}\"},\"query-input\":{\"@type\":\"PropertyValueSpecification\",\"valueRequired\":true,\"valueName\":\"search_term_string\"}}],\"inLanguage\":\"pt-PT\"},{\"@type\":\"Organization\",\"@id\":\"https:\/\/brasilnoticias.org\/site\/#organization\",\"name\":\"Brasil not\u00edcias\",\"url\":\"https:\/\/brasilnoticias.org\/site\/\",\"logo\":{\"@type\":\"ImageObject\",\"inLanguage\":\"pt-PT\",\"@id\":\"https:\/\/brasilnoticias.org\/site\/#\/schema\/logo\/image\/\",\"url\":\"https:\/\/brasilnoticias.org\/site\/wp-content\/uploads\/2022\/05\/cropped-brasilnoticias-mini.jpg\",\"contentUrl\":\"https:\/\/brasilnoticias.org\/site\/wp-content\/uploads\/2022\/05\/cropped-brasilnoticias-mini.jpg\",\"width\":314,\"height\":86,\"caption\":\"Brasil not\u00edcias\"},\"image\":{\"@id\":\"https:\/\/brasilnoticias.org\/site\/#\/schema\/logo\/image\/\"}},{\"@type\":\"Person\",\"@id\":\"https:\/\/brasilnoticias.org\/site\/#\/schema\/person\/03bbbfe6c7634ad18c26444ea39049fa\",\"name\":\"Reda\u00e7\u00e3o\",\"image\":{\"@type\":\"ImageObject\",\"inLanguage\":\"pt-PT\",\"@id\":\"https:\/\/brasilnoticias.org\/site\/#\/schema\/person\/image\/\",\"url\":\"https:\/\/secure.gravatar.com\/avatar\/9ecaf7327a696cb23ad926fedded5f1f04d7049de9e445375d55b48c001a6e42?s=96&d=mm&r=g\",\"contentUrl\":\"https:\/\/secure.gravatar.com\/avatar\/9ecaf7327a696cb23ad926fedded5f1f04d7049de9e445375d55b48c001a6e42?s=96&d=mm&r=g\",\"caption\":\"Reda\u00e7\u00e3o\"},\"url\":\"https:\/\/brasilnoticias.org\/site\/author\/henrique\/\"}]}<\/script>\n<!-- \/ Yoast SEO plugin. -->","yoast_head_json":{"title":"Geraldo participa das comemora\u00e7\u00f5es pelos 50 anos do Monte Tabor - Brasil not\u00edcias","robots":{"index":"index","follow":"follow","max-snippet":"max-snippet:-1","max-image-preview":"max-image-preview:large","max-video-preview":"max-video-preview:-1"},"canonical":"https:\/\/brasilnoticias.org\/site\/geraldo-participa-das-comemoracoes-pelos-50-anos-do-monte-tabor\/","og_locale":"pt_PT","og_type":"article","og_title":"Geraldo participa das comemora\u00e7\u00f5es pelos 50 anos do Monte Tabor - Brasil not\u00edcias","og_description":"O Monte Tabor, Centro \u00cdtalo-Brasileiro de Promo\u00e7\u00e3o Sanit\u00e1ria, que \u00e9 uma das maiores institui\u00e7\u00f5es de presta\u00e7\u00e3o de servi\u00e7os de sa\u00fade","og_url":"https:\/\/brasilnoticias.org\/site\/geraldo-participa-das-comemoracoes-pelos-50-anos-do-monte-tabor\/","og_site_name":"Brasil not\u00edcias","article_published_time":"2024-08-27T00:26:32+00:00","og_image":[{"width":850,"height":400,"url":"https:\/\/brasilnoticias.org\/site\/wp-content\/uploads\/2024\/08\/IMAGEM_NOTICIA_0-2-5.jpg","type":"image\/jpeg"}],"author":"Reda\u00e7\u00e3o","twitter_card":"summary_large_image","twitter_misc":{"Escrito por":"Reda\u00e7\u00e3o"},"schema":{"@context":"https:\/\/schema.org","@graph":[{"@type":"Article","@id":"https:\/\/brasilnoticias.org\/site\/geraldo-participa-das-comemoracoes-pelos-50-anos-do-monte-tabor\/#article","isPartOf":{"@id":"https:\/\/brasilnoticias.org\/site\/geraldo-participa-das-comemoracoes-pelos-50-anos-do-monte-tabor\/"},"author":{"name":"Reda\u00e7\u00e3o","@id":"https:\/\/brasilnoticias.org\/site\/#\/schema\/person\/03bbbfe6c7634ad18c26444ea39049fa"},"headline":"Geraldo participa das comemora\u00e7\u00f5es pelos 50 anos do Monte Tabor","datePublished":"2024-08-27T00:26:32+00:00","mainEntityOfPage":{"@id":"https:\/\/brasilnoticias.org\/site\/geraldo-participa-das-comemoracoes-pelos-50-anos-do-monte-tabor\/"},"wordCount":282,"commentCount":0,"publisher":{"@id":"https:\/\/brasilnoticias.org\/site\/#organization"},"image":{"@id":"https:\/\/brasilnoticias.org\/site\/geraldo-participa-das-comemoracoes-pelos-50-anos-do-monte-tabor\/#primaryimage"},"thumbnailUrl":"https:\/\/brasilnoticias.org\/site\/wp-content\/uploads\/2024\/08\/IMAGEM_NOTICIA_0-2-5.jpg","articleSection":["Pol\u00edtica","\u00daltimas"],"inLanguage":"pt-PT","potentialAction":[{"@type":"CommentAction","name":"Comment","target":["https:\/\/brasilnoticias.org\/site\/geraldo-participa-das-comemoracoes-pelos-50-anos-do-monte-tabor\/#respond"]}]},{"@type":"WebPage","@id":"https:\/\/brasilnoticias.org\/site\/geraldo-participa-das-comemoracoes-pelos-50-anos-do-monte-tabor\/","url":"https:\/\/brasilnoticias.org\/site\/geraldo-participa-das-comemoracoes-pelos-50-anos-do-monte-tabor\/","name":"Geraldo participa das comemora\u00e7\u00f5es pelos 50 anos do Monte Tabor - Brasil not\u00edcias","isPartOf":{"@id":"https:\/\/brasilnoticias.org\/site\/#website"},"primaryImageOfPage":{"@id":"https:\/\/brasilnoticias.org\/site\/geraldo-participa-das-comemoracoes-pelos-50-anos-do-monte-tabor\/#primaryimage"},"image":{"@id":"https:\/\/brasilnoticias.org\/site\/geraldo-participa-das-comemoracoes-pelos-50-anos-do-monte-tabor\/#primaryimage"},"thumbnailUrl":"https:\/\/brasilnoticias.org\/site\/wp-content\/uploads\/2024\/08\/IMAGEM_NOTICIA_0-2-5.jpg","datePublished":"2024-08-27T00:26:32+00:00","breadcrumb":{"@id":"https:\/\/brasilnoticias.org\/site\/geraldo-participa-das-comemoracoes-pelos-50-anos-do-monte-tabor\/#breadcrumb"},"inLanguage":"pt-PT","potentialAction":[{"@type":"ReadAction","target":["https:\/\/brasilnoticias.org\/site\/geraldo-participa-das-comemoracoes-pelos-50-anos-do-monte-tabor\/"]}]},{"@type":"ImageObject","inLanguage":"pt-PT","@id":"https:\/\/brasilnoticias.org\/site\/geraldo-participa-das-comemoracoes-pelos-50-anos-do-monte-tabor\/#primaryimage","url":"https:\/\/brasilnoticias.org\/site\/wp-content\/uploads\/2024\/08\/IMAGEM_NOTICIA_0-2-5.jpg","contentUrl":"https:\/\/brasilnoticias.org\/site\/wp-content\/uploads\/2024\/08\/IMAGEM_NOTICIA_0-2-5.jpg","width":850,"height":400},{"@type":"BreadcrumbList","@id":"https:\/\/brasilnoticias.org\/site\/geraldo-participa-das-comemoracoes-pelos-50-anos-do-monte-tabor\/#breadcrumb","itemListElement":[{"@type":"ListItem","position":1,"name":"In\u00edcio","item":"https:\/\/brasilnoticias.org\/site\/"},{"@type":"ListItem","position":2,"name":"Geraldo participa das comemora\u00e7\u00f5es pelos 50 anos do Monte Tabor"}]},{"@type":"WebSite","@id":"https:\/\/brasilnoticias.org\/site\/#website","url":"https:\/\/brasilnoticias.org\/site\/","name":"Brasil not\u00edcias","description":"Brasil not\u00edcias","publisher":{"@id":"https:\/\/brasilnoticias.org\/site\/#organization"},"potentialAction":[{"@type":"SearchAction","target":{"@type":"EntryPoint","urlTemplate":"https:\/\/brasilnoticias.org\/site\/?s={search_term_string}"},"query-input":{"@type":"PropertyValueSpecification","valueRequired":true,"valueName":"search_term_string"}}],"inLanguage":"pt-PT"},{"@type":"Organization","@id":"https:\/\/brasilnoticias.org\/site\/#organization","name":"Brasil not\u00edcias","url":"https:\/\/brasilnoticias.org\/site\/","logo":{"@type":"ImageObject","inLanguage":"pt-PT","@id":"https:\/\/brasilnoticias.org\/site\/#\/schema\/logo\/image\/","url":"https:\/\/brasilnoticias.org\/site\/wp-content\/uploads\/2022\/05\/cropped-brasilnoticias-mini.jpg","contentUrl":"https:\/\/brasilnoticias.org\/site\/wp-content\/uploads\/2022\/05\/cropped-brasilnoticias-mini.jpg","width":314,"height":86,"caption":"Brasil not\u00edcias"},"image":{"@id":"https:\/\/brasilnoticias.org\/site\/#\/schema\/logo\/image\/"}},{"@type":"Person","@id":"https:\/\/brasilnoticias.org\/site\/#\/schema\/person\/03bbbfe6c7634ad18c26444ea39049fa","name":"Reda\u00e7\u00e3o","image":{"@type":"ImageObject","inLanguage":"pt-PT","@id":"https:\/\/brasilnoticias.org\/site\/#\/schema\/person\/image\/","url":"https:\/\/secure.gravatar.com\/avatar\/9ecaf7327a696cb23ad926fedded5f1f04d7049de9e445375d55b48c001a6e42?s=96&d=mm&r=g","contentUrl":"https:\/\/secure.gravatar.com\/avatar\/9ecaf7327a696cb23ad926fedded5f1f04d7049de9e445375d55b48c001a6e42?s=96&d=mm&r=g","caption":"Reda\u00e7\u00e3o"},"url":"https:\/\/brasilnoticias.org\/site\/author\/henrique\/"}]}},"_links":{"self":[{"href":"https:\/\/brasilnoticias.org\/site\/wp-json\/wp\/v2\/posts\/15709","targetHints":{"allow":["GET"]}}],"collection":[{"href":"https:\/\/brasilnoticias.org\/site\/wp-json\/wp\/v2\/posts"}],"about":[{"href":"https:\/\/brasilnoticias.org\/site\/wp-json\/wp\/v2\/types\/post"}],"author":[{"embeddable":true,"href":"https:\/\/brasilnoticias.org\/site\/wp-json\/wp\/v2\/users\/4"}],"replies":[{"embeddable":true,"href":"https:\/\/brasilnoticias.org\/site\/wp-json\/wp\/v2\/comments?post=15709"}],"version-history":[{"count":1,"href":"https:\/\/brasilnoticias.org\/site\/wp-json\/wp\/v2\/posts\/15709\/revisions"}],"predecessor-version":[{"id":15711,"href":"https:\/\/brasilnoticias.org\/site\/wp-json\/wp\/v2\/posts\/15709\/revisions\/15711"}],"wp:featuredmedia":[{"embeddable":true,"href":"https:\/\/brasilnoticias.org\/site\/wp-json\/wp\/v2\/media\/15710"}],"wp:attachment":[{"href":"https:\/\/brasilnoticias.org\/site\/wp-json\/wp\/v2\/media?parent=15709"}],"wp:term":[{"taxonomy":"category","embeddable":true,"href":"https:\/\/brasilnoticias.org\/site\/wp-json\/wp\/v2\/categories?post=15709"},{"taxonomy":"post_tag","embeddable":true,"href":"https:\/\/brasilnoticias.org\/site\/wp-json\/wp\/v2\/tags?post=15709"}],"curies":[{"name":"wp","href":"https:\/\/api.w.org\/{rel}","templated":true}]}}