{"id":15734,"date":"2024-08-27T15:16:11","date_gmt":"2024-08-27T18:16:11","guid":{"rendered":"https:\/\/brasilnoticias.org\/site\/?p=15734"},"modified":"2024-08-27T15:16:11","modified_gmt":"2024-08-27T18:16:11","slug":"justica-determina-que-salvador-apresente-plano-de-ordenamento-da-av-joana-angelica","status":"publish","type":"post","link":"https:\/\/brasilnoticias.org\/site\/justica-determina-que-salvador-apresente-plano-de-ordenamento-da-av-joana-angelica\/","title":{"rendered":"Justi\u00e7a determina que Salvador apresente plano de ordenamento da Av. Joana Ang\u00e9lica"},"content":{"rendered":"<p>Delibera\u00e7\u00e3o atende a pedidos do Minist\u00e9rio P\u00fablico da Bahia<\/p>\n<p>A Justi\u00e7a determinou que um plano de ordenamento seja estabelecido para o com\u00e9rcio ambulante na Av. Joana Ang\u00e9lica. O munic\u00edpio deve atender ao pedido no prazo de 180 dias, contando a partir do \u00faltimo m\u00eas de julho. A decis\u00e3o atende a pedidos formulados pelo Minist\u00e9rio P\u00fablico da Bahia. <\/p>\n<p>O trecho compreendido entre o Shopping Center Lapa e o Col\u00e9gio Central da Bahia na via \u00e9 desordenadamente ocupado por ambulantes, caixas, restos de frutas e lixo ao fim do dia.  Na \u00faltima semana, o Metro1 noticiou o panorama da regi\u00e3o com a equipe do Rep\u00f3rter Metropole e mostrou os desafios que afetam tr\u00e2nsito e limpeza na \u00e1rea. <\/p>\n<p>A promotora de Justi\u00e7a Cristina Seixas pede que o munic\u00edpio promova a desocupa\u00e7\u00e3o das cal\u00e7adas e faixas de rolamento com a retirada dos comerciantes informais que estejam descumprindo a legisla\u00e7\u00e3o no exerc\u00edcio de suas atividades. Em nota do MP-BA, ela afirma que a falta de organiza\u00e7\u00e3o &#8220;acaba colocando pedestres em situa\u00e7\u00e3o vulner\u00e1vel, em risco de acidente&#8221;. A decis\u00e3o da Quinta C\u00e2mara reforma decis\u00e3o inicial do Ju\u00edzo de primeira inst\u00e2ncia, que havia negado pedido liminar apresentado na a\u00e7\u00e3o do Minist\u00e9rio. <\/p>\n<p>Foto: Fernanda Meneses\/Metropress<br \/>\nPor: Metro1<\/p>\n","protected":false},"excerpt":{"rendered":"<p>Delibera\u00e7\u00e3o atende a pedidos do Minist\u00e9rio P\u00fablico da Bahia A Justi\u00e7a determinou que um plano de ordenamento seja estabelecido para<\/p>\n","protected":false},"author":4,"featured_media":15735,"comment_status":"open","ping_status":"open","sticky":false,"template":"","format":"standard","meta":{"colormag_page_container_layout":"default_layout","colormag_page_sidebar_layout":"default_layout","_FSMCFIC_featured_image_caption":"","_FSMCFIC_featured_image_nocaption":"","_FSMCFIC_featured_image_hide":"","footnotes":""},"categories":[7,1],"tags":[],"class_list":["post-15734","post","type-post","status-publish","format-standard","has-post-thumbnail","hentry","category-justica","category-ultimas"],"yoast_head":"<!-- This site is optimized with the Yoast SEO plugin v27.1.1 - https:\/\/yoast.com\/product\/yoast-seo-wordpress\/ -->\n<title>Justi\u00e7a determina que Salvador apresente plano de ordenamento da Av. Joana Ang\u00e9lica - Brasil not\u00edcias<\/title>\n<meta name=\"robots\" content=\"index, follow, max-snippet:-1, max-image-preview:large, max-video-preview:-1\" \/>\n<link rel=\"canonical\" href=\"https:\/\/brasilnoticias.org\/site\/justica-determina-que-salvador-apresente-plano-de-ordenamento-da-av-joana-angelica\/\" \/>\n<meta property=\"og:locale\" content=\"pt_PT\" \/>\n<meta property=\"og:type\" content=\"article\" \/>\n<meta property=\"og:title\" content=\"Justi\u00e7a determina que Salvador apresente plano de ordenamento da Av. Joana Ang\u00e9lica - Brasil not\u00edcias\" \/>\n<meta property=\"og:description\" content=\"Delibera\u00e7\u00e3o atende a pedidos do Minist\u00e9rio P\u00fablico da Bahia A Justi\u00e7a determinou que um plano de ordenamento seja estabelecido para\" \/>\n<meta property=\"og:url\" content=\"https:\/\/brasilnoticias.org\/site\/justica-determina-que-salvador-apresente-plano-de-ordenamento-da-av-joana-angelica\/\" \/>\n<meta property=\"og:site_name\" content=\"Brasil not\u00edcias\" \/>\n<meta property=\"article:published_time\" content=\"2024-08-27T18:16:11+00:00\" \/>\n<meta property=\"og:image\" content=\"https:\/\/brasilnoticias.org\/site\/wp-content\/uploads\/2024\/08\/154511justica-determina-que-salvador-apresente-plano-de-ordenamento-da-av-joana-angelica-3.jpg\" \/>\n\t<meta property=\"og:image:width\" content=\"1600\" \/>\n\t<meta property=\"og:image:height\" content=\"752\" \/>\n\t<meta property=\"og:image:type\" content=\"image\/jpeg\" \/>\n<meta name=\"author\" content=\"Reda\u00e7\u00e3o\" \/>\n<meta name=\"twitter:card\" content=\"summary_large_image\" \/>\n<meta name=\"twitter:label1\" content=\"Escrito por\" \/>\n\t<meta name=\"twitter:data1\" content=\"Reda\u00e7\u00e3o\" \/>\n\t<meta name=\"twitter:label2\" content=\"Tempo estimado de leitura\" \/>\n\t<meta name=\"twitter:data2\" content=\"1 minuto\" \/>\n<script type=\"application\/ld+json\" class=\"yoast-schema-graph\">{\"@context\":\"https:\/\/schema.org\",\"@graph\":[{\"@type\":\"Article\",\"@id\":\"https:\/\/brasilnoticias.org\/site\/justica-determina-que-salvador-apresente-plano-de-ordenamento-da-av-joana-angelica\/#article\",\"isPartOf\":{\"@id\":\"https:\/\/brasilnoticias.org\/site\/justica-determina-que-salvador-apresente-plano-de-ordenamento-da-av-joana-angelica\/\"},\"author\":{\"name\":\"Reda\u00e7\u00e3o\",\"@id\":\"https:\/\/brasilnoticias.org\/site\/#\/schema\/person\/03bbbfe6c7634ad18c26444ea39049fa\"},\"headline\":\"Justi\u00e7a determina que Salvador apresente plano de ordenamento da Av. Joana Ang\u00e9lica\",\"datePublished\":\"2024-08-27T18:16:11+00:00\",\"mainEntityOfPage\":{\"@id\":\"https:\/\/brasilnoticias.org\/site\/justica-determina-que-salvador-apresente-plano-de-ordenamento-da-av-joana-angelica\/\"},\"wordCount\":243,\"commentCount\":0,\"publisher\":{\"@id\":\"https:\/\/brasilnoticias.org\/site\/#organization\"},\"image\":{\"@id\":\"https:\/\/brasilnoticias.org\/site\/justica-determina-que-salvador-apresente-plano-de-ordenamento-da-av-joana-angelica\/#primaryimage\"},\"thumbnailUrl\":\"https:\/\/brasilnoticias.org\/site\/wp-content\/uploads\/2024\/08\/154511justica-determina-que-salvador-apresente-plano-de-ordenamento-da-av-joana-angelica-3.jpg\",\"articleSection\":[\"Justi\u00e7a\",\"\u00daltimas\"],\"inLanguage\":\"pt-PT\",\"potentialAction\":[{\"@type\":\"CommentAction\",\"name\":\"Comment\",\"target\":[\"https:\/\/brasilnoticias.org\/site\/justica-determina-que-salvador-apresente-plano-de-ordenamento-da-av-joana-angelica\/#respond\"]}]},{\"@type\":\"WebPage\",\"@id\":\"https:\/\/brasilnoticias.org\/site\/justica-determina-que-salvador-apresente-plano-de-ordenamento-da-av-joana-angelica\/\",\"url\":\"https:\/\/brasilnoticias.org\/site\/justica-determina-que-salvador-apresente-plano-de-ordenamento-da-av-joana-angelica\/\",\"name\":\"Justi\u00e7a determina que Salvador apresente plano de ordenamento da Av. Joana Ang\u00e9lica - Brasil not\u00edcias\",\"isPartOf\":{\"@id\":\"https:\/\/brasilnoticias.org\/site\/#website\"},\"primaryImageOfPage\":{\"@id\":\"https:\/\/brasilnoticias.org\/site\/justica-determina-que-salvador-apresente-plano-de-ordenamento-da-av-joana-angelica\/#primaryimage\"},\"image\":{\"@id\":\"https:\/\/brasilnoticias.org\/site\/justica-determina-que-salvador-apresente-plano-de-ordenamento-da-av-joana-angelica\/#primaryimage\"},\"thumbnailUrl\":\"https:\/\/brasilnoticias.org\/site\/wp-content\/uploads\/2024\/08\/154511justica-determina-que-salvador-apresente-plano-de-ordenamento-da-av-joana-angelica-3.jpg\",\"datePublished\":\"2024-08-27T18:16:11+00:00\",\"breadcrumb\":{\"@id\":\"https:\/\/brasilnoticias.org\/site\/justica-determina-que-salvador-apresente-plano-de-ordenamento-da-av-joana-angelica\/#breadcrumb\"},\"inLanguage\":\"pt-PT\",\"potentialAction\":[{\"@type\":\"ReadAction\",\"target\":[\"https:\/\/brasilnoticias.org\/site\/justica-determina-que-salvador-apresente-plano-de-ordenamento-da-av-joana-angelica\/\"]}]},{\"@type\":\"ImageObject\",\"inLanguage\":\"pt-PT\",\"@id\":\"https:\/\/brasilnoticias.org\/site\/justica-determina-que-salvador-apresente-plano-de-ordenamento-da-av-joana-angelica\/#primaryimage\",\"url\":\"https:\/\/brasilnoticias.org\/site\/wp-content\/uploads\/2024\/08\/154511justica-determina-que-salvador-apresente-plano-de-ordenamento-da-av-joana-angelica-3.jpg\",\"contentUrl\":\"https:\/\/brasilnoticias.org\/site\/wp-content\/uploads\/2024\/08\/154511justica-determina-que-salvador-apresente-plano-de-ordenamento-da-av-joana-angelica-3.jpg\",\"width\":1600,\"height\":752},{\"@type\":\"BreadcrumbList\",\"@id\":\"https:\/\/brasilnoticias.org\/site\/justica-determina-que-salvador-apresente-plano-de-ordenamento-da-av-joana-angelica\/#breadcrumb\",\"itemListElement\":[{\"@type\":\"ListItem\",\"position\":1,\"name\":\"In\u00edcio\",\"item\":\"https:\/\/brasilnoticias.org\/site\/\"},{\"@type\":\"ListItem\",\"position\":2,\"name\":\"Justi\u00e7a determina que Salvador apresente plano de ordenamento da Av. Joana Ang\u00e9lica\"}]},{\"@type\":\"WebSite\",\"@id\":\"https:\/\/brasilnoticias.org\/site\/#website\",\"url\":\"https:\/\/brasilnoticias.org\/site\/\",\"name\":\"Brasil not\u00edcias\",\"description\":\"Brasil not\u00edcias\",\"publisher\":{\"@id\":\"https:\/\/brasilnoticias.org\/site\/#organization\"},\"potentialAction\":[{\"@type\":\"SearchAction\",\"target\":{\"@type\":\"EntryPoint\",\"urlTemplate\":\"https:\/\/brasilnoticias.org\/site\/?s={search_term_string}\"},\"query-input\":{\"@type\":\"PropertyValueSpecification\",\"valueRequired\":true,\"valueName\":\"search_term_string\"}}],\"inLanguage\":\"pt-PT\"},{\"@type\":\"Organization\",\"@id\":\"https:\/\/brasilnoticias.org\/site\/#organization\",\"name\":\"Brasil not\u00edcias\",\"url\":\"https:\/\/brasilnoticias.org\/site\/\",\"logo\":{\"@type\":\"ImageObject\",\"inLanguage\":\"pt-PT\",\"@id\":\"https:\/\/brasilnoticias.org\/site\/#\/schema\/logo\/image\/\",\"url\":\"https:\/\/brasilnoticias.org\/site\/wp-content\/uploads\/2022\/05\/cropped-brasilnoticias-mini.jpg\",\"contentUrl\":\"https:\/\/brasilnoticias.org\/site\/wp-content\/uploads\/2022\/05\/cropped-brasilnoticias-mini.jpg\",\"width\":314,\"height\":86,\"caption\":\"Brasil not\u00edcias\"},\"image\":{\"@id\":\"https:\/\/brasilnoticias.org\/site\/#\/schema\/logo\/image\/\"}},{\"@type\":\"Person\",\"@id\":\"https:\/\/brasilnoticias.org\/site\/#\/schema\/person\/03bbbfe6c7634ad18c26444ea39049fa\",\"name\":\"Reda\u00e7\u00e3o\",\"image\":{\"@type\":\"ImageObject\",\"inLanguage\":\"pt-PT\",\"@id\":\"https:\/\/brasilnoticias.org\/site\/#\/schema\/person\/image\/\",\"url\":\"https:\/\/secure.gravatar.com\/avatar\/9ecaf7327a696cb23ad926fedded5f1f04d7049de9e445375d55b48c001a6e42?s=96&d=mm&r=g\",\"contentUrl\":\"https:\/\/secure.gravatar.com\/avatar\/9ecaf7327a696cb23ad926fedded5f1f04d7049de9e445375d55b48c001a6e42?s=96&d=mm&r=g\",\"caption\":\"Reda\u00e7\u00e3o\"},\"url\":\"https:\/\/brasilnoticias.org\/site\/author\/henrique\/\"}]}<\/script>\n<!-- \/ Yoast SEO plugin. -->","yoast_head_json":{"title":"Justi\u00e7a determina que Salvador apresente plano de ordenamento da Av. Joana Ang\u00e9lica - Brasil not\u00edcias","robots":{"index":"index","follow":"follow","max-snippet":"max-snippet:-1","max-image-preview":"max-image-preview:large","max-video-preview":"max-video-preview:-1"},"canonical":"https:\/\/brasilnoticias.org\/site\/justica-determina-que-salvador-apresente-plano-de-ordenamento-da-av-joana-angelica\/","og_locale":"pt_PT","og_type":"article","og_title":"Justi\u00e7a determina que Salvador apresente plano de ordenamento da Av. Joana Ang\u00e9lica - Brasil not\u00edcias","og_description":"Delibera\u00e7\u00e3o atende a pedidos do Minist\u00e9rio P\u00fablico da Bahia A Justi\u00e7a determinou que um plano de ordenamento seja estabelecido para","og_url":"https:\/\/brasilnoticias.org\/site\/justica-determina-que-salvador-apresente-plano-de-ordenamento-da-av-joana-angelica\/","og_site_name":"Brasil not\u00edcias","article_published_time":"2024-08-27T18:16:11+00:00","og_image":[{"width":1600,"height":752,"url":"https:\/\/brasilnoticias.org\/site\/wp-content\/uploads\/2024\/08\/154511justica-determina-que-salvador-apresente-plano-de-ordenamento-da-av-joana-angelica-3.jpg","type":"image\/jpeg"}],"author":"Reda\u00e7\u00e3o","twitter_card":"summary_large_image","twitter_misc":{"Escrito por":"Reda\u00e7\u00e3o","Tempo estimado de leitura":"1 minuto"},"schema":{"@context":"https:\/\/schema.org","@graph":[{"@type":"Article","@id":"https:\/\/brasilnoticias.org\/site\/justica-determina-que-salvador-apresente-plano-de-ordenamento-da-av-joana-angelica\/#article","isPartOf":{"@id":"https:\/\/brasilnoticias.org\/site\/justica-determina-que-salvador-apresente-plano-de-ordenamento-da-av-joana-angelica\/"},"author":{"name":"Reda\u00e7\u00e3o","@id":"https:\/\/brasilnoticias.org\/site\/#\/schema\/person\/03bbbfe6c7634ad18c26444ea39049fa"},"headline":"Justi\u00e7a determina que Salvador apresente plano de ordenamento da Av. Joana Ang\u00e9lica","datePublished":"2024-08-27T18:16:11+00:00","mainEntityOfPage":{"@id":"https:\/\/brasilnoticias.org\/site\/justica-determina-que-salvador-apresente-plano-de-ordenamento-da-av-joana-angelica\/"},"wordCount":243,"commentCount":0,"publisher":{"@id":"https:\/\/brasilnoticias.org\/site\/#organization"},"image":{"@id":"https:\/\/brasilnoticias.org\/site\/justica-determina-que-salvador-apresente-plano-de-ordenamento-da-av-joana-angelica\/#primaryimage"},"thumbnailUrl":"https:\/\/brasilnoticias.org\/site\/wp-content\/uploads\/2024\/08\/154511justica-determina-que-salvador-apresente-plano-de-ordenamento-da-av-joana-angelica-3.jpg","articleSection":["Justi\u00e7a","\u00daltimas"],"inLanguage":"pt-PT","potentialAction":[{"@type":"CommentAction","name":"Comment","target":["https:\/\/brasilnoticias.org\/site\/justica-determina-que-salvador-apresente-plano-de-ordenamento-da-av-joana-angelica\/#respond"]}]},{"@type":"WebPage","@id":"https:\/\/brasilnoticias.org\/site\/justica-determina-que-salvador-apresente-plano-de-ordenamento-da-av-joana-angelica\/","url":"https:\/\/brasilnoticias.org\/site\/justica-determina-que-salvador-apresente-plano-de-ordenamento-da-av-joana-angelica\/","name":"Justi\u00e7a determina que Salvador apresente plano de ordenamento da Av. Joana Ang\u00e9lica - Brasil not\u00edcias","isPartOf":{"@id":"https:\/\/brasilnoticias.org\/site\/#website"},"primaryImageOfPage":{"@id":"https:\/\/brasilnoticias.org\/site\/justica-determina-que-salvador-apresente-plano-de-ordenamento-da-av-joana-angelica\/#primaryimage"},"image":{"@id":"https:\/\/brasilnoticias.org\/site\/justica-determina-que-salvador-apresente-plano-de-ordenamento-da-av-joana-angelica\/#primaryimage"},"thumbnailUrl":"https:\/\/brasilnoticias.org\/site\/wp-content\/uploads\/2024\/08\/154511justica-determina-que-salvador-apresente-plano-de-ordenamento-da-av-joana-angelica-3.jpg","datePublished":"2024-08-27T18:16:11+00:00","breadcrumb":{"@id":"https:\/\/brasilnoticias.org\/site\/justica-determina-que-salvador-apresente-plano-de-ordenamento-da-av-joana-angelica\/#breadcrumb"},"inLanguage":"pt-PT","potentialAction":[{"@type":"ReadAction","target":["https:\/\/brasilnoticias.org\/site\/justica-determina-que-salvador-apresente-plano-de-ordenamento-da-av-joana-angelica\/"]}]},{"@type":"ImageObject","inLanguage":"pt-PT","@id":"https:\/\/brasilnoticias.org\/site\/justica-determina-que-salvador-apresente-plano-de-ordenamento-da-av-joana-angelica\/#primaryimage","url":"https:\/\/brasilnoticias.org\/site\/wp-content\/uploads\/2024\/08\/154511justica-determina-que-salvador-apresente-plano-de-ordenamento-da-av-joana-angelica-3.jpg","contentUrl":"https:\/\/brasilnoticias.org\/site\/wp-content\/uploads\/2024\/08\/154511justica-determina-que-salvador-apresente-plano-de-ordenamento-da-av-joana-angelica-3.jpg","width":1600,"height":752},{"@type":"BreadcrumbList","@id":"https:\/\/brasilnoticias.org\/site\/justica-determina-que-salvador-apresente-plano-de-ordenamento-da-av-joana-angelica\/#breadcrumb","itemListElement":[{"@type":"ListItem","position":1,"name":"In\u00edcio","item":"https:\/\/brasilnoticias.org\/site\/"},{"@type":"ListItem","position":2,"name":"Justi\u00e7a determina que Salvador apresente plano de ordenamento da Av. Joana Ang\u00e9lica"}]},{"@type":"WebSite","@id":"https:\/\/brasilnoticias.org\/site\/#website","url":"https:\/\/brasilnoticias.org\/site\/","name":"Brasil not\u00edcias","description":"Brasil not\u00edcias","publisher":{"@id":"https:\/\/brasilnoticias.org\/site\/#organization"},"potentialAction":[{"@type":"SearchAction","target":{"@type":"EntryPoint","urlTemplate":"https:\/\/brasilnoticias.org\/site\/?s={search_term_string}"},"query-input":{"@type":"PropertyValueSpecification","valueRequired":true,"valueName":"search_term_string"}}],"inLanguage":"pt-PT"},{"@type":"Organization","@id":"https:\/\/brasilnoticias.org\/site\/#organization","name":"Brasil not\u00edcias","url":"https:\/\/brasilnoticias.org\/site\/","logo":{"@type":"ImageObject","inLanguage":"pt-PT","@id":"https:\/\/brasilnoticias.org\/site\/#\/schema\/logo\/image\/","url":"https:\/\/brasilnoticias.org\/site\/wp-content\/uploads\/2022\/05\/cropped-brasilnoticias-mini.jpg","contentUrl":"https:\/\/brasilnoticias.org\/site\/wp-content\/uploads\/2022\/05\/cropped-brasilnoticias-mini.jpg","width":314,"height":86,"caption":"Brasil not\u00edcias"},"image":{"@id":"https:\/\/brasilnoticias.org\/site\/#\/schema\/logo\/image\/"}},{"@type":"Person","@id":"https:\/\/brasilnoticias.org\/site\/#\/schema\/person\/03bbbfe6c7634ad18c26444ea39049fa","name":"Reda\u00e7\u00e3o","image":{"@type":"ImageObject","inLanguage":"pt-PT","@id":"https:\/\/brasilnoticias.org\/site\/#\/schema\/person\/image\/","url":"https:\/\/secure.gravatar.com\/avatar\/9ecaf7327a696cb23ad926fedded5f1f04d7049de9e445375d55b48c001a6e42?s=96&d=mm&r=g","contentUrl":"https:\/\/secure.gravatar.com\/avatar\/9ecaf7327a696cb23ad926fedded5f1f04d7049de9e445375d55b48c001a6e42?s=96&d=mm&r=g","caption":"Reda\u00e7\u00e3o"},"url":"https:\/\/brasilnoticias.org\/site\/author\/henrique\/"}]}},"_links":{"self":[{"href":"https:\/\/brasilnoticias.org\/site\/wp-json\/wp\/v2\/posts\/15734","targetHints":{"allow":["GET"]}}],"collection":[{"href":"https:\/\/brasilnoticias.org\/site\/wp-json\/wp\/v2\/posts"}],"about":[{"href":"https:\/\/brasilnoticias.org\/site\/wp-json\/wp\/v2\/types\/post"}],"author":[{"embeddable":true,"href":"https:\/\/brasilnoticias.org\/site\/wp-json\/wp\/v2\/users\/4"}],"replies":[{"embeddable":true,"href":"https:\/\/brasilnoticias.org\/site\/wp-json\/wp\/v2\/comments?post=15734"}],"version-history":[{"count":2,"href":"https:\/\/brasilnoticias.org\/site\/wp-json\/wp\/v2\/posts\/15734\/revisions"}],"predecessor-version":[{"id":15737,"href":"https:\/\/brasilnoticias.org\/site\/wp-json\/wp\/v2\/posts\/15734\/revisions\/15737"}],"wp:featuredmedia":[{"embeddable":true,"href":"https:\/\/brasilnoticias.org\/site\/wp-json\/wp\/v2\/media\/15735"}],"wp:attachment":[{"href":"https:\/\/brasilnoticias.org\/site\/wp-json\/wp\/v2\/media?parent=15734"}],"wp:term":[{"taxonomy":"category","embeddable":true,"href":"https:\/\/brasilnoticias.org\/site\/wp-json\/wp\/v2\/categories?post=15734"},{"taxonomy":"post_tag","embeddable":true,"href":"https:\/\/brasilnoticias.org\/site\/wp-json\/wp\/v2\/tags?post=15734"}],"curies":[{"name":"wp","href":"https:\/\/api.w.org\/{rel}","templated":true}]}}