{"id":15761,"date":"2024-08-29T10:00:07","date_gmt":"2024-08-29T13:00:07","guid":{"rendered":"https:\/\/brasilnoticias.org\/site\/?p=15761"},"modified":"2024-08-29T10:00:07","modified_gmt":"2024-08-29T13:00:07","slug":"pablo-marcal-precisa-ter-a-candidatura-cassada-dispara-kleber-rosa-ao-pontuar-que-boulos-esta-sendo-vitima-de-fake-news","status":"publish","type":"post","link":"https:\/\/brasilnoticias.org\/site\/pablo-marcal-precisa-ter-a-candidatura-cassada-dispara-kleber-rosa-ao-pontuar-que-boulos-esta-sendo-vitima-de-fake-news\/","title":{"rendered":"&#8220;Pablo Mar\u00e7al precisa ter a candidatura cassada&#8221;, dispara Kleber Rosa, ao pontuar que Boulos est\u00e1 sendo &#8220;v\u00edtima de fake news&#8221;"},"content":{"rendered":"<p>O candidato a prefeito de Salvador, Kleber Rosa (PSOL), publicou nas suas redes sociais um v\u00eddeo em que pede a cassa\u00e7\u00e3o da candidatura de Pablo Mar\u00e7al (PRTB) \u00e0 prefeitura de S\u00e3o Paulo, ap\u00f3s o prefeitur\u00e1vel espalhar fake news contra o seu oponente, Guilherme Boulos (PSOL).<\/p>\n<p>Kleber Rosa prestou apoio ao deputado federal Guilherme Boulos (PSOL) diante da &#8220;estrat\u00e9gia desonesta&#8221; da campanha eleitoral de Mar\u00e7al em tentar incrimin\u00e1-lo falsamente. \u201c Ele tem criado uma situa\u00e7\u00e3o de baixo n\u00edvel de acusa\u00e7\u00f5es caluniosas em todo o processo eleitoral tentando atingir nosso candidato na sua honra. Repudiamos veementemente a postura de Pablo Mar\u00e7al. Ele precisa ter a candidatura cassada. Todo apoio a Guilherme Boulos\u201d, disparou o candidato \u00e0 prefeitura de Salvador.<\/p>\n<p>Rosa ainda destacou sua indigna\u00e7\u00e3o diante da &#8220;postura&#8221; de ACM Neto, ex-prefeito de Salvador, que mostrou-se favor\u00e1vel \u00e0s atitudes de Mar\u00e7al. \u201cQuero, inclusive, lamentar a posi\u00e7\u00e3o de ACM Neto, que saiu em defesa de Pablo Mar\u00e7al, demonstrando o quanto ele tamb\u00e9m \u00e9 oportunista e est\u00e1 comprometido com o bolsonarismo e com toda essa onda de viol\u00eancia que tem acontecido nos processos eleitorais\u201d, frisou o prefeitur\u00e1vel. <\/p>\n<p>Mar\u00e7al acusou Boulos de fazer uso de subst\u00e2ncias il\u00edcitas, depois de ser confrontado sobre a liga\u00e7\u00e3o de membros de seu partido com o Primeiro Comando da Capital (PCC), bem como de sua condena\u00e7\u00e3o por fraude banc\u00e1ria. A press\u00e3o sobre Pablo Mar\u00e7al iniciou ap\u00f3s um v\u00eddeo da candidata Tabata Amaral (PSB) expor as correntes de rela\u00e7\u00f5es do candidato e como ele est\u00e1 interligado \u00e0 organiza\u00e7\u00e3o criminosa, levando o p\u00fablico e a m\u00eddia a darem destaque sobre o assunto. <\/p>\n<p>Em resposta, Mar\u00e7al, que ficou tecnicamente empatado com Boulos em um levantamento realizado pelo Datafolha, o atacou, afirmando que Guilherme \u00e9 usu\u00e1rio de coca\u00edna, na tentativa de \u201cabafar\u201d a pol\u00eamica envolvendo seu nome e de descredibilizar seu oponente com a dissemina\u00e7\u00e3o de informa\u00e7\u00f5es falsas, t\u00e1tica muito utilizada pelo bolsonarismo. <\/p>\n<p>Foto: Luan Guerra<\/p>\n","protected":false},"excerpt":{"rendered":"<p>O candidato a prefeito de Salvador, Kleber Rosa (PSOL), publicou nas suas redes sociais um v\u00eddeo em que pede a<\/p>\n","protected":false},"author":4,"featured_media":15762,"comment_status":"open","ping_status":"open","sticky":false,"template":"","format":"standard","meta":{"colormag_page_container_layout":"default_layout","colormag_page_sidebar_layout":"default_layout","_FSMCFIC_featured_image_caption":"","_FSMCFIC_featured_image_nocaption":"","_FSMCFIC_featured_image_hide":"","footnotes":""},"categories":[2,1],"tags":[],"class_list":["post-15761","post","type-post","status-publish","format-standard","has-post-thumbnail","hentry","category-noticias","category-ultimas"],"yoast_head":"<!-- This site is optimized with the Yoast SEO plugin v27.1.1 - https:\/\/yoast.com\/product\/yoast-seo-wordpress\/ -->\n<title>&quot;Pablo Mar\u00e7al precisa ter a candidatura cassada&quot;, dispara Kleber Rosa, ao pontuar que Boulos est\u00e1 sendo &quot;v\u00edtima de fake news&quot; - Brasil not\u00edcias<\/title>\n<meta name=\"robots\" content=\"index, follow, max-snippet:-1, max-image-preview:large, max-video-preview:-1\" \/>\n<link rel=\"canonical\" href=\"https:\/\/brasilnoticias.org\/site\/pablo-marcal-precisa-ter-a-candidatura-cassada-dispara-kleber-rosa-ao-pontuar-que-boulos-esta-sendo-vitima-de-fake-news\/\" \/>\n<meta property=\"og:locale\" content=\"pt_PT\" \/>\n<meta property=\"og:type\" content=\"article\" \/>\n<meta property=\"og:title\" content=\"&quot;Pablo Mar\u00e7al precisa ter a candidatura cassada&quot;, dispara Kleber Rosa, ao pontuar que Boulos est\u00e1 sendo &quot;v\u00edtima de fake news&quot; - Brasil not\u00edcias\" \/>\n<meta property=\"og:description\" content=\"O candidato a prefeito de Salvador, Kleber Rosa (PSOL), publicou nas suas redes sociais um v\u00eddeo em que pede a\" \/>\n<meta property=\"og:url\" content=\"https:\/\/brasilnoticias.org\/site\/pablo-marcal-precisa-ter-a-candidatura-cassada-dispara-kleber-rosa-ao-pontuar-que-boulos-esta-sendo-vitima-de-fake-news\/\" \/>\n<meta property=\"og:site_name\" content=\"Brasil not\u00edcias\" \/>\n<meta property=\"article:published_time\" content=\"2024-08-29T13:00:07+00:00\" \/>\n<meta property=\"og:image\" content=\"https:\/\/brasilnoticias.org\/site\/wp-content\/uploads\/2024\/08\/IMAGEM_NOTICIA_0-3-4.jpg\" \/>\n\t<meta property=\"og:image:width\" content=\"850\" \/>\n\t<meta property=\"og:image:height\" content=\"400\" \/>\n\t<meta property=\"og:image:type\" content=\"image\/jpeg\" \/>\n<meta name=\"author\" content=\"Reda\u00e7\u00e3o\" \/>\n<meta name=\"twitter:card\" content=\"summary_large_image\" \/>\n<meta name=\"twitter:label1\" content=\"Escrito por\" \/>\n\t<meta name=\"twitter:data1\" content=\"Reda\u00e7\u00e3o\" \/>\n\t<meta name=\"twitter:label2\" content=\"Tempo estimado de leitura\" \/>\n\t<meta name=\"twitter:data2\" content=\"1 minuto\" \/>\n<script type=\"application\/ld+json\" class=\"yoast-schema-graph\">{\"@context\":\"https:\/\/schema.org\",\"@graph\":[{\"@type\":\"Article\",\"@id\":\"https:\/\/brasilnoticias.org\/site\/pablo-marcal-precisa-ter-a-candidatura-cassada-dispara-kleber-rosa-ao-pontuar-que-boulos-esta-sendo-vitima-de-fake-news\/#article\",\"isPartOf\":{\"@id\":\"https:\/\/brasilnoticias.org\/site\/pablo-marcal-precisa-ter-a-candidatura-cassada-dispara-kleber-rosa-ao-pontuar-que-boulos-esta-sendo-vitima-de-fake-news\/\"},\"author\":{\"name\":\"Reda\u00e7\u00e3o\",\"@id\":\"https:\/\/brasilnoticias.org\/site\/#\/schema\/person\/03bbbfe6c7634ad18c26444ea39049fa\"},\"headline\":\"&#8220;Pablo Mar\u00e7al precisa ter a candidatura cassada&#8221;, dispara Kleber Rosa, ao pontuar que Boulos est\u00e1 sendo &#8220;v\u00edtima de fake news&#8221;\",\"datePublished\":\"2024-08-29T13:00:07+00:00\",\"mainEntityOfPage\":{\"@id\":\"https:\/\/brasilnoticias.org\/site\/pablo-marcal-precisa-ter-a-candidatura-cassada-dispara-kleber-rosa-ao-pontuar-que-boulos-esta-sendo-vitima-de-fake-news\/\"},\"wordCount\":369,\"commentCount\":0,\"publisher\":{\"@id\":\"https:\/\/brasilnoticias.org\/site\/#organization\"},\"image\":{\"@id\":\"https:\/\/brasilnoticias.org\/site\/pablo-marcal-precisa-ter-a-candidatura-cassada-dispara-kleber-rosa-ao-pontuar-que-boulos-esta-sendo-vitima-de-fake-news\/#primaryimage\"},\"thumbnailUrl\":\"https:\/\/brasilnoticias.org\/site\/wp-content\/uploads\/2024\/08\/IMAGEM_NOTICIA_0-3-4.jpg\",\"articleSection\":[\"Not\u00edcias\",\"\u00daltimas\"],\"inLanguage\":\"pt-PT\",\"potentialAction\":[{\"@type\":\"CommentAction\",\"name\":\"Comment\",\"target\":[\"https:\/\/brasilnoticias.org\/site\/pablo-marcal-precisa-ter-a-candidatura-cassada-dispara-kleber-rosa-ao-pontuar-que-boulos-esta-sendo-vitima-de-fake-news\/#respond\"]}]},{\"@type\":\"WebPage\",\"@id\":\"https:\/\/brasilnoticias.org\/site\/pablo-marcal-precisa-ter-a-candidatura-cassada-dispara-kleber-rosa-ao-pontuar-que-boulos-esta-sendo-vitima-de-fake-news\/\",\"url\":\"https:\/\/brasilnoticias.org\/site\/pablo-marcal-precisa-ter-a-candidatura-cassada-dispara-kleber-rosa-ao-pontuar-que-boulos-esta-sendo-vitima-de-fake-news\/\",\"name\":\"\\\"Pablo Mar\u00e7al precisa ter a candidatura cassada\\\", dispara Kleber Rosa, ao pontuar que Boulos est\u00e1 sendo \\\"v\u00edtima de fake news\\\" - Brasil not\u00edcias\",\"isPartOf\":{\"@id\":\"https:\/\/brasilnoticias.org\/site\/#website\"},\"primaryImageOfPage\":{\"@id\":\"https:\/\/brasilnoticias.org\/site\/pablo-marcal-precisa-ter-a-candidatura-cassada-dispara-kleber-rosa-ao-pontuar-que-boulos-esta-sendo-vitima-de-fake-news\/#primaryimage\"},\"image\":{\"@id\":\"https:\/\/brasilnoticias.org\/site\/pablo-marcal-precisa-ter-a-candidatura-cassada-dispara-kleber-rosa-ao-pontuar-que-boulos-esta-sendo-vitima-de-fake-news\/#primaryimage\"},\"thumbnailUrl\":\"https:\/\/brasilnoticias.org\/site\/wp-content\/uploads\/2024\/08\/IMAGEM_NOTICIA_0-3-4.jpg\",\"datePublished\":\"2024-08-29T13:00:07+00:00\",\"breadcrumb\":{\"@id\":\"https:\/\/brasilnoticias.org\/site\/pablo-marcal-precisa-ter-a-candidatura-cassada-dispara-kleber-rosa-ao-pontuar-que-boulos-esta-sendo-vitima-de-fake-news\/#breadcrumb\"},\"inLanguage\":\"pt-PT\",\"potentialAction\":[{\"@type\":\"ReadAction\",\"target\":[\"https:\/\/brasilnoticias.org\/site\/pablo-marcal-precisa-ter-a-candidatura-cassada-dispara-kleber-rosa-ao-pontuar-que-boulos-esta-sendo-vitima-de-fake-news\/\"]}]},{\"@type\":\"ImageObject\",\"inLanguage\":\"pt-PT\",\"@id\":\"https:\/\/brasilnoticias.org\/site\/pablo-marcal-precisa-ter-a-candidatura-cassada-dispara-kleber-rosa-ao-pontuar-que-boulos-esta-sendo-vitima-de-fake-news\/#primaryimage\",\"url\":\"https:\/\/brasilnoticias.org\/site\/wp-content\/uploads\/2024\/08\/IMAGEM_NOTICIA_0-3-4.jpg\",\"contentUrl\":\"https:\/\/brasilnoticias.org\/site\/wp-content\/uploads\/2024\/08\/IMAGEM_NOTICIA_0-3-4.jpg\",\"width\":850,\"height\":400},{\"@type\":\"BreadcrumbList\",\"@id\":\"https:\/\/brasilnoticias.org\/site\/pablo-marcal-precisa-ter-a-candidatura-cassada-dispara-kleber-rosa-ao-pontuar-que-boulos-esta-sendo-vitima-de-fake-news\/#breadcrumb\",\"itemListElement\":[{\"@type\":\"ListItem\",\"position\":1,\"name\":\"In\u00edcio\",\"item\":\"https:\/\/brasilnoticias.org\/site\/\"},{\"@type\":\"ListItem\",\"position\":2,\"name\":\"&#8220;Pablo Mar\u00e7al precisa ter a candidatura cassada&#8221;, dispara Kleber Rosa, ao pontuar que Boulos est\u00e1 sendo &#8220;v\u00edtima de fake news&#8221;\"}]},{\"@type\":\"WebSite\",\"@id\":\"https:\/\/brasilnoticias.org\/site\/#website\",\"url\":\"https:\/\/brasilnoticias.org\/site\/\",\"name\":\"Brasil not\u00edcias\",\"description\":\"Brasil not\u00edcias\",\"publisher\":{\"@id\":\"https:\/\/brasilnoticias.org\/site\/#organization\"},\"potentialAction\":[{\"@type\":\"SearchAction\",\"target\":{\"@type\":\"EntryPoint\",\"urlTemplate\":\"https:\/\/brasilnoticias.org\/site\/?s={search_term_string}\"},\"query-input\":{\"@type\":\"PropertyValueSpecification\",\"valueRequired\":true,\"valueName\":\"search_term_string\"}}],\"inLanguage\":\"pt-PT\"},{\"@type\":\"Organization\",\"@id\":\"https:\/\/brasilnoticias.org\/site\/#organization\",\"name\":\"Brasil not\u00edcias\",\"url\":\"https:\/\/brasilnoticias.org\/site\/\",\"logo\":{\"@type\":\"ImageObject\",\"inLanguage\":\"pt-PT\",\"@id\":\"https:\/\/brasilnoticias.org\/site\/#\/schema\/logo\/image\/\",\"url\":\"https:\/\/brasilnoticias.org\/site\/wp-content\/uploads\/2022\/05\/cropped-brasilnoticias-mini.jpg\",\"contentUrl\":\"https:\/\/brasilnoticias.org\/site\/wp-content\/uploads\/2022\/05\/cropped-brasilnoticias-mini.jpg\",\"width\":314,\"height\":86,\"caption\":\"Brasil not\u00edcias\"},\"image\":{\"@id\":\"https:\/\/brasilnoticias.org\/site\/#\/schema\/logo\/image\/\"}},{\"@type\":\"Person\",\"@id\":\"https:\/\/brasilnoticias.org\/site\/#\/schema\/person\/03bbbfe6c7634ad18c26444ea39049fa\",\"name\":\"Reda\u00e7\u00e3o\",\"image\":{\"@type\":\"ImageObject\",\"inLanguage\":\"pt-PT\",\"@id\":\"https:\/\/brasilnoticias.org\/site\/#\/schema\/person\/image\/\",\"url\":\"https:\/\/secure.gravatar.com\/avatar\/9ecaf7327a696cb23ad926fedded5f1f04d7049de9e445375d55b48c001a6e42?s=96&d=mm&r=g\",\"contentUrl\":\"https:\/\/secure.gravatar.com\/avatar\/9ecaf7327a696cb23ad926fedded5f1f04d7049de9e445375d55b48c001a6e42?s=96&d=mm&r=g\",\"caption\":\"Reda\u00e7\u00e3o\"},\"url\":\"https:\/\/brasilnoticias.org\/site\/author\/henrique\/\"}]}<\/script>\n<!-- \/ Yoast SEO plugin. -->","yoast_head_json":{"title":"\"Pablo Mar\u00e7al precisa ter a candidatura cassada\", dispara Kleber Rosa, ao pontuar que Boulos est\u00e1 sendo \"v\u00edtima de fake news\" - Brasil not\u00edcias","robots":{"index":"index","follow":"follow","max-snippet":"max-snippet:-1","max-image-preview":"max-image-preview:large","max-video-preview":"max-video-preview:-1"},"canonical":"https:\/\/brasilnoticias.org\/site\/pablo-marcal-precisa-ter-a-candidatura-cassada-dispara-kleber-rosa-ao-pontuar-que-boulos-esta-sendo-vitima-de-fake-news\/","og_locale":"pt_PT","og_type":"article","og_title":"\"Pablo Mar\u00e7al precisa ter a candidatura cassada\", dispara Kleber Rosa, ao pontuar que Boulos est\u00e1 sendo \"v\u00edtima de fake news\" - Brasil not\u00edcias","og_description":"O candidato a prefeito de Salvador, Kleber Rosa (PSOL), publicou nas suas redes sociais um v\u00eddeo em que pede a","og_url":"https:\/\/brasilnoticias.org\/site\/pablo-marcal-precisa-ter-a-candidatura-cassada-dispara-kleber-rosa-ao-pontuar-que-boulos-esta-sendo-vitima-de-fake-news\/","og_site_name":"Brasil not\u00edcias","article_published_time":"2024-08-29T13:00:07+00:00","og_image":[{"width":850,"height":400,"url":"https:\/\/brasilnoticias.org\/site\/wp-content\/uploads\/2024\/08\/IMAGEM_NOTICIA_0-3-4.jpg","type":"image\/jpeg"}],"author":"Reda\u00e7\u00e3o","twitter_card":"summary_large_image","twitter_misc":{"Escrito por":"Reda\u00e7\u00e3o","Tempo estimado de leitura":"1 minuto"},"schema":{"@context":"https:\/\/schema.org","@graph":[{"@type":"Article","@id":"https:\/\/brasilnoticias.org\/site\/pablo-marcal-precisa-ter-a-candidatura-cassada-dispara-kleber-rosa-ao-pontuar-que-boulos-esta-sendo-vitima-de-fake-news\/#article","isPartOf":{"@id":"https:\/\/brasilnoticias.org\/site\/pablo-marcal-precisa-ter-a-candidatura-cassada-dispara-kleber-rosa-ao-pontuar-que-boulos-esta-sendo-vitima-de-fake-news\/"},"author":{"name":"Reda\u00e7\u00e3o","@id":"https:\/\/brasilnoticias.org\/site\/#\/schema\/person\/03bbbfe6c7634ad18c26444ea39049fa"},"headline":"&#8220;Pablo Mar\u00e7al precisa ter a candidatura cassada&#8221;, dispara Kleber Rosa, ao pontuar que Boulos est\u00e1 sendo &#8220;v\u00edtima de fake news&#8221;","datePublished":"2024-08-29T13:00:07+00:00","mainEntityOfPage":{"@id":"https:\/\/brasilnoticias.org\/site\/pablo-marcal-precisa-ter-a-candidatura-cassada-dispara-kleber-rosa-ao-pontuar-que-boulos-esta-sendo-vitima-de-fake-news\/"},"wordCount":369,"commentCount":0,"publisher":{"@id":"https:\/\/brasilnoticias.org\/site\/#organization"},"image":{"@id":"https:\/\/brasilnoticias.org\/site\/pablo-marcal-precisa-ter-a-candidatura-cassada-dispara-kleber-rosa-ao-pontuar-que-boulos-esta-sendo-vitima-de-fake-news\/#primaryimage"},"thumbnailUrl":"https:\/\/brasilnoticias.org\/site\/wp-content\/uploads\/2024\/08\/IMAGEM_NOTICIA_0-3-4.jpg","articleSection":["Not\u00edcias","\u00daltimas"],"inLanguage":"pt-PT","potentialAction":[{"@type":"CommentAction","name":"Comment","target":["https:\/\/brasilnoticias.org\/site\/pablo-marcal-precisa-ter-a-candidatura-cassada-dispara-kleber-rosa-ao-pontuar-que-boulos-esta-sendo-vitima-de-fake-news\/#respond"]}]},{"@type":"WebPage","@id":"https:\/\/brasilnoticias.org\/site\/pablo-marcal-precisa-ter-a-candidatura-cassada-dispara-kleber-rosa-ao-pontuar-que-boulos-esta-sendo-vitima-de-fake-news\/","url":"https:\/\/brasilnoticias.org\/site\/pablo-marcal-precisa-ter-a-candidatura-cassada-dispara-kleber-rosa-ao-pontuar-que-boulos-esta-sendo-vitima-de-fake-news\/","name":"\"Pablo Mar\u00e7al precisa ter a candidatura cassada\", dispara Kleber Rosa, ao pontuar que Boulos est\u00e1 sendo \"v\u00edtima de fake news\" - Brasil not\u00edcias","isPartOf":{"@id":"https:\/\/brasilnoticias.org\/site\/#website"},"primaryImageOfPage":{"@id":"https:\/\/brasilnoticias.org\/site\/pablo-marcal-precisa-ter-a-candidatura-cassada-dispara-kleber-rosa-ao-pontuar-que-boulos-esta-sendo-vitima-de-fake-news\/#primaryimage"},"image":{"@id":"https:\/\/brasilnoticias.org\/site\/pablo-marcal-precisa-ter-a-candidatura-cassada-dispara-kleber-rosa-ao-pontuar-que-boulos-esta-sendo-vitima-de-fake-news\/#primaryimage"},"thumbnailUrl":"https:\/\/brasilnoticias.org\/site\/wp-content\/uploads\/2024\/08\/IMAGEM_NOTICIA_0-3-4.jpg","datePublished":"2024-08-29T13:00:07+00:00","breadcrumb":{"@id":"https:\/\/brasilnoticias.org\/site\/pablo-marcal-precisa-ter-a-candidatura-cassada-dispara-kleber-rosa-ao-pontuar-que-boulos-esta-sendo-vitima-de-fake-news\/#breadcrumb"},"inLanguage":"pt-PT","potentialAction":[{"@type":"ReadAction","target":["https:\/\/brasilnoticias.org\/site\/pablo-marcal-precisa-ter-a-candidatura-cassada-dispara-kleber-rosa-ao-pontuar-que-boulos-esta-sendo-vitima-de-fake-news\/"]}]},{"@type":"ImageObject","inLanguage":"pt-PT","@id":"https:\/\/brasilnoticias.org\/site\/pablo-marcal-precisa-ter-a-candidatura-cassada-dispara-kleber-rosa-ao-pontuar-que-boulos-esta-sendo-vitima-de-fake-news\/#primaryimage","url":"https:\/\/brasilnoticias.org\/site\/wp-content\/uploads\/2024\/08\/IMAGEM_NOTICIA_0-3-4.jpg","contentUrl":"https:\/\/brasilnoticias.org\/site\/wp-content\/uploads\/2024\/08\/IMAGEM_NOTICIA_0-3-4.jpg","width":850,"height":400},{"@type":"BreadcrumbList","@id":"https:\/\/brasilnoticias.org\/site\/pablo-marcal-precisa-ter-a-candidatura-cassada-dispara-kleber-rosa-ao-pontuar-que-boulos-esta-sendo-vitima-de-fake-news\/#breadcrumb","itemListElement":[{"@type":"ListItem","position":1,"name":"In\u00edcio","item":"https:\/\/brasilnoticias.org\/site\/"},{"@type":"ListItem","position":2,"name":"&#8220;Pablo Mar\u00e7al precisa ter a candidatura cassada&#8221;, dispara Kleber Rosa, ao pontuar que Boulos est\u00e1 sendo &#8220;v\u00edtima de fake news&#8221;"}]},{"@type":"WebSite","@id":"https:\/\/brasilnoticias.org\/site\/#website","url":"https:\/\/brasilnoticias.org\/site\/","name":"Brasil not\u00edcias","description":"Brasil not\u00edcias","publisher":{"@id":"https:\/\/brasilnoticias.org\/site\/#organization"},"potentialAction":[{"@type":"SearchAction","target":{"@type":"EntryPoint","urlTemplate":"https:\/\/brasilnoticias.org\/site\/?s={search_term_string}"},"query-input":{"@type":"PropertyValueSpecification","valueRequired":true,"valueName":"search_term_string"}}],"inLanguage":"pt-PT"},{"@type":"Organization","@id":"https:\/\/brasilnoticias.org\/site\/#organization","name":"Brasil not\u00edcias","url":"https:\/\/brasilnoticias.org\/site\/","logo":{"@type":"ImageObject","inLanguage":"pt-PT","@id":"https:\/\/brasilnoticias.org\/site\/#\/schema\/logo\/image\/","url":"https:\/\/brasilnoticias.org\/site\/wp-content\/uploads\/2022\/05\/cropped-brasilnoticias-mini.jpg","contentUrl":"https:\/\/brasilnoticias.org\/site\/wp-content\/uploads\/2022\/05\/cropped-brasilnoticias-mini.jpg","width":314,"height":86,"caption":"Brasil not\u00edcias"},"image":{"@id":"https:\/\/brasilnoticias.org\/site\/#\/schema\/logo\/image\/"}},{"@type":"Person","@id":"https:\/\/brasilnoticias.org\/site\/#\/schema\/person\/03bbbfe6c7634ad18c26444ea39049fa","name":"Reda\u00e7\u00e3o","image":{"@type":"ImageObject","inLanguage":"pt-PT","@id":"https:\/\/brasilnoticias.org\/site\/#\/schema\/person\/image\/","url":"https:\/\/secure.gravatar.com\/avatar\/9ecaf7327a696cb23ad926fedded5f1f04d7049de9e445375d55b48c001a6e42?s=96&d=mm&r=g","contentUrl":"https:\/\/secure.gravatar.com\/avatar\/9ecaf7327a696cb23ad926fedded5f1f04d7049de9e445375d55b48c001a6e42?s=96&d=mm&r=g","caption":"Reda\u00e7\u00e3o"},"url":"https:\/\/brasilnoticias.org\/site\/author\/henrique\/"}]}},"_links":{"self":[{"href":"https:\/\/brasilnoticias.org\/site\/wp-json\/wp\/v2\/posts\/15761","targetHints":{"allow":["GET"]}}],"collection":[{"href":"https:\/\/brasilnoticias.org\/site\/wp-json\/wp\/v2\/posts"}],"about":[{"href":"https:\/\/brasilnoticias.org\/site\/wp-json\/wp\/v2\/types\/post"}],"author":[{"embeddable":true,"href":"https:\/\/brasilnoticias.org\/site\/wp-json\/wp\/v2\/users\/4"}],"replies":[{"embeddable":true,"href":"https:\/\/brasilnoticias.org\/site\/wp-json\/wp\/v2\/comments?post=15761"}],"version-history":[{"count":1,"href":"https:\/\/brasilnoticias.org\/site\/wp-json\/wp\/v2\/posts\/15761\/revisions"}],"predecessor-version":[{"id":15763,"href":"https:\/\/brasilnoticias.org\/site\/wp-json\/wp\/v2\/posts\/15761\/revisions\/15763"}],"wp:featuredmedia":[{"embeddable":true,"href":"https:\/\/brasilnoticias.org\/site\/wp-json\/wp\/v2\/media\/15762"}],"wp:attachment":[{"href":"https:\/\/brasilnoticias.org\/site\/wp-json\/wp\/v2\/media?parent=15761"}],"wp:term":[{"taxonomy":"category","embeddable":true,"href":"https:\/\/brasilnoticias.org\/site\/wp-json\/wp\/v2\/categories?post=15761"},{"taxonomy":"post_tag","embeddable":true,"href":"https:\/\/brasilnoticias.org\/site\/wp-json\/wp\/v2\/tags?post=15761"}],"curies":[{"name":"wp","href":"https:\/\/api.w.org\/{rel}","templated":true}]}}