{"id":15773,"date":"2024-08-29T10:34:02","date_gmt":"2024-08-29T13:34:02","guid":{"rendered":"https:\/\/brasilnoticias.org\/site\/?p=15773"},"modified":"2024-08-29T10:34:02","modified_gmt":"2024-08-29T13:34:02","slug":"travessia-para-mar-grande-e-suspensa-devido-mau-tempo","status":"publish","type":"post","link":"https:\/\/brasilnoticias.org\/site\/travessia-para-mar-grande-e-suspensa-devido-mau-tempo\/","title":{"rendered":"Travessia para Mar Grande \u00e9 suspensa devido mau tempo"},"content":{"rendered":"<p>Ventos fortes e mar agitado suspendem a Travessia Salvador-Mar Grande]<\/p>\n<p>Devido aos fortes ventos, a Travessia Salvador-Mar Grande foi suspensa \u00e0s 5h30 desta quinta-feira (29), segundo a Associa\u00e7\u00e3o dos Transportadores Mar\u00edtimos da Bahia (Astramab). As escunas de turismo que fazem o passeio pelas ilhas tamb\u00e9m n\u00e3o est\u00e3o operando.<\/p>\n<p>A Travessia Salvador-Morro de S\u00e3o Paulo opera com conex\u00e3o em Itaparica. Com conex\u00e3o, os passageiros s\u00e3o transportados nos catamar\u00e3s do Terminal N\u00e1utico at\u00e9 Itaparica, de onde seguem de \u00f4nibus dos operadores at\u00e9 a Ponta do Curral (Valen\u00e7a) e fazem a pequena travessia at\u00e9 o Morro em lanchas. As sa\u00eddas acontecem \u00e0s 10h30, saindo de Salvador e saindo de Morro de S\u00e3o Paulo, \u00e0s 11h30 e 14h.<\/p>\n<p>De acordo com a Astramab, al\u00e9m da condi\u00e7\u00e3o desfavor\u00e1vel para navega\u00e7\u00e3o, a forte ressaca no Terminal de Vera Cruz, na Ilha de Itaparica, dificultava a atraca\u00e7\u00e3o das embarca\u00e7\u00f5es.<\/p>\n<p>Foto: Ulgo Oliveira\/Seinfra<br \/>\nPor: Metro1<\/p>\n","protected":false},"excerpt":{"rendered":"<p>Ventos fortes e mar agitado suspendem a Travessia Salvador-Mar Grande] Devido aos fortes ventos, a Travessia Salvador-Mar Grande foi suspensa<\/p>\n","protected":false},"author":4,"featured_media":15774,"comment_status":"open","ping_status":"open","sticky":false,"template":"","format":"standard","meta":{"colormag_page_container_layout":"default_layout","colormag_page_sidebar_layout":"default_layout","_FSMCFIC_featured_image_caption":"","_FSMCFIC_featured_image_nocaption":"","_FSMCFIC_featured_image_hide":"","footnotes":""},"categories":[2,1],"tags":[],"class_list":["post-15773","post","type-post","status-publish","format-standard","has-post-thumbnail","hentry","category-noticias","category-ultimas"],"yoast_head":"<!-- This site is optimized with the Yoast SEO plugin v27.1.1 - https:\/\/yoast.com\/product\/yoast-seo-wordpress\/ -->\n<title>Travessia para Mar Grande \u00e9 suspensa devido mau tempo - Brasil not\u00edcias<\/title>\n<meta name=\"robots\" content=\"index, follow, max-snippet:-1, max-image-preview:large, max-video-preview:-1\" \/>\n<link rel=\"canonical\" href=\"https:\/\/brasilnoticias.org\/site\/travessia-para-mar-grande-e-suspensa-devido-mau-tempo\/\" \/>\n<meta property=\"og:locale\" content=\"pt_PT\" \/>\n<meta property=\"og:type\" content=\"article\" \/>\n<meta property=\"og:title\" content=\"Travessia para Mar Grande \u00e9 suspensa devido mau tempo - Brasil not\u00edcias\" \/>\n<meta property=\"og:description\" content=\"Ventos fortes e mar agitado suspendem a Travessia Salvador-Mar Grande] Devido aos fortes ventos, a Travessia Salvador-Mar Grande foi suspensa\" \/>\n<meta property=\"og:url\" content=\"https:\/\/brasilnoticias.org\/site\/travessia-para-mar-grande-e-suspensa-devido-mau-tempo\/\" \/>\n<meta property=\"og:site_name\" content=\"Brasil not\u00edcias\" \/>\n<meta property=\"article:published_time\" content=\"2024-08-29T13:34:02+00:00\" \/>\n<meta property=\"og:image\" content=\"https:\/\/brasilnoticias.org\/site\/wp-content\/uploads\/2024\/08\/154579travessia-para-mar-grande-e-suspensa-devido-mau-tempo-3.jpg\" \/>\n\t<meta property=\"og:image:width\" content=\"1600\" \/>\n\t<meta property=\"og:image:height\" content=\"752\" \/>\n\t<meta property=\"og:image:type\" content=\"image\/jpeg\" \/>\n<meta name=\"author\" content=\"Reda\u00e7\u00e3o\" \/>\n<meta name=\"twitter:card\" content=\"summary_large_image\" \/>\n<meta name=\"twitter:label1\" content=\"Escrito por\" \/>\n\t<meta name=\"twitter:data1\" content=\"Reda\u00e7\u00e3o\" \/>\n\t<meta name=\"twitter:label2\" content=\"Tempo estimado de leitura\" \/>\n\t<meta name=\"twitter:data2\" content=\"1 minuto\" \/>\n<script type=\"application\/ld+json\" class=\"yoast-schema-graph\">{\"@context\":\"https:\/\/schema.org\",\"@graph\":[{\"@type\":\"Article\",\"@id\":\"https:\/\/brasilnoticias.org\/site\/travessia-para-mar-grande-e-suspensa-devido-mau-tempo\/#article\",\"isPartOf\":{\"@id\":\"https:\/\/brasilnoticias.org\/site\/travessia-para-mar-grande-e-suspensa-devido-mau-tempo\/\"},\"author\":{\"name\":\"Reda\u00e7\u00e3o\",\"@id\":\"https:\/\/brasilnoticias.org\/site\/#\/schema\/person\/03bbbfe6c7634ad18c26444ea39049fa\"},\"headline\":\"Travessia para Mar Grande \u00e9 suspensa devido mau tempo\",\"datePublished\":\"2024-08-29T13:34:02+00:00\",\"mainEntityOfPage\":{\"@id\":\"https:\/\/brasilnoticias.org\/site\/travessia-para-mar-grande-e-suspensa-devido-mau-tempo\/\"},\"wordCount\":175,\"commentCount\":0,\"publisher\":{\"@id\":\"https:\/\/brasilnoticias.org\/site\/#organization\"},\"image\":{\"@id\":\"https:\/\/brasilnoticias.org\/site\/travessia-para-mar-grande-e-suspensa-devido-mau-tempo\/#primaryimage\"},\"thumbnailUrl\":\"https:\/\/brasilnoticias.org\/site\/wp-content\/uploads\/2024\/08\/154579travessia-para-mar-grande-e-suspensa-devido-mau-tempo-3.jpg\",\"articleSection\":[\"Not\u00edcias\",\"\u00daltimas\"],\"inLanguage\":\"pt-PT\",\"potentialAction\":[{\"@type\":\"CommentAction\",\"name\":\"Comment\",\"target\":[\"https:\/\/brasilnoticias.org\/site\/travessia-para-mar-grande-e-suspensa-devido-mau-tempo\/#respond\"]}]},{\"@type\":\"WebPage\",\"@id\":\"https:\/\/brasilnoticias.org\/site\/travessia-para-mar-grande-e-suspensa-devido-mau-tempo\/\",\"url\":\"https:\/\/brasilnoticias.org\/site\/travessia-para-mar-grande-e-suspensa-devido-mau-tempo\/\",\"name\":\"Travessia para Mar Grande \u00e9 suspensa devido mau tempo - Brasil not\u00edcias\",\"isPartOf\":{\"@id\":\"https:\/\/brasilnoticias.org\/site\/#website\"},\"primaryImageOfPage\":{\"@id\":\"https:\/\/brasilnoticias.org\/site\/travessia-para-mar-grande-e-suspensa-devido-mau-tempo\/#primaryimage\"},\"image\":{\"@id\":\"https:\/\/brasilnoticias.org\/site\/travessia-para-mar-grande-e-suspensa-devido-mau-tempo\/#primaryimage\"},\"thumbnailUrl\":\"https:\/\/brasilnoticias.org\/site\/wp-content\/uploads\/2024\/08\/154579travessia-para-mar-grande-e-suspensa-devido-mau-tempo-3.jpg\",\"datePublished\":\"2024-08-29T13:34:02+00:00\",\"breadcrumb\":{\"@id\":\"https:\/\/brasilnoticias.org\/site\/travessia-para-mar-grande-e-suspensa-devido-mau-tempo\/#breadcrumb\"},\"inLanguage\":\"pt-PT\",\"potentialAction\":[{\"@type\":\"ReadAction\",\"target\":[\"https:\/\/brasilnoticias.org\/site\/travessia-para-mar-grande-e-suspensa-devido-mau-tempo\/\"]}]},{\"@type\":\"ImageObject\",\"inLanguage\":\"pt-PT\",\"@id\":\"https:\/\/brasilnoticias.org\/site\/travessia-para-mar-grande-e-suspensa-devido-mau-tempo\/#primaryimage\",\"url\":\"https:\/\/brasilnoticias.org\/site\/wp-content\/uploads\/2024\/08\/154579travessia-para-mar-grande-e-suspensa-devido-mau-tempo-3.jpg\",\"contentUrl\":\"https:\/\/brasilnoticias.org\/site\/wp-content\/uploads\/2024\/08\/154579travessia-para-mar-grande-e-suspensa-devido-mau-tempo-3.jpg\",\"width\":1600,\"height\":752},{\"@type\":\"BreadcrumbList\",\"@id\":\"https:\/\/brasilnoticias.org\/site\/travessia-para-mar-grande-e-suspensa-devido-mau-tempo\/#breadcrumb\",\"itemListElement\":[{\"@type\":\"ListItem\",\"position\":1,\"name\":\"In\u00edcio\",\"item\":\"https:\/\/brasilnoticias.org\/site\/\"},{\"@type\":\"ListItem\",\"position\":2,\"name\":\"Travessia para Mar Grande \u00e9 suspensa devido mau tempo\"}]},{\"@type\":\"WebSite\",\"@id\":\"https:\/\/brasilnoticias.org\/site\/#website\",\"url\":\"https:\/\/brasilnoticias.org\/site\/\",\"name\":\"Brasil not\u00edcias\",\"description\":\"Brasil not\u00edcias\",\"publisher\":{\"@id\":\"https:\/\/brasilnoticias.org\/site\/#organization\"},\"potentialAction\":[{\"@type\":\"SearchAction\",\"target\":{\"@type\":\"EntryPoint\",\"urlTemplate\":\"https:\/\/brasilnoticias.org\/site\/?s={search_term_string}\"},\"query-input\":{\"@type\":\"PropertyValueSpecification\",\"valueRequired\":true,\"valueName\":\"search_term_string\"}}],\"inLanguage\":\"pt-PT\"},{\"@type\":\"Organization\",\"@id\":\"https:\/\/brasilnoticias.org\/site\/#organization\",\"name\":\"Brasil not\u00edcias\",\"url\":\"https:\/\/brasilnoticias.org\/site\/\",\"logo\":{\"@type\":\"ImageObject\",\"inLanguage\":\"pt-PT\",\"@id\":\"https:\/\/brasilnoticias.org\/site\/#\/schema\/logo\/image\/\",\"url\":\"https:\/\/brasilnoticias.org\/site\/wp-content\/uploads\/2022\/05\/cropped-brasilnoticias-mini.jpg\",\"contentUrl\":\"https:\/\/brasilnoticias.org\/site\/wp-content\/uploads\/2022\/05\/cropped-brasilnoticias-mini.jpg\",\"width\":314,\"height\":86,\"caption\":\"Brasil not\u00edcias\"},\"image\":{\"@id\":\"https:\/\/brasilnoticias.org\/site\/#\/schema\/logo\/image\/\"}},{\"@type\":\"Person\",\"@id\":\"https:\/\/brasilnoticias.org\/site\/#\/schema\/person\/03bbbfe6c7634ad18c26444ea39049fa\",\"name\":\"Reda\u00e7\u00e3o\",\"image\":{\"@type\":\"ImageObject\",\"inLanguage\":\"pt-PT\",\"@id\":\"https:\/\/brasilnoticias.org\/site\/#\/schema\/person\/image\/\",\"url\":\"https:\/\/secure.gravatar.com\/avatar\/9ecaf7327a696cb23ad926fedded5f1f04d7049de9e445375d55b48c001a6e42?s=96&d=mm&r=g\",\"contentUrl\":\"https:\/\/secure.gravatar.com\/avatar\/9ecaf7327a696cb23ad926fedded5f1f04d7049de9e445375d55b48c001a6e42?s=96&d=mm&r=g\",\"caption\":\"Reda\u00e7\u00e3o\"},\"url\":\"https:\/\/brasilnoticias.org\/site\/author\/henrique\/\"}]}<\/script>\n<!-- \/ Yoast SEO plugin. -->","yoast_head_json":{"title":"Travessia para Mar Grande \u00e9 suspensa devido mau tempo - Brasil not\u00edcias","robots":{"index":"index","follow":"follow","max-snippet":"max-snippet:-1","max-image-preview":"max-image-preview:large","max-video-preview":"max-video-preview:-1"},"canonical":"https:\/\/brasilnoticias.org\/site\/travessia-para-mar-grande-e-suspensa-devido-mau-tempo\/","og_locale":"pt_PT","og_type":"article","og_title":"Travessia para Mar Grande \u00e9 suspensa devido mau tempo - Brasil not\u00edcias","og_description":"Ventos fortes e mar agitado suspendem a Travessia Salvador-Mar Grande] Devido aos fortes ventos, a Travessia Salvador-Mar Grande foi suspensa","og_url":"https:\/\/brasilnoticias.org\/site\/travessia-para-mar-grande-e-suspensa-devido-mau-tempo\/","og_site_name":"Brasil not\u00edcias","article_published_time":"2024-08-29T13:34:02+00:00","og_image":[{"width":1600,"height":752,"url":"https:\/\/brasilnoticias.org\/site\/wp-content\/uploads\/2024\/08\/154579travessia-para-mar-grande-e-suspensa-devido-mau-tempo-3.jpg","type":"image\/jpeg"}],"author":"Reda\u00e7\u00e3o","twitter_card":"summary_large_image","twitter_misc":{"Escrito por":"Reda\u00e7\u00e3o","Tempo estimado de leitura":"1 minuto"},"schema":{"@context":"https:\/\/schema.org","@graph":[{"@type":"Article","@id":"https:\/\/brasilnoticias.org\/site\/travessia-para-mar-grande-e-suspensa-devido-mau-tempo\/#article","isPartOf":{"@id":"https:\/\/brasilnoticias.org\/site\/travessia-para-mar-grande-e-suspensa-devido-mau-tempo\/"},"author":{"name":"Reda\u00e7\u00e3o","@id":"https:\/\/brasilnoticias.org\/site\/#\/schema\/person\/03bbbfe6c7634ad18c26444ea39049fa"},"headline":"Travessia para Mar Grande \u00e9 suspensa devido mau tempo","datePublished":"2024-08-29T13:34:02+00:00","mainEntityOfPage":{"@id":"https:\/\/brasilnoticias.org\/site\/travessia-para-mar-grande-e-suspensa-devido-mau-tempo\/"},"wordCount":175,"commentCount":0,"publisher":{"@id":"https:\/\/brasilnoticias.org\/site\/#organization"},"image":{"@id":"https:\/\/brasilnoticias.org\/site\/travessia-para-mar-grande-e-suspensa-devido-mau-tempo\/#primaryimage"},"thumbnailUrl":"https:\/\/brasilnoticias.org\/site\/wp-content\/uploads\/2024\/08\/154579travessia-para-mar-grande-e-suspensa-devido-mau-tempo-3.jpg","articleSection":["Not\u00edcias","\u00daltimas"],"inLanguage":"pt-PT","potentialAction":[{"@type":"CommentAction","name":"Comment","target":["https:\/\/brasilnoticias.org\/site\/travessia-para-mar-grande-e-suspensa-devido-mau-tempo\/#respond"]}]},{"@type":"WebPage","@id":"https:\/\/brasilnoticias.org\/site\/travessia-para-mar-grande-e-suspensa-devido-mau-tempo\/","url":"https:\/\/brasilnoticias.org\/site\/travessia-para-mar-grande-e-suspensa-devido-mau-tempo\/","name":"Travessia para Mar Grande \u00e9 suspensa devido mau tempo - Brasil not\u00edcias","isPartOf":{"@id":"https:\/\/brasilnoticias.org\/site\/#website"},"primaryImageOfPage":{"@id":"https:\/\/brasilnoticias.org\/site\/travessia-para-mar-grande-e-suspensa-devido-mau-tempo\/#primaryimage"},"image":{"@id":"https:\/\/brasilnoticias.org\/site\/travessia-para-mar-grande-e-suspensa-devido-mau-tempo\/#primaryimage"},"thumbnailUrl":"https:\/\/brasilnoticias.org\/site\/wp-content\/uploads\/2024\/08\/154579travessia-para-mar-grande-e-suspensa-devido-mau-tempo-3.jpg","datePublished":"2024-08-29T13:34:02+00:00","breadcrumb":{"@id":"https:\/\/brasilnoticias.org\/site\/travessia-para-mar-grande-e-suspensa-devido-mau-tempo\/#breadcrumb"},"inLanguage":"pt-PT","potentialAction":[{"@type":"ReadAction","target":["https:\/\/brasilnoticias.org\/site\/travessia-para-mar-grande-e-suspensa-devido-mau-tempo\/"]}]},{"@type":"ImageObject","inLanguage":"pt-PT","@id":"https:\/\/brasilnoticias.org\/site\/travessia-para-mar-grande-e-suspensa-devido-mau-tempo\/#primaryimage","url":"https:\/\/brasilnoticias.org\/site\/wp-content\/uploads\/2024\/08\/154579travessia-para-mar-grande-e-suspensa-devido-mau-tempo-3.jpg","contentUrl":"https:\/\/brasilnoticias.org\/site\/wp-content\/uploads\/2024\/08\/154579travessia-para-mar-grande-e-suspensa-devido-mau-tempo-3.jpg","width":1600,"height":752},{"@type":"BreadcrumbList","@id":"https:\/\/brasilnoticias.org\/site\/travessia-para-mar-grande-e-suspensa-devido-mau-tempo\/#breadcrumb","itemListElement":[{"@type":"ListItem","position":1,"name":"In\u00edcio","item":"https:\/\/brasilnoticias.org\/site\/"},{"@type":"ListItem","position":2,"name":"Travessia para Mar Grande \u00e9 suspensa devido mau tempo"}]},{"@type":"WebSite","@id":"https:\/\/brasilnoticias.org\/site\/#website","url":"https:\/\/brasilnoticias.org\/site\/","name":"Brasil not\u00edcias","description":"Brasil not\u00edcias","publisher":{"@id":"https:\/\/brasilnoticias.org\/site\/#organization"},"potentialAction":[{"@type":"SearchAction","target":{"@type":"EntryPoint","urlTemplate":"https:\/\/brasilnoticias.org\/site\/?s={search_term_string}"},"query-input":{"@type":"PropertyValueSpecification","valueRequired":true,"valueName":"search_term_string"}}],"inLanguage":"pt-PT"},{"@type":"Organization","@id":"https:\/\/brasilnoticias.org\/site\/#organization","name":"Brasil not\u00edcias","url":"https:\/\/brasilnoticias.org\/site\/","logo":{"@type":"ImageObject","inLanguage":"pt-PT","@id":"https:\/\/brasilnoticias.org\/site\/#\/schema\/logo\/image\/","url":"https:\/\/brasilnoticias.org\/site\/wp-content\/uploads\/2022\/05\/cropped-brasilnoticias-mini.jpg","contentUrl":"https:\/\/brasilnoticias.org\/site\/wp-content\/uploads\/2022\/05\/cropped-brasilnoticias-mini.jpg","width":314,"height":86,"caption":"Brasil not\u00edcias"},"image":{"@id":"https:\/\/brasilnoticias.org\/site\/#\/schema\/logo\/image\/"}},{"@type":"Person","@id":"https:\/\/brasilnoticias.org\/site\/#\/schema\/person\/03bbbfe6c7634ad18c26444ea39049fa","name":"Reda\u00e7\u00e3o","image":{"@type":"ImageObject","inLanguage":"pt-PT","@id":"https:\/\/brasilnoticias.org\/site\/#\/schema\/person\/image\/","url":"https:\/\/secure.gravatar.com\/avatar\/9ecaf7327a696cb23ad926fedded5f1f04d7049de9e445375d55b48c001a6e42?s=96&d=mm&r=g","contentUrl":"https:\/\/secure.gravatar.com\/avatar\/9ecaf7327a696cb23ad926fedded5f1f04d7049de9e445375d55b48c001a6e42?s=96&d=mm&r=g","caption":"Reda\u00e7\u00e3o"},"url":"https:\/\/brasilnoticias.org\/site\/author\/henrique\/"}]}},"_links":{"self":[{"href":"https:\/\/brasilnoticias.org\/site\/wp-json\/wp\/v2\/posts\/15773","targetHints":{"allow":["GET"]}}],"collection":[{"href":"https:\/\/brasilnoticias.org\/site\/wp-json\/wp\/v2\/posts"}],"about":[{"href":"https:\/\/brasilnoticias.org\/site\/wp-json\/wp\/v2\/types\/post"}],"author":[{"embeddable":true,"href":"https:\/\/brasilnoticias.org\/site\/wp-json\/wp\/v2\/users\/4"}],"replies":[{"embeddable":true,"href":"https:\/\/brasilnoticias.org\/site\/wp-json\/wp\/v2\/comments?post=15773"}],"version-history":[{"count":1,"href":"https:\/\/brasilnoticias.org\/site\/wp-json\/wp\/v2\/posts\/15773\/revisions"}],"predecessor-version":[{"id":15775,"href":"https:\/\/brasilnoticias.org\/site\/wp-json\/wp\/v2\/posts\/15773\/revisions\/15775"}],"wp:featuredmedia":[{"embeddable":true,"href":"https:\/\/brasilnoticias.org\/site\/wp-json\/wp\/v2\/media\/15774"}],"wp:attachment":[{"href":"https:\/\/brasilnoticias.org\/site\/wp-json\/wp\/v2\/media?parent=15773"}],"wp:term":[{"taxonomy":"category","embeddable":true,"href":"https:\/\/brasilnoticias.org\/site\/wp-json\/wp\/v2\/categories?post=15773"},{"taxonomy":"post_tag","embeddable":true,"href":"https:\/\/brasilnoticias.org\/site\/wp-json\/wp\/v2\/tags?post=15773"}],"curies":[{"name":"wp","href":"https:\/\/api.w.org\/{rel}","templated":true}]}}