{"id":15779,"date":"2024-09-01T16:47:53","date_gmt":"2024-09-01T19:47:53","guid":{"rendered":"https:\/\/brasilnoticias.org\/site\/?p=15779"},"modified":"2024-09-01T16:47:53","modified_gmt":"2024-09-01T19:47:53","slug":"bruno-reis-elenca-investimentos-no-suburbio-e-destaca-obras-do-mane-dende-cco-e-teleferico","status":"publish","type":"post","link":"https:\/\/brasilnoticias.org\/site\/bruno-reis-elenca-investimentos-no-suburbio-e-destaca-obras-do-mane-dende-cco-e-teleferico\/","title":{"rendered":"Bruno Reis elenca investimentos no Sub\u00farbio e destaca obras do Man\u00e9 Dend\u00ea, CCO e telef\u00e9rico"},"content":{"rendered":"<p>O prefeito de Salvador e candidato \u00e0 reelei\u00e7\u00e3o, Bruno Reis (Uni\u00e3o Brasil), destacou na noite deste s\u00e1bado (31) os investimentos hist\u00f3ricos realizados por sua gest\u00e3o na regi\u00e3o do Sub\u00farbio Ferrovi\u00e1rio ao longo dos \u00faltimos anos. Ele citou o projeto Man\u00e9 Dend\u00ea, maior obra da hist\u00f3ria da capital baiana, e o Centro de Controle de Opera\u00e7\u00f5es (CCO), que j\u00e1 teve a ordem de servi\u00e7o assinada para in\u00edcio das interven\u00e7\u00f5es. <\/p>\n<p>Al\u00e9m disso, o candidato da coliga\u00e7\u00e3o \u201cO Trabalho N\u00e3o Para\u201d destacou que, se reeleito, pretende implantar na regi\u00e3o o telef\u00e9rico, que vai melhorar a mobilidade para a popula\u00e7\u00e3o do Sub\u00farbio. Durante lan\u00e7amento da candidatura de um postulante \u00e0 C\u00e2mara Municipal, Bruno tamb\u00e9m lembrou como era a cidade antes da gest\u00e3o do ex-prefeito ACM Neto (Uni\u00e3o Brasil) e disse que quer vencer as elei\u00e7\u00f5es para garantir que as conquistas dos \u00faltimos anos sejam mantidas e que a cidade n\u00e3o retroceda. <\/p>\n<p>\u201cEsse grupo que j\u00e1 governou a cidade no passado agora quer voltar. Voc\u00eas lembram como era a Salvador l\u00e1 atr\u00e1s? Cidade destru\u00edda, esburacada, sem ilumina\u00e7\u00e3o, nem o lixo essa galera tirava da rua. Nem tapavam os buracos, deixaram a prefeitura falida, quebrada. Voc\u00eas n\u00e3o imaginam, gente, quantas noites de sono n\u00f3s perdemos, Ana, eu, Neto, nossa equipe. Nos dedicamos pra chegar at\u00e9 aqui. N\u00e3o foi um caminho f\u00e1cil\u201d, afirmou. <\/p>\n<p>Um dos projetos citados por Bruno \u00e9 o Novo Man\u00e9 Dend\u00ea, cujas obras beneficiam diretamente 10 mil habitantes e outros 35 mil de forma indireta nos bairros de Alto da Terezinha, Itacaranha, Plataforma, Rio Sena e Ilha Amarela. O objetivo \u00e9 contribuir para a melhoria do bem-estar econ\u00f4mico e da qualidade de vida da popula\u00e7\u00e3o que reside pr\u00f3ximo \u00e0 Bacia do Rio Man\u00e9 Dend\u00ea, nas esferas econ\u00f4mica, social e de sa\u00fade, atrav\u00e9s de iniciativa sustent\u00e1vel das condi\u00e7\u00f5es socioambientais e de urbaniza\u00e7\u00e3o.<\/p>\n<p>\u201cAqui no sub\u00farbio tem duas grandes obras que estamos executando. O projeto Man\u00e9 Dend\u00ea e o Centro de Controle de Opera\u00e7\u00f5es da Prefeitura, ali na chegada do Lobato. Na pr\u00e1tica, n\u00f3s vamos trazer a Prefeitura aqui para o Sub\u00farbio, para o lado de voc\u00eas, que \u00e9 quem mais precisa do nosso trabalho. Ali vai ter a base operacional da Defesa Civil, do Samu, vai ter a base do centro de controle de opera\u00e7\u00f5es do tr\u00e2nsito, transporte, da Guarda Municipal para ajudar no enfrentamento da inseguran\u00e7a. A\u00ed a gente vai enxergar a cidade em tempo real\u201d, acrescentou. <\/p>\n<p>Na regi\u00e3o do Sub\u00farbio, a gest\u00e3o de Bruno Reis investiu na constru\u00e7\u00e3o de novas escolas, na implanta\u00e7\u00e3o de unidades de sa\u00fade, na requalifica\u00e7\u00e3o de vias, como a avenida Suburbana, al\u00e9m da urbaniza\u00e7\u00e3o de diversas localidades. Na lista ainda est\u00e3o milhares de casas reformadas pelo programa Morar Melhor e a implanta\u00e7\u00e3o do restaurante popular de Fazenda Coutos. <\/p>\n<p>\u201cTenho grandes projetos para tirar do papel. Grandes sonhos que n\u00f3s queremos realizar. N\u00f3s vamos construir um telef\u00e9rico para ligar Praia Grande, aqui do lado, a Alto da Terezinha, Piraj\u00e1 e Campinas de Piraj\u00e1. N\u00f3s vamos levar as pessoas do Sub\u00farbio at\u00e9 o metr\u00f4\u201d, salientou o prefeito. <\/p>\n<p>Ele ainda salientou a rela\u00e7\u00e3o de confian\u00e7a e proximidade que construiu com a popula\u00e7\u00e3o de Salvador nos \u00faltimos anos. \u201cTalvez eu nem precisasse dizer a voc\u00eas o que n\u00f3s vamos fazer, porque voc\u00eas confiam em mim. Eu n\u00e3o estou chegando aqui agora em v\u00e9spera de elei\u00e7\u00e3o para mentir. Aqui est\u00e1 algu\u00e9m que voc\u00eas se acostumaram nos \u00faltimos anos a ver trabalhando, a ver aqui de forma permanente\u201d, frisou.<\/p>\n","protected":false},"excerpt":{"rendered":"<p>O prefeito de Salvador e candidato \u00e0 reelei\u00e7\u00e3o, Bruno Reis (Uni\u00e3o Brasil), destacou na noite deste s\u00e1bado (31) os investimentos<\/p>\n","protected":false},"author":4,"featured_media":15780,"comment_status":"open","ping_status":"open","sticky":false,"template":"","format":"standard","meta":{"colormag_page_container_layout":"default_layout","colormag_page_sidebar_layout":"default_layout","_FSMCFIC_featured_image_caption":"","_FSMCFIC_featured_image_nocaption":"","_FSMCFIC_featured_image_hide":"","footnotes":""},"categories":[5,1],"tags":[],"class_list":["post-15779","post","type-post","status-publish","format-standard","has-post-thumbnail","hentry","category-politica","category-ultimas"],"yoast_head":"<!-- This site is optimized with the Yoast SEO plugin v27.1.1 - https:\/\/yoast.com\/product\/yoast-seo-wordpress\/ -->\n<title>Bruno Reis elenca investimentos no Sub\u00farbio e destaca obras do Man\u00e9 Dend\u00ea, CCO e telef\u00e9rico - Brasil not\u00edcias<\/title>\n<meta name=\"robots\" content=\"index, follow, max-snippet:-1, max-image-preview:large, max-video-preview:-1\" \/>\n<link rel=\"canonical\" href=\"https:\/\/brasilnoticias.org\/site\/bruno-reis-elenca-investimentos-no-suburbio-e-destaca-obras-do-mane-dende-cco-e-teleferico\/\" \/>\n<meta property=\"og:locale\" content=\"pt_PT\" \/>\n<meta property=\"og:type\" content=\"article\" \/>\n<meta property=\"og:title\" content=\"Bruno Reis elenca investimentos no Sub\u00farbio e destaca obras do Man\u00e9 Dend\u00ea, CCO e telef\u00e9rico - Brasil not\u00edcias\" \/>\n<meta property=\"og:description\" content=\"O prefeito de Salvador e candidato \u00e0 reelei\u00e7\u00e3o, Bruno Reis (Uni\u00e3o Brasil), destacou na noite deste s\u00e1bado (31) os investimentos\" \/>\n<meta property=\"og:url\" content=\"https:\/\/brasilnoticias.org\/site\/bruno-reis-elenca-investimentos-no-suburbio-e-destaca-obras-do-mane-dende-cco-e-teleferico\/\" \/>\n<meta property=\"og:site_name\" content=\"Brasil not\u00edcias\" \/>\n<meta property=\"article:published_time\" content=\"2024-09-01T19:47:53+00:00\" \/>\n<meta property=\"og:image\" content=\"https:\/\/brasilnoticias.org\/site\/wp-content\/uploads\/2024\/09\/IMAGEM_NOTICIA_0.jpg\" \/>\n\t<meta property=\"og:image:width\" content=\"850\" \/>\n\t<meta property=\"og:image:height\" content=\"400\" \/>\n\t<meta property=\"og:image:type\" content=\"image\/jpeg\" \/>\n<meta name=\"author\" content=\"Reda\u00e7\u00e3o\" \/>\n<meta name=\"twitter:card\" content=\"summary_large_image\" \/>\n<meta name=\"twitter:label1\" content=\"Escrito por\" \/>\n\t<meta name=\"twitter:data1\" content=\"Reda\u00e7\u00e3o\" \/>\n\t<meta name=\"twitter:label2\" content=\"Tempo estimado de leitura\" \/>\n\t<meta name=\"twitter:data2\" content=\"1 minuto\" \/>\n<script type=\"application\/ld+json\" class=\"yoast-schema-graph\">{\"@context\":\"https:\/\/schema.org\",\"@graph\":[{\"@type\":\"Article\",\"@id\":\"https:\/\/brasilnoticias.org\/site\/bruno-reis-elenca-investimentos-no-suburbio-e-destaca-obras-do-mane-dende-cco-e-teleferico\/#article\",\"isPartOf\":{\"@id\":\"https:\/\/brasilnoticias.org\/site\/bruno-reis-elenca-investimentos-no-suburbio-e-destaca-obras-do-mane-dende-cco-e-teleferico\/\"},\"author\":{\"name\":\"Reda\u00e7\u00e3o\",\"@id\":\"https:\/\/brasilnoticias.org\/site\/#\/schema\/person\/03bbbfe6c7634ad18c26444ea39049fa\"},\"headline\":\"Bruno Reis elenca investimentos no Sub\u00farbio e destaca obras do Man\u00e9 Dend\u00ea, CCO e telef\u00e9rico\",\"datePublished\":\"2024-09-01T19:47:53+00:00\",\"mainEntityOfPage\":{\"@id\":\"https:\/\/brasilnoticias.org\/site\/bruno-reis-elenca-investimentos-no-suburbio-e-destaca-obras-do-mane-dende-cco-e-teleferico\/\"},\"wordCount\":653,\"commentCount\":0,\"publisher\":{\"@id\":\"https:\/\/brasilnoticias.org\/site\/#organization\"},\"image\":{\"@id\":\"https:\/\/brasilnoticias.org\/site\/bruno-reis-elenca-investimentos-no-suburbio-e-destaca-obras-do-mane-dende-cco-e-teleferico\/#primaryimage\"},\"thumbnailUrl\":\"https:\/\/brasilnoticias.org\/site\/wp-content\/uploads\/2024\/09\/IMAGEM_NOTICIA_0.jpg\",\"articleSection\":[\"Pol\u00edtica\",\"\u00daltimas\"],\"inLanguage\":\"pt-PT\",\"potentialAction\":[{\"@type\":\"CommentAction\",\"name\":\"Comment\",\"target\":[\"https:\/\/brasilnoticias.org\/site\/bruno-reis-elenca-investimentos-no-suburbio-e-destaca-obras-do-mane-dende-cco-e-teleferico\/#respond\"]}]},{\"@type\":\"WebPage\",\"@id\":\"https:\/\/brasilnoticias.org\/site\/bruno-reis-elenca-investimentos-no-suburbio-e-destaca-obras-do-mane-dende-cco-e-teleferico\/\",\"url\":\"https:\/\/brasilnoticias.org\/site\/bruno-reis-elenca-investimentos-no-suburbio-e-destaca-obras-do-mane-dende-cco-e-teleferico\/\",\"name\":\"Bruno Reis elenca investimentos no Sub\u00farbio e destaca obras do Man\u00e9 Dend\u00ea, CCO e telef\u00e9rico - Brasil not\u00edcias\",\"isPartOf\":{\"@id\":\"https:\/\/brasilnoticias.org\/site\/#website\"},\"primaryImageOfPage\":{\"@id\":\"https:\/\/brasilnoticias.org\/site\/bruno-reis-elenca-investimentos-no-suburbio-e-destaca-obras-do-mane-dende-cco-e-teleferico\/#primaryimage\"},\"image\":{\"@id\":\"https:\/\/brasilnoticias.org\/site\/bruno-reis-elenca-investimentos-no-suburbio-e-destaca-obras-do-mane-dende-cco-e-teleferico\/#primaryimage\"},\"thumbnailUrl\":\"https:\/\/brasilnoticias.org\/site\/wp-content\/uploads\/2024\/09\/IMAGEM_NOTICIA_0.jpg\",\"datePublished\":\"2024-09-01T19:47:53+00:00\",\"breadcrumb\":{\"@id\":\"https:\/\/brasilnoticias.org\/site\/bruno-reis-elenca-investimentos-no-suburbio-e-destaca-obras-do-mane-dende-cco-e-teleferico\/#breadcrumb\"},\"inLanguage\":\"pt-PT\",\"potentialAction\":[{\"@type\":\"ReadAction\",\"target\":[\"https:\/\/brasilnoticias.org\/site\/bruno-reis-elenca-investimentos-no-suburbio-e-destaca-obras-do-mane-dende-cco-e-teleferico\/\"]}]},{\"@type\":\"ImageObject\",\"inLanguage\":\"pt-PT\",\"@id\":\"https:\/\/brasilnoticias.org\/site\/bruno-reis-elenca-investimentos-no-suburbio-e-destaca-obras-do-mane-dende-cco-e-teleferico\/#primaryimage\",\"url\":\"https:\/\/brasilnoticias.org\/site\/wp-content\/uploads\/2024\/09\/IMAGEM_NOTICIA_0.jpg\",\"contentUrl\":\"https:\/\/brasilnoticias.org\/site\/wp-content\/uploads\/2024\/09\/IMAGEM_NOTICIA_0.jpg\",\"width\":850,\"height\":400},{\"@type\":\"BreadcrumbList\",\"@id\":\"https:\/\/brasilnoticias.org\/site\/bruno-reis-elenca-investimentos-no-suburbio-e-destaca-obras-do-mane-dende-cco-e-teleferico\/#breadcrumb\",\"itemListElement\":[{\"@type\":\"ListItem\",\"position\":1,\"name\":\"In\u00edcio\",\"item\":\"https:\/\/brasilnoticias.org\/site\/\"},{\"@type\":\"ListItem\",\"position\":2,\"name\":\"Bruno Reis elenca investimentos no Sub\u00farbio e destaca obras do Man\u00e9 Dend\u00ea, CCO e telef\u00e9rico\"}]},{\"@type\":\"WebSite\",\"@id\":\"https:\/\/brasilnoticias.org\/site\/#website\",\"url\":\"https:\/\/brasilnoticias.org\/site\/\",\"name\":\"Brasil not\u00edcias\",\"description\":\"Brasil not\u00edcias\",\"publisher\":{\"@id\":\"https:\/\/brasilnoticias.org\/site\/#organization\"},\"potentialAction\":[{\"@type\":\"SearchAction\",\"target\":{\"@type\":\"EntryPoint\",\"urlTemplate\":\"https:\/\/brasilnoticias.org\/site\/?s={search_term_string}\"},\"query-input\":{\"@type\":\"PropertyValueSpecification\",\"valueRequired\":true,\"valueName\":\"search_term_string\"}}],\"inLanguage\":\"pt-PT\"},{\"@type\":\"Organization\",\"@id\":\"https:\/\/brasilnoticias.org\/site\/#organization\",\"name\":\"Brasil not\u00edcias\",\"url\":\"https:\/\/brasilnoticias.org\/site\/\",\"logo\":{\"@type\":\"ImageObject\",\"inLanguage\":\"pt-PT\",\"@id\":\"https:\/\/brasilnoticias.org\/site\/#\/schema\/logo\/image\/\",\"url\":\"https:\/\/brasilnoticias.org\/site\/wp-content\/uploads\/2022\/05\/cropped-brasilnoticias-mini.jpg\",\"contentUrl\":\"https:\/\/brasilnoticias.org\/site\/wp-content\/uploads\/2022\/05\/cropped-brasilnoticias-mini.jpg\",\"width\":314,\"height\":86,\"caption\":\"Brasil not\u00edcias\"},\"image\":{\"@id\":\"https:\/\/brasilnoticias.org\/site\/#\/schema\/logo\/image\/\"}},{\"@type\":\"Person\",\"@id\":\"https:\/\/brasilnoticias.org\/site\/#\/schema\/person\/03bbbfe6c7634ad18c26444ea39049fa\",\"name\":\"Reda\u00e7\u00e3o\",\"image\":{\"@type\":\"ImageObject\",\"inLanguage\":\"pt-PT\",\"@id\":\"https:\/\/brasilnoticias.org\/site\/#\/schema\/person\/image\/\",\"url\":\"https:\/\/secure.gravatar.com\/avatar\/9ecaf7327a696cb23ad926fedded5f1f04d7049de9e445375d55b48c001a6e42?s=96&d=mm&r=g\",\"contentUrl\":\"https:\/\/secure.gravatar.com\/avatar\/9ecaf7327a696cb23ad926fedded5f1f04d7049de9e445375d55b48c001a6e42?s=96&d=mm&r=g\",\"caption\":\"Reda\u00e7\u00e3o\"},\"url\":\"https:\/\/brasilnoticias.org\/site\/author\/henrique\/\"}]}<\/script>\n<!-- \/ Yoast SEO plugin. -->","yoast_head_json":{"title":"Bruno Reis elenca investimentos no Sub\u00farbio e destaca obras do Man\u00e9 Dend\u00ea, CCO e telef\u00e9rico - Brasil not\u00edcias","robots":{"index":"index","follow":"follow","max-snippet":"max-snippet:-1","max-image-preview":"max-image-preview:large","max-video-preview":"max-video-preview:-1"},"canonical":"https:\/\/brasilnoticias.org\/site\/bruno-reis-elenca-investimentos-no-suburbio-e-destaca-obras-do-mane-dende-cco-e-teleferico\/","og_locale":"pt_PT","og_type":"article","og_title":"Bruno Reis elenca investimentos no Sub\u00farbio e destaca obras do Man\u00e9 Dend\u00ea, CCO e telef\u00e9rico - Brasil not\u00edcias","og_description":"O prefeito de Salvador e candidato \u00e0 reelei\u00e7\u00e3o, Bruno Reis (Uni\u00e3o Brasil), destacou na noite deste s\u00e1bado (31) os investimentos","og_url":"https:\/\/brasilnoticias.org\/site\/bruno-reis-elenca-investimentos-no-suburbio-e-destaca-obras-do-mane-dende-cco-e-teleferico\/","og_site_name":"Brasil not\u00edcias","article_published_time":"2024-09-01T19:47:53+00:00","og_image":[{"width":850,"height":400,"url":"https:\/\/brasilnoticias.org\/site\/wp-content\/uploads\/2024\/09\/IMAGEM_NOTICIA_0.jpg","type":"image\/jpeg"}],"author":"Reda\u00e7\u00e3o","twitter_card":"summary_large_image","twitter_misc":{"Escrito por":"Reda\u00e7\u00e3o","Tempo estimado de leitura":"1 minuto"},"schema":{"@context":"https:\/\/schema.org","@graph":[{"@type":"Article","@id":"https:\/\/brasilnoticias.org\/site\/bruno-reis-elenca-investimentos-no-suburbio-e-destaca-obras-do-mane-dende-cco-e-teleferico\/#article","isPartOf":{"@id":"https:\/\/brasilnoticias.org\/site\/bruno-reis-elenca-investimentos-no-suburbio-e-destaca-obras-do-mane-dende-cco-e-teleferico\/"},"author":{"name":"Reda\u00e7\u00e3o","@id":"https:\/\/brasilnoticias.org\/site\/#\/schema\/person\/03bbbfe6c7634ad18c26444ea39049fa"},"headline":"Bruno Reis elenca investimentos no Sub\u00farbio e destaca obras do Man\u00e9 Dend\u00ea, CCO e telef\u00e9rico","datePublished":"2024-09-01T19:47:53+00:00","mainEntityOfPage":{"@id":"https:\/\/brasilnoticias.org\/site\/bruno-reis-elenca-investimentos-no-suburbio-e-destaca-obras-do-mane-dende-cco-e-teleferico\/"},"wordCount":653,"commentCount":0,"publisher":{"@id":"https:\/\/brasilnoticias.org\/site\/#organization"},"image":{"@id":"https:\/\/brasilnoticias.org\/site\/bruno-reis-elenca-investimentos-no-suburbio-e-destaca-obras-do-mane-dende-cco-e-teleferico\/#primaryimage"},"thumbnailUrl":"https:\/\/brasilnoticias.org\/site\/wp-content\/uploads\/2024\/09\/IMAGEM_NOTICIA_0.jpg","articleSection":["Pol\u00edtica","\u00daltimas"],"inLanguage":"pt-PT","potentialAction":[{"@type":"CommentAction","name":"Comment","target":["https:\/\/brasilnoticias.org\/site\/bruno-reis-elenca-investimentos-no-suburbio-e-destaca-obras-do-mane-dende-cco-e-teleferico\/#respond"]}]},{"@type":"WebPage","@id":"https:\/\/brasilnoticias.org\/site\/bruno-reis-elenca-investimentos-no-suburbio-e-destaca-obras-do-mane-dende-cco-e-teleferico\/","url":"https:\/\/brasilnoticias.org\/site\/bruno-reis-elenca-investimentos-no-suburbio-e-destaca-obras-do-mane-dende-cco-e-teleferico\/","name":"Bruno Reis elenca investimentos no Sub\u00farbio e destaca obras do Man\u00e9 Dend\u00ea, CCO e telef\u00e9rico - Brasil not\u00edcias","isPartOf":{"@id":"https:\/\/brasilnoticias.org\/site\/#website"},"primaryImageOfPage":{"@id":"https:\/\/brasilnoticias.org\/site\/bruno-reis-elenca-investimentos-no-suburbio-e-destaca-obras-do-mane-dende-cco-e-teleferico\/#primaryimage"},"image":{"@id":"https:\/\/brasilnoticias.org\/site\/bruno-reis-elenca-investimentos-no-suburbio-e-destaca-obras-do-mane-dende-cco-e-teleferico\/#primaryimage"},"thumbnailUrl":"https:\/\/brasilnoticias.org\/site\/wp-content\/uploads\/2024\/09\/IMAGEM_NOTICIA_0.jpg","datePublished":"2024-09-01T19:47:53+00:00","breadcrumb":{"@id":"https:\/\/brasilnoticias.org\/site\/bruno-reis-elenca-investimentos-no-suburbio-e-destaca-obras-do-mane-dende-cco-e-teleferico\/#breadcrumb"},"inLanguage":"pt-PT","potentialAction":[{"@type":"ReadAction","target":["https:\/\/brasilnoticias.org\/site\/bruno-reis-elenca-investimentos-no-suburbio-e-destaca-obras-do-mane-dende-cco-e-teleferico\/"]}]},{"@type":"ImageObject","inLanguage":"pt-PT","@id":"https:\/\/brasilnoticias.org\/site\/bruno-reis-elenca-investimentos-no-suburbio-e-destaca-obras-do-mane-dende-cco-e-teleferico\/#primaryimage","url":"https:\/\/brasilnoticias.org\/site\/wp-content\/uploads\/2024\/09\/IMAGEM_NOTICIA_0.jpg","contentUrl":"https:\/\/brasilnoticias.org\/site\/wp-content\/uploads\/2024\/09\/IMAGEM_NOTICIA_0.jpg","width":850,"height":400},{"@type":"BreadcrumbList","@id":"https:\/\/brasilnoticias.org\/site\/bruno-reis-elenca-investimentos-no-suburbio-e-destaca-obras-do-mane-dende-cco-e-teleferico\/#breadcrumb","itemListElement":[{"@type":"ListItem","position":1,"name":"In\u00edcio","item":"https:\/\/brasilnoticias.org\/site\/"},{"@type":"ListItem","position":2,"name":"Bruno Reis elenca investimentos no Sub\u00farbio e destaca obras do Man\u00e9 Dend\u00ea, CCO e telef\u00e9rico"}]},{"@type":"WebSite","@id":"https:\/\/brasilnoticias.org\/site\/#website","url":"https:\/\/brasilnoticias.org\/site\/","name":"Brasil not\u00edcias","description":"Brasil not\u00edcias","publisher":{"@id":"https:\/\/brasilnoticias.org\/site\/#organization"},"potentialAction":[{"@type":"SearchAction","target":{"@type":"EntryPoint","urlTemplate":"https:\/\/brasilnoticias.org\/site\/?s={search_term_string}"},"query-input":{"@type":"PropertyValueSpecification","valueRequired":true,"valueName":"search_term_string"}}],"inLanguage":"pt-PT"},{"@type":"Organization","@id":"https:\/\/brasilnoticias.org\/site\/#organization","name":"Brasil not\u00edcias","url":"https:\/\/brasilnoticias.org\/site\/","logo":{"@type":"ImageObject","inLanguage":"pt-PT","@id":"https:\/\/brasilnoticias.org\/site\/#\/schema\/logo\/image\/","url":"https:\/\/brasilnoticias.org\/site\/wp-content\/uploads\/2022\/05\/cropped-brasilnoticias-mini.jpg","contentUrl":"https:\/\/brasilnoticias.org\/site\/wp-content\/uploads\/2022\/05\/cropped-brasilnoticias-mini.jpg","width":314,"height":86,"caption":"Brasil not\u00edcias"},"image":{"@id":"https:\/\/brasilnoticias.org\/site\/#\/schema\/logo\/image\/"}},{"@type":"Person","@id":"https:\/\/brasilnoticias.org\/site\/#\/schema\/person\/03bbbfe6c7634ad18c26444ea39049fa","name":"Reda\u00e7\u00e3o","image":{"@type":"ImageObject","inLanguage":"pt-PT","@id":"https:\/\/brasilnoticias.org\/site\/#\/schema\/person\/image\/","url":"https:\/\/secure.gravatar.com\/avatar\/9ecaf7327a696cb23ad926fedded5f1f04d7049de9e445375d55b48c001a6e42?s=96&d=mm&r=g","contentUrl":"https:\/\/secure.gravatar.com\/avatar\/9ecaf7327a696cb23ad926fedded5f1f04d7049de9e445375d55b48c001a6e42?s=96&d=mm&r=g","caption":"Reda\u00e7\u00e3o"},"url":"https:\/\/brasilnoticias.org\/site\/author\/henrique\/"}]}},"_links":{"self":[{"href":"https:\/\/brasilnoticias.org\/site\/wp-json\/wp\/v2\/posts\/15779","targetHints":{"allow":["GET"]}}],"collection":[{"href":"https:\/\/brasilnoticias.org\/site\/wp-json\/wp\/v2\/posts"}],"about":[{"href":"https:\/\/brasilnoticias.org\/site\/wp-json\/wp\/v2\/types\/post"}],"author":[{"embeddable":true,"href":"https:\/\/brasilnoticias.org\/site\/wp-json\/wp\/v2\/users\/4"}],"replies":[{"embeddable":true,"href":"https:\/\/brasilnoticias.org\/site\/wp-json\/wp\/v2\/comments?post=15779"}],"version-history":[{"count":1,"href":"https:\/\/brasilnoticias.org\/site\/wp-json\/wp\/v2\/posts\/15779\/revisions"}],"predecessor-version":[{"id":15781,"href":"https:\/\/brasilnoticias.org\/site\/wp-json\/wp\/v2\/posts\/15779\/revisions\/15781"}],"wp:featuredmedia":[{"embeddable":true,"href":"https:\/\/brasilnoticias.org\/site\/wp-json\/wp\/v2\/media\/15780"}],"wp:attachment":[{"href":"https:\/\/brasilnoticias.org\/site\/wp-json\/wp\/v2\/media?parent=15779"}],"wp:term":[{"taxonomy":"category","embeddable":true,"href":"https:\/\/brasilnoticias.org\/site\/wp-json\/wp\/v2\/categories?post=15779"},{"taxonomy":"post_tag","embeddable":true,"href":"https:\/\/brasilnoticias.org\/site\/wp-json\/wp\/v2\/tags?post=15779"}],"curies":[{"name":"wp","href":"https:\/\/api.w.org\/{rel}","templated":true}]}}