{"id":15783,"date":"2024-09-01T17:01:20","date_gmt":"2024-09-01T20:01:20","guid":{"rendered":"https:\/\/brasilnoticias.org\/site\/?p=15783"},"modified":"2024-09-01T17:01:20","modified_gmt":"2024-09-01T20:01:20","slug":"com-pedido-de-voto-de-lula-2o-programa-de-geraldo-destaca-diferencas-entre-periferia-e-bairros-nobres-de-salvador","status":"publish","type":"post","link":"https:\/\/brasilnoticias.org\/site\/com-pedido-de-voto-de-lula-2o-programa-de-geraldo-destaca-diferencas-entre-periferia-e-bairros-nobres-de-salvador\/","title":{"rendered":"Com pedido de voto de Lula, 2\u00ba programa de Geraldo destaca diferen\u00e7as entre periferia e bairros nobres de Salvador"},"content":{"rendered":"<p>As desigualdades que marcam a capital baiana foram tema do segundo programa eleitoral gratuito da coliga\u00e7\u00e3o \u201cSalvador pra Toda Gente\u201d, que tem Geraldo J\u00fanior (MDB) e Fabya Reis (PT) como candidatos a prefeito e vice-prefeita de Salvador. O v\u00eddeo mostra a hist\u00f3ria de tr\u00eas trabalhadores e a grande diferen\u00e7a do tratamento municipal entre as \u00e1reas mais nobres e perif\u00e9ricas da cidade. A pe\u00e7a publicit\u00e1ria tamb\u00e9m  apresenta depoimento do presidente Lula e seu pedido de voto no 15. <\/p>\n<p>O jardineiro Lucas Xavier, morador de S\u00e3o Crist\u00f3v\u00e3o que trabalha em Patamares, conta as principais diferen\u00e7as entre a estrutura e os servi\u00e7os prestados pela gest\u00e3o municipal nos dois bairros. \u201cEu trabalho numa localidade de sonho e moro numa localidade de tristeza. Na minha rua \u00e9 tudo sujo, o carro de lixo s\u00f3 passa de tarde, algumas vezes n\u00e3o passa. \u00c0s vezes a gente mesmo que varre a rua\u201d, compara.<\/p>\n<p>Quem tamb\u00e9m denuncia a disparidade \u00e9 a empregada dom\u00e9stica Valdina Cruz, moradora de Boa Vista do Lobato. \u201c As cal\u00e7adas daqui s\u00e3o todas quebradas. N\u00e3o tem cal\u00e7ada certinha n\u00e3o. A limpeza, ningu\u00e9m limpa. Eu trabalho em casa de fam\u00edlia no Horto (Florestal), \u00e9 outro n\u00edvel. Tem cal\u00e7ada, tudo direitinho, tem parque, tem limpeza. A prefeitura cuida de l\u00e1 muito bem\u201d, opinou.  \u201cNa realidade \u00e9 uma Salvador que \u00e9 criada para o turista, n\u00e3o para a popula\u00e7\u00e3o. Porque se voc\u00ea vai para os pontos tur\u00edsticos, \u00e9 tudo muito lindo, mas se voc\u00ea vem para a parte perif\u00e9rica, \u00e9 s\u00f3 descaso e sofrimento, parece que voc\u00ea vive em dois mundos diferentes&#8221;, diz Tatiane Teixeira, assistente social.<\/p>\n<p>&#8220;A gente sabe que ningu\u00e9m governa sozinho. Precisamos estar juntos, trabalhando para melhorar a sua vida e a de sua fam\u00edlia. Em Salvador, vote Geraldo J\u00fanior&#8221;, diz o presidente Luiz In\u00e1cio Lula da Silva ao final do programa, que tamb\u00e9m apresentou mais um pouco sobre a trajet\u00f3ria de vida de Geraldo e Fabya Reis. <\/p>\n","protected":false},"excerpt":{"rendered":"<p>As desigualdades que marcam a capital baiana foram tema do segundo programa eleitoral gratuito da coliga\u00e7\u00e3o \u201cSalvador pra Toda Gente\u201d,<\/p>\n","protected":false},"author":4,"featured_media":15784,"comment_status":"open","ping_status":"open","sticky":false,"template":"","format":"standard","meta":{"colormag_page_container_layout":"default_layout","colormag_page_sidebar_layout":"default_layout","_FSMCFIC_featured_image_caption":"","_FSMCFIC_featured_image_nocaption":"","_FSMCFIC_featured_image_hide":"","footnotes":""},"categories":[5,1],"tags":[],"class_list":["post-15783","post","type-post","status-publish","format-standard","has-post-thumbnail","hentry","category-politica","category-ultimas"],"yoast_head":"<!-- This site is optimized with the Yoast SEO plugin v27.1.1 - https:\/\/yoast.com\/product\/yoast-seo-wordpress\/ -->\n<title>Com pedido de voto de Lula, 2\u00ba programa de Geraldo destaca diferen\u00e7as entre periferia e bairros nobres de Salvador - Brasil not\u00edcias<\/title>\n<meta name=\"robots\" content=\"index, follow, max-snippet:-1, max-image-preview:large, max-video-preview:-1\" \/>\n<link rel=\"canonical\" href=\"https:\/\/brasilnoticias.org\/site\/com-pedido-de-voto-de-lula-2o-programa-de-geraldo-destaca-diferencas-entre-periferia-e-bairros-nobres-de-salvador\/\" \/>\n<meta property=\"og:locale\" content=\"pt_PT\" \/>\n<meta property=\"og:type\" content=\"article\" \/>\n<meta property=\"og:title\" content=\"Com pedido de voto de Lula, 2\u00ba programa de Geraldo destaca diferen\u00e7as entre periferia e bairros nobres de Salvador - Brasil not\u00edcias\" \/>\n<meta property=\"og:description\" content=\"As desigualdades que marcam a capital baiana foram tema do segundo programa eleitoral gratuito da coliga\u00e7\u00e3o \u201cSalvador pra Toda Gente\u201d,\" \/>\n<meta property=\"og:url\" content=\"https:\/\/brasilnoticias.org\/site\/com-pedido-de-voto-de-lula-2o-programa-de-geraldo-destaca-diferencas-entre-periferia-e-bairros-nobres-de-salvador\/\" \/>\n<meta property=\"og:site_name\" content=\"Brasil not\u00edcias\" \/>\n<meta property=\"article:published_time\" content=\"2024-09-01T20:01:20+00:00\" \/>\n<meta property=\"og:image\" content=\"https:\/\/brasilnoticias.org\/site\/wp-content\/uploads\/2024\/09\/IMAGEM_NOTICIA_0-1.jpg\" \/>\n\t<meta property=\"og:image:width\" content=\"850\" \/>\n\t<meta property=\"og:image:height\" content=\"400\" \/>\n\t<meta property=\"og:image:type\" content=\"image\/jpeg\" \/>\n<meta name=\"author\" content=\"Reda\u00e7\u00e3o\" \/>\n<meta name=\"twitter:card\" content=\"summary_large_image\" \/>\n<meta name=\"twitter:label1\" content=\"Escrito por\" \/>\n\t<meta name=\"twitter:data1\" content=\"Reda\u00e7\u00e3o\" \/>\n\t<meta name=\"twitter:label2\" content=\"Tempo estimado de leitura\" \/>\n\t<meta name=\"twitter:data2\" content=\"1 minuto\" \/>\n<script type=\"application\/ld+json\" class=\"yoast-schema-graph\">{\"@context\":\"https:\/\/schema.org\",\"@graph\":[{\"@type\":\"Article\",\"@id\":\"https:\/\/brasilnoticias.org\/site\/com-pedido-de-voto-de-lula-2o-programa-de-geraldo-destaca-diferencas-entre-periferia-e-bairros-nobres-de-salvador\/#article\",\"isPartOf\":{\"@id\":\"https:\/\/brasilnoticias.org\/site\/com-pedido-de-voto-de-lula-2o-programa-de-geraldo-destaca-diferencas-entre-periferia-e-bairros-nobres-de-salvador\/\"},\"author\":{\"name\":\"Reda\u00e7\u00e3o\",\"@id\":\"https:\/\/brasilnoticias.org\/site\/#\/schema\/person\/03bbbfe6c7634ad18c26444ea39049fa\"},\"headline\":\"Com pedido de voto de Lula, 2\u00ba programa de Geraldo destaca diferen\u00e7as entre periferia e bairros nobres de Salvador\",\"datePublished\":\"2024-09-01T20:01:20+00:00\",\"mainEntityOfPage\":{\"@id\":\"https:\/\/brasilnoticias.org\/site\/com-pedido-de-voto-de-lula-2o-programa-de-geraldo-destaca-diferencas-entre-periferia-e-bairros-nobres-de-salvador\/\"},\"wordCount\":362,\"commentCount\":0,\"publisher\":{\"@id\":\"https:\/\/brasilnoticias.org\/site\/#organization\"},\"image\":{\"@id\":\"https:\/\/brasilnoticias.org\/site\/com-pedido-de-voto-de-lula-2o-programa-de-geraldo-destaca-diferencas-entre-periferia-e-bairros-nobres-de-salvador\/#primaryimage\"},\"thumbnailUrl\":\"https:\/\/brasilnoticias.org\/site\/wp-content\/uploads\/2024\/09\/IMAGEM_NOTICIA_0-1.jpg\",\"articleSection\":[\"Pol\u00edtica\",\"\u00daltimas\"],\"inLanguage\":\"pt-PT\",\"potentialAction\":[{\"@type\":\"CommentAction\",\"name\":\"Comment\",\"target\":[\"https:\/\/brasilnoticias.org\/site\/com-pedido-de-voto-de-lula-2o-programa-de-geraldo-destaca-diferencas-entre-periferia-e-bairros-nobres-de-salvador\/#respond\"]}]},{\"@type\":\"WebPage\",\"@id\":\"https:\/\/brasilnoticias.org\/site\/com-pedido-de-voto-de-lula-2o-programa-de-geraldo-destaca-diferencas-entre-periferia-e-bairros-nobres-de-salvador\/\",\"url\":\"https:\/\/brasilnoticias.org\/site\/com-pedido-de-voto-de-lula-2o-programa-de-geraldo-destaca-diferencas-entre-periferia-e-bairros-nobres-de-salvador\/\",\"name\":\"Com pedido de voto de Lula, 2\u00ba programa de Geraldo destaca diferen\u00e7as entre periferia e bairros nobres de Salvador - Brasil not\u00edcias\",\"isPartOf\":{\"@id\":\"https:\/\/brasilnoticias.org\/site\/#website\"},\"primaryImageOfPage\":{\"@id\":\"https:\/\/brasilnoticias.org\/site\/com-pedido-de-voto-de-lula-2o-programa-de-geraldo-destaca-diferencas-entre-periferia-e-bairros-nobres-de-salvador\/#primaryimage\"},\"image\":{\"@id\":\"https:\/\/brasilnoticias.org\/site\/com-pedido-de-voto-de-lula-2o-programa-de-geraldo-destaca-diferencas-entre-periferia-e-bairros-nobres-de-salvador\/#primaryimage\"},\"thumbnailUrl\":\"https:\/\/brasilnoticias.org\/site\/wp-content\/uploads\/2024\/09\/IMAGEM_NOTICIA_0-1.jpg\",\"datePublished\":\"2024-09-01T20:01:20+00:00\",\"breadcrumb\":{\"@id\":\"https:\/\/brasilnoticias.org\/site\/com-pedido-de-voto-de-lula-2o-programa-de-geraldo-destaca-diferencas-entre-periferia-e-bairros-nobres-de-salvador\/#breadcrumb\"},\"inLanguage\":\"pt-PT\",\"potentialAction\":[{\"@type\":\"ReadAction\",\"target\":[\"https:\/\/brasilnoticias.org\/site\/com-pedido-de-voto-de-lula-2o-programa-de-geraldo-destaca-diferencas-entre-periferia-e-bairros-nobres-de-salvador\/\"]}]},{\"@type\":\"ImageObject\",\"inLanguage\":\"pt-PT\",\"@id\":\"https:\/\/brasilnoticias.org\/site\/com-pedido-de-voto-de-lula-2o-programa-de-geraldo-destaca-diferencas-entre-periferia-e-bairros-nobres-de-salvador\/#primaryimage\",\"url\":\"https:\/\/brasilnoticias.org\/site\/wp-content\/uploads\/2024\/09\/IMAGEM_NOTICIA_0-1.jpg\",\"contentUrl\":\"https:\/\/brasilnoticias.org\/site\/wp-content\/uploads\/2024\/09\/IMAGEM_NOTICIA_0-1.jpg\",\"width\":850,\"height\":400},{\"@type\":\"BreadcrumbList\",\"@id\":\"https:\/\/brasilnoticias.org\/site\/com-pedido-de-voto-de-lula-2o-programa-de-geraldo-destaca-diferencas-entre-periferia-e-bairros-nobres-de-salvador\/#breadcrumb\",\"itemListElement\":[{\"@type\":\"ListItem\",\"position\":1,\"name\":\"In\u00edcio\",\"item\":\"https:\/\/brasilnoticias.org\/site\/\"},{\"@type\":\"ListItem\",\"position\":2,\"name\":\"Com pedido de voto de Lula, 2\u00ba programa de Geraldo destaca diferen\u00e7as entre periferia e bairros nobres de Salvador\"}]},{\"@type\":\"WebSite\",\"@id\":\"https:\/\/brasilnoticias.org\/site\/#website\",\"url\":\"https:\/\/brasilnoticias.org\/site\/\",\"name\":\"Brasil not\u00edcias\",\"description\":\"Brasil not\u00edcias\",\"publisher\":{\"@id\":\"https:\/\/brasilnoticias.org\/site\/#organization\"},\"potentialAction\":[{\"@type\":\"SearchAction\",\"target\":{\"@type\":\"EntryPoint\",\"urlTemplate\":\"https:\/\/brasilnoticias.org\/site\/?s={search_term_string}\"},\"query-input\":{\"@type\":\"PropertyValueSpecification\",\"valueRequired\":true,\"valueName\":\"search_term_string\"}}],\"inLanguage\":\"pt-PT\"},{\"@type\":\"Organization\",\"@id\":\"https:\/\/brasilnoticias.org\/site\/#organization\",\"name\":\"Brasil not\u00edcias\",\"url\":\"https:\/\/brasilnoticias.org\/site\/\",\"logo\":{\"@type\":\"ImageObject\",\"inLanguage\":\"pt-PT\",\"@id\":\"https:\/\/brasilnoticias.org\/site\/#\/schema\/logo\/image\/\",\"url\":\"https:\/\/brasilnoticias.org\/site\/wp-content\/uploads\/2022\/05\/cropped-brasilnoticias-mini.jpg\",\"contentUrl\":\"https:\/\/brasilnoticias.org\/site\/wp-content\/uploads\/2022\/05\/cropped-brasilnoticias-mini.jpg\",\"width\":314,\"height\":86,\"caption\":\"Brasil not\u00edcias\"},\"image\":{\"@id\":\"https:\/\/brasilnoticias.org\/site\/#\/schema\/logo\/image\/\"}},{\"@type\":\"Person\",\"@id\":\"https:\/\/brasilnoticias.org\/site\/#\/schema\/person\/03bbbfe6c7634ad18c26444ea39049fa\",\"name\":\"Reda\u00e7\u00e3o\",\"image\":{\"@type\":\"ImageObject\",\"inLanguage\":\"pt-PT\",\"@id\":\"https:\/\/brasilnoticias.org\/site\/#\/schema\/person\/image\/\",\"url\":\"https:\/\/secure.gravatar.com\/avatar\/9ecaf7327a696cb23ad926fedded5f1f04d7049de9e445375d55b48c001a6e42?s=96&d=mm&r=g\",\"contentUrl\":\"https:\/\/secure.gravatar.com\/avatar\/9ecaf7327a696cb23ad926fedded5f1f04d7049de9e445375d55b48c001a6e42?s=96&d=mm&r=g\",\"caption\":\"Reda\u00e7\u00e3o\"},\"url\":\"https:\/\/brasilnoticias.org\/site\/author\/henrique\/\"}]}<\/script>\n<!-- \/ Yoast SEO plugin. -->","yoast_head_json":{"title":"Com pedido de voto de Lula, 2\u00ba programa de Geraldo destaca diferen\u00e7as entre periferia e bairros nobres de Salvador - Brasil not\u00edcias","robots":{"index":"index","follow":"follow","max-snippet":"max-snippet:-1","max-image-preview":"max-image-preview:large","max-video-preview":"max-video-preview:-1"},"canonical":"https:\/\/brasilnoticias.org\/site\/com-pedido-de-voto-de-lula-2o-programa-de-geraldo-destaca-diferencas-entre-periferia-e-bairros-nobres-de-salvador\/","og_locale":"pt_PT","og_type":"article","og_title":"Com pedido de voto de Lula, 2\u00ba programa de Geraldo destaca diferen\u00e7as entre periferia e bairros nobres de Salvador - Brasil not\u00edcias","og_description":"As desigualdades que marcam a capital baiana foram tema do segundo programa eleitoral gratuito da coliga\u00e7\u00e3o \u201cSalvador pra Toda Gente\u201d,","og_url":"https:\/\/brasilnoticias.org\/site\/com-pedido-de-voto-de-lula-2o-programa-de-geraldo-destaca-diferencas-entre-periferia-e-bairros-nobres-de-salvador\/","og_site_name":"Brasil not\u00edcias","article_published_time":"2024-09-01T20:01:20+00:00","og_image":[{"width":850,"height":400,"url":"https:\/\/brasilnoticias.org\/site\/wp-content\/uploads\/2024\/09\/IMAGEM_NOTICIA_0-1.jpg","type":"image\/jpeg"}],"author":"Reda\u00e7\u00e3o","twitter_card":"summary_large_image","twitter_misc":{"Escrito por":"Reda\u00e7\u00e3o","Tempo estimado de leitura":"1 minuto"},"schema":{"@context":"https:\/\/schema.org","@graph":[{"@type":"Article","@id":"https:\/\/brasilnoticias.org\/site\/com-pedido-de-voto-de-lula-2o-programa-de-geraldo-destaca-diferencas-entre-periferia-e-bairros-nobres-de-salvador\/#article","isPartOf":{"@id":"https:\/\/brasilnoticias.org\/site\/com-pedido-de-voto-de-lula-2o-programa-de-geraldo-destaca-diferencas-entre-periferia-e-bairros-nobres-de-salvador\/"},"author":{"name":"Reda\u00e7\u00e3o","@id":"https:\/\/brasilnoticias.org\/site\/#\/schema\/person\/03bbbfe6c7634ad18c26444ea39049fa"},"headline":"Com pedido de voto de Lula, 2\u00ba programa de Geraldo destaca diferen\u00e7as entre periferia e bairros nobres de Salvador","datePublished":"2024-09-01T20:01:20+00:00","mainEntityOfPage":{"@id":"https:\/\/brasilnoticias.org\/site\/com-pedido-de-voto-de-lula-2o-programa-de-geraldo-destaca-diferencas-entre-periferia-e-bairros-nobres-de-salvador\/"},"wordCount":362,"commentCount":0,"publisher":{"@id":"https:\/\/brasilnoticias.org\/site\/#organization"},"image":{"@id":"https:\/\/brasilnoticias.org\/site\/com-pedido-de-voto-de-lula-2o-programa-de-geraldo-destaca-diferencas-entre-periferia-e-bairros-nobres-de-salvador\/#primaryimage"},"thumbnailUrl":"https:\/\/brasilnoticias.org\/site\/wp-content\/uploads\/2024\/09\/IMAGEM_NOTICIA_0-1.jpg","articleSection":["Pol\u00edtica","\u00daltimas"],"inLanguage":"pt-PT","potentialAction":[{"@type":"CommentAction","name":"Comment","target":["https:\/\/brasilnoticias.org\/site\/com-pedido-de-voto-de-lula-2o-programa-de-geraldo-destaca-diferencas-entre-periferia-e-bairros-nobres-de-salvador\/#respond"]}]},{"@type":"WebPage","@id":"https:\/\/brasilnoticias.org\/site\/com-pedido-de-voto-de-lula-2o-programa-de-geraldo-destaca-diferencas-entre-periferia-e-bairros-nobres-de-salvador\/","url":"https:\/\/brasilnoticias.org\/site\/com-pedido-de-voto-de-lula-2o-programa-de-geraldo-destaca-diferencas-entre-periferia-e-bairros-nobres-de-salvador\/","name":"Com pedido de voto de Lula, 2\u00ba programa de Geraldo destaca diferen\u00e7as entre periferia e bairros nobres de Salvador - Brasil not\u00edcias","isPartOf":{"@id":"https:\/\/brasilnoticias.org\/site\/#website"},"primaryImageOfPage":{"@id":"https:\/\/brasilnoticias.org\/site\/com-pedido-de-voto-de-lula-2o-programa-de-geraldo-destaca-diferencas-entre-periferia-e-bairros-nobres-de-salvador\/#primaryimage"},"image":{"@id":"https:\/\/brasilnoticias.org\/site\/com-pedido-de-voto-de-lula-2o-programa-de-geraldo-destaca-diferencas-entre-periferia-e-bairros-nobres-de-salvador\/#primaryimage"},"thumbnailUrl":"https:\/\/brasilnoticias.org\/site\/wp-content\/uploads\/2024\/09\/IMAGEM_NOTICIA_0-1.jpg","datePublished":"2024-09-01T20:01:20+00:00","breadcrumb":{"@id":"https:\/\/brasilnoticias.org\/site\/com-pedido-de-voto-de-lula-2o-programa-de-geraldo-destaca-diferencas-entre-periferia-e-bairros-nobres-de-salvador\/#breadcrumb"},"inLanguage":"pt-PT","potentialAction":[{"@type":"ReadAction","target":["https:\/\/brasilnoticias.org\/site\/com-pedido-de-voto-de-lula-2o-programa-de-geraldo-destaca-diferencas-entre-periferia-e-bairros-nobres-de-salvador\/"]}]},{"@type":"ImageObject","inLanguage":"pt-PT","@id":"https:\/\/brasilnoticias.org\/site\/com-pedido-de-voto-de-lula-2o-programa-de-geraldo-destaca-diferencas-entre-periferia-e-bairros-nobres-de-salvador\/#primaryimage","url":"https:\/\/brasilnoticias.org\/site\/wp-content\/uploads\/2024\/09\/IMAGEM_NOTICIA_0-1.jpg","contentUrl":"https:\/\/brasilnoticias.org\/site\/wp-content\/uploads\/2024\/09\/IMAGEM_NOTICIA_0-1.jpg","width":850,"height":400},{"@type":"BreadcrumbList","@id":"https:\/\/brasilnoticias.org\/site\/com-pedido-de-voto-de-lula-2o-programa-de-geraldo-destaca-diferencas-entre-periferia-e-bairros-nobres-de-salvador\/#breadcrumb","itemListElement":[{"@type":"ListItem","position":1,"name":"In\u00edcio","item":"https:\/\/brasilnoticias.org\/site\/"},{"@type":"ListItem","position":2,"name":"Com pedido de voto de Lula, 2\u00ba programa de Geraldo destaca diferen\u00e7as entre periferia e bairros nobres de Salvador"}]},{"@type":"WebSite","@id":"https:\/\/brasilnoticias.org\/site\/#website","url":"https:\/\/brasilnoticias.org\/site\/","name":"Brasil not\u00edcias","description":"Brasil not\u00edcias","publisher":{"@id":"https:\/\/brasilnoticias.org\/site\/#organization"},"potentialAction":[{"@type":"SearchAction","target":{"@type":"EntryPoint","urlTemplate":"https:\/\/brasilnoticias.org\/site\/?s={search_term_string}"},"query-input":{"@type":"PropertyValueSpecification","valueRequired":true,"valueName":"search_term_string"}}],"inLanguage":"pt-PT"},{"@type":"Organization","@id":"https:\/\/brasilnoticias.org\/site\/#organization","name":"Brasil not\u00edcias","url":"https:\/\/brasilnoticias.org\/site\/","logo":{"@type":"ImageObject","inLanguage":"pt-PT","@id":"https:\/\/brasilnoticias.org\/site\/#\/schema\/logo\/image\/","url":"https:\/\/brasilnoticias.org\/site\/wp-content\/uploads\/2022\/05\/cropped-brasilnoticias-mini.jpg","contentUrl":"https:\/\/brasilnoticias.org\/site\/wp-content\/uploads\/2022\/05\/cropped-brasilnoticias-mini.jpg","width":314,"height":86,"caption":"Brasil not\u00edcias"},"image":{"@id":"https:\/\/brasilnoticias.org\/site\/#\/schema\/logo\/image\/"}},{"@type":"Person","@id":"https:\/\/brasilnoticias.org\/site\/#\/schema\/person\/03bbbfe6c7634ad18c26444ea39049fa","name":"Reda\u00e7\u00e3o","image":{"@type":"ImageObject","inLanguage":"pt-PT","@id":"https:\/\/brasilnoticias.org\/site\/#\/schema\/person\/image\/","url":"https:\/\/secure.gravatar.com\/avatar\/9ecaf7327a696cb23ad926fedded5f1f04d7049de9e445375d55b48c001a6e42?s=96&d=mm&r=g","contentUrl":"https:\/\/secure.gravatar.com\/avatar\/9ecaf7327a696cb23ad926fedded5f1f04d7049de9e445375d55b48c001a6e42?s=96&d=mm&r=g","caption":"Reda\u00e7\u00e3o"},"url":"https:\/\/brasilnoticias.org\/site\/author\/henrique\/"}]}},"_links":{"self":[{"href":"https:\/\/brasilnoticias.org\/site\/wp-json\/wp\/v2\/posts\/15783","targetHints":{"allow":["GET"]}}],"collection":[{"href":"https:\/\/brasilnoticias.org\/site\/wp-json\/wp\/v2\/posts"}],"about":[{"href":"https:\/\/brasilnoticias.org\/site\/wp-json\/wp\/v2\/types\/post"}],"author":[{"embeddable":true,"href":"https:\/\/brasilnoticias.org\/site\/wp-json\/wp\/v2\/users\/4"}],"replies":[{"embeddable":true,"href":"https:\/\/brasilnoticias.org\/site\/wp-json\/wp\/v2\/comments?post=15783"}],"version-history":[{"count":1,"href":"https:\/\/brasilnoticias.org\/site\/wp-json\/wp\/v2\/posts\/15783\/revisions"}],"predecessor-version":[{"id":15785,"href":"https:\/\/brasilnoticias.org\/site\/wp-json\/wp\/v2\/posts\/15783\/revisions\/15785"}],"wp:featuredmedia":[{"embeddable":true,"href":"https:\/\/brasilnoticias.org\/site\/wp-json\/wp\/v2\/media\/15784"}],"wp:attachment":[{"href":"https:\/\/brasilnoticias.org\/site\/wp-json\/wp\/v2\/media?parent=15783"}],"wp:term":[{"taxonomy":"category","embeddable":true,"href":"https:\/\/brasilnoticias.org\/site\/wp-json\/wp\/v2\/categories?post=15783"},{"taxonomy":"post_tag","embeddable":true,"href":"https:\/\/brasilnoticias.org\/site\/wp-json\/wp\/v2\/tags?post=15783"}],"curies":[{"name":"wp","href":"https:\/\/api.w.org\/{rel}","templated":true}]}}