{"id":15789,"date":"2024-09-01T17:04:30","date_gmt":"2024-09-01T20:04:30","guid":{"rendered":"https:\/\/brasilnoticias.org\/site\/?p=15789"},"modified":"2024-09-01T17:04:30","modified_gmt":"2024-09-01T20:04:30","slug":"ministros-do-stf-defendem-que-moraes-apresente-decisao-que-suspendeu-x-a-avaliacao-da-corte","status":"publish","type":"post","link":"https:\/\/brasilnoticias.org\/site\/ministros-do-stf-defendem-que-moraes-apresente-decisao-que-suspendeu-x-a-avaliacao-da-corte\/","title":{"rendered":"Ministros do STF defendem que Moraes apresente decis\u00e3o que suspendeu X \u00e0 avalia\u00e7\u00e3o da Corte"},"content":{"rendered":"<p>A rede social X foi suspensa ap\u00f3s descumprimento de Elon Musk<\/p>\n<p>Ministros do Supremo Tribunal Federal (STF) defendem que a decis\u00e3o do ministro Alexandre de Moraes, que suspendeu o X at\u00e9 que seja indicado um representante legal no Brasil, seja submetida aos demais ministros na pr\u00f3xima semana.<\/p>\n<p>De acordo com informa\u00e7\u00f5es do G1, o ideal \u00e9 que entre para referendo da turma na segunda-feira (31). Os ministros avaliam que a medida de Moraes foi \u2018dura\u2019, mas que foi a \u00fanica alternativa vi\u00e1vel diante da desobedi\u00eancia judicial de Musk.<\/p>\n<p>Em defesa de Moraes, alguns integrantes do Judici\u00e1rio ressaltam que Musk e a extrema direita est\u00e3o aproveitando a decis\u00e3o para tentar vender a narrativa de que houve banimento. \u201cSe houver o cumprimento das decis\u00f5es do STF, o X e as outras empresas voltar\u00e3o a funcionar normalmente\u201d, disse um integrante do STF.<\/p>\n<p>Foto: Marcelo Camargo\/Ag\u00eancia Brasil | Divulga\u00e7\u00e3o<br \/>\nPor: Metro1<\/p>\n","protected":false},"excerpt":{"rendered":"<p>A rede social X foi suspensa ap\u00f3s descumprimento de Elon Musk Ministros do Supremo Tribunal Federal (STF) defendem que a<\/p>\n","protected":false},"author":4,"featured_media":15790,"comment_status":"open","ping_status":"open","sticky":false,"template":"","format":"standard","meta":{"colormag_page_container_layout":"default_layout","colormag_page_sidebar_layout":"default_layout","_FSMCFIC_featured_image_caption":"","_FSMCFIC_featured_image_nocaption":"","_FSMCFIC_featured_image_hide":"","footnotes":""},"categories":[5,1],"tags":[],"class_list":["post-15789","post","type-post","status-publish","format-standard","has-post-thumbnail","hentry","category-politica","category-ultimas"],"yoast_head":"<!-- This site is optimized with the Yoast SEO plugin v27.1.1 - https:\/\/yoast.com\/product\/yoast-seo-wordpress\/ -->\n<title>Ministros do STF defendem que Moraes apresente decis\u00e3o que suspendeu X \u00e0 avalia\u00e7\u00e3o da Corte - Brasil not\u00edcias<\/title>\n<meta name=\"robots\" content=\"index, follow, max-snippet:-1, max-image-preview:large, max-video-preview:-1\" \/>\n<link rel=\"canonical\" href=\"https:\/\/brasilnoticias.org\/site\/ministros-do-stf-defendem-que-moraes-apresente-decisao-que-suspendeu-x-a-avaliacao-da-corte\/\" \/>\n<meta property=\"og:locale\" content=\"pt_PT\" \/>\n<meta property=\"og:type\" content=\"article\" \/>\n<meta property=\"og:title\" content=\"Ministros do STF defendem que Moraes apresente decis\u00e3o que suspendeu X \u00e0 avalia\u00e7\u00e3o da Corte - Brasil not\u00edcias\" \/>\n<meta property=\"og:description\" content=\"A rede social X foi suspensa ap\u00f3s descumprimento de Elon Musk Ministros do Supremo Tribunal Federal (STF) defendem que a\" \/>\n<meta property=\"og:url\" content=\"https:\/\/brasilnoticias.org\/site\/ministros-do-stf-defendem-que-moraes-apresente-decisao-que-suspendeu-x-a-avaliacao-da-corte\/\" \/>\n<meta property=\"og:site_name\" content=\"Brasil not\u00edcias\" \/>\n<meta property=\"article:published_time\" content=\"2024-09-01T20:04:30+00:00\" \/>\n<meta property=\"og:image\" content=\"https:\/\/brasilnoticias.org\/site\/wp-content\/uploads\/2024\/09\/154687ministros-do-stf-defendem-que-moraes-apresente-decisao-que-suspendeu-x-a-avaliacao-da-corte-3.jpg\" \/>\n\t<meta property=\"og:image:width\" content=\"1600\" \/>\n\t<meta property=\"og:image:height\" content=\"752\" \/>\n\t<meta property=\"og:image:type\" content=\"image\/jpeg\" \/>\n<meta name=\"author\" content=\"Reda\u00e7\u00e3o\" \/>\n<meta name=\"twitter:card\" content=\"summary_large_image\" \/>\n<meta name=\"twitter:label1\" content=\"Escrito por\" \/>\n\t<meta name=\"twitter:data1\" content=\"Reda\u00e7\u00e3o\" \/>\n<script type=\"application\/ld+json\" class=\"yoast-schema-graph\">{\"@context\":\"https:\/\/schema.org\",\"@graph\":[{\"@type\":\"Article\",\"@id\":\"https:\/\/brasilnoticias.org\/site\/ministros-do-stf-defendem-que-moraes-apresente-decisao-que-suspendeu-x-a-avaliacao-da-corte\/#article\",\"isPartOf\":{\"@id\":\"https:\/\/brasilnoticias.org\/site\/ministros-do-stf-defendem-que-moraes-apresente-decisao-que-suspendeu-x-a-avaliacao-da-corte\/\"},\"author\":{\"name\":\"Reda\u00e7\u00e3o\",\"@id\":\"https:\/\/brasilnoticias.org\/site\/#\/schema\/person\/03bbbfe6c7634ad18c26444ea39049fa\"},\"headline\":\"Ministros do STF defendem que Moraes apresente decis\u00e3o que suspendeu X \u00e0 avalia\u00e7\u00e3o da Corte\",\"datePublished\":\"2024-09-01T20:04:30+00:00\",\"mainEntityOfPage\":{\"@id\":\"https:\/\/brasilnoticias.org\/site\/ministros-do-stf-defendem-que-moraes-apresente-decisao-que-suspendeu-x-a-avaliacao-da-corte\/\"},\"wordCount\":174,\"commentCount\":0,\"publisher\":{\"@id\":\"https:\/\/brasilnoticias.org\/site\/#organization\"},\"image\":{\"@id\":\"https:\/\/brasilnoticias.org\/site\/ministros-do-stf-defendem-que-moraes-apresente-decisao-que-suspendeu-x-a-avaliacao-da-corte\/#primaryimage\"},\"thumbnailUrl\":\"https:\/\/brasilnoticias.org\/site\/wp-content\/uploads\/2024\/09\/154687ministros-do-stf-defendem-que-moraes-apresente-decisao-que-suspendeu-x-a-avaliacao-da-corte-3.jpg\",\"articleSection\":[\"Pol\u00edtica\",\"\u00daltimas\"],\"inLanguage\":\"pt-PT\",\"potentialAction\":[{\"@type\":\"CommentAction\",\"name\":\"Comment\",\"target\":[\"https:\/\/brasilnoticias.org\/site\/ministros-do-stf-defendem-que-moraes-apresente-decisao-que-suspendeu-x-a-avaliacao-da-corte\/#respond\"]}]},{\"@type\":\"WebPage\",\"@id\":\"https:\/\/brasilnoticias.org\/site\/ministros-do-stf-defendem-que-moraes-apresente-decisao-que-suspendeu-x-a-avaliacao-da-corte\/\",\"url\":\"https:\/\/brasilnoticias.org\/site\/ministros-do-stf-defendem-que-moraes-apresente-decisao-que-suspendeu-x-a-avaliacao-da-corte\/\",\"name\":\"Ministros do STF defendem que Moraes apresente decis\u00e3o que suspendeu X \u00e0 avalia\u00e7\u00e3o da Corte - Brasil not\u00edcias\",\"isPartOf\":{\"@id\":\"https:\/\/brasilnoticias.org\/site\/#website\"},\"primaryImageOfPage\":{\"@id\":\"https:\/\/brasilnoticias.org\/site\/ministros-do-stf-defendem-que-moraes-apresente-decisao-que-suspendeu-x-a-avaliacao-da-corte\/#primaryimage\"},\"image\":{\"@id\":\"https:\/\/brasilnoticias.org\/site\/ministros-do-stf-defendem-que-moraes-apresente-decisao-que-suspendeu-x-a-avaliacao-da-corte\/#primaryimage\"},\"thumbnailUrl\":\"https:\/\/brasilnoticias.org\/site\/wp-content\/uploads\/2024\/09\/154687ministros-do-stf-defendem-que-moraes-apresente-decisao-que-suspendeu-x-a-avaliacao-da-corte-3.jpg\",\"datePublished\":\"2024-09-01T20:04:30+00:00\",\"breadcrumb\":{\"@id\":\"https:\/\/brasilnoticias.org\/site\/ministros-do-stf-defendem-que-moraes-apresente-decisao-que-suspendeu-x-a-avaliacao-da-corte\/#breadcrumb\"},\"inLanguage\":\"pt-PT\",\"potentialAction\":[{\"@type\":\"ReadAction\",\"target\":[\"https:\/\/brasilnoticias.org\/site\/ministros-do-stf-defendem-que-moraes-apresente-decisao-que-suspendeu-x-a-avaliacao-da-corte\/\"]}]},{\"@type\":\"ImageObject\",\"inLanguage\":\"pt-PT\",\"@id\":\"https:\/\/brasilnoticias.org\/site\/ministros-do-stf-defendem-que-moraes-apresente-decisao-que-suspendeu-x-a-avaliacao-da-corte\/#primaryimage\",\"url\":\"https:\/\/brasilnoticias.org\/site\/wp-content\/uploads\/2024\/09\/154687ministros-do-stf-defendem-que-moraes-apresente-decisao-que-suspendeu-x-a-avaliacao-da-corte-3.jpg\",\"contentUrl\":\"https:\/\/brasilnoticias.org\/site\/wp-content\/uploads\/2024\/09\/154687ministros-do-stf-defendem-que-moraes-apresente-decisao-que-suspendeu-x-a-avaliacao-da-corte-3.jpg\",\"width\":1600,\"height\":752},{\"@type\":\"BreadcrumbList\",\"@id\":\"https:\/\/brasilnoticias.org\/site\/ministros-do-stf-defendem-que-moraes-apresente-decisao-que-suspendeu-x-a-avaliacao-da-corte\/#breadcrumb\",\"itemListElement\":[{\"@type\":\"ListItem\",\"position\":1,\"name\":\"In\u00edcio\",\"item\":\"https:\/\/brasilnoticias.org\/site\/\"},{\"@type\":\"ListItem\",\"position\":2,\"name\":\"Ministros do STF defendem que Moraes apresente decis\u00e3o que suspendeu X \u00e0 avalia\u00e7\u00e3o da Corte\"}]},{\"@type\":\"WebSite\",\"@id\":\"https:\/\/brasilnoticias.org\/site\/#website\",\"url\":\"https:\/\/brasilnoticias.org\/site\/\",\"name\":\"Brasil not\u00edcias\",\"description\":\"Brasil not\u00edcias\",\"publisher\":{\"@id\":\"https:\/\/brasilnoticias.org\/site\/#organization\"},\"potentialAction\":[{\"@type\":\"SearchAction\",\"target\":{\"@type\":\"EntryPoint\",\"urlTemplate\":\"https:\/\/brasilnoticias.org\/site\/?s={search_term_string}\"},\"query-input\":{\"@type\":\"PropertyValueSpecification\",\"valueRequired\":true,\"valueName\":\"search_term_string\"}}],\"inLanguage\":\"pt-PT\"},{\"@type\":\"Organization\",\"@id\":\"https:\/\/brasilnoticias.org\/site\/#organization\",\"name\":\"Brasil not\u00edcias\",\"url\":\"https:\/\/brasilnoticias.org\/site\/\",\"logo\":{\"@type\":\"ImageObject\",\"inLanguage\":\"pt-PT\",\"@id\":\"https:\/\/brasilnoticias.org\/site\/#\/schema\/logo\/image\/\",\"url\":\"https:\/\/brasilnoticias.org\/site\/wp-content\/uploads\/2022\/05\/cropped-brasilnoticias-mini.jpg\",\"contentUrl\":\"https:\/\/brasilnoticias.org\/site\/wp-content\/uploads\/2022\/05\/cropped-brasilnoticias-mini.jpg\",\"width\":314,\"height\":86,\"caption\":\"Brasil not\u00edcias\"},\"image\":{\"@id\":\"https:\/\/brasilnoticias.org\/site\/#\/schema\/logo\/image\/\"}},{\"@type\":\"Person\",\"@id\":\"https:\/\/brasilnoticias.org\/site\/#\/schema\/person\/03bbbfe6c7634ad18c26444ea39049fa\",\"name\":\"Reda\u00e7\u00e3o\",\"image\":{\"@type\":\"ImageObject\",\"inLanguage\":\"pt-PT\",\"@id\":\"https:\/\/brasilnoticias.org\/site\/#\/schema\/person\/image\/\",\"url\":\"https:\/\/secure.gravatar.com\/avatar\/9ecaf7327a696cb23ad926fedded5f1f04d7049de9e445375d55b48c001a6e42?s=96&d=mm&r=g\",\"contentUrl\":\"https:\/\/secure.gravatar.com\/avatar\/9ecaf7327a696cb23ad926fedded5f1f04d7049de9e445375d55b48c001a6e42?s=96&d=mm&r=g\",\"caption\":\"Reda\u00e7\u00e3o\"},\"url\":\"https:\/\/brasilnoticias.org\/site\/author\/henrique\/\"}]}<\/script>\n<!-- \/ Yoast SEO plugin. -->","yoast_head_json":{"title":"Ministros do STF defendem que Moraes apresente decis\u00e3o que suspendeu X \u00e0 avalia\u00e7\u00e3o da Corte - Brasil not\u00edcias","robots":{"index":"index","follow":"follow","max-snippet":"max-snippet:-1","max-image-preview":"max-image-preview:large","max-video-preview":"max-video-preview:-1"},"canonical":"https:\/\/brasilnoticias.org\/site\/ministros-do-stf-defendem-que-moraes-apresente-decisao-que-suspendeu-x-a-avaliacao-da-corte\/","og_locale":"pt_PT","og_type":"article","og_title":"Ministros do STF defendem que Moraes apresente decis\u00e3o que suspendeu X \u00e0 avalia\u00e7\u00e3o da Corte - Brasil not\u00edcias","og_description":"A rede social X foi suspensa ap\u00f3s descumprimento de Elon Musk Ministros do Supremo Tribunal Federal (STF) defendem que a","og_url":"https:\/\/brasilnoticias.org\/site\/ministros-do-stf-defendem-que-moraes-apresente-decisao-que-suspendeu-x-a-avaliacao-da-corte\/","og_site_name":"Brasil not\u00edcias","article_published_time":"2024-09-01T20:04:30+00:00","og_image":[{"width":1600,"height":752,"url":"https:\/\/brasilnoticias.org\/site\/wp-content\/uploads\/2024\/09\/154687ministros-do-stf-defendem-que-moraes-apresente-decisao-que-suspendeu-x-a-avaliacao-da-corte-3.jpg","type":"image\/jpeg"}],"author":"Reda\u00e7\u00e3o","twitter_card":"summary_large_image","twitter_misc":{"Escrito por":"Reda\u00e7\u00e3o"},"schema":{"@context":"https:\/\/schema.org","@graph":[{"@type":"Article","@id":"https:\/\/brasilnoticias.org\/site\/ministros-do-stf-defendem-que-moraes-apresente-decisao-que-suspendeu-x-a-avaliacao-da-corte\/#article","isPartOf":{"@id":"https:\/\/brasilnoticias.org\/site\/ministros-do-stf-defendem-que-moraes-apresente-decisao-que-suspendeu-x-a-avaliacao-da-corte\/"},"author":{"name":"Reda\u00e7\u00e3o","@id":"https:\/\/brasilnoticias.org\/site\/#\/schema\/person\/03bbbfe6c7634ad18c26444ea39049fa"},"headline":"Ministros do STF defendem que Moraes apresente decis\u00e3o que suspendeu X \u00e0 avalia\u00e7\u00e3o da Corte","datePublished":"2024-09-01T20:04:30+00:00","mainEntityOfPage":{"@id":"https:\/\/brasilnoticias.org\/site\/ministros-do-stf-defendem-que-moraes-apresente-decisao-que-suspendeu-x-a-avaliacao-da-corte\/"},"wordCount":174,"commentCount":0,"publisher":{"@id":"https:\/\/brasilnoticias.org\/site\/#organization"},"image":{"@id":"https:\/\/brasilnoticias.org\/site\/ministros-do-stf-defendem-que-moraes-apresente-decisao-que-suspendeu-x-a-avaliacao-da-corte\/#primaryimage"},"thumbnailUrl":"https:\/\/brasilnoticias.org\/site\/wp-content\/uploads\/2024\/09\/154687ministros-do-stf-defendem-que-moraes-apresente-decisao-que-suspendeu-x-a-avaliacao-da-corte-3.jpg","articleSection":["Pol\u00edtica","\u00daltimas"],"inLanguage":"pt-PT","potentialAction":[{"@type":"CommentAction","name":"Comment","target":["https:\/\/brasilnoticias.org\/site\/ministros-do-stf-defendem-que-moraes-apresente-decisao-que-suspendeu-x-a-avaliacao-da-corte\/#respond"]}]},{"@type":"WebPage","@id":"https:\/\/brasilnoticias.org\/site\/ministros-do-stf-defendem-que-moraes-apresente-decisao-que-suspendeu-x-a-avaliacao-da-corte\/","url":"https:\/\/brasilnoticias.org\/site\/ministros-do-stf-defendem-que-moraes-apresente-decisao-que-suspendeu-x-a-avaliacao-da-corte\/","name":"Ministros do STF defendem que Moraes apresente decis\u00e3o que suspendeu X \u00e0 avalia\u00e7\u00e3o da Corte - Brasil not\u00edcias","isPartOf":{"@id":"https:\/\/brasilnoticias.org\/site\/#website"},"primaryImageOfPage":{"@id":"https:\/\/brasilnoticias.org\/site\/ministros-do-stf-defendem-que-moraes-apresente-decisao-que-suspendeu-x-a-avaliacao-da-corte\/#primaryimage"},"image":{"@id":"https:\/\/brasilnoticias.org\/site\/ministros-do-stf-defendem-que-moraes-apresente-decisao-que-suspendeu-x-a-avaliacao-da-corte\/#primaryimage"},"thumbnailUrl":"https:\/\/brasilnoticias.org\/site\/wp-content\/uploads\/2024\/09\/154687ministros-do-stf-defendem-que-moraes-apresente-decisao-que-suspendeu-x-a-avaliacao-da-corte-3.jpg","datePublished":"2024-09-01T20:04:30+00:00","breadcrumb":{"@id":"https:\/\/brasilnoticias.org\/site\/ministros-do-stf-defendem-que-moraes-apresente-decisao-que-suspendeu-x-a-avaliacao-da-corte\/#breadcrumb"},"inLanguage":"pt-PT","potentialAction":[{"@type":"ReadAction","target":["https:\/\/brasilnoticias.org\/site\/ministros-do-stf-defendem-que-moraes-apresente-decisao-que-suspendeu-x-a-avaliacao-da-corte\/"]}]},{"@type":"ImageObject","inLanguage":"pt-PT","@id":"https:\/\/brasilnoticias.org\/site\/ministros-do-stf-defendem-que-moraes-apresente-decisao-que-suspendeu-x-a-avaliacao-da-corte\/#primaryimage","url":"https:\/\/brasilnoticias.org\/site\/wp-content\/uploads\/2024\/09\/154687ministros-do-stf-defendem-que-moraes-apresente-decisao-que-suspendeu-x-a-avaliacao-da-corte-3.jpg","contentUrl":"https:\/\/brasilnoticias.org\/site\/wp-content\/uploads\/2024\/09\/154687ministros-do-stf-defendem-que-moraes-apresente-decisao-que-suspendeu-x-a-avaliacao-da-corte-3.jpg","width":1600,"height":752},{"@type":"BreadcrumbList","@id":"https:\/\/brasilnoticias.org\/site\/ministros-do-stf-defendem-que-moraes-apresente-decisao-que-suspendeu-x-a-avaliacao-da-corte\/#breadcrumb","itemListElement":[{"@type":"ListItem","position":1,"name":"In\u00edcio","item":"https:\/\/brasilnoticias.org\/site\/"},{"@type":"ListItem","position":2,"name":"Ministros do STF defendem que Moraes apresente decis\u00e3o que suspendeu X \u00e0 avalia\u00e7\u00e3o da Corte"}]},{"@type":"WebSite","@id":"https:\/\/brasilnoticias.org\/site\/#website","url":"https:\/\/brasilnoticias.org\/site\/","name":"Brasil not\u00edcias","description":"Brasil not\u00edcias","publisher":{"@id":"https:\/\/brasilnoticias.org\/site\/#organization"},"potentialAction":[{"@type":"SearchAction","target":{"@type":"EntryPoint","urlTemplate":"https:\/\/brasilnoticias.org\/site\/?s={search_term_string}"},"query-input":{"@type":"PropertyValueSpecification","valueRequired":true,"valueName":"search_term_string"}}],"inLanguage":"pt-PT"},{"@type":"Organization","@id":"https:\/\/brasilnoticias.org\/site\/#organization","name":"Brasil not\u00edcias","url":"https:\/\/brasilnoticias.org\/site\/","logo":{"@type":"ImageObject","inLanguage":"pt-PT","@id":"https:\/\/brasilnoticias.org\/site\/#\/schema\/logo\/image\/","url":"https:\/\/brasilnoticias.org\/site\/wp-content\/uploads\/2022\/05\/cropped-brasilnoticias-mini.jpg","contentUrl":"https:\/\/brasilnoticias.org\/site\/wp-content\/uploads\/2022\/05\/cropped-brasilnoticias-mini.jpg","width":314,"height":86,"caption":"Brasil not\u00edcias"},"image":{"@id":"https:\/\/brasilnoticias.org\/site\/#\/schema\/logo\/image\/"}},{"@type":"Person","@id":"https:\/\/brasilnoticias.org\/site\/#\/schema\/person\/03bbbfe6c7634ad18c26444ea39049fa","name":"Reda\u00e7\u00e3o","image":{"@type":"ImageObject","inLanguage":"pt-PT","@id":"https:\/\/brasilnoticias.org\/site\/#\/schema\/person\/image\/","url":"https:\/\/secure.gravatar.com\/avatar\/9ecaf7327a696cb23ad926fedded5f1f04d7049de9e445375d55b48c001a6e42?s=96&d=mm&r=g","contentUrl":"https:\/\/secure.gravatar.com\/avatar\/9ecaf7327a696cb23ad926fedded5f1f04d7049de9e445375d55b48c001a6e42?s=96&d=mm&r=g","caption":"Reda\u00e7\u00e3o"},"url":"https:\/\/brasilnoticias.org\/site\/author\/henrique\/"}]}},"_links":{"self":[{"href":"https:\/\/brasilnoticias.org\/site\/wp-json\/wp\/v2\/posts\/15789","targetHints":{"allow":["GET"]}}],"collection":[{"href":"https:\/\/brasilnoticias.org\/site\/wp-json\/wp\/v2\/posts"}],"about":[{"href":"https:\/\/brasilnoticias.org\/site\/wp-json\/wp\/v2\/types\/post"}],"author":[{"embeddable":true,"href":"https:\/\/brasilnoticias.org\/site\/wp-json\/wp\/v2\/users\/4"}],"replies":[{"embeddable":true,"href":"https:\/\/brasilnoticias.org\/site\/wp-json\/wp\/v2\/comments?post=15789"}],"version-history":[{"count":1,"href":"https:\/\/brasilnoticias.org\/site\/wp-json\/wp\/v2\/posts\/15789\/revisions"}],"predecessor-version":[{"id":15791,"href":"https:\/\/brasilnoticias.org\/site\/wp-json\/wp\/v2\/posts\/15789\/revisions\/15791"}],"wp:featuredmedia":[{"embeddable":true,"href":"https:\/\/brasilnoticias.org\/site\/wp-json\/wp\/v2\/media\/15790"}],"wp:attachment":[{"href":"https:\/\/brasilnoticias.org\/site\/wp-json\/wp\/v2\/media?parent=15789"}],"wp:term":[{"taxonomy":"category","embeddable":true,"href":"https:\/\/brasilnoticias.org\/site\/wp-json\/wp\/v2\/categories?post=15789"},{"taxonomy":"post_tag","embeddable":true,"href":"https:\/\/brasilnoticias.org\/site\/wp-json\/wp\/v2\/tags?post=15789"}],"curies":[{"name":"wp","href":"https:\/\/api.w.org\/{rel}","templated":true}]}}