{"id":15799,"date":"2024-09-03T17:23:22","date_gmt":"2024-09-03T20:23:22","guid":{"rendered":"https:\/\/brasilnoticias.org\/site\/?p=15799"},"modified":"2024-09-03T17:23:22","modified_gmt":"2024-09-03T20:23:22","slug":"zoologico-de-salvador-realiza-novas-edicoes-do-zoo-noturno-em-setembro","status":"publish","type":"post","link":"https:\/\/brasilnoticias.org\/site\/zoologico-de-salvador-realiza-novas-edicoes-do-zoo-noturno-em-setembro\/","title":{"rendered":"Zool\u00f3gico de Salvador realiza novas edi\u00e7\u00f5es do Zoo Noturno em setembro"},"content":{"rendered":"<p>Neste m\u00eas de setembro, o Zool\u00f3gico de Salvador, localizado no bairro de Ondina, abre a nova temporada do Zoo Noturno, uma experi\u00eancia \u00fanica e inesquec\u00edvel, de visita\u00e7\u00e3o ao parque \u00e0 noite. As visitas guiadas acontecer\u00e3o sempre \u00e0s quartas \u2013 feiras, nos dias 4, 11, 18 e 25 de setembro. Vale ressaltar, que em caso de chuva ou de alguma intemp\u00e9rie clim\u00e1tica, o passeio pode ser remarcado.<\/p>\n<p>As inscri\u00e7\u00f5es ser\u00e3o abertas na v\u00e9spera do passeio diretamente pela rede social do Zool\u00f3gico (@zoosalvador). Para participar do passeio \u00e9 preciso preencher o formul\u00e1rio dispon\u00edvel no link e aguardar a confirma\u00e7\u00e3o atrav\u00e9s do e-mail cadastrado pelo usu\u00e1rio.<\/p>\n<p>Para garantir a seguran\u00e7a e o conforto dos participantes, recomenda-se o uso de cal\u00e7a comprida, blusa de manga longa e sapatos fechados. Em respeito ao bem-estar dos animais, o uso de flash em c\u00e2meras ou celulares \u00e9 estritamente proibido, e os dispositivos devem ser configurados no modo silencioso para evitar qualquer perturba\u00e7\u00e3o ou susto nos animais. A idade m\u00ednima para participa\u00e7\u00e3o \u00e9 de sete anos.<\/p>\n<p>Durante a visita \u00e9 poss\u00edvel observar os h\u00e1bitos noturnos de 22 esp\u00e9cies da fauna silvestre, ex\u00f3tica e nativa, transformando o passeio em uma verdadeira aula sobre a vida animal no parque. Durante o percurso, \u00e9 poss\u00edvel avistar pequenos can\u00eddeos, felinos, serpentes, entre outras surpresas, oferecendo uma experi\u00eancia enriquecedora que permite aos participantes conhecer mais profundamente os animais e suas particularidades.<\/p>\n","protected":false},"excerpt":{"rendered":"<p>Neste m\u00eas de setembro, o Zool\u00f3gico de Salvador, localizado no bairro de Ondina, abre a nova temporada do Zoo Noturno,<\/p>\n","protected":false},"author":4,"featured_media":15800,"comment_status":"open","ping_status":"open","sticky":false,"template":"","format":"standard","meta":{"colormag_page_container_layout":"default_layout","colormag_page_sidebar_layout":"default_layout","_FSMCFIC_featured_image_caption":"","_FSMCFIC_featured_image_nocaption":"","_FSMCFIC_featured_image_hide":"","footnotes":""},"categories":[2,1],"tags":[],"class_list":["post-15799","post","type-post","status-publish","format-standard","has-post-thumbnail","hentry","category-noticias","category-ultimas"],"yoast_head":"<!-- This site is optimized with the Yoast SEO plugin v27.1.1 - https:\/\/yoast.com\/product\/yoast-seo-wordpress\/ -->\n<title>Zool\u00f3gico de Salvador realiza novas edi\u00e7\u00f5es do Zoo Noturno em setembro - Brasil not\u00edcias<\/title>\n<meta name=\"robots\" content=\"index, follow, max-snippet:-1, max-image-preview:large, max-video-preview:-1\" \/>\n<link rel=\"canonical\" href=\"https:\/\/brasilnoticias.org\/site\/zoologico-de-salvador-realiza-novas-edicoes-do-zoo-noturno-em-setembro\/\" \/>\n<meta property=\"og:locale\" content=\"pt_PT\" \/>\n<meta property=\"og:type\" content=\"article\" \/>\n<meta property=\"og:title\" content=\"Zool\u00f3gico de Salvador realiza novas edi\u00e7\u00f5es do Zoo Noturno em setembro - Brasil not\u00edcias\" \/>\n<meta property=\"og:description\" content=\"Neste m\u00eas de setembro, o Zool\u00f3gico de Salvador, localizado no bairro de Ondina, abre a nova temporada do Zoo Noturno,\" \/>\n<meta property=\"og:url\" content=\"https:\/\/brasilnoticias.org\/site\/zoologico-de-salvador-realiza-novas-edicoes-do-zoo-noturno-em-setembro\/\" \/>\n<meta property=\"og:site_name\" content=\"Brasil not\u00edcias\" \/>\n<meta property=\"article:published_time\" content=\"2024-09-03T20:23:22+00:00\" \/>\n<meta property=\"og:image\" content=\"https:\/\/brasilnoticias.org\/site\/wp-content\/uploads\/2024\/09\/IMAGEM_NOTICIA_0-1-1.jpg\" \/>\n\t<meta property=\"og:image:width\" content=\"850\" \/>\n\t<meta property=\"og:image:height\" content=\"400\" \/>\n\t<meta property=\"og:image:type\" content=\"image\/jpeg\" \/>\n<meta name=\"author\" content=\"Reda\u00e7\u00e3o\" \/>\n<meta name=\"twitter:card\" content=\"summary_large_image\" \/>\n<meta name=\"twitter:label1\" content=\"Escrito por\" \/>\n\t<meta name=\"twitter:data1\" content=\"Reda\u00e7\u00e3o\" \/>\n\t<meta name=\"twitter:label2\" content=\"Tempo estimado de leitura\" \/>\n\t<meta name=\"twitter:data2\" content=\"1 minuto\" \/>\n<script type=\"application\/ld+json\" class=\"yoast-schema-graph\">{\"@context\":\"https:\/\/schema.org\",\"@graph\":[{\"@type\":\"Article\",\"@id\":\"https:\/\/brasilnoticias.org\/site\/zoologico-de-salvador-realiza-novas-edicoes-do-zoo-noturno-em-setembro\/#article\",\"isPartOf\":{\"@id\":\"https:\/\/brasilnoticias.org\/site\/zoologico-de-salvador-realiza-novas-edicoes-do-zoo-noturno-em-setembro\/\"},\"author\":{\"name\":\"Reda\u00e7\u00e3o\",\"@id\":\"https:\/\/brasilnoticias.org\/site\/#\/schema\/person\/03bbbfe6c7634ad18c26444ea39049fa\"},\"headline\":\"Zool\u00f3gico de Salvador realiza novas edi\u00e7\u00f5es do Zoo Noturno em setembro\",\"datePublished\":\"2024-09-03T20:23:22+00:00\",\"mainEntityOfPage\":{\"@id\":\"https:\/\/brasilnoticias.org\/site\/zoologico-de-salvador-realiza-novas-edicoes-do-zoo-noturno-em-setembro\/\"},\"wordCount\":259,\"commentCount\":0,\"publisher\":{\"@id\":\"https:\/\/brasilnoticias.org\/site\/#organization\"},\"image\":{\"@id\":\"https:\/\/brasilnoticias.org\/site\/zoologico-de-salvador-realiza-novas-edicoes-do-zoo-noturno-em-setembro\/#primaryimage\"},\"thumbnailUrl\":\"https:\/\/brasilnoticias.org\/site\/wp-content\/uploads\/2024\/09\/IMAGEM_NOTICIA_0-1-1.jpg\",\"articleSection\":[\"Not\u00edcias\",\"\u00daltimas\"],\"inLanguage\":\"pt-PT\",\"potentialAction\":[{\"@type\":\"CommentAction\",\"name\":\"Comment\",\"target\":[\"https:\/\/brasilnoticias.org\/site\/zoologico-de-salvador-realiza-novas-edicoes-do-zoo-noturno-em-setembro\/#respond\"]}]},{\"@type\":\"WebPage\",\"@id\":\"https:\/\/brasilnoticias.org\/site\/zoologico-de-salvador-realiza-novas-edicoes-do-zoo-noturno-em-setembro\/\",\"url\":\"https:\/\/brasilnoticias.org\/site\/zoologico-de-salvador-realiza-novas-edicoes-do-zoo-noturno-em-setembro\/\",\"name\":\"Zool\u00f3gico de Salvador realiza novas edi\u00e7\u00f5es do Zoo Noturno em setembro - Brasil not\u00edcias\",\"isPartOf\":{\"@id\":\"https:\/\/brasilnoticias.org\/site\/#website\"},\"primaryImageOfPage\":{\"@id\":\"https:\/\/brasilnoticias.org\/site\/zoologico-de-salvador-realiza-novas-edicoes-do-zoo-noturno-em-setembro\/#primaryimage\"},\"image\":{\"@id\":\"https:\/\/brasilnoticias.org\/site\/zoologico-de-salvador-realiza-novas-edicoes-do-zoo-noturno-em-setembro\/#primaryimage\"},\"thumbnailUrl\":\"https:\/\/brasilnoticias.org\/site\/wp-content\/uploads\/2024\/09\/IMAGEM_NOTICIA_0-1-1.jpg\",\"datePublished\":\"2024-09-03T20:23:22+00:00\",\"breadcrumb\":{\"@id\":\"https:\/\/brasilnoticias.org\/site\/zoologico-de-salvador-realiza-novas-edicoes-do-zoo-noturno-em-setembro\/#breadcrumb\"},\"inLanguage\":\"pt-PT\",\"potentialAction\":[{\"@type\":\"ReadAction\",\"target\":[\"https:\/\/brasilnoticias.org\/site\/zoologico-de-salvador-realiza-novas-edicoes-do-zoo-noturno-em-setembro\/\"]}]},{\"@type\":\"ImageObject\",\"inLanguage\":\"pt-PT\",\"@id\":\"https:\/\/brasilnoticias.org\/site\/zoologico-de-salvador-realiza-novas-edicoes-do-zoo-noturno-em-setembro\/#primaryimage\",\"url\":\"https:\/\/brasilnoticias.org\/site\/wp-content\/uploads\/2024\/09\/IMAGEM_NOTICIA_0-1-1.jpg\",\"contentUrl\":\"https:\/\/brasilnoticias.org\/site\/wp-content\/uploads\/2024\/09\/IMAGEM_NOTICIA_0-1-1.jpg\",\"width\":850,\"height\":400},{\"@type\":\"BreadcrumbList\",\"@id\":\"https:\/\/brasilnoticias.org\/site\/zoologico-de-salvador-realiza-novas-edicoes-do-zoo-noturno-em-setembro\/#breadcrumb\",\"itemListElement\":[{\"@type\":\"ListItem\",\"position\":1,\"name\":\"In\u00edcio\",\"item\":\"https:\/\/brasilnoticias.org\/site\/\"},{\"@type\":\"ListItem\",\"position\":2,\"name\":\"Zool\u00f3gico de Salvador realiza novas edi\u00e7\u00f5es do Zoo Noturno em setembro\"}]},{\"@type\":\"WebSite\",\"@id\":\"https:\/\/brasilnoticias.org\/site\/#website\",\"url\":\"https:\/\/brasilnoticias.org\/site\/\",\"name\":\"Brasil not\u00edcias\",\"description\":\"Brasil not\u00edcias\",\"publisher\":{\"@id\":\"https:\/\/brasilnoticias.org\/site\/#organization\"},\"potentialAction\":[{\"@type\":\"SearchAction\",\"target\":{\"@type\":\"EntryPoint\",\"urlTemplate\":\"https:\/\/brasilnoticias.org\/site\/?s={search_term_string}\"},\"query-input\":{\"@type\":\"PropertyValueSpecification\",\"valueRequired\":true,\"valueName\":\"search_term_string\"}}],\"inLanguage\":\"pt-PT\"},{\"@type\":\"Organization\",\"@id\":\"https:\/\/brasilnoticias.org\/site\/#organization\",\"name\":\"Brasil not\u00edcias\",\"url\":\"https:\/\/brasilnoticias.org\/site\/\",\"logo\":{\"@type\":\"ImageObject\",\"inLanguage\":\"pt-PT\",\"@id\":\"https:\/\/brasilnoticias.org\/site\/#\/schema\/logo\/image\/\",\"url\":\"https:\/\/brasilnoticias.org\/site\/wp-content\/uploads\/2022\/05\/cropped-brasilnoticias-mini.jpg\",\"contentUrl\":\"https:\/\/brasilnoticias.org\/site\/wp-content\/uploads\/2022\/05\/cropped-brasilnoticias-mini.jpg\",\"width\":314,\"height\":86,\"caption\":\"Brasil not\u00edcias\"},\"image\":{\"@id\":\"https:\/\/brasilnoticias.org\/site\/#\/schema\/logo\/image\/\"}},{\"@type\":\"Person\",\"@id\":\"https:\/\/brasilnoticias.org\/site\/#\/schema\/person\/03bbbfe6c7634ad18c26444ea39049fa\",\"name\":\"Reda\u00e7\u00e3o\",\"image\":{\"@type\":\"ImageObject\",\"inLanguage\":\"pt-PT\",\"@id\":\"https:\/\/brasilnoticias.org\/site\/#\/schema\/person\/image\/\",\"url\":\"https:\/\/secure.gravatar.com\/avatar\/9ecaf7327a696cb23ad926fedded5f1f04d7049de9e445375d55b48c001a6e42?s=96&d=mm&r=g\",\"contentUrl\":\"https:\/\/secure.gravatar.com\/avatar\/9ecaf7327a696cb23ad926fedded5f1f04d7049de9e445375d55b48c001a6e42?s=96&d=mm&r=g\",\"caption\":\"Reda\u00e7\u00e3o\"},\"url\":\"https:\/\/brasilnoticias.org\/site\/author\/henrique\/\"}]}<\/script>\n<!-- \/ Yoast SEO plugin. -->","yoast_head_json":{"title":"Zool\u00f3gico de Salvador realiza novas edi\u00e7\u00f5es do Zoo Noturno em setembro - Brasil not\u00edcias","robots":{"index":"index","follow":"follow","max-snippet":"max-snippet:-1","max-image-preview":"max-image-preview:large","max-video-preview":"max-video-preview:-1"},"canonical":"https:\/\/brasilnoticias.org\/site\/zoologico-de-salvador-realiza-novas-edicoes-do-zoo-noturno-em-setembro\/","og_locale":"pt_PT","og_type":"article","og_title":"Zool\u00f3gico de Salvador realiza novas edi\u00e7\u00f5es do Zoo Noturno em setembro - Brasil not\u00edcias","og_description":"Neste m\u00eas de setembro, o Zool\u00f3gico de Salvador, localizado no bairro de Ondina, abre a nova temporada do Zoo Noturno,","og_url":"https:\/\/brasilnoticias.org\/site\/zoologico-de-salvador-realiza-novas-edicoes-do-zoo-noturno-em-setembro\/","og_site_name":"Brasil not\u00edcias","article_published_time":"2024-09-03T20:23:22+00:00","og_image":[{"width":850,"height":400,"url":"https:\/\/brasilnoticias.org\/site\/wp-content\/uploads\/2024\/09\/IMAGEM_NOTICIA_0-1-1.jpg","type":"image\/jpeg"}],"author":"Reda\u00e7\u00e3o","twitter_card":"summary_large_image","twitter_misc":{"Escrito por":"Reda\u00e7\u00e3o","Tempo estimado de leitura":"1 minuto"},"schema":{"@context":"https:\/\/schema.org","@graph":[{"@type":"Article","@id":"https:\/\/brasilnoticias.org\/site\/zoologico-de-salvador-realiza-novas-edicoes-do-zoo-noturno-em-setembro\/#article","isPartOf":{"@id":"https:\/\/brasilnoticias.org\/site\/zoologico-de-salvador-realiza-novas-edicoes-do-zoo-noturno-em-setembro\/"},"author":{"name":"Reda\u00e7\u00e3o","@id":"https:\/\/brasilnoticias.org\/site\/#\/schema\/person\/03bbbfe6c7634ad18c26444ea39049fa"},"headline":"Zool\u00f3gico de Salvador realiza novas edi\u00e7\u00f5es do Zoo Noturno em setembro","datePublished":"2024-09-03T20:23:22+00:00","mainEntityOfPage":{"@id":"https:\/\/brasilnoticias.org\/site\/zoologico-de-salvador-realiza-novas-edicoes-do-zoo-noturno-em-setembro\/"},"wordCount":259,"commentCount":0,"publisher":{"@id":"https:\/\/brasilnoticias.org\/site\/#organization"},"image":{"@id":"https:\/\/brasilnoticias.org\/site\/zoologico-de-salvador-realiza-novas-edicoes-do-zoo-noturno-em-setembro\/#primaryimage"},"thumbnailUrl":"https:\/\/brasilnoticias.org\/site\/wp-content\/uploads\/2024\/09\/IMAGEM_NOTICIA_0-1-1.jpg","articleSection":["Not\u00edcias","\u00daltimas"],"inLanguage":"pt-PT","potentialAction":[{"@type":"CommentAction","name":"Comment","target":["https:\/\/brasilnoticias.org\/site\/zoologico-de-salvador-realiza-novas-edicoes-do-zoo-noturno-em-setembro\/#respond"]}]},{"@type":"WebPage","@id":"https:\/\/brasilnoticias.org\/site\/zoologico-de-salvador-realiza-novas-edicoes-do-zoo-noturno-em-setembro\/","url":"https:\/\/brasilnoticias.org\/site\/zoologico-de-salvador-realiza-novas-edicoes-do-zoo-noturno-em-setembro\/","name":"Zool\u00f3gico de Salvador realiza novas edi\u00e7\u00f5es do Zoo Noturno em setembro - Brasil not\u00edcias","isPartOf":{"@id":"https:\/\/brasilnoticias.org\/site\/#website"},"primaryImageOfPage":{"@id":"https:\/\/brasilnoticias.org\/site\/zoologico-de-salvador-realiza-novas-edicoes-do-zoo-noturno-em-setembro\/#primaryimage"},"image":{"@id":"https:\/\/brasilnoticias.org\/site\/zoologico-de-salvador-realiza-novas-edicoes-do-zoo-noturno-em-setembro\/#primaryimage"},"thumbnailUrl":"https:\/\/brasilnoticias.org\/site\/wp-content\/uploads\/2024\/09\/IMAGEM_NOTICIA_0-1-1.jpg","datePublished":"2024-09-03T20:23:22+00:00","breadcrumb":{"@id":"https:\/\/brasilnoticias.org\/site\/zoologico-de-salvador-realiza-novas-edicoes-do-zoo-noturno-em-setembro\/#breadcrumb"},"inLanguage":"pt-PT","potentialAction":[{"@type":"ReadAction","target":["https:\/\/brasilnoticias.org\/site\/zoologico-de-salvador-realiza-novas-edicoes-do-zoo-noturno-em-setembro\/"]}]},{"@type":"ImageObject","inLanguage":"pt-PT","@id":"https:\/\/brasilnoticias.org\/site\/zoologico-de-salvador-realiza-novas-edicoes-do-zoo-noturno-em-setembro\/#primaryimage","url":"https:\/\/brasilnoticias.org\/site\/wp-content\/uploads\/2024\/09\/IMAGEM_NOTICIA_0-1-1.jpg","contentUrl":"https:\/\/brasilnoticias.org\/site\/wp-content\/uploads\/2024\/09\/IMAGEM_NOTICIA_0-1-1.jpg","width":850,"height":400},{"@type":"BreadcrumbList","@id":"https:\/\/brasilnoticias.org\/site\/zoologico-de-salvador-realiza-novas-edicoes-do-zoo-noturno-em-setembro\/#breadcrumb","itemListElement":[{"@type":"ListItem","position":1,"name":"In\u00edcio","item":"https:\/\/brasilnoticias.org\/site\/"},{"@type":"ListItem","position":2,"name":"Zool\u00f3gico de Salvador realiza novas edi\u00e7\u00f5es do Zoo Noturno em setembro"}]},{"@type":"WebSite","@id":"https:\/\/brasilnoticias.org\/site\/#website","url":"https:\/\/brasilnoticias.org\/site\/","name":"Brasil not\u00edcias","description":"Brasil not\u00edcias","publisher":{"@id":"https:\/\/brasilnoticias.org\/site\/#organization"},"potentialAction":[{"@type":"SearchAction","target":{"@type":"EntryPoint","urlTemplate":"https:\/\/brasilnoticias.org\/site\/?s={search_term_string}"},"query-input":{"@type":"PropertyValueSpecification","valueRequired":true,"valueName":"search_term_string"}}],"inLanguage":"pt-PT"},{"@type":"Organization","@id":"https:\/\/brasilnoticias.org\/site\/#organization","name":"Brasil not\u00edcias","url":"https:\/\/brasilnoticias.org\/site\/","logo":{"@type":"ImageObject","inLanguage":"pt-PT","@id":"https:\/\/brasilnoticias.org\/site\/#\/schema\/logo\/image\/","url":"https:\/\/brasilnoticias.org\/site\/wp-content\/uploads\/2022\/05\/cropped-brasilnoticias-mini.jpg","contentUrl":"https:\/\/brasilnoticias.org\/site\/wp-content\/uploads\/2022\/05\/cropped-brasilnoticias-mini.jpg","width":314,"height":86,"caption":"Brasil not\u00edcias"},"image":{"@id":"https:\/\/brasilnoticias.org\/site\/#\/schema\/logo\/image\/"}},{"@type":"Person","@id":"https:\/\/brasilnoticias.org\/site\/#\/schema\/person\/03bbbfe6c7634ad18c26444ea39049fa","name":"Reda\u00e7\u00e3o","image":{"@type":"ImageObject","inLanguage":"pt-PT","@id":"https:\/\/brasilnoticias.org\/site\/#\/schema\/person\/image\/","url":"https:\/\/secure.gravatar.com\/avatar\/9ecaf7327a696cb23ad926fedded5f1f04d7049de9e445375d55b48c001a6e42?s=96&d=mm&r=g","contentUrl":"https:\/\/secure.gravatar.com\/avatar\/9ecaf7327a696cb23ad926fedded5f1f04d7049de9e445375d55b48c001a6e42?s=96&d=mm&r=g","caption":"Reda\u00e7\u00e3o"},"url":"https:\/\/brasilnoticias.org\/site\/author\/henrique\/"}]}},"_links":{"self":[{"href":"https:\/\/brasilnoticias.org\/site\/wp-json\/wp\/v2\/posts\/15799","targetHints":{"allow":["GET"]}}],"collection":[{"href":"https:\/\/brasilnoticias.org\/site\/wp-json\/wp\/v2\/posts"}],"about":[{"href":"https:\/\/brasilnoticias.org\/site\/wp-json\/wp\/v2\/types\/post"}],"author":[{"embeddable":true,"href":"https:\/\/brasilnoticias.org\/site\/wp-json\/wp\/v2\/users\/4"}],"replies":[{"embeddable":true,"href":"https:\/\/brasilnoticias.org\/site\/wp-json\/wp\/v2\/comments?post=15799"}],"version-history":[{"count":1,"href":"https:\/\/brasilnoticias.org\/site\/wp-json\/wp\/v2\/posts\/15799\/revisions"}],"predecessor-version":[{"id":15801,"href":"https:\/\/brasilnoticias.org\/site\/wp-json\/wp\/v2\/posts\/15799\/revisions\/15801"}],"wp:featuredmedia":[{"embeddable":true,"href":"https:\/\/brasilnoticias.org\/site\/wp-json\/wp\/v2\/media\/15800"}],"wp:attachment":[{"href":"https:\/\/brasilnoticias.org\/site\/wp-json\/wp\/v2\/media?parent=15799"}],"wp:term":[{"taxonomy":"category","embeddable":true,"href":"https:\/\/brasilnoticias.org\/site\/wp-json\/wp\/v2\/categories?post=15799"},{"taxonomy":"post_tag","embeddable":true,"href":"https:\/\/brasilnoticias.org\/site\/wp-json\/wp\/v2\/tags?post=15799"}],"curies":[{"name":"wp","href":"https:\/\/api.w.org\/{rel}","templated":true}]}}