{"id":15814,"date":"2024-09-03T17:28:29","date_gmt":"2024-09-03T20:28:29","guid":{"rendered":"https:\/\/brasilnoticias.org\/site\/?p=15814"},"modified":"2024-09-03T17:28:29","modified_gmt":"2024-09-03T20:28:29","slug":"projeto-que-regulamenta-cigarros-eletronicos-fica-fora-de-sessao-do-senado","status":"publish","type":"post","link":"https:\/\/brasilnoticias.org\/site\/projeto-que-regulamenta-cigarros-eletronicos-fica-fora-de-sessao-do-senado\/","title":{"rendered":"Projeto que regulamenta cigarros eletr\u00f4nicos fica fora de sess\u00e3o do Senado"},"content":{"rendered":"<p>Projeto estava previsto para ser analisado na Comiss\u00e3o de Assuntos Econ\u00f4micos (CAE) nesta ter\u00e7a-feira<\/p>\n<p>Prevista para ser analisado nesta ter\u00e7a-feira (3), o projeto que regulamenta a produ\u00e7\u00e3o e a comercializa\u00e7\u00e3o de cigarros eletr\u00f4nicos no Brasil n\u00e3o entrou na pauta da Comiss\u00e3o de Assuntos Econ\u00f4micos (CAE) realizada nesta manh\u00e3. Durante a leitura da agenda das pautas a serem discutidas pela CAE ao longo dos pr\u00f3ximos dias, o PL tamb\u00e9m n\u00e3o foi citado.<\/p>\n<p>A mat\u00e9ria estava prevista anteriormente para ser votada no \u00faltimo dia 20 de agosto, mas foi retirada da pauta a pedido do relator da proposta, o senador Eduardo Gomes (PL-TO). O parlamentar j\u00e1 apresentou um parecer favor\u00e1vel ao projeto da senadora Soraya Thronicke (Podemos-MS).<\/p>\n<p>O texto j\u00e1 foi adiado diversas vezes, al\u00e9m de tamb\u00e9m ter sido discutido durante uma audi\u00eancia p\u00fablica e em uma sess\u00e3o tem\u00e1tica em Plen\u00e1rio, com a participa\u00e7\u00e3o de senadores e especialistas.<\/p>\n<p>Cigarros eletr\u00f4nicos s\u00e3o proibidos pela Ag\u00eancia Nacional de Vigil\u00e2ncia Sanit\u00e1ria (Anvisa) desde 2009. O projeto de Thronicke visa regulamentar produ\u00e7\u00e3o, comercializa\u00e7\u00e3o, exporta\u00e7\u00e3o, importa\u00e7\u00e3o e consumo. Um dos argumentos para ser aprovado inclu\u00eddos no texto do projeto \u00e9 de que criaria uma receita de R$ 2,2 bilh\u00f5es de impostos ao pa\u00eds.<\/p>\n<p>Foto: Edilson Rodrigues\/Ag\u00eancia Senado<br \/>\nPor: Metro1<\/p>\n","protected":false},"excerpt":{"rendered":"<p>Projeto estava previsto para ser analisado na Comiss\u00e3o de Assuntos Econ\u00f4micos (CAE) nesta ter\u00e7a-feira Prevista para ser analisado nesta ter\u00e7a-feira<\/p>\n","protected":false},"author":4,"featured_media":15815,"comment_status":"open","ping_status":"open","sticky":false,"template":"","format":"standard","meta":{"colormag_page_container_layout":"default_layout","colormag_page_sidebar_layout":"default_layout","_FSMCFIC_featured_image_caption":"","_FSMCFIC_featured_image_nocaption":"","_FSMCFIC_featured_image_hide":"","footnotes":""},"categories":[5,1],"tags":[],"class_list":["post-15814","post","type-post","status-publish","format-standard","has-post-thumbnail","hentry","category-politica","category-ultimas"],"yoast_head":"<!-- This site is optimized with the Yoast SEO plugin v27.1.1 - https:\/\/yoast.com\/product\/yoast-seo-wordpress\/ -->\n<title>Projeto que regulamenta cigarros eletr\u00f4nicos fica fora de sess\u00e3o do Senado - Brasil not\u00edcias<\/title>\n<meta name=\"robots\" content=\"index, follow, max-snippet:-1, max-image-preview:large, max-video-preview:-1\" \/>\n<link rel=\"canonical\" href=\"https:\/\/brasilnoticias.org\/site\/projeto-que-regulamenta-cigarros-eletronicos-fica-fora-de-sessao-do-senado\/\" \/>\n<meta property=\"og:locale\" content=\"pt_PT\" \/>\n<meta property=\"og:type\" content=\"article\" \/>\n<meta property=\"og:title\" content=\"Projeto que regulamenta cigarros eletr\u00f4nicos fica fora de sess\u00e3o do Senado - Brasil not\u00edcias\" \/>\n<meta property=\"og:description\" content=\"Projeto estava previsto para ser analisado na Comiss\u00e3o de Assuntos Econ\u00f4micos (CAE) nesta ter\u00e7a-feira Prevista para ser analisado nesta ter\u00e7a-feira\" \/>\n<meta property=\"og:url\" content=\"https:\/\/brasilnoticias.org\/site\/projeto-que-regulamenta-cigarros-eletronicos-fica-fora-de-sessao-do-senado\/\" \/>\n<meta property=\"og:site_name\" content=\"Brasil not\u00edcias\" \/>\n<meta property=\"article:published_time\" content=\"2024-09-03T20:28:29+00:00\" \/>\n<meta property=\"og:image\" content=\"https:\/\/brasilnoticias.org\/site\/wp-content\/uploads\/2024\/09\/154760projeto-que-regulamenta-cigarros-eletronicos-fica-fora-de-sessao-do-senado-3.jpg\" \/>\n\t<meta property=\"og:image:width\" content=\"1600\" \/>\n\t<meta property=\"og:image:height\" content=\"752\" \/>\n\t<meta property=\"og:image:type\" content=\"image\/jpeg\" \/>\n<meta name=\"author\" content=\"Reda\u00e7\u00e3o\" \/>\n<meta name=\"twitter:card\" content=\"summary_large_image\" \/>\n<meta name=\"twitter:label1\" content=\"Escrito por\" \/>\n\t<meta name=\"twitter:data1\" content=\"Reda\u00e7\u00e3o\" \/>\n\t<meta name=\"twitter:label2\" content=\"Tempo estimado de leitura\" \/>\n\t<meta name=\"twitter:data2\" content=\"1 minuto\" \/>\n<script type=\"application\/ld+json\" class=\"yoast-schema-graph\">{\"@context\":\"https:\/\/schema.org\",\"@graph\":[{\"@type\":\"Article\",\"@id\":\"https:\/\/brasilnoticias.org\/site\/projeto-que-regulamenta-cigarros-eletronicos-fica-fora-de-sessao-do-senado\/#article\",\"isPartOf\":{\"@id\":\"https:\/\/brasilnoticias.org\/site\/projeto-que-regulamenta-cigarros-eletronicos-fica-fora-de-sessao-do-senado\/\"},\"author\":{\"name\":\"Reda\u00e7\u00e3o\",\"@id\":\"https:\/\/brasilnoticias.org\/site\/#\/schema\/person\/03bbbfe6c7634ad18c26444ea39049fa\"},\"headline\":\"Projeto que regulamenta cigarros eletr\u00f4nicos fica fora de sess\u00e3o do Senado\",\"datePublished\":\"2024-09-03T20:28:29+00:00\",\"mainEntityOfPage\":{\"@id\":\"https:\/\/brasilnoticias.org\/site\/projeto-que-regulamenta-cigarros-eletronicos-fica-fora-de-sessao-do-senado\/\"},\"wordCount\":247,\"commentCount\":0,\"publisher\":{\"@id\":\"https:\/\/brasilnoticias.org\/site\/#organization\"},\"image\":{\"@id\":\"https:\/\/brasilnoticias.org\/site\/projeto-que-regulamenta-cigarros-eletronicos-fica-fora-de-sessao-do-senado\/#primaryimage\"},\"thumbnailUrl\":\"https:\/\/brasilnoticias.org\/site\/wp-content\/uploads\/2024\/09\/154760projeto-que-regulamenta-cigarros-eletronicos-fica-fora-de-sessao-do-senado-3.jpg\",\"articleSection\":[\"Pol\u00edtica\",\"\u00daltimas\"],\"inLanguage\":\"pt-PT\",\"potentialAction\":[{\"@type\":\"CommentAction\",\"name\":\"Comment\",\"target\":[\"https:\/\/brasilnoticias.org\/site\/projeto-que-regulamenta-cigarros-eletronicos-fica-fora-de-sessao-do-senado\/#respond\"]}]},{\"@type\":\"WebPage\",\"@id\":\"https:\/\/brasilnoticias.org\/site\/projeto-que-regulamenta-cigarros-eletronicos-fica-fora-de-sessao-do-senado\/\",\"url\":\"https:\/\/brasilnoticias.org\/site\/projeto-que-regulamenta-cigarros-eletronicos-fica-fora-de-sessao-do-senado\/\",\"name\":\"Projeto que regulamenta cigarros eletr\u00f4nicos fica fora de sess\u00e3o do Senado - Brasil not\u00edcias\",\"isPartOf\":{\"@id\":\"https:\/\/brasilnoticias.org\/site\/#website\"},\"primaryImageOfPage\":{\"@id\":\"https:\/\/brasilnoticias.org\/site\/projeto-que-regulamenta-cigarros-eletronicos-fica-fora-de-sessao-do-senado\/#primaryimage\"},\"image\":{\"@id\":\"https:\/\/brasilnoticias.org\/site\/projeto-que-regulamenta-cigarros-eletronicos-fica-fora-de-sessao-do-senado\/#primaryimage\"},\"thumbnailUrl\":\"https:\/\/brasilnoticias.org\/site\/wp-content\/uploads\/2024\/09\/154760projeto-que-regulamenta-cigarros-eletronicos-fica-fora-de-sessao-do-senado-3.jpg\",\"datePublished\":\"2024-09-03T20:28:29+00:00\",\"breadcrumb\":{\"@id\":\"https:\/\/brasilnoticias.org\/site\/projeto-que-regulamenta-cigarros-eletronicos-fica-fora-de-sessao-do-senado\/#breadcrumb\"},\"inLanguage\":\"pt-PT\",\"potentialAction\":[{\"@type\":\"ReadAction\",\"target\":[\"https:\/\/brasilnoticias.org\/site\/projeto-que-regulamenta-cigarros-eletronicos-fica-fora-de-sessao-do-senado\/\"]}]},{\"@type\":\"ImageObject\",\"inLanguage\":\"pt-PT\",\"@id\":\"https:\/\/brasilnoticias.org\/site\/projeto-que-regulamenta-cigarros-eletronicos-fica-fora-de-sessao-do-senado\/#primaryimage\",\"url\":\"https:\/\/brasilnoticias.org\/site\/wp-content\/uploads\/2024\/09\/154760projeto-que-regulamenta-cigarros-eletronicos-fica-fora-de-sessao-do-senado-3.jpg\",\"contentUrl\":\"https:\/\/brasilnoticias.org\/site\/wp-content\/uploads\/2024\/09\/154760projeto-que-regulamenta-cigarros-eletronicos-fica-fora-de-sessao-do-senado-3.jpg\",\"width\":1600,\"height\":752},{\"@type\":\"BreadcrumbList\",\"@id\":\"https:\/\/brasilnoticias.org\/site\/projeto-que-regulamenta-cigarros-eletronicos-fica-fora-de-sessao-do-senado\/#breadcrumb\",\"itemListElement\":[{\"@type\":\"ListItem\",\"position\":1,\"name\":\"In\u00edcio\",\"item\":\"https:\/\/brasilnoticias.org\/site\/\"},{\"@type\":\"ListItem\",\"position\":2,\"name\":\"Projeto que regulamenta cigarros eletr\u00f4nicos fica fora de sess\u00e3o do Senado\"}]},{\"@type\":\"WebSite\",\"@id\":\"https:\/\/brasilnoticias.org\/site\/#website\",\"url\":\"https:\/\/brasilnoticias.org\/site\/\",\"name\":\"Brasil not\u00edcias\",\"description\":\"Brasil not\u00edcias\",\"publisher\":{\"@id\":\"https:\/\/brasilnoticias.org\/site\/#organization\"},\"potentialAction\":[{\"@type\":\"SearchAction\",\"target\":{\"@type\":\"EntryPoint\",\"urlTemplate\":\"https:\/\/brasilnoticias.org\/site\/?s={search_term_string}\"},\"query-input\":{\"@type\":\"PropertyValueSpecification\",\"valueRequired\":true,\"valueName\":\"search_term_string\"}}],\"inLanguage\":\"pt-PT\"},{\"@type\":\"Organization\",\"@id\":\"https:\/\/brasilnoticias.org\/site\/#organization\",\"name\":\"Brasil not\u00edcias\",\"url\":\"https:\/\/brasilnoticias.org\/site\/\",\"logo\":{\"@type\":\"ImageObject\",\"inLanguage\":\"pt-PT\",\"@id\":\"https:\/\/brasilnoticias.org\/site\/#\/schema\/logo\/image\/\",\"url\":\"https:\/\/brasilnoticias.org\/site\/wp-content\/uploads\/2022\/05\/cropped-brasilnoticias-mini.jpg\",\"contentUrl\":\"https:\/\/brasilnoticias.org\/site\/wp-content\/uploads\/2022\/05\/cropped-brasilnoticias-mini.jpg\",\"width\":314,\"height\":86,\"caption\":\"Brasil not\u00edcias\"},\"image\":{\"@id\":\"https:\/\/brasilnoticias.org\/site\/#\/schema\/logo\/image\/\"}},{\"@type\":\"Person\",\"@id\":\"https:\/\/brasilnoticias.org\/site\/#\/schema\/person\/03bbbfe6c7634ad18c26444ea39049fa\",\"name\":\"Reda\u00e7\u00e3o\",\"image\":{\"@type\":\"ImageObject\",\"inLanguage\":\"pt-PT\",\"@id\":\"https:\/\/brasilnoticias.org\/site\/#\/schema\/person\/image\/\",\"url\":\"https:\/\/secure.gravatar.com\/avatar\/9ecaf7327a696cb23ad926fedded5f1f04d7049de9e445375d55b48c001a6e42?s=96&d=mm&r=g\",\"contentUrl\":\"https:\/\/secure.gravatar.com\/avatar\/9ecaf7327a696cb23ad926fedded5f1f04d7049de9e445375d55b48c001a6e42?s=96&d=mm&r=g\",\"caption\":\"Reda\u00e7\u00e3o\"},\"url\":\"https:\/\/brasilnoticias.org\/site\/author\/henrique\/\"}]}<\/script>\n<!-- \/ Yoast SEO plugin. -->","yoast_head_json":{"title":"Projeto que regulamenta cigarros eletr\u00f4nicos fica fora de sess\u00e3o do Senado - Brasil not\u00edcias","robots":{"index":"index","follow":"follow","max-snippet":"max-snippet:-1","max-image-preview":"max-image-preview:large","max-video-preview":"max-video-preview:-1"},"canonical":"https:\/\/brasilnoticias.org\/site\/projeto-que-regulamenta-cigarros-eletronicos-fica-fora-de-sessao-do-senado\/","og_locale":"pt_PT","og_type":"article","og_title":"Projeto que regulamenta cigarros eletr\u00f4nicos fica fora de sess\u00e3o do Senado - Brasil not\u00edcias","og_description":"Projeto estava previsto para ser analisado na Comiss\u00e3o de Assuntos Econ\u00f4micos (CAE) nesta ter\u00e7a-feira Prevista para ser analisado nesta ter\u00e7a-feira","og_url":"https:\/\/brasilnoticias.org\/site\/projeto-que-regulamenta-cigarros-eletronicos-fica-fora-de-sessao-do-senado\/","og_site_name":"Brasil not\u00edcias","article_published_time":"2024-09-03T20:28:29+00:00","og_image":[{"width":1600,"height":752,"url":"https:\/\/brasilnoticias.org\/site\/wp-content\/uploads\/2024\/09\/154760projeto-que-regulamenta-cigarros-eletronicos-fica-fora-de-sessao-do-senado-3.jpg","type":"image\/jpeg"}],"author":"Reda\u00e7\u00e3o","twitter_card":"summary_large_image","twitter_misc":{"Escrito por":"Reda\u00e7\u00e3o","Tempo estimado de leitura":"1 minuto"},"schema":{"@context":"https:\/\/schema.org","@graph":[{"@type":"Article","@id":"https:\/\/brasilnoticias.org\/site\/projeto-que-regulamenta-cigarros-eletronicos-fica-fora-de-sessao-do-senado\/#article","isPartOf":{"@id":"https:\/\/brasilnoticias.org\/site\/projeto-que-regulamenta-cigarros-eletronicos-fica-fora-de-sessao-do-senado\/"},"author":{"name":"Reda\u00e7\u00e3o","@id":"https:\/\/brasilnoticias.org\/site\/#\/schema\/person\/03bbbfe6c7634ad18c26444ea39049fa"},"headline":"Projeto que regulamenta cigarros eletr\u00f4nicos fica fora de sess\u00e3o do Senado","datePublished":"2024-09-03T20:28:29+00:00","mainEntityOfPage":{"@id":"https:\/\/brasilnoticias.org\/site\/projeto-que-regulamenta-cigarros-eletronicos-fica-fora-de-sessao-do-senado\/"},"wordCount":247,"commentCount":0,"publisher":{"@id":"https:\/\/brasilnoticias.org\/site\/#organization"},"image":{"@id":"https:\/\/brasilnoticias.org\/site\/projeto-que-regulamenta-cigarros-eletronicos-fica-fora-de-sessao-do-senado\/#primaryimage"},"thumbnailUrl":"https:\/\/brasilnoticias.org\/site\/wp-content\/uploads\/2024\/09\/154760projeto-que-regulamenta-cigarros-eletronicos-fica-fora-de-sessao-do-senado-3.jpg","articleSection":["Pol\u00edtica","\u00daltimas"],"inLanguage":"pt-PT","potentialAction":[{"@type":"CommentAction","name":"Comment","target":["https:\/\/brasilnoticias.org\/site\/projeto-que-regulamenta-cigarros-eletronicos-fica-fora-de-sessao-do-senado\/#respond"]}]},{"@type":"WebPage","@id":"https:\/\/brasilnoticias.org\/site\/projeto-que-regulamenta-cigarros-eletronicos-fica-fora-de-sessao-do-senado\/","url":"https:\/\/brasilnoticias.org\/site\/projeto-que-regulamenta-cigarros-eletronicos-fica-fora-de-sessao-do-senado\/","name":"Projeto que regulamenta cigarros eletr\u00f4nicos fica fora de sess\u00e3o do Senado - Brasil not\u00edcias","isPartOf":{"@id":"https:\/\/brasilnoticias.org\/site\/#website"},"primaryImageOfPage":{"@id":"https:\/\/brasilnoticias.org\/site\/projeto-que-regulamenta-cigarros-eletronicos-fica-fora-de-sessao-do-senado\/#primaryimage"},"image":{"@id":"https:\/\/brasilnoticias.org\/site\/projeto-que-regulamenta-cigarros-eletronicos-fica-fora-de-sessao-do-senado\/#primaryimage"},"thumbnailUrl":"https:\/\/brasilnoticias.org\/site\/wp-content\/uploads\/2024\/09\/154760projeto-que-regulamenta-cigarros-eletronicos-fica-fora-de-sessao-do-senado-3.jpg","datePublished":"2024-09-03T20:28:29+00:00","breadcrumb":{"@id":"https:\/\/brasilnoticias.org\/site\/projeto-que-regulamenta-cigarros-eletronicos-fica-fora-de-sessao-do-senado\/#breadcrumb"},"inLanguage":"pt-PT","potentialAction":[{"@type":"ReadAction","target":["https:\/\/brasilnoticias.org\/site\/projeto-que-regulamenta-cigarros-eletronicos-fica-fora-de-sessao-do-senado\/"]}]},{"@type":"ImageObject","inLanguage":"pt-PT","@id":"https:\/\/brasilnoticias.org\/site\/projeto-que-regulamenta-cigarros-eletronicos-fica-fora-de-sessao-do-senado\/#primaryimage","url":"https:\/\/brasilnoticias.org\/site\/wp-content\/uploads\/2024\/09\/154760projeto-que-regulamenta-cigarros-eletronicos-fica-fora-de-sessao-do-senado-3.jpg","contentUrl":"https:\/\/brasilnoticias.org\/site\/wp-content\/uploads\/2024\/09\/154760projeto-que-regulamenta-cigarros-eletronicos-fica-fora-de-sessao-do-senado-3.jpg","width":1600,"height":752},{"@type":"BreadcrumbList","@id":"https:\/\/brasilnoticias.org\/site\/projeto-que-regulamenta-cigarros-eletronicos-fica-fora-de-sessao-do-senado\/#breadcrumb","itemListElement":[{"@type":"ListItem","position":1,"name":"In\u00edcio","item":"https:\/\/brasilnoticias.org\/site\/"},{"@type":"ListItem","position":2,"name":"Projeto que regulamenta cigarros eletr\u00f4nicos fica fora de sess\u00e3o do Senado"}]},{"@type":"WebSite","@id":"https:\/\/brasilnoticias.org\/site\/#website","url":"https:\/\/brasilnoticias.org\/site\/","name":"Brasil not\u00edcias","description":"Brasil not\u00edcias","publisher":{"@id":"https:\/\/brasilnoticias.org\/site\/#organization"},"potentialAction":[{"@type":"SearchAction","target":{"@type":"EntryPoint","urlTemplate":"https:\/\/brasilnoticias.org\/site\/?s={search_term_string}"},"query-input":{"@type":"PropertyValueSpecification","valueRequired":true,"valueName":"search_term_string"}}],"inLanguage":"pt-PT"},{"@type":"Organization","@id":"https:\/\/brasilnoticias.org\/site\/#organization","name":"Brasil not\u00edcias","url":"https:\/\/brasilnoticias.org\/site\/","logo":{"@type":"ImageObject","inLanguage":"pt-PT","@id":"https:\/\/brasilnoticias.org\/site\/#\/schema\/logo\/image\/","url":"https:\/\/brasilnoticias.org\/site\/wp-content\/uploads\/2022\/05\/cropped-brasilnoticias-mini.jpg","contentUrl":"https:\/\/brasilnoticias.org\/site\/wp-content\/uploads\/2022\/05\/cropped-brasilnoticias-mini.jpg","width":314,"height":86,"caption":"Brasil not\u00edcias"},"image":{"@id":"https:\/\/brasilnoticias.org\/site\/#\/schema\/logo\/image\/"}},{"@type":"Person","@id":"https:\/\/brasilnoticias.org\/site\/#\/schema\/person\/03bbbfe6c7634ad18c26444ea39049fa","name":"Reda\u00e7\u00e3o","image":{"@type":"ImageObject","inLanguage":"pt-PT","@id":"https:\/\/brasilnoticias.org\/site\/#\/schema\/person\/image\/","url":"https:\/\/secure.gravatar.com\/avatar\/9ecaf7327a696cb23ad926fedded5f1f04d7049de9e445375d55b48c001a6e42?s=96&d=mm&r=g","contentUrl":"https:\/\/secure.gravatar.com\/avatar\/9ecaf7327a696cb23ad926fedded5f1f04d7049de9e445375d55b48c001a6e42?s=96&d=mm&r=g","caption":"Reda\u00e7\u00e3o"},"url":"https:\/\/brasilnoticias.org\/site\/author\/henrique\/"}]}},"_links":{"self":[{"href":"https:\/\/brasilnoticias.org\/site\/wp-json\/wp\/v2\/posts\/15814","targetHints":{"allow":["GET"]}}],"collection":[{"href":"https:\/\/brasilnoticias.org\/site\/wp-json\/wp\/v2\/posts"}],"about":[{"href":"https:\/\/brasilnoticias.org\/site\/wp-json\/wp\/v2\/types\/post"}],"author":[{"embeddable":true,"href":"https:\/\/brasilnoticias.org\/site\/wp-json\/wp\/v2\/users\/4"}],"replies":[{"embeddable":true,"href":"https:\/\/brasilnoticias.org\/site\/wp-json\/wp\/v2\/comments?post=15814"}],"version-history":[{"count":1,"href":"https:\/\/brasilnoticias.org\/site\/wp-json\/wp\/v2\/posts\/15814\/revisions"}],"predecessor-version":[{"id":15816,"href":"https:\/\/brasilnoticias.org\/site\/wp-json\/wp\/v2\/posts\/15814\/revisions\/15816"}],"wp:featuredmedia":[{"embeddable":true,"href":"https:\/\/brasilnoticias.org\/site\/wp-json\/wp\/v2\/media\/15815"}],"wp:attachment":[{"href":"https:\/\/brasilnoticias.org\/site\/wp-json\/wp\/v2\/media?parent=15814"}],"wp:term":[{"taxonomy":"category","embeddable":true,"href":"https:\/\/brasilnoticias.org\/site\/wp-json\/wp\/v2\/categories?post=15814"},{"taxonomy":"post_tag","embeddable":true,"href":"https:\/\/brasilnoticias.org\/site\/wp-json\/wp\/v2\/tags?post=15814"}],"curies":[{"name":"wp","href":"https:\/\/api.w.org\/{rel}","templated":true}]}}