{"id":15821,"date":"2024-09-03T17:30:46","date_gmt":"2024-09-03T20:30:46","guid":{"rendered":"https:\/\/brasilnoticias.org\/site\/?p=15821"},"modified":"2024-09-03T17:30:46","modified_gmt":"2024-09-03T20:30:46","slug":"foragido-da-justica-do-rio-traficante-morre-em-confronto-com-pms-na-av-centenario","status":"publish","type":"post","link":"https:\/\/brasilnoticias.org\/site\/foragido-da-justica-do-rio-traficante-morre-em-confronto-com-pms-na-av-centenario\/","title":{"rendered":"Foragido da Justi\u00e7a do Rio, traficante morre em confronto com PMs na Av. Centen\u00e1rio"},"content":{"rendered":"<p>Ele era apontado como l\u00edder de fac\u00e7\u00e3o com atua\u00e7\u00e3o nos estados da Bahia e RJ e estava em um carro modelo Mobi.<\/p>\n<p>Dois homens e uma mulher foram interceptados por policiais militares, na manh\u00e3 desta ter\u00e7a-feira, quando praticavam assaltos, nas proximidades do t\u00fanel que liga a Avenida Centen\u00e1rio \u00e0 regi\u00e3o do Vale dos Barris, em Salvador.<\/p>\n<p>Um dos criminosos estava armado e trocou tiros com a guarni\u00e7\u00e3o do Batalh\u00e3o Apolo. Ele foi atingido, socorrido para o Hospital Geral do Estado, mas n\u00e3o resistiu aos ferimentos, morrendo na unidade.<\/p>\n<p>O trio, segundo apura\u00e7\u00e3o da reportagem do programa Al\u00f4 Juca, da TV Aratu, tinha acabado de roubar um carro de um motorista por aplicativo.<\/p>\n<p>O casal sobrevivente foi preso e  conduzido para a Delegacia de Repress\u00e3o a Furtos e Roubos de Ve\u00edculos. O ve\u00edculo da v\u00edtima foi recuperado.<\/p>\n<p>TRAFICANTE DO RIO DE JANEIRO<\/p>\n<p>Em nota, a Pol\u00edcia Militar informou que o criminoso morto era o traficante Robson Costa Uzeda da Silva, foragido da Justi\u00e7a do Rio de Janeiro. Ele era apontado como l\u00edder de fac\u00e7\u00e3o com atua\u00e7\u00e3o nos estados da Bahia e RJ e estava em um carro modelo Mobi.<\/p>\n<p>Com o traficante foram apreendidos uma pistola calibre 40, carregador e muni\u00e7\u00f5es. A mulher, conforme a PM, tamb\u00e9m possu\u00eda mandado de pris\u00e3o da Justi\u00e7a do Rio de Janeiro. O motorista do autom\u00f3vel foi encaminhado para prestar esclarecimentos.<\/p>\n<p>Ainda de acordo com a PM, Robson, em 2018, ap\u00f3s ser flagrado com drogas no bairro de Brotas, tentou subornar os PMs que efetuaram a pris\u00e3o e acabou respondendo por mais um crime.<\/p>\n<p>A opera\u00e7\u00e3o da PM foi realizada por guarni\u00e7\u00f5es do Batalh\u00e3o Apolo da Pol\u00edcia Militar, em uma a\u00e7\u00e3o integrada com a FICCO Bahia, a Rondesp Rec\u00f4ncavo e a 33a CIPM (Valen\u00e7a).<\/p>\n<p>Foto: divulga\u00e7\u00e3o\/SSP-BA<br \/>\nAratu On<\/p>\n","protected":false},"excerpt":{"rendered":"<p>Ele era apontado como l\u00edder de fac\u00e7\u00e3o com atua\u00e7\u00e3o nos estados da Bahia e RJ e estava em um carro<\/p>\n","protected":false},"author":4,"featured_media":15822,"comment_status":"open","ping_status":"open","sticky":false,"template":"","format":"standard","meta":{"colormag_page_container_layout":"default_layout","colormag_page_sidebar_layout":"default_layout","_FSMCFIC_featured_image_caption":"","_FSMCFIC_featured_image_nocaption":"","_FSMCFIC_featured_image_hide":"","footnotes":""},"categories":[3,1],"tags":[],"class_list":["post-15821","post","type-post","status-publish","format-standard","has-post-thumbnail","hentry","category-policia","category-ultimas"],"yoast_head":"<!-- This site is optimized with the Yoast SEO plugin v27.1.1 - https:\/\/yoast.com\/product\/yoast-seo-wordpress\/ -->\n<title>Foragido da Justi\u00e7a do Rio, traficante morre em confronto com PMs na Av. Centen\u00e1rio - Brasil not\u00edcias<\/title>\n<meta name=\"robots\" content=\"index, follow, max-snippet:-1, max-image-preview:large, max-video-preview:-1\" \/>\n<link rel=\"canonical\" href=\"https:\/\/brasilnoticias.org\/site\/foragido-da-justica-do-rio-traficante-morre-em-confronto-com-pms-na-av-centenario\/\" \/>\n<meta property=\"og:locale\" content=\"pt_PT\" \/>\n<meta property=\"og:type\" content=\"article\" \/>\n<meta property=\"og:title\" content=\"Foragido da Justi\u00e7a do Rio, traficante morre em confronto com PMs na Av. Centen\u00e1rio - Brasil not\u00edcias\" \/>\n<meta property=\"og:description\" content=\"Ele era apontado como l\u00edder de fac\u00e7\u00e3o com atua\u00e7\u00e3o nos estados da Bahia e RJ e estava em um carro\" \/>\n<meta property=\"og:url\" content=\"https:\/\/brasilnoticias.org\/site\/foragido-da-justica-do-rio-traficante-morre-em-confronto-com-pms-na-av-centenario\/\" \/>\n<meta property=\"og:site_name\" content=\"Brasil not\u00edcias\" \/>\n<meta property=\"article:published_time\" content=\"2024-09-03T20:30:46+00:00\" \/>\n<meta property=\"og:image\" content=\"https:\/\/brasilnoticias.org\/site\/wp-content\/uploads\/2024\/09\/traficante-carioca.jpg\" \/>\n\t<meta property=\"og:image:width\" content=\"960\" \/>\n\t<meta property=\"og:image:height\" content=\"500\" \/>\n\t<meta property=\"og:image:type\" content=\"image\/jpeg\" \/>\n<meta name=\"author\" content=\"Reda\u00e7\u00e3o\" \/>\n<meta name=\"twitter:card\" content=\"summary_large_image\" \/>\n<meta name=\"twitter:label1\" content=\"Escrito por\" \/>\n\t<meta name=\"twitter:data1\" content=\"Reda\u00e7\u00e3o\" \/>\n<script type=\"application\/ld+json\" class=\"yoast-schema-graph\">{\"@context\":\"https:\/\/schema.org\",\"@graph\":[{\"@type\":\"Article\",\"@id\":\"https:\/\/brasilnoticias.org\/site\/foragido-da-justica-do-rio-traficante-morre-em-confronto-com-pms-na-av-centenario\/#article\",\"isPartOf\":{\"@id\":\"https:\/\/brasilnoticias.org\/site\/foragido-da-justica-do-rio-traficante-morre-em-confronto-com-pms-na-av-centenario\/\"},\"author\":{\"name\":\"Reda\u00e7\u00e3o\",\"@id\":\"https:\/\/brasilnoticias.org\/site\/#\/schema\/person\/03bbbfe6c7634ad18c26444ea39049fa\"},\"headline\":\"Foragido da Justi\u00e7a do Rio, traficante morre em confronto com PMs na Av. Centen\u00e1rio\",\"datePublished\":\"2024-09-03T20:30:46+00:00\",\"mainEntityOfPage\":{\"@id\":\"https:\/\/brasilnoticias.org\/site\/foragido-da-justica-do-rio-traficante-morre-em-confronto-com-pms-na-av-centenario\/\"},\"wordCount\":342,\"commentCount\":0,\"publisher\":{\"@id\":\"https:\/\/brasilnoticias.org\/site\/#organization\"},\"image\":{\"@id\":\"https:\/\/brasilnoticias.org\/site\/foragido-da-justica-do-rio-traficante-morre-em-confronto-com-pms-na-av-centenario\/#primaryimage\"},\"thumbnailUrl\":\"https:\/\/brasilnoticias.org\/site\/wp-content\/uploads\/2024\/09\/traficante-carioca.jpg\",\"articleSection\":[\"Pol\u00edcia\",\"\u00daltimas\"],\"inLanguage\":\"pt-PT\",\"potentialAction\":[{\"@type\":\"CommentAction\",\"name\":\"Comment\",\"target\":[\"https:\/\/brasilnoticias.org\/site\/foragido-da-justica-do-rio-traficante-morre-em-confronto-com-pms-na-av-centenario\/#respond\"]}]},{\"@type\":\"WebPage\",\"@id\":\"https:\/\/brasilnoticias.org\/site\/foragido-da-justica-do-rio-traficante-morre-em-confronto-com-pms-na-av-centenario\/\",\"url\":\"https:\/\/brasilnoticias.org\/site\/foragido-da-justica-do-rio-traficante-morre-em-confronto-com-pms-na-av-centenario\/\",\"name\":\"Foragido da Justi\u00e7a do Rio, traficante morre em confronto com PMs na Av. Centen\u00e1rio - Brasil not\u00edcias\",\"isPartOf\":{\"@id\":\"https:\/\/brasilnoticias.org\/site\/#website\"},\"primaryImageOfPage\":{\"@id\":\"https:\/\/brasilnoticias.org\/site\/foragido-da-justica-do-rio-traficante-morre-em-confronto-com-pms-na-av-centenario\/#primaryimage\"},\"image\":{\"@id\":\"https:\/\/brasilnoticias.org\/site\/foragido-da-justica-do-rio-traficante-morre-em-confronto-com-pms-na-av-centenario\/#primaryimage\"},\"thumbnailUrl\":\"https:\/\/brasilnoticias.org\/site\/wp-content\/uploads\/2024\/09\/traficante-carioca.jpg\",\"datePublished\":\"2024-09-03T20:30:46+00:00\",\"breadcrumb\":{\"@id\":\"https:\/\/brasilnoticias.org\/site\/foragido-da-justica-do-rio-traficante-morre-em-confronto-com-pms-na-av-centenario\/#breadcrumb\"},\"inLanguage\":\"pt-PT\",\"potentialAction\":[{\"@type\":\"ReadAction\",\"target\":[\"https:\/\/brasilnoticias.org\/site\/foragido-da-justica-do-rio-traficante-morre-em-confronto-com-pms-na-av-centenario\/\"]}]},{\"@type\":\"ImageObject\",\"inLanguage\":\"pt-PT\",\"@id\":\"https:\/\/brasilnoticias.org\/site\/foragido-da-justica-do-rio-traficante-morre-em-confronto-com-pms-na-av-centenario\/#primaryimage\",\"url\":\"https:\/\/brasilnoticias.org\/site\/wp-content\/uploads\/2024\/09\/traficante-carioca.jpg\",\"contentUrl\":\"https:\/\/brasilnoticias.org\/site\/wp-content\/uploads\/2024\/09\/traficante-carioca.jpg\",\"width\":960,\"height\":500},{\"@type\":\"BreadcrumbList\",\"@id\":\"https:\/\/brasilnoticias.org\/site\/foragido-da-justica-do-rio-traficante-morre-em-confronto-com-pms-na-av-centenario\/#breadcrumb\",\"itemListElement\":[{\"@type\":\"ListItem\",\"position\":1,\"name\":\"In\u00edcio\",\"item\":\"https:\/\/brasilnoticias.org\/site\/\"},{\"@type\":\"ListItem\",\"position\":2,\"name\":\"Foragido da Justi\u00e7a do Rio, traficante morre em confronto com PMs na Av. Centen\u00e1rio\"}]},{\"@type\":\"WebSite\",\"@id\":\"https:\/\/brasilnoticias.org\/site\/#website\",\"url\":\"https:\/\/brasilnoticias.org\/site\/\",\"name\":\"Brasil not\u00edcias\",\"description\":\"Brasil not\u00edcias\",\"publisher\":{\"@id\":\"https:\/\/brasilnoticias.org\/site\/#organization\"},\"potentialAction\":[{\"@type\":\"SearchAction\",\"target\":{\"@type\":\"EntryPoint\",\"urlTemplate\":\"https:\/\/brasilnoticias.org\/site\/?s={search_term_string}\"},\"query-input\":{\"@type\":\"PropertyValueSpecification\",\"valueRequired\":true,\"valueName\":\"search_term_string\"}}],\"inLanguage\":\"pt-PT\"},{\"@type\":\"Organization\",\"@id\":\"https:\/\/brasilnoticias.org\/site\/#organization\",\"name\":\"Brasil not\u00edcias\",\"url\":\"https:\/\/brasilnoticias.org\/site\/\",\"logo\":{\"@type\":\"ImageObject\",\"inLanguage\":\"pt-PT\",\"@id\":\"https:\/\/brasilnoticias.org\/site\/#\/schema\/logo\/image\/\",\"url\":\"https:\/\/brasilnoticias.org\/site\/wp-content\/uploads\/2022\/05\/cropped-brasilnoticias-mini.jpg\",\"contentUrl\":\"https:\/\/brasilnoticias.org\/site\/wp-content\/uploads\/2022\/05\/cropped-brasilnoticias-mini.jpg\",\"width\":314,\"height\":86,\"caption\":\"Brasil not\u00edcias\"},\"image\":{\"@id\":\"https:\/\/brasilnoticias.org\/site\/#\/schema\/logo\/image\/\"}},{\"@type\":\"Person\",\"@id\":\"https:\/\/brasilnoticias.org\/site\/#\/schema\/person\/03bbbfe6c7634ad18c26444ea39049fa\",\"name\":\"Reda\u00e7\u00e3o\",\"image\":{\"@type\":\"ImageObject\",\"inLanguage\":\"pt-PT\",\"@id\":\"https:\/\/brasilnoticias.org\/site\/#\/schema\/person\/image\/\",\"url\":\"https:\/\/secure.gravatar.com\/avatar\/9ecaf7327a696cb23ad926fedded5f1f04d7049de9e445375d55b48c001a6e42?s=96&d=mm&r=g\",\"contentUrl\":\"https:\/\/secure.gravatar.com\/avatar\/9ecaf7327a696cb23ad926fedded5f1f04d7049de9e445375d55b48c001a6e42?s=96&d=mm&r=g\",\"caption\":\"Reda\u00e7\u00e3o\"},\"url\":\"https:\/\/brasilnoticias.org\/site\/author\/henrique\/\"}]}<\/script>\n<!-- \/ Yoast SEO plugin. -->","yoast_head_json":{"title":"Foragido da Justi\u00e7a do Rio, traficante morre em confronto com PMs na Av. Centen\u00e1rio - Brasil not\u00edcias","robots":{"index":"index","follow":"follow","max-snippet":"max-snippet:-1","max-image-preview":"max-image-preview:large","max-video-preview":"max-video-preview:-1"},"canonical":"https:\/\/brasilnoticias.org\/site\/foragido-da-justica-do-rio-traficante-morre-em-confronto-com-pms-na-av-centenario\/","og_locale":"pt_PT","og_type":"article","og_title":"Foragido da Justi\u00e7a do Rio, traficante morre em confronto com PMs na Av. Centen\u00e1rio - Brasil not\u00edcias","og_description":"Ele era apontado como l\u00edder de fac\u00e7\u00e3o com atua\u00e7\u00e3o nos estados da Bahia e RJ e estava em um carro","og_url":"https:\/\/brasilnoticias.org\/site\/foragido-da-justica-do-rio-traficante-morre-em-confronto-com-pms-na-av-centenario\/","og_site_name":"Brasil not\u00edcias","article_published_time":"2024-09-03T20:30:46+00:00","og_image":[{"width":960,"height":500,"url":"https:\/\/brasilnoticias.org\/site\/wp-content\/uploads\/2024\/09\/traficante-carioca.jpg","type":"image\/jpeg"}],"author":"Reda\u00e7\u00e3o","twitter_card":"summary_large_image","twitter_misc":{"Escrito por":"Reda\u00e7\u00e3o"},"schema":{"@context":"https:\/\/schema.org","@graph":[{"@type":"Article","@id":"https:\/\/brasilnoticias.org\/site\/foragido-da-justica-do-rio-traficante-morre-em-confronto-com-pms-na-av-centenario\/#article","isPartOf":{"@id":"https:\/\/brasilnoticias.org\/site\/foragido-da-justica-do-rio-traficante-morre-em-confronto-com-pms-na-av-centenario\/"},"author":{"name":"Reda\u00e7\u00e3o","@id":"https:\/\/brasilnoticias.org\/site\/#\/schema\/person\/03bbbfe6c7634ad18c26444ea39049fa"},"headline":"Foragido da Justi\u00e7a do Rio, traficante morre em confronto com PMs na Av. Centen\u00e1rio","datePublished":"2024-09-03T20:30:46+00:00","mainEntityOfPage":{"@id":"https:\/\/brasilnoticias.org\/site\/foragido-da-justica-do-rio-traficante-morre-em-confronto-com-pms-na-av-centenario\/"},"wordCount":342,"commentCount":0,"publisher":{"@id":"https:\/\/brasilnoticias.org\/site\/#organization"},"image":{"@id":"https:\/\/brasilnoticias.org\/site\/foragido-da-justica-do-rio-traficante-morre-em-confronto-com-pms-na-av-centenario\/#primaryimage"},"thumbnailUrl":"https:\/\/brasilnoticias.org\/site\/wp-content\/uploads\/2024\/09\/traficante-carioca.jpg","articleSection":["Pol\u00edcia","\u00daltimas"],"inLanguage":"pt-PT","potentialAction":[{"@type":"CommentAction","name":"Comment","target":["https:\/\/brasilnoticias.org\/site\/foragido-da-justica-do-rio-traficante-morre-em-confronto-com-pms-na-av-centenario\/#respond"]}]},{"@type":"WebPage","@id":"https:\/\/brasilnoticias.org\/site\/foragido-da-justica-do-rio-traficante-morre-em-confronto-com-pms-na-av-centenario\/","url":"https:\/\/brasilnoticias.org\/site\/foragido-da-justica-do-rio-traficante-morre-em-confronto-com-pms-na-av-centenario\/","name":"Foragido da Justi\u00e7a do Rio, traficante morre em confronto com PMs na Av. Centen\u00e1rio - Brasil not\u00edcias","isPartOf":{"@id":"https:\/\/brasilnoticias.org\/site\/#website"},"primaryImageOfPage":{"@id":"https:\/\/brasilnoticias.org\/site\/foragido-da-justica-do-rio-traficante-morre-em-confronto-com-pms-na-av-centenario\/#primaryimage"},"image":{"@id":"https:\/\/brasilnoticias.org\/site\/foragido-da-justica-do-rio-traficante-morre-em-confronto-com-pms-na-av-centenario\/#primaryimage"},"thumbnailUrl":"https:\/\/brasilnoticias.org\/site\/wp-content\/uploads\/2024\/09\/traficante-carioca.jpg","datePublished":"2024-09-03T20:30:46+00:00","breadcrumb":{"@id":"https:\/\/brasilnoticias.org\/site\/foragido-da-justica-do-rio-traficante-morre-em-confronto-com-pms-na-av-centenario\/#breadcrumb"},"inLanguage":"pt-PT","potentialAction":[{"@type":"ReadAction","target":["https:\/\/brasilnoticias.org\/site\/foragido-da-justica-do-rio-traficante-morre-em-confronto-com-pms-na-av-centenario\/"]}]},{"@type":"ImageObject","inLanguage":"pt-PT","@id":"https:\/\/brasilnoticias.org\/site\/foragido-da-justica-do-rio-traficante-morre-em-confronto-com-pms-na-av-centenario\/#primaryimage","url":"https:\/\/brasilnoticias.org\/site\/wp-content\/uploads\/2024\/09\/traficante-carioca.jpg","contentUrl":"https:\/\/brasilnoticias.org\/site\/wp-content\/uploads\/2024\/09\/traficante-carioca.jpg","width":960,"height":500},{"@type":"BreadcrumbList","@id":"https:\/\/brasilnoticias.org\/site\/foragido-da-justica-do-rio-traficante-morre-em-confronto-com-pms-na-av-centenario\/#breadcrumb","itemListElement":[{"@type":"ListItem","position":1,"name":"In\u00edcio","item":"https:\/\/brasilnoticias.org\/site\/"},{"@type":"ListItem","position":2,"name":"Foragido da Justi\u00e7a do Rio, traficante morre em confronto com PMs na Av. Centen\u00e1rio"}]},{"@type":"WebSite","@id":"https:\/\/brasilnoticias.org\/site\/#website","url":"https:\/\/brasilnoticias.org\/site\/","name":"Brasil not\u00edcias","description":"Brasil not\u00edcias","publisher":{"@id":"https:\/\/brasilnoticias.org\/site\/#organization"},"potentialAction":[{"@type":"SearchAction","target":{"@type":"EntryPoint","urlTemplate":"https:\/\/brasilnoticias.org\/site\/?s={search_term_string}"},"query-input":{"@type":"PropertyValueSpecification","valueRequired":true,"valueName":"search_term_string"}}],"inLanguage":"pt-PT"},{"@type":"Organization","@id":"https:\/\/brasilnoticias.org\/site\/#organization","name":"Brasil not\u00edcias","url":"https:\/\/brasilnoticias.org\/site\/","logo":{"@type":"ImageObject","inLanguage":"pt-PT","@id":"https:\/\/brasilnoticias.org\/site\/#\/schema\/logo\/image\/","url":"https:\/\/brasilnoticias.org\/site\/wp-content\/uploads\/2022\/05\/cropped-brasilnoticias-mini.jpg","contentUrl":"https:\/\/brasilnoticias.org\/site\/wp-content\/uploads\/2022\/05\/cropped-brasilnoticias-mini.jpg","width":314,"height":86,"caption":"Brasil not\u00edcias"},"image":{"@id":"https:\/\/brasilnoticias.org\/site\/#\/schema\/logo\/image\/"}},{"@type":"Person","@id":"https:\/\/brasilnoticias.org\/site\/#\/schema\/person\/03bbbfe6c7634ad18c26444ea39049fa","name":"Reda\u00e7\u00e3o","image":{"@type":"ImageObject","inLanguage":"pt-PT","@id":"https:\/\/brasilnoticias.org\/site\/#\/schema\/person\/image\/","url":"https:\/\/secure.gravatar.com\/avatar\/9ecaf7327a696cb23ad926fedded5f1f04d7049de9e445375d55b48c001a6e42?s=96&d=mm&r=g","contentUrl":"https:\/\/secure.gravatar.com\/avatar\/9ecaf7327a696cb23ad926fedded5f1f04d7049de9e445375d55b48c001a6e42?s=96&d=mm&r=g","caption":"Reda\u00e7\u00e3o"},"url":"https:\/\/brasilnoticias.org\/site\/author\/henrique\/"}]}},"_links":{"self":[{"href":"https:\/\/brasilnoticias.org\/site\/wp-json\/wp\/v2\/posts\/15821","targetHints":{"allow":["GET"]}}],"collection":[{"href":"https:\/\/brasilnoticias.org\/site\/wp-json\/wp\/v2\/posts"}],"about":[{"href":"https:\/\/brasilnoticias.org\/site\/wp-json\/wp\/v2\/types\/post"}],"author":[{"embeddable":true,"href":"https:\/\/brasilnoticias.org\/site\/wp-json\/wp\/v2\/users\/4"}],"replies":[{"embeddable":true,"href":"https:\/\/brasilnoticias.org\/site\/wp-json\/wp\/v2\/comments?post=15821"}],"version-history":[{"count":1,"href":"https:\/\/brasilnoticias.org\/site\/wp-json\/wp\/v2\/posts\/15821\/revisions"}],"predecessor-version":[{"id":15823,"href":"https:\/\/brasilnoticias.org\/site\/wp-json\/wp\/v2\/posts\/15821\/revisions\/15823"}],"wp:featuredmedia":[{"embeddable":true,"href":"https:\/\/brasilnoticias.org\/site\/wp-json\/wp\/v2\/media\/15822"}],"wp:attachment":[{"href":"https:\/\/brasilnoticias.org\/site\/wp-json\/wp\/v2\/media?parent=15821"}],"wp:term":[{"taxonomy":"category","embeddable":true,"href":"https:\/\/brasilnoticias.org\/site\/wp-json\/wp\/v2\/categories?post=15821"},{"taxonomy":"post_tag","embeddable":true,"href":"https:\/\/brasilnoticias.org\/site\/wp-json\/wp\/v2\/tags?post=15821"}],"curies":[{"name":"wp","href":"https:\/\/api.w.org\/{rel}","templated":true}]}}