{"id":15836,"date":"2024-09-04T19:27:57","date_gmt":"2024-09-04T22:27:57","guid":{"rendered":"https:\/\/brasilnoticias.org\/site\/?p=15836"},"modified":"2024-09-04T19:27:57","modified_gmt":"2024-09-04T22:27:57","slug":"estado-autoriza-edital-de-selecao-de-organizacoes-para-os-coletivos-do-bahia-pela-paz","status":"publish","type":"post","link":"https:\/\/brasilnoticias.org\/site\/estado-autoriza-edital-de-selecao-de-organizacoes-para-os-coletivos-do-bahia-pela-paz\/","title":{"rendered":"Estado autoriza edital de sele\u00e7\u00e3o de organiza\u00e7\u00f5es para os Coletivos do Bahia Pela Paz"},"content":{"rendered":"<p>O programa Bahia Pela Paz deu mais um passo para iniciar, de forma sistem\u00e1tica, a atua\u00e7\u00e3o nas comunidades onde realizar\u00e1 suas a\u00e7\u00f5es. O governador Jer\u00f4nimo Rodrigues autorizou, nesta quarta-feira (4), a publica\u00e7\u00e3o do edital de chamamento p\u00fablico para sele\u00e7\u00e3o das organiza\u00e7\u00f5es que v\u00e3o executar o projeto Coletivos Bahia pela Paz. O documento foi assinado durante a 5\u00aa reuni\u00e3o do Comit\u00ea de Governan\u00e7a do programa e ser\u00e1 publicado nesta quinta-feira (5), no Di\u00e1rio Oficial do Estado (DOE).<\/p>\n<p>Os coletivos, conforme explicou o governador, estar\u00e3o, inicialmente, em nove munic\u00edpios, que apresentam indicadores maiores de viol\u00eancia. &#8220;Entidades que trabalham a\u00e7\u00f5es [de preven\u00e7\u00e3o e redu\u00e7\u00e3o da viol\u00eancia] poder\u00e3o criar uma agenda local de fortalecimento dessa articula\u00e7\u00e3o na comunidade. Gera\u00e7\u00e3o de emprego, de inclus\u00e3o social, de cultura. Esses coletivos ir\u00e3o fazer um trabalho de forma integrada, com a sa\u00fade, a seguran\u00e7a p\u00fablica, com a cultura&#8221;, detalhou Jer\u00f4nimo. <\/p>\n<p>Jovens com idade entre 13 e 29 anos s\u00e3o o p\u00fablico priorit\u00e1rio nas comunidades que sediar\u00e3o os Coletivos. Coordenadora executiva do Sistema de Defesa Social da Secretaria de Justi\u00e7a e Direitos Humanos (SJDH), Denise Tourinho explicou que entre as diversas a\u00e7\u00f5es dos coletivos estar\u00e3o as de aten\u00e7\u00e3o psicossocial.  <\/p>\n<p>&#8220;Vamos trabalhar com jovens com quest\u00f5es relacionadas \u00e0 viol\u00eancia, ou que vivem em territ\u00f3rios vitimados pela viol\u00eancia, e nosso objetivo ser\u00e1 identificar um perfil espec\u00edfico de jovens, que j\u00e1 est\u00e1 fora da escola, ou em vias de deixar a escola; que n\u00e3o trabalha, que tem familiares presos ou monitorados eletronicamente, ou que passou pelo sistema socioeducativo. Nos interessa estar mais perto para garantir acompanhamento psicol\u00f3gico para o jovem, mas, tamb\u00e9m, para os seus familiares, e, a partir disso, conect\u00e1-los a possibilidades de inclus\u00e3o social concretas, de emprego e renda, de educa\u00e7\u00e3o&#8221;, acrescentou a coordenadora.<\/p>\n<p>Na primeira fase do projeto, os coletivos v\u00e3o executar a\u00e7\u00f5es de cidadania nos munic\u00edpios de Cama\u00e7ari, Dias D&#8217;\u00c1vila, Lauro de Freitas, Salvador, Feira de Santana, Jequi\u00e9, Santo Ant\u00f4nio de Jesus, Sim\u00f5es Filho e Valen\u00e7a.<\/p>\n<p>O procurador-geral de Justi\u00e7a da Bahia, Pedro Maia, destacou o papel do Bahia Pela Paz, que tem entre seus objetivos ampliar oportunidades para a juventude baiana que reside nessas comunidades: &#8220;\u00e9 fundamental registrar que a promo\u00e7\u00e3o de uma cultura de paz passa pelo enfrentamento da criminalidade, principalmente a criminalidade violenta decorrente do crime organizado. Mas esse enfrentamento, sem ter esse substrato de a\u00e7\u00f5es sociais que mudem esse quadro e deem realmente \u00e0 juventude perspectivas de emprego, de lazer, de esportes, n\u00e3o seria poss\u00edvel e esse programa teria um prazo curto de validade&#8221;.<\/p>\n<p>Al\u00e9m do governador e do procurador-geral de Justi\u00e7a, participaram da reuni\u00e3o do Comit\u00ea de Governan\u00e7a o presidente da Assembleia Legislativa da Bahia (Alba), Adolfo Menezes; a presidente do Tribunal de Justi\u00e7a da Bahia (TJBA), Cynthia Resende; e a defensora-geral da Bahia, Firmiane Ven\u00e2ncio. Tamb\u00e9m estiveram presentes os titulares da SJDH, Raimundo Nascimento; da SSP-BA, Marcelo Werner; da Sepromi, \u00c2ngela Guimar\u00e3es; da SPM-BA, Neusa Cadore; da Seades, Jos\u00e9 Leal; e do Cojuve, Nivaldo Millet.<\/p>\n<p>Integra\u00e7\u00e3o entre poderes<\/p>\n<p>Como parte das a\u00e7\u00f5es do &#8216;Bahia Pela Paz&#8217;, a presidente do TJBA, desembargadora Cynthia Resende, apresentou o projeto TJBA + J\u00fari, que vai incrementar 500 sess\u00f5es plen\u00e1rias de j\u00fari at\u00e9 dezembro deste ano. Para 2025, a previs\u00e3o \u00e9 de que o n\u00famero de sess\u00f5es dobre, atendendo mais mil processos. Ser\u00e3o priorizados aqueles com r\u00e9u preso.<\/p>\n<p>Para o desembargador Geder Luiz Gomes, do TJBA, o trabalho, em conjunto com a Justi\u00e7a e com as secretarias de Estado, ser\u00e1 uma resposta sist\u00eamica aos crimes contra a vida. &#8220;Os crimes em que a vida, o bem jur\u00eddico tutelado v\u00e3o para o j\u00fari s\u00e3o simb\u00f3licos em rela\u00e7\u00e3o \u00e0 viol\u00eancia. Ent\u00e3o, o tribunal pretende atuar de maneira sist\u00eamica, dentro daquilo que o &#8216;Bahia pela Paz&#8217; prop\u00f5e com as institui\u00e7\u00f5es, para que a gente tenha, de fato, uma atitude coletiva, sist\u00eamica, do Estado no enfrentamento \u00e0 viol\u00eancia. Quando realizamos os j\u00faris, as condena\u00e7\u00f5es s\u00e3o definidas, estamos dando uma resposta com rela\u00e7\u00e3o a essa quest\u00e3o crucial, que s\u00e3o as mortes violentas&#8221;, avaliou.<\/p>\n<p>Sistema Prisional<\/p>\n<p>Desde mar\u00e7o de 2023, a Defensoria P\u00fablica do Estado (DPE), em parceria com o Minist\u00e9rio da Justi\u00e7a e com a Secretaria de Administra\u00e7\u00e3o Penitenci\u00e1ria e Ressocializa\u00e7\u00e3o (SEAP), tem realizado atendimentos jur\u00eddicos e psicossociais de pessoas privadas de liberdade. Ao longo desse per\u00edodo, as equipes j\u00e1 percorreram 17 unidades prisionais da Bahia, atendendo 5.989 presos.<\/p>\n<p>No &#8216;Bahia pela Paz&#8217;, o projeto Renovar, que j\u00e1 est\u00e1 em execu\u00e7\u00e3o em Salvador, tamb\u00e9m vai atuar no fortalecimento dos v\u00ednculos familiares das pessoas em priva\u00e7\u00e3o de liberdade, com o objetivo de garantir a ressocializa\u00e7\u00e3o e evitar a reincid\u00eancia criminal. Al\u00e9m da capital baiana, outros munic\u00edpios ser\u00e3o atendidos pela iniciativa nos pr\u00f3ximos dois anos.<\/p>\n<p> Investimentos<\/p>\n<p>O Estado tem investido, ainda, em aquisi\u00e7\u00f5es de equipamentos de tecnologia, viaturas e constru\u00e7\u00e3o de unidades conjugadas da Pol\u00edcia Civil (PC) e Militar (PM). Tamb\u00e9m foi feita a contrata\u00e7\u00e3o de 982 policiais civis e mais 3.095 excedentes da PM, do Corpo de Bombeiros e do Departamento de Pol\u00edcia T\u00e9cnica (DPT) foram convocados s\u00f3 esse ano.<\/p>\n<p>O resultado do uso de tecnologia tamb\u00e9m j\u00e1 permitiu a localiza\u00e7\u00e3o de 586 foragidos da Justi\u00e7a at\u00e9 agosto deste ano. As capturas foram feitas com a utiliza\u00e7\u00e3o do Sistema de Reconhecimento Facial.<\/p>\n<p>Foto: Feij\u00e3o Almeida\/GOVBA<\/p>\n","protected":false},"excerpt":{"rendered":"<p>O programa Bahia Pela Paz deu mais um passo para iniciar, de forma sistem\u00e1tica, a atua\u00e7\u00e3o nas comunidades onde realizar\u00e1<\/p>\n","protected":false},"author":4,"featured_media":15837,"comment_status":"open","ping_status":"open","sticky":false,"template":"","format":"standard","meta":{"colormag_page_container_layout":"default_layout","colormag_page_sidebar_layout":"default_layout","_FSMCFIC_featured_image_caption":"","_FSMCFIC_featured_image_nocaption":"","_FSMCFIC_featured_image_hide":"","footnotes":""},"categories":[5,1],"tags":[],"class_list":["post-15836","post","type-post","status-publish","format-standard","has-post-thumbnail","hentry","category-politica","category-ultimas"],"yoast_head":"<!-- This site is optimized with the Yoast SEO plugin v27.1.1 - https:\/\/yoast.com\/product\/yoast-seo-wordpress\/ -->\n<title>Estado autoriza edital de sele\u00e7\u00e3o de organiza\u00e7\u00f5es para os Coletivos do Bahia Pela Paz - Brasil not\u00edcias<\/title>\n<meta name=\"robots\" content=\"index, follow, max-snippet:-1, max-image-preview:large, max-video-preview:-1\" \/>\n<link rel=\"canonical\" href=\"https:\/\/brasilnoticias.org\/site\/estado-autoriza-edital-de-selecao-de-organizacoes-para-os-coletivos-do-bahia-pela-paz\/\" \/>\n<meta property=\"og:locale\" content=\"pt_PT\" \/>\n<meta property=\"og:type\" content=\"article\" \/>\n<meta property=\"og:title\" content=\"Estado autoriza edital de sele\u00e7\u00e3o de organiza\u00e7\u00f5es para os Coletivos do Bahia Pela Paz - Brasil not\u00edcias\" \/>\n<meta property=\"og:description\" content=\"O programa Bahia Pela Paz deu mais um passo para iniciar, de forma sistem\u00e1tica, a atua\u00e7\u00e3o nas comunidades onde realizar\u00e1\" \/>\n<meta property=\"og:url\" content=\"https:\/\/brasilnoticias.org\/site\/estado-autoriza-edital-de-selecao-de-organizacoes-para-os-coletivos-do-bahia-pela-paz\/\" \/>\n<meta property=\"og:site_name\" content=\"Brasil not\u00edcias\" \/>\n<meta property=\"article:published_time\" content=\"2024-09-04T22:27:57+00:00\" \/>\n<meta property=\"og:image\" content=\"https:\/\/brasilnoticias.org\/site\/wp-content\/uploads\/2024\/09\/IMAGEM_NOTICIA_0-1-2.jpg\" \/>\n\t<meta property=\"og:image:width\" content=\"850\" \/>\n\t<meta property=\"og:image:height\" content=\"400\" \/>\n\t<meta property=\"og:image:type\" content=\"image\/jpeg\" \/>\n<meta name=\"author\" content=\"Reda\u00e7\u00e3o\" \/>\n<meta name=\"twitter:card\" content=\"summary_large_image\" \/>\n<meta name=\"twitter:label1\" content=\"Escrito por\" \/>\n\t<meta name=\"twitter:data1\" content=\"Reda\u00e7\u00e3o\" \/>\n\t<meta name=\"twitter:label2\" content=\"Tempo estimado de leitura\" \/>\n\t<meta name=\"twitter:data2\" content=\"1 minuto\" \/>\n<script type=\"application\/ld+json\" class=\"yoast-schema-graph\">{\"@context\":\"https:\/\/schema.org\",\"@graph\":[{\"@type\":\"Article\",\"@id\":\"https:\/\/brasilnoticias.org\/site\/estado-autoriza-edital-de-selecao-de-organizacoes-para-os-coletivos-do-bahia-pela-paz\/#article\",\"isPartOf\":{\"@id\":\"https:\/\/brasilnoticias.org\/site\/estado-autoriza-edital-de-selecao-de-organizacoes-para-os-coletivos-do-bahia-pela-paz\/\"},\"author\":{\"name\":\"Reda\u00e7\u00e3o\",\"@id\":\"https:\/\/brasilnoticias.org\/site\/#\/schema\/person\/03bbbfe6c7634ad18c26444ea39049fa\"},\"headline\":\"Estado autoriza edital de sele\u00e7\u00e3o de organiza\u00e7\u00f5es para os Coletivos do Bahia Pela Paz\",\"datePublished\":\"2024-09-04T22:27:57+00:00\",\"mainEntityOfPage\":{\"@id\":\"https:\/\/brasilnoticias.org\/site\/estado-autoriza-edital-de-selecao-de-organizacoes-para-os-coletivos-do-bahia-pela-paz\/\"},\"wordCount\":980,\"commentCount\":0,\"publisher\":{\"@id\":\"https:\/\/brasilnoticias.org\/site\/#organization\"},\"image\":{\"@id\":\"https:\/\/brasilnoticias.org\/site\/estado-autoriza-edital-de-selecao-de-organizacoes-para-os-coletivos-do-bahia-pela-paz\/#primaryimage\"},\"thumbnailUrl\":\"https:\/\/brasilnoticias.org\/site\/wp-content\/uploads\/2024\/09\/IMAGEM_NOTICIA_0-1-2.jpg\",\"articleSection\":[\"Pol\u00edtica\",\"\u00daltimas\"],\"inLanguage\":\"pt-PT\",\"potentialAction\":[{\"@type\":\"CommentAction\",\"name\":\"Comment\",\"target\":[\"https:\/\/brasilnoticias.org\/site\/estado-autoriza-edital-de-selecao-de-organizacoes-para-os-coletivos-do-bahia-pela-paz\/#respond\"]}]},{\"@type\":\"WebPage\",\"@id\":\"https:\/\/brasilnoticias.org\/site\/estado-autoriza-edital-de-selecao-de-organizacoes-para-os-coletivos-do-bahia-pela-paz\/\",\"url\":\"https:\/\/brasilnoticias.org\/site\/estado-autoriza-edital-de-selecao-de-organizacoes-para-os-coletivos-do-bahia-pela-paz\/\",\"name\":\"Estado autoriza edital de sele\u00e7\u00e3o de organiza\u00e7\u00f5es para os Coletivos do Bahia Pela Paz - Brasil not\u00edcias\",\"isPartOf\":{\"@id\":\"https:\/\/brasilnoticias.org\/site\/#website\"},\"primaryImageOfPage\":{\"@id\":\"https:\/\/brasilnoticias.org\/site\/estado-autoriza-edital-de-selecao-de-organizacoes-para-os-coletivos-do-bahia-pela-paz\/#primaryimage\"},\"image\":{\"@id\":\"https:\/\/brasilnoticias.org\/site\/estado-autoriza-edital-de-selecao-de-organizacoes-para-os-coletivos-do-bahia-pela-paz\/#primaryimage\"},\"thumbnailUrl\":\"https:\/\/brasilnoticias.org\/site\/wp-content\/uploads\/2024\/09\/IMAGEM_NOTICIA_0-1-2.jpg\",\"datePublished\":\"2024-09-04T22:27:57+00:00\",\"breadcrumb\":{\"@id\":\"https:\/\/brasilnoticias.org\/site\/estado-autoriza-edital-de-selecao-de-organizacoes-para-os-coletivos-do-bahia-pela-paz\/#breadcrumb\"},\"inLanguage\":\"pt-PT\",\"potentialAction\":[{\"@type\":\"ReadAction\",\"target\":[\"https:\/\/brasilnoticias.org\/site\/estado-autoriza-edital-de-selecao-de-organizacoes-para-os-coletivos-do-bahia-pela-paz\/\"]}]},{\"@type\":\"ImageObject\",\"inLanguage\":\"pt-PT\",\"@id\":\"https:\/\/brasilnoticias.org\/site\/estado-autoriza-edital-de-selecao-de-organizacoes-para-os-coletivos-do-bahia-pela-paz\/#primaryimage\",\"url\":\"https:\/\/brasilnoticias.org\/site\/wp-content\/uploads\/2024\/09\/IMAGEM_NOTICIA_0-1-2.jpg\",\"contentUrl\":\"https:\/\/brasilnoticias.org\/site\/wp-content\/uploads\/2024\/09\/IMAGEM_NOTICIA_0-1-2.jpg\",\"width\":850,\"height\":400},{\"@type\":\"BreadcrumbList\",\"@id\":\"https:\/\/brasilnoticias.org\/site\/estado-autoriza-edital-de-selecao-de-organizacoes-para-os-coletivos-do-bahia-pela-paz\/#breadcrumb\",\"itemListElement\":[{\"@type\":\"ListItem\",\"position\":1,\"name\":\"In\u00edcio\",\"item\":\"https:\/\/brasilnoticias.org\/site\/\"},{\"@type\":\"ListItem\",\"position\":2,\"name\":\"Estado autoriza edital de sele\u00e7\u00e3o de organiza\u00e7\u00f5es para os Coletivos do Bahia Pela Paz\"}]},{\"@type\":\"WebSite\",\"@id\":\"https:\/\/brasilnoticias.org\/site\/#website\",\"url\":\"https:\/\/brasilnoticias.org\/site\/\",\"name\":\"Brasil not\u00edcias\",\"description\":\"Brasil not\u00edcias\",\"publisher\":{\"@id\":\"https:\/\/brasilnoticias.org\/site\/#organization\"},\"potentialAction\":[{\"@type\":\"SearchAction\",\"target\":{\"@type\":\"EntryPoint\",\"urlTemplate\":\"https:\/\/brasilnoticias.org\/site\/?s={search_term_string}\"},\"query-input\":{\"@type\":\"PropertyValueSpecification\",\"valueRequired\":true,\"valueName\":\"search_term_string\"}}],\"inLanguage\":\"pt-PT\"},{\"@type\":\"Organization\",\"@id\":\"https:\/\/brasilnoticias.org\/site\/#organization\",\"name\":\"Brasil not\u00edcias\",\"url\":\"https:\/\/brasilnoticias.org\/site\/\",\"logo\":{\"@type\":\"ImageObject\",\"inLanguage\":\"pt-PT\",\"@id\":\"https:\/\/brasilnoticias.org\/site\/#\/schema\/logo\/image\/\",\"url\":\"https:\/\/brasilnoticias.org\/site\/wp-content\/uploads\/2022\/05\/cropped-brasilnoticias-mini.jpg\",\"contentUrl\":\"https:\/\/brasilnoticias.org\/site\/wp-content\/uploads\/2022\/05\/cropped-brasilnoticias-mini.jpg\",\"width\":314,\"height\":86,\"caption\":\"Brasil not\u00edcias\"},\"image\":{\"@id\":\"https:\/\/brasilnoticias.org\/site\/#\/schema\/logo\/image\/\"}},{\"@type\":\"Person\",\"@id\":\"https:\/\/brasilnoticias.org\/site\/#\/schema\/person\/03bbbfe6c7634ad18c26444ea39049fa\",\"name\":\"Reda\u00e7\u00e3o\",\"image\":{\"@type\":\"ImageObject\",\"inLanguage\":\"pt-PT\",\"@id\":\"https:\/\/brasilnoticias.org\/site\/#\/schema\/person\/image\/\",\"url\":\"https:\/\/secure.gravatar.com\/avatar\/9ecaf7327a696cb23ad926fedded5f1f04d7049de9e445375d55b48c001a6e42?s=96&d=mm&r=g\",\"contentUrl\":\"https:\/\/secure.gravatar.com\/avatar\/9ecaf7327a696cb23ad926fedded5f1f04d7049de9e445375d55b48c001a6e42?s=96&d=mm&r=g\",\"caption\":\"Reda\u00e7\u00e3o\"},\"url\":\"https:\/\/brasilnoticias.org\/site\/author\/henrique\/\"}]}<\/script>\n<!-- \/ Yoast SEO plugin. -->","yoast_head_json":{"title":"Estado autoriza edital de sele\u00e7\u00e3o de organiza\u00e7\u00f5es para os Coletivos do Bahia Pela Paz - Brasil not\u00edcias","robots":{"index":"index","follow":"follow","max-snippet":"max-snippet:-1","max-image-preview":"max-image-preview:large","max-video-preview":"max-video-preview:-1"},"canonical":"https:\/\/brasilnoticias.org\/site\/estado-autoriza-edital-de-selecao-de-organizacoes-para-os-coletivos-do-bahia-pela-paz\/","og_locale":"pt_PT","og_type":"article","og_title":"Estado autoriza edital de sele\u00e7\u00e3o de organiza\u00e7\u00f5es para os Coletivos do Bahia Pela Paz - Brasil not\u00edcias","og_description":"O programa Bahia Pela Paz deu mais um passo para iniciar, de forma sistem\u00e1tica, a atua\u00e7\u00e3o nas comunidades onde realizar\u00e1","og_url":"https:\/\/brasilnoticias.org\/site\/estado-autoriza-edital-de-selecao-de-organizacoes-para-os-coletivos-do-bahia-pela-paz\/","og_site_name":"Brasil not\u00edcias","article_published_time":"2024-09-04T22:27:57+00:00","og_image":[{"width":850,"height":400,"url":"https:\/\/brasilnoticias.org\/site\/wp-content\/uploads\/2024\/09\/IMAGEM_NOTICIA_0-1-2.jpg","type":"image\/jpeg"}],"author":"Reda\u00e7\u00e3o","twitter_card":"summary_large_image","twitter_misc":{"Escrito por":"Reda\u00e7\u00e3o","Tempo estimado de leitura":"1 minuto"},"schema":{"@context":"https:\/\/schema.org","@graph":[{"@type":"Article","@id":"https:\/\/brasilnoticias.org\/site\/estado-autoriza-edital-de-selecao-de-organizacoes-para-os-coletivos-do-bahia-pela-paz\/#article","isPartOf":{"@id":"https:\/\/brasilnoticias.org\/site\/estado-autoriza-edital-de-selecao-de-organizacoes-para-os-coletivos-do-bahia-pela-paz\/"},"author":{"name":"Reda\u00e7\u00e3o","@id":"https:\/\/brasilnoticias.org\/site\/#\/schema\/person\/03bbbfe6c7634ad18c26444ea39049fa"},"headline":"Estado autoriza edital de sele\u00e7\u00e3o de organiza\u00e7\u00f5es para os Coletivos do Bahia Pela Paz","datePublished":"2024-09-04T22:27:57+00:00","mainEntityOfPage":{"@id":"https:\/\/brasilnoticias.org\/site\/estado-autoriza-edital-de-selecao-de-organizacoes-para-os-coletivos-do-bahia-pela-paz\/"},"wordCount":980,"commentCount":0,"publisher":{"@id":"https:\/\/brasilnoticias.org\/site\/#organization"},"image":{"@id":"https:\/\/brasilnoticias.org\/site\/estado-autoriza-edital-de-selecao-de-organizacoes-para-os-coletivos-do-bahia-pela-paz\/#primaryimage"},"thumbnailUrl":"https:\/\/brasilnoticias.org\/site\/wp-content\/uploads\/2024\/09\/IMAGEM_NOTICIA_0-1-2.jpg","articleSection":["Pol\u00edtica","\u00daltimas"],"inLanguage":"pt-PT","potentialAction":[{"@type":"CommentAction","name":"Comment","target":["https:\/\/brasilnoticias.org\/site\/estado-autoriza-edital-de-selecao-de-organizacoes-para-os-coletivos-do-bahia-pela-paz\/#respond"]}]},{"@type":"WebPage","@id":"https:\/\/brasilnoticias.org\/site\/estado-autoriza-edital-de-selecao-de-organizacoes-para-os-coletivos-do-bahia-pela-paz\/","url":"https:\/\/brasilnoticias.org\/site\/estado-autoriza-edital-de-selecao-de-organizacoes-para-os-coletivos-do-bahia-pela-paz\/","name":"Estado autoriza edital de sele\u00e7\u00e3o de organiza\u00e7\u00f5es para os Coletivos do Bahia Pela Paz - Brasil not\u00edcias","isPartOf":{"@id":"https:\/\/brasilnoticias.org\/site\/#website"},"primaryImageOfPage":{"@id":"https:\/\/brasilnoticias.org\/site\/estado-autoriza-edital-de-selecao-de-organizacoes-para-os-coletivos-do-bahia-pela-paz\/#primaryimage"},"image":{"@id":"https:\/\/brasilnoticias.org\/site\/estado-autoriza-edital-de-selecao-de-organizacoes-para-os-coletivos-do-bahia-pela-paz\/#primaryimage"},"thumbnailUrl":"https:\/\/brasilnoticias.org\/site\/wp-content\/uploads\/2024\/09\/IMAGEM_NOTICIA_0-1-2.jpg","datePublished":"2024-09-04T22:27:57+00:00","breadcrumb":{"@id":"https:\/\/brasilnoticias.org\/site\/estado-autoriza-edital-de-selecao-de-organizacoes-para-os-coletivos-do-bahia-pela-paz\/#breadcrumb"},"inLanguage":"pt-PT","potentialAction":[{"@type":"ReadAction","target":["https:\/\/brasilnoticias.org\/site\/estado-autoriza-edital-de-selecao-de-organizacoes-para-os-coletivos-do-bahia-pela-paz\/"]}]},{"@type":"ImageObject","inLanguage":"pt-PT","@id":"https:\/\/brasilnoticias.org\/site\/estado-autoriza-edital-de-selecao-de-organizacoes-para-os-coletivos-do-bahia-pela-paz\/#primaryimage","url":"https:\/\/brasilnoticias.org\/site\/wp-content\/uploads\/2024\/09\/IMAGEM_NOTICIA_0-1-2.jpg","contentUrl":"https:\/\/brasilnoticias.org\/site\/wp-content\/uploads\/2024\/09\/IMAGEM_NOTICIA_0-1-2.jpg","width":850,"height":400},{"@type":"BreadcrumbList","@id":"https:\/\/brasilnoticias.org\/site\/estado-autoriza-edital-de-selecao-de-organizacoes-para-os-coletivos-do-bahia-pela-paz\/#breadcrumb","itemListElement":[{"@type":"ListItem","position":1,"name":"In\u00edcio","item":"https:\/\/brasilnoticias.org\/site\/"},{"@type":"ListItem","position":2,"name":"Estado autoriza edital de sele\u00e7\u00e3o de organiza\u00e7\u00f5es para os Coletivos do Bahia Pela Paz"}]},{"@type":"WebSite","@id":"https:\/\/brasilnoticias.org\/site\/#website","url":"https:\/\/brasilnoticias.org\/site\/","name":"Brasil not\u00edcias","description":"Brasil not\u00edcias","publisher":{"@id":"https:\/\/brasilnoticias.org\/site\/#organization"},"potentialAction":[{"@type":"SearchAction","target":{"@type":"EntryPoint","urlTemplate":"https:\/\/brasilnoticias.org\/site\/?s={search_term_string}"},"query-input":{"@type":"PropertyValueSpecification","valueRequired":true,"valueName":"search_term_string"}}],"inLanguage":"pt-PT"},{"@type":"Organization","@id":"https:\/\/brasilnoticias.org\/site\/#organization","name":"Brasil not\u00edcias","url":"https:\/\/brasilnoticias.org\/site\/","logo":{"@type":"ImageObject","inLanguage":"pt-PT","@id":"https:\/\/brasilnoticias.org\/site\/#\/schema\/logo\/image\/","url":"https:\/\/brasilnoticias.org\/site\/wp-content\/uploads\/2022\/05\/cropped-brasilnoticias-mini.jpg","contentUrl":"https:\/\/brasilnoticias.org\/site\/wp-content\/uploads\/2022\/05\/cropped-brasilnoticias-mini.jpg","width":314,"height":86,"caption":"Brasil not\u00edcias"},"image":{"@id":"https:\/\/brasilnoticias.org\/site\/#\/schema\/logo\/image\/"}},{"@type":"Person","@id":"https:\/\/brasilnoticias.org\/site\/#\/schema\/person\/03bbbfe6c7634ad18c26444ea39049fa","name":"Reda\u00e7\u00e3o","image":{"@type":"ImageObject","inLanguage":"pt-PT","@id":"https:\/\/brasilnoticias.org\/site\/#\/schema\/person\/image\/","url":"https:\/\/secure.gravatar.com\/avatar\/9ecaf7327a696cb23ad926fedded5f1f04d7049de9e445375d55b48c001a6e42?s=96&d=mm&r=g","contentUrl":"https:\/\/secure.gravatar.com\/avatar\/9ecaf7327a696cb23ad926fedded5f1f04d7049de9e445375d55b48c001a6e42?s=96&d=mm&r=g","caption":"Reda\u00e7\u00e3o"},"url":"https:\/\/brasilnoticias.org\/site\/author\/henrique\/"}]}},"_links":{"self":[{"href":"https:\/\/brasilnoticias.org\/site\/wp-json\/wp\/v2\/posts\/15836","targetHints":{"allow":["GET"]}}],"collection":[{"href":"https:\/\/brasilnoticias.org\/site\/wp-json\/wp\/v2\/posts"}],"about":[{"href":"https:\/\/brasilnoticias.org\/site\/wp-json\/wp\/v2\/types\/post"}],"author":[{"embeddable":true,"href":"https:\/\/brasilnoticias.org\/site\/wp-json\/wp\/v2\/users\/4"}],"replies":[{"embeddable":true,"href":"https:\/\/brasilnoticias.org\/site\/wp-json\/wp\/v2\/comments?post=15836"}],"version-history":[{"count":1,"href":"https:\/\/brasilnoticias.org\/site\/wp-json\/wp\/v2\/posts\/15836\/revisions"}],"predecessor-version":[{"id":15838,"href":"https:\/\/brasilnoticias.org\/site\/wp-json\/wp\/v2\/posts\/15836\/revisions\/15838"}],"wp:featuredmedia":[{"embeddable":true,"href":"https:\/\/brasilnoticias.org\/site\/wp-json\/wp\/v2\/media\/15837"}],"wp:attachment":[{"href":"https:\/\/brasilnoticias.org\/site\/wp-json\/wp\/v2\/media?parent=15836"}],"wp:term":[{"taxonomy":"category","embeddable":true,"href":"https:\/\/brasilnoticias.org\/site\/wp-json\/wp\/v2\/categories?post=15836"},{"taxonomy":"post_tag","embeddable":true,"href":"https:\/\/brasilnoticias.org\/site\/wp-json\/wp\/v2\/tags?post=15836"}],"curies":[{"name":"wp","href":"https:\/\/api.w.org\/{rel}","templated":true}]}}