{"id":15839,"date":"2024-09-04T19:28:47","date_gmt":"2024-09-04T22:28:47","guid":{"rendered":"https:\/\/brasilnoticias.org\/site\/?p=15839"},"modified":"2024-09-04T19:28:47","modified_gmt":"2024-09-04T22:28:47","slug":"monitor-de-focos-de-calor-utilizado-pelo-inema-auxilia-na-prevencao-aos-incendios-florestais","status":"publish","type":"post","link":"https:\/\/brasilnoticias.org\/site\/monitor-de-focos-de-calor-utilizado-pelo-inema-auxilia-na-prevencao-aos-incendios-florestais\/","title":{"rendered":"Monitor de Focos de Calor utilizado pelo Inema auxilia na preven\u00e7\u00e3o aos inc\u00eandios florestais"},"content":{"rendered":"<p>Na luta contra os inc\u00eandios florestais, o Instituto do Meio Ambiente e Recursos H\u00eddricos (Inema) conta com uma importante ferramenta: o Monitor de Focos de Calor. Atrav\u00e9s da an\u00e1lise de densidade de focos, \u00e9 poss\u00edvel identificar as \u00e1reas mais cr\u00edticas no estado da Bahia, permitindo que os t\u00e9cnicos do Inema orientem o Corpo de Bombeiros Militar e brigadistas a concentrar esfor\u00e7os nas regi\u00f5es mais vulner\u00e1veis, debelando os focos de inc\u00eandio ainda em seus est\u00e1gios iniciais.<\/p>\n<p>Enquanto o Inema utiliza o Monitor de Focos de Calor para a\u00e7\u00f5es r\u00e1pidas e localizadas, o Instituto Nacional de Pesquisas Espaciais (INPE) realiza um pr\u00e9-processamento de dados de diversos sat\u00e9lites, permitindo an\u00e1lises estat\u00edsticas e comparativas, catalogando os dados ao longo do tempo e contribuindo para estudos sobre a evolu\u00e7\u00e3o dos inc\u00eandios no pa\u00eds.<\/p>\n<p>Precis\u00e3o dos dados e desafios<\/p>\n<p>O meteorologista do Inema, Ald\u00edrio Almeida, explica que o n\u00famero de focos de calor refere-se a detec\u00e7\u00f5es por sat\u00e9lite, que podem superestimar a quantidade real de inc\u00eandios florestais. \u201cEm muitos casos, um \u00fanico inc\u00eandio em uma \u00e1rea extensa pode ser registrado como v\u00e1rios focos de calor, ou eventos de longa dura\u00e7\u00e3o podem ser contabilizados v\u00e1rias vezes pelo mesmo sat\u00e9lite, desta forma \u00e9 importante explicar para as pessoas que aquele n\u00famero de focos de calor nunca ser\u00e1 o n\u00famero de inc\u00eandios florestais\u201d, afirma Almeida.<\/p>\n<p>Apesar das condi\u00e7\u00f5es clim\u00e1ticas bastante desfavor\u00e1veis entre a metade de 2023 e in\u00edcio de 2024, principalmente devido ao El Ni\u00f1o, que resultou em menos chuvas e temperaturas mais altas, o n\u00famero de focos de calor ficou pr\u00f3ximo \u00e0 m\u00e9dia hist\u00f3rica. Este cen\u00e1rio reflete a efic\u00e1cia das pol\u00edticas p\u00fablicas implementadas e uma maior conscientiza\u00e7\u00e3o sobre o uso de determinadas pr\u00e1ticas agr\u00edcolas. Almeida ressalta que \u201co Inema realiza um monitoramento cont\u00ednuo desses focos e publica diariamente boletins com dados detalhados, incluindo a localiza\u00e7\u00e3o e outras estat\u00edsticas relevantes.\u201d<\/p>\n<p>O boletim di\u00e1rio do Inema oferece uma an\u00e1lise detalhada sobre a localiza\u00e7\u00e3o e concentra\u00e7\u00e3o dos focos de calor. As \u00e1reas com maior incid\u00eancia de fogo s\u00e3o identificadas, os munic\u00edpios com o maior n\u00famero de focos s\u00e3o classificados, e \u00e9 verificado se houve registros dentro de \u00e1reas de conserva\u00e7\u00e3o ambiental. O boletim tamb\u00e9m inclui previs\u00f5es meteorol\u00f3gicas e mapas que indicam as \u00e1reas mais suscet\u00edveis a inc\u00eandios, considerando fatores como vegeta\u00e7\u00e3o seca, temperaturas elevadas e umidade baixa \u2013 condi\u00e7\u00f5es que favorecem a propaga\u00e7\u00e3o do fogo.<\/p>\n","protected":false},"excerpt":{"rendered":"<p>Na luta contra os inc\u00eandios florestais, o Instituto do Meio Ambiente e Recursos H\u00eddricos (Inema) conta com uma importante ferramenta:<\/p>\n","protected":false},"author":4,"featured_media":15840,"comment_status":"open","ping_status":"open","sticky":false,"template":"","format":"standard","meta":{"colormag_page_container_layout":"default_layout","colormag_page_sidebar_layout":"default_layout","_FSMCFIC_featured_image_caption":"","_FSMCFIC_featured_image_nocaption":"","_FSMCFIC_featured_image_hide":"","footnotes":""},"categories":[2,1],"tags":[],"class_list":["post-15839","post","type-post","status-publish","format-standard","has-post-thumbnail","hentry","category-noticias","category-ultimas"],"yoast_head":"<!-- This site is optimized with the Yoast SEO plugin v27.1.1 - https:\/\/yoast.com\/product\/yoast-seo-wordpress\/ -->\n<title>Monitor de Focos de Calor utilizado pelo Inema auxilia na preven\u00e7\u00e3o aos inc\u00eandios florestais - Brasil not\u00edcias<\/title>\n<meta name=\"robots\" content=\"index, follow, max-snippet:-1, max-image-preview:large, max-video-preview:-1\" \/>\n<link rel=\"canonical\" href=\"https:\/\/brasilnoticias.org\/site\/monitor-de-focos-de-calor-utilizado-pelo-inema-auxilia-na-prevencao-aos-incendios-florestais\/\" \/>\n<meta property=\"og:locale\" content=\"pt_PT\" \/>\n<meta property=\"og:type\" content=\"article\" \/>\n<meta property=\"og:title\" content=\"Monitor de Focos de Calor utilizado pelo Inema auxilia na preven\u00e7\u00e3o aos inc\u00eandios florestais - Brasil not\u00edcias\" \/>\n<meta property=\"og:description\" content=\"Na luta contra os inc\u00eandios florestais, o Instituto do Meio Ambiente e Recursos H\u00eddricos (Inema) conta com uma importante ferramenta:\" \/>\n<meta property=\"og:url\" content=\"https:\/\/brasilnoticias.org\/site\/monitor-de-focos-de-calor-utilizado-pelo-inema-auxilia-na-prevencao-aos-incendios-florestais\/\" \/>\n<meta property=\"og:site_name\" content=\"Brasil not\u00edcias\" \/>\n<meta property=\"article:published_time\" content=\"2024-09-04T22:28:47+00:00\" \/>\n<meta property=\"og:image\" content=\"https:\/\/brasilnoticias.org\/site\/wp-content\/uploads\/2024\/09\/IMAGEM_NOTICIA_0-2-2.jpg\" \/>\n\t<meta property=\"og:image:width\" content=\"850\" \/>\n\t<meta property=\"og:image:height\" content=\"400\" \/>\n\t<meta property=\"og:image:type\" content=\"image\/jpeg\" \/>\n<meta name=\"author\" content=\"Reda\u00e7\u00e3o\" \/>\n<meta name=\"twitter:card\" content=\"summary_large_image\" \/>\n<meta name=\"twitter:label1\" content=\"Escrito por\" \/>\n\t<meta name=\"twitter:data1\" content=\"Reda\u00e7\u00e3o\" \/>\n<script type=\"application\/ld+json\" class=\"yoast-schema-graph\">{\"@context\":\"https:\/\/schema.org\",\"@graph\":[{\"@type\":\"Article\",\"@id\":\"https:\/\/brasilnoticias.org\/site\/monitor-de-focos-de-calor-utilizado-pelo-inema-auxilia-na-prevencao-aos-incendios-florestais\/#article\",\"isPartOf\":{\"@id\":\"https:\/\/brasilnoticias.org\/site\/monitor-de-focos-de-calor-utilizado-pelo-inema-auxilia-na-prevencao-aos-incendios-florestais\/\"},\"author\":{\"name\":\"Reda\u00e7\u00e3o\",\"@id\":\"https:\/\/brasilnoticias.org\/site\/#\/schema\/person\/03bbbfe6c7634ad18c26444ea39049fa\"},\"headline\":\"Monitor de Focos de Calor utilizado pelo Inema auxilia na preven\u00e7\u00e3o aos inc\u00eandios florestais\",\"datePublished\":\"2024-09-04T22:28:47+00:00\",\"mainEntityOfPage\":{\"@id\":\"https:\/\/brasilnoticias.org\/site\/monitor-de-focos-de-calor-utilizado-pelo-inema-auxilia-na-prevencao-aos-incendios-florestais\/\"},\"wordCount\":465,\"commentCount\":0,\"publisher\":{\"@id\":\"https:\/\/brasilnoticias.org\/site\/#organization\"},\"image\":{\"@id\":\"https:\/\/brasilnoticias.org\/site\/monitor-de-focos-de-calor-utilizado-pelo-inema-auxilia-na-prevencao-aos-incendios-florestais\/#primaryimage\"},\"thumbnailUrl\":\"https:\/\/brasilnoticias.org\/site\/wp-content\/uploads\/2024\/09\/IMAGEM_NOTICIA_0-2-2.jpg\",\"articleSection\":[\"Not\u00edcias\",\"\u00daltimas\"],\"inLanguage\":\"pt-PT\",\"potentialAction\":[{\"@type\":\"CommentAction\",\"name\":\"Comment\",\"target\":[\"https:\/\/brasilnoticias.org\/site\/monitor-de-focos-de-calor-utilizado-pelo-inema-auxilia-na-prevencao-aos-incendios-florestais\/#respond\"]}]},{\"@type\":\"WebPage\",\"@id\":\"https:\/\/brasilnoticias.org\/site\/monitor-de-focos-de-calor-utilizado-pelo-inema-auxilia-na-prevencao-aos-incendios-florestais\/\",\"url\":\"https:\/\/brasilnoticias.org\/site\/monitor-de-focos-de-calor-utilizado-pelo-inema-auxilia-na-prevencao-aos-incendios-florestais\/\",\"name\":\"Monitor de Focos de Calor utilizado pelo Inema auxilia na preven\u00e7\u00e3o aos inc\u00eandios florestais - Brasil not\u00edcias\",\"isPartOf\":{\"@id\":\"https:\/\/brasilnoticias.org\/site\/#website\"},\"primaryImageOfPage\":{\"@id\":\"https:\/\/brasilnoticias.org\/site\/monitor-de-focos-de-calor-utilizado-pelo-inema-auxilia-na-prevencao-aos-incendios-florestais\/#primaryimage\"},\"image\":{\"@id\":\"https:\/\/brasilnoticias.org\/site\/monitor-de-focos-de-calor-utilizado-pelo-inema-auxilia-na-prevencao-aos-incendios-florestais\/#primaryimage\"},\"thumbnailUrl\":\"https:\/\/brasilnoticias.org\/site\/wp-content\/uploads\/2024\/09\/IMAGEM_NOTICIA_0-2-2.jpg\",\"datePublished\":\"2024-09-04T22:28:47+00:00\",\"breadcrumb\":{\"@id\":\"https:\/\/brasilnoticias.org\/site\/monitor-de-focos-de-calor-utilizado-pelo-inema-auxilia-na-prevencao-aos-incendios-florestais\/#breadcrumb\"},\"inLanguage\":\"pt-PT\",\"potentialAction\":[{\"@type\":\"ReadAction\",\"target\":[\"https:\/\/brasilnoticias.org\/site\/monitor-de-focos-de-calor-utilizado-pelo-inema-auxilia-na-prevencao-aos-incendios-florestais\/\"]}]},{\"@type\":\"ImageObject\",\"inLanguage\":\"pt-PT\",\"@id\":\"https:\/\/brasilnoticias.org\/site\/monitor-de-focos-de-calor-utilizado-pelo-inema-auxilia-na-prevencao-aos-incendios-florestais\/#primaryimage\",\"url\":\"https:\/\/brasilnoticias.org\/site\/wp-content\/uploads\/2024\/09\/IMAGEM_NOTICIA_0-2-2.jpg\",\"contentUrl\":\"https:\/\/brasilnoticias.org\/site\/wp-content\/uploads\/2024\/09\/IMAGEM_NOTICIA_0-2-2.jpg\",\"width\":850,\"height\":400},{\"@type\":\"BreadcrumbList\",\"@id\":\"https:\/\/brasilnoticias.org\/site\/monitor-de-focos-de-calor-utilizado-pelo-inema-auxilia-na-prevencao-aos-incendios-florestais\/#breadcrumb\",\"itemListElement\":[{\"@type\":\"ListItem\",\"position\":1,\"name\":\"In\u00edcio\",\"item\":\"https:\/\/brasilnoticias.org\/site\/\"},{\"@type\":\"ListItem\",\"position\":2,\"name\":\"Monitor de Focos de Calor utilizado pelo Inema auxilia na preven\u00e7\u00e3o aos inc\u00eandios florestais\"}]},{\"@type\":\"WebSite\",\"@id\":\"https:\/\/brasilnoticias.org\/site\/#website\",\"url\":\"https:\/\/brasilnoticias.org\/site\/\",\"name\":\"Brasil not\u00edcias\",\"description\":\"Brasil not\u00edcias\",\"publisher\":{\"@id\":\"https:\/\/brasilnoticias.org\/site\/#organization\"},\"potentialAction\":[{\"@type\":\"SearchAction\",\"target\":{\"@type\":\"EntryPoint\",\"urlTemplate\":\"https:\/\/brasilnoticias.org\/site\/?s={search_term_string}\"},\"query-input\":{\"@type\":\"PropertyValueSpecification\",\"valueRequired\":true,\"valueName\":\"search_term_string\"}}],\"inLanguage\":\"pt-PT\"},{\"@type\":\"Organization\",\"@id\":\"https:\/\/brasilnoticias.org\/site\/#organization\",\"name\":\"Brasil not\u00edcias\",\"url\":\"https:\/\/brasilnoticias.org\/site\/\",\"logo\":{\"@type\":\"ImageObject\",\"inLanguage\":\"pt-PT\",\"@id\":\"https:\/\/brasilnoticias.org\/site\/#\/schema\/logo\/image\/\",\"url\":\"https:\/\/brasilnoticias.org\/site\/wp-content\/uploads\/2022\/05\/cropped-brasilnoticias-mini.jpg\",\"contentUrl\":\"https:\/\/brasilnoticias.org\/site\/wp-content\/uploads\/2022\/05\/cropped-brasilnoticias-mini.jpg\",\"width\":314,\"height\":86,\"caption\":\"Brasil not\u00edcias\"},\"image\":{\"@id\":\"https:\/\/brasilnoticias.org\/site\/#\/schema\/logo\/image\/\"}},{\"@type\":\"Person\",\"@id\":\"https:\/\/brasilnoticias.org\/site\/#\/schema\/person\/03bbbfe6c7634ad18c26444ea39049fa\",\"name\":\"Reda\u00e7\u00e3o\",\"image\":{\"@type\":\"ImageObject\",\"inLanguage\":\"pt-PT\",\"@id\":\"https:\/\/brasilnoticias.org\/site\/#\/schema\/person\/image\/\",\"url\":\"https:\/\/secure.gravatar.com\/avatar\/9ecaf7327a696cb23ad926fedded5f1f04d7049de9e445375d55b48c001a6e42?s=96&d=mm&r=g\",\"contentUrl\":\"https:\/\/secure.gravatar.com\/avatar\/9ecaf7327a696cb23ad926fedded5f1f04d7049de9e445375d55b48c001a6e42?s=96&d=mm&r=g\",\"caption\":\"Reda\u00e7\u00e3o\"},\"url\":\"https:\/\/brasilnoticias.org\/site\/author\/henrique\/\"}]}<\/script>\n<!-- \/ Yoast SEO plugin. -->","yoast_head_json":{"title":"Monitor de Focos de Calor utilizado pelo Inema auxilia na preven\u00e7\u00e3o aos inc\u00eandios florestais - Brasil not\u00edcias","robots":{"index":"index","follow":"follow","max-snippet":"max-snippet:-1","max-image-preview":"max-image-preview:large","max-video-preview":"max-video-preview:-1"},"canonical":"https:\/\/brasilnoticias.org\/site\/monitor-de-focos-de-calor-utilizado-pelo-inema-auxilia-na-prevencao-aos-incendios-florestais\/","og_locale":"pt_PT","og_type":"article","og_title":"Monitor de Focos de Calor utilizado pelo Inema auxilia na preven\u00e7\u00e3o aos inc\u00eandios florestais - Brasil not\u00edcias","og_description":"Na luta contra os inc\u00eandios florestais, o Instituto do Meio Ambiente e Recursos H\u00eddricos (Inema) conta com uma importante ferramenta:","og_url":"https:\/\/brasilnoticias.org\/site\/monitor-de-focos-de-calor-utilizado-pelo-inema-auxilia-na-prevencao-aos-incendios-florestais\/","og_site_name":"Brasil not\u00edcias","article_published_time":"2024-09-04T22:28:47+00:00","og_image":[{"width":850,"height":400,"url":"https:\/\/brasilnoticias.org\/site\/wp-content\/uploads\/2024\/09\/IMAGEM_NOTICIA_0-2-2.jpg","type":"image\/jpeg"}],"author":"Reda\u00e7\u00e3o","twitter_card":"summary_large_image","twitter_misc":{"Escrito por":"Reda\u00e7\u00e3o"},"schema":{"@context":"https:\/\/schema.org","@graph":[{"@type":"Article","@id":"https:\/\/brasilnoticias.org\/site\/monitor-de-focos-de-calor-utilizado-pelo-inema-auxilia-na-prevencao-aos-incendios-florestais\/#article","isPartOf":{"@id":"https:\/\/brasilnoticias.org\/site\/monitor-de-focos-de-calor-utilizado-pelo-inema-auxilia-na-prevencao-aos-incendios-florestais\/"},"author":{"name":"Reda\u00e7\u00e3o","@id":"https:\/\/brasilnoticias.org\/site\/#\/schema\/person\/03bbbfe6c7634ad18c26444ea39049fa"},"headline":"Monitor de Focos de Calor utilizado pelo Inema auxilia na preven\u00e7\u00e3o aos inc\u00eandios florestais","datePublished":"2024-09-04T22:28:47+00:00","mainEntityOfPage":{"@id":"https:\/\/brasilnoticias.org\/site\/monitor-de-focos-de-calor-utilizado-pelo-inema-auxilia-na-prevencao-aos-incendios-florestais\/"},"wordCount":465,"commentCount":0,"publisher":{"@id":"https:\/\/brasilnoticias.org\/site\/#organization"},"image":{"@id":"https:\/\/brasilnoticias.org\/site\/monitor-de-focos-de-calor-utilizado-pelo-inema-auxilia-na-prevencao-aos-incendios-florestais\/#primaryimage"},"thumbnailUrl":"https:\/\/brasilnoticias.org\/site\/wp-content\/uploads\/2024\/09\/IMAGEM_NOTICIA_0-2-2.jpg","articleSection":["Not\u00edcias","\u00daltimas"],"inLanguage":"pt-PT","potentialAction":[{"@type":"CommentAction","name":"Comment","target":["https:\/\/brasilnoticias.org\/site\/monitor-de-focos-de-calor-utilizado-pelo-inema-auxilia-na-prevencao-aos-incendios-florestais\/#respond"]}]},{"@type":"WebPage","@id":"https:\/\/brasilnoticias.org\/site\/monitor-de-focos-de-calor-utilizado-pelo-inema-auxilia-na-prevencao-aos-incendios-florestais\/","url":"https:\/\/brasilnoticias.org\/site\/monitor-de-focos-de-calor-utilizado-pelo-inema-auxilia-na-prevencao-aos-incendios-florestais\/","name":"Monitor de Focos de Calor utilizado pelo Inema auxilia na preven\u00e7\u00e3o aos inc\u00eandios florestais - Brasil not\u00edcias","isPartOf":{"@id":"https:\/\/brasilnoticias.org\/site\/#website"},"primaryImageOfPage":{"@id":"https:\/\/brasilnoticias.org\/site\/monitor-de-focos-de-calor-utilizado-pelo-inema-auxilia-na-prevencao-aos-incendios-florestais\/#primaryimage"},"image":{"@id":"https:\/\/brasilnoticias.org\/site\/monitor-de-focos-de-calor-utilizado-pelo-inema-auxilia-na-prevencao-aos-incendios-florestais\/#primaryimage"},"thumbnailUrl":"https:\/\/brasilnoticias.org\/site\/wp-content\/uploads\/2024\/09\/IMAGEM_NOTICIA_0-2-2.jpg","datePublished":"2024-09-04T22:28:47+00:00","breadcrumb":{"@id":"https:\/\/brasilnoticias.org\/site\/monitor-de-focos-de-calor-utilizado-pelo-inema-auxilia-na-prevencao-aos-incendios-florestais\/#breadcrumb"},"inLanguage":"pt-PT","potentialAction":[{"@type":"ReadAction","target":["https:\/\/brasilnoticias.org\/site\/monitor-de-focos-de-calor-utilizado-pelo-inema-auxilia-na-prevencao-aos-incendios-florestais\/"]}]},{"@type":"ImageObject","inLanguage":"pt-PT","@id":"https:\/\/brasilnoticias.org\/site\/monitor-de-focos-de-calor-utilizado-pelo-inema-auxilia-na-prevencao-aos-incendios-florestais\/#primaryimage","url":"https:\/\/brasilnoticias.org\/site\/wp-content\/uploads\/2024\/09\/IMAGEM_NOTICIA_0-2-2.jpg","contentUrl":"https:\/\/brasilnoticias.org\/site\/wp-content\/uploads\/2024\/09\/IMAGEM_NOTICIA_0-2-2.jpg","width":850,"height":400},{"@type":"BreadcrumbList","@id":"https:\/\/brasilnoticias.org\/site\/monitor-de-focos-de-calor-utilizado-pelo-inema-auxilia-na-prevencao-aos-incendios-florestais\/#breadcrumb","itemListElement":[{"@type":"ListItem","position":1,"name":"In\u00edcio","item":"https:\/\/brasilnoticias.org\/site\/"},{"@type":"ListItem","position":2,"name":"Monitor de Focos de Calor utilizado pelo Inema auxilia na preven\u00e7\u00e3o aos inc\u00eandios florestais"}]},{"@type":"WebSite","@id":"https:\/\/brasilnoticias.org\/site\/#website","url":"https:\/\/brasilnoticias.org\/site\/","name":"Brasil not\u00edcias","description":"Brasil not\u00edcias","publisher":{"@id":"https:\/\/brasilnoticias.org\/site\/#organization"},"potentialAction":[{"@type":"SearchAction","target":{"@type":"EntryPoint","urlTemplate":"https:\/\/brasilnoticias.org\/site\/?s={search_term_string}"},"query-input":{"@type":"PropertyValueSpecification","valueRequired":true,"valueName":"search_term_string"}}],"inLanguage":"pt-PT"},{"@type":"Organization","@id":"https:\/\/brasilnoticias.org\/site\/#organization","name":"Brasil not\u00edcias","url":"https:\/\/brasilnoticias.org\/site\/","logo":{"@type":"ImageObject","inLanguage":"pt-PT","@id":"https:\/\/brasilnoticias.org\/site\/#\/schema\/logo\/image\/","url":"https:\/\/brasilnoticias.org\/site\/wp-content\/uploads\/2022\/05\/cropped-brasilnoticias-mini.jpg","contentUrl":"https:\/\/brasilnoticias.org\/site\/wp-content\/uploads\/2022\/05\/cropped-brasilnoticias-mini.jpg","width":314,"height":86,"caption":"Brasil not\u00edcias"},"image":{"@id":"https:\/\/brasilnoticias.org\/site\/#\/schema\/logo\/image\/"}},{"@type":"Person","@id":"https:\/\/brasilnoticias.org\/site\/#\/schema\/person\/03bbbfe6c7634ad18c26444ea39049fa","name":"Reda\u00e7\u00e3o","image":{"@type":"ImageObject","inLanguage":"pt-PT","@id":"https:\/\/brasilnoticias.org\/site\/#\/schema\/person\/image\/","url":"https:\/\/secure.gravatar.com\/avatar\/9ecaf7327a696cb23ad926fedded5f1f04d7049de9e445375d55b48c001a6e42?s=96&d=mm&r=g","contentUrl":"https:\/\/secure.gravatar.com\/avatar\/9ecaf7327a696cb23ad926fedded5f1f04d7049de9e445375d55b48c001a6e42?s=96&d=mm&r=g","caption":"Reda\u00e7\u00e3o"},"url":"https:\/\/brasilnoticias.org\/site\/author\/henrique\/"}]}},"_links":{"self":[{"href":"https:\/\/brasilnoticias.org\/site\/wp-json\/wp\/v2\/posts\/15839","targetHints":{"allow":["GET"]}}],"collection":[{"href":"https:\/\/brasilnoticias.org\/site\/wp-json\/wp\/v2\/posts"}],"about":[{"href":"https:\/\/brasilnoticias.org\/site\/wp-json\/wp\/v2\/types\/post"}],"author":[{"embeddable":true,"href":"https:\/\/brasilnoticias.org\/site\/wp-json\/wp\/v2\/users\/4"}],"replies":[{"embeddable":true,"href":"https:\/\/brasilnoticias.org\/site\/wp-json\/wp\/v2\/comments?post=15839"}],"version-history":[{"count":1,"href":"https:\/\/brasilnoticias.org\/site\/wp-json\/wp\/v2\/posts\/15839\/revisions"}],"predecessor-version":[{"id":15841,"href":"https:\/\/brasilnoticias.org\/site\/wp-json\/wp\/v2\/posts\/15839\/revisions\/15841"}],"wp:featuredmedia":[{"embeddable":true,"href":"https:\/\/brasilnoticias.org\/site\/wp-json\/wp\/v2\/media\/15840"}],"wp:attachment":[{"href":"https:\/\/brasilnoticias.org\/site\/wp-json\/wp\/v2\/media?parent=15839"}],"wp:term":[{"taxonomy":"category","embeddable":true,"href":"https:\/\/brasilnoticias.org\/site\/wp-json\/wp\/v2\/categories?post=15839"},{"taxonomy":"post_tag","embeddable":true,"href":"https:\/\/brasilnoticias.org\/site\/wp-json\/wp\/v2\/tags?post=15839"}],"curies":[{"name":"wp","href":"https:\/\/api.w.org\/{rel}","templated":true}]}}