{"id":1584,"date":"2022-10-03T11:22:35","date_gmt":"2022-10-03T14:22:35","guid":{"rendered":"https:\/\/brasilnoticias.org\/site\/?p=1584"},"modified":"2022-10-03T11:45:22","modified_gmt":"2022-10-03T14:45:22","slug":"os-famosos-que-se-deram-bem-e-os-que-se-deram-mal-nas-eleicoes-de-2022","status":"publish","type":"post","link":"https:\/\/brasilnoticias.org\/site\/os-famosos-que-se-deram-bem-e-os-que-se-deram-mal-nas-eleicoes-de-2022\/","title":{"rendered":"Os famosos que se deram bem e os que se deram mal nas elei\u00e7\u00f5es de 2022"},"content":{"rendered":"<div class=\"mc-column content-text active-extra-styles \" data-block-type=\"unstyled\" data-block-weight=\"49\" data-block-id=\"3\">\n<p class=\"content-text__container \" data-track-category=\"Link no Texto\" data-track-links=\"\">Ex-atletas, artistas, jornalistas, cantores e influenciadores se candidataram para cadeiras no Executivo e no Legislativo nas elei\u00e7\u00f5es de 2022. Leila do V\u00f4lei, por exemplo, concorreu ao governo do Distrito Federal, mas acabou ficando em quinto lugar. J\u00e1 o ex-jogador de futebol\u00a0Rom\u00e1rio\u00a0saiu vitorioso e foi reeleito como senador.<\/p>\n<\/div>\n<div class=\"wall protected-content\">\n<div class=\"mc-column content-text active-extra-styles\" data-block-type=\"raw\" data-block-weight=\"6\" data-block-id=\"4\">\n<div class=\"mc-column content-text active-extra-styles\" data-block-type=\"raw\" data-block-weight=\"4\" data-block-id=\"6\">\n<div class=\"content-intertitle\">\n<h2><strong><span class=\"highlight highlighted\">Quem se deu bem<\/span><\/strong><\/h2>\n<\/div>\n<p>&nbsp;<\/p>\n<\/div>\n<div class=\"mc-column content-text active-extra-styles \" data-block-type=\"unstyled\" data-block-weight=\"2\" data-block-id=\"7\">\n<p class=\"content-text__container \" data-track-category=\"Link no Texto\" data-track-links=\"\"><strong>ROM\u00c1RIO (<\/strong><strong>PL<\/strong><strong>)<\/strong><\/p>\n<\/div>\n<div class=\"row medium-uncollapsed content-media content-photo\" data-block-type=\"backstage-photo\" data-block-id=\"8\">\n<div class=\"mc-column content-media__container\">\n<div class=\"content-media-container glb-skeleton-box\">\n<figure class=\"content-media-figure\"><img decoding=\"async\" class=\"i-amphtml-fill-content i-amphtml-replaced-content\" src=\"https:\/\/s2.glbimg.com\/LFQkwz6Pd9zrzycJaPvE0p7w8ko=\/0x0:1024x682\/984x0\/smart\/filters:strip_icc()\/i.s3.glbimg.com\/v1\/AUTH_59edd422c0c84a879bd37670ae4f538a\/internal_photos\/bs\/2018\/M\/J\/UF9FtAT0y7u0XhMBfZdw\/whatsapp-image-2018-10-02-at-20.51.58.jpeg\" sizes=\"(max-width: 688px) 623px, 100vw\" srcset=\"https:\/\/s2.glbimg.com\/oxmfxj8Tol6ItpJ28wW-qqX3A48=\/0x0:1024x682\/1000x0\/smart\/filters:strip_icc()\/i.s3.glbimg.com\/v1\/AUTH_59edd422c0c84a879bd37670ae4f538a\/internal_photos\/bs\/2018\/M\/J\/UF9FtAT0y7u0XhMBfZdw\/whatsapp-image-2018-10-02-at-20.51.58.jpeg 1000w, https:\/\/s2.glbimg.com\/LFQkwz6Pd9zrzycJaPvE0p7w8ko=\/0x0:1024x682\/984x0\/smart\/filters:strip_icc()\/i.s3.glbimg.com\/v1\/AUTH_59edd422c0c84a879bd37670ae4f538a\/internal_photos\/bs\/2018\/M\/J\/UF9FtAT0y7u0XhMBfZdw\/whatsapp-image-2018-10-02-at-20.51.58.jpeg 984w, https:\/\/s2.glbimg.com\/mY3_PMG-FkF6S4PdFRC6GXlvmvg=\/0x0:1024x682\/640x0\/smart\/filters:strip_icc()\/i.s3.glbimg.com\/v1\/AUTH_59edd422c0c84a879bd37670ae4f538a\/internal_photos\/bs\/2018\/M\/J\/UF9FtAT0y7u0XhMBfZdw\/whatsapp-image-2018-10-02-at-20.51.58.jpeg 640w, https:\/\/s2.glbimg.com\/9mTwbAbNFchV8pGILyYFeoDRKto=\/0x0:1024x682\/600x0\/smart\/filters:strip_icc()\/i.s3.glbimg.com\/v1\/AUTH_59edd422c0c84a879bd37670ae4f538a\/internal_photos\/bs\/2018\/M\/J\/UF9FtAT0y7u0XhMBfZdw\/whatsapp-image-2018-10-02-at-20.51.58.jpeg 600w\" alt=\"Rom\u00e1rio \u00e9 eleito senador pelo Rio de Janeiro \u2014 Foto: Marcos Serra Lima\/G1\" \/><\/figure>\n<\/div>\n<p class=\"content-media__description \">Rom\u00e1rio \u00e9 eleito senador pelo Rio de Janeiro \u2014 Foto: Marcos Serra Lima\/G1<\/p>\n<\/div>\n<\/div>\n<div class=\"content-ads content-ads--reveal\" data-block-type=\"ads\" data-block-id=\"9\">\n<div id=\"banner_materia2\" class=\"tag-manager-publicidade-container mc-has-reveal mc-has-ad-lazyload tag-manager-publicidade-banner_materia2 tag-manager-publicidade-container--carregado tag-manager-publicidade-container--visivel\" data-id=\"banner_materia2\" data-req=\"true\" data-google-query-id=\"CI_JwbuhxPoCFVMD1AodQ-0LnA\" data-cid=\"138391303715\" data-lid=\"6053247486\">\n<div class=\"mc-column content-text active-extra-styles \" data-block-type=\"unstyled\" data-block-weight=\"29\" data-block-id=\"10\">\n<p class=\"content-text__container \" data-track-category=\"Link no Texto\" data-track-links=\"\">O senador Rom\u00e1rio (PL) foi reeleito neste domingo (2) para o mandato de 2023-2031.\u00a0Ele conseguiu mais de 2,3 milh\u00f5es de votos, o que representa 29% dos votos v\u00e1lidos.<\/p>\n<\/div>\n<div class=\"mc-column content-text active-extra-styles \" data-block-type=\"unstyled\" data-block-weight=\"8\" data-block-id=\"11\">\n<p class=\"content-text__container \" data-track-category=\"Link no Texto\" data-track-links=\"\">\n<\/div>\n<div class=\"mc-column content-text active-extra-styles \" data-block-type=\"unstyled\" data-block-weight=\"58\" data-block-id=\"12\">\n<p class=\"content-text__container \" data-track-category=\"Link no Texto\" data-track-links=\"\">Um dos maiores jogadores do futebol brasileiro, Rom\u00e1rio se tornou pol\u00edtico em 2010, quando concorreu e venceu a disputa por uma vaga na C\u00e2mara dos Deputados. Ele se candidatou ao Senado Federal pela primeira vez em 2014,\u00a0quando conseguiu 4 milh\u00f5es de votos e se tornou o senador com a maior vota\u00e7\u00e3o da hist\u00f3ria no Rio de Janeiro.<\/p>\n<\/div>\n<div class=\"mc-column content-text active-extra-styles \" data-block-type=\"unstyled\" data-block-weight=\"5\" data-block-id=\"13\">\n<p class=\"content-text__container \" data-track-category=\"Link no Texto\" data-track-links=\"\"><strong>Danrlei de Deus Goleiro (<\/strong><strong>PSD<\/strong><strong>)<\/strong><\/p>\n<\/div>\n<div class=\"row medium-uncollapsed content-media content-photo\" data-block-type=\"backstage-photo\" data-block-id=\"14\">\n<div class=\"mc-column content-media__container\">\n<div class=\"content-media-container glb-skeleton-box\">\n<figure class=\"content-media-figure\"><img decoding=\"async\" class=\"i-amphtml-fill-content i-amphtml-replaced-content\" src=\"https:\/\/s2.glbimg.com\/bDc2a-EWnMgbEZ8cAfZ378kq6Go=\/0x0:225x300\/984x0\/smart\/filters:strip_icc()\/s.glbimg.com\/jo\/g1\/f\/original\/2011\/02\/11\/danrlei225x300.jpg\" sizes=\"(max-width: 688px) 623px, 100vw\" srcset=\"https:\/\/s2.glbimg.com\/ZT8K0M2Grk146xyZvmsGSDvf-7U=\/0x0:225x300\/1000x0\/smart\/filters:strip_icc()\/s.glbimg.com\/jo\/g1\/f\/original\/2011\/02\/11\/danrlei225x300.jpg 1000w, https:\/\/s2.glbimg.com\/bDc2a-EWnMgbEZ8cAfZ378kq6Go=\/0x0:225x300\/984x0\/smart\/filters:strip_icc()\/s.glbimg.com\/jo\/g1\/f\/original\/2011\/02\/11\/danrlei225x300.jpg 984w, https:\/\/s2.glbimg.com\/nzFVtNAiKbYorDCXCPpwQqEiXUM=\/0x0:225x300\/640x0\/smart\/filters:strip_icc()\/s.glbimg.com\/jo\/g1\/f\/original\/2011\/02\/11\/danrlei225x300.jpg 640w, https:\/\/s2.glbimg.com\/SMYw5vGe-ZIBxvTocMUO1mnBPG0=\/0x0:225x300\/600x0\/smart\/filters:strip_icc()\/s.glbimg.com\/jo\/g1\/f\/original\/2011\/02\/11\/danrlei225x300.jpg 600w\" alt=\"O ex-goleiro Danrlei de Deus foi reeleito deputado federal \u2014 Foto: David Ribeiro \/ Ag\u00eancia C\u00e2mara\" \/><\/figure>\n<\/div>\n<p class=\"content-media__description \">O ex-goleiro Danrlei de Deus foi reeleito deputado federal \u2014 Foto: David Ribeiro \/ Ag\u00eancia C\u00e2mara<\/p>\n<\/div>\n<\/div>\n<div class=\"content-ads content-ads--reveal\" data-block-type=\"ads\" data-block-id=\"15\">\n<div id=\"banner_materia__2edc4779-8010-4065-8bf7-bf7af0d074a3\" class=\"tag-manager-publicidade-container mc-has-reveal mc-has-ad-lazyload tag-manager-publicidade-banner_materia__2edc4779-8010-4065-8bf7-bf7af0d074a3 tag-manager-publicidade-container--carregado tag-manager-publicidade-container--visivel\" data-id=\"banner_materia__2edc4779-8010-4065-8bf7-bf7af0d074a3\" data-req=\"true\" data-google-query-id=\"CNWhocOhxPoCFeYGuQYdP2wL8w\" data-cid=\"138387209174\" data-lid=\"6055444793\">\n<div class=\"mc-column content-text active-extra-styles \" data-block-type=\"unstyled\" data-block-weight=\"38\" data-block-id=\"16\">\n<p class=\"content-text__container \" data-track-category=\"Link no Texto\" data-track-links=\"\">O ex-jogador de futebol Danrlei (PSD) foi reeleito como deputado federal pelo Rio Grande do Sul. Este \u00e9 o quarto mandato do ex-goleiro. Ele teve pouco mais de 97 mil votos, sendo o 20\u00ba mais votado no estado.<\/p>\n<\/div>\n<div class=\"mc-column content-text active-extra-styles \" data-block-type=\"unstyled\" data-block-weight=\"5\" data-block-id=\"17\">\n<p class=\"content-text__container \" data-track-category=\"Link no Texto\" data-track-links=\"\"><strong>Leci Brand\u00e3o (<\/strong><strong>PC do B<\/strong><strong>)<\/strong><\/p>\n<\/div>\n<div class=\"row medium-uncollapsed content-media content-photo\" data-block-type=\"backstage-photo\" data-block-id=\"18\">\n<div class=\"mc-column content-media__container\">\n<div class=\"content-media-container glb-skeleton-box\">\n<figure class=\"content-media-figure\"><img decoding=\"async\" class=\"i-amphtml-fill-content i-amphtml-replaced-content\" src=\"https:\/\/s2.glbimg.com\/gQeP8MPn2p68ucCumwC3eeQpQYU=\/0x0:5184x3456\/984x0\/smart\/filters:strip_icc()\/i.s3.glbimg.com\/v1\/AUTH_59edd422c0c84a879bd37670ae4f538a\/internal_photos\/bs\/2022\/2\/g\/RmSKOdSZ2NeSBtA87BmQ\/roda-de-samba-com-leci-brandao-e-banda-cred.-roger-cipo.jpg\" sizes=\"(max-width: 688px) 623px, 100vw\" srcset=\"https:\/\/s2.glbimg.com\/gGVRDMuPbcL6cZUU9CImuZdqZi4=\/0x0:5184x3456\/1000x0\/smart\/filters:strip_icc()\/i.s3.glbimg.com\/v1\/AUTH_59edd422c0c84a879bd37670ae4f538a\/internal_photos\/bs\/2022\/2\/g\/RmSKOdSZ2NeSBtA87BmQ\/roda-de-samba-com-leci-brandao-e-banda-cred.-roger-cipo.jpg 1000w, https:\/\/s2.glbimg.com\/gQeP8MPn2p68ucCumwC3eeQpQYU=\/0x0:5184x3456\/984x0\/smart\/filters:strip_icc()\/i.s3.glbimg.com\/v1\/AUTH_59edd422c0c84a879bd37670ae4f538a\/internal_photos\/bs\/2022\/2\/g\/RmSKOdSZ2NeSBtA87BmQ\/roda-de-samba-com-leci-brandao-e-banda-cred.-roger-cipo.jpg 984w, https:\/\/s2.glbimg.com\/KLSdeybe-d2h0jzcVb7h_AdADGI=\/0x0:5184x3456\/640x0\/smart\/filters:strip_icc()\/i.s3.glbimg.com\/v1\/AUTH_59edd422c0c84a879bd37670ae4f538a\/internal_photos\/bs\/2022\/2\/g\/RmSKOdSZ2NeSBtA87BmQ\/roda-de-samba-com-leci-brandao-e-banda-cred.-roger-cipo.jpg 640w, https:\/\/s2.glbimg.com\/pbAuc8XTwADUogLZVbElXt3Z8dA=\/0x0:5184x3456\/600x0\/smart\/filters:strip_icc()\/i.s3.glbimg.com\/v1\/AUTH_59edd422c0c84a879bd37670ae4f538a\/internal_photos\/bs\/2022\/2\/g\/RmSKOdSZ2NeSBtA87BmQ\/roda-de-samba-com-leci-brandao-e-banda-cred.-roger-cipo.jpg 600w\" alt=\"Cantora de samba Leci Brand\u00e3o \u2014 Foto: Roger Cipo\" \/><\/figure>\n<\/div>\n<p class=\"content-media__description \">Cantora de samba Leci Brand\u00e3o \u2014 Foto: Roger Cipo<\/p>\n<\/div>\n<\/div>\n<div class=\"mc-column content-text active-extra-styles \" data-block-type=\"unstyled\" data-block-weight=\"31\" data-block-id=\"19\">\n<p class=\"content-text__container \" data-track-category=\"Link no Texto\" data-track-links=\"\">A cantora Leci Brand\u00e3o foi reeleita deputada estadual pelo estado de S\u00e3o Paulo. Este ser\u00e1 o quarto mandato da artista. Ela foi eleita com pouco mais de 90 mil votos.<\/p>\n<\/div>\n<div class=\"mc-column content-text active-extra-styles \" data-block-type=\"unstyled\" data-block-weight=\"3\" data-block-id=\"20\">\n<div class=\"mc-column content-text active-extra-styles \" data-block-type=\"unstyled\" data-block-weight=\"3\" data-block-id=\"20\">\n<p class=\"content-text__container \" data-track-category=\"Link no Texto\" data-track-links=\"\"><strong>Luiz Lima (PL)<\/strong><\/p>\n<\/div>\n<div class=\"row medium-uncollapsed content-media content-photo\" data-block-type=\"backstage-photo\" data-block-id=\"21\">\n<div class=\"mc-column content-media__container\">\n<div class=\"content-media-container glb-skeleton-box\">\n<figure class=\"content-media-figure\"><img decoding=\"async\" class=\"i-amphtml-fill-content i-amphtml-replaced-content\" src=\"https:\/\/s2.glbimg.com\/2Q86oJ7mxUznRRhXQZpsyrWk2aI=\/0x0:500x500\/984x0\/smart\/filters:strip_icc()\/i.s3.glbimg.com\/v1\/AUTH_59edd422c0c84a879bd37670ae4f538a\/internal_photos\/bs\/2020\/y\/z\/BgoYlgQXSf4LZ1B1lGVA\/rj-17-luiz-lima.png\" sizes=\"(max-width: 688px) 623px, 100vw\" srcset=\"https:\/\/s2.glbimg.com\/-311L5YaVqMBGUeL1GKbHcOw8MU=\/0x0:500x500\/1000x0\/smart\/filters:strip_icc()\/i.s3.glbimg.com\/v1\/AUTH_59edd422c0c84a879bd37670ae4f538a\/internal_photos\/bs\/2020\/y\/z\/BgoYlgQXSf4LZ1B1lGVA\/rj-17-luiz-lima.png 1000w, https:\/\/s2.glbimg.com\/2Q86oJ7mxUznRRhXQZpsyrWk2aI=\/0x0:500x500\/984x0\/smart\/filters:strip_icc()\/i.s3.glbimg.com\/v1\/AUTH_59edd422c0c84a879bd37670ae4f538a\/internal_photos\/bs\/2020\/y\/z\/BgoYlgQXSf4LZ1B1lGVA\/rj-17-luiz-lima.png 984w, https:\/\/s2.glbimg.com\/NojU0MRUIkMlrluYFJ9SqpVhAm0=\/0x0:500x500\/640x0\/smart\/filters:strip_icc()\/i.s3.glbimg.com\/v1\/AUTH_59edd422c0c84a879bd37670ae4f538a\/internal_photos\/bs\/2020\/y\/z\/BgoYlgQXSf4LZ1B1lGVA\/rj-17-luiz-lima.png 640w, https:\/\/s2.glbimg.com\/b0CpraE1vSoslCbRW9jVyX5XRq0=\/0x0:500x500\/600x0\/smart\/filters:strip_icc()\/i.s3.glbimg.com\/v1\/AUTH_59edd422c0c84a879bd37670ae4f538a\/internal_photos\/bs\/2020\/y\/z\/BgoYlgQXSf4LZ1B1lGVA\/rj-17-luiz-lima.png 600w\" alt=\"Luiz Lima (PSL) \u2014 Foto: Divulga\u00e7\u00e3o\" \/><\/figure>\n<\/div>\n<p class=\"content-media__description \">Luiz Lima (PSL) \u2014 Foto: Divulga\u00e7\u00e3o<\/p>\n<\/div>\n<\/div>\n<div class=\"content-ads content-ads--reveal\" data-block-type=\"ads\" data-block-id=\"22\">\n<div id=\"banner_materia__c1790eaf-352e-483e-b6af-94d169fb82b4\" class=\"tag-manager-publicidade-container mc-has-reveal mc-has-ad-lazyload tag-manager-publicidade-banner_materia__c1790eaf-352e-483e-b6af-94d169fb82b4 tag-manager-publicidade-container--carregado tag-manager-publicidade-container--visivel\" data-id=\"banner_materia__c1790eaf-352e-483e-b6af-94d169fb82b4\" data-req=\"true\" data-google-query-id=\"CLWz7cuhxPoCFdA7uQYdiEIH3w\" data-cid=\"138406707017\" data-lid=\"6125008531\">\n<div class=\"mc-column content-text active-extra-styles \" data-block-type=\"unstyled\" data-block-weight=\"16\" data-block-id=\"23\">\n<p class=\"content-text__container \" data-track-category=\"Link no Texto\" data-track-links=\"\">O ex-nadador Luiz Lima foi reeleito deputado federal pelo Rio de Janeiro, com 69 mil votos.<\/p>\n<\/div>\n<div class=\"mc-column content-text active-extra-styles \" data-block-type=\"unstyled\" data-block-weight=\"3\" data-block-id=\"24\">\n<p class=\"content-text__container \" data-track-category=\"Link no Texto\" data-track-links=\"\"><strong>M\u00e1rio Frias (PL)<\/strong><\/p>\n<\/div>\n<div class=\"row medium-uncollapsed content-media content-photo\" data-block-type=\"backstage-photo\" data-block-id=\"25\">\n<div class=\"mc-column content-media__container\">\n<div class=\"content-media-container glb-skeleton-box\">\n<figure class=\"content-media-figure\"><img decoding=\"async\" class=\"i-amphtml-fill-content i-amphtml-replaced-content\" src=\"https:\/\/s2.glbimg.com\/-frF3JsYZrpfBDZB2HRaDmGqJLY=\/0x0:1026x684\/984x0\/smart\/filters:strip_icc()\/i.s3.glbimg.com\/v1\/AUTH_59edd422c0c84a879bd37670ae4f538a\/internal_photos\/bs\/2020\/7\/h\/C23LnQQBOXN2kUWn4hsw\/mario-frias.jpg\" sizes=\"(max-width: 688px) 623px, 100vw\" srcset=\"https:\/\/s2.glbimg.com\/u_bsH7FbDY9-hSG-JQekxrbS6RQ=\/0x0:1026x684\/1000x0\/smart\/filters:strip_icc()\/i.s3.glbimg.com\/v1\/AUTH_59edd422c0c84a879bd37670ae4f538a\/internal_photos\/bs\/2020\/7\/h\/C23LnQQBOXN2kUWn4hsw\/mario-frias.jpg 1000w, https:\/\/s2.glbimg.com\/-frF3JsYZrpfBDZB2HRaDmGqJLY=\/0x0:1026x684\/984x0\/smart\/filters:strip_icc()\/i.s3.glbimg.com\/v1\/AUTH_59edd422c0c84a879bd37670ae4f538a\/internal_photos\/bs\/2020\/7\/h\/C23LnQQBOXN2kUWn4hsw\/mario-frias.jpg 984w, https:\/\/s2.glbimg.com\/2lRU1AhaPZTbFQwQV1Bb3H84Kek=\/0x0:1026x684\/640x0\/smart\/filters:strip_icc()\/i.s3.glbimg.com\/v1\/AUTH_59edd422c0c84a879bd37670ae4f538a\/internal_photos\/bs\/2020\/7\/h\/C23LnQQBOXN2kUWn4hsw\/mario-frias.jpg 640w, https:\/\/s2.glbimg.com\/8Dh4nSzhCEX_3kG-XMhA1Nb7N8M=\/0x0:1026x684\/600x0\/smart\/filters:strip_icc()\/i.s3.glbimg.com\/v1\/AUTH_59edd422c0c84a879bd37670ae4f538a\/internal_photos\/bs\/2020\/7\/h\/C23LnQQBOXN2kUWn4hsw\/mario-frias.jpg 600w\" alt=\"Mario Frias, secret\u00e1rio especial de Cultura do governo federal \u2014 Foto: Roberto Castro\/ Mtur\" \/><\/figure>\n<\/div>\n<p class=\"content-media__description \">Mario Frias, secret\u00e1rio especial de Cultura do governo federal \u2014 Foto: Roberto Castro\/ Mtur<\/p>\n<\/div>\n<\/div>\n<div class=\"mc-column content-text active-extra-styles \" data-block-type=\"unstyled\" data-block-weight=\"30\" data-block-id=\"26\">\n<p class=\"content-text__container \" data-track-category=\"Link no Texto\" data-track-links=\"\">O ator M\u00e1rio Frias foi eleito deputado federal pelo estado de S\u00e3o Paulo. Ele, que tamb\u00e9m foi secret\u00e1rio especial de cultura do governo Bolsonaro, teve mais de 122 mil votos.<\/p>\n<\/div>\n<div class=\"mc-column content-text active-extra-styles \" data-block-type=\"unstyled\" data-block-weight=\"4\" data-block-id=\"27\">\n<div class=\"mc-column content-text active-extra-styles \" data-block-type=\"unstyled\" data-block-weight=\"4\" data-block-id=\"27\">\n<p class=\"content-text__container \" data-track-category=\"Link no Texto\" data-track-links=\"\"><strong>Maur\u00edcio do V\u00f4lei (PL)<\/strong><\/p>\n<\/div>\n<div class=\"row medium-uncollapsed content-media content-photo\" data-block-type=\"backstage-photo\" data-block-id=\"28\">\n<div class=\"mc-column content-media__container\">\n<div class=\"content-media-container glb-skeleton-box\">\n<figure class=\"content-media-figure\"><img decoding=\"async\" class=\"i-amphtml-fill-content i-amphtml-replaced-content\" src=\"https:\/\/s2.glbimg.com\/ACS4yxuiql9h5wfe_b6f9-lD_mQ=\/0x0:1170x769\/984x0\/smart\/filters:strip_icc()\/i.s3.glbimg.com\/v1\/AUTH_59edd422c0c84a879bd37670ae4f538a\/internal_photos\/bs\/2022\/M\/L\/OkcjluTEWkZb1M5HXxcw\/mauricio-souza.jpg\" sizes=\"(max-width: 688px) 623px, 100vw\" srcset=\"https:\/\/s2.glbimg.com\/P1CxWV6rVMatCuBrdiJthxuTqp0=\/0x0:1170x769\/1000x0\/smart\/filters:strip_icc()\/i.s3.glbimg.com\/v1\/AUTH_59edd422c0c84a879bd37670ae4f538a\/internal_photos\/bs\/2022\/M\/L\/OkcjluTEWkZb1M5HXxcw\/mauricio-souza.jpg 1000w, https:\/\/s2.glbimg.com\/ACS4yxuiql9h5wfe_b6f9-lD_mQ=\/0x0:1170x769\/984x0\/smart\/filters:strip_icc()\/i.s3.glbimg.com\/v1\/AUTH_59edd422c0c84a879bd37670ae4f538a\/internal_photos\/bs\/2022\/M\/L\/OkcjluTEWkZb1M5HXxcw\/mauricio-souza.jpg 984w, https:\/\/s2.glbimg.com\/bd38gXeN5SRIeutQysXhB5E2_w0=\/0x0:1170x769\/640x0\/smart\/filters:strip_icc()\/i.s3.glbimg.com\/v1\/AUTH_59edd422c0c84a879bd37670ae4f538a\/internal_photos\/bs\/2022\/M\/L\/OkcjluTEWkZb1M5HXxcw\/mauricio-souza.jpg 640w, https:\/\/s2.glbimg.com\/DEKDxeWLkY8YUbP9mwSluB5hg-0=\/0x0:1170x769\/600x0\/smart\/filters:strip_icc()\/i.s3.glbimg.com\/v1\/AUTH_59edd422c0c84a879bd37670ae4f538a\/internal_photos\/bs\/2022\/M\/L\/OkcjluTEWkZb1M5HXxcw\/mauricio-souza.jpg 600w\" alt=\"O ex-jogador de v\u00f4lei Maur\u00edcio Souza \u2014 Foto: Reprodu\u00e7\u00e3o\/Instagram\" \/><\/figure>\n<\/div>\n<p class=\"content-media__description \">O ex-jogador de v\u00f4lei Maur\u00edcio Souza \u2014 Foto: Reprodu\u00e7\u00e3o\/Instagram<\/p>\n<\/div>\n<\/div>\n<div class=\"content-ads content-ads--reveal\" data-block-type=\"ads\" data-block-id=\"29\">\n<div id=\"banner_materia__4328ac92-7c3e-48e7-9b3b-2a05c279786a\" class=\"tag-manager-publicidade-container mc-has-reveal mc-has-ad-lazyload tag-manager-publicidade-banner_materia__4328ac92-7c3e-48e7-9b3b-2a05c279786a tag-manager-publicidade-container--carregado tag-manager-publicidade-container--visivel\" data-id=\"banner_materia__4328ac92-7c3e-48e7-9b3b-2a05c279786a\" data-req=\"true\" data-google-query-id=\"CMKlqtKhxPoCFZEF1AodMwsPYg\" data-cid=\"138407283532\" data-lid=\"6124710931\">\n<div class=\"mc-column content-text active-extra-styles \" data-block-type=\"unstyled\" data-block-weight=\"62\" data-block-id=\"30\">\n<p class=\"content-text__container \" data-track-category=\"Link no Texto\" data-track-links=\"\">O jogador Maur\u00edcio Souza, o Maur\u00edcio do V\u00f4lei, foi eleito deputado federal pelo estado de Minas Gerais. Em outubro do ano passado, ele se envolveu na pol\u00eamica ao criticar a sexualidade do filho do Super-Homem.\u00a0Ele chegou a ser afastado do Minas T\u00eanis Clube, na \u00e9poca.\u00a0No in\u00edcio do ano, o jogador se filiou ao PL.\u00a0O atleta teve 83 mil votos.<\/p>\n<\/div>\n<div class=\"mc-column content-text active-extra-styles \" data-block-type=\"unstyled\" data-block-weight=\"3\" data-block-id=\"31\">\n<div class=\"mc-column content-text active-extra-styles \" data-block-type=\"unstyled\" data-block-weight=\"3\" data-block-id=\"31\">\n<p class=\"content-text__container \" data-track-category=\"Link no Texto\" data-track-links=\"\"><strong>Thiago Gagliasso (PL)<\/strong><\/p>\n<\/div>\n<div class=\"row medium-uncollapsed content-media content-photo\" data-block-type=\"backstage-photo\" data-block-id=\"32\">\n<div class=\"mc-column content-media__container\">\n<div class=\"content-media-container glb-skeleton-box\">\n<figure class=\"content-media-figure\"><img decoding=\"async\" class=\"i-amphtml-fill-content i-amphtml-replaced-content\" src=\"https:\/\/s2.glbimg.com\/mamUfkkl_Q6imGPeyX9SCOMYQCk=\/0x0:446x455\/984x0\/smart\/filters:strip_icc()\/i.s3.glbimg.com\/v1\/AUTH_59edd422c0c84a879bd37670ae4f538a\/internal_photos\/bs\/2022\/W\/9\/B5aT5gSLuiLtJxNT8NCw\/thiago.jpg\" sizes=\"(max-width: 688px) 623px, 100vw\" srcset=\"https:\/\/s2.glbimg.com\/g1zdKsC2jdkS4HP54mhM_hrQ20I=\/0x0:446x455\/1000x0\/smart\/filters:strip_icc()\/i.s3.glbimg.com\/v1\/AUTH_59edd422c0c84a879bd37670ae4f538a\/internal_photos\/bs\/2022\/W\/9\/B5aT5gSLuiLtJxNT8NCw\/thiago.jpg 1000w, https:\/\/s2.glbimg.com\/mamUfkkl_Q6imGPeyX9SCOMYQCk=\/0x0:446x455\/984x0\/smart\/filters:strip_icc()\/i.s3.glbimg.com\/v1\/AUTH_59edd422c0c84a879bd37670ae4f538a\/internal_photos\/bs\/2022\/W\/9\/B5aT5gSLuiLtJxNT8NCw\/thiago.jpg 984w, https:\/\/s2.glbimg.com\/5dG9qdnZm5XQKltPeGdWqcVcjcU=\/0x0:446x455\/640x0\/smart\/filters:strip_icc()\/i.s3.glbimg.com\/v1\/AUTH_59edd422c0c84a879bd37670ae4f538a\/internal_photos\/bs\/2022\/W\/9\/B5aT5gSLuiLtJxNT8NCw\/thiago.jpg 640w, https:\/\/s2.glbimg.com\/JP0yrGIAswdSyYhApS-V6kGs3zQ=\/0x0:446x455\/600x0\/smart\/filters:strip_icc()\/i.s3.glbimg.com\/v1\/AUTH_59edd422c0c84a879bd37670ae4f538a\/internal_photos\/bs\/2022\/W\/9\/B5aT5gSLuiLtJxNT8NCw\/thiago.jpg 600w\" alt=\"Thiago Gagliasso se elege deputado estadual \u2014 Foto: Reprodu\u00e7\u00e3o\/Redes sociais\" \/><\/figure>\n<\/div>\n<p class=\"content-media__description \">Thiago Gagliasso se elege deputado estadual \u2014 Foto: Reprodu\u00e7\u00e3o\/Redes sociais<\/p>\n<\/div>\n<\/div>\n<div class=\"mc-column content-text active-extra-styles \" data-block-type=\"unstyled\" data-block-weight=\"25\" data-block-id=\"33\">\n<p class=\"content-text__container \" data-track-category=\"Link no Texto\" data-track-links=\"\">O ator Thiago Gagliasso, irm\u00e3o do tamb\u00e9m ator Bruno Gagliasso, teve mais de 100 mil votos e se elegeu deputado estadual pelo Rio de Janeiro.<\/p>\n<\/div>\n<div class=\"mc-column content-text active-extra-styles \" data-block-type=\"unstyled\" data-block-weight=\"2\" data-block-id=\"34\">\n<div class=\"mc-column content-text active-extra-styles \" data-block-type=\"unstyled\" data-block-weight=\"2\" data-block-id=\"34\">\n<p class=\"content-text__container \" data-track-category=\"Link no Texto\" data-track-links=\"\"><strong>Tiririca (PL)<\/strong><\/p>\n<\/div>\n<div class=\"row medium-uncollapsed content-media content-photo\" data-block-type=\"backstage-photo\" data-block-id=\"35\">\n<div class=\"mc-column content-media__container\">\n<div class=\"content-media-container glb-skeleton-box\">\n<figure class=\"content-media-figure\"><img decoding=\"async\" class=\"i-amphtml-fill-content i-amphtml-replaced-content\" src=\"https:\/\/s2.glbimg.com\/yCg2pp-LgAbjYX2_lxS_z8mGXgo=\/0x0:853x719\/984x0\/smart\/filters:strip_icc()\/i.s3.glbimg.com\/v1\/AUTH_59edd422c0c84a879bd37670ae4f538a\/internal_photos\/bs\/2017\/l\/7\/f8ilY9SiaI2y0msrEBcg\/tiririca.jpg\" sizes=\"(max-width: 688px) 623px, 100vw\" srcset=\"https:\/\/s2.glbimg.com\/MZLCP4HKzukjDGK0hWlPgtSpejQ=\/0x0:853x719\/1000x0\/smart\/filters:strip_icc()\/i.s3.glbimg.com\/v1\/AUTH_59edd422c0c84a879bd37670ae4f538a\/internal_photos\/bs\/2017\/l\/7\/f8ilY9SiaI2y0msrEBcg\/tiririca.jpg 1000w, https:\/\/s2.glbimg.com\/yCg2pp-LgAbjYX2_lxS_z8mGXgo=\/0x0:853x719\/984x0\/smart\/filters:strip_icc()\/i.s3.glbimg.com\/v1\/AUTH_59edd422c0c84a879bd37670ae4f538a\/internal_photos\/bs\/2017\/l\/7\/f8ilY9SiaI2y0msrEBcg\/tiririca.jpg 984w, https:\/\/s2.glbimg.com\/HjvjUkAiRN7-dO7pLOrhvjWOzFk=\/0x0:853x719\/640x0\/smart\/filters:strip_icc()\/i.s3.glbimg.com\/v1\/AUTH_59edd422c0c84a879bd37670ae4f538a\/internal_photos\/bs\/2017\/l\/7\/f8ilY9SiaI2y0msrEBcg\/tiririca.jpg 640w, https:\/\/s2.glbimg.com\/ihpUm-ON-q1udqv1TwF4Eh288x0=\/0x0:853x719\/600x0\/smart\/filters:strip_icc()\/i.s3.glbimg.com\/v1\/AUTH_59edd422c0c84a879bd37670ae4f538a\/internal_photos\/bs\/2017\/l\/7\/f8ilY9SiaI2y0msrEBcg\/tiririca.jpg 600w\" alt=\"Tiririca se elege novamente deputado federal \u2014 Foto: Divulga\u00e7\u00e3o\" \/><\/figure>\n<\/div>\n<p class=\"content-media__description \">Tiririca se elege novamente deputado federal \u2014 Foto: Divulga\u00e7\u00e3o<\/p>\n<\/div>\n<\/div>\n<div class=\"content-ads content-ads--reveal\" data-block-type=\"ads\" data-block-id=\"36\">\n<div id=\"banner_materia__ae1f311f-c553-488a-bd23-88e549acf087\" class=\"tag-manager-publicidade-container mc-has-reveal mc-has-ad-lazyload tag-manager-publicidade-banner_materia__ae1f311f-c553-488a-bd23-88e549acf087 tag-manager-publicidade-container--carregado tag-manager-publicidade-container--visivel\" data-id=\"banner_materia__ae1f311f-c553-488a-bd23-88e549acf087\" data-req=\"true\" data-google-query-id=\"CLqu-9qhxPoCFYkvuQYdSlIPLQ\" data-cid=\"138296393249\" data-lid=\"5238129589\">\n<div class=\"mc-column content-text active-extra-styles \" data-block-type=\"unstyled\" data-block-weight=\"23\" data-block-id=\"37\">\n<p class=\"content-text__container \" data-track-category=\"Link no Texto\" data-track-links=\"\">Pela quarta vez, o humorista Tiririca se elege deputado federal pelo estado de S\u00e3o Paulo. Nesta elei\u00e7\u00e3o, ele recebeu quase 72 mil votos.<\/p>\n<\/div>\n<div class=\"mc-column content-text active-extra-styles \" data-block-type=\"unstyled\" data-block-weight=\"2\" data-block-id=\"38\">\n<div class=\"mc-column content-text active-extra-styles \" data-block-type=\"unstyled\" data-block-weight=\"3\" data-block-id=\"40\">\n<p class=\"content-text__container \" data-track-category=\"Link no Texto\" data-track-links=\"\"><strong>T\u00falio Gad\u00ealha<\/strong><strong>\u00a0(Rede)<\/strong><\/p>\n<\/div>\n<div class=\"row medium-uncollapsed content-media content-photo\" data-block-type=\"backstage-photo\" data-block-id=\"41\">\n<div class=\"mc-column content-media__container\">\n<div class=\"content-media-container glb-skeleton-box\">\n<figure class=\"content-media-figure\"><img decoding=\"async\" class=\"i-amphtml-fill-content i-amphtml-replaced-content\" src=\"https:\/\/s2.glbimg.com\/OmwyyxYyr7g7IZnmTTvOyCqmQ4U=\/0x0:1280x853\/984x0\/smart\/filters:strip_icc()\/i.s3.glbimg.com\/v1\/AUTH_59edd422c0c84a879bd37670ae4f538a\/internal_photos\/bs\/2019\/P\/2\/f89zkZTQSVDJ54iXfJUQ\/tulio-gadelha.jpg\" sizes=\"(max-width: 688px) 623px, 100vw\" srcset=\"https:\/\/s2.glbimg.com\/Gk7lLcNnIEsVaVZQy1wJTjK2FOs=\/0x0:1280x853\/1000x0\/smart\/filters:strip_icc()\/i.s3.glbimg.com\/v1\/AUTH_59edd422c0c84a879bd37670ae4f538a\/internal_photos\/bs\/2019\/P\/2\/f89zkZTQSVDJ54iXfJUQ\/tulio-gadelha.jpg 1000w, https:\/\/s2.glbimg.com\/OmwyyxYyr7g7IZnmTTvOyCqmQ4U=\/0x0:1280x853\/984x0\/smart\/filters:strip_icc()\/i.s3.glbimg.com\/v1\/AUTH_59edd422c0c84a879bd37670ae4f538a\/internal_photos\/bs\/2019\/P\/2\/f89zkZTQSVDJ54iXfJUQ\/tulio-gadelha.jpg 984w, https:\/\/s2.glbimg.com\/aBjA97qjNX5hvuE8Wlo8RywEWg8=\/0x0:1280x853\/640x0\/smart\/filters:strip_icc()\/i.s3.glbimg.com\/v1\/AUTH_59edd422c0c84a879bd37670ae4f538a\/internal_photos\/bs\/2019\/P\/2\/f89zkZTQSVDJ54iXfJUQ\/tulio-gadelha.jpg 640w, https:\/\/s2.glbimg.com\/pj9bxfCUa0S2zEWZ3ZoL2BNhCE0=\/0x0:1280x853\/600x0\/smart\/filters:strip_icc()\/i.s3.glbimg.com\/v1\/AUTH_59edd422c0c84a879bd37670ae4f538a\/internal_photos\/bs\/2019\/P\/2\/f89zkZTQSVDJ54iXfJUQ\/tulio-gadelha.jpg 600w\" alt=\"T\u00falio Gadelha \u00e9 reeleito deputado federal \u2014 Foto: Diego Medeiros\/Divulga\u00e7\u00e3o\" \/><\/figure>\n<\/div>\n<p class=\"content-media__description \">T\u00falio Gadelha \u00e9 reeleito deputado federal \u2014 Foto: Diego Medeiros\/Divulga\u00e7\u00e3o<\/p>\n<\/div>\n<\/div>\n<div class=\"mc-column content-text active-extra-styles \" data-block-type=\"unstyled\" data-block-weight=\"24\" data-block-id=\"42\">\n<div class=\"mc-column content-text active-extra-styles \" data-block-type=\"unstyled\" data-block-weight=\"24\" data-block-id=\"42\">\n<p class=\"content-text__container \" data-track-category=\"Link no Texto\" data-track-links=\"\">O deputado federal T\u00falio Gad\u00ealha, namorado da apresentadora F\u00e1tima Bernardes, foi reeleito pelo estado do Pernambuco. Gad\u00ealha recebeu pouco mais de 134 mil votos.<\/p>\n<\/div>\n<div class=\"mc-column content-text active-extra-styles\" data-block-type=\"raw\" data-block-weight=\"4\" data-block-id=\"43\">\n<div class=\"content-intertitle\">\n<h2><strong><span class=\"highlight highlighted\">Quem ficou de fora<\/span><\/strong><\/h2>\n<\/div>\n<div class=\"mc-column content-text active-extra-styles \" data-block-type=\"unstyled\" data-block-weight=\"4\" data-block-id=\"44\">\n<p class=\"content-text__container \" data-track-category=\"Link no Texto\" data-track-links=\"\"><strong>Leila do V\u00f4lei (<\/strong><strong>PDT<\/strong><strong>)<\/strong><\/p>\n<\/div>\n<div class=\"content-ads content-ads--reveal\" data-block-type=\"ads\" data-block-id=\"45\"><\/div>\n<div class=\"row medium-uncollapsed content-media content-photo\" data-block-type=\"backstage-photo\" data-block-id=\"46\">\n<div class=\"mc-column content-media__container\">\n<div class=\"content-media-container glb-skeleton-box\">\n<figure class=\"content-media-figure\"><img decoding=\"async\" class=\"i-amphtml-fill-content i-amphtml-replaced-content\" src=\"https:\/\/s2.glbimg.com\/8XAe4HCGOw7og7YdZsAjaB4dSh8=\/0x0:1920x1080\/984x0\/smart\/filters:strip_icc()\/i.s3.glbimg.com\/v1\/AUTH_59edd422c0c84a879bd37670ae4f538a\/internal_photos\/bs\/2022\/m\/r\/p9dTTnR5qMS9izZwxknQ\/e2230-debate-governadores-limpo-27092022-frame-30827.jpeg\" sizes=\"(max-width: 688px) 623px, 100vw\" srcset=\"https:\/\/s2.glbimg.com\/nVNsrpXbiwuLwK7PMgPikGBJfBc=\/0x0:1920x1080\/1000x0\/smart\/filters:strip_icc()\/i.s3.glbimg.com\/v1\/AUTH_59edd422c0c84a879bd37670ae4f538a\/internal_photos\/bs\/2022\/m\/r\/p9dTTnR5qMS9izZwxknQ\/e2230-debate-governadores-limpo-27092022-frame-30827.jpeg 1000w, https:\/\/s2.glbimg.com\/8XAe4HCGOw7og7YdZsAjaB4dSh8=\/0x0:1920x1080\/984x0\/smart\/filters:strip_icc()\/i.s3.glbimg.com\/v1\/AUTH_59edd422c0c84a879bd37670ae4f538a\/internal_photos\/bs\/2022\/m\/r\/p9dTTnR5qMS9izZwxknQ\/e2230-debate-governadores-limpo-27092022-frame-30827.jpeg 984w, https:\/\/s2.glbimg.com\/uL0Hmdj9_A_VvCR2ZNi7sDRDJDM=\/0x0:1920x1080\/640x0\/smart\/filters:strip_icc()\/i.s3.glbimg.com\/v1\/AUTH_59edd422c0c84a879bd37670ae4f538a\/internal_photos\/bs\/2022\/m\/r\/p9dTTnR5qMS9izZwxknQ\/e2230-debate-governadores-limpo-27092022-frame-30827.jpeg 640w, https:\/\/s2.glbimg.com\/FKtFdd06I5kE9w62L1imWFLPXmY=\/0x0:1920x1080\/600x0\/smart\/filters:strip_icc()\/i.s3.glbimg.com\/v1\/AUTH_59edd422c0c84a879bd37670ae4f538a\/internal_photos\/bs\/2022\/m\/r\/p9dTTnR5qMS9izZwxknQ\/e2230-debate-governadores-limpo-27092022-frame-30827.jpeg 600w\" alt=\"Leila do V\u00f4lei (PDT) em debate na Globo Bras\u00edlia, nas elei\u00e7\u00f5es de 2022 \u2014 Foto: TV Globo\/Reprodu\u00e7\u00e3o\" \/><\/figure>\n<\/div>\n<p class=\"content-media__description \">Leila do V\u00f4lei (PDT) em debate na Globo Bras\u00edlia, nas elei\u00e7\u00f5es de 2022 \u2014 Foto: TV Globo\/Reprodu\u00e7\u00e3o<\/p>\n<\/div>\n<\/div>\n<div class=\"mc-column content-text active-extra-styles \" data-block-type=\"unstyled\" data-block-weight=\"35\" data-block-id=\"47\">\n<p class=\"content-text__container \" data-track-category=\"Link no Texto\" data-track-links=\"\">A senadora Leila Barros, a Leila do V\u00f4lei, do PDT, concorreu ao governo do Distrito Federal. A ex-jogadora ficou em quinto lugar na disputa, com 4,8% dos votos.\u00a0Ibaneis Rocha foi reeleito no primeiro turno.<\/p>\n<\/div>\n<div class=\"mc-column content-text active-extra-styles \" data-block-type=\"unstyled\" data-block-weight=\"3\" data-block-id=\"48\">\n<div class=\"mc-column content-text active-extra-styles \" data-block-type=\"unstyled\" data-block-weight=\"3\" data-block-id=\"48\">\n<p class=\"content-text__container \" data-track-category=\"Link no Texto\" data-track-links=\"\"><strong>Alexandre Frota (<\/strong><strong>PSDB<\/strong><strong>)<\/strong><\/p>\n<\/div>\n<div class=\"row medium-uncollapsed content-media content-photo\" data-block-type=\"backstage-photo\" data-block-id=\"49\">\n<div class=\"mc-column content-media__container\">\n<div class=\"content-media-container glb-skeleton-box\">\n<figure class=\"content-media-figure\"><img decoding=\"async\" class=\"i-amphtml-fill-content i-amphtml-replaced-content\" src=\"https:\/\/s2.glbimg.com\/KMbkVOpuINdCb5ocpQ341jkoBRw=\/0x0:1700x1065\/984x0\/smart\/filters:strip_icc()\/i.s3.glbimg.com\/v1\/AUTH_59edd422c0c84a879bd37670ae4f538a\/internal_photos\/bs\/2019\/E\/R\/ZWOASoR1CLQ2l9YLxATA\/frota.jpg\" sizes=\"(max-width: 688px) 623px, 100vw\" srcset=\"https:\/\/s2.glbimg.com\/LwiwLTq33FRSgF_AwaP6xVVVFEo=\/0x0:1700x1065\/1000x0\/smart\/filters:strip_icc()\/i.s3.glbimg.com\/v1\/AUTH_59edd422c0c84a879bd37670ae4f538a\/internal_photos\/bs\/2019\/E\/R\/ZWOASoR1CLQ2l9YLxATA\/frota.jpg 1000w, https:\/\/s2.glbimg.com\/KMbkVOpuINdCb5ocpQ341jkoBRw=\/0x0:1700x1065\/984x0\/smart\/filters:strip_icc()\/i.s3.glbimg.com\/v1\/AUTH_59edd422c0c84a879bd37670ae4f538a\/internal_photos\/bs\/2019\/E\/R\/ZWOASoR1CLQ2l9YLxATA\/frota.jpg 984w, https:\/\/s2.glbimg.com\/5hvJwMKSy9CP6Z8JdZnnJIqAfhI=\/0x0:1700x1065\/640x0\/smart\/filters:strip_icc()\/i.s3.glbimg.com\/v1\/AUTH_59edd422c0c84a879bd37670ae4f538a\/internal_photos\/bs\/2019\/E\/R\/ZWOASoR1CLQ2l9YLxATA\/frota.jpg 640w, https:\/\/s2.glbimg.com\/VFyYzSua8HKbi0c1MFWtLSzCHnc=\/0x0:1700x1065\/600x0\/smart\/filters:strip_icc()\/i.s3.glbimg.com\/v1\/AUTH_59edd422c0c84a879bd37670ae4f538a\/internal_photos\/bs\/2019\/E\/R\/ZWOASoR1CLQ2l9YLxATA\/frota.jpg 600w\" alt=\"O deputado Alexandre Frota n\u00e3o foi eleito para Assembleia Legislativa de S\u00e3o Paulo \u2014 Foto: Michel Jesus\/C\u00e2mara dos Deputados\" \/><\/figure>\n<\/div>\n<p class=\"content-media__description \">O deputado Alexandre Frota n\u00e3o foi eleito para Assembleia Legislativa de S\u00e3o Paulo \u2014 Foto: Michel Jesus\/C\u00e2mara dos Deputados<\/p>\n<\/div>\n<\/div>\n<div class=\"content-ads content-ads--reveal\" data-block-type=\"ads\" data-block-id=\"50\"><\/div>\n<div class=\"mc-column content-text active-extra-styles \" data-block-type=\"unstyled\" data-block-weight=\"37\" data-block-id=\"51\"><\/div>\n<\/div>\n<\/div>\n<div class=\"mc-column content-text active-extra-styles \" data-block-type=\"unstyled\" data-block-weight=\"4\" data-block-id=\"44\">\n<div class=\"mc-column content-text active-extra-styles \" data-block-type=\"unstyled\" data-block-weight=\"37\" data-block-id=\"51\">\n<p class=\"content-text__container \" data-track-category=\"Link no Texto\" data-track-links=\"\">O ator Alexandre Frota n\u00e3o conseguiu se eleger deputado estadual na Assembleia Legislativa de S\u00e3o Paulo. Em 2018, ele foi eleito deputado federal com 155 mil votos. Desta vez, o candidato recebeu cerca de 24 mil votos.<\/p>\n<\/div>\n<div class=\"mc-column content-text active-extra-styles \" data-block-type=\"unstyled\" data-block-weight=\"3\" data-block-id=\"52\">\n<p class=\"content-text__container \" data-track-category=\"Link no Texto\" data-track-links=\"\"><strong>Andr\u00e9 Gon\u00e7alves<\/strong><strong>\u00a0(PV)<\/strong><\/p>\n<\/div>\n<div class=\"row medium-uncollapsed content-media content-photo\" data-block-type=\"backstage-photo\" data-block-id=\"53\">\n<div class=\"mc-column content-media__container\">\n<div class=\"content-media-container glb-skeleton-box\">\n<figure class=\"content-media-figure\"><img decoding=\"async\" class=\"i-amphtml-fill-content i-amphtml-replaced-content\" src=\"https:\/\/s2.glbimg.com\/-NSHr7V-unytzCTcs1z6Zlr45Ls=\/0x0:800x450\/984x0\/smart\/filters:strip_icc()\/i.s3.glbimg.com\/v1\/AUTH_59edd422c0c84a879bd37670ae4f538a\/internal_photos\/bs\/2021\/5\/x\/mYLKdBSiqwPU4vxohBlA\/andre-goncalves.jpg\" sizes=\"(max-width: 688px) 623px, 100vw\" srcset=\"https:\/\/s2.glbimg.com\/1H2eiCb7QDhjwS8LB9XPdSvtyiI=\/0x0:800x450\/1000x0\/smart\/filters:strip_icc()\/i.s3.glbimg.com\/v1\/AUTH_59edd422c0c84a879bd37670ae4f538a\/internal_photos\/bs\/2021\/5\/x\/mYLKdBSiqwPU4vxohBlA\/andre-goncalves.jpg 1000w, https:\/\/s2.glbimg.com\/-NSHr7V-unytzCTcs1z6Zlr45Ls=\/0x0:800x450\/984x0\/smart\/filters:strip_icc()\/i.s3.glbimg.com\/v1\/AUTH_59edd422c0c84a879bd37670ae4f538a\/internal_photos\/bs\/2021\/5\/x\/mYLKdBSiqwPU4vxohBlA\/andre-goncalves.jpg 984w, https:\/\/s2.glbimg.com\/yZgp3QMs_gnLP3lZlKcEAlVmAik=\/0x0:800x450\/640x0\/smart\/filters:strip_icc()\/i.s3.glbimg.com\/v1\/AUTH_59edd422c0c84a879bd37670ae4f538a\/internal_photos\/bs\/2021\/5\/x\/mYLKdBSiqwPU4vxohBlA\/andre-goncalves.jpg 640w, https:\/\/s2.glbimg.com\/7qadJNWSNHlIYN3gVRrhyJRl2JE=\/0x0:800x450\/600x0\/smart\/filters:strip_icc()\/i.s3.glbimg.com\/v1\/AUTH_59edd422c0c84a879bd37670ae4f538a\/internal_photos\/bs\/2021\/5\/x\/mYLKdBSiqwPU4vxohBlA\/andre-goncalves.jpg 600w\" alt=\"Andr\u00e9 Gon\u00e7alves n\u00e3o conseguiu se eleger deputado estadual \u2014 Foto: Reprodu\u00e7\u00e3o\" \/><\/figure>\n<\/div>\n<p class=\"content-media__description \">Andr\u00e9 Gon\u00e7alves n\u00e3o conseguiu se eleger deputado estadual \u2014 Foto: Reprodu\u00e7\u00e3o<\/p>\n<\/div>\n<\/div>\n<div class=\"mc-column content-text active-extra-styles \" data-block-type=\"unstyled\" data-block-weight=\"27\" data-block-id=\"54\">\n<div class=\"mc-column content-text active-extra-styles \" data-block-type=\"unstyled\" data-block-weight=\"27\" data-block-id=\"54\">\n<p class=\"content-text__container \" data-track-category=\"Link no Texto\" data-track-links=\"\">O ator Andr\u00e9 Gon\u00e7alves se candidatou a deputado estadual pelo Rio de Janeiro. Recebeu pouco mais de 2 mil votos, n\u00famero insuficiente para a Assembleia Legislativa fluminense.<\/p>\n<\/div>\n<div class=\"mc-column content-text active-extra-styles \" data-block-type=\"unstyled\" data-block-weight=\"3\" data-block-id=\"55\">\n<p class=\"content-text__container \" data-track-category=\"Link no Texto\" data-track-links=\"\"><strong>Andr\u00e9a Sorvet\u00e3o (<\/strong><strong>Republicanos<\/strong><strong>)<\/strong><\/p>\n<\/div>\n<div class=\"mc-column content-text active-extra-styles \" data-block-type=\"unstyled\" data-block-weight=\"25\" data-block-id=\"56\">\n<p class=\"content-text__container \" data-track-category=\"Link no Texto\" data-track-links=\"\">A ex-paquita Andr\u00e9ia Sorvet\u00e3o n\u00e3o conseguiu se eleger deputada federal pelo Rio de Janeiro. Ela concorria pelo Republicanos e conquistou cerca de 1,6 mil votos.<\/p>\n<\/div>\n<div class=\"mc-column content-text active-extra-styles \" data-block-type=\"unstyled\" data-block-weight=\"3\" data-block-id=\"57\">\n<p class=\"content-text__container \" data-track-category=\"Link no Texto\" data-track-links=\"\"><strong>Ant\u00f4nia Fontenelle<\/strong><strong>\u00a0(Republicanos)<\/strong><\/p>\n<\/div>\n<div class=\"row medium-uncollapsed content-media content-photo\" data-block-type=\"backstage-photo\" data-block-id=\"58\">\n<div class=\"mc-column content-media__container\">\n<div class=\"content-media-container glb-skeleton-box\">\n<figure class=\"content-media-figure\"><img decoding=\"async\" class=\"i-amphtml-fill-content i-amphtml-replaced-content\" src=\"https:\/\/s2.glbimg.com\/Fk8uNU34SUpjmYXOCrTZPSLWlA8=\/0x0:1700x1065\/984x0\/smart\/filters:strip_icc()\/s.glbimg.com\/jo\/g1\/f\/original\/2017\/04\/06\/antonia_fontenelle_divulgacao.jpg\" sizes=\"(max-width: 688px) 623px, 100vw\" srcset=\"https:\/\/s2.glbimg.com\/j1IZ_vaZv_mBeiZPpyrcowMZc-w=\/0x0:1700x1065\/1000x0\/smart\/filters:strip_icc()\/s.glbimg.com\/jo\/g1\/f\/original\/2017\/04\/06\/antonia_fontenelle_divulgacao.jpg 1000w, https:\/\/s2.glbimg.com\/Fk8uNU34SUpjmYXOCrTZPSLWlA8=\/0x0:1700x1065\/984x0\/smart\/filters:strip_icc()\/s.glbimg.com\/jo\/g1\/f\/original\/2017\/04\/06\/antonia_fontenelle_divulgacao.jpg 984w, https:\/\/s2.glbimg.com\/yq9U7wCHXzAP8hKTJx_I6SaPtSg=\/0x0:1700x1065\/640x0\/smart\/filters:strip_icc()\/s.glbimg.com\/jo\/g1\/f\/original\/2017\/04\/06\/antonia_fontenelle_divulgacao.jpg 640w, https:\/\/s2.glbimg.com\/9UjV-T640X6MTKWkQpJh2SA_QA4=\/0x0:1700x1065\/600x0\/smart\/filters:strip_icc()\/s.glbimg.com\/jo\/g1\/f\/original\/2017\/04\/06\/antonia_fontenelle_divulgacao.jpg 600w\" alt=\"Ant\u00f4nia Fontenelle n\u00e3o se elege deputada federal \u2014 Foto: Divulga\u00e7\u00e3o\" \/><\/figure>\n<\/div>\n<p class=\"content-media__description \">Ant\u00f4nia Fontenelle n\u00e3o se elege deputada federal \u2014 Foto: Divulga\u00e7\u00e3o<\/p>\n<\/div>\n<\/div>\n<div class=\"content-ads content-ads--reveal\" data-block-type=\"ads\" data-block-id=\"59\">\n<div class=\"mc-column content-text active-extra-styles \" data-block-type=\"unstyled\" data-block-weight=\"54\" data-block-id=\"60\">\n<p class=\"content-text__container \" data-track-category=\"Link no Texto\" data-track-links=\"\">A influenciadora e apresentadora Ant\u00f4nia Fontenelle se candidatou a deputada federal pelo Rio de Janeiro e conseguiu mais de 30 mil votos, a sexta mais bem votada dentro de seu partido, Republicanos. No entanto, a legenda conquistou apenas tr\u00eas cadeiras na C\u00e2mara dos Deputados, que ficaram com Marcelo Crivella, Rosangela Gomes e Jorge Braz.<\/p>\n<\/div>\n<div class=\"mc-column content-text active-extra-styles \" data-block-type=\"unstyled\" data-block-weight=\"2\" data-block-id=\"61\">\n<p class=\"content-text__container \" data-track-category=\"Link no Texto\" data-track-links=\"\"><strong>Ariadna (<\/strong><strong>PSB<\/strong><strong>)<\/strong><\/p>\n<\/div>\n<div class=\"row medium-uncollapsed content-media content-photo\" data-block-type=\"backstage-photo\" data-block-id=\"62\">\n<div class=\"mc-column content-media__container\">\n<div class=\"content-media-container glb-skeleton-box\">\n<figure class=\"content-media-figure\"><img decoding=\"async\" class=\"i-amphtml-fill-content i-amphtml-replaced-content\" src=\"https:\/\/s2.glbimg.com\/xbBtcjL6ANYnV3hDTGvqLbT1gbA=\/0x0:5800x3867\/984x0\/smart\/filters:strip_icc()\/i.s3.glbimg.com\/v1\/AUTH_59edd422c0c84a879bd37670ae4f538a\/internal_photos\/bs\/2022\/C\/X\/ByJaz2RjKuBmF9YKMZqQ\/ariadna-arantes.jpg\" sizes=\"(max-width: 688px) 623px, 100vw\" srcset=\"https:\/\/s2.glbimg.com\/H-XJgD59MmPBfN8HhfJBblJLpeE=\/0x0:5800x3867\/1000x0\/smart\/filters:strip_icc()\/i.s3.glbimg.com\/v1\/AUTH_59edd422c0c84a879bd37670ae4f538a\/internal_photos\/bs\/2022\/C\/X\/ByJaz2RjKuBmF9YKMZqQ\/ariadna-arantes.jpg 1000w, https:\/\/s2.glbimg.com\/xbBtcjL6ANYnV3hDTGvqLbT1gbA=\/0x0:5800x3867\/984x0\/smart\/filters:strip_icc()\/i.s3.glbimg.com\/v1\/AUTH_59edd422c0c84a879bd37670ae4f538a\/internal_photos\/bs\/2022\/C\/X\/ByJaz2RjKuBmF9YKMZqQ\/ariadna-arantes.jpg 984w, https:\/\/s2.glbimg.com\/h0fvdkFB5EGIrf3lyDcptFRIXds=\/0x0:5800x3867\/640x0\/smart\/filters:strip_icc()\/i.s3.glbimg.com\/v1\/AUTH_59edd422c0c84a879bd37670ae4f538a\/internal_photos\/bs\/2022\/C\/X\/ByJaz2RjKuBmF9YKMZqQ\/ariadna-arantes.jpg 640w, https:\/\/s2.glbimg.com\/8sUyijAwvc8sOSPoazShnqP62GI=\/0x0:5800x3867\/600x0\/smart\/filters:strip_icc()\/i.s3.glbimg.com\/v1\/AUTH_59edd422c0c84a879bd37670ae4f538a\/internal_photos\/bs\/2022\/C\/X\/ByJaz2RjKuBmF9YKMZqQ\/ariadna-arantes.jpg 600w\" alt=\"A ex-BBB Ariadna Arantes 26\u00aa edi\u00e7\u00e3o da Parada do Orgulho LGBT+ \u2014 Foto: Celso Tavares\/g1\" \/><\/figure>\n<\/div>\n<p class=\"content-media__description \">A ex-BBB Ariadna Arantes 26\u00aa edi\u00e7\u00e3o da Parada do Orgulho LGBT+ \u2014 Foto: Celso Tavares\/g1<\/p>\n<\/div>\n<\/div>\n<div class=\"mc-column content-text active-extra-styles \" data-block-type=\"unstyled\" data-block-weight=\"31\" data-block-id=\"63\">\n<div class=\"mc-column content-text active-extra-styles \" data-block-type=\"unstyled\" data-block-weight=\"31\" data-block-id=\"63\">\n<p class=\"content-text__container \" data-track-category=\"Link no Texto\" data-track-links=\"\">A ex-BBB Ariadna Arantes\u00a0se filiou este ano ao PSB e tentou uma vaga na C\u00e2mara dos Deputados em Bras\u00edlia.\u00a0Ela teve quase 5 mil votos e n\u00e3o conseguiu se eleger.<\/p>\n<\/div>\n<div class=\"mc-column content-text active-extra-styles \" data-block-type=\"unstyled\" data-block-weight=\"3\" data-block-id=\"64\">\n<p class=\"content-text__container \" data-track-category=\"Link no Texto\" data-track-links=\"\"><strong>Bebeto Tetra (PSD)<\/strong><\/p>\n<\/div>\n<div class=\"row medium-uncollapsed content-media content-photo\" data-block-type=\"backstage-photo\" data-block-id=\"65\">\n<div class=\"mc-column content-media__container\">\n<div class=\"content-media-container glb-skeleton-box\">\n<figure class=\"content-media-figure\"><img decoding=\"async\" class=\"i-amphtml-fill-content i-amphtml-replaced-content\" src=\"https:\/\/s2.glbimg.com\/1aTVcnMOasbhUPYxYGecY7HNSaE=\/0x0:500x360\/984x0\/smart\/filters:strip_icc()\/i.s3.glbimg.com\/v1\/AUTH_59edd422c0c84a879bd37670ae4f538a\/internal_photos\/bs\/2020\/1\/S\/gbMCGMRXGEqzBBnxY7Pg\/bebeto.jpg\" sizes=\"(max-width: 688px) 623px, 100vw\" srcset=\"https:\/\/s2.glbimg.com\/6p2_NPFflALmhkm1doYQhhfzf5g=\/0x0:500x360\/1000x0\/smart\/filters:strip_icc()\/i.s3.glbimg.com\/v1\/AUTH_59edd422c0c84a879bd37670ae4f538a\/internal_photos\/bs\/2020\/1\/S\/gbMCGMRXGEqzBBnxY7Pg\/bebeto.jpg 1000w, https:\/\/s2.glbimg.com\/1aTVcnMOasbhUPYxYGecY7HNSaE=\/0x0:500x360\/984x0\/smart\/filters:strip_icc()\/i.s3.glbimg.com\/v1\/AUTH_59edd422c0c84a879bd37670ae4f538a\/internal_photos\/bs\/2020\/1\/S\/gbMCGMRXGEqzBBnxY7Pg\/bebeto.jpg 984w, https:\/\/s2.glbimg.com\/ZhfZ-Q3Y5uX7JOesAq7CL31thKU=\/0x0:500x360\/640x0\/smart\/filters:strip_icc()\/i.s3.glbimg.com\/v1\/AUTH_59edd422c0c84a879bd37670ae4f538a\/internal_photos\/bs\/2020\/1\/S\/gbMCGMRXGEqzBBnxY7Pg\/bebeto.jpg 640w, https:\/\/s2.glbimg.com\/Kz9QDEfiaB-y75wvHRq6k1-eYyI=\/0x0:500x360\/600x0\/smart\/filters:strip_icc()\/i.s3.glbimg.com\/v1\/AUTH_59edd422c0c84a879bd37670ae4f538a\/internal_photos\/bs\/2020\/1\/S\/gbMCGMRXGEqzBBnxY7Pg\/bebeto.jpg 600w\" alt=\"Ex-jogador Bebeto \u2014 Foto: Redes social\" \/><\/figure>\n<\/div>\n<p class=\"content-media__description \">Ex-jogador Bebeto \u2014 Foto: Redes social<\/p>\n<\/div>\n<\/div>\n<div class=\"content-ads content-ads--reveal\" data-block-type=\"ads\" data-block-id=\"66\">\n<div id=\"banner_materia__5bd4d327-18ad-46d5-a62e-2909ec4d21ef\" class=\"tag-manager-publicidade-container mc-has-reveal mc-has-ad-lazyload\" data-id=\"banner_materia__5bd4d327-18ad-46d5-a62e-2909ec4d21ef\" data-req=\"true\">\n<div id=\"google_ads_iframe_\/95377733\/tvg_G1\/Politica\/Eleicoes_9__container__\">\n<div class=\"mc-column content-text active-extra-styles \" data-block-type=\"unstyled\" data-block-weight=\"39\" data-block-id=\"67\">\n<p class=\"content-text__container \" data-track-category=\"Link no Texto\" data-track-links=\"\">Bebeto, o ex-jogador de futebol, tentou uma vaga de deputado federal pelo Rio de Janeiro. N\u00e3o conseguiu se eleger: teve cerca de 25 mil votos. No entanto, seu partido conseguiu apenas quatro cadeiras na C\u00e2mara dos Deputados, em Bras\u00edlia.<\/p>\n<\/div>\n<div class=\"mc-column content-text active-extra-styles \" data-block-type=\"unstyled\" data-block-weight=\"3\" data-block-id=\"68\">\n<p class=\"content-text__container \" data-track-category=\"Link no Texto\" data-track-links=\"\"><strong>Caneta Azul (PL)<\/strong><\/p>\n<\/div>\n<div class=\"row medium-uncollapsed content-media content-photo\" data-block-type=\"backstage-photo\" data-block-id=\"69\">\n<div class=\"mc-column content-media__container\">\n<div class=\"content-media-container glb-skeleton-box\">\n<figure class=\"content-media-figure\"><img decoding=\"async\" class=\"i-amphtml-fill-content i-amphtml-replaced-content\" src=\"https:\/\/s2.glbimg.com\/HQurtCLkr0GSyycB0umvcoKkCuM=\/0x0:5184x3456\/984x0\/smart\/filters:strip_icc()\/i.s3.glbimg.com\/v1\/AUTH_59edd422c0c84a879bd37670ae4f538a\/internal_photos\/bs\/2020\/9\/e\/EYKMBXR72tNdkUAgmZzQ\/azul-caneta.jpg\" sizes=\"(max-width: 688px) 623px, 100vw\" srcset=\"https:\/\/s2.glbimg.com\/NbhZN9m5QFfaOHbQAjREtKisM5s=\/0x0:5184x3456\/1000x0\/smart\/filters:strip_icc()\/i.s3.glbimg.com\/v1\/AUTH_59edd422c0c84a879bd37670ae4f538a\/internal_photos\/bs\/2020\/9\/e\/EYKMBXR72tNdkUAgmZzQ\/azul-caneta.jpg 1000w, https:\/\/s2.glbimg.com\/HQurtCLkr0GSyycB0umvcoKkCuM=\/0x0:5184x3456\/984x0\/smart\/filters:strip_icc()\/i.s3.glbimg.com\/v1\/AUTH_59edd422c0c84a879bd37670ae4f538a\/internal_photos\/bs\/2020\/9\/e\/EYKMBXR72tNdkUAgmZzQ\/azul-caneta.jpg 984w, https:\/\/s2.glbimg.com\/fgd82bvZCNl2TycErN8JJLsvUn8=\/0x0:5184x3456\/640x0\/smart\/filters:strip_icc()\/i.s3.glbimg.com\/v1\/AUTH_59edd422c0c84a879bd37670ae4f538a\/internal_photos\/bs\/2020\/9\/e\/EYKMBXR72tNdkUAgmZzQ\/azul-caneta.jpg 640w, https:\/\/s2.glbimg.com\/IELR4DgsHKTcxEGEIZSFb7Zyw7A=\/0x0:5184x3456\/600x0\/smart\/filters:strip_icc()\/i.s3.glbimg.com\/v1\/AUTH_59edd422c0c84a879bd37670ae4f538a\/internal_photos\/bs\/2020\/9\/e\/EYKMBXR72tNdkUAgmZzQ\/azul-caneta.jpg 600w\" alt=\"Compositor de &quot;Caneta Azul&quot;, Manoel n\u00e3o se elegeu \u2014 Foto: Carlos Dias\" \/><\/figure>\n<\/div>\n<p class=\"content-media__description \">Compositor de &#8220;Caneta Azul&#8221;, Manoel n\u00e3o se elegeu \u2014 Foto: Carlos Dias<\/p>\n<\/div>\n<\/div>\n<div class=\"mc-column content-text active-extra-styles \" data-block-type=\"unstyled\" data-block-weight=\"57\" data-block-id=\"70\">\n<p class=\"content-text__container \" data-track-category=\"Link no Texto\" data-track-links=\"\">O cantor maranhense Manoel Gomes ficou conhecido pelo pa\u00eds depois de\u00a0viralizar com a m\u00fasica &#8220;Caneta Azul&#8221;, em 2019.\u00a0Foi com este apelido \u2013 Caneta Azul \u2013 que o artista lan\u00e7ou a sua candidatura para deputado estadual pelo Maranh\u00e3o. Ele teve pouco mais de 7 mil votos e n\u00e3o conseguiu uma cadeira na Assembleia Legislativa do estado.<\/p>\n<\/div>\n<div class=\"mc-column content-text active-extra-styles \" data-block-type=\"unstyled\" data-block-weight=\"4\" data-block-id=\"71\"><\/div>\n<\/div>\n<\/div>\n<\/div>\n<div class=\"mc-column content-text active-extra-styles \" data-block-type=\"unstyled\" data-block-weight=\"39\" data-block-id=\"67\">\n<div class=\"mc-column content-text active-extra-styles \" data-block-type=\"unstyled\" data-block-weight=\"4\" data-block-id=\"71\">\n<p class=\"content-text__container \" data-track-category=\"Link no Texto\" data-track-links=\"\"><strong>Douglas Maestro Pifador (Uni\u00e3o)<\/strong><\/p>\n<\/div>\n<div class=\"content-ads content-ads--reveal\" data-block-type=\"ads\" data-block-id=\"72\">\n<div id=\"banner_materia__85373cb6-efef-4188-b07a-e485bd55887a\" class=\"tag-manager-publicidade-container mc-has-reveal mc-has-ad-lazyload tag-manager-publicidade-banner_materia__85373cb6-efef-4188-b07a-e485bd55887a tag-manager-publicidade-container--carregado tag-manager-publicidade-container--visivel\" data-id=\"banner_materia__85373cb6-efef-4188-b07a-e485bd55887a\" data-req=\"true\" data-google-query-id=\"CKjMy_mhxPoCFZQzuQYdgyELMw\" data-cid=\"null\" data-lid=\"null\"><\/div>\n<\/div>\n<\/div>\n<\/div>\n<\/div>\n<div class=\"mc-column content-text active-extra-styles \" data-block-type=\"unstyled\" data-block-weight=\"54\" data-block-id=\"60\">\n<div class=\"mc-column content-text active-extra-styles \" data-block-type=\"unstyled\" data-block-weight=\"38\" data-block-id=\"73\">\n<p class=\"content-text__container \" data-track-category=\"Link no Texto\" data-track-links=\"\">O ex-jogador do Gr\u00eamio Douglas Maestro Pifador se candidatou para o cargo de deputado federal pelo Rio Grande do Sul. Com pouco mais de 35 mil votos, ele acabou ficando de fora da C\u00e2mara dos Deputados em Bras\u00edlia.<\/p>\n<\/div>\n<div class=\"mc-column content-text active-extra-styles \" data-block-type=\"unstyled\" data-block-weight=\"3\" data-block-id=\"74\">\n<p class=\"content-text__container \" data-track-category=\"Link no Texto\" data-track-links=\"\"><strong>Felipe Folgosi (PL)<\/strong><\/p>\n<\/div>\n<div class=\"row medium-uncollapsed content-media content-photo\" data-block-type=\"backstage-photo\" data-block-id=\"75\">\n<div class=\"mc-column content-media__container\">\n<div class=\"content-media-container glb-skeleton-box\">\n<figure class=\"content-media-figure\"><img decoding=\"async\" class=\"i-amphtml-fill-content i-amphtml-replaced-content\" src=\"https:\/\/s2.glbimg.com\/-tzAQ6-Blc1OwmmmNeCwPGSZ98I=\/0x0:538x602\/984x0\/smart\/filters:strip_icc()\/i.s3.glbimg.com\/v1\/AUTH_59edd422c0c84a879bd37670ae4f538a\/internal_photos\/bs\/2022\/B\/s\/lStqcdQQ6uG7WEDrm14w\/felipe.jpg\" sizes=\"(max-width: 688px) 623px, 100vw\" srcset=\"https:\/\/s2.glbimg.com\/hA-IKlI1n28QgZtUC-b3bvsSfUI=\/0x0:538x602\/1000x0\/smart\/filters:strip_icc()\/i.s3.glbimg.com\/v1\/AUTH_59edd422c0c84a879bd37670ae4f538a\/internal_photos\/bs\/2022\/B\/s\/lStqcdQQ6uG7WEDrm14w\/felipe.jpg 1000w, https:\/\/s2.glbimg.com\/-tzAQ6-Blc1OwmmmNeCwPGSZ98I=\/0x0:538x602\/984x0\/smart\/filters:strip_icc()\/i.s3.glbimg.com\/v1\/AUTH_59edd422c0c84a879bd37670ae4f538a\/internal_photos\/bs\/2022\/B\/s\/lStqcdQQ6uG7WEDrm14w\/felipe.jpg 984w, https:\/\/s2.glbimg.com\/muhRT3C38Faxqjy8SGukQ0QVDZI=\/0x0:538x602\/640x0\/smart\/filters:strip_icc()\/i.s3.glbimg.com\/v1\/AUTH_59edd422c0c84a879bd37670ae4f538a\/internal_photos\/bs\/2022\/B\/s\/lStqcdQQ6uG7WEDrm14w\/felipe.jpg 640w, https:\/\/s2.glbimg.com\/aR5rZW9uX1wTeBR5a_wIbHqSSmY=\/0x0:538x602\/600x0\/smart\/filters:strip_icc()\/i.s3.glbimg.com\/v1\/AUTH_59edd422c0c84a879bd37670ae4f538a\/internal_photos\/bs\/2022\/B\/s\/lStqcdQQ6uG7WEDrm14w\/felipe.jpg 600w\" alt=\"Felipe Folgosi n\u00e3o conseguiu se eleger para a C\u00e2mara dos Deputados por S\u00e3o Paulo \u2014 Foto: Reprodu\u00e7\u00e3o\" \/><\/figure>\n<\/div>\n<p class=\"content-media__description \">Felipe Folgosi n\u00e3o conseguiu se eleger para a C\u00e2mara dos Deputados por S\u00e3o Paulo \u2014 Foto: Reprodu\u00e7\u00e3o<\/p>\n<\/div>\n<\/div>\n<div class=\"mc-column content-text active-extra-styles \" data-block-type=\"unstyled\" data-block-weight=\"34\" data-block-id=\"76\">\n<div class=\"mc-column content-text active-extra-styles \" data-block-type=\"unstyled\" data-block-weight=\"34\" data-block-id=\"76\">\n<p class=\"content-text__container \" data-track-category=\"Link no Texto\" data-track-links=\"\">O ator Felipe Folgosi tamb\u00e9m tentou uma vaga de deputado federal, mas pelo estado de S\u00e3o Paulo. N\u00e3o conseguiu se eleger. O artista teve pouco mais de 30 mil votos na elei\u00e7\u00e3o deste domingo.<\/p>\n<\/div>\n<div class=\"mc-column content-text active-extra-styles \" data-block-type=\"unstyled\" data-block-weight=\"3\" data-block-id=\"77\">\n<p class=\"content-text__container \" data-track-category=\"Link no Texto\" data-track-links=\"\"><strong>Gilson Kleina (Progressistas)<\/strong><\/p>\n<\/div>\n<div class=\"row medium-uncollapsed content-media content-photo\" data-block-type=\"backstage-photo\" data-block-id=\"78\">\n<div class=\"mc-column content-media__container\">\n<div class=\"content-media-container glb-skeleton-box\">\n<figure class=\"content-media-figure\"><img decoding=\"async\" class=\"i-amphtml-fill-content i-amphtml-replaced-content\" src=\"https:\/\/s2.glbimg.com\/DLyd4_mhmK2oiBkiwZ_8BJolJjM=\/0x0:1600x1065\/984x0\/smart\/filters:strip_icc()\/i.s3.glbimg.com\/v1\/AUTH_59edd422c0c84a879bd37670ae4f538a\/internal_photos\/bs\/2017\/8\/1\/yupBxaSACdoBbKjAmqPw\/gilson-kleina.jpg\" sizes=\"(max-width: 688px) 623px, 100vw\" srcset=\"https:\/\/s2.glbimg.com\/QfX_ZnTgTz3z8-26qpI7AwWTa_M=\/0x0:1600x1065\/1000x0\/smart\/filters:strip_icc()\/i.s3.glbimg.com\/v1\/AUTH_59edd422c0c84a879bd37670ae4f538a\/internal_photos\/bs\/2017\/8\/1\/yupBxaSACdoBbKjAmqPw\/gilson-kleina.jpg 1000w, https:\/\/s2.glbimg.com\/DLyd4_mhmK2oiBkiwZ_8BJolJjM=\/0x0:1600x1065\/984x0\/smart\/filters:strip_icc()\/i.s3.glbimg.com\/v1\/AUTH_59edd422c0c84a879bd37670ae4f538a\/internal_photos\/bs\/2017\/8\/1\/yupBxaSACdoBbKjAmqPw\/gilson-kleina.jpg 984w, https:\/\/s2.glbimg.com\/bpriiDzEj6LdHcujjPFqgwntMD4=\/0x0:1600x1065\/640x0\/smart\/filters:strip_icc()\/i.s3.glbimg.com\/v1\/AUTH_59edd422c0c84a879bd37670ae4f538a\/internal_photos\/bs\/2017\/8\/1\/yupBxaSACdoBbKjAmqPw\/gilson-kleina.jpg 640w, https:\/\/s2.glbimg.com\/GRsSPBwDgyP9gJpZR8PPlVj-JiA=\/0x0:1600x1065\/600x0\/smart\/filters:strip_icc()\/i.s3.glbimg.com\/v1\/AUTH_59edd422c0c84a879bd37670ae4f538a\/internal_photos\/bs\/2017\/8\/1\/yupBxaSACdoBbKjAmqPw\/gilson-kleina.jpg 600w\" alt=\"treinador Gilson Kleina \u2014 Foto: Marcos Ribolli\" \/><\/figure>\n<\/div>\n<p class=\"content-media__description \">treinador Gilson Kleina \u2014 Foto: Marcos Ribolli<\/p>\n<\/div>\n<\/div>\n<div class=\"content-ads content-ads--reveal\" data-block-type=\"ads\" data-block-id=\"79\">\n<div id=\"banner_materia__0e655f59-9cef-4f8d-b1bc-8d96ed0ffd40\" class=\"tag-manager-publicidade-container mc-has-reveal mc-has-ad-lazyload tag-manager-publicidade-banner_materia__0e655f59-9cef-4f8d-b1bc-8d96ed0ffd40 tag-manager-publicidade-container--carregado tag-manager-publicidade-container--visivel\" data-id=\"banner_materia__0e655f59-9cef-4f8d-b1bc-8d96ed0ffd40\" data-req=\"true\" data-google-query-id=\"CPmsvYKixPoCFTEtuQYdIcMElA\" data-cid=\"138387209174\" data-lid=\"6055444793\">\n<div class=\"mc-column content-text active-extra-styles \" data-block-type=\"unstyled\" data-block-weight=\"30\" data-block-id=\"80\">\n<p class=\"content-text__container \" data-track-category=\"Link no Texto\" data-track-links=\"\">Gilson Kleina foi t\u00e9cnico da Chapecoense, Palmeiras, Ponte Preta, entre outros. Ele concorreu a uma vaga de deputado federal pelo Paran\u00e1. N\u00e3o conseguiu se eleger: ao todo, teve 840 votos.<\/p>\n<\/div>\n<div class=\"row medium-uncollapsed content-media content-photo\" data-block-type=\"backstage-photo\" data-block-id=\"81\">\n<div class=\"mc-column content-media__container\">\n<div class=\"content-media-container glb-skeleton-box\">\n<figure class=\"content-media-figure\"><img decoding=\"async\" class=\"i-amphtml-fill-content i-amphtml-replaced-content\" src=\"https:\/\/s2.glbimg.com\/d2MJiz1ohHPftdjqCk7fwW8ftqE=\/0x0:1920x1080\/984x0\/smart\/filters:strip_icc()\/i.s3.glbimg.com\/v1\/AUTH_59edd422c0c84a879bd37670ae4f538a\/internal_photos\/bs\/2020\/x\/o\/A5HIhhRFuIlq6cCJ0lBA\/eleicoes-convencao-republicanos-1209-frame-89031.png\" sizes=\"(max-width: 688px) 623px, 100vw\" srcset=\"https:\/\/s2.glbimg.com\/SG4na5VNPQIMVw_pk0_UvdVcCUE=\/0x0:1920x1080\/1000x0\/smart\/filters:strip_icc()\/i.s3.glbimg.com\/v1\/AUTH_59edd422c0c84a879bd37670ae4f538a\/internal_photos\/bs\/2020\/x\/o\/A5HIhhRFuIlq6cCJ0lBA\/eleicoes-convencao-republicanos-1209-frame-89031.png 1000w, https:\/\/s2.glbimg.com\/d2MJiz1ohHPftdjqCk7fwW8ftqE=\/0x0:1920x1080\/984x0\/smart\/filters:strip_icc()\/i.s3.glbimg.com\/v1\/AUTH_59edd422c0c84a879bd37670ae4f538a\/internal_photos\/bs\/2020\/x\/o\/A5HIhhRFuIlq6cCJ0lBA\/eleicoes-convencao-republicanos-1209-frame-89031.png 984w, https:\/\/s2.glbimg.com\/vI7aQEmRvMQVjiYnw0Hfje3kdx0=\/0x0:1920x1080\/640x0\/smart\/filters:strip_icc()\/i.s3.glbimg.com\/v1\/AUTH_59edd422c0c84a879bd37670ae4f538a\/internal_photos\/bs\/2020\/x\/o\/A5HIhhRFuIlq6cCJ0lBA\/eleicoes-convencao-republicanos-1209-frame-89031.png 640w, https:\/\/s2.glbimg.com\/0cxF3DWNxGOaxFgRCQFzsMhhLWI=\/0x0:1920x1080\/600x0\/smart\/filters:strip_icc()\/i.s3.glbimg.com\/v1\/AUTH_59edd422c0c84a879bd37670ae4f538a\/internal_photos\/bs\/2020\/x\/o\/A5HIhhRFuIlq6cCJ0lBA\/eleicoes-convencao-republicanos-1209-frame-89031.png 600w\" alt=\"Jo\u00e3o Derly \u2014 Foto: Reprodu\u00e7\u00e3o\/RBS TV\" \/><\/figure>\n<\/div>\n<p class=\"content-media__description \">Jo\u00e3o Derly \u2014 Foto: Reprodu\u00e7\u00e3o\/RBS TV<\/p>\n<\/div>\n<\/div>\n<div class=\"mc-column content-text active-extra-styles \" data-block-type=\"unstyled\" data-block-weight=\"3\" data-block-id=\"82\">\n<p class=\"content-text__container \" data-track-category=\"Link no Texto\" data-track-links=\"\"><strong>Jo\u00e3o Derly (Republicanos)<\/strong><\/p>\n<\/div>\n<div class=\"mc-column content-text active-extra-styles \" data-block-type=\"unstyled\" data-block-weight=\"27\" data-block-id=\"83\">\n<p class=\"content-text__container \" data-track-category=\"Link no Texto\" data-track-links=\"\">O judoca Jo\u00e3o Derly disputou nestas elei\u00e7\u00f5es uma vaga para deputado estadual pelo Rio Grande do Sul. Ele teve 14 mil votos e n\u00e3o conseguiu se eleger.<\/p>\n<\/div>\n<div class=\"mc-column content-text active-extra-styles \" data-block-type=\"unstyled\" data-block-weight=\"3\" data-block-id=\"84\">\n<div class=\"mc-column content-text active-extra-styles \" data-block-type=\"unstyled\" data-block-weight=\"3\" data-block-id=\"84\">\n<p class=\"content-text__container \" data-track-category=\"Link no Texto\" data-track-links=\"\"><strong>Joel Santana (Pros)<\/strong><\/p>\n<\/div>\n<div class=\"row medium-uncollapsed content-media content-photo\" data-block-type=\"backstage-photo\" data-block-id=\"85\">\n<div class=\"mc-column content-media__container\">\n<div class=\"content-media-container glb-skeleton-box\">\n<figure class=\"content-media-figure\"><img decoding=\"async\" class=\"i-amphtml-fill-content i-amphtml-replaced-content\" src=\"https:\/\/s2.glbimg.com\/MR0UeX3m5wQLWdrGuywXFSEp4Aw=\/0x0:300x225\/984x0\/smart\/filters:strip_icc()\/s.glbimg.com\/jo\/g1\/f\/original\/2011\/10\/31\/sem_titulo-3.jpg\" sizes=\"(max-width: 688px) 623px, 100vw\" srcset=\"https:\/\/s2.glbimg.com\/qarLzJJdZbNgoB5ed9prAmzLN80=\/0x0:300x225\/1000x0\/smart\/filters:strip_icc()\/s.glbimg.com\/jo\/g1\/f\/original\/2011\/10\/31\/sem_titulo-3.jpg 1000w, https:\/\/s2.glbimg.com\/MR0UeX3m5wQLWdrGuywXFSEp4Aw=\/0x0:300x225\/984x0\/smart\/filters:strip_icc()\/s.glbimg.com\/jo\/g1\/f\/original\/2011\/10\/31\/sem_titulo-3.jpg 984w, https:\/\/s2.glbimg.com\/QNw64lto9qoDpt1DkRH18fxDk6Y=\/0x0:300x225\/640x0\/smart\/filters:strip_icc()\/s.glbimg.com\/jo\/g1\/f\/original\/2011\/10\/31\/sem_titulo-3.jpg 640w, https:\/\/s2.glbimg.com\/gaRRMSvic1NL5U1USsWRhAylkss=\/0x0:300x225\/600x0\/smart\/filters:strip_icc()\/s.glbimg.com\/jo\/g1\/f\/original\/2011\/10\/31\/sem_titulo-3.jpg 600w\" alt=\"Joel Santana n\u00e3o conseguiu se eleger deputado federal \u2014 Foto: Ag\u00eancia Estado\" \/><\/figure>\n<\/div>\n<p class=\"content-media__description \">Joel Santana n\u00e3o conseguiu se eleger deputado federal \u2014 Foto: Ag\u00eancia Estado<\/p>\n<\/div>\n<\/div>\n<div class=\"content-ads content-ads--reveal\" data-block-type=\"ads\" data-block-id=\"86\"><\/div>\n<div class=\"mc-column content-text active-extra-styles \" data-block-type=\"unstyled\" data-block-weight=\"30\" data-block-id=\"87\">\n<p class=\"content-text__container \" data-track-category=\"Link no Texto\" data-track-links=\"\">O ex-t\u00e9cnico de futebol Joel Santana tentou uma vaga na C\u00e2mara dos Deputados pelo Rio de Janeiro. Ele teve pouco mais de 2 mil votos e n\u00e3o conseguiu se eleger.<\/p>\n<\/div>\n<div class=\"mc-column content-text active-extra-styles \" data-block-type=\"unstyled\" data-block-weight=\"3\" data-block-id=\"88\">\n<div class=\"mc-column content-text active-extra-styles \" data-block-type=\"unstyled\" data-block-weight=\"3\" data-block-id=\"88\">\n<p class=\"content-text__container \" data-track-category=\"Link no Texto\" data-track-links=\"\"><strong>Joice Hasselmann (PSDB)<\/strong><\/p>\n<\/div>\n<div class=\"row medium-uncollapsed content-media content-photo\" data-block-type=\"backstage-photo\" data-block-id=\"89\">\n<div class=\"mc-column content-media__container\">\n<div class=\"content-media-container glb-skeleton-box\">\n<figure class=\"content-media-figure\"><img decoding=\"async\" class=\"i-amphtml-fill-content i-amphtml-replaced-content\" src=\"https:\/\/s2.glbimg.com\/MdYbtnOnhVF-n9xqetjnxs5mpCo=\/0x0:3000x2000\/984x0\/smart\/filters:strip_icc()\/i.s3.glbimg.com\/v1\/AUTH_59edd422c0c84a879bd37670ae4f538a\/internal_photos\/bs\/2022\/S\/y\/qSU5HJTyWVG3j6Y2iYgQ\/ato-em-defesa-da-democracia-celso-tavares-g1-107-de-141-.jpg\" sizes=\"(max-width: 688px) 623px, 100vw\" srcset=\"https:\/\/s2.glbimg.com\/VejCwg_lzbIsEgguPD2Peny82BU=\/0x0:3000x2000\/1000x0\/smart\/filters:strip_icc()\/i.s3.glbimg.com\/v1\/AUTH_59edd422c0c84a879bd37670ae4f538a\/internal_photos\/bs\/2022\/S\/y\/qSU5HJTyWVG3j6Y2iYgQ\/ato-em-defesa-da-democracia-celso-tavares-g1-107-de-141-.jpg 1000w, https:\/\/s2.glbimg.com\/MdYbtnOnhVF-n9xqetjnxs5mpCo=\/0x0:3000x2000\/984x0\/smart\/filters:strip_icc()\/i.s3.glbimg.com\/v1\/AUTH_59edd422c0c84a879bd37670ae4f538a\/internal_photos\/bs\/2022\/S\/y\/qSU5HJTyWVG3j6Y2iYgQ\/ato-em-defesa-da-democracia-celso-tavares-g1-107-de-141-.jpg 984w, https:\/\/s2.glbimg.com\/Zh43rrFiv2v618w87RnD89OJSiM=\/0x0:3000x2000\/640x0\/smart\/filters:strip_icc()\/i.s3.glbimg.com\/v1\/AUTH_59edd422c0c84a879bd37670ae4f538a\/internal_photos\/bs\/2022\/S\/y\/qSU5HJTyWVG3j6Y2iYgQ\/ato-em-defesa-da-democracia-celso-tavares-g1-107-de-141-.jpg 640w, https:\/\/s2.glbimg.com\/Z0jphh7YsRTliLkyRlXLosT-2_Q=\/0x0:3000x2000\/600x0\/smart\/filters:strip_icc()\/i.s3.glbimg.com\/v1\/AUTH_59edd422c0c84a879bd37670ae4f538a\/internal_photos\/bs\/2022\/S\/y\/qSU5HJTyWVG3j6Y2iYgQ\/ato-em-defesa-da-democracia-celso-tavares-g1-107-de-141-.jpg 600w\" alt=\"Joice Hasselmann n\u00e3o se reelegeu deputada federal \u2014 Foto: Celso Tavares\/g1\" \/><\/figure>\n<\/div>\n<p class=\"content-media__description \">Joice Hasselmann n\u00e3o se reelegeu deputada federal \u2014 Foto: Celso Tavares\/g1<\/p>\n<\/div>\n<\/div>\n<div class=\"mc-column content-text active-extra-styles \" data-block-type=\"unstyled\" data-block-weight=\"49\" data-block-id=\"90\">\n<p class=\"content-text__container \" data-track-category=\"Link no Texto\" data-track-links=\"\">A jornalista Joice Hasselmann (PSDB) n\u00e3o conseguiu se reeleger deputada federal pelo estado de S\u00e3o Paulo. Ela teve pouco mais de 13 mil votos. Em 2018, ela tinha sido a segunda candidata mais votada para o cargo, com mais de 1 milh\u00e3o de votos, atr\u00e1s apenas de Eduardo Bolsonaro.<\/p>\n<\/div>\n<div class=\"mc-column content-text active-extra-styles \" data-block-type=\"unstyled\" data-block-weight=\"3\" data-block-id=\"91\">\n<div class=\"mc-column content-text active-extra-styles \" data-block-type=\"unstyled\" data-block-weight=\"3\" data-block-id=\"91\">\n<p class=\"content-text__container \" data-track-category=\"Link no Texto\" data-track-links=\"\"><strong>Kid Bengala (Uni\u00e3o)<\/strong><\/p>\n<\/div>\n<div class=\"row medium-uncollapsed content-media content-photo\" data-block-type=\"backstage-photo\" data-block-id=\"92\">\n<div class=\"mc-column content-media__container\">\n<div class=\"content-media-container glb-skeleton-box\">\n<figure class=\"content-media-figure\"><img decoding=\"async\" class=\"i-amphtml-fill-content i-amphtml-replaced-content\" src=\"https:\/\/s2.glbimg.com\/GZTqzeZhY-bE1EWPtHAZBv1hOL8=\/0x0:905x472\/984x0\/smart\/filters:strip_icc()\/i.s3.glbimg.com\/v1\/AUTH_59edd422c0c84a879bd37670ae4f538a\/internal_photos\/bs\/2022\/0\/J\/xjFWKzRUeBurrBs1bHBQ\/kid-bengala.jpg\" sizes=\"(max-width: 688px) 623px, 100vw\" srcset=\"https:\/\/s2.glbimg.com\/_UGQaR5QPEB7SGK7RSj6l6cYO0A=\/0x0:905x472\/1000x0\/smart\/filters:strip_icc()\/i.s3.glbimg.com\/v1\/AUTH_59edd422c0c84a879bd37670ae4f538a\/internal_photos\/bs\/2022\/0\/J\/xjFWKzRUeBurrBs1bHBQ\/kid-bengala.jpg 1000w, https:\/\/s2.glbimg.com\/GZTqzeZhY-bE1EWPtHAZBv1hOL8=\/0x0:905x472\/984x0\/smart\/filters:strip_icc()\/i.s3.glbimg.com\/v1\/AUTH_59edd422c0c84a879bd37670ae4f538a\/internal_photos\/bs\/2022\/0\/J\/xjFWKzRUeBurrBs1bHBQ\/kid-bengala.jpg 984w, https:\/\/s2.glbimg.com\/tLxi6U2WoFI0ODkVRiT6v76s5fk=\/0x0:905x472\/640x0\/smart\/filters:strip_icc()\/i.s3.glbimg.com\/v1\/AUTH_59edd422c0c84a879bd37670ae4f538a\/internal_photos\/bs\/2022\/0\/J\/xjFWKzRUeBurrBs1bHBQ\/kid-bengala.jpg 640w, https:\/\/s2.glbimg.com\/xU3jYMolGNeQeW-tmvTApcQuTik=\/0x0:905x472\/600x0\/smart\/filters:strip_icc()\/i.s3.glbimg.com\/v1\/AUTH_59edd422c0c84a879bd37670ae4f538a\/internal_photos\/bs\/2022\/0\/J\/xjFWKzRUeBurrBs1bHBQ\/kid-bengala.jpg 600w\" alt=\"O ex-ator porn\u00f4 Kid Bengala em propaganda publicada no TikTok e que teve remo\u00e7\u00e3o determinada pelo TRE-SP \u2014 Foto: Reprodu\u00e7\u00e3o\" \/><\/figure>\n<\/div>\n<p class=\"content-media__description \">O ex-ator porn\u00f4 Kid Bengala em propaganda publicada no TikTok e que teve remo\u00e7\u00e3o determinada pelo TRE-SP \u2014 Foto: Reprodu\u00e7\u00e3o<\/p>\n<\/div>\n<\/div>\n<div class=\"content-ads content-ads--reveal\" data-block-type=\"ads\" data-block-id=\"93\">\n<div id=\"banner_materia__c15cff5c-28e5-4457-bf3a-e2592588cb6c\" class=\"tag-manager-publicidade-container mc-has-reveal mc-has-ad-lazyload tag-manager-publicidade-banner_materia__c15cff5c-28e5-4457-bf3a-e2592588cb6c tag-manager-publicidade-container--carregado tag-manager-publicidade-container--visivel\" data-id=\"banner_materia__c15cff5c-28e5-4457-bf3a-e2592588cb6c\" data-req=\"true\" data-google-query-id=\"CIXn7Y6ixPoCFaY3uQYdS7UEHQ\" data-cid=\"138407283532\" data-lid=\"6124710931\">\n<div class=\"mc-column content-text active-extra-styles \" data-block-type=\"unstyled\" data-block-weight=\"34\" data-block-id=\"94\">\n<p class=\"content-text__container \" data-track-category=\"Link no Texto\" data-track-links=\"\">Famoso ator porn\u00f4, Kid Bengala se candidatou nestas elei\u00e7\u00f5es para deputado federal pelo estado de S\u00e3o Paulo. Teve pouco mais de 10 mil votos e n\u00e3o conseguiu ocupar uma cadeira na C\u00e2mara dos Deputados.<\/p>\n<\/div>\n<div class=\"mc-column content-text active-extra-styles \" data-block-type=\"unstyled\" data-block-weight=\"3\" data-block-id=\"95\">\n<p class=\"content-text__container \" data-track-category=\"Link no Texto\" data-track-links=\"\"><strong>L\u00e9o Aquilla (MDB)<\/strong><\/p>\n<\/div>\n<div class=\"row medium-uncollapsed content-media content-photo\" data-block-type=\"backstage-photo\" data-block-id=\"96\">\n<div class=\"mc-column content-media__container\">\n<div class=\"content-media-container glb-skeleton-box\">\n<figure class=\"content-media-figure\"><img decoding=\"async\" class=\"i-amphtml-fill-content i-amphtml-replaced-content\" src=\"https:\/\/s2.glbimg.com\/JR9EYX4dh_52eO2oDItXVbeTTRI=\/0x0:4999x3333\/984x0\/smart\/filters:strip_icc()\/i.s3.glbimg.com\/v1\/AUTH_59edd422c0c84a879bd37670ae4f538a\/internal_photos\/bs\/2022\/3\/h\/KXJ8mBRiaAdHhPVAh0eA\/leo-aquilla.jpg\" sizes=\"(max-width: 688px) 623px, 100vw\" srcset=\"https:\/\/s2.glbimg.com\/3Sz67Ert8WNlUyT3y-GpPEUP-h0=\/0x0:4999x3333\/1000x0\/smart\/filters:strip_icc()\/i.s3.glbimg.com\/v1\/AUTH_59edd422c0c84a879bd37670ae4f538a\/internal_photos\/bs\/2022\/3\/h\/KXJ8mBRiaAdHhPVAh0eA\/leo-aquilla.jpg 1000w, https:\/\/s2.glbimg.com\/JR9EYX4dh_52eO2oDItXVbeTTRI=\/0x0:4999x3333\/984x0\/smart\/filters:strip_icc()\/i.s3.glbimg.com\/v1\/AUTH_59edd422c0c84a879bd37670ae4f538a\/internal_photos\/bs\/2022\/3\/h\/KXJ8mBRiaAdHhPVAh0eA\/leo-aquilla.jpg 984w, https:\/\/s2.glbimg.com\/6Z1maKoWVK9IPcAM4DL9lABeL-A=\/0x0:4999x3333\/640x0\/smart\/filters:strip_icc()\/i.s3.glbimg.com\/v1\/AUTH_59edd422c0c84a879bd37670ae4f538a\/internal_photos\/bs\/2022\/3\/h\/KXJ8mBRiaAdHhPVAh0eA\/leo-aquilla.jpg 640w, https:\/\/s2.glbimg.com\/1gGNyVHaGwDxRXTFQhPOZkrYaOw=\/0x0:4999x3333\/600x0\/smart\/filters:strip_icc()\/i.s3.glbimg.com\/v1\/AUTH_59edd422c0c84a879bd37670ae4f538a\/internal_photos\/bs\/2022\/3\/h\/KXJ8mBRiaAdHhPVAh0eA\/leo-aquilla.jpg 600w\" alt=\"L\u00e9o \u00c1quilla na 26\u00aa edi\u00e7\u00e3o da Parada do Orgulho LGBT+ \u2014 Foto: Celso Tavares\/g1\" \/><\/figure>\n<\/div>\n<p class=\"content-media__description \">L\u00e9o \u00c1quilla na 26\u00aa edi\u00e7\u00e3o da Parada do Orgulho LGBT+ \u2014 Foto: Celso Tavares\/g1<\/p>\n<\/div>\n<\/div>\n<div class=\"mc-column content-text active-extra-styles \" data-block-type=\"unstyled\" data-block-weight=\"19\" data-block-id=\"97\">\n<p class=\"content-text__container \" data-track-category=\"Link no Texto\" data-track-links=\"\">A jornalista L\u00e9o Aquilla disputou uma vaga para deputada federal. Recebeu 16 mil votos, e n\u00e3o conseguiu se eleger.<\/p>\n<\/div>\n<div class=\"mc-column content-text active-extra-styles \" data-block-type=\"unstyled\" data-block-weight=\"3\" data-block-id=\"98\">\n<div class=\"mc-column content-text active-extra-styles \" data-block-type=\"unstyled\" data-block-weight=\"3\" data-block-id=\"98\">\n<p class=\"content-text__container \" data-track-category=\"Link no Texto\" data-track-links=\"\"><strong>Luc\u00e9lia Santos (PSB)<\/strong><\/p>\n<\/div>\n<div class=\"row medium-uncollapsed content-media content-photo\" data-block-type=\"backstage-photo\" data-block-id=\"99\">\n<div class=\"mc-column content-media__container\">\n<div class=\"content-media-container glb-skeleton-box\">\n<figure class=\"content-media-figure\"><img decoding=\"async\" class=\"i-amphtml-fill-content i-amphtml-replaced-content\" src=\"https:\/\/s2.glbimg.com\/i4obeiwc4IUUPyV2VrFOyOLvtDg=\/0x0:1200x716\/984x0\/smart\/filters:strip_icc()\/i.s3.glbimg.com\/v1\/AUTH_59edd422c0c84a879bd37670ae4f538a\/internal_photos\/bs\/2021\/w\/w\/sAW7g0RrGxywqgw6WHcg\/luceliasantos2.jpeg\" sizes=\"(max-width: 688px) 623px, 100vw\" srcset=\"https:\/\/s2.glbimg.com\/3pFecemcv4GxP9GI2hlhcCsREbQ=\/0x0:1200x716\/1000x0\/smart\/filters:strip_icc()\/i.s3.glbimg.com\/v1\/AUTH_59edd422c0c84a879bd37670ae4f538a\/internal_photos\/bs\/2021\/w\/w\/sAW7g0RrGxywqgw6WHcg\/luceliasantos2.jpeg 1000w, https:\/\/s2.glbimg.com\/i4obeiwc4IUUPyV2VrFOyOLvtDg=\/0x0:1200x716\/984x0\/smart\/filters:strip_icc()\/i.s3.glbimg.com\/v1\/AUTH_59edd422c0c84a879bd37670ae4f538a\/internal_photos\/bs\/2021\/w\/w\/sAW7g0RrGxywqgw6WHcg\/luceliasantos2.jpeg 984w, https:\/\/s2.glbimg.com\/knT8s7k2KqT6RkLXlRN_FFcFMMY=\/0x0:1200x716\/640x0\/smart\/filters:strip_icc()\/i.s3.glbimg.com\/v1\/AUTH_59edd422c0c84a879bd37670ae4f538a\/internal_photos\/bs\/2021\/w\/w\/sAW7g0RrGxywqgw6WHcg\/luceliasantos2.jpeg 640w, https:\/\/s2.glbimg.com\/CPSJq1hy70RDSDTUPOOfBaFUFV4=\/0x0:1200x716\/600x0\/smart\/filters:strip_icc()\/i.s3.glbimg.com\/v1\/AUTH_59edd422c0c84a879bd37670ae4f538a\/internal_photos\/bs\/2021\/w\/w\/sAW7g0RrGxywqgw6WHcg\/luceliasantos2.jpeg 600w\" alt=\"Atriz e diretora Luc\u00e9lia Santos \u2014 Foto: Divulga\u00e7\u00e3o\" \/><\/figure>\n<\/div>\n<p class=\"content-media__description \">Atriz e diretora Luc\u00e9lia Santos \u2014 Foto: Divulga\u00e7\u00e3o<\/p>\n<\/div>\n<\/div>\n<div class=\"content-ads content-ads--reveal\" data-block-type=\"ads\" data-block-id=\"100\"><\/div>\n<div class=\"mc-column content-text active-extra-styles \" data-block-type=\"unstyled\" data-block-weight=\"23\" data-block-id=\"101\">\n<p class=\"content-text__container \" data-track-category=\"Link no Texto\" data-track-links=\"\">A atriz Luc\u00e9lia Santos n\u00e3o conseguiu se eleger deputada federal pelo estado do Rio de Janeiro. Ela teve 10 mil votos nestas elei\u00e7\u00f5es.<\/p>\n<\/div>\n<div class=\"mc-column content-text active-extra-styles \" data-block-type=\"unstyled\" data-block-weight=\"3\" data-block-id=\"102\">\n<div class=\"mc-column content-text active-extra-styles \" data-block-type=\"unstyled\" data-block-weight=\"3\" data-block-id=\"102\">\n<p class=\"content-text__container \" data-track-category=\"Link no Texto\" data-track-links=\"\"><strong>Marcos Harter (<\/strong><strong>Podemos<\/strong><strong>)<\/strong><\/p>\n<\/div>\n<div class=\"row medium-uncollapsed content-media content-photo\" data-block-type=\"backstage-photo\" data-block-id=\"103\">\n<div class=\"mc-column content-media__container\">\n<div class=\"content-media-container glb-skeleton-box\">\n<figure class=\"content-media-figure\"><img decoding=\"async\" class=\"i-amphtml-fill-content i-amphtml-replaced-content\" src=\"https:\/\/s2.glbimg.com\/QHPWkCe0VE9jRLeVjKPMpgwS488=\/0x194:2000x1718\/984x0\/smart\/filters:strip_icc()\/i.s3.glbimg.com\/v1\/AUTH_59edd422c0c84a879bd37670ae4f538a\/internal_photos\/bs\/2018\/r\/g\/KUcdipSlmBofj72VRnBw\/marcos-harter.jpg\" sizes=\"(max-width: 688px) 623px, 100vw\" srcset=\"https:\/\/s2.glbimg.com\/5Ir4NTPV-KGjf95dv4Hep0aDimg=\/0x194:2000x1718\/1000x0\/smart\/filters:strip_icc()\/i.s3.glbimg.com\/v1\/AUTH_59edd422c0c84a879bd37670ae4f538a\/internal_photos\/bs\/2018\/r\/g\/KUcdipSlmBofj72VRnBw\/marcos-harter.jpg 1000w, https:\/\/s2.glbimg.com\/QHPWkCe0VE9jRLeVjKPMpgwS488=\/0x194:2000x1718\/984x0\/smart\/filters:strip_icc()\/i.s3.glbimg.com\/v1\/AUTH_59edd422c0c84a879bd37670ae4f538a\/internal_photos\/bs\/2018\/r\/g\/KUcdipSlmBofj72VRnBw\/marcos-harter.jpg 984w, https:\/\/s2.glbimg.com\/IIfC2Z13OHP1d2i3TCz8e4HTbfk=\/0x194:2000x1718\/640x0\/smart\/filters:strip_icc()\/i.s3.glbimg.com\/v1\/AUTH_59edd422c0c84a879bd37670ae4f538a\/internal_photos\/bs\/2018\/r\/g\/KUcdipSlmBofj72VRnBw\/marcos-harter.jpg 640w, https:\/\/s2.glbimg.com\/9VUWTbihfBiVCPFnzai_c5cvlSo=\/0x194:2000x1718\/600x0\/smart\/filters:strip_icc()\/i.s3.glbimg.com\/v1\/AUTH_59edd422c0c84a879bd37670ae4f538a\/internal_photos\/bs\/2018\/r\/g\/KUcdipSlmBofj72VRnBw\/marcos-harter.jpg 600w\" alt=\"O m\u00e9dico e ex-BBB Marcos Harter \u2014 Foto: Divulga\u00e7\u00e3o\" \/><\/figure>\n<\/div>\n<p class=\"content-media__description \">O m\u00e9dico e ex-BBB Marcos Harter \u2014 Foto: Divulga\u00e7\u00e3o<\/p>\n<\/div>\n<\/div>\n<div class=\"mc-column content-text active-extra-styles \" data-block-type=\"unstyled\" data-block-weight=\"42\" data-block-id=\"104\">\n<p class=\"content-text__container \" data-track-category=\"Link no Texto\" data-track-links=\"\">O m\u00e9dico e ex-BBB Marcos Harter tentou uma vaga de deputado federal pelo Mato Grosso e n\u00e3o conseguiu se eleger. Ele teve cerca de 1 mil votos. Ele j\u00e1 tinha disputado uma vaga para o mesmo cargo em 2018, tamb\u00e9m sem vencer.<\/p>\n<\/div>\n<div class=\"mc-column content-text active-extra-styles \" data-block-type=\"unstyled\" data-block-weight=\"3\" data-block-id=\"105\">\n<div class=\"mc-column content-text active-extra-styles \" data-block-type=\"unstyled\" data-block-weight=\"3\" data-block-id=\"105\">\n<p class=\"content-text__container \" data-track-category=\"Link no Texto\" data-track-links=\"\"><strong>M\u00e1rcia Fu (Uni\u00e3o)<\/strong><\/p>\n<\/div>\n<div class=\"mc-column content-text active-extra-styles \" data-block-type=\"unstyled\" data-block-weight=\"30\" data-block-id=\"106\">\n<p class=\"content-text__container \" data-track-category=\"Link no Texto\" data-track-links=\"\">A ex-jogadora de v\u00f4lei M\u00e1rcia Fu se candidatou para uma vaga na Assembleia Legislativa de Minas Gerais. Ela teve pouco mais de 2 mil votos e n\u00e3o conseguiu se eleger.<\/p>\n<\/div>\n<div class=\"content-ads content-ads--reveal\" data-block-type=\"ads\" data-block-id=\"107\"><\/div>\n<div class=\"mc-column content-text active-extra-styles \" data-block-type=\"unstyled\" data-block-weight=\"3\" data-block-id=\"108\">\n<p class=\"content-text__container \" data-track-category=\"Link no Texto\" data-track-links=\"\"><strong>M\u00e1rcio Poncio (PROS)<\/strong><\/p>\n<\/div>\n<div class=\"mc-column content-text active-extra-styles \" data-block-type=\"unstyled\" data-block-weight=\"23\" data-block-id=\"109\">\n<p class=\"content-text__container \" data-track-category=\"Link no Texto\" data-track-links=\"\">O pastor e influenciador M\u00e1rcio Poncio se candidatou para deputado federal. Com pouco mais de 33 mil votos, ele n\u00e3o conseguiu se eleger.<\/p>\n<\/div>\n<div class=\"mc-column content-text active-extra-styles \" data-block-type=\"unstyled\" data-block-weight=\"3\" data-block-id=\"110\">\n<p class=\"content-text__container \" data-track-category=\"Link no Texto\" data-track-links=\"\"><strong>M\u00e1rio Gomes (Republicanos)<\/strong><\/p>\n<\/div>\n<div class=\"row medium-uncollapsed content-media content-photo\" data-block-type=\"backstage-photo\" data-block-id=\"111\">\n<div class=\"mc-column content-media__container\">\n<div class=\"content-media-container glb-skeleton-box\">\n<figure class=\"content-media-figure\"><img decoding=\"async\" class=\"i-amphtml-fill-content i-amphtml-replaced-content\" src=\"https:\/\/s2.glbimg.com\/zwZhpdzNvO_-GGuwnzv7ZAxmC-Q=\/0x146:3000x3000\/984x0\/smart\/filters:strip_icc()\/i.s3.glbimg.com\/v1\/AUTH_59edd422c0c84a879bd37670ae4f538a\/internal_photos\/bs\/2018\/4\/w\/9qMnflSB6mtuwUrKsKyg\/mariogomescapalp.jpg\" sizes=\"(max-width: 688px) 623px, 100vw\" srcset=\"https:\/\/s2.glbimg.com\/vXuS1ZrUUX1SUNd1YBFxOaM2QN4=\/0x146:3000x3000\/1000x0\/smart\/filters:strip_icc()\/i.s3.glbimg.com\/v1\/AUTH_59edd422c0c84a879bd37670ae4f538a\/internal_photos\/bs\/2018\/4\/w\/9qMnflSB6mtuwUrKsKyg\/mariogomescapalp.jpg 1000w, https:\/\/s2.glbimg.com\/zwZhpdzNvO_-GGuwnzv7ZAxmC-Q=\/0x146:3000x3000\/984x0\/smart\/filters:strip_icc()\/i.s3.glbimg.com\/v1\/AUTH_59edd422c0c84a879bd37670ae4f538a\/internal_photos\/bs\/2018\/4\/w\/9qMnflSB6mtuwUrKsKyg\/mariogomescapalp.jpg 984w, https:\/\/s2.glbimg.com\/aTHMy1DfC2rRModXz_piWwu9_YI=\/0x146:3000x3000\/640x0\/smart\/filters:strip_icc()\/i.s3.glbimg.com\/v1\/AUTH_59edd422c0c84a879bd37670ae4f538a\/internal_photos\/bs\/2018\/4\/w\/9qMnflSB6mtuwUrKsKyg\/mariogomescapalp.jpg 640w, https:\/\/s2.glbimg.com\/2-3BOD-RaDWWgph2haAiF8hcIH8=\/0x146:3000x3000\/600x0\/smart\/filters:strip_icc()\/i.s3.glbimg.com\/v1\/AUTH_59edd422c0c84a879bd37670ae4f538a\/internal_photos\/bs\/2018\/4\/w\/9qMnflSB6mtuwUrKsKyg\/mariogomescapalp.jpg 600w\" alt=\"Capa do \u00e1lbum 'Mario Gomes', de 1977 \u2014 Foto: Marisa Alvarez Lima\" \/><\/figure>\n<\/div>\n<p class=\"content-media__description \">Capa do \u00e1lbum &#8216;Mario Gomes&#8217;, de 1977 \u2014 Foto: Marisa Alvarez Lima<\/p>\n<\/div>\n<\/div>\n<div class=\"mc-column content-text active-extra-styles \" data-block-type=\"unstyled\" data-block-weight=\"28\" data-block-id=\"112\">\n<div class=\"mc-column content-text active-extra-styles \" data-block-type=\"unstyled\" data-block-weight=\"28\" data-block-id=\"112\">\n<p class=\"content-text__container \" data-track-category=\"Link no Texto\" data-track-links=\"\">O ator M\u00e1rio Gomes estava na disputa para uma vaga na Assembleia Legislativa do estado do Rio de Janeiro. Ele teve 6 mil votos, insuficientes para se eleger.<\/p>\n<\/div>\n<div class=\"mc-column content-text active-extra-styles \" data-block-type=\"unstyled\" data-block-weight=\"3\" data-block-id=\"113\">\n<p class=\"content-text__container \" data-track-category=\"Link no Texto\" data-track-links=\"\"><strong>Maurren Maggi (Republicanos)<\/strong><\/p>\n<\/div>\n<div class=\"row medium-uncollapsed content-media content-photo\" data-block-type=\"backstage-photo\" data-block-id=\"114\">\n<div class=\"mc-column content-media__container\">\n<div class=\"content-media-container glb-skeleton-box\">\n<figure class=\"content-media-figure\"><img decoding=\"async\" class=\"i-amphtml-fill-content i-amphtml-replaced-content\" src=\"https:\/\/s2.glbimg.com\/tJMIClCazzZxdbdBfWmZyOxUCDI=\/0x0:690x470\/984x0\/smart\/filters:strip_icc()\/s.glbimg.com\/jo\/g1\/f\/original\/2016\/07\/21\/maurrenmaggi_pequim2008_get_95.jpg\" sizes=\"(max-width: 688px) 623px, 100vw\" srcset=\"https:\/\/s2.glbimg.com\/gdKNoZKRX2TdiFYT0c1K8-_Xwa4=\/0x0:690x470\/1000x0\/smart\/filters:strip_icc()\/s.glbimg.com\/jo\/g1\/f\/original\/2016\/07\/21\/maurrenmaggi_pequim2008_get_95.jpg 1000w, https:\/\/s2.glbimg.com\/tJMIClCazzZxdbdBfWmZyOxUCDI=\/0x0:690x470\/984x0\/smart\/filters:strip_icc()\/s.glbimg.com\/jo\/g1\/f\/original\/2016\/07\/21\/maurrenmaggi_pequim2008_get_95.jpg 984w, https:\/\/s2.glbimg.com\/RVR9QwMUgnksznEjktQOhQoc1lQ=\/0x0:690x470\/640x0\/smart\/filters:strip_icc()\/s.glbimg.com\/jo\/g1\/f\/original\/2016\/07\/21\/maurrenmaggi_pequim2008_get_95.jpg 640w, https:\/\/s2.glbimg.com\/2BjojjzI_T6nZwvy9TaXQquYHTc=\/0x0:690x470\/600x0\/smart\/filters:strip_icc()\/s.glbimg.com\/jo\/g1\/f\/original\/2016\/07\/21\/maurrenmaggi_pequim2008_get_95.jpg 600w\" alt=\"Maurren Maggi \u2014 Foto: Getty Images\" \/><\/figure>\n<\/div>\n<p class=\"content-media__description \">Maurren Maggi \u2014 Foto: Getty Images<\/p>\n<\/div>\n<\/div>\n<div class=\"content-ads content-ads--reveal\" data-block-type=\"ads\" data-block-id=\"115\">\n<div id=\"banner_materia__97d21f65-ae0e-47eb-956a-2978f6488561\" class=\"tag-manager-publicidade-container mc-has-reveal mc-has-ad-lazyload tag-manager-publicidade-banner_materia__97d21f65-ae0e-47eb-956a-2978f6488561 tag-manager-publicidade-container--carregado tag-manager-publicidade-container--visivel\" data-id=\"banner_materia__97d21f65-ae0e-47eb-956a-2978f6488561\" data-req=\"true\" data-google-query-id=\"CJyH_JmixPoCFRIruQYd6S8PoQ\" data-cid=\"null\" data-lid=\"null\">\n<div class=\"mc-column content-text active-extra-styles \" data-block-type=\"unstyled\" data-block-weight=\"3\" data-block-id=\"125\">\n<p class=\"content-text__container \" data-track-category=\"Link no Texto\" data-track-links=\"\"><strong>Dr. Rey (Podemos)<\/strong><\/p>\n<\/div>\n<div class=\"row medium-uncollapsed content-media content-photo\" data-block-type=\"backstage-photo\" data-block-id=\"126\">\n<div class=\"mc-column content-media__container\">\n<div class=\"content-media-container glb-skeleton-box\">\n<figure class=\"content-media-figure\"><img decoding=\"async\" class=\"i-amphtml-fill-content i-amphtml-replaced-content\" src=\"https:\/\/s2.glbimg.com\/JhhCih82YR5_SbGhNrhyixkCf5Q=\/94x0:1178x720\/984x0\/smart\/filters:strip_icc()\/i.s3.glbimg.com\/v1\/AUTH_59edd422c0c84a879bd37670ae4f538a\/internal_photos\/bs\/2018\/z\/u\/BsA14LTA2c9BlkBP26sg\/whatsapp-image-2018-11-09-at-10.35.36.jpeg\" sizes=\"(max-width: 688px) 623px, 100vw\" srcset=\"https:\/\/s2.glbimg.com\/XOR8L_shWn3wlC0AGzVP60MxbLA=\/94x0:1178x720\/1000x0\/smart\/filters:strip_icc()\/i.s3.glbimg.com\/v1\/AUTH_59edd422c0c84a879bd37670ae4f538a\/internal_photos\/bs\/2018\/z\/u\/BsA14LTA2c9BlkBP26sg\/whatsapp-image-2018-11-09-at-10.35.36.jpeg 1000w, https:\/\/s2.glbimg.com\/JhhCih82YR5_SbGhNrhyixkCf5Q=\/94x0:1178x720\/984x0\/smart\/filters:strip_icc()\/i.s3.glbimg.com\/v1\/AUTH_59edd422c0c84a879bd37670ae4f538a\/internal_photos\/bs\/2018\/z\/u\/BsA14LTA2c9BlkBP26sg\/whatsapp-image-2018-11-09-at-10.35.36.jpeg 984w, https:\/\/s2.glbimg.com\/d09jywlw0tQME55Pb5OP5O8MVkk=\/94x0:1178x720\/640x0\/smart\/filters:strip_icc()\/i.s3.glbimg.com\/v1\/AUTH_59edd422c0c84a879bd37670ae4f538a\/internal_photos\/bs\/2018\/z\/u\/BsA14LTA2c9BlkBP26sg\/whatsapp-image-2018-11-09-at-10.35.36.jpeg 640w, https:\/\/s2.glbimg.com\/aha8qt6sWod38W1k3TZFzu3552o=\/94x0:1178x720\/600x0\/smart\/filters:strip_icc()\/i.s3.glbimg.com\/v1\/AUTH_59edd422c0c84a879bd37670ae4f538a\/internal_photos\/bs\/2018\/z\/u\/BsA14LTA2c9BlkBP26sg\/whatsapp-image-2018-11-09-at-10.35.36.jpeg 600w\" alt=\"Dr. Rey n\u00e3o consegue vaga na Assembleia Legislativa de S\u00e3o Paulo \u2014 Foto: Fernanda Rouvenat\/G1\" \/><\/figure>\n<\/div>\n<p class=\"content-media__description \">Dr. Rey n\u00e3o consegue vaga na Assembleia Legislativa de S\u00e3o Paulo \u2014 Foto: Fernanda Rouvenat\/G1<\/p>\n<\/div>\n<\/div>\n<div class=\"mc-column content-text active-extra-styles \" data-block-type=\"unstyled\" data-block-weight=\"31\" data-block-id=\"127\">\n<p class=\"content-text__container \" data-track-category=\"Link no Texto\" data-track-links=\"\">O m\u00e9dico de Hollywood Dr. Rey tentou uma vaga de deputado estadual por S\u00e3o Paulo. Teve pouco mais de 4 mil votos, insuficientes para conseguir uma cadeira na Assembleia Legislativa paulista.<\/p>\n<\/div>\n<div class=\"mc-column content-text active-extra-styles \" data-block-type=\"unstyled\" data-block-weight=\"3\" data-block-id=\"128\">Mat\u00e9ria completa em G1 <a href=\"https:\/\/g1.globo.com\/politica\/eleicoes\/2022\/noticia\/2022\/10\/03\/os-famosos-que-se-deram-bem-e-que-se-deram-mal-nas-eleicoes-de-2022.ghtml\">clique aqui<\/a><\/div>\n<\/div>\n<div data-block-type=\"unstyled\" data-block-weight=\"3\" data-block-id=\"128\"><\/div>\n<div data-block-type=\"unstyled\" data-block-weight=\"3\" data-block-id=\"128\">G1<\/div>\n<div data-block-type=\"unstyled\" data-block-weight=\"3\" data-block-id=\"128\"><\/div>\n<\/div>\n<\/div>\n<\/div>\n<\/div>\n<\/div>\n<\/div>\n<\/div>\n<\/div>\n<\/div>\n<\/div>\n<\/div>\n<\/div>\n<\/div>\n<\/div>\n<\/div>\n<\/div>\n<\/div>\n<\/div>\n<\/div>\n<\/div>\n<\/div>\n<\/div>\n<\/div>\n<\/div>\n<\/div>\n<\/div>\n<\/div>\n<\/div>\n<\/div>\n<\/div>\n<\/div>\n<\/div>\n<\/div>\n<\/div>\n","protected":false},"excerpt":{"rendered":"<p>Ex-atletas, artistas, jornalistas, cantores e influenciadores se candidataram para cadeiras no Executivo e no Legislativo nas elei\u00e7\u00f5es de 2022. Leila<\/p>\n","protected":false},"author":1,"featured_media":1586,"comment_status":"open","ping_status":"open","sticky":false,"template":"","format":"standard","meta":{"colormag_page_container_layout":"default_layout","colormag_page_sidebar_layout":"default_layout","_FSMCFIC_featured_image_caption":"","_FSMCFIC_featured_image_nocaption":"","_FSMCFIC_featured_image_hide":"","footnotes":""},"categories":[5,1],"tags":[],"class_list":["post-1584","post","type-post","status-publish","format-standard","has-post-thumbnail","hentry","category-politica","category-ultimas"],"yoast_head":"<!-- This site is optimized with the Yoast SEO plugin v27.1.1 - https:\/\/yoast.com\/product\/yoast-seo-wordpress\/ -->\n<title>Os famosos que se deram bem e os que se deram mal nas elei\u00e7\u00f5es de 2022 - Brasil not\u00edcias<\/title>\n<meta name=\"robots\" content=\"index, follow, max-snippet:-1, max-image-preview:large, max-video-preview:-1\" \/>\n<link rel=\"canonical\" href=\"https:\/\/brasilnoticias.org\/site\/os-famosos-que-se-deram-bem-e-os-que-se-deram-mal-nas-eleicoes-de-2022\/\" \/>\n<meta property=\"og:locale\" content=\"pt_PT\" \/>\n<meta property=\"og:type\" content=\"article\" \/>\n<meta property=\"og:title\" content=\"Os famosos que se deram bem e os que se deram mal nas elei\u00e7\u00f5es de 2022 - Brasil not\u00edcias\" \/>\n<meta property=\"og:description\" content=\"Ex-atletas, artistas, jornalistas, cantores e influenciadores se candidataram para cadeiras no Executivo e no Legislativo nas elei\u00e7\u00f5es de 2022. Leila\" \/>\n<meta property=\"og:url\" content=\"https:\/\/brasilnoticias.org\/site\/os-famosos-que-se-deram-bem-e-os-que-se-deram-mal-nas-eleicoes-de-2022\/\" \/>\n<meta property=\"og:site_name\" content=\"Brasil not\u00edcias\" \/>\n<meta property=\"article:published_time\" content=\"2022-10-03T14:22:35+00:00\" \/>\n<meta property=\"article:modified_time\" content=\"2022-10-03T14:45:22+00:00\" \/>\n<meta property=\"og:image\" content=\"https:\/\/brasilnoticias.org\/site\/wp-content\/uploads\/2022\/10\/novo2233.jpg\" \/>\n\t<meta property=\"og:image:width\" content=\"640\" \/>\n\t<meta property=\"og:image:height\" content=\"427\" \/>\n\t<meta property=\"og:image:type\" content=\"image\/jpeg\" \/>\n<meta name=\"author\" content=\"Reda\u00e7\u00e3o\" \/>\n<meta name=\"twitter:card\" content=\"summary_large_image\" \/>\n<meta name=\"twitter:label1\" content=\"Escrito por\" \/>\n\t<meta name=\"twitter:data1\" content=\"Reda\u00e7\u00e3o\" \/>\n\t<meta name=\"twitter:label2\" content=\"Tempo estimado de leitura\" \/>\n\t<meta name=\"twitter:data2\" content=\"8 minutos\" \/>\n<script type=\"application\/ld+json\" class=\"yoast-schema-graph\">{\"@context\":\"https:\/\/schema.org\",\"@graph\":[{\"@type\":\"Article\",\"@id\":\"https:\/\/brasilnoticias.org\/site\/os-famosos-que-se-deram-bem-e-os-que-se-deram-mal-nas-eleicoes-de-2022\/#article\",\"isPartOf\":{\"@id\":\"https:\/\/brasilnoticias.org\/site\/os-famosos-que-se-deram-bem-e-os-que-se-deram-mal-nas-eleicoes-de-2022\/\"},\"author\":{\"name\":\"Reda\u00e7\u00e3o\",\"@id\":\"https:\/\/brasilnoticias.org\/site\/#\/schema\/person\/a0e05b973ec4d15c658d51911e53507b\"},\"headline\":\"Os famosos que se deram bem e os que se deram mal nas elei\u00e7\u00f5es de 2022\",\"datePublished\":\"2022-10-03T14:22:35+00:00\",\"dateModified\":\"2022-10-03T14:45:22+00:00\",\"mainEntityOfPage\":{\"@id\":\"https:\/\/brasilnoticias.org\/site\/os-famosos-que-se-deram-bem-e-os-que-se-deram-mal-nas-eleicoes-de-2022\/\"},\"wordCount\":1673,\"commentCount\":0,\"publisher\":{\"@id\":\"https:\/\/brasilnoticias.org\/site\/#organization\"},\"image\":{\"@id\":\"https:\/\/brasilnoticias.org\/site\/os-famosos-que-se-deram-bem-e-os-que-se-deram-mal-nas-eleicoes-de-2022\/#primaryimage\"},\"thumbnailUrl\":\"https:\/\/brasilnoticias.org\/site\/wp-content\/uploads\/2022\/10\/novo2233.jpg\",\"articleSection\":[\"Pol\u00edtica\",\"\u00daltimas\"],\"inLanguage\":\"pt-PT\",\"potentialAction\":[{\"@type\":\"CommentAction\",\"name\":\"Comment\",\"target\":[\"https:\/\/brasilnoticias.org\/site\/os-famosos-que-se-deram-bem-e-os-que-se-deram-mal-nas-eleicoes-de-2022\/#respond\"]}]},{\"@type\":\"WebPage\",\"@id\":\"https:\/\/brasilnoticias.org\/site\/os-famosos-que-se-deram-bem-e-os-que-se-deram-mal-nas-eleicoes-de-2022\/\",\"url\":\"https:\/\/brasilnoticias.org\/site\/os-famosos-que-se-deram-bem-e-os-que-se-deram-mal-nas-eleicoes-de-2022\/\",\"name\":\"Os famosos que se deram bem e os que se deram mal nas elei\u00e7\u00f5es de 2022 - Brasil not\u00edcias\",\"isPartOf\":{\"@id\":\"https:\/\/brasilnoticias.org\/site\/#website\"},\"primaryImageOfPage\":{\"@id\":\"https:\/\/brasilnoticias.org\/site\/os-famosos-que-se-deram-bem-e-os-que-se-deram-mal-nas-eleicoes-de-2022\/#primaryimage\"},\"image\":{\"@id\":\"https:\/\/brasilnoticias.org\/site\/os-famosos-que-se-deram-bem-e-os-que-se-deram-mal-nas-eleicoes-de-2022\/#primaryimage\"},\"thumbnailUrl\":\"https:\/\/brasilnoticias.org\/site\/wp-content\/uploads\/2022\/10\/novo2233.jpg\",\"datePublished\":\"2022-10-03T14:22:35+00:00\",\"dateModified\":\"2022-10-03T14:45:22+00:00\",\"breadcrumb\":{\"@id\":\"https:\/\/brasilnoticias.org\/site\/os-famosos-que-se-deram-bem-e-os-que-se-deram-mal-nas-eleicoes-de-2022\/#breadcrumb\"},\"inLanguage\":\"pt-PT\",\"potentialAction\":[{\"@type\":\"ReadAction\",\"target\":[\"https:\/\/brasilnoticias.org\/site\/os-famosos-que-se-deram-bem-e-os-que-se-deram-mal-nas-eleicoes-de-2022\/\"]}]},{\"@type\":\"ImageObject\",\"inLanguage\":\"pt-PT\",\"@id\":\"https:\/\/brasilnoticias.org\/site\/os-famosos-que-se-deram-bem-e-os-que-se-deram-mal-nas-eleicoes-de-2022\/#primaryimage\",\"url\":\"https:\/\/brasilnoticias.org\/site\/wp-content\/uploads\/2022\/10\/novo2233.jpg\",\"contentUrl\":\"https:\/\/brasilnoticias.org\/site\/wp-content\/uploads\/2022\/10\/novo2233.jpg\",\"width\":640,\"height\":427},{\"@type\":\"BreadcrumbList\",\"@id\":\"https:\/\/brasilnoticias.org\/site\/os-famosos-que-se-deram-bem-e-os-que-se-deram-mal-nas-eleicoes-de-2022\/#breadcrumb\",\"itemListElement\":[{\"@type\":\"ListItem\",\"position\":1,\"name\":\"In\u00edcio\",\"item\":\"https:\/\/brasilnoticias.org\/site\/\"},{\"@type\":\"ListItem\",\"position\":2,\"name\":\"Os famosos que se deram bem e os que se deram mal nas elei\u00e7\u00f5es de 2022\"}]},{\"@type\":\"WebSite\",\"@id\":\"https:\/\/brasilnoticias.org\/site\/#website\",\"url\":\"https:\/\/brasilnoticias.org\/site\/\",\"name\":\"Brasil not\u00edcias\",\"description\":\"Brasil not\u00edcias\",\"publisher\":{\"@id\":\"https:\/\/brasilnoticias.org\/site\/#organization\"},\"potentialAction\":[{\"@type\":\"SearchAction\",\"target\":{\"@type\":\"EntryPoint\",\"urlTemplate\":\"https:\/\/brasilnoticias.org\/site\/?s={search_term_string}\"},\"query-input\":{\"@type\":\"PropertyValueSpecification\",\"valueRequired\":true,\"valueName\":\"search_term_string\"}}],\"inLanguage\":\"pt-PT\"},{\"@type\":\"Organization\",\"@id\":\"https:\/\/brasilnoticias.org\/site\/#organization\",\"name\":\"Brasil not\u00edcias\",\"url\":\"https:\/\/brasilnoticias.org\/site\/\",\"logo\":{\"@type\":\"ImageObject\",\"inLanguage\":\"pt-PT\",\"@id\":\"https:\/\/brasilnoticias.org\/site\/#\/schema\/logo\/image\/\",\"url\":\"https:\/\/brasilnoticias.org\/site\/wp-content\/uploads\/2022\/05\/cropped-brasilnoticias-mini.jpg\",\"contentUrl\":\"https:\/\/brasilnoticias.org\/site\/wp-content\/uploads\/2022\/05\/cropped-brasilnoticias-mini.jpg\",\"width\":314,\"height\":86,\"caption\":\"Brasil not\u00edcias\"},\"image\":{\"@id\":\"https:\/\/brasilnoticias.org\/site\/#\/schema\/logo\/image\/\"}},{\"@type\":\"Person\",\"@id\":\"https:\/\/brasilnoticias.org\/site\/#\/schema\/person\/a0e05b973ec4d15c658d51911e53507b\",\"name\":\"Reda\u00e7\u00e3o\",\"image\":{\"@type\":\"ImageObject\",\"inLanguage\":\"pt-PT\",\"@id\":\"https:\/\/brasilnoticias.org\/site\/#\/schema\/person\/image\/\",\"url\":\"https:\/\/secure.gravatar.com\/avatar\/75d8b050df2de108b08ae78dfb8e374892df24a383c67db9c46a9c604f6aee9c?s=96&d=mm&r=g\",\"contentUrl\":\"https:\/\/secure.gravatar.com\/avatar\/75d8b050df2de108b08ae78dfb8e374892df24a383c67db9c46a9c604f6aee9c?s=96&d=mm&r=g\",\"caption\":\"Reda\u00e7\u00e3o\"},\"sameAs\":[\"https:\/\/brasilnoticias.org\/site\"],\"url\":\"https:\/\/brasilnoticias.org\/site\/author\/fernandozsngmail-com\/\"}]}<\/script>\n<!-- \/ Yoast SEO plugin. -->","yoast_head_json":{"title":"Os famosos que se deram bem e os que se deram mal nas elei\u00e7\u00f5es de 2022 - Brasil not\u00edcias","robots":{"index":"index","follow":"follow","max-snippet":"max-snippet:-1","max-image-preview":"max-image-preview:large","max-video-preview":"max-video-preview:-1"},"canonical":"https:\/\/brasilnoticias.org\/site\/os-famosos-que-se-deram-bem-e-os-que-se-deram-mal-nas-eleicoes-de-2022\/","og_locale":"pt_PT","og_type":"article","og_title":"Os famosos que se deram bem e os que se deram mal nas elei\u00e7\u00f5es de 2022 - Brasil not\u00edcias","og_description":"Ex-atletas, artistas, jornalistas, cantores e influenciadores se candidataram para cadeiras no Executivo e no Legislativo nas elei\u00e7\u00f5es de 2022. Leila","og_url":"https:\/\/brasilnoticias.org\/site\/os-famosos-que-se-deram-bem-e-os-que-se-deram-mal-nas-eleicoes-de-2022\/","og_site_name":"Brasil not\u00edcias","article_published_time":"2022-10-03T14:22:35+00:00","article_modified_time":"2022-10-03T14:45:22+00:00","og_image":[{"width":640,"height":427,"url":"https:\/\/brasilnoticias.org\/site\/wp-content\/uploads\/2022\/10\/novo2233.jpg","type":"image\/jpeg"}],"author":"Reda\u00e7\u00e3o","twitter_card":"summary_large_image","twitter_misc":{"Escrito por":"Reda\u00e7\u00e3o","Tempo estimado de leitura":"8 minutos"},"schema":{"@context":"https:\/\/schema.org","@graph":[{"@type":"Article","@id":"https:\/\/brasilnoticias.org\/site\/os-famosos-que-se-deram-bem-e-os-que-se-deram-mal-nas-eleicoes-de-2022\/#article","isPartOf":{"@id":"https:\/\/brasilnoticias.org\/site\/os-famosos-que-se-deram-bem-e-os-que-se-deram-mal-nas-eleicoes-de-2022\/"},"author":{"name":"Reda\u00e7\u00e3o","@id":"https:\/\/brasilnoticias.org\/site\/#\/schema\/person\/a0e05b973ec4d15c658d51911e53507b"},"headline":"Os famosos que se deram bem e os que se deram mal nas elei\u00e7\u00f5es de 2022","datePublished":"2022-10-03T14:22:35+00:00","dateModified":"2022-10-03T14:45:22+00:00","mainEntityOfPage":{"@id":"https:\/\/brasilnoticias.org\/site\/os-famosos-que-se-deram-bem-e-os-que-se-deram-mal-nas-eleicoes-de-2022\/"},"wordCount":1673,"commentCount":0,"publisher":{"@id":"https:\/\/brasilnoticias.org\/site\/#organization"},"image":{"@id":"https:\/\/brasilnoticias.org\/site\/os-famosos-que-se-deram-bem-e-os-que-se-deram-mal-nas-eleicoes-de-2022\/#primaryimage"},"thumbnailUrl":"https:\/\/brasilnoticias.org\/site\/wp-content\/uploads\/2022\/10\/novo2233.jpg","articleSection":["Pol\u00edtica","\u00daltimas"],"inLanguage":"pt-PT","potentialAction":[{"@type":"CommentAction","name":"Comment","target":["https:\/\/brasilnoticias.org\/site\/os-famosos-que-se-deram-bem-e-os-que-se-deram-mal-nas-eleicoes-de-2022\/#respond"]}]},{"@type":"WebPage","@id":"https:\/\/brasilnoticias.org\/site\/os-famosos-que-se-deram-bem-e-os-que-se-deram-mal-nas-eleicoes-de-2022\/","url":"https:\/\/brasilnoticias.org\/site\/os-famosos-que-se-deram-bem-e-os-que-se-deram-mal-nas-eleicoes-de-2022\/","name":"Os famosos que se deram bem e os que se deram mal nas elei\u00e7\u00f5es de 2022 - Brasil not\u00edcias","isPartOf":{"@id":"https:\/\/brasilnoticias.org\/site\/#website"},"primaryImageOfPage":{"@id":"https:\/\/brasilnoticias.org\/site\/os-famosos-que-se-deram-bem-e-os-que-se-deram-mal-nas-eleicoes-de-2022\/#primaryimage"},"image":{"@id":"https:\/\/brasilnoticias.org\/site\/os-famosos-que-se-deram-bem-e-os-que-se-deram-mal-nas-eleicoes-de-2022\/#primaryimage"},"thumbnailUrl":"https:\/\/brasilnoticias.org\/site\/wp-content\/uploads\/2022\/10\/novo2233.jpg","datePublished":"2022-10-03T14:22:35+00:00","dateModified":"2022-10-03T14:45:22+00:00","breadcrumb":{"@id":"https:\/\/brasilnoticias.org\/site\/os-famosos-que-se-deram-bem-e-os-que-se-deram-mal-nas-eleicoes-de-2022\/#breadcrumb"},"inLanguage":"pt-PT","potentialAction":[{"@type":"ReadAction","target":["https:\/\/brasilnoticias.org\/site\/os-famosos-que-se-deram-bem-e-os-que-se-deram-mal-nas-eleicoes-de-2022\/"]}]},{"@type":"ImageObject","inLanguage":"pt-PT","@id":"https:\/\/brasilnoticias.org\/site\/os-famosos-que-se-deram-bem-e-os-que-se-deram-mal-nas-eleicoes-de-2022\/#primaryimage","url":"https:\/\/brasilnoticias.org\/site\/wp-content\/uploads\/2022\/10\/novo2233.jpg","contentUrl":"https:\/\/brasilnoticias.org\/site\/wp-content\/uploads\/2022\/10\/novo2233.jpg","width":640,"height":427},{"@type":"BreadcrumbList","@id":"https:\/\/brasilnoticias.org\/site\/os-famosos-que-se-deram-bem-e-os-que-se-deram-mal-nas-eleicoes-de-2022\/#breadcrumb","itemListElement":[{"@type":"ListItem","position":1,"name":"In\u00edcio","item":"https:\/\/brasilnoticias.org\/site\/"},{"@type":"ListItem","position":2,"name":"Os famosos que se deram bem e os que se deram mal nas elei\u00e7\u00f5es de 2022"}]},{"@type":"WebSite","@id":"https:\/\/brasilnoticias.org\/site\/#website","url":"https:\/\/brasilnoticias.org\/site\/","name":"Brasil not\u00edcias","description":"Brasil not\u00edcias","publisher":{"@id":"https:\/\/brasilnoticias.org\/site\/#organization"},"potentialAction":[{"@type":"SearchAction","target":{"@type":"EntryPoint","urlTemplate":"https:\/\/brasilnoticias.org\/site\/?s={search_term_string}"},"query-input":{"@type":"PropertyValueSpecification","valueRequired":true,"valueName":"search_term_string"}}],"inLanguage":"pt-PT"},{"@type":"Organization","@id":"https:\/\/brasilnoticias.org\/site\/#organization","name":"Brasil not\u00edcias","url":"https:\/\/brasilnoticias.org\/site\/","logo":{"@type":"ImageObject","inLanguage":"pt-PT","@id":"https:\/\/brasilnoticias.org\/site\/#\/schema\/logo\/image\/","url":"https:\/\/brasilnoticias.org\/site\/wp-content\/uploads\/2022\/05\/cropped-brasilnoticias-mini.jpg","contentUrl":"https:\/\/brasilnoticias.org\/site\/wp-content\/uploads\/2022\/05\/cropped-brasilnoticias-mini.jpg","width":314,"height":86,"caption":"Brasil not\u00edcias"},"image":{"@id":"https:\/\/brasilnoticias.org\/site\/#\/schema\/logo\/image\/"}},{"@type":"Person","@id":"https:\/\/brasilnoticias.org\/site\/#\/schema\/person\/a0e05b973ec4d15c658d51911e53507b","name":"Reda\u00e7\u00e3o","image":{"@type":"ImageObject","inLanguage":"pt-PT","@id":"https:\/\/brasilnoticias.org\/site\/#\/schema\/person\/image\/","url":"https:\/\/secure.gravatar.com\/avatar\/75d8b050df2de108b08ae78dfb8e374892df24a383c67db9c46a9c604f6aee9c?s=96&d=mm&r=g","contentUrl":"https:\/\/secure.gravatar.com\/avatar\/75d8b050df2de108b08ae78dfb8e374892df24a383c67db9c46a9c604f6aee9c?s=96&d=mm&r=g","caption":"Reda\u00e7\u00e3o"},"sameAs":["https:\/\/brasilnoticias.org\/site"],"url":"https:\/\/brasilnoticias.org\/site\/author\/fernandozsngmail-com\/"}]}},"_links":{"self":[{"href":"https:\/\/brasilnoticias.org\/site\/wp-json\/wp\/v2\/posts\/1584","targetHints":{"allow":["GET"]}}],"collection":[{"href":"https:\/\/brasilnoticias.org\/site\/wp-json\/wp\/v2\/posts"}],"about":[{"href":"https:\/\/brasilnoticias.org\/site\/wp-json\/wp\/v2\/types\/post"}],"author":[{"embeddable":true,"href":"https:\/\/brasilnoticias.org\/site\/wp-json\/wp\/v2\/users\/1"}],"replies":[{"embeddable":true,"href":"https:\/\/brasilnoticias.org\/site\/wp-json\/wp\/v2\/comments?post=1584"}],"version-history":[{"count":3,"href":"https:\/\/brasilnoticias.org\/site\/wp-json\/wp\/v2\/posts\/1584\/revisions"}],"predecessor-version":[{"id":1588,"href":"https:\/\/brasilnoticias.org\/site\/wp-json\/wp\/v2\/posts\/1584\/revisions\/1588"}],"wp:featuredmedia":[{"embeddable":true,"href":"https:\/\/brasilnoticias.org\/site\/wp-json\/wp\/v2\/media\/1586"}],"wp:attachment":[{"href":"https:\/\/brasilnoticias.org\/site\/wp-json\/wp\/v2\/media?parent=1584"}],"wp:term":[{"taxonomy":"category","embeddable":true,"href":"https:\/\/brasilnoticias.org\/site\/wp-json\/wp\/v2\/categories?post=1584"},{"taxonomy":"post_tag","embeddable":true,"href":"https:\/\/brasilnoticias.org\/site\/wp-json\/wp\/v2\/tags?post=1584"}],"curies":[{"name":"wp","href":"https:\/\/api.w.org\/{rel}","templated":true}]}}