{"id":15845,"date":"2024-09-04T19:30:38","date_gmt":"2024-09-04T22:30:38","guid":{"rendered":"https:\/\/brasilnoticias.org\/site\/?p=15845"},"modified":"2024-09-04T19:30:38","modified_gmt":"2024-09-04T22:30:38","slug":"brasil-pode-perder-o-pantanal-ate-o-fim-do-seculo-diz-marina-silva","status":"publish","type":"post","link":"https:\/\/brasilnoticias.org\/site\/brasil-pode-perder-o-pantanal-ate-o-fim-do-seculo-diz-marina-silva\/","title":{"rendered":"Brasil pode perder o Pantanal at\u00e9 o fim do s\u00e9culo, diz Marina Silva"},"content":{"rendered":"<p>Ministra participou de sess\u00e3o da Comiss\u00e3o de Meio Ambiente do Senado para falar sobre combate a inc\u00eandios na Amaz\u00f4nia e no Pantanal em meio a estiagem hist\u00f3rica<\/p>\n<p>A ministra do Meio Ambiente, Marina Silva, afirmou nesta quarta-feira (4) que o Brasil pode perder o Pantanal por completo, at\u00e9 o fim deste s\u00e9culo, se o mundo n\u00e3o for capaz de reverter o cen\u00e1rio de aquecimento global.<\/p>\n<p>Marina participou de uma sess\u00e3o da Comiss\u00e3o de Meio Ambiente do Senado nesta quarta para falar sobre as queimadas e a estiagem prolongada que atinge a maior parte do pa\u00eds \u2013 com preju\u00edzo maior ao Pantanal e \u00e0 Amaz\u00f4nia. &#8220;Segundo os pesquisadores, se continuar o mesmo fen\u00f4meno em rela\u00e7\u00e3o ao Pantanal, o diagn\u00f3stico \u00e9 de que poderemos perder o Pantanal at\u00e9 o final do s\u00e9culo. Isso tem um nome: baixa precipita\u00e7\u00e3o, alto processo de evapotranspira\u00e7\u00e3o, n\u00e3o conseguindo alcan\u00e7ar a cota de cheia, nem dos rios nem da plan\u00edcie alagada&#8221;, explicou Marina.<\/p>\n<p>&#8220;E portanto, a cada ano se vai perdendo cobertura vegetal. Seja em fun\u00e7\u00e3o de desmatamento ou de queimadas. Voc\u00ea prejudica toda a bacia e assim, segundo eles [pesquisadores], at\u00e9 o final do s\u00e9culo n\u00f3s poderemos perder a maior plan\u00edcie alagada do planeta&#8221;, continuou.<\/p>\n<p>Foto: Marcelo Camargo\/Ag\u00eancia Brasil<br \/>\nPor: Metro1<\/p>\n","protected":false},"excerpt":{"rendered":"<p>Ministra participou de sess\u00e3o da Comiss\u00e3o de Meio Ambiente do Senado para falar sobre combate a inc\u00eandios na Amaz\u00f4nia e<\/p>\n","protected":false},"author":4,"featured_media":15846,"comment_status":"open","ping_status":"open","sticky":false,"template":"","format":"standard","meta":{"colormag_page_container_layout":"default_layout","colormag_page_sidebar_layout":"default_layout","_FSMCFIC_featured_image_caption":"","_FSMCFIC_featured_image_nocaption":"","_FSMCFIC_featured_image_hide":"","footnotes":""},"categories":[2,1],"tags":[],"class_list":["post-15845","post","type-post","status-publish","format-standard","has-post-thumbnail","hentry","category-noticias","category-ultimas"],"yoast_head":"<!-- This site is optimized with the Yoast SEO plugin v27.1.1 - https:\/\/yoast.com\/product\/yoast-seo-wordpress\/ -->\n<title>Brasil pode perder o Pantanal at\u00e9 o fim do s\u00e9culo, diz Marina Silva - Brasil not\u00edcias<\/title>\n<meta name=\"robots\" content=\"index, follow, max-snippet:-1, max-image-preview:large, max-video-preview:-1\" \/>\n<link rel=\"canonical\" href=\"https:\/\/brasilnoticias.org\/site\/brasil-pode-perder-o-pantanal-ate-o-fim-do-seculo-diz-marina-silva\/\" \/>\n<meta property=\"og:locale\" content=\"pt_PT\" \/>\n<meta property=\"og:type\" content=\"article\" \/>\n<meta property=\"og:title\" content=\"Brasil pode perder o Pantanal at\u00e9 o fim do s\u00e9culo, diz Marina Silva - Brasil not\u00edcias\" \/>\n<meta property=\"og:description\" content=\"Ministra participou de sess\u00e3o da Comiss\u00e3o de Meio Ambiente do Senado para falar sobre combate a inc\u00eandios na Amaz\u00f4nia e\" \/>\n<meta property=\"og:url\" content=\"https:\/\/brasilnoticias.org\/site\/brasil-pode-perder-o-pantanal-ate-o-fim-do-seculo-diz-marina-silva\/\" \/>\n<meta property=\"og:site_name\" content=\"Brasil not\u00edcias\" \/>\n<meta property=\"article:published_time\" content=\"2024-09-04T22:30:38+00:00\" \/>\n<meta property=\"og:image\" content=\"https:\/\/brasilnoticias.org\/site\/wp-content\/uploads\/2024\/09\/154804brasil-pode-perder-o-pantanal-ate-o-fim-do-seculo-diz-marina-silva-3.jpg\" \/>\n\t<meta property=\"og:image:width\" content=\"1600\" \/>\n\t<meta property=\"og:image:height\" content=\"752\" \/>\n\t<meta property=\"og:image:type\" content=\"image\/jpeg\" \/>\n<meta name=\"author\" content=\"Reda\u00e7\u00e3o\" \/>\n<meta name=\"twitter:card\" content=\"summary_large_image\" \/>\n<meta name=\"twitter:label1\" content=\"Escrito por\" \/>\n\t<meta name=\"twitter:data1\" content=\"Reda\u00e7\u00e3o\" \/>\n<script type=\"application\/ld+json\" class=\"yoast-schema-graph\">{\"@context\":\"https:\/\/schema.org\",\"@graph\":[{\"@type\":\"Article\",\"@id\":\"https:\/\/brasilnoticias.org\/site\/brasil-pode-perder-o-pantanal-ate-o-fim-do-seculo-diz-marina-silva\/#article\",\"isPartOf\":{\"@id\":\"https:\/\/brasilnoticias.org\/site\/brasil-pode-perder-o-pantanal-ate-o-fim-do-seculo-diz-marina-silva\/\"},\"author\":{\"name\":\"Reda\u00e7\u00e3o\",\"@id\":\"https:\/\/brasilnoticias.org\/site\/#\/schema\/person\/03bbbfe6c7634ad18c26444ea39049fa\"},\"headline\":\"Brasil pode perder o Pantanal at\u00e9 o fim do s\u00e9culo, diz Marina Silva\",\"datePublished\":\"2024-09-04T22:30:38+00:00\",\"mainEntityOfPage\":{\"@id\":\"https:\/\/brasilnoticias.org\/site\/brasil-pode-perder-o-pantanal-ate-o-fim-do-seculo-diz-marina-silva\/\"},\"wordCount\":243,\"commentCount\":0,\"publisher\":{\"@id\":\"https:\/\/brasilnoticias.org\/site\/#organization\"},\"image\":{\"@id\":\"https:\/\/brasilnoticias.org\/site\/brasil-pode-perder-o-pantanal-ate-o-fim-do-seculo-diz-marina-silva\/#primaryimage\"},\"thumbnailUrl\":\"https:\/\/brasilnoticias.org\/site\/wp-content\/uploads\/2024\/09\/154804brasil-pode-perder-o-pantanal-ate-o-fim-do-seculo-diz-marina-silva-3.jpg\",\"articleSection\":[\"Not\u00edcias\",\"\u00daltimas\"],\"inLanguage\":\"pt-PT\",\"potentialAction\":[{\"@type\":\"CommentAction\",\"name\":\"Comment\",\"target\":[\"https:\/\/brasilnoticias.org\/site\/brasil-pode-perder-o-pantanal-ate-o-fim-do-seculo-diz-marina-silva\/#respond\"]}]},{\"@type\":\"WebPage\",\"@id\":\"https:\/\/brasilnoticias.org\/site\/brasil-pode-perder-o-pantanal-ate-o-fim-do-seculo-diz-marina-silva\/\",\"url\":\"https:\/\/brasilnoticias.org\/site\/brasil-pode-perder-o-pantanal-ate-o-fim-do-seculo-diz-marina-silva\/\",\"name\":\"Brasil pode perder o Pantanal at\u00e9 o fim do s\u00e9culo, diz Marina Silva - Brasil not\u00edcias\",\"isPartOf\":{\"@id\":\"https:\/\/brasilnoticias.org\/site\/#website\"},\"primaryImageOfPage\":{\"@id\":\"https:\/\/brasilnoticias.org\/site\/brasil-pode-perder-o-pantanal-ate-o-fim-do-seculo-diz-marina-silva\/#primaryimage\"},\"image\":{\"@id\":\"https:\/\/brasilnoticias.org\/site\/brasil-pode-perder-o-pantanal-ate-o-fim-do-seculo-diz-marina-silva\/#primaryimage\"},\"thumbnailUrl\":\"https:\/\/brasilnoticias.org\/site\/wp-content\/uploads\/2024\/09\/154804brasil-pode-perder-o-pantanal-ate-o-fim-do-seculo-diz-marina-silva-3.jpg\",\"datePublished\":\"2024-09-04T22:30:38+00:00\",\"breadcrumb\":{\"@id\":\"https:\/\/brasilnoticias.org\/site\/brasil-pode-perder-o-pantanal-ate-o-fim-do-seculo-diz-marina-silva\/#breadcrumb\"},\"inLanguage\":\"pt-PT\",\"potentialAction\":[{\"@type\":\"ReadAction\",\"target\":[\"https:\/\/brasilnoticias.org\/site\/brasil-pode-perder-o-pantanal-ate-o-fim-do-seculo-diz-marina-silva\/\"]}]},{\"@type\":\"ImageObject\",\"inLanguage\":\"pt-PT\",\"@id\":\"https:\/\/brasilnoticias.org\/site\/brasil-pode-perder-o-pantanal-ate-o-fim-do-seculo-diz-marina-silva\/#primaryimage\",\"url\":\"https:\/\/brasilnoticias.org\/site\/wp-content\/uploads\/2024\/09\/154804brasil-pode-perder-o-pantanal-ate-o-fim-do-seculo-diz-marina-silva-3.jpg\",\"contentUrl\":\"https:\/\/brasilnoticias.org\/site\/wp-content\/uploads\/2024\/09\/154804brasil-pode-perder-o-pantanal-ate-o-fim-do-seculo-diz-marina-silva-3.jpg\",\"width\":1600,\"height\":752},{\"@type\":\"BreadcrumbList\",\"@id\":\"https:\/\/brasilnoticias.org\/site\/brasil-pode-perder-o-pantanal-ate-o-fim-do-seculo-diz-marina-silva\/#breadcrumb\",\"itemListElement\":[{\"@type\":\"ListItem\",\"position\":1,\"name\":\"In\u00edcio\",\"item\":\"https:\/\/brasilnoticias.org\/site\/\"},{\"@type\":\"ListItem\",\"position\":2,\"name\":\"Brasil pode perder o Pantanal at\u00e9 o fim do s\u00e9culo, diz Marina Silva\"}]},{\"@type\":\"WebSite\",\"@id\":\"https:\/\/brasilnoticias.org\/site\/#website\",\"url\":\"https:\/\/brasilnoticias.org\/site\/\",\"name\":\"Brasil not\u00edcias\",\"description\":\"Brasil not\u00edcias\",\"publisher\":{\"@id\":\"https:\/\/brasilnoticias.org\/site\/#organization\"},\"potentialAction\":[{\"@type\":\"SearchAction\",\"target\":{\"@type\":\"EntryPoint\",\"urlTemplate\":\"https:\/\/brasilnoticias.org\/site\/?s={search_term_string}\"},\"query-input\":{\"@type\":\"PropertyValueSpecification\",\"valueRequired\":true,\"valueName\":\"search_term_string\"}}],\"inLanguage\":\"pt-PT\"},{\"@type\":\"Organization\",\"@id\":\"https:\/\/brasilnoticias.org\/site\/#organization\",\"name\":\"Brasil not\u00edcias\",\"url\":\"https:\/\/brasilnoticias.org\/site\/\",\"logo\":{\"@type\":\"ImageObject\",\"inLanguage\":\"pt-PT\",\"@id\":\"https:\/\/brasilnoticias.org\/site\/#\/schema\/logo\/image\/\",\"url\":\"https:\/\/brasilnoticias.org\/site\/wp-content\/uploads\/2022\/05\/cropped-brasilnoticias-mini.jpg\",\"contentUrl\":\"https:\/\/brasilnoticias.org\/site\/wp-content\/uploads\/2022\/05\/cropped-brasilnoticias-mini.jpg\",\"width\":314,\"height\":86,\"caption\":\"Brasil not\u00edcias\"},\"image\":{\"@id\":\"https:\/\/brasilnoticias.org\/site\/#\/schema\/logo\/image\/\"}},{\"@type\":\"Person\",\"@id\":\"https:\/\/brasilnoticias.org\/site\/#\/schema\/person\/03bbbfe6c7634ad18c26444ea39049fa\",\"name\":\"Reda\u00e7\u00e3o\",\"image\":{\"@type\":\"ImageObject\",\"inLanguage\":\"pt-PT\",\"@id\":\"https:\/\/brasilnoticias.org\/site\/#\/schema\/person\/image\/\",\"url\":\"https:\/\/secure.gravatar.com\/avatar\/9ecaf7327a696cb23ad926fedded5f1f04d7049de9e445375d55b48c001a6e42?s=96&d=mm&r=g\",\"contentUrl\":\"https:\/\/secure.gravatar.com\/avatar\/9ecaf7327a696cb23ad926fedded5f1f04d7049de9e445375d55b48c001a6e42?s=96&d=mm&r=g\",\"caption\":\"Reda\u00e7\u00e3o\"},\"url\":\"https:\/\/brasilnoticias.org\/site\/author\/henrique\/\"}]}<\/script>\n<!-- \/ Yoast SEO plugin. -->","yoast_head_json":{"title":"Brasil pode perder o Pantanal at\u00e9 o fim do s\u00e9culo, diz Marina Silva - Brasil not\u00edcias","robots":{"index":"index","follow":"follow","max-snippet":"max-snippet:-1","max-image-preview":"max-image-preview:large","max-video-preview":"max-video-preview:-1"},"canonical":"https:\/\/brasilnoticias.org\/site\/brasil-pode-perder-o-pantanal-ate-o-fim-do-seculo-diz-marina-silva\/","og_locale":"pt_PT","og_type":"article","og_title":"Brasil pode perder o Pantanal at\u00e9 o fim do s\u00e9culo, diz Marina Silva - Brasil not\u00edcias","og_description":"Ministra participou de sess\u00e3o da Comiss\u00e3o de Meio Ambiente do Senado para falar sobre combate a inc\u00eandios na Amaz\u00f4nia e","og_url":"https:\/\/brasilnoticias.org\/site\/brasil-pode-perder-o-pantanal-ate-o-fim-do-seculo-diz-marina-silva\/","og_site_name":"Brasil not\u00edcias","article_published_time":"2024-09-04T22:30:38+00:00","og_image":[{"width":1600,"height":752,"url":"https:\/\/brasilnoticias.org\/site\/wp-content\/uploads\/2024\/09\/154804brasil-pode-perder-o-pantanal-ate-o-fim-do-seculo-diz-marina-silva-3.jpg","type":"image\/jpeg"}],"author":"Reda\u00e7\u00e3o","twitter_card":"summary_large_image","twitter_misc":{"Escrito por":"Reda\u00e7\u00e3o"},"schema":{"@context":"https:\/\/schema.org","@graph":[{"@type":"Article","@id":"https:\/\/brasilnoticias.org\/site\/brasil-pode-perder-o-pantanal-ate-o-fim-do-seculo-diz-marina-silva\/#article","isPartOf":{"@id":"https:\/\/brasilnoticias.org\/site\/brasil-pode-perder-o-pantanal-ate-o-fim-do-seculo-diz-marina-silva\/"},"author":{"name":"Reda\u00e7\u00e3o","@id":"https:\/\/brasilnoticias.org\/site\/#\/schema\/person\/03bbbfe6c7634ad18c26444ea39049fa"},"headline":"Brasil pode perder o Pantanal at\u00e9 o fim do s\u00e9culo, diz Marina Silva","datePublished":"2024-09-04T22:30:38+00:00","mainEntityOfPage":{"@id":"https:\/\/brasilnoticias.org\/site\/brasil-pode-perder-o-pantanal-ate-o-fim-do-seculo-diz-marina-silva\/"},"wordCount":243,"commentCount":0,"publisher":{"@id":"https:\/\/brasilnoticias.org\/site\/#organization"},"image":{"@id":"https:\/\/brasilnoticias.org\/site\/brasil-pode-perder-o-pantanal-ate-o-fim-do-seculo-diz-marina-silva\/#primaryimage"},"thumbnailUrl":"https:\/\/brasilnoticias.org\/site\/wp-content\/uploads\/2024\/09\/154804brasil-pode-perder-o-pantanal-ate-o-fim-do-seculo-diz-marina-silva-3.jpg","articleSection":["Not\u00edcias","\u00daltimas"],"inLanguage":"pt-PT","potentialAction":[{"@type":"CommentAction","name":"Comment","target":["https:\/\/brasilnoticias.org\/site\/brasil-pode-perder-o-pantanal-ate-o-fim-do-seculo-diz-marina-silva\/#respond"]}]},{"@type":"WebPage","@id":"https:\/\/brasilnoticias.org\/site\/brasil-pode-perder-o-pantanal-ate-o-fim-do-seculo-diz-marina-silva\/","url":"https:\/\/brasilnoticias.org\/site\/brasil-pode-perder-o-pantanal-ate-o-fim-do-seculo-diz-marina-silva\/","name":"Brasil pode perder o Pantanal at\u00e9 o fim do s\u00e9culo, diz Marina Silva - Brasil not\u00edcias","isPartOf":{"@id":"https:\/\/brasilnoticias.org\/site\/#website"},"primaryImageOfPage":{"@id":"https:\/\/brasilnoticias.org\/site\/brasil-pode-perder-o-pantanal-ate-o-fim-do-seculo-diz-marina-silva\/#primaryimage"},"image":{"@id":"https:\/\/brasilnoticias.org\/site\/brasil-pode-perder-o-pantanal-ate-o-fim-do-seculo-diz-marina-silva\/#primaryimage"},"thumbnailUrl":"https:\/\/brasilnoticias.org\/site\/wp-content\/uploads\/2024\/09\/154804brasil-pode-perder-o-pantanal-ate-o-fim-do-seculo-diz-marina-silva-3.jpg","datePublished":"2024-09-04T22:30:38+00:00","breadcrumb":{"@id":"https:\/\/brasilnoticias.org\/site\/brasil-pode-perder-o-pantanal-ate-o-fim-do-seculo-diz-marina-silva\/#breadcrumb"},"inLanguage":"pt-PT","potentialAction":[{"@type":"ReadAction","target":["https:\/\/brasilnoticias.org\/site\/brasil-pode-perder-o-pantanal-ate-o-fim-do-seculo-diz-marina-silva\/"]}]},{"@type":"ImageObject","inLanguage":"pt-PT","@id":"https:\/\/brasilnoticias.org\/site\/brasil-pode-perder-o-pantanal-ate-o-fim-do-seculo-diz-marina-silva\/#primaryimage","url":"https:\/\/brasilnoticias.org\/site\/wp-content\/uploads\/2024\/09\/154804brasil-pode-perder-o-pantanal-ate-o-fim-do-seculo-diz-marina-silva-3.jpg","contentUrl":"https:\/\/brasilnoticias.org\/site\/wp-content\/uploads\/2024\/09\/154804brasil-pode-perder-o-pantanal-ate-o-fim-do-seculo-diz-marina-silva-3.jpg","width":1600,"height":752},{"@type":"BreadcrumbList","@id":"https:\/\/brasilnoticias.org\/site\/brasil-pode-perder-o-pantanal-ate-o-fim-do-seculo-diz-marina-silva\/#breadcrumb","itemListElement":[{"@type":"ListItem","position":1,"name":"In\u00edcio","item":"https:\/\/brasilnoticias.org\/site\/"},{"@type":"ListItem","position":2,"name":"Brasil pode perder o Pantanal at\u00e9 o fim do s\u00e9culo, diz Marina Silva"}]},{"@type":"WebSite","@id":"https:\/\/brasilnoticias.org\/site\/#website","url":"https:\/\/brasilnoticias.org\/site\/","name":"Brasil not\u00edcias","description":"Brasil not\u00edcias","publisher":{"@id":"https:\/\/brasilnoticias.org\/site\/#organization"},"potentialAction":[{"@type":"SearchAction","target":{"@type":"EntryPoint","urlTemplate":"https:\/\/brasilnoticias.org\/site\/?s={search_term_string}"},"query-input":{"@type":"PropertyValueSpecification","valueRequired":true,"valueName":"search_term_string"}}],"inLanguage":"pt-PT"},{"@type":"Organization","@id":"https:\/\/brasilnoticias.org\/site\/#organization","name":"Brasil not\u00edcias","url":"https:\/\/brasilnoticias.org\/site\/","logo":{"@type":"ImageObject","inLanguage":"pt-PT","@id":"https:\/\/brasilnoticias.org\/site\/#\/schema\/logo\/image\/","url":"https:\/\/brasilnoticias.org\/site\/wp-content\/uploads\/2022\/05\/cropped-brasilnoticias-mini.jpg","contentUrl":"https:\/\/brasilnoticias.org\/site\/wp-content\/uploads\/2022\/05\/cropped-brasilnoticias-mini.jpg","width":314,"height":86,"caption":"Brasil not\u00edcias"},"image":{"@id":"https:\/\/brasilnoticias.org\/site\/#\/schema\/logo\/image\/"}},{"@type":"Person","@id":"https:\/\/brasilnoticias.org\/site\/#\/schema\/person\/03bbbfe6c7634ad18c26444ea39049fa","name":"Reda\u00e7\u00e3o","image":{"@type":"ImageObject","inLanguage":"pt-PT","@id":"https:\/\/brasilnoticias.org\/site\/#\/schema\/person\/image\/","url":"https:\/\/secure.gravatar.com\/avatar\/9ecaf7327a696cb23ad926fedded5f1f04d7049de9e445375d55b48c001a6e42?s=96&d=mm&r=g","contentUrl":"https:\/\/secure.gravatar.com\/avatar\/9ecaf7327a696cb23ad926fedded5f1f04d7049de9e445375d55b48c001a6e42?s=96&d=mm&r=g","caption":"Reda\u00e7\u00e3o"},"url":"https:\/\/brasilnoticias.org\/site\/author\/henrique\/"}]}},"_links":{"self":[{"href":"https:\/\/brasilnoticias.org\/site\/wp-json\/wp\/v2\/posts\/15845","targetHints":{"allow":["GET"]}}],"collection":[{"href":"https:\/\/brasilnoticias.org\/site\/wp-json\/wp\/v2\/posts"}],"about":[{"href":"https:\/\/brasilnoticias.org\/site\/wp-json\/wp\/v2\/types\/post"}],"author":[{"embeddable":true,"href":"https:\/\/brasilnoticias.org\/site\/wp-json\/wp\/v2\/users\/4"}],"replies":[{"embeddable":true,"href":"https:\/\/brasilnoticias.org\/site\/wp-json\/wp\/v2\/comments?post=15845"}],"version-history":[{"count":1,"href":"https:\/\/brasilnoticias.org\/site\/wp-json\/wp\/v2\/posts\/15845\/revisions"}],"predecessor-version":[{"id":15847,"href":"https:\/\/brasilnoticias.org\/site\/wp-json\/wp\/v2\/posts\/15845\/revisions\/15847"}],"wp:featuredmedia":[{"embeddable":true,"href":"https:\/\/brasilnoticias.org\/site\/wp-json\/wp\/v2\/media\/15846"}],"wp:attachment":[{"href":"https:\/\/brasilnoticias.org\/site\/wp-json\/wp\/v2\/media?parent=15845"}],"wp:term":[{"taxonomy":"category","embeddable":true,"href":"https:\/\/brasilnoticias.org\/site\/wp-json\/wp\/v2\/categories?post=15845"},{"taxonomy":"post_tag","embeddable":true,"href":"https:\/\/brasilnoticias.org\/site\/wp-json\/wp\/v2\/tags?post=15845"}],"curies":[{"name":"wp","href":"https:\/\/api.w.org\/{rel}","templated":true}]}}