{"id":15865,"date":"2024-09-06T20:48:55","date_gmt":"2024-09-06T23:48:55","guid":{"rendered":"https:\/\/brasilnoticias.org\/site\/?p=15865"},"modified":"2024-09-06T20:48:55","modified_gmt":"2024-09-06T23:48:55","slug":"vice-presidente-de-assuntos-globais-do-x-renuncia-cargo","status":"publish","type":"post","link":"https:\/\/brasilnoticias.org\/site\/vice-presidente-de-assuntos-globais-do-x-renuncia-cargo\/","title":{"rendered":"Vice-presidente de Assuntos Globais do X renuncia cargo"},"content":{"rendered":"<p>Diante da recente decis\u00e3o do Supremo Tribunal Federal suspender o X (antigo Twitter) no Brasil, o vice-presidente de Assuntos Globais da empresa, Nick Pickles, pediu ren\u00fancia do cargo. Em postagem na rede social, ele afirmou que a decis\u00e3o foi tomada h\u00e1 v\u00e1rios meses, j\u00e1 que ele estava fazendo uma transi\u00e7\u00e3o e planejava sair do cargo. <\/p>\n<p>Pickles era o respons\u00e1vel, nos \u00faltimos anos, antes mesmo de Elon Musk comprar o X, por fazer a interlocu\u00e7\u00e3o da empresa com autoridades regulat\u00f3rias, governos e parlamentares do mundo inteiro. O executivo agradeceu \u00e0 CEO da empresa, Linda Yaccarino, pelo apoio e disse \u201cAp\u00f3s mais de dez anos, amanh\u00e3 ser\u00e1 meu \u00faltimo dia na X&#8221;. &#8220;Foi uma jornada incr\u00edvel&#8221;, escreveu no post.<\/p>\n<p>Conhecido por governos ao redor do mundo, Pickles representou o Twitter em negocia\u00e7\u00f5es com autoridades p\u00fablicas nos \u00faltimos anos. Ap\u00f3s a aquisi\u00e7\u00e3o de Musk da rede social, v\u00e1rios executivos foram demitidos, assim como centenas de funcion\u00e1rios da empresa, incluindo envolvidos em comunica\u00e7\u00f5es e no combate \u00e0 desinforma\u00e7\u00e3o na plataforma.<\/p>\n<p>Nos \u00faltimos meses, o X enfrentou pedidos de remo\u00e7\u00e3o de conte\u00fado por v\u00e1rios governos, como Turquia, \u00cdndia e Austr\u00e1lia. A Comiss\u00e3o de Prote\u00e7\u00e3o de Dados da Irlanda, por exemplo, anunciou que o X acatou a determina\u00e7\u00e3o da corte de Justi\u00e7a superior do pa\u00eds e vai parar de usar dados pessoais de usu\u00e1rios europeus para treinar seu chatbot de intelig\u00eancia artificial, Grok. A a\u00e7\u00e3o judicial ocorreu na Irlanda porque o pa\u00eds \u00e9 a sede da empresa em territ\u00f3rio da Uni\u00e3o Europeia.<\/p>\n<p>Foto: Reprodu\u00e7\u00e3o\/Getty Imagens<br \/>\nPor: Metro1<\/p>\n","protected":false},"excerpt":{"rendered":"<p>Diante da recente decis\u00e3o do Supremo Tribunal Federal suspender o X (antigo Twitter) no Brasil, o vice-presidente de Assuntos Globais<\/p>\n","protected":false},"author":4,"featured_media":15866,"comment_status":"open","ping_status":"open","sticky":false,"template":"","format":"standard","meta":{"colormag_page_container_layout":"default_layout","colormag_page_sidebar_layout":"default_layout","_FSMCFIC_featured_image_caption":"","_FSMCFIC_featured_image_nocaption":"","_FSMCFIC_featured_image_hide":"","footnotes":""},"categories":[2,1],"tags":[],"class_list":["post-15865","post","type-post","status-publish","format-standard","has-post-thumbnail","hentry","category-noticias","category-ultimas"],"yoast_head":"<!-- This site is optimized with the Yoast SEO plugin v27.1.1 - https:\/\/yoast.com\/product\/yoast-seo-wordpress\/ -->\n<title>Vice-presidente de Assuntos Globais do X renuncia cargo - Brasil not\u00edcias<\/title>\n<meta name=\"robots\" content=\"index, follow, max-snippet:-1, max-image-preview:large, max-video-preview:-1\" \/>\n<link rel=\"canonical\" href=\"https:\/\/brasilnoticias.org\/site\/vice-presidente-de-assuntos-globais-do-x-renuncia-cargo\/\" \/>\n<meta property=\"og:locale\" content=\"pt_PT\" \/>\n<meta property=\"og:type\" content=\"article\" \/>\n<meta property=\"og:title\" content=\"Vice-presidente de Assuntos Globais do X renuncia cargo - Brasil not\u00edcias\" \/>\n<meta property=\"og:description\" content=\"Diante da recente decis\u00e3o do Supremo Tribunal Federal suspender o X (antigo Twitter) no Brasil, o vice-presidente de Assuntos Globais\" \/>\n<meta property=\"og:url\" content=\"https:\/\/brasilnoticias.org\/site\/vice-presidente-de-assuntos-globais-do-x-renuncia-cargo\/\" \/>\n<meta property=\"og:site_name\" content=\"Brasil not\u00edcias\" \/>\n<meta property=\"article:published_time\" content=\"2024-09-06T23:48:55+00:00\" \/>\n<meta property=\"og:image\" content=\"https:\/\/brasilnoticias.org\/site\/wp-content\/uploads\/2024\/09\/154892vice-presidente-de-assuntos-globais-do-x-renuncia-cargo-3.jpg\" \/>\n\t<meta property=\"og:image:width\" content=\"1600\" \/>\n\t<meta property=\"og:image:height\" content=\"752\" \/>\n\t<meta property=\"og:image:type\" content=\"image\/jpeg\" \/>\n<meta name=\"author\" content=\"Reda\u00e7\u00e3o\" \/>\n<meta name=\"twitter:card\" content=\"summary_large_image\" \/>\n<meta name=\"twitter:label1\" content=\"Escrito por\" \/>\n\t<meta name=\"twitter:data1\" content=\"Reda\u00e7\u00e3o\" \/>\n\t<meta name=\"twitter:label2\" content=\"Tempo estimado de leitura\" \/>\n\t<meta name=\"twitter:data2\" content=\"1 minuto\" \/>\n<script type=\"application\/ld+json\" class=\"yoast-schema-graph\">{\"@context\":\"https:\/\/schema.org\",\"@graph\":[{\"@type\":\"Article\",\"@id\":\"https:\/\/brasilnoticias.org\/site\/vice-presidente-de-assuntos-globais-do-x-renuncia-cargo\/#article\",\"isPartOf\":{\"@id\":\"https:\/\/brasilnoticias.org\/site\/vice-presidente-de-assuntos-globais-do-x-renuncia-cargo\/\"},\"author\":{\"name\":\"Reda\u00e7\u00e3o\",\"@id\":\"https:\/\/brasilnoticias.org\/site\/#\/schema\/person\/03bbbfe6c7634ad18c26444ea39049fa\"},\"headline\":\"Vice-presidente de Assuntos Globais do X renuncia cargo\",\"datePublished\":\"2024-09-06T23:48:55+00:00\",\"mainEntityOfPage\":{\"@id\":\"https:\/\/brasilnoticias.org\/site\/vice-presidente-de-assuntos-globais-do-x-renuncia-cargo\/\"},\"wordCount\":291,\"commentCount\":0,\"publisher\":{\"@id\":\"https:\/\/brasilnoticias.org\/site\/#organization\"},\"image\":{\"@id\":\"https:\/\/brasilnoticias.org\/site\/vice-presidente-de-assuntos-globais-do-x-renuncia-cargo\/#primaryimage\"},\"thumbnailUrl\":\"https:\/\/brasilnoticias.org\/site\/wp-content\/uploads\/2024\/09\/154892vice-presidente-de-assuntos-globais-do-x-renuncia-cargo-3.jpg\",\"articleSection\":[\"Not\u00edcias\",\"\u00daltimas\"],\"inLanguage\":\"pt-PT\",\"potentialAction\":[{\"@type\":\"CommentAction\",\"name\":\"Comment\",\"target\":[\"https:\/\/brasilnoticias.org\/site\/vice-presidente-de-assuntos-globais-do-x-renuncia-cargo\/#respond\"]}]},{\"@type\":\"WebPage\",\"@id\":\"https:\/\/brasilnoticias.org\/site\/vice-presidente-de-assuntos-globais-do-x-renuncia-cargo\/\",\"url\":\"https:\/\/brasilnoticias.org\/site\/vice-presidente-de-assuntos-globais-do-x-renuncia-cargo\/\",\"name\":\"Vice-presidente de Assuntos Globais do X renuncia cargo - Brasil not\u00edcias\",\"isPartOf\":{\"@id\":\"https:\/\/brasilnoticias.org\/site\/#website\"},\"primaryImageOfPage\":{\"@id\":\"https:\/\/brasilnoticias.org\/site\/vice-presidente-de-assuntos-globais-do-x-renuncia-cargo\/#primaryimage\"},\"image\":{\"@id\":\"https:\/\/brasilnoticias.org\/site\/vice-presidente-de-assuntos-globais-do-x-renuncia-cargo\/#primaryimage\"},\"thumbnailUrl\":\"https:\/\/brasilnoticias.org\/site\/wp-content\/uploads\/2024\/09\/154892vice-presidente-de-assuntos-globais-do-x-renuncia-cargo-3.jpg\",\"datePublished\":\"2024-09-06T23:48:55+00:00\",\"breadcrumb\":{\"@id\":\"https:\/\/brasilnoticias.org\/site\/vice-presidente-de-assuntos-globais-do-x-renuncia-cargo\/#breadcrumb\"},\"inLanguage\":\"pt-PT\",\"potentialAction\":[{\"@type\":\"ReadAction\",\"target\":[\"https:\/\/brasilnoticias.org\/site\/vice-presidente-de-assuntos-globais-do-x-renuncia-cargo\/\"]}]},{\"@type\":\"ImageObject\",\"inLanguage\":\"pt-PT\",\"@id\":\"https:\/\/brasilnoticias.org\/site\/vice-presidente-de-assuntos-globais-do-x-renuncia-cargo\/#primaryimage\",\"url\":\"https:\/\/brasilnoticias.org\/site\/wp-content\/uploads\/2024\/09\/154892vice-presidente-de-assuntos-globais-do-x-renuncia-cargo-3.jpg\",\"contentUrl\":\"https:\/\/brasilnoticias.org\/site\/wp-content\/uploads\/2024\/09\/154892vice-presidente-de-assuntos-globais-do-x-renuncia-cargo-3.jpg\",\"width\":1600,\"height\":752},{\"@type\":\"BreadcrumbList\",\"@id\":\"https:\/\/brasilnoticias.org\/site\/vice-presidente-de-assuntos-globais-do-x-renuncia-cargo\/#breadcrumb\",\"itemListElement\":[{\"@type\":\"ListItem\",\"position\":1,\"name\":\"In\u00edcio\",\"item\":\"https:\/\/brasilnoticias.org\/site\/\"},{\"@type\":\"ListItem\",\"position\":2,\"name\":\"Vice-presidente de Assuntos Globais do X renuncia cargo\"}]},{\"@type\":\"WebSite\",\"@id\":\"https:\/\/brasilnoticias.org\/site\/#website\",\"url\":\"https:\/\/brasilnoticias.org\/site\/\",\"name\":\"Brasil not\u00edcias\",\"description\":\"Brasil not\u00edcias\",\"publisher\":{\"@id\":\"https:\/\/brasilnoticias.org\/site\/#organization\"},\"potentialAction\":[{\"@type\":\"SearchAction\",\"target\":{\"@type\":\"EntryPoint\",\"urlTemplate\":\"https:\/\/brasilnoticias.org\/site\/?s={search_term_string}\"},\"query-input\":{\"@type\":\"PropertyValueSpecification\",\"valueRequired\":true,\"valueName\":\"search_term_string\"}}],\"inLanguage\":\"pt-PT\"},{\"@type\":\"Organization\",\"@id\":\"https:\/\/brasilnoticias.org\/site\/#organization\",\"name\":\"Brasil not\u00edcias\",\"url\":\"https:\/\/brasilnoticias.org\/site\/\",\"logo\":{\"@type\":\"ImageObject\",\"inLanguage\":\"pt-PT\",\"@id\":\"https:\/\/brasilnoticias.org\/site\/#\/schema\/logo\/image\/\",\"url\":\"https:\/\/brasilnoticias.org\/site\/wp-content\/uploads\/2022\/05\/cropped-brasilnoticias-mini.jpg\",\"contentUrl\":\"https:\/\/brasilnoticias.org\/site\/wp-content\/uploads\/2022\/05\/cropped-brasilnoticias-mini.jpg\",\"width\":314,\"height\":86,\"caption\":\"Brasil not\u00edcias\"},\"image\":{\"@id\":\"https:\/\/brasilnoticias.org\/site\/#\/schema\/logo\/image\/\"}},{\"@type\":\"Person\",\"@id\":\"https:\/\/brasilnoticias.org\/site\/#\/schema\/person\/03bbbfe6c7634ad18c26444ea39049fa\",\"name\":\"Reda\u00e7\u00e3o\",\"image\":{\"@type\":\"ImageObject\",\"inLanguage\":\"pt-PT\",\"@id\":\"https:\/\/brasilnoticias.org\/site\/#\/schema\/person\/image\/\",\"url\":\"https:\/\/secure.gravatar.com\/avatar\/9ecaf7327a696cb23ad926fedded5f1f04d7049de9e445375d55b48c001a6e42?s=96&d=mm&r=g\",\"contentUrl\":\"https:\/\/secure.gravatar.com\/avatar\/9ecaf7327a696cb23ad926fedded5f1f04d7049de9e445375d55b48c001a6e42?s=96&d=mm&r=g\",\"caption\":\"Reda\u00e7\u00e3o\"},\"url\":\"https:\/\/brasilnoticias.org\/site\/author\/henrique\/\"}]}<\/script>\n<!-- \/ Yoast SEO plugin. -->","yoast_head_json":{"title":"Vice-presidente de Assuntos Globais do X renuncia cargo - Brasil not\u00edcias","robots":{"index":"index","follow":"follow","max-snippet":"max-snippet:-1","max-image-preview":"max-image-preview:large","max-video-preview":"max-video-preview:-1"},"canonical":"https:\/\/brasilnoticias.org\/site\/vice-presidente-de-assuntos-globais-do-x-renuncia-cargo\/","og_locale":"pt_PT","og_type":"article","og_title":"Vice-presidente de Assuntos Globais do X renuncia cargo - Brasil not\u00edcias","og_description":"Diante da recente decis\u00e3o do Supremo Tribunal Federal suspender o X (antigo Twitter) no Brasil, o vice-presidente de Assuntos Globais","og_url":"https:\/\/brasilnoticias.org\/site\/vice-presidente-de-assuntos-globais-do-x-renuncia-cargo\/","og_site_name":"Brasil not\u00edcias","article_published_time":"2024-09-06T23:48:55+00:00","og_image":[{"width":1600,"height":752,"url":"https:\/\/brasilnoticias.org\/site\/wp-content\/uploads\/2024\/09\/154892vice-presidente-de-assuntos-globais-do-x-renuncia-cargo-3.jpg","type":"image\/jpeg"}],"author":"Reda\u00e7\u00e3o","twitter_card":"summary_large_image","twitter_misc":{"Escrito por":"Reda\u00e7\u00e3o","Tempo estimado de leitura":"1 minuto"},"schema":{"@context":"https:\/\/schema.org","@graph":[{"@type":"Article","@id":"https:\/\/brasilnoticias.org\/site\/vice-presidente-de-assuntos-globais-do-x-renuncia-cargo\/#article","isPartOf":{"@id":"https:\/\/brasilnoticias.org\/site\/vice-presidente-de-assuntos-globais-do-x-renuncia-cargo\/"},"author":{"name":"Reda\u00e7\u00e3o","@id":"https:\/\/brasilnoticias.org\/site\/#\/schema\/person\/03bbbfe6c7634ad18c26444ea39049fa"},"headline":"Vice-presidente de Assuntos Globais do X renuncia cargo","datePublished":"2024-09-06T23:48:55+00:00","mainEntityOfPage":{"@id":"https:\/\/brasilnoticias.org\/site\/vice-presidente-de-assuntos-globais-do-x-renuncia-cargo\/"},"wordCount":291,"commentCount":0,"publisher":{"@id":"https:\/\/brasilnoticias.org\/site\/#organization"},"image":{"@id":"https:\/\/brasilnoticias.org\/site\/vice-presidente-de-assuntos-globais-do-x-renuncia-cargo\/#primaryimage"},"thumbnailUrl":"https:\/\/brasilnoticias.org\/site\/wp-content\/uploads\/2024\/09\/154892vice-presidente-de-assuntos-globais-do-x-renuncia-cargo-3.jpg","articleSection":["Not\u00edcias","\u00daltimas"],"inLanguage":"pt-PT","potentialAction":[{"@type":"CommentAction","name":"Comment","target":["https:\/\/brasilnoticias.org\/site\/vice-presidente-de-assuntos-globais-do-x-renuncia-cargo\/#respond"]}]},{"@type":"WebPage","@id":"https:\/\/brasilnoticias.org\/site\/vice-presidente-de-assuntos-globais-do-x-renuncia-cargo\/","url":"https:\/\/brasilnoticias.org\/site\/vice-presidente-de-assuntos-globais-do-x-renuncia-cargo\/","name":"Vice-presidente de Assuntos Globais do X renuncia cargo - Brasil not\u00edcias","isPartOf":{"@id":"https:\/\/brasilnoticias.org\/site\/#website"},"primaryImageOfPage":{"@id":"https:\/\/brasilnoticias.org\/site\/vice-presidente-de-assuntos-globais-do-x-renuncia-cargo\/#primaryimage"},"image":{"@id":"https:\/\/brasilnoticias.org\/site\/vice-presidente-de-assuntos-globais-do-x-renuncia-cargo\/#primaryimage"},"thumbnailUrl":"https:\/\/brasilnoticias.org\/site\/wp-content\/uploads\/2024\/09\/154892vice-presidente-de-assuntos-globais-do-x-renuncia-cargo-3.jpg","datePublished":"2024-09-06T23:48:55+00:00","breadcrumb":{"@id":"https:\/\/brasilnoticias.org\/site\/vice-presidente-de-assuntos-globais-do-x-renuncia-cargo\/#breadcrumb"},"inLanguage":"pt-PT","potentialAction":[{"@type":"ReadAction","target":["https:\/\/brasilnoticias.org\/site\/vice-presidente-de-assuntos-globais-do-x-renuncia-cargo\/"]}]},{"@type":"ImageObject","inLanguage":"pt-PT","@id":"https:\/\/brasilnoticias.org\/site\/vice-presidente-de-assuntos-globais-do-x-renuncia-cargo\/#primaryimage","url":"https:\/\/brasilnoticias.org\/site\/wp-content\/uploads\/2024\/09\/154892vice-presidente-de-assuntos-globais-do-x-renuncia-cargo-3.jpg","contentUrl":"https:\/\/brasilnoticias.org\/site\/wp-content\/uploads\/2024\/09\/154892vice-presidente-de-assuntos-globais-do-x-renuncia-cargo-3.jpg","width":1600,"height":752},{"@type":"BreadcrumbList","@id":"https:\/\/brasilnoticias.org\/site\/vice-presidente-de-assuntos-globais-do-x-renuncia-cargo\/#breadcrumb","itemListElement":[{"@type":"ListItem","position":1,"name":"In\u00edcio","item":"https:\/\/brasilnoticias.org\/site\/"},{"@type":"ListItem","position":2,"name":"Vice-presidente de Assuntos Globais do X renuncia cargo"}]},{"@type":"WebSite","@id":"https:\/\/brasilnoticias.org\/site\/#website","url":"https:\/\/brasilnoticias.org\/site\/","name":"Brasil not\u00edcias","description":"Brasil not\u00edcias","publisher":{"@id":"https:\/\/brasilnoticias.org\/site\/#organization"},"potentialAction":[{"@type":"SearchAction","target":{"@type":"EntryPoint","urlTemplate":"https:\/\/brasilnoticias.org\/site\/?s={search_term_string}"},"query-input":{"@type":"PropertyValueSpecification","valueRequired":true,"valueName":"search_term_string"}}],"inLanguage":"pt-PT"},{"@type":"Organization","@id":"https:\/\/brasilnoticias.org\/site\/#organization","name":"Brasil not\u00edcias","url":"https:\/\/brasilnoticias.org\/site\/","logo":{"@type":"ImageObject","inLanguage":"pt-PT","@id":"https:\/\/brasilnoticias.org\/site\/#\/schema\/logo\/image\/","url":"https:\/\/brasilnoticias.org\/site\/wp-content\/uploads\/2022\/05\/cropped-brasilnoticias-mini.jpg","contentUrl":"https:\/\/brasilnoticias.org\/site\/wp-content\/uploads\/2022\/05\/cropped-brasilnoticias-mini.jpg","width":314,"height":86,"caption":"Brasil not\u00edcias"},"image":{"@id":"https:\/\/brasilnoticias.org\/site\/#\/schema\/logo\/image\/"}},{"@type":"Person","@id":"https:\/\/brasilnoticias.org\/site\/#\/schema\/person\/03bbbfe6c7634ad18c26444ea39049fa","name":"Reda\u00e7\u00e3o","image":{"@type":"ImageObject","inLanguage":"pt-PT","@id":"https:\/\/brasilnoticias.org\/site\/#\/schema\/person\/image\/","url":"https:\/\/secure.gravatar.com\/avatar\/9ecaf7327a696cb23ad926fedded5f1f04d7049de9e445375d55b48c001a6e42?s=96&d=mm&r=g","contentUrl":"https:\/\/secure.gravatar.com\/avatar\/9ecaf7327a696cb23ad926fedded5f1f04d7049de9e445375d55b48c001a6e42?s=96&d=mm&r=g","caption":"Reda\u00e7\u00e3o"},"url":"https:\/\/brasilnoticias.org\/site\/author\/henrique\/"}]}},"_links":{"self":[{"href":"https:\/\/brasilnoticias.org\/site\/wp-json\/wp\/v2\/posts\/15865","targetHints":{"allow":["GET"]}}],"collection":[{"href":"https:\/\/brasilnoticias.org\/site\/wp-json\/wp\/v2\/posts"}],"about":[{"href":"https:\/\/brasilnoticias.org\/site\/wp-json\/wp\/v2\/types\/post"}],"author":[{"embeddable":true,"href":"https:\/\/brasilnoticias.org\/site\/wp-json\/wp\/v2\/users\/4"}],"replies":[{"embeddable":true,"href":"https:\/\/brasilnoticias.org\/site\/wp-json\/wp\/v2\/comments?post=15865"}],"version-history":[{"count":1,"href":"https:\/\/brasilnoticias.org\/site\/wp-json\/wp\/v2\/posts\/15865\/revisions"}],"predecessor-version":[{"id":15867,"href":"https:\/\/brasilnoticias.org\/site\/wp-json\/wp\/v2\/posts\/15865\/revisions\/15867"}],"wp:featuredmedia":[{"embeddable":true,"href":"https:\/\/brasilnoticias.org\/site\/wp-json\/wp\/v2\/media\/15866"}],"wp:attachment":[{"href":"https:\/\/brasilnoticias.org\/site\/wp-json\/wp\/v2\/media?parent=15865"}],"wp:term":[{"taxonomy":"category","embeddable":true,"href":"https:\/\/brasilnoticias.org\/site\/wp-json\/wp\/v2\/categories?post=15865"},{"taxonomy":"post_tag","embeddable":true,"href":"https:\/\/brasilnoticias.org\/site\/wp-json\/wp\/v2\/tags?post=15865"}],"curies":[{"name":"wp","href":"https:\/\/api.w.org\/{rel}","templated":true}]}}