{"id":15871,"date":"2024-09-06T20:52:44","date_gmt":"2024-09-06T23:52:44","guid":{"rendered":"https:\/\/brasilnoticias.org\/site\/?p=15871"},"modified":"2024-09-06T20:52:44","modified_gmt":"2024-09-06T23:52:44","slug":"apos-audiencia-de-custodia-rifeiros-baianos-tem-prisao-preventiva-decretada-pela-justica","status":"publish","type":"post","link":"https:\/\/brasilnoticias.org\/site\/apos-audiencia-de-custodia-rifeiros-baianos-tem-prisao-preventiva-decretada-pela-justica\/","title":{"rendered":"Ap\u00f3s audi\u00eancia de cust\u00f3dia, rifeiros baianos t\u00eam pris\u00e3o preventiva decretada pela Justi\u00e7a"},"content":{"rendered":"<p>A Justi\u00e7a determinou, ap\u00f3s audi\u00eancias de cust\u00f3dia, a pris\u00e3o tempor\u00e1ria de todos os suspeitos detidos na Opera\u00e7\u00e3o Falsas Promessas, nesta sexta-feira, (6\/9). Entre os detidos, est\u00e3o os influenciadores digitais e rifeiros baianos Ramhon Dias e Jos\u00e9 Roberto, mais conhecido como \u201cNanam Produ\u00e7\u00f5es\u201d.<\/p>\n<p>As audi\u00eancias, segundo informa\u00e7\u00f5es da Secretaria de Seguran\u00e7a P\u00fablica da Bahia (SSP-BA), foram conduzidas pelas varas especializadas em crime organizado.<\/p>\n<p>Ao todo, 21 audi\u00eancias foram realizadas, resultando na decis\u00e3o de manter os investigados sob cust\u00f3dia por um per\u00edodo inicial de 30 dias, com possibilidade de prorroga\u00e7\u00e3o por mais 30 dias, conforme o andamento das investiga\u00e7\u00f5es.<\/p>\n<p>Al\u00e9m disso, tr\u00eas investigadas, m\u00e3es de crian\u00e7as menores de 12 anos, tiveram o benef\u00edcio da pris\u00e3o domiciliar concedido. Mas, ainda de acordo com a SSP-BA, essa medida est\u00e1 condicionada a restri\u00e7\u00f5es, como monitora\u00e7\u00e3o eletr\u00f4nica, proibi\u00e7\u00e3o de se ausentarem do territ\u00f3rio nacional e entrega dos passaportes. Elas precisaram pagar fian\u00e7a para ter acesso \u00e0 medida cautelar.<\/p>\n<p>A Opera\u00e7\u00e3o Falsas Promessas, deflagrada na quinta-feira (5), tem o objetivo desmantelar um esquema de corrup\u00e7\u00e3o, al\u00e9m de descapitalizar as organiza\u00e7\u00f5es criminosas que utilizam esquema de jogos e a lavagem de dinheiro para o tr\u00e1fico de drogas, com a compra de bens de alto valor.<\/p>\n<p>A opera\u00e7\u00e3o foi deflagrada pela Pol\u00edcia Civil da Bahia, por meio do Departamento de Repress\u00e3o e Combate \u00e0 Corrup\u00e7\u00e3o, ao Crime Organizado e \u00e0 Lavagem de Dinheiro (Draco-LD).<\/p>\n<p>Aratu On<br \/>\nFoto: Redes Sociais<\/p>\n","protected":false},"excerpt":{"rendered":"<p>A Justi\u00e7a determinou, ap\u00f3s audi\u00eancias de cust\u00f3dia, a pris\u00e3o tempor\u00e1ria de todos os suspeitos detidos na Opera\u00e7\u00e3o Falsas Promessas, nesta<\/p>\n","protected":false},"author":4,"featured_media":15872,"comment_status":"open","ping_status":"open","sticky":false,"template":"","format":"standard","meta":{"colormag_page_container_layout":"default_layout","colormag_page_sidebar_layout":"default_layout","_FSMCFIC_featured_image_caption":"","_FSMCFIC_featured_image_nocaption":"","_FSMCFIC_featured_image_hide":"","footnotes":""},"categories":[8,1],"tags":[],"class_list":["post-15871","post","type-post","status-publish","format-standard","has-post-thumbnail","hentry","category-entretenimento","category-ultimas"],"yoast_head":"<!-- This site is optimized with the Yoast SEO plugin v27.1.1 - https:\/\/yoast.com\/product\/yoast-seo-wordpress\/ -->\n<title>Ap\u00f3s audi\u00eancia de cust\u00f3dia, rifeiros baianos t\u00eam pris\u00e3o preventiva decretada pela Justi\u00e7a - Brasil not\u00edcias<\/title>\n<meta name=\"robots\" content=\"index, follow, max-snippet:-1, max-image-preview:large, max-video-preview:-1\" \/>\n<link rel=\"canonical\" href=\"https:\/\/brasilnoticias.org\/site\/apos-audiencia-de-custodia-rifeiros-baianos-tem-prisao-preventiva-decretada-pela-justica\/\" \/>\n<meta property=\"og:locale\" content=\"pt_PT\" \/>\n<meta property=\"og:type\" content=\"article\" \/>\n<meta property=\"og:title\" content=\"Ap\u00f3s audi\u00eancia de cust\u00f3dia, rifeiros baianos t\u00eam pris\u00e3o preventiva decretada pela Justi\u00e7a - Brasil not\u00edcias\" \/>\n<meta property=\"og:description\" content=\"A Justi\u00e7a determinou, ap\u00f3s audi\u00eancias de cust\u00f3dia, a pris\u00e3o tempor\u00e1ria de todos os suspeitos detidos na Opera\u00e7\u00e3o Falsas Promessas, nesta\" \/>\n<meta property=\"og:url\" content=\"https:\/\/brasilnoticias.org\/site\/apos-audiencia-de-custodia-rifeiros-baianos-tem-prisao-preventiva-decretada-pela-justica\/\" \/>\n<meta property=\"og:site_name\" content=\"Brasil not\u00edcias\" \/>\n<meta property=\"article:published_time\" content=\"2024-09-06T23:52:44+00:00\" \/>\n<meta property=\"og:image\" content=\"https:\/\/brasilnoticias.org\/site\/wp-content\/uploads\/2024\/09\/ramhon.jpg\" \/>\n\t<meta property=\"og:image:width\" content=\"960\" \/>\n\t<meta property=\"og:image:height\" content=\"500\" \/>\n\t<meta property=\"og:image:type\" content=\"image\/jpeg\" \/>\n<meta name=\"author\" content=\"Reda\u00e7\u00e3o\" \/>\n<meta name=\"twitter:card\" content=\"summary_large_image\" \/>\n<meta name=\"twitter:label1\" content=\"Escrito por\" \/>\n\t<meta name=\"twitter:data1\" content=\"Reda\u00e7\u00e3o\" \/>\n\t<meta name=\"twitter:label2\" content=\"Tempo estimado de leitura\" \/>\n\t<meta name=\"twitter:data2\" content=\"1 minuto\" \/>\n<script type=\"application\/ld+json\" class=\"yoast-schema-graph\">{\"@context\":\"https:\/\/schema.org\",\"@graph\":[{\"@type\":\"Article\",\"@id\":\"https:\/\/brasilnoticias.org\/site\/apos-audiencia-de-custodia-rifeiros-baianos-tem-prisao-preventiva-decretada-pela-justica\/#article\",\"isPartOf\":{\"@id\":\"https:\/\/brasilnoticias.org\/site\/apos-audiencia-de-custodia-rifeiros-baianos-tem-prisao-preventiva-decretada-pela-justica\/\"},\"author\":{\"name\":\"Reda\u00e7\u00e3o\",\"@id\":\"https:\/\/brasilnoticias.org\/site\/#\/schema\/person\/03bbbfe6c7634ad18c26444ea39049fa\"},\"headline\":\"Ap\u00f3s audi\u00eancia de cust\u00f3dia, rifeiros baianos t\u00eam pris\u00e3o preventiva decretada pela Justi\u00e7a\",\"datePublished\":\"2024-09-06T23:52:44+00:00\",\"mainEntityOfPage\":{\"@id\":\"https:\/\/brasilnoticias.org\/site\/apos-audiencia-de-custodia-rifeiros-baianos-tem-prisao-preventiva-decretada-pela-justica\/\"},\"wordCount\":279,\"commentCount\":0,\"publisher\":{\"@id\":\"https:\/\/brasilnoticias.org\/site\/#organization\"},\"image\":{\"@id\":\"https:\/\/brasilnoticias.org\/site\/apos-audiencia-de-custodia-rifeiros-baianos-tem-prisao-preventiva-decretada-pela-justica\/#primaryimage\"},\"thumbnailUrl\":\"https:\/\/brasilnoticias.org\/site\/wp-content\/uploads\/2024\/09\/ramhon.jpg\",\"articleSection\":[\"Entretenimento\",\"\u00daltimas\"],\"inLanguage\":\"pt-PT\",\"potentialAction\":[{\"@type\":\"CommentAction\",\"name\":\"Comment\",\"target\":[\"https:\/\/brasilnoticias.org\/site\/apos-audiencia-de-custodia-rifeiros-baianos-tem-prisao-preventiva-decretada-pela-justica\/#respond\"]}]},{\"@type\":\"WebPage\",\"@id\":\"https:\/\/brasilnoticias.org\/site\/apos-audiencia-de-custodia-rifeiros-baianos-tem-prisao-preventiva-decretada-pela-justica\/\",\"url\":\"https:\/\/brasilnoticias.org\/site\/apos-audiencia-de-custodia-rifeiros-baianos-tem-prisao-preventiva-decretada-pela-justica\/\",\"name\":\"Ap\u00f3s audi\u00eancia de cust\u00f3dia, rifeiros baianos t\u00eam pris\u00e3o preventiva decretada pela Justi\u00e7a - Brasil not\u00edcias\",\"isPartOf\":{\"@id\":\"https:\/\/brasilnoticias.org\/site\/#website\"},\"primaryImageOfPage\":{\"@id\":\"https:\/\/brasilnoticias.org\/site\/apos-audiencia-de-custodia-rifeiros-baianos-tem-prisao-preventiva-decretada-pela-justica\/#primaryimage\"},\"image\":{\"@id\":\"https:\/\/brasilnoticias.org\/site\/apos-audiencia-de-custodia-rifeiros-baianos-tem-prisao-preventiva-decretada-pela-justica\/#primaryimage\"},\"thumbnailUrl\":\"https:\/\/brasilnoticias.org\/site\/wp-content\/uploads\/2024\/09\/ramhon.jpg\",\"datePublished\":\"2024-09-06T23:52:44+00:00\",\"breadcrumb\":{\"@id\":\"https:\/\/brasilnoticias.org\/site\/apos-audiencia-de-custodia-rifeiros-baianos-tem-prisao-preventiva-decretada-pela-justica\/#breadcrumb\"},\"inLanguage\":\"pt-PT\",\"potentialAction\":[{\"@type\":\"ReadAction\",\"target\":[\"https:\/\/brasilnoticias.org\/site\/apos-audiencia-de-custodia-rifeiros-baianos-tem-prisao-preventiva-decretada-pela-justica\/\"]}]},{\"@type\":\"ImageObject\",\"inLanguage\":\"pt-PT\",\"@id\":\"https:\/\/brasilnoticias.org\/site\/apos-audiencia-de-custodia-rifeiros-baianos-tem-prisao-preventiva-decretada-pela-justica\/#primaryimage\",\"url\":\"https:\/\/brasilnoticias.org\/site\/wp-content\/uploads\/2024\/09\/ramhon.jpg\",\"contentUrl\":\"https:\/\/brasilnoticias.org\/site\/wp-content\/uploads\/2024\/09\/ramhon.jpg\",\"width\":960,\"height\":500},{\"@type\":\"BreadcrumbList\",\"@id\":\"https:\/\/brasilnoticias.org\/site\/apos-audiencia-de-custodia-rifeiros-baianos-tem-prisao-preventiva-decretada-pela-justica\/#breadcrumb\",\"itemListElement\":[{\"@type\":\"ListItem\",\"position\":1,\"name\":\"In\u00edcio\",\"item\":\"https:\/\/brasilnoticias.org\/site\/\"},{\"@type\":\"ListItem\",\"position\":2,\"name\":\"Ap\u00f3s audi\u00eancia de cust\u00f3dia, rifeiros baianos t\u00eam pris\u00e3o preventiva decretada pela Justi\u00e7a\"}]},{\"@type\":\"WebSite\",\"@id\":\"https:\/\/brasilnoticias.org\/site\/#website\",\"url\":\"https:\/\/brasilnoticias.org\/site\/\",\"name\":\"Brasil not\u00edcias\",\"description\":\"Brasil not\u00edcias\",\"publisher\":{\"@id\":\"https:\/\/brasilnoticias.org\/site\/#organization\"},\"potentialAction\":[{\"@type\":\"SearchAction\",\"target\":{\"@type\":\"EntryPoint\",\"urlTemplate\":\"https:\/\/brasilnoticias.org\/site\/?s={search_term_string}\"},\"query-input\":{\"@type\":\"PropertyValueSpecification\",\"valueRequired\":true,\"valueName\":\"search_term_string\"}}],\"inLanguage\":\"pt-PT\"},{\"@type\":\"Organization\",\"@id\":\"https:\/\/brasilnoticias.org\/site\/#organization\",\"name\":\"Brasil not\u00edcias\",\"url\":\"https:\/\/brasilnoticias.org\/site\/\",\"logo\":{\"@type\":\"ImageObject\",\"inLanguage\":\"pt-PT\",\"@id\":\"https:\/\/brasilnoticias.org\/site\/#\/schema\/logo\/image\/\",\"url\":\"https:\/\/brasilnoticias.org\/site\/wp-content\/uploads\/2022\/05\/cropped-brasilnoticias-mini.jpg\",\"contentUrl\":\"https:\/\/brasilnoticias.org\/site\/wp-content\/uploads\/2022\/05\/cropped-brasilnoticias-mini.jpg\",\"width\":314,\"height\":86,\"caption\":\"Brasil not\u00edcias\"},\"image\":{\"@id\":\"https:\/\/brasilnoticias.org\/site\/#\/schema\/logo\/image\/\"}},{\"@type\":\"Person\",\"@id\":\"https:\/\/brasilnoticias.org\/site\/#\/schema\/person\/03bbbfe6c7634ad18c26444ea39049fa\",\"name\":\"Reda\u00e7\u00e3o\",\"image\":{\"@type\":\"ImageObject\",\"inLanguage\":\"pt-PT\",\"@id\":\"https:\/\/brasilnoticias.org\/site\/#\/schema\/person\/image\/\",\"url\":\"https:\/\/secure.gravatar.com\/avatar\/9ecaf7327a696cb23ad926fedded5f1f04d7049de9e445375d55b48c001a6e42?s=96&d=mm&r=g\",\"contentUrl\":\"https:\/\/secure.gravatar.com\/avatar\/9ecaf7327a696cb23ad926fedded5f1f04d7049de9e445375d55b48c001a6e42?s=96&d=mm&r=g\",\"caption\":\"Reda\u00e7\u00e3o\"},\"url\":\"https:\/\/brasilnoticias.org\/site\/author\/henrique\/\"}]}<\/script>\n<!-- \/ Yoast SEO plugin. -->","yoast_head_json":{"title":"Ap\u00f3s audi\u00eancia de cust\u00f3dia, rifeiros baianos t\u00eam pris\u00e3o preventiva decretada pela Justi\u00e7a - Brasil not\u00edcias","robots":{"index":"index","follow":"follow","max-snippet":"max-snippet:-1","max-image-preview":"max-image-preview:large","max-video-preview":"max-video-preview:-1"},"canonical":"https:\/\/brasilnoticias.org\/site\/apos-audiencia-de-custodia-rifeiros-baianos-tem-prisao-preventiva-decretada-pela-justica\/","og_locale":"pt_PT","og_type":"article","og_title":"Ap\u00f3s audi\u00eancia de cust\u00f3dia, rifeiros baianos t\u00eam pris\u00e3o preventiva decretada pela Justi\u00e7a - Brasil not\u00edcias","og_description":"A Justi\u00e7a determinou, ap\u00f3s audi\u00eancias de cust\u00f3dia, a pris\u00e3o tempor\u00e1ria de todos os suspeitos detidos na Opera\u00e7\u00e3o Falsas Promessas, nesta","og_url":"https:\/\/brasilnoticias.org\/site\/apos-audiencia-de-custodia-rifeiros-baianos-tem-prisao-preventiva-decretada-pela-justica\/","og_site_name":"Brasil not\u00edcias","article_published_time":"2024-09-06T23:52:44+00:00","og_image":[{"width":960,"height":500,"url":"https:\/\/brasilnoticias.org\/site\/wp-content\/uploads\/2024\/09\/ramhon.jpg","type":"image\/jpeg"}],"author":"Reda\u00e7\u00e3o","twitter_card":"summary_large_image","twitter_misc":{"Escrito por":"Reda\u00e7\u00e3o","Tempo estimado de leitura":"1 minuto"},"schema":{"@context":"https:\/\/schema.org","@graph":[{"@type":"Article","@id":"https:\/\/brasilnoticias.org\/site\/apos-audiencia-de-custodia-rifeiros-baianos-tem-prisao-preventiva-decretada-pela-justica\/#article","isPartOf":{"@id":"https:\/\/brasilnoticias.org\/site\/apos-audiencia-de-custodia-rifeiros-baianos-tem-prisao-preventiva-decretada-pela-justica\/"},"author":{"name":"Reda\u00e7\u00e3o","@id":"https:\/\/brasilnoticias.org\/site\/#\/schema\/person\/03bbbfe6c7634ad18c26444ea39049fa"},"headline":"Ap\u00f3s audi\u00eancia de cust\u00f3dia, rifeiros baianos t\u00eam pris\u00e3o preventiva decretada pela Justi\u00e7a","datePublished":"2024-09-06T23:52:44+00:00","mainEntityOfPage":{"@id":"https:\/\/brasilnoticias.org\/site\/apos-audiencia-de-custodia-rifeiros-baianos-tem-prisao-preventiva-decretada-pela-justica\/"},"wordCount":279,"commentCount":0,"publisher":{"@id":"https:\/\/brasilnoticias.org\/site\/#organization"},"image":{"@id":"https:\/\/brasilnoticias.org\/site\/apos-audiencia-de-custodia-rifeiros-baianos-tem-prisao-preventiva-decretada-pela-justica\/#primaryimage"},"thumbnailUrl":"https:\/\/brasilnoticias.org\/site\/wp-content\/uploads\/2024\/09\/ramhon.jpg","articleSection":["Entretenimento","\u00daltimas"],"inLanguage":"pt-PT","potentialAction":[{"@type":"CommentAction","name":"Comment","target":["https:\/\/brasilnoticias.org\/site\/apos-audiencia-de-custodia-rifeiros-baianos-tem-prisao-preventiva-decretada-pela-justica\/#respond"]}]},{"@type":"WebPage","@id":"https:\/\/brasilnoticias.org\/site\/apos-audiencia-de-custodia-rifeiros-baianos-tem-prisao-preventiva-decretada-pela-justica\/","url":"https:\/\/brasilnoticias.org\/site\/apos-audiencia-de-custodia-rifeiros-baianos-tem-prisao-preventiva-decretada-pela-justica\/","name":"Ap\u00f3s audi\u00eancia de cust\u00f3dia, rifeiros baianos t\u00eam pris\u00e3o preventiva decretada pela Justi\u00e7a - Brasil not\u00edcias","isPartOf":{"@id":"https:\/\/brasilnoticias.org\/site\/#website"},"primaryImageOfPage":{"@id":"https:\/\/brasilnoticias.org\/site\/apos-audiencia-de-custodia-rifeiros-baianos-tem-prisao-preventiva-decretada-pela-justica\/#primaryimage"},"image":{"@id":"https:\/\/brasilnoticias.org\/site\/apos-audiencia-de-custodia-rifeiros-baianos-tem-prisao-preventiva-decretada-pela-justica\/#primaryimage"},"thumbnailUrl":"https:\/\/brasilnoticias.org\/site\/wp-content\/uploads\/2024\/09\/ramhon.jpg","datePublished":"2024-09-06T23:52:44+00:00","breadcrumb":{"@id":"https:\/\/brasilnoticias.org\/site\/apos-audiencia-de-custodia-rifeiros-baianos-tem-prisao-preventiva-decretada-pela-justica\/#breadcrumb"},"inLanguage":"pt-PT","potentialAction":[{"@type":"ReadAction","target":["https:\/\/brasilnoticias.org\/site\/apos-audiencia-de-custodia-rifeiros-baianos-tem-prisao-preventiva-decretada-pela-justica\/"]}]},{"@type":"ImageObject","inLanguage":"pt-PT","@id":"https:\/\/brasilnoticias.org\/site\/apos-audiencia-de-custodia-rifeiros-baianos-tem-prisao-preventiva-decretada-pela-justica\/#primaryimage","url":"https:\/\/brasilnoticias.org\/site\/wp-content\/uploads\/2024\/09\/ramhon.jpg","contentUrl":"https:\/\/brasilnoticias.org\/site\/wp-content\/uploads\/2024\/09\/ramhon.jpg","width":960,"height":500},{"@type":"BreadcrumbList","@id":"https:\/\/brasilnoticias.org\/site\/apos-audiencia-de-custodia-rifeiros-baianos-tem-prisao-preventiva-decretada-pela-justica\/#breadcrumb","itemListElement":[{"@type":"ListItem","position":1,"name":"In\u00edcio","item":"https:\/\/brasilnoticias.org\/site\/"},{"@type":"ListItem","position":2,"name":"Ap\u00f3s audi\u00eancia de cust\u00f3dia, rifeiros baianos t\u00eam pris\u00e3o preventiva decretada pela Justi\u00e7a"}]},{"@type":"WebSite","@id":"https:\/\/brasilnoticias.org\/site\/#website","url":"https:\/\/brasilnoticias.org\/site\/","name":"Brasil not\u00edcias","description":"Brasil not\u00edcias","publisher":{"@id":"https:\/\/brasilnoticias.org\/site\/#organization"},"potentialAction":[{"@type":"SearchAction","target":{"@type":"EntryPoint","urlTemplate":"https:\/\/brasilnoticias.org\/site\/?s={search_term_string}"},"query-input":{"@type":"PropertyValueSpecification","valueRequired":true,"valueName":"search_term_string"}}],"inLanguage":"pt-PT"},{"@type":"Organization","@id":"https:\/\/brasilnoticias.org\/site\/#organization","name":"Brasil not\u00edcias","url":"https:\/\/brasilnoticias.org\/site\/","logo":{"@type":"ImageObject","inLanguage":"pt-PT","@id":"https:\/\/brasilnoticias.org\/site\/#\/schema\/logo\/image\/","url":"https:\/\/brasilnoticias.org\/site\/wp-content\/uploads\/2022\/05\/cropped-brasilnoticias-mini.jpg","contentUrl":"https:\/\/brasilnoticias.org\/site\/wp-content\/uploads\/2022\/05\/cropped-brasilnoticias-mini.jpg","width":314,"height":86,"caption":"Brasil not\u00edcias"},"image":{"@id":"https:\/\/brasilnoticias.org\/site\/#\/schema\/logo\/image\/"}},{"@type":"Person","@id":"https:\/\/brasilnoticias.org\/site\/#\/schema\/person\/03bbbfe6c7634ad18c26444ea39049fa","name":"Reda\u00e7\u00e3o","image":{"@type":"ImageObject","inLanguage":"pt-PT","@id":"https:\/\/brasilnoticias.org\/site\/#\/schema\/person\/image\/","url":"https:\/\/secure.gravatar.com\/avatar\/9ecaf7327a696cb23ad926fedded5f1f04d7049de9e445375d55b48c001a6e42?s=96&d=mm&r=g","contentUrl":"https:\/\/secure.gravatar.com\/avatar\/9ecaf7327a696cb23ad926fedded5f1f04d7049de9e445375d55b48c001a6e42?s=96&d=mm&r=g","caption":"Reda\u00e7\u00e3o"},"url":"https:\/\/brasilnoticias.org\/site\/author\/henrique\/"}]}},"_links":{"self":[{"href":"https:\/\/brasilnoticias.org\/site\/wp-json\/wp\/v2\/posts\/15871","targetHints":{"allow":["GET"]}}],"collection":[{"href":"https:\/\/brasilnoticias.org\/site\/wp-json\/wp\/v2\/posts"}],"about":[{"href":"https:\/\/brasilnoticias.org\/site\/wp-json\/wp\/v2\/types\/post"}],"author":[{"embeddable":true,"href":"https:\/\/brasilnoticias.org\/site\/wp-json\/wp\/v2\/users\/4"}],"replies":[{"embeddable":true,"href":"https:\/\/brasilnoticias.org\/site\/wp-json\/wp\/v2\/comments?post=15871"}],"version-history":[{"count":1,"href":"https:\/\/brasilnoticias.org\/site\/wp-json\/wp\/v2\/posts\/15871\/revisions"}],"predecessor-version":[{"id":15873,"href":"https:\/\/brasilnoticias.org\/site\/wp-json\/wp\/v2\/posts\/15871\/revisions\/15873"}],"wp:featuredmedia":[{"embeddable":true,"href":"https:\/\/brasilnoticias.org\/site\/wp-json\/wp\/v2\/media\/15872"}],"wp:attachment":[{"href":"https:\/\/brasilnoticias.org\/site\/wp-json\/wp\/v2\/media?parent=15871"}],"wp:term":[{"taxonomy":"category","embeddable":true,"href":"https:\/\/brasilnoticias.org\/site\/wp-json\/wp\/v2\/categories?post=15871"},{"taxonomy":"post_tag","embeddable":true,"href":"https:\/\/brasilnoticias.org\/site\/wp-json\/wp\/v2\/tags?post=15871"}],"curies":[{"name":"wp","href":"https:\/\/api.w.org\/{rel}","templated":true}]}}