{"id":1589,"date":"2022-10-03T11:51:41","date_gmt":"2022-10-03T14:51:41","guid":{"rendered":"https:\/\/brasilnoticias.org\/site\/?p=1589"},"modified":"2022-10-03T11:51:41","modified_gmt":"2022-10-03T14:51:41","slug":"quem-e-nikolas-ferreira-pl-o-deputado-federal-mais-votado-do-brasil-e-da-historia-de-minas-gerais","status":"publish","type":"post","link":"https:\/\/brasilnoticias.org\/site\/quem-e-nikolas-ferreira-pl-o-deputado-federal-mais-votado-do-brasil-e-da-historia-de-minas-gerais\/","title":{"rendered":"Quem \u00e9 Nikolas Ferreira (PL), o deputado federal mais votado do Brasil e da hist\u00f3ria de Minas Gerais"},"content":{"rendered":"<div class=\"mc-column content-text active-extra-styles \" data-block-type=\"unstyled\" data-block-weight=\"20\" data-block-id=\"5\">\n<p class=\"content-text__container \" data-track-category=\"Link no Texto\" data-track-links=\"\">Atualmente,\u00a0<span class=\"highlight highlighted\">ele \u00e9 vereador da capital mineira<\/span>\u00a0\u2013\u00a0eleito em 2020 com 29.388 votos. Quando foi eleito, ganhou pelo\u00a0PRTB.<\/p>\n<\/div>\n<div class=\"mc-column content-text active-extra-styles \" data-block-type=\"unstyled\" data-block-weight=\"19\" data-block-id=\"6\">\n<p class=\"content-text__container \" data-track-category=\"Link no Texto\" data-track-links=\"\">No site da C\u00e2mara Municipal de Belo Horizonte (CMBH), Nikolas<strong>\u00a0<\/strong><span class=\"highlight highlighted\">\u00e9 descrito como &#8220;crist\u00e3o, conservador e defensor da fam\u00edlia&#8221;.<\/span><\/p>\n<\/div>\n<div class=\"mc-column content-text active-extra-styles \" data-block-type=\"unstyled\" data-block-weight=\"36\" data-block-id=\"7\">\n<p class=\"content-text__container \" data-track-category=\"Link no Texto\" data-track-links=\"\">Ele \u00e9 formado em\u00a0<strong>direito\u00a0<\/strong>pela Pontif\u00edcia Universidade Cat\u00f3lica de Minas Gerais (PUC Minas) e j\u00e1\u00a0<span class=\"highlight highlighted\">afirmou que foi hostilizado v\u00e1rias vezes na faculdade pelos posicionamentos contra a esquerda, o feminismo e a ideologia de g\u00eanero.<\/span><\/p>\n<\/div>\n<div class=\"content-ads content-ads--reveal\" data-block-type=\"ads\" data-block-id=\"8\">\n<div id=\"banner_materia2\" class=\"tag-manager-publicidade-container mc-has-reveal mc-has-ad-lazyload tag-manager-publicidade-banner_materia2 tag-manager-publicidade-container--carregado tag-manager-publicidade-container--visivel\" data-id=\"banner_materia2\" data-req=\"true\" data-google-query-id=\"CLjN2-qmxPoCFfs4uQYdpmEGJQ\" data-cid=\"null\" data-lid=\"null\">\n<div class=\"mc-column content-text active-extra-styles \" data-block-type=\"unstyled\" data-block-weight=\"32\" data-block-id=\"9\">\n<p class=\"content-text__container \" data-track-category=\"Link no Texto\" data-track-links=\"\">Criado no\u00a0<strong>Cabana do Pai Tom\u00e1s<\/strong>, bairro pobre na Regi\u00e3o Oeste de BH, ele disse que acredita que os estudantes das comunidades\u00a0<span class=\"highlight highlighted\">s\u00e3o as maiores v\u00edtimas<\/span>\u00a0da doutrina\u00e7\u00e3o ideol\u00f3gica, segundo o site.<\/p>\n<\/div>\n<div class=\"mc-column content-text active-extra-styles\" data-block-type=\"raw\" data-block-weight=\"4\" data-block-id=\"10\">\n<div class=\"content-intertitle\">\n<h2>Deputado federal mais votado<\/h2>\n<\/div>\n<p>&nbsp;<\/p>\n<\/div>\n<div class=\"mc-column content-text active-extra-styles \" data-block-type=\"unstyled\" data-block-weight=\"50\" data-block-id=\"11\">\n<p class=\"content-text__container \" data-track-category=\"Link no Texto\" data-track-links=\"\">Nikolas obteve\u00a0<strong>1.492.047<\/strong>\u00a0votos, segundo o Tribunal Superior Eleitoral (TSE). O recorde nacional anterior era de Eduardo Bolsonaro (ex-PSL, atual PL), que teve 1.814.443 votos nas elei\u00e7\u00f5es de 2018. Em MG, o recorde anterior era de Patrus Ananias (PT), que recebeu cerca de 520 mil votos nas elei\u00e7\u00f5es de 2002.<\/p>\n<\/div>\n<div class=\"mc-column content-text active-extra-styles \" data-block-type=\"unstyled\" data-block-weight=\"19\" data-block-id=\"12\">\n<p class=\"content-text__container \" data-track-category=\"Link no Texto\" data-track-links=\"\">Apoiador do presidente Jair Bolsonaro (PL), Nikolas entrou na pol\u00edtica em 2020, quando foi\u00a0eleito vereador de Belo Horizonte.<\/p>\n<\/div>\n<div class=\"mc-column content-text active-extra-styles \" data-block-type=\"unstyled\" data-block-weight=\"29\" data-block-id=\"13\">\n<p class=\"content-text__container \" data-track-category=\"Link no Texto\" data-track-links=\"\">Depois de Nikolas, o segundo deputado federal mais votado do pa\u00eds \u00e9\u00a0Guilherme Boulos (PSOL), em S\u00e3o Paulo. Com 100% das se\u00e7\u00f5es apuradas no estado, ele recebeu\u00a0<strong>1.001.472<\/strong>\u00a0votos.<\/p>\n<\/div>\n<div class=\"mc-column content-text active-extra-styles \" data-block-type=\"unstyled\" data-block-weight=\"26\" data-block-id=\"14\">\n<p class=\"content-text__container \" data-track-category=\"Link no Texto\" data-track-links=\"\">J\u00e1 em Minas Gerais, o segundo deputado federal mais votado \u00e9 Andr\u00e9 Janones (Avante), com\u00a0<strong>238.967<\/strong>\u00a0votos. Em terceiro lugar aparece Duda Salabert (PDT), com\u00a0<strong>208.332<\/strong>.<\/p>\n<\/div>\n<div class=\"mc-column content-text active-extra-styles \" data-block-type=\"unstyled\" data-block-weight=\"2\" data-block-id=\"15\"><\/div>\n<\/div>\n<\/div>\n<p>Foto: Instagram\/Reprodu\u00e7\u00e3o<\/p>\n<p>G1<\/p>\n","protected":false},"excerpt":{"rendered":"<p>Atualmente,\u00a0ele \u00e9 vereador da capital mineira\u00a0\u2013\u00a0eleito em 2020 com 29.388 votos. Quando foi eleito, ganhou pelo\u00a0PRTB. No site da C\u00e2mara<\/p>\n","protected":false},"author":1,"featured_media":1591,"comment_status":"open","ping_status":"open","sticky":false,"template":"","format":"standard","meta":{"colormag_page_container_layout":"default_layout","colormag_page_sidebar_layout":"default_layout","_FSMCFIC_featured_image_caption":"","_FSMCFIC_featured_image_nocaption":"","_FSMCFIC_featured_image_hide":"","footnotes":""},"categories":[5,1],"tags":[],"class_list":["post-1589","post","type-post","status-publish","format-standard","has-post-thumbnail","hentry","category-politica","category-ultimas"],"yoast_head":"<!-- This site is optimized with the Yoast SEO plugin v27.1.1 - https:\/\/yoast.com\/product\/yoast-seo-wordpress\/ -->\n<title>Quem \u00e9 Nikolas Ferreira (PL), o deputado federal mais votado do Brasil e da hist\u00f3ria de Minas Gerais - Brasil not\u00edcias<\/title>\n<meta name=\"robots\" content=\"index, follow, max-snippet:-1, max-image-preview:large, max-video-preview:-1\" \/>\n<link rel=\"canonical\" href=\"https:\/\/brasilnoticias.org\/site\/quem-e-nikolas-ferreira-pl-o-deputado-federal-mais-votado-do-brasil-e-da-historia-de-minas-gerais\/\" \/>\n<meta property=\"og:locale\" content=\"pt_PT\" \/>\n<meta property=\"og:type\" content=\"article\" \/>\n<meta property=\"og:title\" content=\"Quem \u00e9 Nikolas Ferreira (PL), o deputado federal mais votado do Brasil e da hist\u00f3ria de Minas Gerais - Brasil not\u00edcias\" \/>\n<meta property=\"og:description\" content=\"Atualmente,\u00a0ele \u00e9 vereador da capital mineira\u00a0\u2013\u00a0eleito em 2020 com 29.388 votos. Quando foi eleito, ganhou pelo\u00a0PRTB. No site da C\u00e2mara\" \/>\n<meta property=\"og:url\" content=\"https:\/\/brasilnoticias.org\/site\/quem-e-nikolas-ferreira-pl-o-deputado-federal-mais-votado-do-brasil-e-da-historia-de-minas-gerais\/\" \/>\n<meta property=\"og:site_name\" content=\"Brasil not\u00edcias\" \/>\n<meta property=\"article:published_time\" content=\"2022-10-03T14:51:41+00:00\" \/>\n<meta property=\"og:image\" content=\"https:\/\/brasilnoticias.org\/site\/wp-content\/uploads\/2022\/10\/nikolas22.jpg\" \/>\n\t<meta property=\"og:image:width\" content=\"674\" \/>\n\t<meta property=\"og:image:height\" content=\"758\" \/>\n\t<meta property=\"og:image:type\" content=\"image\/jpeg\" \/>\n<meta name=\"author\" content=\"Reda\u00e7\u00e3o\" \/>\n<meta name=\"twitter:card\" content=\"summary_large_image\" \/>\n<meta name=\"twitter:label1\" content=\"Escrito por\" \/>\n\t<meta name=\"twitter:data1\" content=\"Reda\u00e7\u00e3o\" \/>\n\t<meta name=\"twitter:label2\" content=\"Tempo estimado de leitura\" \/>\n\t<meta name=\"twitter:data2\" content=\"1 minuto\" \/>\n<script type=\"application\/ld+json\" class=\"yoast-schema-graph\">{\"@context\":\"https:\/\/schema.org\",\"@graph\":[{\"@type\":\"Article\",\"@id\":\"https:\/\/brasilnoticias.org\/site\/quem-e-nikolas-ferreira-pl-o-deputado-federal-mais-votado-do-brasil-e-da-historia-de-minas-gerais\/#article\",\"isPartOf\":{\"@id\":\"https:\/\/brasilnoticias.org\/site\/quem-e-nikolas-ferreira-pl-o-deputado-federal-mais-votado-do-brasil-e-da-historia-de-minas-gerais\/\"},\"author\":{\"name\":\"Reda\u00e7\u00e3o\",\"@id\":\"https:\/\/brasilnoticias.org\/site\/#\/schema\/person\/a0e05b973ec4d15c658d51911e53507b\"},\"headline\":\"Quem \u00e9 Nikolas Ferreira (PL), o deputado federal mais votado do Brasil e da hist\u00f3ria de Minas Gerais\",\"datePublished\":\"2022-10-03T14:51:41+00:00\",\"mainEntityOfPage\":{\"@id\":\"https:\/\/brasilnoticias.org\/site\/quem-e-nikolas-ferreira-pl-o-deputado-federal-mais-votado-do-brasil-e-da-historia-de-minas-gerais\/\"},\"wordCount\":260,\"commentCount\":0,\"publisher\":{\"@id\":\"https:\/\/brasilnoticias.org\/site\/#organization\"},\"image\":{\"@id\":\"https:\/\/brasilnoticias.org\/site\/quem-e-nikolas-ferreira-pl-o-deputado-federal-mais-votado-do-brasil-e-da-historia-de-minas-gerais\/#primaryimage\"},\"thumbnailUrl\":\"https:\/\/brasilnoticias.org\/site\/wp-content\/uploads\/2022\/10\/nikolas22.jpg\",\"articleSection\":[\"Pol\u00edtica\",\"\u00daltimas\"],\"inLanguage\":\"pt-PT\",\"potentialAction\":[{\"@type\":\"CommentAction\",\"name\":\"Comment\",\"target\":[\"https:\/\/brasilnoticias.org\/site\/quem-e-nikolas-ferreira-pl-o-deputado-federal-mais-votado-do-brasil-e-da-historia-de-minas-gerais\/#respond\"]}]},{\"@type\":\"WebPage\",\"@id\":\"https:\/\/brasilnoticias.org\/site\/quem-e-nikolas-ferreira-pl-o-deputado-federal-mais-votado-do-brasil-e-da-historia-de-minas-gerais\/\",\"url\":\"https:\/\/brasilnoticias.org\/site\/quem-e-nikolas-ferreira-pl-o-deputado-federal-mais-votado-do-brasil-e-da-historia-de-minas-gerais\/\",\"name\":\"Quem \u00e9 Nikolas Ferreira (PL), o deputado federal mais votado do Brasil e da hist\u00f3ria de Minas Gerais - Brasil not\u00edcias\",\"isPartOf\":{\"@id\":\"https:\/\/brasilnoticias.org\/site\/#website\"},\"primaryImageOfPage\":{\"@id\":\"https:\/\/brasilnoticias.org\/site\/quem-e-nikolas-ferreira-pl-o-deputado-federal-mais-votado-do-brasil-e-da-historia-de-minas-gerais\/#primaryimage\"},\"image\":{\"@id\":\"https:\/\/brasilnoticias.org\/site\/quem-e-nikolas-ferreira-pl-o-deputado-federal-mais-votado-do-brasil-e-da-historia-de-minas-gerais\/#primaryimage\"},\"thumbnailUrl\":\"https:\/\/brasilnoticias.org\/site\/wp-content\/uploads\/2022\/10\/nikolas22.jpg\",\"datePublished\":\"2022-10-03T14:51:41+00:00\",\"breadcrumb\":{\"@id\":\"https:\/\/brasilnoticias.org\/site\/quem-e-nikolas-ferreira-pl-o-deputado-federal-mais-votado-do-brasil-e-da-historia-de-minas-gerais\/#breadcrumb\"},\"inLanguage\":\"pt-PT\",\"potentialAction\":[{\"@type\":\"ReadAction\",\"target\":[\"https:\/\/brasilnoticias.org\/site\/quem-e-nikolas-ferreira-pl-o-deputado-federal-mais-votado-do-brasil-e-da-historia-de-minas-gerais\/\"]}]},{\"@type\":\"ImageObject\",\"inLanguage\":\"pt-PT\",\"@id\":\"https:\/\/brasilnoticias.org\/site\/quem-e-nikolas-ferreira-pl-o-deputado-federal-mais-votado-do-brasil-e-da-historia-de-minas-gerais\/#primaryimage\",\"url\":\"https:\/\/brasilnoticias.org\/site\/wp-content\/uploads\/2022\/10\/nikolas22.jpg\",\"contentUrl\":\"https:\/\/brasilnoticias.org\/site\/wp-content\/uploads\/2022\/10\/nikolas22.jpg\",\"width\":674,\"height\":758},{\"@type\":\"BreadcrumbList\",\"@id\":\"https:\/\/brasilnoticias.org\/site\/quem-e-nikolas-ferreira-pl-o-deputado-federal-mais-votado-do-brasil-e-da-historia-de-minas-gerais\/#breadcrumb\",\"itemListElement\":[{\"@type\":\"ListItem\",\"position\":1,\"name\":\"In\u00edcio\",\"item\":\"https:\/\/brasilnoticias.org\/site\/\"},{\"@type\":\"ListItem\",\"position\":2,\"name\":\"Quem \u00e9 Nikolas Ferreira (PL), o deputado federal mais votado do Brasil e da hist\u00f3ria de Minas Gerais\"}]},{\"@type\":\"WebSite\",\"@id\":\"https:\/\/brasilnoticias.org\/site\/#website\",\"url\":\"https:\/\/brasilnoticias.org\/site\/\",\"name\":\"Brasil not\u00edcias\",\"description\":\"Brasil not\u00edcias\",\"publisher\":{\"@id\":\"https:\/\/brasilnoticias.org\/site\/#organization\"},\"potentialAction\":[{\"@type\":\"SearchAction\",\"target\":{\"@type\":\"EntryPoint\",\"urlTemplate\":\"https:\/\/brasilnoticias.org\/site\/?s={search_term_string}\"},\"query-input\":{\"@type\":\"PropertyValueSpecification\",\"valueRequired\":true,\"valueName\":\"search_term_string\"}}],\"inLanguage\":\"pt-PT\"},{\"@type\":\"Organization\",\"@id\":\"https:\/\/brasilnoticias.org\/site\/#organization\",\"name\":\"Brasil not\u00edcias\",\"url\":\"https:\/\/brasilnoticias.org\/site\/\",\"logo\":{\"@type\":\"ImageObject\",\"inLanguage\":\"pt-PT\",\"@id\":\"https:\/\/brasilnoticias.org\/site\/#\/schema\/logo\/image\/\",\"url\":\"https:\/\/brasilnoticias.org\/site\/wp-content\/uploads\/2022\/05\/cropped-brasilnoticias-mini.jpg\",\"contentUrl\":\"https:\/\/brasilnoticias.org\/site\/wp-content\/uploads\/2022\/05\/cropped-brasilnoticias-mini.jpg\",\"width\":314,\"height\":86,\"caption\":\"Brasil not\u00edcias\"},\"image\":{\"@id\":\"https:\/\/brasilnoticias.org\/site\/#\/schema\/logo\/image\/\"}},{\"@type\":\"Person\",\"@id\":\"https:\/\/brasilnoticias.org\/site\/#\/schema\/person\/a0e05b973ec4d15c658d51911e53507b\",\"name\":\"Reda\u00e7\u00e3o\",\"image\":{\"@type\":\"ImageObject\",\"inLanguage\":\"pt-PT\",\"@id\":\"https:\/\/brasilnoticias.org\/site\/#\/schema\/person\/image\/\",\"url\":\"https:\/\/secure.gravatar.com\/avatar\/75d8b050df2de108b08ae78dfb8e374892df24a383c67db9c46a9c604f6aee9c?s=96&d=mm&r=g\",\"contentUrl\":\"https:\/\/secure.gravatar.com\/avatar\/75d8b050df2de108b08ae78dfb8e374892df24a383c67db9c46a9c604f6aee9c?s=96&d=mm&r=g\",\"caption\":\"Reda\u00e7\u00e3o\"},\"sameAs\":[\"https:\/\/brasilnoticias.org\/site\"],\"url\":\"https:\/\/brasilnoticias.org\/site\/author\/fernandozsngmail-com\/\"}]}<\/script>\n<!-- \/ Yoast SEO plugin. -->","yoast_head_json":{"title":"Quem \u00e9 Nikolas Ferreira (PL), o deputado federal mais votado do Brasil e da hist\u00f3ria de Minas Gerais - Brasil not\u00edcias","robots":{"index":"index","follow":"follow","max-snippet":"max-snippet:-1","max-image-preview":"max-image-preview:large","max-video-preview":"max-video-preview:-1"},"canonical":"https:\/\/brasilnoticias.org\/site\/quem-e-nikolas-ferreira-pl-o-deputado-federal-mais-votado-do-brasil-e-da-historia-de-minas-gerais\/","og_locale":"pt_PT","og_type":"article","og_title":"Quem \u00e9 Nikolas Ferreira (PL), o deputado federal mais votado do Brasil e da hist\u00f3ria de Minas Gerais - Brasil not\u00edcias","og_description":"Atualmente,\u00a0ele \u00e9 vereador da capital mineira\u00a0\u2013\u00a0eleito em 2020 com 29.388 votos. Quando foi eleito, ganhou pelo\u00a0PRTB. No site da C\u00e2mara","og_url":"https:\/\/brasilnoticias.org\/site\/quem-e-nikolas-ferreira-pl-o-deputado-federal-mais-votado-do-brasil-e-da-historia-de-minas-gerais\/","og_site_name":"Brasil not\u00edcias","article_published_time":"2022-10-03T14:51:41+00:00","og_image":[{"width":674,"height":758,"url":"https:\/\/brasilnoticias.org\/site\/wp-content\/uploads\/2022\/10\/nikolas22.jpg","type":"image\/jpeg"}],"author":"Reda\u00e7\u00e3o","twitter_card":"summary_large_image","twitter_misc":{"Escrito por":"Reda\u00e7\u00e3o","Tempo estimado de leitura":"1 minuto"},"schema":{"@context":"https:\/\/schema.org","@graph":[{"@type":"Article","@id":"https:\/\/brasilnoticias.org\/site\/quem-e-nikolas-ferreira-pl-o-deputado-federal-mais-votado-do-brasil-e-da-historia-de-minas-gerais\/#article","isPartOf":{"@id":"https:\/\/brasilnoticias.org\/site\/quem-e-nikolas-ferreira-pl-o-deputado-federal-mais-votado-do-brasil-e-da-historia-de-minas-gerais\/"},"author":{"name":"Reda\u00e7\u00e3o","@id":"https:\/\/brasilnoticias.org\/site\/#\/schema\/person\/a0e05b973ec4d15c658d51911e53507b"},"headline":"Quem \u00e9 Nikolas Ferreira (PL), o deputado federal mais votado do Brasil e da hist\u00f3ria de Minas Gerais","datePublished":"2022-10-03T14:51:41+00:00","mainEntityOfPage":{"@id":"https:\/\/brasilnoticias.org\/site\/quem-e-nikolas-ferreira-pl-o-deputado-federal-mais-votado-do-brasil-e-da-historia-de-minas-gerais\/"},"wordCount":260,"commentCount":0,"publisher":{"@id":"https:\/\/brasilnoticias.org\/site\/#organization"},"image":{"@id":"https:\/\/brasilnoticias.org\/site\/quem-e-nikolas-ferreira-pl-o-deputado-federal-mais-votado-do-brasil-e-da-historia-de-minas-gerais\/#primaryimage"},"thumbnailUrl":"https:\/\/brasilnoticias.org\/site\/wp-content\/uploads\/2022\/10\/nikolas22.jpg","articleSection":["Pol\u00edtica","\u00daltimas"],"inLanguage":"pt-PT","potentialAction":[{"@type":"CommentAction","name":"Comment","target":["https:\/\/brasilnoticias.org\/site\/quem-e-nikolas-ferreira-pl-o-deputado-federal-mais-votado-do-brasil-e-da-historia-de-minas-gerais\/#respond"]}]},{"@type":"WebPage","@id":"https:\/\/brasilnoticias.org\/site\/quem-e-nikolas-ferreira-pl-o-deputado-federal-mais-votado-do-brasil-e-da-historia-de-minas-gerais\/","url":"https:\/\/brasilnoticias.org\/site\/quem-e-nikolas-ferreira-pl-o-deputado-federal-mais-votado-do-brasil-e-da-historia-de-minas-gerais\/","name":"Quem \u00e9 Nikolas Ferreira (PL), o deputado federal mais votado do Brasil e da hist\u00f3ria de Minas Gerais - Brasil not\u00edcias","isPartOf":{"@id":"https:\/\/brasilnoticias.org\/site\/#website"},"primaryImageOfPage":{"@id":"https:\/\/brasilnoticias.org\/site\/quem-e-nikolas-ferreira-pl-o-deputado-federal-mais-votado-do-brasil-e-da-historia-de-minas-gerais\/#primaryimage"},"image":{"@id":"https:\/\/brasilnoticias.org\/site\/quem-e-nikolas-ferreira-pl-o-deputado-federal-mais-votado-do-brasil-e-da-historia-de-minas-gerais\/#primaryimage"},"thumbnailUrl":"https:\/\/brasilnoticias.org\/site\/wp-content\/uploads\/2022\/10\/nikolas22.jpg","datePublished":"2022-10-03T14:51:41+00:00","breadcrumb":{"@id":"https:\/\/brasilnoticias.org\/site\/quem-e-nikolas-ferreira-pl-o-deputado-federal-mais-votado-do-brasil-e-da-historia-de-minas-gerais\/#breadcrumb"},"inLanguage":"pt-PT","potentialAction":[{"@type":"ReadAction","target":["https:\/\/brasilnoticias.org\/site\/quem-e-nikolas-ferreira-pl-o-deputado-federal-mais-votado-do-brasil-e-da-historia-de-minas-gerais\/"]}]},{"@type":"ImageObject","inLanguage":"pt-PT","@id":"https:\/\/brasilnoticias.org\/site\/quem-e-nikolas-ferreira-pl-o-deputado-federal-mais-votado-do-brasil-e-da-historia-de-minas-gerais\/#primaryimage","url":"https:\/\/brasilnoticias.org\/site\/wp-content\/uploads\/2022\/10\/nikolas22.jpg","contentUrl":"https:\/\/brasilnoticias.org\/site\/wp-content\/uploads\/2022\/10\/nikolas22.jpg","width":674,"height":758},{"@type":"BreadcrumbList","@id":"https:\/\/brasilnoticias.org\/site\/quem-e-nikolas-ferreira-pl-o-deputado-federal-mais-votado-do-brasil-e-da-historia-de-minas-gerais\/#breadcrumb","itemListElement":[{"@type":"ListItem","position":1,"name":"In\u00edcio","item":"https:\/\/brasilnoticias.org\/site\/"},{"@type":"ListItem","position":2,"name":"Quem \u00e9 Nikolas Ferreira (PL), o deputado federal mais votado do Brasil e da hist\u00f3ria de Minas Gerais"}]},{"@type":"WebSite","@id":"https:\/\/brasilnoticias.org\/site\/#website","url":"https:\/\/brasilnoticias.org\/site\/","name":"Brasil not\u00edcias","description":"Brasil not\u00edcias","publisher":{"@id":"https:\/\/brasilnoticias.org\/site\/#organization"},"potentialAction":[{"@type":"SearchAction","target":{"@type":"EntryPoint","urlTemplate":"https:\/\/brasilnoticias.org\/site\/?s={search_term_string}"},"query-input":{"@type":"PropertyValueSpecification","valueRequired":true,"valueName":"search_term_string"}}],"inLanguage":"pt-PT"},{"@type":"Organization","@id":"https:\/\/brasilnoticias.org\/site\/#organization","name":"Brasil not\u00edcias","url":"https:\/\/brasilnoticias.org\/site\/","logo":{"@type":"ImageObject","inLanguage":"pt-PT","@id":"https:\/\/brasilnoticias.org\/site\/#\/schema\/logo\/image\/","url":"https:\/\/brasilnoticias.org\/site\/wp-content\/uploads\/2022\/05\/cropped-brasilnoticias-mini.jpg","contentUrl":"https:\/\/brasilnoticias.org\/site\/wp-content\/uploads\/2022\/05\/cropped-brasilnoticias-mini.jpg","width":314,"height":86,"caption":"Brasil not\u00edcias"},"image":{"@id":"https:\/\/brasilnoticias.org\/site\/#\/schema\/logo\/image\/"}},{"@type":"Person","@id":"https:\/\/brasilnoticias.org\/site\/#\/schema\/person\/a0e05b973ec4d15c658d51911e53507b","name":"Reda\u00e7\u00e3o","image":{"@type":"ImageObject","inLanguage":"pt-PT","@id":"https:\/\/brasilnoticias.org\/site\/#\/schema\/person\/image\/","url":"https:\/\/secure.gravatar.com\/avatar\/75d8b050df2de108b08ae78dfb8e374892df24a383c67db9c46a9c604f6aee9c?s=96&d=mm&r=g","contentUrl":"https:\/\/secure.gravatar.com\/avatar\/75d8b050df2de108b08ae78dfb8e374892df24a383c67db9c46a9c604f6aee9c?s=96&d=mm&r=g","caption":"Reda\u00e7\u00e3o"},"sameAs":["https:\/\/brasilnoticias.org\/site"],"url":"https:\/\/brasilnoticias.org\/site\/author\/fernandozsngmail-com\/"}]}},"_links":{"self":[{"href":"https:\/\/brasilnoticias.org\/site\/wp-json\/wp\/v2\/posts\/1589","targetHints":{"allow":["GET"]}}],"collection":[{"href":"https:\/\/brasilnoticias.org\/site\/wp-json\/wp\/v2\/posts"}],"about":[{"href":"https:\/\/brasilnoticias.org\/site\/wp-json\/wp\/v2\/types\/post"}],"author":[{"embeddable":true,"href":"https:\/\/brasilnoticias.org\/site\/wp-json\/wp\/v2\/users\/1"}],"replies":[{"embeddable":true,"href":"https:\/\/brasilnoticias.org\/site\/wp-json\/wp\/v2\/comments?post=1589"}],"version-history":[{"count":1,"href":"https:\/\/brasilnoticias.org\/site\/wp-json\/wp\/v2\/posts\/1589\/revisions"}],"predecessor-version":[{"id":1592,"href":"https:\/\/brasilnoticias.org\/site\/wp-json\/wp\/v2\/posts\/1589\/revisions\/1592"}],"wp:featuredmedia":[{"embeddable":true,"href":"https:\/\/brasilnoticias.org\/site\/wp-json\/wp\/v2\/media\/1591"}],"wp:attachment":[{"href":"https:\/\/brasilnoticias.org\/site\/wp-json\/wp\/v2\/media?parent=1589"}],"wp:term":[{"taxonomy":"category","embeddable":true,"href":"https:\/\/brasilnoticias.org\/site\/wp-json\/wp\/v2\/categories?post=1589"},{"taxonomy":"post_tag","embeddable":true,"href":"https:\/\/brasilnoticias.org\/site\/wp-json\/wp\/v2\/tags?post=1589"}],"curies":[{"name":"wp","href":"https:\/\/api.w.org\/{rel}","templated":true}]}}