{"id":15932,"date":"2024-09-11T15:38:00","date_gmt":"2024-09-11T18:38:00","guid":{"rendered":"https:\/\/brasilnoticias.org\/site\/?p=15932"},"modified":"2024-09-11T15:38:00","modified_gmt":"2024-09-11T18:38:00","slug":"onibus-param-de-circular-em-sussuarana-apos-tentativa-de-incendio","status":"publish","type":"post","link":"https:\/\/brasilnoticias.org\/site\/onibus-param-de-circular-em-sussuarana-apos-tentativa-de-incendio\/","title":{"rendered":"\u00d4nibus param de circular em Sussuarana ap\u00f3s tentativa de inc\u00eandio"},"content":{"rendered":"<p>Os moradores de Sussuarana Velha amanheceram sem \u00f4nibus nesta quarta-feira, 11, por causa de uma tentativa de inc\u00eandio a um dos coletivos durante a madrugada. No total, 15 linhas foram afetadas e a popula\u00e7\u00e3o teve que andar cerca de 2 km para pegar a condu\u00e7\u00e3o no Centro Administrativo da Bahia (CAB).<\/p>\n<p>De acordo com as primeiras informa\u00e7\u00f5es, o ve\u00edculo teria sido cercado por sete suspeitos, que atiraram e depois tentaram atear fogo no autom\u00f3vel, no entanto, foram surpreendidos pela pol\u00edcia e fugiram.<\/p>\n<p>A 48\u00aa Companhia Independente de Pol\u00edcia Militar (CIPM) foi acionada e refor\u00e7a o policiamento no local. Em nota enviada ao portal A TARDE, a PM informou que a companhia foi averiguar a den\u00fancia e policiais efetuaram rondas em toda a regi\u00e3o, mas nenhum suspeito foi localizado, assim como n\u00e3o h\u00e1 registro de pessoas feridas na a\u00e7\u00e3o criminosa.<\/p>\n<p>Daniel Mota, diretor de comunica\u00e7\u00e3o do Sindicato dos Rodovi\u00e1rios da Bahia, declarou em entrevista \u00e0 TV Bahia que casos como esse acendem o sinal amarelo. &#8220;Pode at\u00e9 ser o vermelho. Voc\u00ea transporta vidas humanas e tem um \u00f4nibus alvejado com calibre de guerra. Acho que ningu\u00e9m quer lamentar a morte de um motorista, de um cobrador, ou de um passageiro&#8221;.<\/p>\n<p>&#8220;O comandante da Pol\u00edcia Militar da Bahia disse que sempre que a gente precisar, pode acionar. J\u00e1 tivemos alguns \u00f4nibus queimados aqui e \u00e9 uma tentativa de afrontar o Estado de Direito&#8221;, concluiu Mota.<\/p>\n<p>A Secretaria de Mobilidade de Salvador (Semob) informou que ap\u00f3s a suspens\u00e3o do atendimento logo nas primeiras horas, o retorno dos \u00f4nibus est\u00e1 autorizado pela pasta desde 6h.<\/p>\n<p>Informa\u00e7\u00f5es do Jornal A Tarde \/ Foto: Reprodu\u00e7\u00e3o\/Redes Sociais<\/p>\n","protected":false},"excerpt":{"rendered":"<p>Os moradores de Sussuarana Velha amanheceram sem \u00f4nibus nesta quarta-feira, 11, por causa de uma tentativa de inc\u00eandio a um<\/p>\n","protected":false},"author":4,"featured_media":15934,"comment_status":"open","ping_status":"open","sticky":false,"template":"","format":"standard","meta":{"colormag_page_container_layout":"default_layout","colormag_page_sidebar_layout":"default_layout","_FSMCFIC_featured_image_caption":"","_FSMCFIC_featured_image_nocaption":"","_FSMCFIC_featured_image_hide":"","footnotes":""},"categories":[2,1],"tags":[],"class_list":["post-15932","post","type-post","status-publish","format-standard","has-post-thumbnail","hentry","category-noticias","category-ultimas"],"yoast_head":"<!-- This site is optimized with the Yoast SEO plugin v27.1.1 - https:\/\/yoast.com\/product\/yoast-seo-wordpress\/ -->\n<title>\u00d4nibus param de circular em Sussuarana ap\u00f3s tentativa de inc\u00eandio - Brasil not\u00edcias<\/title>\n<meta name=\"robots\" content=\"index, follow, max-snippet:-1, max-image-preview:large, max-video-preview:-1\" \/>\n<link rel=\"canonical\" href=\"https:\/\/brasilnoticias.org\/site\/onibus-param-de-circular-em-sussuarana-apos-tentativa-de-incendio\/\" \/>\n<meta property=\"og:locale\" content=\"pt_PT\" \/>\n<meta property=\"og:type\" content=\"article\" \/>\n<meta property=\"og:title\" content=\"\u00d4nibus param de circular em Sussuarana ap\u00f3s tentativa de inc\u00eandio - Brasil not\u00edcias\" \/>\n<meta property=\"og:description\" content=\"Os moradores de Sussuarana Velha amanheceram sem \u00f4nibus nesta quarta-feira, 11, por causa de uma tentativa de inc\u00eandio a um\" \/>\n<meta property=\"og:url\" content=\"https:\/\/brasilnoticias.org\/site\/onibus-param-de-circular-em-sussuarana-apos-tentativa-de-incendio\/\" \/>\n<meta property=\"og:site_name\" content=\"Brasil not\u00edcias\" \/>\n<meta property=\"article:published_time\" content=\"2024-09-11T18:38:00+00:00\" \/>\n<meta property=\"og:image\" content=\"https:\/\/brasilnoticias.org\/site\/wp-content\/uploads\/2024\/09\/IMAGEM_NOTICIA_0-2-4.jpg\" \/>\n\t<meta property=\"og:image:width\" content=\"850\" \/>\n\t<meta property=\"og:image:height\" content=\"400\" \/>\n\t<meta property=\"og:image:type\" content=\"image\/jpeg\" \/>\n<meta name=\"author\" content=\"Reda\u00e7\u00e3o\" \/>\n<meta name=\"twitter:card\" content=\"summary_large_image\" \/>\n<meta name=\"twitter:label1\" content=\"Escrito por\" \/>\n\t<meta name=\"twitter:data1\" content=\"Reda\u00e7\u00e3o\" \/>\n\t<meta name=\"twitter:label2\" content=\"Tempo estimado de leitura\" \/>\n\t<meta name=\"twitter:data2\" content=\"1 minuto\" \/>\n<script type=\"application\/ld+json\" class=\"yoast-schema-graph\">{\"@context\":\"https:\/\/schema.org\",\"@graph\":[{\"@type\":\"Article\",\"@id\":\"https:\/\/brasilnoticias.org\/site\/onibus-param-de-circular-em-sussuarana-apos-tentativa-de-incendio\/#article\",\"isPartOf\":{\"@id\":\"https:\/\/brasilnoticias.org\/site\/onibus-param-de-circular-em-sussuarana-apos-tentativa-de-incendio\/\"},\"author\":{\"name\":\"Reda\u00e7\u00e3o\",\"@id\":\"https:\/\/brasilnoticias.org\/site\/#\/schema\/person\/03bbbfe6c7634ad18c26444ea39049fa\"},\"headline\":\"\u00d4nibus param de circular em Sussuarana ap\u00f3s tentativa de inc\u00eandio\",\"datePublished\":\"2024-09-11T18:38:00+00:00\",\"mainEntityOfPage\":{\"@id\":\"https:\/\/brasilnoticias.org\/site\/onibus-param-de-circular-em-sussuarana-apos-tentativa-de-incendio\/\"},\"wordCount\":297,\"commentCount\":0,\"publisher\":{\"@id\":\"https:\/\/brasilnoticias.org\/site\/#organization\"},\"image\":{\"@id\":\"https:\/\/brasilnoticias.org\/site\/onibus-param-de-circular-em-sussuarana-apos-tentativa-de-incendio\/#primaryimage\"},\"thumbnailUrl\":\"https:\/\/brasilnoticias.org\/site\/wp-content\/uploads\/2024\/09\/IMAGEM_NOTICIA_0-2-4.jpg\",\"articleSection\":[\"Not\u00edcias\",\"\u00daltimas\"],\"inLanguage\":\"pt-PT\",\"potentialAction\":[{\"@type\":\"CommentAction\",\"name\":\"Comment\",\"target\":[\"https:\/\/brasilnoticias.org\/site\/onibus-param-de-circular-em-sussuarana-apos-tentativa-de-incendio\/#respond\"]}]},{\"@type\":\"WebPage\",\"@id\":\"https:\/\/brasilnoticias.org\/site\/onibus-param-de-circular-em-sussuarana-apos-tentativa-de-incendio\/\",\"url\":\"https:\/\/brasilnoticias.org\/site\/onibus-param-de-circular-em-sussuarana-apos-tentativa-de-incendio\/\",\"name\":\"\u00d4nibus param de circular em Sussuarana ap\u00f3s tentativa de inc\u00eandio - Brasil not\u00edcias\",\"isPartOf\":{\"@id\":\"https:\/\/brasilnoticias.org\/site\/#website\"},\"primaryImageOfPage\":{\"@id\":\"https:\/\/brasilnoticias.org\/site\/onibus-param-de-circular-em-sussuarana-apos-tentativa-de-incendio\/#primaryimage\"},\"image\":{\"@id\":\"https:\/\/brasilnoticias.org\/site\/onibus-param-de-circular-em-sussuarana-apos-tentativa-de-incendio\/#primaryimage\"},\"thumbnailUrl\":\"https:\/\/brasilnoticias.org\/site\/wp-content\/uploads\/2024\/09\/IMAGEM_NOTICIA_0-2-4.jpg\",\"datePublished\":\"2024-09-11T18:38:00+00:00\",\"breadcrumb\":{\"@id\":\"https:\/\/brasilnoticias.org\/site\/onibus-param-de-circular-em-sussuarana-apos-tentativa-de-incendio\/#breadcrumb\"},\"inLanguage\":\"pt-PT\",\"potentialAction\":[{\"@type\":\"ReadAction\",\"target\":[\"https:\/\/brasilnoticias.org\/site\/onibus-param-de-circular-em-sussuarana-apos-tentativa-de-incendio\/\"]}]},{\"@type\":\"ImageObject\",\"inLanguage\":\"pt-PT\",\"@id\":\"https:\/\/brasilnoticias.org\/site\/onibus-param-de-circular-em-sussuarana-apos-tentativa-de-incendio\/#primaryimage\",\"url\":\"https:\/\/brasilnoticias.org\/site\/wp-content\/uploads\/2024\/09\/IMAGEM_NOTICIA_0-2-4.jpg\",\"contentUrl\":\"https:\/\/brasilnoticias.org\/site\/wp-content\/uploads\/2024\/09\/IMAGEM_NOTICIA_0-2-4.jpg\",\"width\":850,\"height\":400},{\"@type\":\"BreadcrumbList\",\"@id\":\"https:\/\/brasilnoticias.org\/site\/onibus-param-de-circular-em-sussuarana-apos-tentativa-de-incendio\/#breadcrumb\",\"itemListElement\":[{\"@type\":\"ListItem\",\"position\":1,\"name\":\"In\u00edcio\",\"item\":\"https:\/\/brasilnoticias.org\/site\/\"},{\"@type\":\"ListItem\",\"position\":2,\"name\":\"\u00d4nibus param de circular em Sussuarana ap\u00f3s tentativa de inc\u00eandio\"}]},{\"@type\":\"WebSite\",\"@id\":\"https:\/\/brasilnoticias.org\/site\/#website\",\"url\":\"https:\/\/brasilnoticias.org\/site\/\",\"name\":\"Brasil not\u00edcias\",\"description\":\"Brasil not\u00edcias\",\"publisher\":{\"@id\":\"https:\/\/brasilnoticias.org\/site\/#organization\"},\"potentialAction\":[{\"@type\":\"SearchAction\",\"target\":{\"@type\":\"EntryPoint\",\"urlTemplate\":\"https:\/\/brasilnoticias.org\/site\/?s={search_term_string}\"},\"query-input\":{\"@type\":\"PropertyValueSpecification\",\"valueRequired\":true,\"valueName\":\"search_term_string\"}}],\"inLanguage\":\"pt-PT\"},{\"@type\":\"Organization\",\"@id\":\"https:\/\/brasilnoticias.org\/site\/#organization\",\"name\":\"Brasil not\u00edcias\",\"url\":\"https:\/\/brasilnoticias.org\/site\/\",\"logo\":{\"@type\":\"ImageObject\",\"inLanguage\":\"pt-PT\",\"@id\":\"https:\/\/brasilnoticias.org\/site\/#\/schema\/logo\/image\/\",\"url\":\"https:\/\/brasilnoticias.org\/site\/wp-content\/uploads\/2022\/05\/cropped-brasilnoticias-mini.jpg\",\"contentUrl\":\"https:\/\/brasilnoticias.org\/site\/wp-content\/uploads\/2022\/05\/cropped-brasilnoticias-mini.jpg\",\"width\":314,\"height\":86,\"caption\":\"Brasil not\u00edcias\"},\"image\":{\"@id\":\"https:\/\/brasilnoticias.org\/site\/#\/schema\/logo\/image\/\"}},{\"@type\":\"Person\",\"@id\":\"https:\/\/brasilnoticias.org\/site\/#\/schema\/person\/03bbbfe6c7634ad18c26444ea39049fa\",\"name\":\"Reda\u00e7\u00e3o\",\"image\":{\"@type\":\"ImageObject\",\"inLanguage\":\"pt-PT\",\"@id\":\"https:\/\/brasilnoticias.org\/site\/#\/schema\/person\/image\/\",\"url\":\"https:\/\/secure.gravatar.com\/avatar\/9ecaf7327a696cb23ad926fedded5f1f04d7049de9e445375d55b48c001a6e42?s=96&d=mm&r=g\",\"contentUrl\":\"https:\/\/secure.gravatar.com\/avatar\/9ecaf7327a696cb23ad926fedded5f1f04d7049de9e445375d55b48c001a6e42?s=96&d=mm&r=g\",\"caption\":\"Reda\u00e7\u00e3o\"},\"url\":\"https:\/\/brasilnoticias.org\/site\/author\/henrique\/\"}]}<\/script>\n<!-- \/ Yoast SEO plugin. -->","yoast_head_json":{"title":"\u00d4nibus param de circular em Sussuarana ap\u00f3s tentativa de inc\u00eandio - Brasil not\u00edcias","robots":{"index":"index","follow":"follow","max-snippet":"max-snippet:-1","max-image-preview":"max-image-preview:large","max-video-preview":"max-video-preview:-1"},"canonical":"https:\/\/brasilnoticias.org\/site\/onibus-param-de-circular-em-sussuarana-apos-tentativa-de-incendio\/","og_locale":"pt_PT","og_type":"article","og_title":"\u00d4nibus param de circular em Sussuarana ap\u00f3s tentativa de inc\u00eandio - Brasil not\u00edcias","og_description":"Os moradores de Sussuarana Velha amanheceram sem \u00f4nibus nesta quarta-feira, 11, por causa de uma tentativa de inc\u00eandio a um","og_url":"https:\/\/brasilnoticias.org\/site\/onibus-param-de-circular-em-sussuarana-apos-tentativa-de-incendio\/","og_site_name":"Brasil not\u00edcias","article_published_time":"2024-09-11T18:38:00+00:00","og_image":[{"width":850,"height":400,"url":"https:\/\/brasilnoticias.org\/site\/wp-content\/uploads\/2024\/09\/IMAGEM_NOTICIA_0-2-4.jpg","type":"image\/jpeg"}],"author":"Reda\u00e7\u00e3o","twitter_card":"summary_large_image","twitter_misc":{"Escrito por":"Reda\u00e7\u00e3o","Tempo estimado de leitura":"1 minuto"},"schema":{"@context":"https:\/\/schema.org","@graph":[{"@type":"Article","@id":"https:\/\/brasilnoticias.org\/site\/onibus-param-de-circular-em-sussuarana-apos-tentativa-de-incendio\/#article","isPartOf":{"@id":"https:\/\/brasilnoticias.org\/site\/onibus-param-de-circular-em-sussuarana-apos-tentativa-de-incendio\/"},"author":{"name":"Reda\u00e7\u00e3o","@id":"https:\/\/brasilnoticias.org\/site\/#\/schema\/person\/03bbbfe6c7634ad18c26444ea39049fa"},"headline":"\u00d4nibus param de circular em Sussuarana ap\u00f3s tentativa de inc\u00eandio","datePublished":"2024-09-11T18:38:00+00:00","mainEntityOfPage":{"@id":"https:\/\/brasilnoticias.org\/site\/onibus-param-de-circular-em-sussuarana-apos-tentativa-de-incendio\/"},"wordCount":297,"commentCount":0,"publisher":{"@id":"https:\/\/brasilnoticias.org\/site\/#organization"},"image":{"@id":"https:\/\/brasilnoticias.org\/site\/onibus-param-de-circular-em-sussuarana-apos-tentativa-de-incendio\/#primaryimage"},"thumbnailUrl":"https:\/\/brasilnoticias.org\/site\/wp-content\/uploads\/2024\/09\/IMAGEM_NOTICIA_0-2-4.jpg","articleSection":["Not\u00edcias","\u00daltimas"],"inLanguage":"pt-PT","potentialAction":[{"@type":"CommentAction","name":"Comment","target":["https:\/\/brasilnoticias.org\/site\/onibus-param-de-circular-em-sussuarana-apos-tentativa-de-incendio\/#respond"]}]},{"@type":"WebPage","@id":"https:\/\/brasilnoticias.org\/site\/onibus-param-de-circular-em-sussuarana-apos-tentativa-de-incendio\/","url":"https:\/\/brasilnoticias.org\/site\/onibus-param-de-circular-em-sussuarana-apos-tentativa-de-incendio\/","name":"\u00d4nibus param de circular em Sussuarana ap\u00f3s tentativa de inc\u00eandio - Brasil not\u00edcias","isPartOf":{"@id":"https:\/\/brasilnoticias.org\/site\/#website"},"primaryImageOfPage":{"@id":"https:\/\/brasilnoticias.org\/site\/onibus-param-de-circular-em-sussuarana-apos-tentativa-de-incendio\/#primaryimage"},"image":{"@id":"https:\/\/brasilnoticias.org\/site\/onibus-param-de-circular-em-sussuarana-apos-tentativa-de-incendio\/#primaryimage"},"thumbnailUrl":"https:\/\/brasilnoticias.org\/site\/wp-content\/uploads\/2024\/09\/IMAGEM_NOTICIA_0-2-4.jpg","datePublished":"2024-09-11T18:38:00+00:00","breadcrumb":{"@id":"https:\/\/brasilnoticias.org\/site\/onibus-param-de-circular-em-sussuarana-apos-tentativa-de-incendio\/#breadcrumb"},"inLanguage":"pt-PT","potentialAction":[{"@type":"ReadAction","target":["https:\/\/brasilnoticias.org\/site\/onibus-param-de-circular-em-sussuarana-apos-tentativa-de-incendio\/"]}]},{"@type":"ImageObject","inLanguage":"pt-PT","@id":"https:\/\/brasilnoticias.org\/site\/onibus-param-de-circular-em-sussuarana-apos-tentativa-de-incendio\/#primaryimage","url":"https:\/\/brasilnoticias.org\/site\/wp-content\/uploads\/2024\/09\/IMAGEM_NOTICIA_0-2-4.jpg","contentUrl":"https:\/\/brasilnoticias.org\/site\/wp-content\/uploads\/2024\/09\/IMAGEM_NOTICIA_0-2-4.jpg","width":850,"height":400},{"@type":"BreadcrumbList","@id":"https:\/\/brasilnoticias.org\/site\/onibus-param-de-circular-em-sussuarana-apos-tentativa-de-incendio\/#breadcrumb","itemListElement":[{"@type":"ListItem","position":1,"name":"In\u00edcio","item":"https:\/\/brasilnoticias.org\/site\/"},{"@type":"ListItem","position":2,"name":"\u00d4nibus param de circular em Sussuarana ap\u00f3s tentativa de inc\u00eandio"}]},{"@type":"WebSite","@id":"https:\/\/brasilnoticias.org\/site\/#website","url":"https:\/\/brasilnoticias.org\/site\/","name":"Brasil not\u00edcias","description":"Brasil not\u00edcias","publisher":{"@id":"https:\/\/brasilnoticias.org\/site\/#organization"},"potentialAction":[{"@type":"SearchAction","target":{"@type":"EntryPoint","urlTemplate":"https:\/\/brasilnoticias.org\/site\/?s={search_term_string}"},"query-input":{"@type":"PropertyValueSpecification","valueRequired":true,"valueName":"search_term_string"}}],"inLanguage":"pt-PT"},{"@type":"Organization","@id":"https:\/\/brasilnoticias.org\/site\/#organization","name":"Brasil not\u00edcias","url":"https:\/\/brasilnoticias.org\/site\/","logo":{"@type":"ImageObject","inLanguage":"pt-PT","@id":"https:\/\/brasilnoticias.org\/site\/#\/schema\/logo\/image\/","url":"https:\/\/brasilnoticias.org\/site\/wp-content\/uploads\/2022\/05\/cropped-brasilnoticias-mini.jpg","contentUrl":"https:\/\/brasilnoticias.org\/site\/wp-content\/uploads\/2022\/05\/cropped-brasilnoticias-mini.jpg","width":314,"height":86,"caption":"Brasil not\u00edcias"},"image":{"@id":"https:\/\/brasilnoticias.org\/site\/#\/schema\/logo\/image\/"}},{"@type":"Person","@id":"https:\/\/brasilnoticias.org\/site\/#\/schema\/person\/03bbbfe6c7634ad18c26444ea39049fa","name":"Reda\u00e7\u00e3o","image":{"@type":"ImageObject","inLanguage":"pt-PT","@id":"https:\/\/brasilnoticias.org\/site\/#\/schema\/person\/image\/","url":"https:\/\/secure.gravatar.com\/avatar\/9ecaf7327a696cb23ad926fedded5f1f04d7049de9e445375d55b48c001a6e42?s=96&d=mm&r=g","contentUrl":"https:\/\/secure.gravatar.com\/avatar\/9ecaf7327a696cb23ad926fedded5f1f04d7049de9e445375d55b48c001a6e42?s=96&d=mm&r=g","caption":"Reda\u00e7\u00e3o"},"url":"https:\/\/brasilnoticias.org\/site\/author\/henrique\/"}]}},"_links":{"self":[{"href":"https:\/\/brasilnoticias.org\/site\/wp-json\/wp\/v2\/posts\/15932","targetHints":{"allow":["GET"]}}],"collection":[{"href":"https:\/\/brasilnoticias.org\/site\/wp-json\/wp\/v2\/posts"}],"about":[{"href":"https:\/\/brasilnoticias.org\/site\/wp-json\/wp\/v2\/types\/post"}],"author":[{"embeddable":true,"href":"https:\/\/brasilnoticias.org\/site\/wp-json\/wp\/v2\/users\/4"}],"replies":[{"embeddable":true,"href":"https:\/\/brasilnoticias.org\/site\/wp-json\/wp\/v2\/comments?post=15932"}],"version-history":[{"count":1,"href":"https:\/\/brasilnoticias.org\/site\/wp-json\/wp\/v2\/posts\/15932\/revisions"}],"predecessor-version":[{"id":15935,"href":"https:\/\/brasilnoticias.org\/site\/wp-json\/wp\/v2\/posts\/15932\/revisions\/15935"}],"wp:featuredmedia":[{"embeddable":true,"href":"https:\/\/brasilnoticias.org\/site\/wp-json\/wp\/v2\/media\/15934"}],"wp:attachment":[{"href":"https:\/\/brasilnoticias.org\/site\/wp-json\/wp\/v2\/media?parent=15932"}],"wp:term":[{"taxonomy":"category","embeddable":true,"href":"https:\/\/brasilnoticias.org\/site\/wp-json\/wp\/v2\/categories?post=15932"},{"taxonomy":"post_tag","embeddable":true,"href":"https:\/\/brasilnoticias.org\/site\/wp-json\/wp\/v2\/tags?post=15932"}],"curies":[{"name":"wp","href":"https:\/\/api.w.org\/{rel}","templated":true}]}}