{"id":15985,"date":"2024-09-16T15:12:49","date_gmt":"2024-09-16T18:12:49","guid":{"rendered":"https:\/\/brasilnoticias.org\/site\/?p=15985"},"modified":"2024-09-16T15:12:49","modified_gmt":"2024-09-16T18:12:49","slug":"brasil-registra-1-795-focos-de-incendio-maioria-no-cerrado","status":"publish","type":"post","link":"https:\/\/brasilnoticias.org\/site\/brasil-registra-1-795-focos-de-incendio-maioria-no-cerrado\/","title":{"rendered":"Brasil registra 1.795 focos de inc\u00eandio, maioria no Cerrado"},"content":{"rendered":"<p>No domingo (15), o Brasil registrou 1.795 focos de inc\u00eandio, conforme dados do sistema BDQueimadas do Instituto Nacional de Pesquisas Espaciais (Inpe), divulgados nesta segunda-feira (16). O Cerrado lidera as ocorr\u00eancias com 912 focos, correspondendo a 50,8% do total.<\/p>\n<p>Minas Gerais \u00e9 o estado com o maior n\u00famero de queimadas, com 329 registros nas \u00faltimas 24 horas, seguido por Maranh\u00e3o (313) e Piau\u00ed (232).<\/p>\n<p>Todos os seis biomas brasileiros apresentaram focos de inc\u00eandio. A Amaz\u00f4nia registrou o segundo maior n\u00famero de ocorr\u00eancias, com 476 focos, representando 26,5% do total.<\/p>\n<p>Agosto de 2024 foi encerrado com o maior n\u00famero de queimadas em 14 anos, totalizando 68.635 ocorr\u00eancias, o quinto maior na s\u00e9rie hist\u00f3rica desde 1998, o que representa um aumento de 144% em rela\u00e7\u00e3o ao mesmo per\u00edodo de 2023. At\u00e9 agora, setembro j\u00e1 acumula 57.312 focos, e o total de inc\u00eandios em 2024 alcan\u00e7a 184.363 ocorr\u00eancias.<\/p>\n<p>Al\u00e9m da alta no n\u00famero de focos de inc\u00eandio, o Brasil enfrenta uma seca hist\u00f3rica, a mais severa dos \u00faltimos 44 anos, segundo o Centro Nacional de Monitoramento e Alertas de Desastres Naturais (Cemaden), vinculado ao Minist\u00e9rio de Ci\u00eancia, Tecnologia e Inova\u00e7\u00e3o (MCTI).<\/p>\n<p>Embora secas e estiagens sejam comuns no inverno brasileiro, que vai de junho a setembro, a intensidade deste ano \u00e9 at\u00edpica. Dois fatores principais contribuem para o cen\u00e1rio: as fortes ondas de calor, com seis eventos registrados desde o in\u00edcio da temporada, e a antecipa\u00e7\u00e3o da seca, que come\u00e7ou em algumas regi\u00f5es antes do in\u00edcio do inverno. Na regi\u00e3o amaz\u00f4nica, a estiagem se intensificou quase um m\u00eas antes do previsto, no in\u00edcio de junho.<\/p>\n<p>Na Amaz\u00f4nia, al\u00e9m dos inc\u00eandios, a seca \u00e9 preocupante, com os munic\u00edpios enfrentando o per\u00edodo mais longo de estiagem j\u00e1 registrado. Tr\u00eas fatores principais explicam essa situa\u00e7\u00e3o: a intensidade do El Ni\u00f1o, que afetou o regime de chuvas; o aquecimento an\u00f4malo das \u00e1guas do Atl\u00e2ntico Tropical Norte, que aumentou a temperatura em 1,2\u00b0C a 1,4\u00b0C em 2023 e 2024; e as temperaturas globais recordes, que em julho bateram o recorde hist\u00f3rico, contribuindo para ondas de calor mais intensas.<\/p>\n<p>Informa\u00e7\u00f5es da Gazeta do Povo \/ Foto: Valter Campanato\/Ag\u00eancia Brasil<\/p>\n","protected":false},"excerpt":{"rendered":"<p>No domingo (15), o Brasil registrou 1.795 focos de inc\u00eandio, conforme dados do sistema BDQueimadas do Instituto Nacional de Pesquisas<\/p>\n","protected":false},"author":4,"featured_media":15986,"comment_status":"open","ping_status":"open","sticky":false,"template":"","format":"standard","meta":{"colormag_page_container_layout":"default_layout","colormag_page_sidebar_layout":"default_layout","_FSMCFIC_featured_image_caption":"","_FSMCFIC_featured_image_nocaption":"","_FSMCFIC_featured_image_hide":"","footnotes":""},"categories":[2,1],"tags":[],"class_list":["post-15985","post","type-post","status-publish","format-standard","has-post-thumbnail","hentry","category-noticias","category-ultimas"],"yoast_head":"<!-- This site is optimized with the Yoast SEO plugin v27.1.1 - https:\/\/yoast.com\/product\/yoast-seo-wordpress\/ -->\n<title>Brasil registra 1.795 focos de inc\u00eandio, maioria no Cerrado - Brasil not\u00edcias<\/title>\n<meta name=\"robots\" content=\"index, follow, max-snippet:-1, max-image-preview:large, max-video-preview:-1\" \/>\n<link rel=\"canonical\" href=\"https:\/\/brasilnoticias.org\/site\/brasil-registra-1-795-focos-de-incendio-maioria-no-cerrado\/\" \/>\n<meta property=\"og:locale\" content=\"pt_PT\" \/>\n<meta property=\"og:type\" content=\"article\" \/>\n<meta property=\"og:title\" content=\"Brasil registra 1.795 focos de inc\u00eandio, maioria no Cerrado - Brasil not\u00edcias\" \/>\n<meta property=\"og:description\" content=\"No domingo (15), o Brasil registrou 1.795 focos de inc\u00eandio, conforme dados do sistema BDQueimadas do Instituto Nacional de Pesquisas\" \/>\n<meta property=\"og:url\" content=\"https:\/\/brasilnoticias.org\/site\/brasil-registra-1-795-focos-de-incendio-maioria-no-cerrado\/\" \/>\n<meta property=\"og:site_name\" content=\"Brasil not\u00edcias\" \/>\n<meta property=\"article:published_time\" content=\"2024-09-16T18:12:49+00:00\" \/>\n<meta property=\"og:image\" content=\"https:\/\/brasilnoticias.org\/site\/wp-content\/uploads\/2024\/09\/IMAGEM_NOTICIA_0-2-6.jpg\" \/>\n\t<meta property=\"og:image:width\" content=\"850\" \/>\n\t<meta property=\"og:image:height\" content=\"400\" \/>\n\t<meta property=\"og:image:type\" content=\"image\/jpeg\" \/>\n<meta name=\"author\" content=\"Reda\u00e7\u00e3o\" \/>\n<meta name=\"twitter:card\" content=\"summary_large_image\" \/>\n<meta name=\"twitter:label1\" content=\"Escrito por\" \/>\n\t<meta name=\"twitter:data1\" content=\"Reda\u00e7\u00e3o\" \/>\n<script type=\"application\/ld+json\" class=\"yoast-schema-graph\">{\"@context\":\"https:\/\/schema.org\",\"@graph\":[{\"@type\":\"Article\",\"@id\":\"https:\/\/brasilnoticias.org\/site\/brasil-registra-1-795-focos-de-incendio-maioria-no-cerrado\/#article\",\"isPartOf\":{\"@id\":\"https:\/\/brasilnoticias.org\/site\/brasil-registra-1-795-focos-de-incendio-maioria-no-cerrado\/\"},\"author\":{\"name\":\"Reda\u00e7\u00e3o\",\"@id\":\"https:\/\/brasilnoticias.org\/site\/#\/schema\/person\/03bbbfe6c7634ad18c26444ea39049fa\"},\"headline\":\"Brasil registra 1.795 focos de inc\u00eandio, maioria no Cerrado\",\"datePublished\":\"2024-09-16T18:12:49+00:00\",\"mainEntityOfPage\":{\"@id\":\"https:\/\/brasilnoticias.org\/site\/brasil-registra-1-795-focos-de-incendio-maioria-no-cerrado\/\"},\"wordCount\":381,\"commentCount\":0,\"publisher\":{\"@id\":\"https:\/\/brasilnoticias.org\/site\/#organization\"},\"image\":{\"@id\":\"https:\/\/brasilnoticias.org\/site\/brasil-registra-1-795-focos-de-incendio-maioria-no-cerrado\/#primaryimage\"},\"thumbnailUrl\":\"https:\/\/brasilnoticias.org\/site\/wp-content\/uploads\/2024\/09\/IMAGEM_NOTICIA_0-2-6.jpg\",\"articleSection\":[\"Not\u00edcias\",\"\u00daltimas\"],\"inLanguage\":\"pt-PT\",\"potentialAction\":[{\"@type\":\"CommentAction\",\"name\":\"Comment\",\"target\":[\"https:\/\/brasilnoticias.org\/site\/brasil-registra-1-795-focos-de-incendio-maioria-no-cerrado\/#respond\"]}]},{\"@type\":\"WebPage\",\"@id\":\"https:\/\/brasilnoticias.org\/site\/brasil-registra-1-795-focos-de-incendio-maioria-no-cerrado\/\",\"url\":\"https:\/\/brasilnoticias.org\/site\/brasil-registra-1-795-focos-de-incendio-maioria-no-cerrado\/\",\"name\":\"Brasil registra 1.795 focos de inc\u00eandio, maioria no Cerrado - Brasil not\u00edcias\",\"isPartOf\":{\"@id\":\"https:\/\/brasilnoticias.org\/site\/#website\"},\"primaryImageOfPage\":{\"@id\":\"https:\/\/brasilnoticias.org\/site\/brasil-registra-1-795-focos-de-incendio-maioria-no-cerrado\/#primaryimage\"},\"image\":{\"@id\":\"https:\/\/brasilnoticias.org\/site\/brasil-registra-1-795-focos-de-incendio-maioria-no-cerrado\/#primaryimage\"},\"thumbnailUrl\":\"https:\/\/brasilnoticias.org\/site\/wp-content\/uploads\/2024\/09\/IMAGEM_NOTICIA_0-2-6.jpg\",\"datePublished\":\"2024-09-16T18:12:49+00:00\",\"breadcrumb\":{\"@id\":\"https:\/\/brasilnoticias.org\/site\/brasil-registra-1-795-focos-de-incendio-maioria-no-cerrado\/#breadcrumb\"},\"inLanguage\":\"pt-PT\",\"potentialAction\":[{\"@type\":\"ReadAction\",\"target\":[\"https:\/\/brasilnoticias.org\/site\/brasil-registra-1-795-focos-de-incendio-maioria-no-cerrado\/\"]}]},{\"@type\":\"ImageObject\",\"inLanguage\":\"pt-PT\",\"@id\":\"https:\/\/brasilnoticias.org\/site\/brasil-registra-1-795-focos-de-incendio-maioria-no-cerrado\/#primaryimage\",\"url\":\"https:\/\/brasilnoticias.org\/site\/wp-content\/uploads\/2024\/09\/IMAGEM_NOTICIA_0-2-6.jpg\",\"contentUrl\":\"https:\/\/brasilnoticias.org\/site\/wp-content\/uploads\/2024\/09\/IMAGEM_NOTICIA_0-2-6.jpg\",\"width\":850,\"height\":400},{\"@type\":\"BreadcrumbList\",\"@id\":\"https:\/\/brasilnoticias.org\/site\/brasil-registra-1-795-focos-de-incendio-maioria-no-cerrado\/#breadcrumb\",\"itemListElement\":[{\"@type\":\"ListItem\",\"position\":1,\"name\":\"In\u00edcio\",\"item\":\"https:\/\/brasilnoticias.org\/site\/\"},{\"@type\":\"ListItem\",\"position\":2,\"name\":\"Brasil registra 1.795 focos de inc\u00eandio, maioria no Cerrado\"}]},{\"@type\":\"WebSite\",\"@id\":\"https:\/\/brasilnoticias.org\/site\/#website\",\"url\":\"https:\/\/brasilnoticias.org\/site\/\",\"name\":\"Brasil not\u00edcias\",\"description\":\"Brasil not\u00edcias\",\"publisher\":{\"@id\":\"https:\/\/brasilnoticias.org\/site\/#organization\"},\"potentialAction\":[{\"@type\":\"SearchAction\",\"target\":{\"@type\":\"EntryPoint\",\"urlTemplate\":\"https:\/\/brasilnoticias.org\/site\/?s={search_term_string}\"},\"query-input\":{\"@type\":\"PropertyValueSpecification\",\"valueRequired\":true,\"valueName\":\"search_term_string\"}}],\"inLanguage\":\"pt-PT\"},{\"@type\":\"Organization\",\"@id\":\"https:\/\/brasilnoticias.org\/site\/#organization\",\"name\":\"Brasil not\u00edcias\",\"url\":\"https:\/\/brasilnoticias.org\/site\/\",\"logo\":{\"@type\":\"ImageObject\",\"inLanguage\":\"pt-PT\",\"@id\":\"https:\/\/brasilnoticias.org\/site\/#\/schema\/logo\/image\/\",\"url\":\"https:\/\/brasilnoticias.org\/site\/wp-content\/uploads\/2022\/05\/cropped-brasilnoticias-mini.jpg\",\"contentUrl\":\"https:\/\/brasilnoticias.org\/site\/wp-content\/uploads\/2022\/05\/cropped-brasilnoticias-mini.jpg\",\"width\":314,\"height\":86,\"caption\":\"Brasil not\u00edcias\"},\"image\":{\"@id\":\"https:\/\/brasilnoticias.org\/site\/#\/schema\/logo\/image\/\"}},{\"@type\":\"Person\",\"@id\":\"https:\/\/brasilnoticias.org\/site\/#\/schema\/person\/03bbbfe6c7634ad18c26444ea39049fa\",\"name\":\"Reda\u00e7\u00e3o\",\"image\":{\"@type\":\"ImageObject\",\"inLanguage\":\"pt-PT\",\"@id\":\"https:\/\/brasilnoticias.org\/site\/#\/schema\/person\/image\/\",\"url\":\"https:\/\/secure.gravatar.com\/avatar\/9ecaf7327a696cb23ad926fedded5f1f04d7049de9e445375d55b48c001a6e42?s=96&d=mm&r=g\",\"contentUrl\":\"https:\/\/secure.gravatar.com\/avatar\/9ecaf7327a696cb23ad926fedded5f1f04d7049de9e445375d55b48c001a6e42?s=96&d=mm&r=g\",\"caption\":\"Reda\u00e7\u00e3o\"},\"url\":\"https:\/\/brasilnoticias.org\/site\/author\/henrique\/\"}]}<\/script>\n<!-- \/ Yoast SEO plugin. -->","yoast_head_json":{"title":"Brasil registra 1.795 focos de inc\u00eandio, maioria no Cerrado - Brasil not\u00edcias","robots":{"index":"index","follow":"follow","max-snippet":"max-snippet:-1","max-image-preview":"max-image-preview:large","max-video-preview":"max-video-preview:-1"},"canonical":"https:\/\/brasilnoticias.org\/site\/brasil-registra-1-795-focos-de-incendio-maioria-no-cerrado\/","og_locale":"pt_PT","og_type":"article","og_title":"Brasil registra 1.795 focos de inc\u00eandio, maioria no Cerrado - Brasil not\u00edcias","og_description":"No domingo (15), o Brasil registrou 1.795 focos de inc\u00eandio, conforme dados do sistema BDQueimadas do Instituto Nacional de Pesquisas","og_url":"https:\/\/brasilnoticias.org\/site\/brasil-registra-1-795-focos-de-incendio-maioria-no-cerrado\/","og_site_name":"Brasil not\u00edcias","article_published_time":"2024-09-16T18:12:49+00:00","og_image":[{"width":850,"height":400,"url":"https:\/\/brasilnoticias.org\/site\/wp-content\/uploads\/2024\/09\/IMAGEM_NOTICIA_0-2-6.jpg","type":"image\/jpeg"}],"author":"Reda\u00e7\u00e3o","twitter_card":"summary_large_image","twitter_misc":{"Escrito por":"Reda\u00e7\u00e3o"},"schema":{"@context":"https:\/\/schema.org","@graph":[{"@type":"Article","@id":"https:\/\/brasilnoticias.org\/site\/brasil-registra-1-795-focos-de-incendio-maioria-no-cerrado\/#article","isPartOf":{"@id":"https:\/\/brasilnoticias.org\/site\/brasil-registra-1-795-focos-de-incendio-maioria-no-cerrado\/"},"author":{"name":"Reda\u00e7\u00e3o","@id":"https:\/\/brasilnoticias.org\/site\/#\/schema\/person\/03bbbfe6c7634ad18c26444ea39049fa"},"headline":"Brasil registra 1.795 focos de inc\u00eandio, maioria no Cerrado","datePublished":"2024-09-16T18:12:49+00:00","mainEntityOfPage":{"@id":"https:\/\/brasilnoticias.org\/site\/brasil-registra-1-795-focos-de-incendio-maioria-no-cerrado\/"},"wordCount":381,"commentCount":0,"publisher":{"@id":"https:\/\/brasilnoticias.org\/site\/#organization"},"image":{"@id":"https:\/\/brasilnoticias.org\/site\/brasil-registra-1-795-focos-de-incendio-maioria-no-cerrado\/#primaryimage"},"thumbnailUrl":"https:\/\/brasilnoticias.org\/site\/wp-content\/uploads\/2024\/09\/IMAGEM_NOTICIA_0-2-6.jpg","articleSection":["Not\u00edcias","\u00daltimas"],"inLanguage":"pt-PT","potentialAction":[{"@type":"CommentAction","name":"Comment","target":["https:\/\/brasilnoticias.org\/site\/brasil-registra-1-795-focos-de-incendio-maioria-no-cerrado\/#respond"]}]},{"@type":"WebPage","@id":"https:\/\/brasilnoticias.org\/site\/brasil-registra-1-795-focos-de-incendio-maioria-no-cerrado\/","url":"https:\/\/brasilnoticias.org\/site\/brasil-registra-1-795-focos-de-incendio-maioria-no-cerrado\/","name":"Brasil registra 1.795 focos de inc\u00eandio, maioria no Cerrado - Brasil not\u00edcias","isPartOf":{"@id":"https:\/\/brasilnoticias.org\/site\/#website"},"primaryImageOfPage":{"@id":"https:\/\/brasilnoticias.org\/site\/brasil-registra-1-795-focos-de-incendio-maioria-no-cerrado\/#primaryimage"},"image":{"@id":"https:\/\/brasilnoticias.org\/site\/brasil-registra-1-795-focos-de-incendio-maioria-no-cerrado\/#primaryimage"},"thumbnailUrl":"https:\/\/brasilnoticias.org\/site\/wp-content\/uploads\/2024\/09\/IMAGEM_NOTICIA_0-2-6.jpg","datePublished":"2024-09-16T18:12:49+00:00","breadcrumb":{"@id":"https:\/\/brasilnoticias.org\/site\/brasil-registra-1-795-focos-de-incendio-maioria-no-cerrado\/#breadcrumb"},"inLanguage":"pt-PT","potentialAction":[{"@type":"ReadAction","target":["https:\/\/brasilnoticias.org\/site\/brasil-registra-1-795-focos-de-incendio-maioria-no-cerrado\/"]}]},{"@type":"ImageObject","inLanguage":"pt-PT","@id":"https:\/\/brasilnoticias.org\/site\/brasil-registra-1-795-focos-de-incendio-maioria-no-cerrado\/#primaryimage","url":"https:\/\/brasilnoticias.org\/site\/wp-content\/uploads\/2024\/09\/IMAGEM_NOTICIA_0-2-6.jpg","contentUrl":"https:\/\/brasilnoticias.org\/site\/wp-content\/uploads\/2024\/09\/IMAGEM_NOTICIA_0-2-6.jpg","width":850,"height":400},{"@type":"BreadcrumbList","@id":"https:\/\/brasilnoticias.org\/site\/brasil-registra-1-795-focos-de-incendio-maioria-no-cerrado\/#breadcrumb","itemListElement":[{"@type":"ListItem","position":1,"name":"In\u00edcio","item":"https:\/\/brasilnoticias.org\/site\/"},{"@type":"ListItem","position":2,"name":"Brasil registra 1.795 focos de inc\u00eandio, maioria no Cerrado"}]},{"@type":"WebSite","@id":"https:\/\/brasilnoticias.org\/site\/#website","url":"https:\/\/brasilnoticias.org\/site\/","name":"Brasil not\u00edcias","description":"Brasil not\u00edcias","publisher":{"@id":"https:\/\/brasilnoticias.org\/site\/#organization"},"potentialAction":[{"@type":"SearchAction","target":{"@type":"EntryPoint","urlTemplate":"https:\/\/brasilnoticias.org\/site\/?s={search_term_string}"},"query-input":{"@type":"PropertyValueSpecification","valueRequired":true,"valueName":"search_term_string"}}],"inLanguage":"pt-PT"},{"@type":"Organization","@id":"https:\/\/brasilnoticias.org\/site\/#organization","name":"Brasil not\u00edcias","url":"https:\/\/brasilnoticias.org\/site\/","logo":{"@type":"ImageObject","inLanguage":"pt-PT","@id":"https:\/\/brasilnoticias.org\/site\/#\/schema\/logo\/image\/","url":"https:\/\/brasilnoticias.org\/site\/wp-content\/uploads\/2022\/05\/cropped-brasilnoticias-mini.jpg","contentUrl":"https:\/\/brasilnoticias.org\/site\/wp-content\/uploads\/2022\/05\/cropped-brasilnoticias-mini.jpg","width":314,"height":86,"caption":"Brasil not\u00edcias"},"image":{"@id":"https:\/\/brasilnoticias.org\/site\/#\/schema\/logo\/image\/"}},{"@type":"Person","@id":"https:\/\/brasilnoticias.org\/site\/#\/schema\/person\/03bbbfe6c7634ad18c26444ea39049fa","name":"Reda\u00e7\u00e3o","image":{"@type":"ImageObject","inLanguage":"pt-PT","@id":"https:\/\/brasilnoticias.org\/site\/#\/schema\/person\/image\/","url":"https:\/\/secure.gravatar.com\/avatar\/9ecaf7327a696cb23ad926fedded5f1f04d7049de9e445375d55b48c001a6e42?s=96&d=mm&r=g","contentUrl":"https:\/\/secure.gravatar.com\/avatar\/9ecaf7327a696cb23ad926fedded5f1f04d7049de9e445375d55b48c001a6e42?s=96&d=mm&r=g","caption":"Reda\u00e7\u00e3o"},"url":"https:\/\/brasilnoticias.org\/site\/author\/henrique\/"}]}},"_links":{"self":[{"href":"https:\/\/brasilnoticias.org\/site\/wp-json\/wp\/v2\/posts\/15985","targetHints":{"allow":["GET"]}}],"collection":[{"href":"https:\/\/brasilnoticias.org\/site\/wp-json\/wp\/v2\/posts"}],"about":[{"href":"https:\/\/brasilnoticias.org\/site\/wp-json\/wp\/v2\/types\/post"}],"author":[{"embeddable":true,"href":"https:\/\/brasilnoticias.org\/site\/wp-json\/wp\/v2\/users\/4"}],"replies":[{"embeddable":true,"href":"https:\/\/brasilnoticias.org\/site\/wp-json\/wp\/v2\/comments?post=15985"}],"version-history":[{"count":1,"href":"https:\/\/brasilnoticias.org\/site\/wp-json\/wp\/v2\/posts\/15985\/revisions"}],"predecessor-version":[{"id":15987,"href":"https:\/\/brasilnoticias.org\/site\/wp-json\/wp\/v2\/posts\/15985\/revisions\/15987"}],"wp:featuredmedia":[{"embeddable":true,"href":"https:\/\/brasilnoticias.org\/site\/wp-json\/wp\/v2\/media\/15986"}],"wp:attachment":[{"href":"https:\/\/brasilnoticias.org\/site\/wp-json\/wp\/v2\/media?parent=15985"}],"wp:term":[{"taxonomy":"category","embeddable":true,"href":"https:\/\/brasilnoticias.org\/site\/wp-json\/wp\/v2\/categories?post=15985"},{"taxonomy":"post_tag","embeddable":true,"href":"https:\/\/brasilnoticias.org\/site\/wp-json\/wp\/v2\/tags?post=15985"}],"curies":[{"name":"wp","href":"https:\/\/api.w.org\/{rel}","templated":true}]}}