{"id":160,"date":"2022-05-11T14:00:22","date_gmt":"2022-05-11T17:00:22","guid":{"rendered":"https:\/\/brasilnoticias.org\/site\/?p=160"},"modified":"2022-05-11T14:00:22","modified_gmt":"2022-05-11T17:00:22","slug":"sesab-alerta-para-bacteria-resistente-a-antibioticos-detectada-em-hospitais-de-salvador","status":"publish","type":"post","link":"https:\/\/brasilnoticias.org\/site\/sesab-alerta-para-bacteria-resistente-a-antibioticos-detectada-em-hospitais-de-salvador\/","title":{"rendered":"Sesab alerta para bact\u00e9ria resistente a antibi\u00f3ticos detectada em hospitais de Salvador"},"content":{"rendered":"<p>A\u00a0<a href=\"https:\/\/www.bnews.com.br\/tags\/sesab\" target=\"_blank\" rel=\"noopener\">Secretaria Estadual de Sa\u00fade (Sesab)<\/a>\u00a0emitiu um alerta sobre o registro de uma<a href=\"https:\/\/www.bnews.com.br\/noticias\/tecnologia-e-ciencia\/331017-fiocruz-alerta-para-aumento-de-bacterias-resistentes-a-antibioticos.html\" target=\"_blank\" rel=\"noopener\">\u00a0bact\u00e9ria, resistente ao uso de antibi\u00f3ticos<\/a>, identificada entre janeiro e mar\u00e7o deste ano, em tr\u00eas hospitais de Salvador. A pasta n\u00e3o divulgou os nomes das unidades de sa\u00fade, nem se fazem parte da rede p\u00fablica ou privada da capital baiana.<\/p>\n<p>O risco de infec\u00e7\u00e3o \u00e9 apenas para pacientes internados ou equipes que trabalham nas unidades de sa\u00fade. Em geral, a popula\u00e7\u00e3o n\u00e3o \u00e9 afetada.<\/p>\n<p>Em condi\u00e7\u00f5es normais, a Enterococus faecium \u00e9 encontrada no intestino humano e o tratamento \u00e9 feito com antibi\u00f3ticos. O problema \u00e9 quando surge a resist\u00eancia aos medicamentos.<\/p>\n<p>Al\u00e9m do alerta, o N\u00facleo Estadual de Controle de Infec\u00e7\u00e3o da secretaria enviou uma nota t\u00e9cnica com uma s\u00e9rie de medidas para evitar a contamina\u00e7\u00e3o. Recomendou medidas de controle como higiene das m\u00e3os, limpeza e desinfec\u00e7\u00e3o do ambiente com produtos \u00e0 base de hipoclorito e \u00e1lcool \u00e0 70%, al\u00e9m de manter pacientes infectados em quartos separados e uma equipe exclusiva para atender esses pacientes.<\/p>\n<p>Ainda segundo a nota, todos os casos suspeitos ou confirmados devem ser notificados ao N\u00facleo Estadual de Controle de Infec\u00e7\u00e3o. O documento diz tamb\u00e9m que a pandemia de Covid-19 pode ter criado ambiente para o uso indiscriminado de antibi\u00f3ticos que favorecem o aparecimento de organismos super-resistentes.<\/p>\n<h2>Alerta Fiocruz<\/h2>\n<p>Em novembro de 2021, o Laborat\u00f3rio de Pesquisa em Infec\u00e7\u00e3o Hospitalar do Instituto Oswaldo Cruz (IOC\/<a href=\"https:\/\/www.bnews.com.br\/noticias\/saude\/coronavirus\/325254,fiocruz-recomenda-passaporte-da-vacina-para-todo-o-territorio-brasileiro.html\">Fiocruz)<\/a><a href=\"https:\/\/www.bnews.com.br\/noticias\/tecnologia-e-ciencia\/331017-fiocruz-alerta-para-aumento-de-bacterias-resistentes-a-antibioticos.html\" target=\"_blank\" rel=\"noopener\">emitiu um alerta para aumento de bact\u00e9rias resistentes a antibi\u00f3ticos<\/a>. A Fiocruz registrou mais que o triplo de amostras de bact\u00e9rias resistentes a antibi\u00f3ticos em compara\u00e7\u00e3o ao que foi analisado em 2019, \u00faltimo ano antes da pandemia da\u00a0<a href=\"https:\/\/www.bnews.com.br\/sergipe\/ultimasnoticias\/330900,sergipe-registra-uma-morte-e-10-novos-casos-de-covid-19-nesta-quinta-feira-18.html\">covid-1<\/a>9. O levantamento foi divulgado pelo instituto, cujos pesquisadores alertam para o risco de maior dissemina\u00e7\u00e3o da resist\u00eancia a antibi\u00f3ticos pelo aumento do uso desses medicamentos durante a emerg\u00eancia sanit\u00e1ria.<img decoding=\"async\" src=\"https:\/\/agenciabrasil.ebc.com.br\/ebc.png?id=1428325&amp;o=node\" \/><img decoding=\"async\" src=\"https:\/\/agenciabrasil.ebc.com.br\/ebc.gif?id=1428325&amp;o=node\" \/><\/p>\n<p>As amostras de &#8220;superbact\u00e9rias&#8221; s\u00e3o enviadas ao laborat\u00f3rio do IOC por outros laborat\u00f3rios de sa\u00fade p\u00fablica de diversos estados de forma espont\u00e2nea, j\u00e1 que l\u00e1 funciona a retaguarda da Sub-rede Anal\u00edtica de Resist\u00eancia Microbiana em Servi\u00e7os de Sa\u00fade (Sub-rede RM), institu\u00edda pela\u00a0<a href=\"https:\/\/www.bnews.com.br\/noticias\/saude\/coronavirus\/323200,anvisa-mantem-orientacao-de-uso-da-pfizer-em-adolescentes-e-contraria-governo-bolsonaro.html\">Ag\u00eancia Nacional de Vigil\u00e2ncia Sanit\u00e1ria (Anvisa)<\/a>\u00a0e pelo\u00a0<a href=\"https:\/\/www.bnews.com.br\/noticias\/saude\/coronavirus\/325477,ministerio-da-saude-prepara-abandono-da-coronavac-diz-site.html\">Minist\u00e9rio da Sa\u00fade (MS)<\/a>. Como unidade de retaguarda, o laborat\u00f3rio atua na an\u00e1lise aprofundada das bact\u00e9rias resistentes a antibi\u00f3ticos, que s\u00e3o detectadas em casos de infec\u00e7\u00e3o hospitalar.<\/p>\n<p>&nbsp;<\/p>\n<p>&nbsp;<\/p>\n<p style=\"text-align: center;\">Bnews<\/p>\n","protected":false},"excerpt":{"rendered":"<p>A\u00a0Secretaria Estadual de Sa\u00fade (Sesab)\u00a0emitiu um alerta sobre o registro de uma\u00a0bact\u00e9ria, resistente ao uso de antibi\u00f3ticos, identificada entre janeiro<\/p>\n","protected":false},"author":2,"featured_media":161,"comment_status":"open","ping_status":"open","sticky":false,"template":"","format":"standard","meta":{"colormag_page_container_layout":"default_layout","colormag_page_sidebar_layout":"default_layout","_FSMCFIC_featured_image_caption":"","_FSMCFIC_featured_image_nocaption":"","_FSMCFIC_featured_image_hide":"","footnotes":""},"categories":[2,1],"tags":[],"class_list":["post-160","post","type-post","status-publish","format-standard","has-post-thumbnail","hentry","category-noticias","category-ultimas"],"yoast_head":"<!-- This site is optimized with the Yoast SEO plugin v27.1.1 - https:\/\/yoast.com\/product\/yoast-seo-wordpress\/ -->\n<title>Sesab alerta para bact\u00e9ria resistente a antibi\u00f3ticos detectada em hospitais de Salvador - Brasil not\u00edcias<\/title>\n<meta name=\"robots\" content=\"index, follow, max-snippet:-1, max-image-preview:large, max-video-preview:-1\" \/>\n<link rel=\"canonical\" href=\"https:\/\/brasilnoticias.org\/site\/sesab-alerta-para-bacteria-resistente-a-antibioticos-detectada-em-hospitais-de-salvador\/\" \/>\n<meta property=\"og:locale\" content=\"pt_PT\" \/>\n<meta property=\"og:type\" content=\"article\" \/>\n<meta property=\"og:title\" content=\"Sesab alerta para bact\u00e9ria resistente a antibi\u00f3ticos detectada em hospitais de Salvador - Brasil not\u00edcias\" \/>\n<meta property=\"og:description\" content=\"A\u00a0Secretaria Estadual de Sa\u00fade (Sesab)\u00a0emitiu um alerta sobre o registro de uma\u00a0bact\u00e9ria, resistente ao uso de antibi\u00f3ticos, identificada entre janeiro\" \/>\n<meta property=\"og:url\" content=\"https:\/\/brasilnoticias.org\/site\/sesab-alerta-para-bacteria-resistente-a-antibioticos-detectada-em-hospitais-de-salvador\/\" \/>\n<meta property=\"og:site_name\" content=\"Brasil not\u00edcias\" \/>\n<meta property=\"article:published_time\" content=\"2022-05-11T17:00:22+00:00\" \/>\n<meta property=\"og:image\" content=\"https:\/\/brasilnoticias.org\/site\/wp-content\/uploads\/2022\/05\/sesab_alerta_para_bacteria_resistente_a_antibioticos_detectada_em_hospitais_de_salvador_widelg.jpg\" \/>\n\t<meta property=\"og:image:width\" content=\"800\" \/>\n\t<meta property=\"og:image:height\" content=\"450\" \/>\n\t<meta property=\"og:image:type\" content=\"image\/jpeg\" \/>\n<meta name=\"author\" content=\"Reda\u00e7\u00e3o\" \/>\n<meta name=\"twitter:card\" content=\"summary_large_image\" \/>\n<meta name=\"twitter:label1\" content=\"Escrito por\" \/>\n\t<meta name=\"twitter:data1\" content=\"Reda\u00e7\u00e3o\" \/>\n\t<meta name=\"twitter:label2\" content=\"Tempo estimado de leitura\" \/>\n\t<meta name=\"twitter:data2\" content=\"2 minutos\" \/>\n<script type=\"application\/ld+json\" class=\"yoast-schema-graph\">{\"@context\":\"https:\/\/schema.org\",\"@graph\":[{\"@type\":\"Article\",\"@id\":\"https:\/\/brasilnoticias.org\/site\/sesab-alerta-para-bacteria-resistente-a-antibioticos-detectada-em-hospitais-de-salvador\/#article\",\"isPartOf\":{\"@id\":\"https:\/\/brasilnoticias.org\/site\/sesab-alerta-para-bacteria-resistente-a-antibioticos-detectada-em-hospitais-de-salvador\/\"},\"author\":{\"name\":\"Reda\u00e7\u00e3o\",\"@id\":\"https:\/\/brasilnoticias.org\/site\/#\/schema\/person\/f609fa847b5314f1c8b983342f34c798\"},\"headline\":\"Sesab alerta para bact\u00e9ria resistente a antibi\u00f3ticos detectada em hospitais de Salvador\",\"datePublished\":\"2022-05-11T17:00:22+00:00\",\"mainEntityOfPage\":{\"@id\":\"https:\/\/brasilnoticias.org\/site\/sesab-alerta-para-bacteria-resistente-a-antibioticos-detectada-em-hospitais-de-salvador\/\"},\"wordCount\":449,\"commentCount\":0,\"publisher\":{\"@id\":\"https:\/\/brasilnoticias.org\/site\/#organization\"},\"image\":{\"@id\":\"https:\/\/brasilnoticias.org\/site\/sesab-alerta-para-bacteria-resistente-a-antibioticos-detectada-em-hospitais-de-salvador\/#primaryimage\"},\"thumbnailUrl\":\"https:\/\/brasilnoticias.org\/site\/wp-content\/uploads\/2022\/05\/sesab_alerta_para_bacteria_resistente_a_antibioticos_detectada_em_hospitais_de_salvador_widelg.jpg\",\"articleSection\":[\"Not\u00edcias\",\"\u00daltimas\"],\"inLanguage\":\"pt-PT\",\"potentialAction\":[{\"@type\":\"CommentAction\",\"name\":\"Comment\",\"target\":[\"https:\/\/brasilnoticias.org\/site\/sesab-alerta-para-bacteria-resistente-a-antibioticos-detectada-em-hospitais-de-salvador\/#respond\"]}]},{\"@type\":\"WebPage\",\"@id\":\"https:\/\/brasilnoticias.org\/site\/sesab-alerta-para-bacteria-resistente-a-antibioticos-detectada-em-hospitais-de-salvador\/\",\"url\":\"https:\/\/brasilnoticias.org\/site\/sesab-alerta-para-bacteria-resistente-a-antibioticos-detectada-em-hospitais-de-salvador\/\",\"name\":\"Sesab alerta para bact\u00e9ria resistente a antibi\u00f3ticos detectada em hospitais de Salvador - Brasil not\u00edcias\",\"isPartOf\":{\"@id\":\"https:\/\/brasilnoticias.org\/site\/#website\"},\"primaryImageOfPage\":{\"@id\":\"https:\/\/brasilnoticias.org\/site\/sesab-alerta-para-bacteria-resistente-a-antibioticos-detectada-em-hospitais-de-salvador\/#primaryimage\"},\"image\":{\"@id\":\"https:\/\/brasilnoticias.org\/site\/sesab-alerta-para-bacteria-resistente-a-antibioticos-detectada-em-hospitais-de-salvador\/#primaryimage\"},\"thumbnailUrl\":\"https:\/\/brasilnoticias.org\/site\/wp-content\/uploads\/2022\/05\/sesab_alerta_para_bacteria_resistente_a_antibioticos_detectada_em_hospitais_de_salvador_widelg.jpg\",\"datePublished\":\"2022-05-11T17:00:22+00:00\",\"breadcrumb\":{\"@id\":\"https:\/\/brasilnoticias.org\/site\/sesab-alerta-para-bacteria-resistente-a-antibioticos-detectada-em-hospitais-de-salvador\/#breadcrumb\"},\"inLanguage\":\"pt-PT\",\"potentialAction\":[{\"@type\":\"ReadAction\",\"target\":[\"https:\/\/brasilnoticias.org\/site\/sesab-alerta-para-bacteria-resistente-a-antibioticos-detectada-em-hospitais-de-salvador\/\"]}]},{\"@type\":\"ImageObject\",\"inLanguage\":\"pt-PT\",\"@id\":\"https:\/\/brasilnoticias.org\/site\/sesab-alerta-para-bacteria-resistente-a-antibioticos-detectada-em-hospitais-de-salvador\/#primaryimage\",\"url\":\"https:\/\/brasilnoticias.org\/site\/wp-content\/uploads\/2022\/05\/sesab_alerta_para_bacteria_resistente_a_antibioticos_detectada_em_hospitais_de_salvador_widelg.jpg\",\"contentUrl\":\"https:\/\/brasilnoticias.org\/site\/wp-content\/uploads\/2022\/05\/sesab_alerta_para_bacteria_resistente_a_antibioticos_detectada_em_hospitais_de_salvador_widelg.jpg\",\"width\":800,\"height\":450},{\"@type\":\"BreadcrumbList\",\"@id\":\"https:\/\/brasilnoticias.org\/site\/sesab-alerta-para-bacteria-resistente-a-antibioticos-detectada-em-hospitais-de-salvador\/#breadcrumb\",\"itemListElement\":[{\"@type\":\"ListItem\",\"position\":1,\"name\":\"In\u00edcio\",\"item\":\"https:\/\/brasilnoticias.org\/site\/\"},{\"@type\":\"ListItem\",\"position\":2,\"name\":\"Sesab alerta para bact\u00e9ria resistente a antibi\u00f3ticos detectada em hospitais de Salvador\"}]},{\"@type\":\"WebSite\",\"@id\":\"https:\/\/brasilnoticias.org\/site\/#website\",\"url\":\"https:\/\/brasilnoticias.org\/site\/\",\"name\":\"Brasil not\u00edcias\",\"description\":\"Brasil not\u00edcias\",\"publisher\":{\"@id\":\"https:\/\/brasilnoticias.org\/site\/#organization\"},\"potentialAction\":[{\"@type\":\"SearchAction\",\"target\":{\"@type\":\"EntryPoint\",\"urlTemplate\":\"https:\/\/brasilnoticias.org\/site\/?s={search_term_string}\"},\"query-input\":{\"@type\":\"PropertyValueSpecification\",\"valueRequired\":true,\"valueName\":\"search_term_string\"}}],\"inLanguage\":\"pt-PT\"},{\"@type\":\"Organization\",\"@id\":\"https:\/\/brasilnoticias.org\/site\/#organization\",\"name\":\"Brasil not\u00edcias\",\"url\":\"https:\/\/brasilnoticias.org\/site\/\",\"logo\":{\"@type\":\"ImageObject\",\"inLanguage\":\"pt-PT\",\"@id\":\"https:\/\/brasilnoticias.org\/site\/#\/schema\/logo\/image\/\",\"url\":\"https:\/\/brasilnoticias.org\/site\/wp-content\/uploads\/2022\/05\/cropped-brasilnoticias-mini.jpg\",\"contentUrl\":\"https:\/\/brasilnoticias.org\/site\/wp-content\/uploads\/2022\/05\/cropped-brasilnoticias-mini.jpg\",\"width\":314,\"height\":86,\"caption\":\"Brasil not\u00edcias\"},\"image\":{\"@id\":\"https:\/\/brasilnoticias.org\/site\/#\/schema\/logo\/image\/\"}},{\"@type\":\"Person\",\"@id\":\"https:\/\/brasilnoticias.org\/site\/#\/schema\/person\/f609fa847b5314f1c8b983342f34c798\",\"name\":\"Reda\u00e7\u00e3o\",\"image\":{\"@type\":\"ImageObject\",\"inLanguage\":\"pt-PT\",\"@id\":\"https:\/\/brasilnoticias.org\/site\/#\/schema\/person\/image\/\",\"url\":\"https:\/\/secure.gravatar.com\/avatar\/447284c06c1ad8b46465a36de9cd0d8326b73387a22799b8b1ffb1fbcff2ed0c?s=96&d=mm&r=g\",\"contentUrl\":\"https:\/\/secure.gravatar.com\/avatar\/447284c06c1ad8b46465a36de9cd0d8326b73387a22799b8b1ffb1fbcff2ed0c?s=96&d=mm&r=g\",\"caption\":\"Reda\u00e7\u00e3o\"},\"url\":\"https:\/\/brasilnoticias.org\/site\/author\/redacao\/\"}]}<\/script>\n<!-- \/ Yoast SEO plugin. -->","yoast_head_json":{"title":"Sesab alerta para bact\u00e9ria resistente a antibi\u00f3ticos detectada em hospitais de Salvador - Brasil not\u00edcias","robots":{"index":"index","follow":"follow","max-snippet":"max-snippet:-1","max-image-preview":"max-image-preview:large","max-video-preview":"max-video-preview:-1"},"canonical":"https:\/\/brasilnoticias.org\/site\/sesab-alerta-para-bacteria-resistente-a-antibioticos-detectada-em-hospitais-de-salvador\/","og_locale":"pt_PT","og_type":"article","og_title":"Sesab alerta para bact\u00e9ria resistente a antibi\u00f3ticos detectada em hospitais de Salvador - Brasil not\u00edcias","og_description":"A\u00a0Secretaria Estadual de Sa\u00fade (Sesab)\u00a0emitiu um alerta sobre o registro de uma\u00a0bact\u00e9ria, resistente ao uso de antibi\u00f3ticos, identificada entre janeiro","og_url":"https:\/\/brasilnoticias.org\/site\/sesab-alerta-para-bacteria-resistente-a-antibioticos-detectada-em-hospitais-de-salvador\/","og_site_name":"Brasil not\u00edcias","article_published_time":"2022-05-11T17:00:22+00:00","og_image":[{"width":800,"height":450,"url":"https:\/\/brasilnoticias.org\/site\/wp-content\/uploads\/2022\/05\/sesab_alerta_para_bacteria_resistente_a_antibioticos_detectada_em_hospitais_de_salvador_widelg.jpg","type":"image\/jpeg"}],"author":"Reda\u00e7\u00e3o","twitter_card":"summary_large_image","twitter_misc":{"Escrito por":"Reda\u00e7\u00e3o","Tempo estimado de leitura":"2 minutos"},"schema":{"@context":"https:\/\/schema.org","@graph":[{"@type":"Article","@id":"https:\/\/brasilnoticias.org\/site\/sesab-alerta-para-bacteria-resistente-a-antibioticos-detectada-em-hospitais-de-salvador\/#article","isPartOf":{"@id":"https:\/\/brasilnoticias.org\/site\/sesab-alerta-para-bacteria-resistente-a-antibioticos-detectada-em-hospitais-de-salvador\/"},"author":{"name":"Reda\u00e7\u00e3o","@id":"https:\/\/brasilnoticias.org\/site\/#\/schema\/person\/f609fa847b5314f1c8b983342f34c798"},"headline":"Sesab alerta para bact\u00e9ria resistente a antibi\u00f3ticos detectada em hospitais de Salvador","datePublished":"2022-05-11T17:00:22+00:00","mainEntityOfPage":{"@id":"https:\/\/brasilnoticias.org\/site\/sesab-alerta-para-bacteria-resistente-a-antibioticos-detectada-em-hospitais-de-salvador\/"},"wordCount":449,"commentCount":0,"publisher":{"@id":"https:\/\/brasilnoticias.org\/site\/#organization"},"image":{"@id":"https:\/\/brasilnoticias.org\/site\/sesab-alerta-para-bacteria-resistente-a-antibioticos-detectada-em-hospitais-de-salvador\/#primaryimage"},"thumbnailUrl":"https:\/\/brasilnoticias.org\/site\/wp-content\/uploads\/2022\/05\/sesab_alerta_para_bacteria_resistente_a_antibioticos_detectada_em_hospitais_de_salvador_widelg.jpg","articleSection":["Not\u00edcias","\u00daltimas"],"inLanguage":"pt-PT","potentialAction":[{"@type":"CommentAction","name":"Comment","target":["https:\/\/brasilnoticias.org\/site\/sesab-alerta-para-bacteria-resistente-a-antibioticos-detectada-em-hospitais-de-salvador\/#respond"]}]},{"@type":"WebPage","@id":"https:\/\/brasilnoticias.org\/site\/sesab-alerta-para-bacteria-resistente-a-antibioticos-detectada-em-hospitais-de-salvador\/","url":"https:\/\/brasilnoticias.org\/site\/sesab-alerta-para-bacteria-resistente-a-antibioticos-detectada-em-hospitais-de-salvador\/","name":"Sesab alerta para bact\u00e9ria resistente a antibi\u00f3ticos detectada em hospitais de Salvador - Brasil not\u00edcias","isPartOf":{"@id":"https:\/\/brasilnoticias.org\/site\/#website"},"primaryImageOfPage":{"@id":"https:\/\/brasilnoticias.org\/site\/sesab-alerta-para-bacteria-resistente-a-antibioticos-detectada-em-hospitais-de-salvador\/#primaryimage"},"image":{"@id":"https:\/\/brasilnoticias.org\/site\/sesab-alerta-para-bacteria-resistente-a-antibioticos-detectada-em-hospitais-de-salvador\/#primaryimage"},"thumbnailUrl":"https:\/\/brasilnoticias.org\/site\/wp-content\/uploads\/2022\/05\/sesab_alerta_para_bacteria_resistente_a_antibioticos_detectada_em_hospitais_de_salvador_widelg.jpg","datePublished":"2022-05-11T17:00:22+00:00","breadcrumb":{"@id":"https:\/\/brasilnoticias.org\/site\/sesab-alerta-para-bacteria-resistente-a-antibioticos-detectada-em-hospitais-de-salvador\/#breadcrumb"},"inLanguage":"pt-PT","potentialAction":[{"@type":"ReadAction","target":["https:\/\/brasilnoticias.org\/site\/sesab-alerta-para-bacteria-resistente-a-antibioticos-detectada-em-hospitais-de-salvador\/"]}]},{"@type":"ImageObject","inLanguage":"pt-PT","@id":"https:\/\/brasilnoticias.org\/site\/sesab-alerta-para-bacteria-resistente-a-antibioticos-detectada-em-hospitais-de-salvador\/#primaryimage","url":"https:\/\/brasilnoticias.org\/site\/wp-content\/uploads\/2022\/05\/sesab_alerta_para_bacteria_resistente_a_antibioticos_detectada_em_hospitais_de_salvador_widelg.jpg","contentUrl":"https:\/\/brasilnoticias.org\/site\/wp-content\/uploads\/2022\/05\/sesab_alerta_para_bacteria_resistente_a_antibioticos_detectada_em_hospitais_de_salvador_widelg.jpg","width":800,"height":450},{"@type":"BreadcrumbList","@id":"https:\/\/brasilnoticias.org\/site\/sesab-alerta-para-bacteria-resistente-a-antibioticos-detectada-em-hospitais-de-salvador\/#breadcrumb","itemListElement":[{"@type":"ListItem","position":1,"name":"In\u00edcio","item":"https:\/\/brasilnoticias.org\/site\/"},{"@type":"ListItem","position":2,"name":"Sesab alerta para bact\u00e9ria resistente a antibi\u00f3ticos detectada em hospitais de Salvador"}]},{"@type":"WebSite","@id":"https:\/\/brasilnoticias.org\/site\/#website","url":"https:\/\/brasilnoticias.org\/site\/","name":"Brasil not\u00edcias","description":"Brasil not\u00edcias","publisher":{"@id":"https:\/\/brasilnoticias.org\/site\/#organization"},"potentialAction":[{"@type":"SearchAction","target":{"@type":"EntryPoint","urlTemplate":"https:\/\/brasilnoticias.org\/site\/?s={search_term_string}"},"query-input":{"@type":"PropertyValueSpecification","valueRequired":true,"valueName":"search_term_string"}}],"inLanguage":"pt-PT"},{"@type":"Organization","@id":"https:\/\/brasilnoticias.org\/site\/#organization","name":"Brasil not\u00edcias","url":"https:\/\/brasilnoticias.org\/site\/","logo":{"@type":"ImageObject","inLanguage":"pt-PT","@id":"https:\/\/brasilnoticias.org\/site\/#\/schema\/logo\/image\/","url":"https:\/\/brasilnoticias.org\/site\/wp-content\/uploads\/2022\/05\/cropped-brasilnoticias-mini.jpg","contentUrl":"https:\/\/brasilnoticias.org\/site\/wp-content\/uploads\/2022\/05\/cropped-brasilnoticias-mini.jpg","width":314,"height":86,"caption":"Brasil not\u00edcias"},"image":{"@id":"https:\/\/brasilnoticias.org\/site\/#\/schema\/logo\/image\/"}},{"@type":"Person","@id":"https:\/\/brasilnoticias.org\/site\/#\/schema\/person\/f609fa847b5314f1c8b983342f34c798","name":"Reda\u00e7\u00e3o","image":{"@type":"ImageObject","inLanguage":"pt-PT","@id":"https:\/\/brasilnoticias.org\/site\/#\/schema\/person\/image\/","url":"https:\/\/secure.gravatar.com\/avatar\/447284c06c1ad8b46465a36de9cd0d8326b73387a22799b8b1ffb1fbcff2ed0c?s=96&d=mm&r=g","contentUrl":"https:\/\/secure.gravatar.com\/avatar\/447284c06c1ad8b46465a36de9cd0d8326b73387a22799b8b1ffb1fbcff2ed0c?s=96&d=mm&r=g","caption":"Reda\u00e7\u00e3o"},"url":"https:\/\/brasilnoticias.org\/site\/author\/redacao\/"}]}},"_links":{"self":[{"href":"https:\/\/brasilnoticias.org\/site\/wp-json\/wp\/v2\/posts\/160","targetHints":{"allow":["GET"]}}],"collection":[{"href":"https:\/\/brasilnoticias.org\/site\/wp-json\/wp\/v2\/posts"}],"about":[{"href":"https:\/\/brasilnoticias.org\/site\/wp-json\/wp\/v2\/types\/post"}],"author":[{"embeddable":true,"href":"https:\/\/brasilnoticias.org\/site\/wp-json\/wp\/v2\/users\/2"}],"replies":[{"embeddable":true,"href":"https:\/\/brasilnoticias.org\/site\/wp-json\/wp\/v2\/comments?post=160"}],"version-history":[{"count":1,"href":"https:\/\/brasilnoticias.org\/site\/wp-json\/wp\/v2\/posts\/160\/revisions"}],"predecessor-version":[{"id":162,"href":"https:\/\/brasilnoticias.org\/site\/wp-json\/wp\/v2\/posts\/160\/revisions\/162"}],"wp:featuredmedia":[{"embeddable":true,"href":"https:\/\/brasilnoticias.org\/site\/wp-json\/wp\/v2\/media\/161"}],"wp:attachment":[{"href":"https:\/\/brasilnoticias.org\/site\/wp-json\/wp\/v2\/media?parent=160"}],"wp:term":[{"taxonomy":"category","embeddable":true,"href":"https:\/\/brasilnoticias.org\/site\/wp-json\/wp\/v2\/categories?post=160"},{"taxonomy":"post_tag","embeddable":true,"href":"https:\/\/brasilnoticias.org\/site\/wp-json\/wp\/v2\/tags?post=160"}],"curies":[{"name":"wp","href":"https:\/\/api.w.org\/{rel}","templated":true}]}}