{"id":16012,"date":"2024-09-21T09:36:23","date_gmt":"2024-09-21T12:36:23","guid":{"rendered":"https:\/\/brasilnoticias.org\/site\/?p=16012"},"modified":"2024-09-21T09:36:23","modified_gmt":"2024-09-21T12:36:23","slug":"a-revolucao-da-confeitaria-funcional-com-caco-ferreira-gastronomia-saudavel-e-empreendedorismo-na-revista-cbn","status":"publish","type":"post","link":"https:\/\/brasilnoticias.org\/site\/a-revolucao-da-confeitaria-funcional-com-caco-ferreira-gastronomia-saudavel-e-empreendedorismo-na-revista-cbn\/","title":{"rendered":"A revolu\u00e7\u00e3o da confeitaria funcional com Caco Ferreira: Gastronomia saud\u00e1vel e empreendedorismo na Revista CBN"},"content":{"rendered":"<p>No programa desta sexta-feira (20) da Revista CBN, recebemos um convidado especial: Caco Ferreira, chef de cozinha funcional e criador da Caco &#038; Tal, uma confeitaria que vem revolucionando o conceito de doces saud\u00e1veis. Caco compartilhou sua inspiradora trajet\u00f3ria, marcada por uma transi\u00e7\u00e3o de carreira surpreendente ap\u00f3s tr\u00eas d\u00e9cadas no mundo corporativo, e como transformou sua paix\u00e3o por criar receitas saud\u00e1veis em uma confeitaria reconhecida por oferecer produtos sem lactose, sem refinados e sem trigo.<\/p>\n<p>Durante a entrevista, Caco relembrou sua inf\u00e2ncia no restaurante da fam\u00edlia, onde sua m\u00e3e, uma grande influ\u00eancia, despertou nele o interesse pela gastronomia. Ele explicou como essa experi\u00eancia moldou sua vis\u00e3o e o incentivou a seguir um caminho fora do convencional, sempre buscando inova\u00e7\u00f5es e receitas diferenciadas.<\/p>\n<p>A preocupa\u00e7\u00e3o com a sa\u00fade, especialmente devido aos casos de obesidade na fam\u00edlia, foi outra motiva\u00e7\u00e3o crucial para a cria\u00e7\u00e3o do card\u00e1pio da Caco &#038; Tal. Eu queria criar algo que unisse sabor e bem-estar&#8221;, contou Caco, revelando como esse objetivo norteou suas cria\u00e7\u00f5es funcionais.<\/p>\n<p>A confeitaria de Caco se destaca pela complexidade de adaptar receitas cl\u00e1ssicas para vers\u00f5es funcionais e saud\u00e1veis. &#8220;Os maiores desafios est\u00e3o em manter o sabor e a textura que as pessoas esperam, sem usar ingredientes tradicionais como trigo e a\u00e7\u00facar refinado&#8221;, afirmou o chef.<\/p>\n<p>O sucesso da Caco &#038; Tal n\u00e3o ficou restrito \u00e0 Bahia. Grandes marcas como **Tea Shop e Mundo Verde come\u00e7aram a vender seus produtos, levando o nome da confeitaria para outros estados, como Fortaleza e S\u00e3o Paulo. &#8220;Foi uma trajet\u00f3ria de muita persist\u00eancia e qualidade. Nossos produtos falam por si&#8221;, disse Caco, ao comentar sobre a expans\u00e3o do seu neg\u00f3cio.<\/p>\n<p>A pandemia tamb\u00e9m teve um papel importante na trajet\u00f3ria de Caco. Durante esse per\u00edodo, ele revisitou seu antigo sonho de trabalhar com gastronomia, decidindo, ap\u00f3s 30 anos de carreira como administrador e especialista em recursos humanos, dedicar-se totalmente \u00e0 confeitaria saud\u00e1vel. &#8220;Foi uma virada de chave. A pandemia trouxe essa reflex\u00e3o sobre sa\u00fade e prop\u00f3sito de vida&#8221;, relatou.<\/p>\n<p>Hoje, a Caco &#038; Tal est\u00e1 inserida em um setor em ascens\u00e3o. A confeitaria artesanal fatura R$ 12 bilh\u00f5es por ano no Brasil, e Caco acredita que sua marca tem muito espa\u00e7o para crescer nesse cen\u00e1rio. Ele v\u00ea o futuro da confeitaria saud\u00e1vel e funcional com otimismo, sempre buscando inova\u00e7\u00f5es no seu &#8220;laborat\u00f3rio de ideias&#8221;, onde explora novos produtos e sabores.<\/p>\n<p>Para empreendedores que desejam entrar no setor, Caco compartilha um conselho valioso: &#8220;Acredite no seu produto e nunca comprometa a qualidade. O mercado est\u00e1 crescendo, mas \u00e9 a paix\u00e3o e a autenticidade que v\u00e3o te diferenciar.&#8221;<\/p>\n<p>Com uma vis\u00e3o equilibrada entre sa\u00fade e prazer gastron\u00f4mico, Caco Ferreira segue conquistando paladares e mostrando que \u00e9 poss\u00edvel ter uma vida saud\u00e1vel e saborosa ao mesmo tempo.<\/p>\n","protected":false},"excerpt":{"rendered":"<p>No programa desta sexta-feira (20) da Revista CBN, recebemos um convidado especial: Caco Ferreira, chef de cozinha funcional e criador<\/p>\n","protected":false},"author":4,"featured_media":16014,"comment_status":"open","ping_status":"open","sticky":false,"template":"","format":"standard","meta":{"colormag_page_container_layout":"default_layout","colormag_page_sidebar_layout":"default_layout","_FSMCFIC_featured_image_caption":"","_FSMCFIC_featured_image_nocaption":"","_FSMCFIC_featured_image_hide":"","footnotes":""},"categories":[2,1],"tags":[],"class_list":["post-16012","post","type-post","status-publish","format-standard","has-post-thumbnail","hentry","category-noticias","category-ultimas"],"yoast_head":"<!-- This site is optimized with the Yoast SEO plugin v27.1.1 - https:\/\/yoast.com\/product\/yoast-seo-wordpress\/ -->\n<title>A revolu\u00e7\u00e3o da confeitaria funcional com Caco Ferreira: Gastronomia saud\u00e1vel e empreendedorismo na Revista CBN - Brasil not\u00edcias<\/title>\n<meta name=\"robots\" content=\"index, follow, max-snippet:-1, max-image-preview:large, max-video-preview:-1\" \/>\n<link rel=\"canonical\" href=\"https:\/\/brasilnoticias.org\/site\/a-revolucao-da-confeitaria-funcional-com-caco-ferreira-gastronomia-saudavel-e-empreendedorismo-na-revista-cbn\/\" \/>\n<meta property=\"og:locale\" content=\"pt_PT\" \/>\n<meta property=\"og:type\" content=\"article\" \/>\n<meta property=\"og:title\" content=\"A revolu\u00e7\u00e3o da confeitaria funcional com Caco Ferreira: Gastronomia saud\u00e1vel e empreendedorismo na Revista CBN - Brasil not\u00edcias\" \/>\n<meta property=\"og:description\" content=\"No programa desta sexta-feira (20) da Revista CBN, recebemos um convidado especial: Caco Ferreira, chef de cozinha funcional e criador\" \/>\n<meta property=\"og:url\" content=\"https:\/\/brasilnoticias.org\/site\/a-revolucao-da-confeitaria-funcional-com-caco-ferreira-gastronomia-saudavel-e-empreendedorismo-na-revista-cbn\/\" \/>\n<meta property=\"og:site_name\" content=\"Brasil not\u00edcias\" \/>\n<meta property=\"article:published_time\" content=\"2024-09-21T12:36:23+00:00\" \/>\n<meta property=\"og:image\" content=\"https:\/\/brasilnoticias.org\/site\/wp-content\/uploads\/2024\/09\/IMAGEM_NOTICIA_0-11.jpg\" \/>\n\t<meta property=\"og:image:width\" content=\"850\" \/>\n\t<meta property=\"og:image:height\" content=\"400\" \/>\n\t<meta property=\"og:image:type\" content=\"image\/jpeg\" \/>\n<meta name=\"author\" content=\"Reda\u00e7\u00e3o\" \/>\n<meta name=\"twitter:card\" content=\"summary_large_image\" \/>\n<meta name=\"twitter:label1\" content=\"Escrito por\" \/>\n\t<meta name=\"twitter:data1\" content=\"Reda\u00e7\u00e3o\" \/>\n<script type=\"application\/ld+json\" class=\"yoast-schema-graph\">{\"@context\":\"https:\/\/schema.org\",\"@graph\":[{\"@type\":\"Article\",\"@id\":\"https:\/\/brasilnoticias.org\/site\/a-revolucao-da-confeitaria-funcional-com-caco-ferreira-gastronomia-saudavel-e-empreendedorismo-na-revista-cbn\/#article\",\"isPartOf\":{\"@id\":\"https:\/\/brasilnoticias.org\/site\/a-revolucao-da-confeitaria-funcional-com-caco-ferreira-gastronomia-saudavel-e-empreendedorismo-na-revista-cbn\/\"},\"author\":{\"name\":\"Reda\u00e7\u00e3o\",\"@id\":\"https:\/\/brasilnoticias.org\/site\/#\/schema\/person\/03bbbfe6c7634ad18c26444ea39049fa\"},\"headline\":\"A revolu\u00e7\u00e3o da confeitaria funcional com Caco Ferreira: Gastronomia saud\u00e1vel e empreendedorismo na Revista CBN\",\"datePublished\":\"2024-09-21T12:36:23+00:00\",\"mainEntityOfPage\":{\"@id\":\"https:\/\/brasilnoticias.org\/site\/a-revolucao-da-confeitaria-funcional-com-caco-ferreira-gastronomia-saudavel-e-empreendedorismo-na-revista-cbn\/\"},\"wordCount\":516,\"commentCount\":0,\"publisher\":{\"@id\":\"https:\/\/brasilnoticias.org\/site\/#organization\"},\"image\":{\"@id\":\"https:\/\/brasilnoticias.org\/site\/a-revolucao-da-confeitaria-funcional-com-caco-ferreira-gastronomia-saudavel-e-empreendedorismo-na-revista-cbn\/#primaryimage\"},\"thumbnailUrl\":\"https:\/\/brasilnoticias.org\/site\/wp-content\/uploads\/2024\/09\/IMAGEM_NOTICIA_0-11.jpg\",\"articleSection\":[\"Not\u00edcias\",\"\u00daltimas\"],\"inLanguage\":\"pt-PT\",\"potentialAction\":[{\"@type\":\"CommentAction\",\"name\":\"Comment\",\"target\":[\"https:\/\/brasilnoticias.org\/site\/a-revolucao-da-confeitaria-funcional-com-caco-ferreira-gastronomia-saudavel-e-empreendedorismo-na-revista-cbn\/#respond\"]}]},{\"@type\":\"WebPage\",\"@id\":\"https:\/\/brasilnoticias.org\/site\/a-revolucao-da-confeitaria-funcional-com-caco-ferreira-gastronomia-saudavel-e-empreendedorismo-na-revista-cbn\/\",\"url\":\"https:\/\/brasilnoticias.org\/site\/a-revolucao-da-confeitaria-funcional-com-caco-ferreira-gastronomia-saudavel-e-empreendedorismo-na-revista-cbn\/\",\"name\":\"A revolu\u00e7\u00e3o da confeitaria funcional com Caco Ferreira: Gastronomia saud\u00e1vel e empreendedorismo na Revista CBN - Brasil not\u00edcias\",\"isPartOf\":{\"@id\":\"https:\/\/brasilnoticias.org\/site\/#website\"},\"primaryImageOfPage\":{\"@id\":\"https:\/\/brasilnoticias.org\/site\/a-revolucao-da-confeitaria-funcional-com-caco-ferreira-gastronomia-saudavel-e-empreendedorismo-na-revista-cbn\/#primaryimage\"},\"image\":{\"@id\":\"https:\/\/brasilnoticias.org\/site\/a-revolucao-da-confeitaria-funcional-com-caco-ferreira-gastronomia-saudavel-e-empreendedorismo-na-revista-cbn\/#primaryimage\"},\"thumbnailUrl\":\"https:\/\/brasilnoticias.org\/site\/wp-content\/uploads\/2024\/09\/IMAGEM_NOTICIA_0-11.jpg\",\"datePublished\":\"2024-09-21T12:36:23+00:00\",\"breadcrumb\":{\"@id\":\"https:\/\/brasilnoticias.org\/site\/a-revolucao-da-confeitaria-funcional-com-caco-ferreira-gastronomia-saudavel-e-empreendedorismo-na-revista-cbn\/#breadcrumb\"},\"inLanguage\":\"pt-PT\",\"potentialAction\":[{\"@type\":\"ReadAction\",\"target\":[\"https:\/\/brasilnoticias.org\/site\/a-revolucao-da-confeitaria-funcional-com-caco-ferreira-gastronomia-saudavel-e-empreendedorismo-na-revista-cbn\/\"]}]},{\"@type\":\"ImageObject\",\"inLanguage\":\"pt-PT\",\"@id\":\"https:\/\/brasilnoticias.org\/site\/a-revolucao-da-confeitaria-funcional-com-caco-ferreira-gastronomia-saudavel-e-empreendedorismo-na-revista-cbn\/#primaryimage\",\"url\":\"https:\/\/brasilnoticias.org\/site\/wp-content\/uploads\/2024\/09\/IMAGEM_NOTICIA_0-11.jpg\",\"contentUrl\":\"https:\/\/brasilnoticias.org\/site\/wp-content\/uploads\/2024\/09\/IMAGEM_NOTICIA_0-11.jpg\",\"width\":850,\"height\":400},{\"@type\":\"BreadcrumbList\",\"@id\":\"https:\/\/brasilnoticias.org\/site\/a-revolucao-da-confeitaria-funcional-com-caco-ferreira-gastronomia-saudavel-e-empreendedorismo-na-revista-cbn\/#breadcrumb\",\"itemListElement\":[{\"@type\":\"ListItem\",\"position\":1,\"name\":\"In\u00edcio\",\"item\":\"https:\/\/brasilnoticias.org\/site\/\"},{\"@type\":\"ListItem\",\"position\":2,\"name\":\"A revolu\u00e7\u00e3o da confeitaria funcional com Caco Ferreira: Gastronomia saud\u00e1vel e empreendedorismo na Revista CBN\"}]},{\"@type\":\"WebSite\",\"@id\":\"https:\/\/brasilnoticias.org\/site\/#website\",\"url\":\"https:\/\/brasilnoticias.org\/site\/\",\"name\":\"Brasil not\u00edcias\",\"description\":\"Brasil not\u00edcias\",\"publisher\":{\"@id\":\"https:\/\/brasilnoticias.org\/site\/#organization\"},\"potentialAction\":[{\"@type\":\"SearchAction\",\"target\":{\"@type\":\"EntryPoint\",\"urlTemplate\":\"https:\/\/brasilnoticias.org\/site\/?s={search_term_string}\"},\"query-input\":{\"@type\":\"PropertyValueSpecification\",\"valueRequired\":true,\"valueName\":\"search_term_string\"}}],\"inLanguage\":\"pt-PT\"},{\"@type\":\"Organization\",\"@id\":\"https:\/\/brasilnoticias.org\/site\/#organization\",\"name\":\"Brasil not\u00edcias\",\"url\":\"https:\/\/brasilnoticias.org\/site\/\",\"logo\":{\"@type\":\"ImageObject\",\"inLanguage\":\"pt-PT\",\"@id\":\"https:\/\/brasilnoticias.org\/site\/#\/schema\/logo\/image\/\",\"url\":\"https:\/\/brasilnoticias.org\/site\/wp-content\/uploads\/2022\/05\/cropped-brasilnoticias-mini.jpg\",\"contentUrl\":\"https:\/\/brasilnoticias.org\/site\/wp-content\/uploads\/2022\/05\/cropped-brasilnoticias-mini.jpg\",\"width\":314,\"height\":86,\"caption\":\"Brasil not\u00edcias\"},\"image\":{\"@id\":\"https:\/\/brasilnoticias.org\/site\/#\/schema\/logo\/image\/\"}},{\"@type\":\"Person\",\"@id\":\"https:\/\/brasilnoticias.org\/site\/#\/schema\/person\/03bbbfe6c7634ad18c26444ea39049fa\",\"name\":\"Reda\u00e7\u00e3o\",\"image\":{\"@type\":\"ImageObject\",\"inLanguage\":\"pt-PT\",\"@id\":\"https:\/\/brasilnoticias.org\/site\/#\/schema\/person\/image\/\",\"url\":\"https:\/\/secure.gravatar.com\/avatar\/9ecaf7327a696cb23ad926fedded5f1f04d7049de9e445375d55b48c001a6e42?s=96&d=mm&r=g\",\"contentUrl\":\"https:\/\/secure.gravatar.com\/avatar\/9ecaf7327a696cb23ad926fedded5f1f04d7049de9e445375d55b48c001a6e42?s=96&d=mm&r=g\",\"caption\":\"Reda\u00e7\u00e3o\"},\"url\":\"https:\/\/brasilnoticias.org\/site\/author\/henrique\/\"}]}<\/script>\n<!-- \/ Yoast SEO plugin. -->","yoast_head_json":{"title":"A revolu\u00e7\u00e3o da confeitaria funcional com Caco Ferreira: Gastronomia saud\u00e1vel e empreendedorismo na Revista CBN - Brasil not\u00edcias","robots":{"index":"index","follow":"follow","max-snippet":"max-snippet:-1","max-image-preview":"max-image-preview:large","max-video-preview":"max-video-preview:-1"},"canonical":"https:\/\/brasilnoticias.org\/site\/a-revolucao-da-confeitaria-funcional-com-caco-ferreira-gastronomia-saudavel-e-empreendedorismo-na-revista-cbn\/","og_locale":"pt_PT","og_type":"article","og_title":"A revolu\u00e7\u00e3o da confeitaria funcional com Caco Ferreira: Gastronomia saud\u00e1vel e empreendedorismo na Revista CBN - Brasil not\u00edcias","og_description":"No programa desta sexta-feira (20) da Revista CBN, recebemos um convidado especial: Caco Ferreira, chef de cozinha funcional e criador","og_url":"https:\/\/brasilnoticias.org\/site\/a-revolucao-da-confeitaria-funcional-com-caco-ferreira-gastronomia-saudavel-e-empreendedorismo-na-revista-cbn\/","og_site_name":"Brasil not\u00edcias","article_published_time":"2024-09-21T12:36:23+00:00","og_image":[{"width":850,"height":400,"url":"https:\/\/brasilnoticias.org\/site\/wp-content\/uploads\/2024\/09\/IMAGEM_NOTICIA_0-11.jpg","type":"image\/jpeg"}],"author":"Reda\u00e7\u00e3o","twitter_card":"summary_large_image","twitter_misc":{"Escrito por":"Reda\u00e7\u00e3o"},"schema":{"@context":"https:\/\/schema.org","@graph":[{"@type":"Article","@id":"https:\/\/brasilnoticias.org\/site\/a-revolucao-da-confeitaria-funcional-com-caco-ferreira-gastronomia-saudavel-e-empreendedorismo-na-revista-cbn\/#article","isPartOf":{"@id":"https:\/\/brasilnoticias.org\/site\/a-revolucao-da-confeitaria-funcional-com-caco-ferreira-gastronomia-saudavel-e-empreendedorismo-na-revista-cbn\/"},"author":{"name":"Reda\u00e7\u00e3o","@id":"https:\/\/brasilnoticias.org\/site\/#\/schema\/person\/03bbbfe6c7634ad18c26444ea39049fa"},"headline":"A revolu\u00e7\u00e3o da confeitaria funcional com Caco Ferreira: Gastronomia saud\u00e1vel e empreendedorismo na Revista CBN","datePublished":"2024-09-21T12:36:23+00:00","mainEntityOfPage":{"@id":"https:\/\/brasilnoticias.org\/site\/a-revolucao-da-confeitaria-funcional-com-caco-ferreira-gastronomia-saudavel-e-empreendedorismo-na-revista-cbn\/"},"wordCount":516,"commentCount":0,"publisher":{"@id":"https:\/\/brasilnoticias.org\/site\/#organization"},"image":{"@id":"https:\/\/brasilnoticias.org\/site\/a-revolucao-da-confeitaria-funcional-com-caco-ferreira-gastronomia-saudavel-e-empreendedorismo-na-revista-cbn\/#primaryimage"},"thumbnailUrl":"https:\/\/brasilnoticias.org\/site\/wp-content\/uploads\/2024\/09\/IMAGEM_NOTICIA_0-11.jpg","articleSection":["Not\u00edcias","\u00daltimas"],"inLanguage":"pt-PT","potentialAction":[{"@type":"CommentAction","name":"Comment","target":["https:\/\/brasilnoticias.org\/site\/a-revolucao-da-confeitaria-funcional-com-caco-ferreira-gastronomia-saudavel-e-empreendedorismo-na-revista-cbn\/#respond"]}]},{"@type":"WebPage","@id":"https:\/\/brasilnoticias.org\/site\/a-revolucao-da-confeitaria-funcional-com-caco-ferreira-gastronomia-saudavel-e-empreendedorismo-na-revista-cbn\/","url":"https:\/\/brasilnoticias.org\/site\/a-revolucao-da-confeitaria-funcional-com-caco-ferreira-gastronomia-saudavel-e-empreendedorismo-na-revista-cbn\/","name":"A revolu\u00e7\u00e3o da confeitaria funcional com Caco Ferreira: Gastronomia saud\u00e1vel e empreendedorismo na Revista CBN - Brasil not\u00edcias","isPartOf":{"@id":"https:\/\/brasilnoticias.org\/site\/#website"},"primaryImageOfPage":{"@id":"https:\/\/brasilnoticias.org\/site\/a-revolucao-da-confeitaria-funcional-com-caco-ferreira-gastronomia-saudavel-e-empreendedorismo-na-revista-cbn\/#primaryimage"},"image":{"@id":"https:\/\/brasilnoticias.org\/site\/a-revolucao-da-confeitaria-funcional-com-caco-ferreira-gastronomia-saudavel-e-empreendedorismo-na-revista-cbn\/#primaryimage"},"thumbnailUrl":"https:\/\/brasilnoticias.org\/site\/wp-content\/uploads\/2024\/09\/IMAGEM_NOTICIA_0-11.jpg","datePublished":"2024-09-21T12:36:23+00:00","breadcrumb":{"@id":"https:\/\/brasilnoticias.org\/site\/a-revolucao-da-confeitaria-funcional-com-caco-ferreira-gastronomia-saudavel-e-empreendedorismo-na-revista-cbn\/#breadcrumb"},"inLanguage":"pt-PT","potentialAction":[{"@type":"ReadAction","target":["https:\/\/brasilnoticias.org\/site\/a-revolucao-da-confeitaria-funcional-com-caco-ferreira-gastronomia-saudavel-e-empreendedorismo-na-revista-cbn\/"]}]},{"@type":"ImageObject","inLanguage":"pt-PT","@id":"https:\/\/brasilnoticias.org\/site\/a-revolucao-da-confeitaria-funcional-com-caco-ferreira-gastronomia-saudavel-e-empreendedorismo-na-revista-cbn\/#primaryimage","url":"https:\/\/brasilnoticias.org\/site\/wp-content\/uploads\/2024\/09\/IMAGEM_NOTICIA_0-11.jpg","contentUrl":"https:\/\/brasilnoticias.org\/site\/wp-content\/uploads\/2024\/09\/IMAGEM_NOTICIA_0-11.jpg","width":850,"height":400},{"@type":"BreadcrumbList","@id":"https:\/\/brasilnoticias.org\/site\/a-revolucao-da-confeitaria-funcional-com-caco-ferreira-gastronomia-saudavel-e-empreendedorismo-na-revista-cbn\/#breadcrumb","itemListElement":[{"@type":"ListItem","position":1,"name":"In\u00edcio","item":"https:\/\/brasilnoticias.org\/site\/"},{"@type":"ListItem","position":2,"name":"A revolu\u00e7\u00e3o da confeitaria funcional com Caco Ferreira: Gastronomia saud\u00e1vel e empreendedorismo na Revista CBN"}]},{"@type":"WebSite","@id":"https:\/\/brasilnoticias.org\/site\/#website","url":"https:\/\/brasilnoticias.org\/site\/","name":"Brasil not\u00edcias","description":"Brasil not\u00edcias","publisher":{"@id":"https:\/\/brasilnoticias.org\/site\/#organization"},"potentialAction":[{"@type":"SearchAction","target":{"@type":"EntryPoint","urlTemplate":"https:\/\/brasilnoticias.org\/site\/?s={search_term_string}"},"query-input":{"@type":"PropertyValueSpecification","valueRequired":true,"valueName":"search_term_string"}}],"inLanguage":"pt-PT"},{"@type":"Organization","@id":"https:\/\/brasilnoticias.org\/site\/#organization","name":"Brasil not\u00edcias","url":"https:\/\/brasilnoticias.org\/site\/","logo":{"@type":"ImageObject","inLanguage":"pt-PT","@id":"https:\/\/brasilnoticias.org\/site\/#\/schema\/logo\/image\/","url":"https:\/\/brasilnoticias.org\/site\/wp-content\/uploads\/2022\/05\/cropped-brasilnoticias-mini.jpg","contentUrl":"https:\/\/brasilnoticias.org\/site\/wp-content\/uploads\/2022\/05\/cropped-brasilnoticias-mini.jpg","width":314,"height":86,"caption":"Brasil not\u00edcias"},"image":{"@id":"https:\/\/brasilnoticias.org\/site\/#\/schema\/logo\/image\/"}},{"@type":"Person","@id":"https:\/\/brasilnoticias.org\/site\/#\/schema\/person\/03bbbfe6c7634ad18c26444ea39049fa","name":"Reda\u00e7\u00e3o","image":{"@type":"ImageObject","inLanguage":"pt-PT","@id":"https:\/\/brasilnoticias.org\/site\/#\/schema\/person\/image\/","url":"https:\/\/secure.gravatar.com\/avatar\/9ecaf7327a696cb23ad926fedded5f1f04d7049de9e445375d55b48c001a6e42?s=96&d=mm&r=g","contentUrl":"https:\/\/secure.gravatar.com\/avatar\/9ecaf7327a696cb23ad926fedded5f1f04d7049de9e445375d55b48c001a6e42?s=96&d=mm&r=g","caption":"Reda\u00e7\u00e3o"},"url":"https:\/\/brasilnoticias.org\/site\/author\/henrique\/"}]}},"_links":{"self":[{"href":"https:\/\/brasilnoticias.org\/site\/wp-json\/wp\/v2\/posts\/16012","targetHints":{"allow":["GET"]}}],"collection":[{"href":"https:\/\/brasilnoticias.org\/site\/wp-json\/wp\/v2\/posts"}],"about":[{"href":"https:\/\/brasilnoticias.org\/site\/wp-json\/wp\/v2\/types\/post"}],"author":[{"embeddable":true,"href":"https:\/\/brasilnoticias.org\/site\/wp-json\/wp\/v2\/users\/4"}],"replies":[{"embeddable":true,"href":"https:\/\/brasilnoticias.org\/site\/wp-json\/wp\/v2\/comments?post=16012"}],"version-history":[{"count":1,"href":"https:\/\/brasilnoticias.org\/site\/wp-json\/wp\/v2\/posts\/16012\/revisions"}],"predecessor-version":[{"id":16015,"href":"https:\/\/brasilnoticias.org\/site\/wp-json\/wp\/v2\/posts\/16012\/revisions\/16015"}],"wp:featuredmedia":[{"embeddable":true,"href":"https:\/\/brasilnoticias.org\/site\/wp-json\/wp\/v2\/media\/16014"}],"wp:attachment":[{"href":"https:\/\/brasilnoticias.org\/site\/wp-json\/wp\/v2\/media?parent=16012"}],"wp:term":[{"taxonomy":"category","embeddable":true,"href":"https:\/\/brasilnoticias.org\/site\/wp-json\/wp\/v2\/categories?post=16012"},{"taxonomy":"post_tag","embeddable":true,"href":"https:\/\/brasilnoticias.org\/site\/wp-json\/wp\/v2\/tags?post=16012"}],"curies":[{"name":"wp","href":"https:\/\/api.w.org\/{rel}","templated":true}]}}