{"id":16019,"date":"2024-09-21T09:38:04","date_gmt":"2024-09-21T12:38:04","guid":{"rendered":"https:\/\/brasilnoticias.org\/site\/?p=16019"},"modified":"2024-09-21T09:38:04","modified_gmt":"2024-09-21T12:38:04","slug":"bruno-reis-afirma-que-todas-as-acoes-do-seu-plano-de-governo-tem-recursos-assegurados-e-exalta-autonomia-da-gestao","status":"publish","type":"post","link":"https:\/\/brasilnoticias.org\/site\/bruno-reis-afirma-que-todas-as-acoes-do-seu-plano-de-governo-tem-recursos-assegurados-e-exalta-autonomia-da-gestao\/","title":{"rendered":"Bruno Reis afirma que todas as a\u00e7\u00f5es do seu plano de governo t\u00eam recursos assegurados e exalta autonomia da gest\u00e3o"},"content":{"rendered":"<p>O prefeito e candidato \u00e0 reelei\u00e7\u00e3o em Salvador, Bruno Reis (Uni\u00e3o Brasil), afirmou nesta sexta-feira (20) que todas as a\u00e7\u00f5es do seu plano de governo j\u00e1 est\u00e3o com projetos prontos ou em reta final de desenvolvimento e com recursos assegurados. Al\u00e9m disso, o gestor destacou o volume de entregas dos seus quatro anos de mandato, o que mostra a autonomia da Prefeitura e a sua capacidade de tirar obras do papel, sempre colocando as disputas pol\u00edtico-partid\u00e1rias de lado em prol da capital baiana.<\/p>\n<p>\u201cVoc\u00eas j\u00e1 me conhecem, eu nunca fico esperando. Eu me coloco \u00e0 disposi\u00e7\u00e3o dos demais gestores para resolvermos em conjunto. Tenho uma s\u00e9rie de programas e projetos para realizar em parceria. Mas, se n\u00e3o for poss\u00edvel, a gente faz sozinho. J\u00e1 estamos h\u00e1 um bom tempo fazendo isso, j\u00e1 sabemos os caminhos. Todos os meus compromissos que estou colocando no plano de governo n\u00e3o est\u00e3o condicionados a obter a parceria deste ou daquele governo. Se tiver, melhor, vai tornar mais f\u00e1cil\u201d, disse Bruno Reis.<\/p>\n<p>O candidato da coliga\u00e7\u00e3o \u201cO Trabalho N\u00e3o Para\u201d concedeu entrevista coletiva ap\u00f3s uma sess\u00e3o especial na Assembleia Legislativa da Bahia (Alba) para a entrega da Comenda 2 de Julho \u00e0 empres\u00e1ria Isabela Suarez. Mais cedo, pela manh\u00e3, ele ainda participou de uma caminhada no bairro da Engomadeira.<\/p>\n<p>Bruno lembrou que esteve envolvido em todas as grandes transforma\u00e7\u00f5es vividas pela capital baiana nos \u00faltimos anos. Primeiro, como secret\u00e1rio da gest\u00e3o de ACM Neto, depois como vice-prefeito e, nos \u00faltimos quatro anos, \u00e0 frente da Prefeitura. A sua experi\u00eancia, portanto, \u00e9 uma garantia a mais ao eleitor soteropolitano de que todas as a\u00e7\u00f5es ser\u00e3o cumpridas.<\/p>\n<p>\u201cTodos os projetos e todas as obras que vieram do governo anterior foram conclu\u00eddas e ampliadas, e ainda atingiram uma propor\u00e7\u00e3o muito maior durante o nosso mandato. Nesses quatro anos, iniciamos e conclu\u00edmos diversas obras e a\u00e7\u00f5es. Outras est\u00e3o em fase de entrega, algumas at\u00e9 o final do mandato, em dezembro, outras no in\u00edcio do ano que vem. Mas, temos muitos projetos em licita\u00e7\u00e3o e outros sendo elaborados, sempre com recursos assegurados com opera\u00e7\u00e3o de cr\u00e9dito, garantindo que ser\u00e3o entregues\u201d, afirmou.<\/p>\n<p>O prefeito lembrou do seu per\u00edodo como deputado estadual, por dois mandatos na Alba. Destacou que, apesar de integrar a bancada de oposi\u00e7\u00e3o, nunca atacou a pessoa f\u00edsica do governador ou de qualquer integrante da gest\u00e3o estadual, postura que mant\u00e9m agora, como prefeito. \u201cN\u00e3o fa\u00e7o pol\u00edtica contra as pessoas, fa\u00e7o a favor das pessoas. Nunca agredi ningu\u00e9m, nunca falei da vida de ningu\u00e9m, s\u00f3 falo quando sou obrigado a me defender porque est\u00e3o me atacando\u201d, disse.<\/p>\n<p>\u201cNo dia 7 (de outubro), o palanque ser\u00e1 desarmado. Estarei \u00e0 disposi\u00e7\u00e3o do governador e do presidente, para trabalhar de m\u00e3os dadas pelo bem da nossa cidade. Quero resolver os problemas em conjunto, quero levar todos os benef\u00edcios e melhorias para a vida do povo. As pessoas j\u00e1 me conhecem, h\u00e1 quatro anos eu disse que, independentemente de quem fosse o governador ou o presidente, eu garantiria a melhor rela\u00e7\u00e3o institucional poss\u00edvel, sempre colocando os interesses da cidade acima de qualquer quest\u00e3o pol\u00edtico-partid\u00e1ria. A popula\u00e7\u00e3o confiou nessa minha palavra e assim foi feito\u201d, completou Bruno Reis.<\/p>\n","protected":false},"excerpt":{"rendered":"<p>O prefeito e candidato \u00e0 reelei\u00e7\u00e3o em Salvador, Bruno Reis (Uni\u00e3o Brasil), afirmou nesta sexta-feira (20) que todas as a\u00e7\u00f5es<\/p>\n","protected":false},"author":4,"featured_media":16020,"comment_status":"open","ping_status":"open","sticky":false,"template":"","format":"standard","meta":{"colormag_page_container_layout":"default_layout","colormag_page_sidebar_layout":"default_layout","_FSMCFIC_featured_image_caption":"","_FSMCFIC_featured_image_nocaption":"","_FSMCFIC_featured_image_hide":"","footnotes":""},"categories":[2,1],"tags":[],"class_list":["post-16019","post","type-post","status-publish","format-standard","has-post-thumbnail","hentry","category-noticias","category-ultimas"],"yoast_head":"<!-- This site is optimized with the Yoast SEO plugin v27.1.1 - https:\/\/yoast.com\/product\/yoast-seo-wordpress\/ -->\n<title>Bruno Reis afirma que todas as a\u00e7\u00f5es do seu plano de governo t\u00eam recursos assegurados e exalta autonomia da gest\u00e3o - Brasil not\u00edcias<\/title>\n<meta name=\"robots\" content=\"index, follow, max-snippet:-1, max-image-preview:large, max-video-preview:-1\" \/>\n<link rel=\"canonical\" href=\"https:\/\/brasilnoticias.org\/site\/bruno-reis-afirma-que-todas-as-acoes-do-seu-plano-de-governo-tem-recursos-assegurados-e-exalta-autonomia-da-gestao\/\" \/>\n<meta property=\"og:locale\" content=\"pt_PT\" \/>\n<meta property=\"og:type\" content=\"article\" \/>\n<meta property=\"og:title\" content=\"Bruno Reis afirma que todas as a\u00e7\u00f5es do seu plano de governo t\u00eam recursos assegurados e exalta autonomia da gest\u00e3o - Brasil not\u00edcias\" \/>\n<meta property=\"og:description\" content=\"O prefeito e candidato \u00e0 reelei\u00e7\u00e3o em Salvador, Bruno Reis (Uni\u00e3o Brasil), afirmou nesta sexta-feira (20) que todas as a\u00e7\u00f5es\" \/>\n<meta property=\"og:url\" content=\"https:\/\/brasilnoticias.org\/site\/bruno-reis-afirma-que-todas-as-acoes-do-seu-plano-de-governo-tem-recursos-assegurados-e-exalta-autonomia-da-gestao\/\" \/>\n<meta property=\"og:site_name\" content=\"Brasil not\u00edcias\" \/>\n<meta property=\"article:published_time\" content=\"2024-09-21T12:38:04+00:00\" \/>\n<meta property=\"og:image\" content=\"https:\/\/brasilnoticias.org\/site\/wp-content\/uploads\/2024\/09\/IMAGEM_NOTICIA_1-2.jpg\" \/>\n\t<meta property=\"og:image:width\" content=\"600\" \/>\n\t<meta property=\"og:image:height\" content=\"430\" \/>\n\t<meta property=\"og:image:type\" content=\"image\/jpeg\" \/>\n<meta name=\"author\" content=\"Reda\u00e7\u00e3o\" \/>\n<meta name=\"twitter:card\" content=\"summary_large_image\" \/>\n<meta name=\"twitter:label1\" content=\"Escrito por\" \/>\n\t<meta name=\"twitter:data1\" content=\"Reda\u00e7\u00e3o\" \/>\n\t<meta name=\"twitter:label2\" content=\"Tempo estimado de leitura\" \/>\n\t<meta name=\"twitter:data2\" content=\"1 minuto\" \/>\n<script type=\"application\/ld+json\" class=\"yoast-schema-graph\">{\"@context\":\"https:\/\/schema.org\",\"@graph\":[{\"@type\":\"Article\",\"@id\":\"https:\/\/brasilnoticias.org\/site\/bruno-reis-afirma-que-todas-as-acoes-do-seu-plano-de-governo-tem-recursos-assegurados-e-exalta-autonomia-da-gestao\/#article\",\"isPartOf\":{\"@id\":\"https:\/\/brasilnoticias.org\/site\/bruno-reis-afirma-que-todas-as-acoes-do-seu-plano-de-governo-tem-recursos-assegurados-e-exalta-autonomia-da-gestao\/\"},\"author\":{\"name\":\"Reda\u00e7\u00e3o\",\"@id\":\"https:\/\/brasilnoticias.org\/site\/#\/schema\/person\/03bbbfe6c7634ad18c26444ea39049fa\"},\"headline\":\"Bruno Reis afirma que todas as a\u00e7\u00f5es do seu plano de governo t\u00eam recursos assegurados e exalta autonomia da gest\u00e3o\",\"datePublished\":\"2024-09-21T12:38:04+00:00\",\"mainEntityOfPage\":{\"@id\":\"https:\/\/brasilnoticias.org\/site\/bruno-reis-afirma-que-todas-as-acoes-do-seu-plano-de-governo-tem-recursos-assegurados-e-exalta-autonomia-da-gestao\/\"},\"wordCount\":594,\"commentCount\":0,\"publisher\":{\"@id\":\"https:\/\/brasilnoticias.org\/site\/#organization\"},\"image\":{\"@id\":\"https:\/\/brasilnoticias.org\/site\/bruno-reis-afirma-que-todas-as-acoes-do-seu-plano-de-governo-tem-recursos-assegurados-e-exalta-autonomia-da-gestao\/#primaryimage\"},\"thumbnailUrl\":\"https:\/\/brasilnoticias.org\/site\/wp-content\/uploads\/2024\/09\/IMAGEM_NOTICIA_1-2.jpg\",\"articleSection\":[\"Not\u00edcias\",\"\u00daltimas\"],\"inLanguage\":\"pt-PT\",\"potentialAction\":[{\"@type\":\"CommentAction\",\"name\":\"Comment\",\"target\":[\"https:\/\/brasilnoticias.org\/site\/bruno-reis-afirma-que-todas-as-acoes-do-seu-plano-de-governo-tem-recursos-assegurados-e-exalta-autonomia-da-gestao\/#respond\"]}]},{\"@type\":\"WebPage\",\"@id\":\"https:\/\/brasilnoticias.org\/site\/bruno-reis-afirma-que-todas-as-acoes-do-seu-plano-de-governo-tem-recursos-assegurados-e-exalta-autonomia-da-gestao\/\",\"url\":\"https:\/\/brasilnoticias.org\/site\/bruno-reis-afirma-que-todas-as-acoes-do-seu-plano-de-governo-tem-recursos-assegurados-e-exalta-autonomia-da-gestao\/\",\"name\":\"Bruno Reis afirma que todas as a\u00e7\u00f5es do seu plano de governo t\u00eam recursos assegurados e exalta autonomia da gest\u00e3o - Brasil not\u00edcias\",\"isPartOf\":{\"@id\":\"https:\/\/brasilnoticias.org\/site\/#website\"},\"primaryImageOfPage\":{\"@id\":\"https:\/\/brasilnoticias.org\/site\/bruno-reis-afirma-que-todas-as-acoes-do-seu-plano-de-governo-tem-recursos-assegurados-e-exalta-autonomia-da-gestao\/#primaryimage\"},\"image\":{\"@id\":\"https:\/\/brasilnoticias.org\/site\/bruno-reis-afirma-que-todas-as-acoes-do-seu-plano-de-governo-tem-recursos-assegurados-e-exalta-autonomia-da-gestao\/#primaryimage\"},\"thumbnailUrl\":\"https:\/\/brasilnoticias.org\/site\/wp-content\/uploads\/2024\/09\/IMAGEM_NOTICIA_1-2.jpg\",\"datePublished\":\"2024-09-21T12:38:04+00:00\",\"breadcrumb\":{\"@id\":\"https:\/\/brasilnoticias.org\/site\/bruno-reis-afirma-que-todas-as-acoes-do-seu-plano-de-governo-tem-recursos-assegurados-e-exalta-autonomia-da-gestao\/#breadcrumb\"},\"inLanguage\":\"pt-PT\",\"potentialAction\":[{\"@type\":\"ReadAction\",\"target\":[\"https:\/\/brasilnoticias.org\/site\/bruno-reis-afirma-que-todas-as-acoes-do-seu-plano-de-governo-tem-recursos-assegurados-e-exalta-autonomia-da-gestao\/\"]}]},{\"@type\":\"ImageObject\",\"inLanguage\":\"pt-PT\",\"@id\":\"https:\/\/brasilnoticias.org\/site\/bruno-reis-afirma-que-todas-as-acoes-do-seu-plano-de-governo-tem-recursos-assegurados-e-exalta-autonomia-da-gestao\/#primaryimage\",\"url\":\"https:\/\/brasilnoticias.org\/site\/wp-content\/uploads\/2024\/09\/IMAGEM_NOTICIA_1-2.jpg\",\"contentUrl\":\"https:\/\/brasilnoticias.org\/site\/wp-content\/uploads\/2024\/09\/IMAGEM_NOTICIA_1-2.jpg\",\"width\":600,\"height\":430},{\"@type\":\"BreadcrumbList\",\"@id\":\"https:\/\/brasilnoticias.org\/site\/bruno-reis-afirma-que-todas-as-acoes-do-seu-plano-de-governo-tem-recursos-assegurados-e-exalta-autonomia-da-gestao\/#breadcrumb\",\"itemListElement\":[{\"@type\":\"ListItem\",\"position\":1,\"name\":\"In\u00edcio\",\"item\":\"https:\/\/brasilnoticias.org\/site\/\"},{\"@type\":\"ListItem\",\"position\":2,\"name\":\"Bruno Reis afirma que todas as a\u00e7\u00f5es do seu plano de governo t\u00eam recursos assegurados e exalta autonomia da gest\u00e3o\"}]},{\"@type\":\"WebSite\",\"@id\":\"https:\/\/brasilnoticias.org\/site\/#website\",\"url\":\"https:\/\/brasilnoticias.org\/site\/\",\"name\":\"Brasil not\u00edcias\",\"description\":\"Brasil not\u00edcias\",\"publisher\":{\"@id\":\"https:\/\/brasilnoticias.org\/site\/#organization\"},\"potentialAction\":[{\"@type\":\"SearchAction\",\"target\":{\"@type\":\"EntryPoint\",\"urlTemplate\":\"https:\/\/brasilnoticias.org\/site\/?s={search_term_string}\"},\"query-input\":{\"@type\":\"PropertyValueSpecification\",\"valueRequired\":true,\"valueName\":\"search_term_string\"}}],\"inLanguage\":\"pt-PT\"},{\"@type\":\"Organization\",\"@id\":\"https:\/\/brasilnoticias.org\/site\/#organization\",\"name\":\"Brasil not\u00edcias\",\"url\":\"https:\/\/brasilnoticias.org\/site\/\",\"logo\":{\"@type\":\"ImageObject\",\"inLanguage\":\"pt-PT\",\"@id\":\"https:\/\/brasilnoticias.org\/site\/#\/schema\/logo\/image\/\",\"url\":\"https:\/\/brasilnoticias.org\/site\/wp-content\/uploads\/2022\/05\/cropped-brasilnoticias-mini.jpg\",\"contentUrl\":\"https:\/\/brasilnoticias.org\/site\/wp-content\/uploads\/2022\/05\/cropped-brasilnoticias-mini.jpg\",\"width\":314,\"height\":86,\"caption\":\"Brasil not\u00edcias\"},\"image\":{\"@id\":\"https:\/\/brasilnoticias.org\/site\/#\/schema\/logo\/image\/\"}},{\"@type\":\"Person\",\"@id\":\"https:\/\/brasilnoticias.org\/site\/#\/schema\/person\/03bbbfe6c7634ad18c26444ea39049fa\",\"name\":\"Reda\u00e7\u00e3o\",\"image\":{\"@type\":\"ImageObject\",\"inLanguage\":\"pt-PT\",\"@id\":\"https:\/\/brasilnoticias.org\/site\/#\/schema\/person\/image\/\",\"url\":\"https:\/\/secure.gravatar.com\/avatar\/9ecaf7327a696cb23ad926fedded5f1f04d7049de9e445375d55b48c001a6e42?s=96&d=mm&r=g\",\"contentUrl\":\"https:\/\/secure.gravatar.com\/avatar\/9ecaf7327a696cb23ad926fedded5f1f04d7049de9e445375d55b48c001a6e42?s=96&d=mm&r=g\",\"caption\":\"Reda\u00e7\u00e3o\"},\"url\":\"https:\/\/brasilnoticias.org\/site\/author\/henrique\/\"}]}<\/script>\n<!-- \/ Yoast SEO plugin. -->","yoast_head_json":{"title":"Bruno Reis afirma que todas as a\u00e7\u00f5es do seu plano de governo t\u00eam recursos assegurados e exalta autonomia da gest\u00e3o - Brasil not\u00edcias","robots":{"index":"index","follow":"follow","max-snippet":"max-snippet:-1","max-image-preview":"max-image-preview:large","max-video-preview":"max-video-preview:-1"},"canonical":"https:\/\/brasilnoticias.org\/site\/bruno-reis-afirma-que-todas-as-acoes-do-seu-plano-de-governo-tem-recursos-assegurados-e-exalta-autonomia-da-gestao\/","og_locale":"pt_PT","og_type":"article","og_title":"Bruno Reis afirma que todas as a\u00e7\u00f5es do seu plano de governo t\u00eam recursos assegurados e exalta autonomia da gest\u00e3o - Brasil not\u00edcias","og_description":"O prefeito e candidato \u00e0 reelei\u00e7\u00e3o em Salvador, Bruno Reis (Uni\u00e3o Brasil), afirmou nesta sexta-feira (20) que todas as a\u00e7\u00f5es","og_url":"https:\/\/brasilnoticias.org\/site\/bruno-reis-afirma-que-todas-as-acoes-do-seu-plano-de-governo-tem-recursos-assegurados-e-exalta-autonomia-da-gestao\/","og_site_name":"Brasil not\u00edcias","article_published_time":"2024-09-21T12:38:04+00:00","og_image":[{"width":600,"height":430,"url":"https:\/\/brasilnoticias.org\/site\/wp-content\/uploads\/2024\/09\/IMAGEM_NOTICIA_1-2.jpg","type":"image\/jpeg"}],"author":"Reda\u00e7\u00e3o","twitter_card":"summary_large_image","twitter_misc":{"Escrito por":"Reda\u00e7\u00e3o","Tempo estimado de leitura":"1 minuto"},"schema":{"@context":"https:\/\/schema.org","@graph":[{"@type":"Article","@id":"https:\/\/brasilnoticias.org\/site\/bruno-reis-afirma-que-todas-as-acoes-do-seu-plano-de-governo-tem-recursos-assegurados-e-exalta-autonomia-da-gestao\/#article","isPartOf":{"@id":"https:\/\/brasilnoticias.org\/site\/bruno-reis-afirma-que-todas-as-acoes-do-seu-plano-de-governo-tem-recursos-assegurados-e-exalta-autonomia-da-gestao\/"},"author":{"name":"Reda\u00e7\u00e3o","@id":"https:\/\/brasilnoticias.org\/site\/#\/schema\/person\/03bbbfe6c7634ad18c26444ea39049fa"},"headline":"Bruno Reis afirma que todas as a\u00e7\u00f5es do seu plano de governo t\u00eam recursos assegurados e exalta autonomia da gest\u00e3o","datePublished":"2024-09-21T12:38:04+00:00","mainEntityOfPage":{"@id":"https:\/\/brasilnoticias.org\/site\/bruno-reis-afirma-que-todas-as-acoes-do-seu-plano-de-governo-tem-recursos-assegurados-e-exalta-autonomia-da-gestao\/"},"wordCount":594,"commentCount":0,"publisher":{"@id":"https:\/\/brasilnoticias.org\/site\/#organization"},"image":{"@id":"https:\/\/brasilnoticias.org\/site\/bruno-reis-afirma-que-todas-as-acoes-do-seu-plano-de-governo-tem-recursos-assegurados-e-exalta-autonomia-da-gestao\/#primaryimage"},"thumbnailUrl":"https:\/\/brasilnoticias.org\/site\/wp-content\/uploads\/2024\/09\/IMAGEM_NOTICIA_1-2.jpg","articleSection":["Not\u00edcias","\u00daltimas"],"inLanguage":"pt-PT","potentialAction":[{"@type":"CommentAction","name":"Comment","target":["https:\/\/brasilnoticias.org\/site\/bruno-reis-afirma-que-todas-as-acoes-do-seu-plano-de-governo-tem-recursos-assegurados-e-exalta-autonomia-da-gestao\/#respond"]}]},{"@type":"WebPage","@id":"https:\/\/brasilnoticias.org\/site\/bruno-reis-afirma-que-todas-as-acoes-do-seu-plano-de-governo-tem-recursos-assegurados-e-exalta-autonomia-da-gestao\/","url":"https:\/\/brasilnoticias.org\/site\/bruno-reis-afirma-que-todas-as-acoes-do-seu-plano-de-governo-tem-recursos-assegurados-e-exalta-autonomia-da-gestao\/","name":"Bruno Reis afirma que todas as a\u00e7\u00f5es do seu plano de governo t\u00eam recursos assegurados e exalta autonomia da gest\u00e3o - Brasil not\u00edcias","isPartOf":{"@id":"https:\/\/brasilnoticias.org\/site\/#website"},"primaryImageOfPage":{"@id":"https:\/\/brasilnoticias.org\/site\/bruno-reis-afirma-que-todas-as-acoes-do-seu-plano-de-governo-tem-recursos-assegurados-e-exalta-autonomia-da-gestao\/#primaryimage"},"image":{"@id":"https:\/\/brasilnoticias.org\/site\/bruno-reis-afirma-que-todas-as-acoes-do-seu-plano-de-governo-tem-recursos-assegurados-e-exalta-autonomia-da-gestao\/#primaryimage"},"thumbnailUrl":"https:\/\/brasilnoticias.org\/site\/wp-content\/uploads\/2024\/09\/IMAGEM_NOTICIA_1-2.jpg","datePublished":"2024-09-21T12:38:04+00:00","breadcrumb":{"@id":"https:\/\/brasilnoticias.org\/site\/bruno-reis-afirma-que-todas-as-acoes-do-seu-plano-de-governo-tem-recursos-assegurados-e-exalta-autonomia-da-gestao\/#breadcrumb"},"inLanguage":"pt-PT","potentialAction":[{"@type":"ReadAction","target":["https:\/\/brasilnoticias.org\/site\/bruno-reis-afirma-que-todas-as-acoes-do-seu-plano-de-governo-tem-recursos-assegurados-e-exalta-autonomia-da-gestao\/"]}]},{"@type":"ImageObject","inLanguage":"pt-PT","@id":"https:\/\/brasilnoticias.org\/site\/bruno-reis-afirma-que-todas-as-acoes-do-seu-plano-de-governo-tem-recursos-assegurados-e-exalta-autonomia-da-gestao\/#primaryimage","url":"https:\/\/brasilnoticias.org\/site\/wp-content\/uploads\/2024\/09\/IMAGEM_NOTICIA_1-2.jpg","contentUrl":"https:\/\/brasilnoticias.org\/site\/wp-content\/uploads\/2024\/09\/IMAGEM_NOTICIA_1-2.jpg","width":600,"height":430},{"@type":"BreadcrumbList","@id":"https:\/\/brasilnoticias.org\/site\/bruno-reis-afirma-que-todas-as-acoes-do-seu-plano-de-governo-tem-recursos-assegurados-e-exalta-autonomia-da-gestao\/#breadcrumb","itemListElement":[{"@type":"ListItem","position":1,"name":"In\u00edcio","item":"https:\/\/brasilnoticias.org\/site\/"},{"@type":"ListItem","position":2,"name":"Bruno Reis afirma que todas as a\u00e7\u00f5es do seu plano de governo t\u00eam recursos assegurados e exalta autonomia da gest\u00e3o"}]},{"@type":"WebSite","@id":"https:\/\/brasilnoticias.org\/site\/#website","url":"https:\/\/brasilnoticias.org\/site\/","name":"Brasil not\u00edcias","description":"Brasil not\u00edcias","publisher":{"@id":"https:\/\/brasilnoticias.org\/site\/#organization"},"potentialAction":[{"@type":"SearchAction","target":{"@type":"EntryPoint","urlTemplate":"https:\/\/brasilnoticias.org\/site\/?s={search_term_string}"},"query-input":{"@type":"PropertyValueSpecification","valueRequired":true,"valueName":"search_term_string"}}],"inLanguage":"pt-PT"},{"@type":"Organization","@id":"https:\/\/brasilnoticias.org\/site\/#organization","name":"Brasil not\u00edcias","url":"https:\/\/brasilnoticias.org\/site\/","logo":{"@type":"ImageObject","inLanguage":"pt-PT","@id":"https:\/\/brasilnoticias.org\/site\/#\/schema\/logo\/image\/","url":"https:\/\/brasilnoticias.org\/site\/wp-content\/uploads\/2022\/05\/cropped-brasilnoticias-mini.jpg","contentUrl":"https:\/\/brasilnoticias.org\/site\/wp-content\/uploads\/2022\/05\/cropped-brasilnoticias-mini.jpg","width":314,"height":86,"caption":"Brasil not\u00edcias"},"image":{"@id":"https:\/\/brasilnoticias.org\/site\/#\/schema\/logo\/image\/"}},{"@type":"Person","@id":"https:\/\/brasilnoticias.org\/site\/#\/schema\/person\/03bbbfe6c7634ad18c26444ea39049fa","name":"Reda\u00e7\u00e3o","image":{"@type":"ImageObject","inLanguage":"pt-PT","@id":"https:\/\/brasilnoticias.org\/site\/#\/schema\/person\/image\/","url":"https:\/\/secure.gravatar.com\/avatar\/9ecaf7327a696cb23ad926fedded5f1f04d7049de9e445375d55b48c001a6e42?s=96&d=mm&r=g","contentUrl":"https:\/\/secure.gravatar.com\/avatar\/9ecaf7327a696cb23ad926fedded5f1f04d7049de9e445375d55b48c001a6e42?s=96&d=mm&r=g","caption":"Reda\u00e7\u00e3o"},"url":"https:\/\/brasilnoticias.org\/site\/author\/henrique\/"}]}},"_links":{"self":[{"href":"https:\/\/brasilnoticias.org\/site\/wp-json\/wp\/v2\/posts\/16019","targetHints":{"allow":["GET"]}}],"collection":[{"href":"https:\/\/brasilnoticias.org\/site\/wp-json\/wp\/v2\/posts"}],"about":[{"href":"https:\/\/brasilnoticias.org\/site\/wp-json\/wp\/v2\/types\/post"}],"author":[{"embeddable":true,"href":"https:\/\/brasilnoticias.org\/site\/wp-json\/wp\/v2\/users\/4"}],"replies":[{"embeddable":true,"href":"https:\/\/brasilnoticias.org\/site\/wp-json\/wp\/v2\/comments?post=16019"}],"version-history":[{"count":1,"href":"https:\/\/brasilnoticias.org\/site\/wp-json\/wp\/v2\/posts\/16019\/revisions"}],"predecessor-version":[{"id":16021,"href":"https:\/\/brasilnoticias.org\/site\/wp-json\/wp\/v2\/posts\/16019\/revisions\/16021"}],"wp:featuredmedia":[{"embeddable":true,"href":"https:\/\/brasilnoticias.org\/site\/wp-json\/wp\/v2\/media\/16020"}],"wp:attachment":[{"href":"https:\/\/brasilnoticias.org\/site\/wp-json\/wp\/v2\/media?parent=16019"}],"wp:term":[{"taxonomy":"category","embeddable":true,"href":"https:\/\/brasilnoticias.org\/site\/wp-json\/wp\/v2\/categories?post=16019"},{"taxonomy":"post_tag","embeddable":true,"href":"https:\/\/brasilnoticias.org\/site\/wp-json\/wp\/v2\/tags?post=16019"}],"curies":[{"name":"wp","href":"https:\/\/api.w.org\/{rel}","templated":true}]}}