{"id":16022,"date":"2024-09-21T09:39:44","date_gmt":"2024-09-21T12:39:44","guid":{"rendered":"https:\/\/brasilnoticias.org\/site\/?p=16022"},"modified":"2024-09-21T09:39:44","modified_gmt":"2024-09-21T12:39:44","slug":"candidatos-nao-podem-ser-presos-a-partir-deste-sabado","status":"publish","type":"post","link":"https:\/\/brasilnoticias.org\/site\/candidatos-nao-podem-ser-presos-a-partir-deste-sabado\/","title":{"rendered":"Candidatos n\u00e3o podem ser presos a partir deste s\u00e1bado"},"content":{"rendered":"<p>Pris\u00f5es s\u00f3 podem ser feitas em caso de flagrante<\/p>\n<p>A partir deste s\u00e1bado (21), candidatos a prefeito e vereador n\u00e3o poder\u00e3o ser presos, exceto em casos de flagrante, at\u00e9 o dia 8 de outubro, dois dias ap\u00f3s o primeiro turno das elei\u00e7\u00f5es. Essa restri\u00e7\u00e3o \u00e9 prevista no C\u00f3digo Eleitoral e visa garantir a equidade na disputa e o pleno exerc\u00edcio das campanhas.<\/p>\n<p>Caso um candidato seja detido, ele deve ser levado imediatamente ao juiz, que pode revogar a pris\u00e3o se verificar irregularidades. A medida tem como objetivo prevenir que pris\u00f5es sejam usadas para constranger ou afastar candidatos de suas atividades eleitorais.<\/p>\n<p>Nas elei\u00e7\u00f5es municipais deste ano, 15,5 mil candidatos disputam 5.569 prefeituras, enquanto 431,8 mil concorrem a 58,4 mil vagas nas C\u00e2maras Municipais. A restri\u00e7\u00e3o \u00e0s pris\u00f5es tamb\u00e9m se aplicar\u00e1 no segundo turno, entre os dias 12 e 29 de outubro.<\/p>\n<p>A legisla\u00e7\u00e3o tamb\u00e9m pro\u00edbe a pris\u00e3o de eleitores cinco dias antes e 48 horas ap\u00f3s as elei\u00e7\u00f5es, visando garantir o direito ao voto. Exce\u00e7\u00f5es s\u00e3o feitas para crimes em flagrante ou para cumprimento de senten\u00e7as penais em casos de crimes inafian\u00e7\u00e1veis, como tr\u00e1fico de drogas e racismo.<\/p>\n<p>Foto: Jos\u00e9 Cruz\/Ag\u00eancia Brasil<br \/>\nPor: Metro1<\/p>\n","protected":false},"excerpt":{"rendered":"<p>Pris\u00f5es s\u00f3 podem ser feitas em caso de flagrante A partir deste s\u00e1bado (21), candidatos a prefeito e vereador n\u00e3o<\/p>\n","protected":false},"author":4,"featured_media":16023,"comment_status":"open","ping_status":"open","sticky":false,"template":"","format":"standard","meta":{"colormag_page_container_layout":"default_layout","colormag_page_sidebar_layout":"default_layout","_FSMCFIC_featured_image_caption":"","_FSMCFIC_featured_image_nocaption":"","_FSMCFIC_featured_image_hide":"","footnotes":""},"categories":[2,1],"tags":[],"class_list":["post-16022","post","type-post","status-publish","format-standard","has-post-thumbnail","hentry","category-noticias","category-ultimas"],"yoast_head":"<!-- This site is optimized with the Yoast SEO plugin v27.1.1 - https:\/\/yoast.com\/product\/yoast-seo-wordpress\/ -->\n<title>Candidatos n\u00e3o podem ser presos a partir deste s\u00e1bado - Brasil not\u00edcias<\/title>\n<meta name=\"robots\" content=\"index, follow, max-snippet:-1, max-image-preview:large, max-video-preview:-1\" \/>\n<link rel=\"canonical\" href=\"https:\/\/brasilnoticias.org\/site\/candidatos-nao-podem-ser-presos-a-partir-deste-sabado\/\" \/>\n<meta property=\"og:locale\" content=\"pt_PT\" \/>\n<meta property=\"og:type\" content=\"article\" \/>\n<meta property=\"og:title\" content=\"Candidatos n\u00e3o podem ser presos a partir deste s\u00e1bado - Brasil not\u00edcias\" \/>\n<meta property=\"og:description\" content=\"Pris\u00f5es s\u00f3 podem ser feitas em caso de flagrante A partir deste s\u00e1bado (21), candidatos a prefeito e vereador n\u00e3o\" \/>\n<meta property=\"og:url\" content=\"https:\/\/brasilnoticias.org\/site\/candidatos-nao-podem-ser-presos-a-partir-deste-sabado\/\" \/>\n<meta property=\"og:site_name\" content=\"Brasil not\u00edcias\" \/>\n<meta property=\"article:published_time\" content=\"2024-09-21T12:39:44+00:00\" \/>\n<meta property=\"og:image\" content=\"https:\/\/brasilnoticias.org\/site\/wp-content\/uploads\/2024\/09\/155429candidatos-nao-podem-ser-presos-a-partir-deste-sabado-3.jpg\" \/>\n\t<meta property=\"og:image:width\" content=\"1600\" \/>\n\t<meta property=\"og:image:height\" content=\"752\" \/>\n\t<meta property=\"og:image:type\" content=\"image\/jpeg\" \/>\n<meta name=\"author\" content=\"Reda\u00e7\u00e3o\" \/>\n<meta name=\"twitter:card\" content=\"summary_large_image\" \/>\n<meta name=\"twitter:label1\" content=\"Escrito por\" \/>\n\t<meta name=\"twitter:data1\" content=\"Reda\u00e7\u00e3o\" \/>\n<script type=\"application\/ld+json\" class=\"yoast-schema-graph\">{\"@context\":\"https:\/\/schema.org\",\"@graph\":[{\"@type\":\"Article\",\"@id\":\"https:\/\/brasilnoticias.org\/site\/candidatos-nao-podem-ser-presos-a-partir-deste-sabado\/#article\",\"isPartOf\":{\"@id\":\"https:\/\/brasilnoticias.org\/site\/candidatos-nao-podem-ser-presos-a-partir-deste-sabado\/\"},\"author\":{\"name\":\"Reda\u00e7\u00e3o\",\"@id\":\"https:\/\/brasilnoticias.org\/site\/#\/schema\/person\/03bbbfe6c7634ad18c26444ea39049fa\"},\"headline\":\"Candidatos n\u00e3o podem ser presos a partir deste s\u00e1bado\",\"datePublished\":\"2024-09-21T12:39:44+00:00\",\"mainEntityOfPage\":{\"@id\":\"https:\/\/brasilnoticias.org\/site\/candidatos-nao-podem-ser-presos-a-partir-deste-sabado\/\"},\"wordCount\":224,\"commentCount\":0,\"publisher\":{\"@id\":\"https:\/\/brasilnoticias.org\/site\/#organization\"},\"image\":{\"@id\":\"https:\/\/brasilnoticias.org\/site\/candidatos-nao-podem-ser-presos-a-partir-deste-sabado\/#primaryimage\"},\"thumbnailUrl\":\"https:\/\/brasilnoticias.org\/site\/wp-content\/uploads\/2024\/09\/155429candidatos-nao-podem-ser-presos-a-partir-deste-sabado-3.jpg\",\"articleSection\":[\"Not\u00edcias\",\"\u00daltimas\"],\"inLanguage\":\"pt-PT\",\"potentialAction\":[{\"@type\":\"CommentAction\",\"name\":\"Comment\",\"target\":[\"https:\/\/brasilnoticias.org\/site\/candidatos-nao-podem-ser-presos-a-partir-deste-sabado\/#respond\"]}]},{\"@type\":\"WebPage\",\"@id\":\"https:\/\/brasilnoticias.org\/site\/candidatos-nao-podem-ser-presos-a-partir-deste-sabado\/\",\"url\":\"https:\/\/brasilnoticias.org\/site\/candidatos-nao-podem-ser-presos-a-partir-deste-sabado\/\",\"name\":\"Candidatos n\u00e3o podem ser presos a partir deste s\u00e1bado - Brasil not\u00edcias\",\"isPartOf\":{\"@id\":\"https:\/\/brasilnoticias.org\/site\/#website\"},\"primaryImageOfPage\":{\"@id\":\"https:\/\/brasilnoticias.org\/site\/candidatos-nao-podem-ser-presos-a-partir-deste-sabado\/#primaryimage\"},\"image\":{\"@id\":\"https:\/\/brasilnoticias.org\/site\/candidatos-nao-podem-ser-presos-a-partir-deste-sabado\/#primaryimage\"},\"thumbnailUrl\":\"https:\/\/brasilnoticias.org\/site\/wp-content\/uploads\/2024\/09\/155429candidatos-nao-podem-ser-presos-a-partir-deste-sabado-3.jpg\",\"datePublished\":\"2024-09-21T12:39:44+00:00\",\"breadcrumb\":{\"@id\":\"https:\/\/brasilnoticias.org\/site\/candidatos-nao-podem-ser-presos-a-partir-deste-sabado\/#breadcrumb\"},\"inLanguage\":\"pt-PT\",\"potentialAction\":[{\"@type\":\"ReadAction\",\"target\":[\"https:\/\/brasilnoticias.org\/site\/candidatos-nao-podem-ser-presos-a-partir-deste-sabado\/\"]}]},{\"@type\":\"ImageObject\",\"inLanguage\":\"pt-PT\",\"@id\":\"https:\/\/brasilnoticias.org\/site\/candidatos-nao-podem-ser-presos-a-partir-deste-sabado\/#primaryimage\",\"url\":\"https:\/\/brasilnoticias.org\/site\/wp-content\/uploads\/2024\/09\/155429candidatos-nao-podem-ser-presos-a-partir-deste-sabado-3.jpg\",\"contentUrl\":\"https:\/\/brasilnoticias.org\/site\/wp-content\/uploads\/2024\/09\/155429candidatos-nao-podem-ser-presos-a-partir-deste-sabado-3.jpg\",\"width\":1600,\"height\":752},{\"@type\":\"BreadcrumbList\",\"@id\":\"https:\/\/brasilnoticias.org\/site\/candidatos-nao-podem-ser-presos-a-partir-deste-sabado\/#breadcrumb\",\"itemListElement\":[{\"@type\":\"ListItem\",\"position\":1,\"name\":\"In\u00edcio\",\"item\":\"https:\/\/brasilnoticias.org\/site\/\"},{\"@type\":\"ListItem\",\"position\":2,\"name\":\"Candidatos n\u00e3o podem ser presos a partir deste s\u00e1bado\"}]},{\"@type\":\"WebSite\",\"@id\":\"https:\/\/brasilnoticias.org\/site\/#website\",\"url\":\"https:\/\/brasilnoticias.org\/site\/\",\"name\":\"Brasil not\u00edcias\",\"description\":\"Brasil not\u00edcias\",\"publisher\":{\"@id\":\"https:\/\/brasilnoticias.org\/site\/#organization\"},\"potentialAction\":[{\"@type\":\"SearchAction\",\"target\":{\"@type\":\"EntryPoint\",\"urlTemplate\":\"https:\/\/brasilnoticias.org\/site\/?s={search_term_string}\"},\"query-input\":{\"@type\":\"PropertyValueSpecification\",\"valueRequired\":true,\"valueName\":\"search_term_string\"}}],\"inLanguage\":\"pt-PT\"},{\"@type\":\"Organization\",\"@id\":\"https:\/\/brasilnoticias.org\/site\/#organization\",\"name\":\"Brasil not\u00edcias\",\"url\":\"https:\/\/brasilnoticias.org\/site\/\",\"logo\":{\"@type\":\"ImageObject\",\"inLanguage\":\"pt-PT\",\"@id\":\"https:\/\/brasilnoticias.org\/site\/#\/schema\/logo\/image\/\",\"url\":\"https:\/\/brasilnoticias.org\/site\/wp-content\/uploads\/2022\/05\/cropped-brasilnoticias-mini.jpg\",\"contentUrl\":\"https:\/\/brasilnoticias.org\/site\/wp-content\/uploads\/2022\/05\/cropped-brasilnoticias-mini.jpg\",\"width\":314,\"height\":86,\"caption\":\"Brasil not\u00edcias\"},\"image\":{\"@id\":\"https:\/\/brasilnoticias.org\/site\/#\/schema\/logo\/image\/\"}},{\"@type\":\"Person\",\"@id\":\"https:\/\/brasilnoticias.org\/site\/#\/schema\/person\/03bbbfe6c7634ad18c26444ea39049fa\",\"name\":\"Reda\u00e7\u00e3o\",\"image\":{\"@type\":\"ImageObject\",\"inLanguage\":\"pt-PT\",\"@id\":\"https:\/\/brasilnoticias.org\/site\/#\/schema\/person\/image\/\",\"url\":\"https:\/\/secure.gravatar.com\/avatar\/9ecaf7327a696cb23ad926fedded5f1f04d7049de9e445375d55b48c001a6e42?s=96&d=mm&r=g\",\"contentUrl\":\"https:\/\/secure.gravatar.com\/avatar\/9ecaf7327a696cb23ad926fedded5f1f04d7049de9e445375d55b48c001a6e42?s=96&d=mm&r=g\",\"caption\":\"Reda\u00e7\u00e3o\"},\"url\":\"https:\/\/brasilnoticias.org\/site\/author\/henrique\/\"}]}<\/script>\n<!-- \/ Yoast SEO plugin. -->","yoast_head_json":{"title":"Candidatos n\u00e3o podem ser presos a partir deste s\u00e1bado - Brasil not\u00edcias","robots":{"index":"index","follow":"follow","max-snippet":"max-snippet:-1","max-image-preview":"max-image-preview:large","max-video-preview":"max-video-preview:-1"},"canonical":"https:\/\/brasilnoticias.org\/site\/candidatos-nao-podem-ser-presos-a-partir-deste-sabado\/","og_locale":"pt_PT","og_type":"article","og_title":"Candidatos n\u00e3o podem ser presos a partir deste s\u00e1bado - Brasil not\u00edcias","og_description":"Pris\u00f5es s\u00f3 podem ser feitas em caso de flagrante A partir deste s\u00e1bado (21), candidatos a prefeito e vereador n\u00e3o","og_url":"https:\/\/brasilnoticias.org\/site\/candidatos-nao-podem-ser-presos-a-partir-deste-sabado\/","og_site_name":"Brasil not\u00edcias","article_published_time":"2024-09-21T12:39:44+00:00","og_image":[{"width":1600,"height":752,"url":"https:\/\/brasilnoticias.org\/site\/wp-content\/uploads\/2024\/09\/155429candidatos-nao-podem-ser-presos-a-partir-deste-sabado-3.jpg","type":"image\/jpeg"}],"author":"Reda\u00e7\u00e3o","twitter_card":"summary_large_image","twitter_misc":{"Escrito por":"Reda\u00e7\u00e3o"},"schema":{"@context":"https:\/\/schema.org","@graph":[{"@type":"Article","@id":"https:\/\/brasilnoticias.org\/site\/candidatos-nao-podem-ser-presos-a-partir-deste-sabado\/#article","isPartOf":{"@id":"https:\/\/brasilnoticias.org\/site\/candidatos-nao-podem-ser-presos-a-partir-deste-sabado\/"},"author":{"name":"Reda\u00e7\u00e3o","@id":"https:\/\/brasilnoticias.org\/site\/#\/schema\/person\/03bbbfe6c7634ad18c26444ea39049fa"},"headline":"Candidatos n\u00e3o podem ser presos a partir deste s\u00e1bado","datePublished":"2024-09-21T12:39:44+00:00","mainEntityOfPage":{"@id":"https:\/\/brasilnoticias.org\/site\/candidatos-nao-podem-ser-presos-a-partir-deste-sabado\/"},"wordCount":224,"commentCount":0,"publisher":{"@id":"https:\/\/brasilnoticias.org\/site\/#organization"},"image":{"@id":"https:\/\/brasilnoticias.org\/site\/candidatos-nao-podem-ser-presos-a-partir-deste-sabado\/#primaryimage"},"thumbnailUrl":"https:\/\/brasilnoticias.org\/site\/wp-content\/uploads\/2024\/09\/155429candidatos-nao-podem-ser-presos-a-partir-deste-sabado-3.jpg","articleSection":["Not\u00edcias","\u00daltimas"],"inLanguage":"pt-PT","potentialAction":[{"@type":"CommentAction","name":"Comment","target":["https:\/\/brasilnoticias.org\/site\/candidatos-nao-podem-ser-presos-a-partir-deste-sabado\/#respond"]}]},{"@type":"WebPage","@id":"https:\/\/brasilnoticias.org\/site\/candidatos-nao-podem-ser-presos-a-partir-deste-sabado\/","url":"https:\/\/brasilnoticias.org\/site\/candidatos-nao-podem-ser-presos-a-partir-deste-sabado\/","name":"Candidatos n\u00e3o podem ser presos a partir deste s\u00e1bado - Brasil not\u00edcias","isPartOf":{"@id":"https:\/\/brasilnoticias.org\/site\/#website"},"primaryImageOfPage":{"@id":"https:\/\/brasilnoticias.org\/site\/candidatos-nao-podem-ser-presos-a-partir-deste-sabado\/#primaryimage"},"image":{"@id":"https:\/\/brasilnoticias.org\/site\/candidatos-nao-podem-ser-presos-a-partir-deste-sabado\/#primaryimage"},"thumbnailUrl":"https:\/\/brasilnoticias.org\/site\/wp-content\/uploads\/2024\/09\/155429candidatos-nao-podem-ser-presos-a-partir-deste-sabado-3.jpg","datePublished":"2024-09-21T12:39:44+00:00","breadcrumb":{"@id":"https:\/\/brasilnoticias.org\/site\/candidatos-nao-podem-ser-presos-a-partir-deste-sabado\/#breadcrumb"},"inLanguage":"pt-PT","potentialAction":[{"@type":"ReadAction","target":["https:\/\/brasilnoticias.org\/site\/candidatos-nao-podem-ser-presos-a-partir-deste-sabado\/"]}]},{"@type":"ImageObject","inLanguage":"pt-PT","@id":"https:\/\/brasilnoticias.org\/site\/candidatos-nao-podem-ser-presos-a-partir-deste-sabado\/#primaryimage","url":"https:\/\/brasilnoticias.org\/site\/wp-content\/uploads\/2024\/09\/155429candidatos-nao-podem-ser-presos-a-partir-deste-sabado-3.jpg","contentUrl":"https:\/\/brasilnoticias.org\/site\/wp-content\/uploads\/2024\/09\/155429candidatos-nao-podem-ser-presos-a-partir-deste-sabado-3.jpg","width":1600,"height":752},{"@type":"BreadcrumbList","@id":"https:\/\/brasilnoticias.org\/site\/candidatos-nao-podem-ser-presos-a-partir-deste-sabado\/#breadcrumb","itemListElement":[{"@type":"ListItem","position":1,"name":"In\u00edcio","item":"https:\/\/brasilnoticias.org\/site\/"},{"@type":"ListItem","position":2,"name":"Candidatos n\u00e3o podem ser presos a partir deste s\u00e1bado"}]},{"@type":"WebSite","@id":"https:\/\/brasilnoticias.org\/site\/#website","url":"https:\/\/brasilnoticias.org\/site\/","name":"Brasil not\u00edcias","description":"Brasil not\u00edcias","publisher":{"@id":"https:\/\/brasilnoticias.org\/site\/#organization"},"potentialAction":[{"@type":"SearchAction","target":{"@type":"EntryPoint","urlTemplate":"https:\/\/brasilnoticias.org\/site\/?s={search_term_string}"},"query-input":{"@type":"PropertyValueSpecification","valueRequired":true,"valueName":"search_term_string"}}],"inLanguage":"pt-PT"},{"@type":"Organization","@id":"https:\/\/brasilnoticias.org\/site\/#organization","name":"Brasil not\u00edcias","url":"https:\/\/brasilnoticias.org\/site\/","logo":{"@type":"ImageObject","inLanguage":"pt-PT","@id":"https:\/\/brasilnoticias.org\/site\/#\/schema\/logo\/image\/","url":"https:\/\/brasilnoticias.org\/site\/wp-content\/uploads\/2022\/05\/cropped-brasilnoticias-mini.jpg","contentUrl":"https:\/\/brasilnoticias.org\/site\/wp-content\/uploads\/2022\/05\/cropped-brasilnoticias-mini.jpg","width":314,"height":86,"caption":"Brasil not\u00edcias"},"image":{"@id":"https:\/\/brasilnoticias.org\/site\/#\/schema\/logo\/image\/"}},{"@type":"Person","@id":"https:\/\/brasilnoticias.org\/site\/#\/schema\/person\/03bbbfe6c7634ad18c26444ea39049fa","name":"Reda\u00e7\u00e3o","image":{"@type":"ImageObject","inLanguage":"pt-PT","@id":"https:\/\/brasilnoticias.org\/site\/#\/schema\/person\/image\/","url":"https:\/\/secure.gravatar.com\/avatar\/9ecaf7327a696cb23ad926fedded5f1f04d7049de9e445375d55b48c001a6e42?s=96&d=mm&r=g","contentUrl":"https:\/\/secure.gravatar.com\/avatar\/9ecaf7327a696cb23ad926fedded5f1f04d7049de9e445375d55b48c001a6e42?s=96&d=mm&r=g","caption":"Reda\u00e7\u00e3o"},"url":"https:\/\/brasilnoticias.org\/site\/author\/henrique\/"}]}},"_links":{"self":[{"href":"https:\/\/brasilnoticias.org\/site\/wp-json\/wp\/v2\/posts\/16022","targetHints":{"allow":["GET"]}}],"collection":[{"href":"https:\/\/brasilnoticias.org\/site\/wp-json\/wp\/v2\/posts"}],"about":[{"href":"https:\/\/brasilnoticias.org\/site\/wp-json\/wp\/v2\/types\/post"}],"author":[{"embeddable":true,"href":"https:\/\/brasilnoticias.org\/site\/wp-json\/wp\/v2\/users\/4"}],"replies":[{"embeddable":true,"href":"https:\/\/brasilnoticias.org\/site\/wp-json\/wp\/v2\/comments?post=16022"}],"version-history":[{"count":1,"href":"https:\/\/brasilnoticias.org\/site\/wp-json\/wp\/v2\/posts\/16022\/revisions"}],"predecessor-version":[{"id":16024,"href":"https:\/\/brasilnoticias.org\/site\/wp-json\/wp\/v2\/posts\/16022\/revisions\/16024"}],"wp:featuredmedia":[{"embeddable":true,"href":"https:\/\/brasilnoticias.org\/site\/wp-json\/wp\/v2\/media\/16023"}],"wp:attachment":[{"href":"https:\/\/brasilnoticias.org\/site\/wp-json\/wp\/v2\/media?parent=16022"}],"wp:term":[{"taxonomy":"category","embeddable":true,"href":"https:\/\/brasilnoticias.org\/site\/wp-json\/wp\/v2\/categories?post=16022"},{"taxonomy":"post_tag","embeddable":true,"href":"https:\/\/brasilnoticias.org\/site\/wp-json\/wp\/v2\/tags?post=16022"}],"curies":[{"name":"wp","href":"https:\/\/api.w.org\/{rel}","templated":true}]}}