{"id":16045,"date":"2024-09-24T17:09:10","date_gmt":"2024-09-24T20:09:10","guid":{"rendered":"https:\/\/brasilnoticias.org\/site\/?p=16045"},"modified":"2024-09-24T17:09:10","modified_gmt":"2024-09-24T20:09:10","slug":"transalvador-inicia-credenciamento-de-veiculos-de-moradores-para-acesso-as-areas-do-carnaval-2025","status":"publish","type":"post","link":"https:\/\/brasilnoticias.org\/site\/transalvador-inicia-credenciamento-de-veiculos-de-moradores-para-acesso-as-areas-do-carnaval-2025\/","title":{"rendered":"Transalvador inicia credenciamento de ve\u00edculos de moradores para acesso \u00e0s \u00e1reas do Carnaval 2025"},"content":{"rendered":"<p>A Superintend\u00eancia de Tr\u00e2nsito de Salvador (Transalvador) inicia o cadastramento de ve\u00edculos para acesso \u00e0s zonas de restri\u00e7\u00e3o do Carnaval 2025. Para receber em casa as credenciais de ve\u00edculos emitidas gratuitamente, o procedimento deve ser feito at\u00e9 o dia 23 de novembro no site da autarquia municipal (http:\/\/transalvador.salvador.ba.gov.br), clicando no \u00edcone &#8220;Carnaval 2025&#8221;. Cada im\u00f3vel tem direito a registrar at\u00e9 dois ve\u00edculos.<\/p>\n<p>O procedimento est\u00e1 ainda mais simples para o morador que j\u00e1 fez o cadastro anteriormente. Neste caso, basta acessar o sistema com os mesmos login e senha. Em seguida, confirmar o ve\u00edculo que j\u00e1 foi cadastrado no ano passado, substitu\u00ed-lo ou incluir os dados de um novo autom\u00f3vel. O cidad\u00e3o que j\u00e1 tiver o cadastro pr\u00e9vio e n\u00e3o confirmar, substituir ou incluir um novo ve\u00edculo no site at\u00e9 a data-limite dever\u00e1 ir aos postos f\u00edsicos, que ser\u00e3o abertos em data e locais a serem divulgados, caso deseje uma nova credencial.<\/p>\n<p>A Transalvador j\u00e1 iniciou o envio de cartas para mais de 30 mil resid\u00eancias que ficam nas zonas de restri\u00e7\u00e3o informando sobre o procedimento para receber os adesivos e informando todo passo a passo para a realiza\u00e7\u00e3o do cadastro das placas. O cidad\u00e3o tamb\u00e9m poder\u00e1 acessar o site do \u00f3rg\u00e3o de tr\u00e2nsito para saber se sua resid\u00eancia est\u00e1 numa das \u00e1reas de restri\u00e7\u00e3o da festa.<\/p>\n<p>Cadastramento \u2013 Quem n\u00e3o tem cadastro no site pode fazer virtualmente um novo registro para receber os adesivos em casa tamb\u00e9m at\u00e9 o dia 23 de novembro. Para isso, o propriet\u00e1rio do im\u00f3vel ou o inquilino dever\u00e1 informar os n\u00fameros do IPTU, CPF\/CNPJ e o endere\u00e7o de e-mail. Cabe destacar que o n\u00famero do CPF informado dever\u00e1 ser o do propriet\u00e1rio do im\u00f3vel.<\/p>\n<p>Em seguida, o sistema enviar\u00e1 para o e-mail informado um c\u00f3digo de acesso. Ap\u00f3s isso, ao ingressar no sistema, poder\u00e1 ser informado o n\u00famero do Renavam e placa do ve\u00edculo a ser cadastrado.<\/p>\n<p>At\u00e9 o final do prazo todos poder\u00e3o efetuar mudan\u00e7as nas placas dos ve\u00edculos. Ap\u00f3s a data, o procedimento s\u00f3 poder\u00e1 ser realizado em um dos postos de atendimento, mediante a troca do adesivo e apresenta\u00e7\u00e3o do documento do novo ve\u00edculo (CRLV). O in\u00edcio do atendimento presencial e locais onde funcionar\u00e3o esses postos ser\u00e3o divulgados futuramente.<\/p>\n<p>Cadastro fora do prazo \u2013 As credenciais s\u00f3 ser\u00e3o entregues nas resid\u00eancias dos moradores que cadastraram as placas dos ve\u00edculos at\u00e9 23 de novembro no site da Transalvador. Quem perder o prazo, ter\u00e1 que retirar as credenciais nos postos de atendimento. Para agilizar a retirada nesses pontos, mesmo ap\u00f3s a data limite, o cidad\u00e3o poder\u00e1 fazer o cadastro das placas no site, mas dever\u00e1 ir nos balc\u00f5es para buscar as credenciais.<\/p>\n<p>Zonas de Restri\u00e7\u00e3o \u2013 Como em anos anteriores, o Carnaval de 2025 contar\u00e1 com cinco grandes \u00e1reas de restri\u00e7\u00e3o de circula\u00e7\u00e3o de ve\u00edculos. Essas regi\u00f5es ser\u00e3o subdivididas num total de 12 sub\u00e1reas. As credenciais s\u00e3o espec\u00edficas para cada um dos 12 locais. Os ve\u00edculos que n\u00e3o possu\u00edrem a devida libera\u00e7\u00e3o para circula\u00e7\u00e3o ou que acessarem outra subzona que n\u00e3o a de sua resid\u00eancia ser\u00e3o autuados.<\/p>\n<p>A multa para quem transitar em local e hor\u00e1rio n\u00e3o permitido pela regulamenta\u00e7\u00e3o \u00e9 de R$130,16. Essa \u00e9 uma infra\u00e7\u00e3o de natureza m\u00e9dia, prevista no artigo 187, inciso I, do C\u00f3digo de Tr\u00e2nsito Brasileiro (CTB). O infrator est\u00e1 sujeito ainda a 4 pontos na CNH.<\/p>\n<p>Jefferson Peixoto\/Secom PMS <\/p>\n","protected":false},"excerpt":{"rendered":"<p>A Superintend\u00eancia de Tr\u00e2nsito de Salvador (Transalvador) inicia o cadastramento de ve\u00edculos para acesso \u00e0s zonas de restri\u00e7\u00e3o do Carnaval<\/p>\n","protected":false},"author":4,"featured_media":16046,"comment_status":"open","ping_status":"open","sticky":false,"template":"","format":"standard","meta":{"colormag_page_container_layout":"default_layout","colormag_page_sidebar_layout":"default_layout","_FSMCFIC_featured_image_caption":"","_FSMCFIC_featured_image_nocaption":"","_FSMCFIC_featured_image_hide":"","footnotes":""},"categories":[2,1],"tags":[],"class_list":["post-16045","post","type-post","status-publish","format-standard","has-post-thumbnail","hentry","category-noticias","category-ultimas"],"yoast_head":"<!-- This site is optimized with the Yoast SEO plugin v27.1.1 - https:\/\/yoast.com\/product\/yoast-seo-wordpress\/ -->\n<title>Transalvador inicia credenciamento de ve\u00edculos de moradores para acesso \u00e0s \u00e1reas do Carnaval 2025 - Brasil not\u00edcias<\/title>\n<meta name=\"robots\" content=\"index, follow, max-snippet:-1, max-image-preview:large, max-video-preview:-1\" \/>\n<link rel=\"canonical\" href=\"https:\/\/brasilnoticias.org\/site\/transalvador-inicia-credenciamento-de-veiculos-de-moradores-para-acesso-as-areas-do-carnaval-2025\/\" \/>\n<meta property=\"og:locale\" content=\"pt_PT\" \/>\n<meta property=\"og:type\" content=\"article\" \/>\n<meta property=\"og:title\" content=\"Transalvador inicia credenciamento de ve\u00edculos de moradores para acesso \u00e0s \u00e1reas do Carnaval 2025 - Brasil not\u00edcias\" \/>\n<meta property=\"og:description\" content=\"A Superintend\u00eancia de Tr\u00e2nsito de Salvador (Transalvador) inicia o cadastramento de ve\u00edculos para acesso \u00e0s zonas de restri\u00e7\u00e3o do Carnaval\" \/>\n<meta property=\"og:url\" content=\"https:\/\/brasilnoticias.org\/site\/transalvador-inicia-credenciamento-de-veiculos-de-moradores-para-acesso-as-areas-do-carnaval-2025\/\" \/>\n<meta property=\"og:site_name\" content=\"Brasil not\u00edcias\" \/>\n<meta property=\"article:published_time\" content=\"2024-09-24T20:09:10+00:00\" \/>\n<meta property=\"og:image\" content=\"https:\/\/brasilnoticias.org\/site\/wp-content\/uploads\/2024\/09\/IMAGEM_NOTICIA_0-1-9.jpg\" \/>\n\t<meta property=\"og:image:width\" content=\"850\" \/>\n\t<meta property=\"og:image:height\" content=\"400\" \/>\n\t<meta property=\"og:image:type\" content=\"image\/jpeg\" \/>\n<meta name=\"author\" content=\"Reda\u00e7\u00e3o\" \/>\n<meta name=\"twitter:card\" content=\"summary_large_image\" \/>\n<meta name=\"twitter:label1\" content=\"Escrito por\" \/>\n\t<meta name=\"twitter:data1\" content=\"Reda\u00e7\u00e3o\" \/>\n\t<meta name=\"twitter:label2\" content=\"Tempo estimado de leitura\" \/>\n\t<meta name=\"twitter:data2\" content=\"1 minuto\" \/>\n<script type=\"application\/ld+json\" class=\"yoast-schema-graph\">{\"@context\":\"https:\/\/schema.org\",\"@graph\":[{\"@type\":\"Article\",\"@id\":\"https:\/\/brasilnoticias.org\/site\/transalvador-inicia-credenciamento-de-veiculos-de-moradores-para-acesso-as-areas-do-carnaval-2025\/#article\",\"isPartOf\":{\"@id\":\"https:\/\/brasilnoticias.org\/site\/transalvador-inicia-credenciamento-de-veiculos-de-moradores-para-acesso-as-areas-do-carnaval-2025\/\"},\"author\":{\"name\":\"Reda\u00e7\u00e3o\",\"@id\":\"https:\/\/brasilnoticias.org\/site\/#\/schema\/person\/03bbbfe6c7634ad18c26444ea39049fa\"},\"headline\":\"Transalvador inicia credenciamento de ve\u00edculos de moradores para acesso \u00e0s \u00e1reas do Carnaval 2025\",\"datePublished\":\"2024-09-24T20:09:10+00:00\",\"mainEntityOfPage\":{\"@id\":\"https:\/\/brasilnoticias.org\/site\/transalvador-inicia-credenciamento-de-veiculos-de-moradores-para-acesso-as-areas-do-carnaval-2025\/\"},\"wordCount\":634,\"commentCount\":0,\"publisher\":{\"@id\":\"https:\/\/brasilnoticias.org\/site\/#organization\"},\"image\":{\"@id\":\"https:\/\/brasilnoticias.org\/site\/transalvador-inicia-credenciamento-de-veiculos-de-moradores-para-acesso-as-areas-do-carnaval-2025\/#primaryimage\"},\"thumbnailUrl\":\"https:\/\/brasilnoticias.org\/site\/wp-content\/uploads\/2024\/09\/IMAGEM_NOTICIA_0-1-9.jpg\",\"articleSection\":[\"Not\u00edcias\",\"\u00daltimas\"],\"inLanguage\":\"pt-PT\",\"potentialAction\":[{\"@type\":\"CommentAction\",\"name\":\"Comment\",\"target\":[\"https:\/\/brasilnoticias.org\/site\/transalvador-inicia-credenciamento-de-veiculos-de-moradores-para-acesso-as-areas-do-carnaval-2025\/#respond\"]}]},{\"@type\":\"WebPage\",\"@id\":\"https:\/\/brasilnoticias.org\/site\/transalvador-inicia-credenciamento-de-veiculos-de-moradores-para-acesso-as-areas-do-carnaval-2025\/\",\"url\":\"https:\/\/brasilnoticias.org\/site\/transalvador-inicia-credenciamento-de-veiculos-de-moradores-para-acesso-as-areas-do-carnaval-2025\/\",\"name\":\"Transalvador inicia credenciamento de ve\u00edculos de moradores para acesso \u00e0s \u00e1reas do Carnaval 2025 - Brasil not\u00edcias\",\"isPartOf\":{\"@id\":\"https:\/\/brasilnoticias.org\/site\/#website\"},\"primaryImageOfPage\":{\"@id\":\"https:\/\/brasilnoticias.org\/site\/transalvador-inicia-credenciamento-de-veiculos-de-moradores-para-acesso-as-areas-do-carnaval-2025\/#primaryimage\"},\"image\":{\"@id\":\"https:\/\/brasilnoticias.org\/site\/transalvador-inicia-credenciamento-de-veiculos-de-moradores-para-acesso-as-areas-do-carnaval-2025\/#primaryimage\"},\"thumbnailUrl\":\"https:\/\/brasilnoticias.org\/site\/wp-content\/uploads\/2024\/09\/IMAGEM_NOTICIA_0-1-9.jpg\",\"datePublished\":\"2024-09-24T20:09:10+00:00\",\"breadcrumb\":{\"@id\":\"https:\/\/brasilnoticias.org\/site\/transalvador-inicia-credenciamento-de-veiculos-de-moradores-para-acesso-as-areas-do-carnaval-2025\/#breadcrumb\"},\"inLanguage\":\"pt-PT\",\"potentialAction\":[{\"@type\":\"ReadAction\",\"target\":[\"https:\/\/brasilnoticias.org\/site\/transalvador-inicia-credenciamento-de-veiculos-de-moradores-para-acesso-as-areas-do-carnaval-2025\/\"]}]},{\"@type\":\"ImageObject\",\"inLanguage\":\"pt-PT\",\"@id\":\"https:\/\/brasilnoticias.org\/site\/transalvador-inicia-credenciamento-de-veiculos-de-moradores-para-acesso-as-areas-do-carnaval-2025\/#primaryimage\",\"url\":\"https:\/\/brasilnoticias.org\/site\/wp-content\/uploads\/2024\/09\/IMAGEM_NOTICIA_0-1-9.jpg\",\"contentUrl\":\"https:\/\/brasilnoticias.org\/site\/wp-content\/uploads\/2024\/09\/IMAGEM_NOTICIA_0-1-9.jpg\",\"width\":850,\"height\":400},{\"@type\":\"BreadcrumbList\",\"@id\":\"https:\/\/brasilnoticias.org\/site\/transalvador-inicia-credenciamento-de-veiculos-de-moradores-para-acesso-as-areas-do-carnaval-2025\/#breadcrumb\",\"itemListElement\":[{\"@type\":\"ListItem\",\"position\":1,\"name\":\"In\u00edcio\",\"item\":\"https:\/\/brasilnoticias.org\/site\/\"},{\"@type\":\"ListItem\",\"position\":2,\"name\":\"Transalvador inicia credenciamento de ve\u00edculos de moradores para acesso \u00e0s \u00e1reas do Carnaval 2025\"}]},{\"@type\":\"WebSite\",\"@id\":\"https:\/\/brasilnoticias.org\/site\/#website\",\"url\":\"https:\/\/brasilnoticias.org\/site\/\",\"name\":\"Brasil not\u00edcias\",\"description\":\"Brasil not\u00edcias\",\"publisher\":{\"@id\":\"https:\/\/brasilnoticias.org\/site\/#organization\"},\"potentialAction\":[{\"@type\":\"SearchAction\",\"target\":{\"@type\":\"EntryPoint\",\"urlTemplate\":\"https:\/\/brasilnoticias.org\/site\/?s={search_term_string}\"},\"query-input\":{\"@type\":\"PropertyValueSpecification\",\"valueRequired\":true,\"valueName\":\"search_term_string\"}}],\"inLanguage\":\"pt-PT\"},{\"@type\":\"Organization\",\"@id\":\"https:\/\/brasilnoticias.org\/site\/#organization\",\"name\":\"Brasil not\u00edcias\",\"url\":\"https:\/\/brasilnoticias.org\/site\/\",\"logo\":{\"@type\":\"ImageObject\",\"inLanguage\":\"pt-PT\",\"@id\":\"https:\/\/brasilnoticias.org\/site\/#\/schema\/logo\/image\/\",\"url\":\"https:\/\/brasilnoticias.org\/site\/wp-content\/uploads\/2022\/05\/cropped-brasilnoticias-mini.jpg\",\"contentUrl\":\"https:\/\/brasilnoticias.org\/site\/wp-content\/uploads\/2022\/05\/cropped-brasilnoticias-mini.jpg\",\"width\":314,\"height\":86,\"caption\":\"Brasil not\u00edcias\"},\"image\":{\"@id\":\"https:\/\/brasilnoticias.org\/site\/#\/schema\/logo\/image\/\"}},{\"@type\":\"Person\",\"@id\":\"https:\/\/brasilnoticias.org\/site\/#\/schema\/person\/03bbbfe6c7634ad18c26444ea39049fa\",\"name\":\"Reda\u00e7\u00e3o\",\"image\":{\"@type\":\"ImageObject\",\"inLanguage\":\"pt-PT\",\"@id\":\"https:\/\/brasilnoticias.org\/site\/#\/schema\/person\/image\/\",\"url\":\"https:\/\/secure.gravatar.com\/avatar\/9ecaf7327a696cb23ad926fedded5f1f04d7049de9e445375d55b48c001a6e42?s=96&d=mm&r=g\",\"contentUrl\":\"https:\/\/secure.gravatar.com\/avatar\/9ecaf7327a696cb23ad926fedded5f1f04d7049de9e445375d55b48c001a6e42?s=96&d=mm&r=g\",\"caption\":\"Reda\u00e7\u00e3o\"},\"url\":\"https:\/\/brasilnoticias.org\/site\/author\/henrique\/\"}]}<\/script>\n<!-- \/ Yoast SEO plugin. -->","yoast_head_json":{"title":"Transalvador inicia credenciamento de ve\u00edculos de moradores para acesso \u00e0s \u00e1reas do Carnaval 2025 - Brasil not\u00edcias","robots":{"index":"index","follow":"follow","max-snippet":"max-snippet:-1","max-image-preview":"max-image-preview:large","max-video-preview":"max-video-preview:-1"},"canonical":"https:\/\/brasilnoticias.org\/site\/transalvador-inicia-credenciamento-de-veiculos-de-moradores-para-acesso-as-areas-do-carnaval-2025\/","og_locale":"pt_PT","og_type":"article","og_title":"Transalvador inicia credenciamento de ve\u00edculos de moradores para acesso \u00e0s \u00e1reas do Carnaval 2025 - Brasil not\u00edcias","og_description":"A Superintend\u00eancia de Tr\u00e2nsito de Salvador (Transalvador) inicia o cadastramento de ve\u00edculos para acesso \u00e0s zonas de restri\u00e7\u00e3o do Carnaval","og_url":"https:\/\/brasilnoticias.org\/site\/transalvador-inicia-credenciamento-de-veiculos-de-moradores-para-acesso-as-areas-do-carnaval-2025\/","og_site_name":"Brasil not\u00edcias","article_published_time":"2024-09-24T20:09:10+00:00","og_image":[{"width":850,"height":400,"url":"https:\/\/brasilnoticias.org\/site\/wp-content\/uploads\/2024\/09\/IMAGEM_NOTICIA_0-1-9.jpg","type":"image\/jpeg"}],"author":"Reda\u00e7\u00e3o","twitter_card":"summary_large_image","twitter_misc":{"Escrito por":"Reda\u00e7\u00e3o","Tempo estimado de leitura":"1 minuto"},"schema":{"@context":"https:\/\/schema.org","@graph":[{"@type":"Article","@id":"https:\/\/brasilnoticias.org\/site\/transalvador-inicia-credenciamento-de-veiculos-de-moradores-para-acesso-as-areas-do-carnaval-2025\/#article","isPartOf":{"@id":"https:\/\/brasilnoticias.org\/site\/transalvador-inicia-credenciamento-de-veiculos-de-moradores-para-acesso-as-areas-do-carnaval-2025\/"},"author":{"name":"Reda\u00e7\u00e3o","@id":"https:\/\/brasilnoticias.org\/site\/#\/schema\/person\/03bbbfe6c7634ad18c26444ea39049fa"},"headline":"Transalvador inicia credenciamento de ve\u00edculos de moradores para acesso \u00e0s \u00e1reas do Carnaval 2025","datePublished":"2024-09-24T20:09:10+00:00","mainEntityOfPage":{"@id":"https:\/\/brasilnoticias.org\/site\/transalvador-inicia-credenciamento-de-veiculos-de-moradores-para-acesso-as-areas-do-carnaval-2025\/"},"wordCount":634,"commentCount":0,"publisher":{"@id":"https:\/\/brasilnoticias.org\/site\/#organization"},"image":{"@id":"https:\/\/brasilnoticias.org\/site\/transalvador-inicia-credenciamento-de-veiculos-de-moradores-para-acesso-as-areas-do-carnaval-2025\/#primaryimage"},"thumbnailUrl":"https:\/\/brasilnoticias.org\/site\/wp-content\/uploads\/2024\/09\/IMAGEM_NOTICIA_0-1-9.jpg","articleSection":["Not\u00edcias","\u00daltimas"],"inLanguage":"pt-PT","potentialAction":[{"@type":"CommentAction","name":"Comment","target":["https:\/\/brasilnoticias.org\/site\/transalvador-inicia-credenciamento-de-veiculos-de-moradores-para-acesso-as-areas-do-carnaval-2025\/#respond"]}]},{"@type":"WebPage","@id":"https:\/\/brasilnoticias.org\/site\/transalvador-inicia-credenciamento-de-veiculos-de-moradores-para-acesso-as-areas-do-carnaval-2025\/","url":"https:\/\/brasilnoticias.org\/site\/transalvador-inicia-credenciamento-de-veiculos-de-moradores-para-acesso-as-areas-do-carnaval-2025\/","name":"Transalvador inicia credenciamento de ve\u00edculos de moradores para acesso \u00e0s \u00e1reas do Carnaval 2025 - Brasil not\u00edcias","isPartOf":{"@id":"https:\/\/brasilnoticias.org\/site\/#website"},"primaryImageOfPage":{"@id":"https:\/\/brasilnoticias.org\/site\/transalvador-inicia-credenciamento-de-veiculos-de-moradores-para-acesso-as-areas-do-carnaval-2025\/#primaryimage"},"image":{"@id":"https:\/\/brasilnoticias.org\/site\/transalvador-inicia-credenciamento-de-veiculos-de-moradores-para-acesso-as-areas-do-carnaval-2025\/#primaryimage"},"thumbnailUrl":"https:\/\/brasilnoticias.org\/site\/wp-content\/uploads\/2024\/09\/IMAGEM_NOTICIA_0-1-9.jpg","datePublished":"2024-09-24T20:09:10+00:00","breadcrumb":{"@id":"https:\/\/brasilnoticias.org\/site\/transalvador-inicia-credenciamento-de-veiculos-de-moradores-para-acesso-as-areas-do-carnaval-2025\/#breadcrumb"},"inLanguage":"pt-PT","potentialAction":[{"@type":"ReadAction","target":["https:\/\/brasilnoticias.org\/site\/transalvador-inicia-credenciamento-de-veiculos-de-moradores-para-acesso-as-areas-do-carnaval-2025\/"]}]},{"@type":"ImageObject","inLanguage":"pt-PT","@id":"https:\/\/brasilnoticias.org\/site\/transalvador-inicia-credenciamento-de-veiculos-de-moradores-para-acesso-as-areas-do-carnaval-2025\/#primaryimage","url":"https:\/\/brasilnoticias.org\/site\/wp-content\/uploads\/2024\/09\/IMAGEM_NOTICIA_0-1-9.jpg","contentUrl":"https:\/\/brasilnoticias.org\/site\/wp-content\/uploads\/2024\/09\/IMAGEM_NOTICIA_0-1-9.jpg","width":850,"height":400},{"@type":"BreadcrumbList","@id":"https:\/\/brasilnoticias.org\/site\/transalvador-inicia-credenciamento-de-veiculos-de-moradores-para-acesso-as-areas-do-carnaval-2025\/#breadcrumb","itemListElement":[{"@type":"ListItem","position":1,"name":"In\u00edcio","item":"https:\/\/brasilnoticias.org\/site\/"},{"@type":"ListItem","position":2,"name":"Transalvador inicia credenciamento de ve\u00edculos de moradores para acesso \u00e0s \u00e1reas do Carnaval 2025"}]},{"@type":"WebSite","@id":"https:\/\/brasilnoticias.org\/site\/#website","url":"https:\/\/brasilnoticias.org\/site\/","name":"Brasil not\u00edcias","description":"Brasil not\u00edcias","publisher":{"@id":"https:\/\/brasilnoticias.org\/site\/#organization"},"potentialAction":[{"@type":"SearchAction","target":{"@type":"EntryPoint","urlTemplate":"https:\/\/brasilnoticias.org\/site\/?s={search_term_string}"},"query-input":{"@type":"PropertyValueSpecification","valueRequired":true,"valueName":"search_term_string"}}],"inLanguage":"pt-PT"},{"@type":"Organization","@id":"https:\/\/brasilnoticias.org\/site\/#organization","name":"Brasil not\u00edcias","url":"https:\/\/brasilnoticias.org\/site\/","logo":{"@type":"ImageObject","inLanguage":"pt-PT","@id":"https:\/\/brasilnoticias.org\/site\/#\/schema\/logo\/image\/","url":"https:\/\/brasilnoticias.org\/site\/wp-content\/uploads\/2022\/05\/cropped-brasilnoticias-mini.jpg","contentUrl":"https:\/\/brasilnoticias.org\/site\/wp-content\/uploads\/2022\/05\/cropped-brasilnoticias-mini.jpg","width":314,"height":86,"caption":"Brasil not\u00edcias"},"image":{"@id":"https:\/\/brasilnoticias.org\/site\/#\/schema\/logo\/image\/"}},{"@type":"Person","@id":"https:\/\/brasilnoticias.org\/site\/#\/schema\/person\/03bbbfe6c7634ad18c26444ea39049fa","name":"Reda\u00e7\u00e3o","image":{"@type":"ImageObject","inLanguage":"pt-PT","@id":"https:\/\/brasilnoticias.org\/site\/#\/schema\/person\/image\/","url":"https:\/\/secure.gravatar.com\/avatar\/9ecaf7327a696cb23ad926fedded5f1f04d7049de9e445375d55b48c001a6e42?s=96&d=mm&r=g","contentUrl":"https:\/\/secure.gravatar.com\/avatar\/9ecaf7327a696cb23ad926fedded5f1f04d7049de9e445375d55b48c001a6e42?s=96&d=mm&r=g","caption":"Reda\u00e7\u00e3o"},"url":"https:\/\/brasilnoticias.org\/site\/author\/henrique\/"}]}},"_links":{"self":[{"href":"https:\/\/brasilnoticias.org\/site\/wp-json\/wp\/v2\/posts\/16045","targetHints":{"allow":["GET"]}}],"collection":[{"href":"https:\/\/brasilnoticias.org\/site\/wp-json\/wp\/v2\/posts"}],"about":[{"href":"https:\/\/brasilnoticias.org\/site\/wp-json\/wp\/v2\/types\/post"}],"author":[{"embeddable":true,"href":"https:\/\/brasilnoticias.org\/site\/wp-json\/wp\/v2\/users\/4"}],"replies":[{"embeddable":true,"href":"https:\/\/brasilnoticias.org\/site\/wp-json\/wp\/v2\/comments?post=16045"}],"version-history":[{"count":1,"href":"https:\/\/brasilnoticias.org\/site\/wp-json\/wp\/v2\/posts\/16045\/revisions"}],"predecessor-version":[{"id":16047,"href":"https:\/\/brasilnoticias.org\/site\/wp-json\/wp\/v2\/posts\/16045\/revisions\/16047"}],"wp:featuredmedia":[{"embeddable":true,"href":"https:\/\/brasilnoticias.org\/site\/wp-json\/wp\/v2\/media\/16046"}],"wp:attachment":[{"href":"https:\/\/brasilnoticias.org\/site\/wp-json\/wp\/v2\/media?parent=16045"}],"wp:term":[{"taxonomy":"category","embeddable":true,"href":"https:\/\/brasilnoticias.org\/site\/wp-json\/wp\/v2\/categories?post=16045"},{"taxonomy":"post_tag","embeddable":true,"href":"https:\/\/brasilnoticias.org\/site\/wp-json\/wp\/v2\/tags?post=16045"}],"curies":[{"name":"wp","href":"https:\/\/api.w.org\/{rel}","templated":true}]}}